{"id":2025,"date":"2024-09-11T15:47:24","date_gmt":"2024-09-11T10:47:24","guid":{"rendered":"https:\/\/pulso27.com\/?p=2025"},"modified":"2024-09-11T15:55:00","modified_gmt":"2024-09-11T10:55:00","slug":"directorio-cuestionado-de-petroperu-renuncia-tras-presion-popular","status":"publish","type":"post","link":"https:\/\/pulso27.com\/en\/nacional\/directorio-cuestionado-de-petroperu-renuncia-tras-presion-popular\/","title":{"rendered":"Directorio cuestionado de Petroper\u00fa renuncia tras presi\u00f3n popular"},"content":{"rendered":"<p>El Directorio de Petroper\u00fa, designado por la Junta General de Accionistas (JGA), present\u00f3 su renuncia colectiva debido a la falta de pronunciamiento del Gobierno frente a la supuesta crisis financiera que atraviesa la empresa. La renuncia, de car\u00e1cter un\u00e1nime, se produce en un contexto de creciente presi\u00f3n popular, que rechaza cualquier indicio de privatizaci\u00f3n de la estatal petrolera.<\/p>\n\n\n\n<p>Mediante un comunicado, los miembros del Directorio se\u00f1alaron que, desde el inicio de su gesti\u00f3n, advirtieron al Gobierno sobre la insostenibilidad financiera de Petroper\u00fa y la necesidad de tomar decisiones estrat\u00e9gicas para el futuro de la empresa. Sin embargo, tras varios d\u00edas sin respuestas oficiales, concluyeron que \u00aben las condiciones actuales, resulta inviable continuar con el encargo recibido\u00bb.<\/p>\n\n\n\n<figure class=\"wp-block-image size-large\"><img loading=\"lazy\" decoding=\"async\" width=\"1024\" height=\"803\" src=\"https:\/\/pulso27.com\/wp-content\/uploads\/2024\/09\/PetroperuRe-1024x803.jpg\" alt=\"\" class=\"wp-image-2028\" srcset=\"https:\/\/pulso27.com\/wp-content\/uploads\/2024\/09\/PetroperuRe-1024x803.jpg 1024w, https:\/\/pulso27.com\/wp-content\/uploads\/2024\/09\/PetroperuRe-300x235.jpg 300w, https:\/\/pulso27.com\/wp-content\/uploads\/2024\/09\/PetroperuRe-768x603.jpg 768w, https:\/\/pulso27.com\/wp-content\/uploads\/2024\/09\/PetroperuRe-15x12.jpg 15w, https:\/\/pulso27.com\/wp-content\/uploads\/2024\/09\/PetroperuRe.jpg 1170w\" sizes=\"auto, (max-width: 1024px) 100vw, 1024px\" \/><figcaption class=\"wp-element-caption\"><em>Renuncia del directorio saliente de Petroper\u00fa<\/em><\/figcaption><\/figure>\n\n\n\n<p><strong>Crisis y propuestas para el futuro de Petroper\u00fa<\/strong><\/p>\n\n\n\n<p>En las \u00faltimas semanas, la situaci\u00f3n de Petroper\u00fa ha sido tema central en la agenda pol\u00edtica y econ\u00f3mica del pa\u00eds. El Gobierno de Dina Boluarte ha descartado la privatizaci\u00f3n de la empresa, reafirmando su rol como entidad estrat\u00e9gica que abastece de combustible a regiones alejadas del Per\u00fa. Boluarte expres\u00f3 su intenci\u00f3n de conformar un nuevo Directorio, integrado por funcionarios con \u00abvisi\u00f3n diferente\u00bb y comprometidos con el desarrollo nacional.<\/p>\n\n\n\n<p>Por su parte, Pedro Gamio, representante del Directorio renunciante, como es obvio advirti\u00f3 sobre la gravedad de la situaci\u00f3n de Petroper\u00fa, calific\u00e1ndola como \u00abun paciente en cuidados intensivos\u00bb. Gamio insisti\u00f3 en la urgencia de una reestructuraci\u00f3n que contemple una \u00abhoja de ruta transparente\u00bb para sincerar las finanzas y coordinar un plan de recuperaci\u00f3n sostenible.<\/p>\n\n\n\n<p><strong>Posturas divididas entre el Congreso y los gremios empresariales<\/strong><\/p>\n\n\n\n<p>Las reacciones a la renuncia del Directorio no se hicieron esperar. Alejandro Aguinaga, congresista del partido ultraderechista Fuerza Popular, calific\u00f3 a Petroper\u00fa como un \u00abbarril sin fondo\u00bb, sugiriendo que se eval\u00fae una concesi\u00f3n para detener la creciente deuda de la empresa estatal.<\/p>\n\n\n\n<p>En contraste, la congresista izquierdista Margot Palacios Huam\u00e1n critic\u00f3 la gesti\u00f3n del Directorio renunciante, acus\u00e1ndolos de tener intenciones privatizadoras y apoyando la renovaci\u00f3n de la c\u00fapula directiva con profesionales honestos y patriotas. \u201cDebe cerrarse ya el per\u00edodo de funcionarios neoliberales infiltrados en la administraci\u00f3n p\u00fablica saqueando los bienes del Estado. Necesitamos profesionales decentes, honrados y patriotas para reemplazar al Directorio de Petroper\u00fa que hace bien en irse y cuyo prop\u00f3sito no era otro que rematarla, una empresa estrat\u00e9gica para la soberan\u00eda del pa\u00eds\u201d, enfatiz\u00f3 la parlamentaria Margot Palacios, en un escueto comunicado en sus redes.<\/p>\n\n\n\n<figure class=\"wp-block-image size-large\"><img loading=\"lazy\" decoding=\"async\" width=\"1024\" height=\"683\" src=\"https:\/\/pulso27.com\/wp-content\/uploads\/2024\/09\/Margott-1024x683.jpg\" alt=\"\" class=\"wp-image-2027\" srcset=\"https:\/\/pulso27.com\/wp-content\/uploads\/2024\/09\/Margott-1024x683.jpg 1024w, https:\/\/pulso27.com\/wp-content\/uploads\/2024\/09\/Margott-300x200.jpg 300w, https:\/\/pulso27.com\/wp-content\/uploads\/2024\/09\/Margott-768x512.jpg 768w, https:\/\/pulso27.com\/wp-content\/uploads\/2024\/09\/Margott-1536x1025.jpg 1536w, https:\/\/pulso27.com\/wp-content\/uploads\/2024\/09\/Margott-18x12.jpg 18w, https:\/\/pulso27.com\/wp-content\/uploads\/2024\/09\/Margott.jpg 2048w\" sizes=\"auto, (max-width: 1024px) 100vw, 1024px\" \/><figcaption class=\"wp-element-caption\"><em>Congresista Margot Palacios Huam\u00e1n se pronunci\u00f3 a favor de Petroper\u00fa<\/em><\/figcaption><\/figure>\n\n\n\n<p>Los gremios empresariales que estuvieron de acuerdo con la intentona privatizadora, por su parte, expresaron su preocupaci\u00f3n por la inestabilidad de Petroper\u00fa. La C\u00e1mara de Comercio de Lima (CCL) y la Asociaci\u00f3n Automotriz del Per\u00fa (AAP) lamentaron la renuncia del Directorio, atribuy\u00e9ndola a la inacci\u00f3n del Gobierno. Ambos gremios coinciden en la necesidad de nombrar directivos t\u00e9cnicamente capacitados, sin sesgos pol\u00edticos, para enfrentar la dif\u00edcil situaci\u00f3n de la empresa.<\/p>\n\n\n\n<p><strong>Encrucijada estrat\u00e9gica<\/strong><\/p>\n\n\n\n<p>La renuncia del Directorio coloca de la empresa estatal Petroper\u00fa en un momento de alta incertidumbre, mientras se espera una respuesta clara del Gobierno sobre los pasos a seguir. La empresa, un pilar en el sector energ\u00e9tico del Per\u00fa, requiere medidas urgentes para asegurar su sostenibilidad financiera y operativa, sin comprometer su car\u00e1cter estatal.<\/p>\n\n\n\n<p>El futuro de Petroper\u00fa, clave para el desarrollo econ\u00f3mico del pa\u00eds, sigue siendo incierto, mientras gremios, sectores pol\u00edticos y la poblaci\u00f3n esperan con ansiedad las decisiones que tomen las autoridades en los pr\u00f3ximos d\u00edas. Pero en lo que todos los peruanos, la gran mayor\u00eda de patriotas, est\u00e1n de acuerdo es que se debe conservar la empresa estatal y fomentar su despegue para asegurar la soberan\u00eda energ\u00e9tica.<\/p>","protected":false},"excerpt":{"rendered":"<p>El Directorio de Petroper\u00fa, designado por la Junta General de Accionistas (JGA), present\u00f3 su renuncia colectiva debido a la falta de pronunciamiento del Gobierno frente a la supuesta crisis financiera que atraviesa la empresa. La renuncia, de car\u00e1cter un\u00e1nime, se produce en un contexto de creciente presi\u00f3n popular, que rechaza cualquier indicio de privatizaci\u00f3n de [&hellip;]<\/p>\n","protected":false},"author":7,"featured_media":2026,"comment_status":"open","ping_status":"open","sticky":false,"template":"","format":"standard","meta":{"footnotes":""},"categories":[177,174,180],"tags":[801,709,629,800],"class_list":["post-2025","post","type-post","status-publish","format-standard","has-post-thumbnail","hentry","category-economia","category-nacional","category-politica","tag-directorio","tag-petroperu","tag-renuncia","tag-soberaniaenergetica"],"yoast_head":"<!-- This site is optimized with the Yoast SEO plugin v27.4 - https:\/\/yoast.com\/product\/yoast-seo-wordpress\/ -->\n<title>Directorio cuestionado de Petroper\u00fa renuncia tras presi\u00f3n popular - Pulso27<\/title>\n<meta name=\"robots\" content=\"index, follow, max-snippet:-1, max-image-preview:large, max-video-preview:-1\" \/>\n<link rel=\"canonical\" href=\"https:\/\/pulso27.com\/en\/nacional\/directorio-cuestionado-de-petroperu-renuncia-tras-presion-popular\/\" \/>\n<meta property=\"og:locale\" content=\"en_US\" \/>\n<meta property=\"og:type\" content=\"article\" \/>\n<meta property=\"og:title\" content=\"Directorio cuestionado de Petroper\u00fa renuncia tras presi\u00f3n popular - Pulso27\" \/>\n<meta property=\"og:description\" content=\"El Directorio de Petroper\u00fa, designado por la Junta General de Accionistas (JGA), present\u00f3 su renuncia colectiva debido a la falta de pronunciamiento del Gobierno frente a la supuesta crisis financiera que atraviesa la empresa. La renuncia, de car\u00e1cter un\u00e1nime, se produce en un contexto de creciente presi\u00f3n popular, que rechaza cualquier indicio de privatizaci\u00f3n de [&hellip;]\" \/>\n<meta property=\"og:url\" content=\"https:\/\/pulso27.com\/en\/nacional\/directorio-cuestionado-de-petroperu-renuncia-tras-presion-popular\/\" \/>\n<meta property=\"og:site_name\" content=\"Pulso27\" \/>\n<meta property=\"article:publisher\" content=\"https:\/\/www.facebook.com\/pulso27\/\" \/>\n<meta property=\"article:published_time\" content=\"2024-09-11T10:47:24+00:00\" \/>\n<meta property=\"article:modified_time\" content=\"2024-09-11T10:55:00+00:00\" \/>\n<meta property=\"og:image\" content=\"https:\/\/pulso27.com\/wp-content\/uploads\/2024\/09\/Petrolear.png\" \/>\n\t<meta property=\"og:image:width\" content=\"1200\" \/>\n\t<meta property=\"og:image:height\" content=\"800\" \/>\n\t<meta property=\"og:image:type\" content=\"image\/png\" \/>\n<meta name=\"author\" content=\"Tupaq\" \/>\n<meta name=\"twitter:card\" content=\"summary_large_image\" \/>\n<meta name=\"twitter:creator\" content=\"@Pulso_27\" \/>\n<meta name=\"twitter:site\" content=\"@Pulso_27\" \/>\n<meta name=\"twitter:label1\" content=\"Written by\" \/>\n\t<meta name=\"twitter:data1\" content=\"Tupaq\" \/>\n\t<meta name=\"twitter:label2\" content=\"Est. reading time\" \/>\n\t<meta name=\"twitter:data2\" content=\"3 minutes\" \/>\n<script type=\"application\/ld+json\" class=\"yoast-schema-graph\">{\"@context\":\"https:\\\/\\\/schema.org\",\"@graph\":[{\"@type\":\"Article\",\"@id\":\"https:\\\/\\\/pulso27.com\\\/nacional\\\/directorio-cuestionado-de-petroperu-renuncia-tras-presion-popular\\\/#article\",\"isPartOf\":{\"@id\":\"https:\\\/\\\/pulso27.com\\\/nacional\\\/directorio-cuestionado-de-petroperu-renuncia-tras-presion-popular\\\/\"},\"author\":{\"name\":\"Tupaq\",\"@id\":\"https:\\\/\\\/pulso27.com\\\/en\\\/#\\\/schema\\\/person\\\/d20fd7f5bc7f2e53fd150d43fca07a78\"},\"headline\":\"Directorio cuestionado de Petroper\u00fa renuncia tras presi\u00f3n popular\",\"datePublished\":\"2024-09-11T10:47:24+00:00\",\"dateModified\":\"2024-09-11T10:55:00+00:00\",\"mainEntityOfPage\":{\"@id\":\"https:\\\/\\\/pulso27.com\\\/nacional\\\/directorio-cuestionado-de-petroperu-renuncia-tras-presion-popular\\\/\"},\"wordCount\":665,\"commentCount\":0,\"publisher\":{\"@id\":\"https:\\\/\\\/pulso27.com\\\/en\\\/#organization\"},\"image\":{\"@id\":\"https:\\\/\\\/pulso27.com\\\/nacional\\\/directorio-cuestionado-de-petroperu-renuncia-tras-presion-popular\\\/#primaryimage\"},\"thumbnailUrl\":\"https:\\\/\\\/pulso27.com\\\/wp-content\\\/uploads\\\/2024\\\/09\\\/Petrolear.png\",\"keywords\":[\"Directorio\",\"Petroper\u00fa\",\"Renuncia\",\"Soberan\u00edaEnerg\u00e9tica\"],\"articleSection\":[\"Econom\u00eda\",\"Nacional\",\"Pol\u00edtica\"],\"inLanguage\":\"en-US\",\"potentialAction\":[{\"@type\":\"CommentAction\",\"name\":\"Comment\",\"target\":[\"https:\\\/\\\/pulso27.com\\\/nacional\\\/directorio-cuestionado-de-petroperu-renuncia-tras-presion-popular\\\/#respond\"]}]},{\"@type\":\"WebPage\",\"@id\":\"https:\\\/\\\/pulso27.com\\\/nacional\\\/directorio-cuestionado-de-petroperu-renuncia-tras-presion-popular\\\/\",\"url\":\"https:\\\/\\\/pulso27.com\\\/nacional\\\/directorio-cuestionado-de-petroperu-renuncia-tras-presion-popular\\\/\",\"name\":\"Directorio cuestionado de Petroper\u00fa renuncia tras presi\u00f3n popular - Pulso27\",\"isPartOf\":{\"@id\":\"https:\\\/\\\/pulso27.com\\\/en\\\/#website\"},\"primaryImageOfPage\":{\"@id\":\"https:\\\/\\\/pulso27.com\\\/nacional\\\/directorio-cuestionado-de-petroperu-renuncia-tras-presion-popular\\\/#primaryimage\"},\"image\":{\"@id\":\"https:\\\/\\\/pulso27.com\\\/nacional\\\/directorio-cuestionado-de-petroperu-renuncia-tras-presion-popular\\\/#primaryimage\"},\"thumbnailUrl\":\"https:\\\/\\\/pulso27.com\\\/wp-content\\\/uploads\\\/2024\\\/09\\\/Petrolear.png\",\"datePublished\":\"2024-09-11T10:47:24+00:00\",\"dateModified\":\"2024-09-11T10:55:00+00:00\",\"breadcrumb\":{\"@id\":\"https:\\\/\\\/pulso27.com\\\/nacional\\\/directorio-cuestionado-de-petroperu-renuncia-tras-presion-popular\\\/#breadcrumb\"},\"inLanguage\":\"en-US\",\"potentialAction\":[{\"@type\":\"ReadAction\",\"target\":[\"https:\\\/\\\/pulso27.com\\\/nacional\\\/directorio-cuestionado-de-petroperu-renuncia-tras-presion-popular\\\/\"]}]},{\"@type\":\"ImageObject\",\"inLanguage\":\"en-US\",\"@id\":\"https:\\\/\\\/pulso27.com\\\/nacional\\\/directorio-cuestionado-de-petroperu-renuncia-tras-presion-popular\\\/#primaryimage\",\"url\":\"https:\\\/\\\/pulso27.com\\\/wp-content\\\/uploads\\\/2024\\\/09\\\/Petrolear.png\",\"contentUrl\":\"https:\\\/\\\/pulso27.com\\\/wp-content\\\/uploads\\\/2024\\\/09\\\/Petrolear.png\",\"width\":1200,\"height\":800},{\"@type\":\"BreadcrumbList\",\"@id\":\"https:\\\/\\\/pulso27.com\\\/nacional\\\/directorio-cuestionado-de-petroperu-renuncia-tras-presion-popular\\\/#breadcrumb\",\"itemListElement\":[{\"@type\":\"ListItem\",\"position\":1,\"name\":\"Portada\",\"item\":\"https:\\\/\\\/pulso27.com\\\/\"},{\"@type\":\"ListItem\",\"position\":2,\"name\":\"Directorio cuestionado de Petroper\u00fa renuncia tras presi\u00f3n popular\"}]},{\"@type\":\"WebSite\",\"@id\":\"https:\\\/\\\/pulso27.com\\\/en\\\/#website\",\"url\":\"https:\\\/\\\/pulso27.com\\\/en\\\/\",\"name\":\"Pulso27\",\"description\":\"Web de noticias y publicidad\",\"publisher\":{\"@id\":\"https:\\\/\\\/pulso27.com\\\/en\\\/#organization\"},\"alternateName\":\"El pulso del pueblo\",\"potentialAction\":[{\"@type\":\"SearchAction\",\"target\":{\"@type\":\"EntryPoint\",\"urlTemplate\":\"https:\\\/\\\/pulso27.com\\\/en\\\/?s={search_term_string}\"},\"query-input\":{\"@type\":\"PropertyValueSpecification\",\"valueRequired\":true,\"valueName\":\"search_term_string\"}}],\"inLanguage\":\"en-US\"},{\"@type\":\"Organization\",\"@id\":\"https:\\\/\\\/pulso27.com\\\/en\\\/#organization\",\"name\":\"Pulso27\",\"url\":\"https:\\\/\\\/pulso27.com\\\/en\\\/\",\"logo\":{\"@type\":\"ImageObject\",\"inLanguage\":\"en-US\",\"@id\":\"https:\\\/\\\/pulso27.com\\\/en\\\/#\\\/schema\\\/logo\\\/image\\\/\",\"url\":\"https:\\\/\\\/pulso27.com\\\/wp-content\\\/uploads\\\/2026\\\/02\\\/Logotipo-de-la-organizacion-696-x-696-px-ok.png\",\"contentUrl\":\"https:\\\/\\\/pulso27.com\\\/wp-content\\\/uploads\\\/2026\\\/02\\\/Logotipo-de-la-organizacion-696-x-696-px-ok.png\",\"width\":696,\"height\":696,\"caption\":\"Pulso27\"},\"image\":{\"@id\":\"https:\\\/\\\/pulso27.com\\\/en\\\/#\\\/schema\\\/logo\\\/image\\\/\"},\"sameAs\":[\"https:\\\/\\\/www.facebook.com\\\/pulso27\\\/\",\"https:\\\/\\\/x.com\\\/Pulso_27\",\"https:\\\/\\\/www.youtube.com\\\/@Pulso27\",\"https:\\\/\\\/www.tiktok.com\\\/@pulso_27\"]},{\"@type\":\"Person\",\"@id\":\"https:\\\/\\\/pulso27.com\\\/en\\\/#\\\/schema\\\/person\\\/d20fd7f5bc7f2e53fd150d43fca07a78\",\"name\":\"Tupaq\",\"image\":{\"@type\":\"ImageObject\",\"inLanguage\":\"en-US\",\"@id\":\"https:\\\/\\\/secure.gravatar.com\\\/avatar\\\/7929e9b034aeea560319a601e4f04c59eb5f45a79eafe192adabb67e9604e7e7?s=96&d=mm&r=g\",\"url\":\"https:\\\/\\\/secure.gravatar.com\\\/avatar\\\/7929e9b034aeea560319a601e4f04c59eb5f45a79eafe192adabb67e9604e7e7?s=96&d=mm&r=g\",\"contentUrl\":\"https:\\\/\\\/secure.gravatar.com\\\/avatar\\\/7929e9b034aeea560319a601e4f04c59eb5f45a79eafe192adabb67e9604e7e7?s=96&d=mm&r=g\",\"caption\":\"Tupaq\"},\"url\":\"https:\\\/\\\/pulso27.com\\\/en\\\/author\\\/tupaq\\\/\"}]}<\/script>\n<!-- \/ Yoast SEO plugin. -->","yoast_head_json":{"title":"Directorio cuestionado de Petroper\u00fa renuncia tras presi\u00f3n popular - Pulso27","robots":{"index":"index","follow":"follow","max-snippet":"max-snippet:-1","max-image-preview":"max-image-preview:large","max-video-preview":"max-video-preview:-1"},"canonical":"https:\/\/pulso27.com\/en\/nacional\/directorio-cuestionado-de-petroperu-renuncia-tras-presion-popular\/","og_locale":"en_US","og_type":"article","og_title":"Directorio cuestionado de Petroper\u00fa renuncia tras presi\u00f3n popular - Pulso27","og_description":"El Directorio de Petroper\u00fa, designado por la Junta General de Accionistas (JGA), present\u00f3 su renuncia colectiva debido a la falta de pronunciamiento del Gobierno frente a la supuesta crisis financiera que atraviesa la empresa. La renuncia, de car\u00e1cter un\u00e1nime, se produce en un contexto de creciente presi\u00f3n popular, que rechaza cualquier indicio de privatizaci\u00f3n de [&hellip;]","og_url":"https:\/\/pulso27.com\/en\/nacional\/directorio-cuestionado-de-petroperu-renuncia-tras-presion-popular\/","og_site_name":"Pulso27","article_publisher":"https:\/\/www.facebook.com\/pulso27\/","article_published_time":"2024-09-11T10:47:24+00:00","article_modified_time":"2024-09-11T10:55:00+00:00","og_image":[{"width":1200,"height":800,"url":"https:\/\/pulso27.com\/wp-content\/uploads\/2024\/09\/Petrolear.png","type":"image\/png"}],"author":"Tupaq","twitter_card":"summary_large_image","twitter_creator":"@Pulso_27","twitter_site":"@Pulso_27","twitter_misc":{"Written by":"Tupaq","Est. reading time":"3 minutes"},"schema":{"@context":"https:\/\/schema.org","@graph":[{"@type":"Article","@id":"https:\/\/pulso27.com\/nacional\/directorio-cuestionado-de-petroperu-renuncia-tras-presion-popular\/#article","isPartOf":{"@id":"https:\/\/pulso27.com\/nacional\/directorio-cuestionado-de-petroperu-renuncia-tras-presion-popular\/"},"author":{"name":"Tupaq","@id":"https:\/\/pulso27.com\/en\/#\/schema\/person\/d20fd7f5bc7f2e53fd150d43fca07a78"},"headline":"Directorio cuestionado de Petroper\u00fa renuncia tras presi\u00f3n popular","datePublished":"2024-09-11T10:47:24+00:00","dateModified":"2024-09-11T10:55:00+00:00","mainEntityOfPage":{"@id":"https:\/\/pulso27.com\/nacional\/directorio-cuestionado-de-petroperu-renuncia-tras-presion-popular\/"},"wordCount":665,"commentCount":0,"publisher":{"@id":"https:\/\/pulso27.com\/en\/#organization"},"image":{"@id":"https:\/\/pulso27.com\/nacional\/directorio-cuestionado-de-petroperu-renuncia-tras-presion-popular\/#primaryimage"},"thumbnailUrl":"https:\/\/pulso27.com\/wp-content\/uploads\/2024\/09\/Petrolear.png","keywords":["Directorio","Petroper\u00fa","Renuncia","Soberan\u00edaEnerg\u00e9tica"],"articleSection":["Econom\u00eda","Nacional","Pol\u00edtica"],"inLanguage":"en-US","potentialAction":[{"@type":"CommentAction","name":"Comment","target":["https:\/\/pulso27.com\/nacional\/directorio-cuestionado-de-petroperu-renuncia-tras-presion-popular\/#respond"]}]},{"@type":"WebPage","@id":"https:\/\/pulso27.com\/nacional\/directorio-cuestionado-de-petroperu-renuncia-tras-presion-popular\/","url":"https:\/\/pulso27.com\/nacional\/directorio-cuestionado-de-petroperu-renuncia-tras-presion-popular\/","name":"Directorio cuestionado de Petroper\u00fa renuncia tras presi\u00f3n popular - Pulso27","isPartOf":{"@id":"https:\/\/pulso27.com\/en\/#website"},"primaryImageOfPage":{"@id":"https:\/\/pulso27.com\/nacional\/directorio-cuestionado-de-petroperu-renuncia-tras-presion-popular\/#primaryimage"},"image":{"@id":"https:\/\/pulso27.com\/nacional\/directorio-cuestionado-de-petroperu-renuncia-tras-presion-popular\/#primaryimage"},"thumbnailUrl":"https:\/\/pulso27.com\/wp-content\/uploads\/2024\/09\/Petrolear.png","datePublished":"2024-09-11T10:47:24+00:00","dateModified":"2024-09-11T10:55:00+00:00","breadcrumb":{"@id":"https:\/\/pulso27.com\/nacional\/directorio-cuestionado-de-petroperu-renuncia-tras-presion-popular\/#breadcrumb"},"inLanguage":"en-US","potentialAction":[{"@type":"ReadAction","target":["https:\/\/pulso27.com\/nacional\/directorio-cuestionado-de-petroperu-renuncia-tras-presion-popular\/"]}]},{"@type":"ImageObject","inLanguage":"en-US","@id":"https:\/\/pulso27.com\/nacional\/directorio-cuestionado-de-petroperu-renuncia-tras-presion-popular\/#primaryimage","url":"https:\/\/pulso27.com\/wp-content\/uploads\/2024\/09\/Petrolear.png","contentUrl":"https:\/\/pulso27.com\/wp-content\/uploads\/2024\/09\/Petrolear.png","width":1200,"height":800},{"@type":"BreadcrumbList","@id":"https:\/\/pulso27.com\/nacional\/directorio-cuestionado-de-petroperu-renuncia-tras-presion-popular\/#breadcrumb","itemListElement":[{"@type":"ListItem","position":1,"name":"Portada","item":"https:\/\/pulso27.com\/"},{"@type":"ListItem","position":2,"name":"Directorio cuestionado de Petroper\u00fa renuncia tras presi\u00f3n popular"}]},{"@type":"WebSite","@id":"https:\/\/pulso27.com\/en\/#website","url":"https:\/\/pulso27.com\/en\/","name":"Pulso27","description":"Web de noticias y publicidad","publisher":{"@id":"https:\/\/pulso27.com\/en\/#organization"},"alternateName":"El pulso del pueblo","potentialAction":[{"@type":"SearchAction","target":{"@type":"EntryPoint","urlTemplate":"https:\/\/pulso27.com\/en\/?s={search_term_string}"},"query-input":{"@type":"PropertyValueSpecification","valueRequired":true,"valueName":"search_term_string"}}],"inLanguage":"en-US"},{"@type":"Organization","@id":"https:\/\/pulso27.com\/en\/#organization","name":"Pulso27","url":"https:\/\/pulso27.com\/en\/","logo":{"@type":"ImageObject","inLanguage":"en-US","@id":"https:\/\/pulso27.com\/en\/#\/schema\/logo\/image\/","url":"https:\/\/pulso27.com\/wp-content\/uploads\/2026\/02\/Logotipo-de-la-organizacion-696-x-696-px-ok.png","contentUrl":"https:\/\/pulso27.com\/wp-content\/uploads\/2026\/02\/Logotipo-de-la-organizacion-696-x-696-px-ok.png","width":696,"height":696,"caption":"Pulso27"},"image":{"@id":"https:\/\/pulso27.com\/en\/#\/schema\/logo\/image\/"},"sameAs":["https:\/\/www.facebook.com\/pulso27\/","https:\/\/x.com\/Pulso_27","https:\/\/www.youtube.com\/@Pulso27","https:\/\/www.tiktok.com\/@pulso_27"]},{"@type":"Person","@id":"https:\/\/pulso27.com\/en\/#\/schema\/person\/d20fd7f5bc7f2e53fd150d43fca07a78","name":"Tupaq","image":{"@type":"ImageObject","inLanguage":"en-US","@id":"https:\/\/secure.gravatar.com\/avatar\/7929e9b034aeea560319a601e4f04c59eb5f45a79eafe192adabb67e9604e7e7?s=96&d=mm&r=g","url":"https:\/\/secure.gravatar.com\/avatar\/7929e9b034aeea560319a601e4f04c59eb5f45a79eafe192adabb67e9604e7e7?s=96&d=mm&r=g","contentUrl":"https:\/\/secure.gravatar.com\/avatar\/7929e9b034aeea560319a601e4f04c59eb5f45a79eafe192adabb67e9604e7e7?s=96&d=mm&r=g","caption":"Tupaq"},"url":"https:\/\/pulso27.com\/en\/author\/tupaq\/"}]}},"amp_enabled":true,"_links":{"self":[{"href":"https:\/\/pulso27.com\/en\/wp-json\/wp\/v2\/posts\/2025","targetHints":{"allow":["GET"]}}],"collection":[{"href":"https:\/\/pulso27.com\/en\/wp-json\/wp\/v2\/posts"}],"about":[{"href":"https:\/\/pulso27.com\/en\/wp-json\/wp\/v2\/types\/post"}],"author":[{"embeddable":true,"href":"https:\/\/pulso27.com\/en\/wp-json\/wp\/v2\/users\/7"}],"replies":[{"embeddable":true,"href":"https:\/\/pulso27.com\/en\/wp-json\/wp\/v2\/comments?post=2025"}],"version-history":[{"count":2,"href":"https:\/\/pulso27.com\/en\/wp-json\/wp\/v2\/posts\/2025\/revisions"}],"predecessor-version":[{"id":2031,"href":"https:\/\/pulso27.com\/en\/wp-json\/wp\/v2\/posts\/2025\/revisions\/2031"}],"wp:featuredmedia":[{"embeddable":true,"href":"https:\/\/pulso27.com\/en\/wp-json\/wp\/v2\/media\/2026"}],"wp:attachment":[{"href":"https:\/\/pulso27.com\/en\/wp-json\/wp\/v2\/media?parent=2025"}],"wp:term":[{"taxonomy":"category","embeddable":true,"href":"https:\/\/pulso27.com\/en\/wp-json\/wp\/v2\/categories?post=2025"},{"taxonomy":"post_tag","embeddable":true,"href":"https:\/\/pulso27.com\/en\/wp-json\/wp\/v2\/tags?post=2025"}],"curies":[{"name":"wp","href":"https:\/\/api.w.org\/{rel}","templated":true}]}}