{"id":2151,"date":"2024-09-17T09:29:49","date_gmt":"2024-09-17T04:29:49","guid":{"rendered":"https:\/\/pulso27.com\/?p=2151"},"modified":"2024-09-17T09:29:53","modified_gmt":"2024-09-17T04:29:53","slug":"bolivia-exigen-la-renuncia-del-presidente-luis-arce-con-bloqueo-de-vias","status":"publish","type":"post","link":"https:\/\/pulso27.com\/en\/internacional\/bolivia-exigen-la-renuncia-del-presidente-luis-arce-con-bloqueo-de-vias\/","title":{"rendered":"Bolivia: Exigen la renuncia del presidente Luis Arce con bloqueo de v\u00edas"},"content":{"rendered":"<p>La crisis pol\u00edtica en Bolivia ha escalado a un nuevo nivel este lunes 16 de septiembre, cuando un sector de campesinos del departamento de La Paz, liderado por la Federaci\u00f3n Departamental \u00danica de Trabajadores Campesinos de La Paz \u201cT\u00fapac Katari\u201d, inici\u00f3 un bloqueo indefinido de carreteras en demanda de la renuncia del presidente Luis Arce y del vicepresidente David Choquehuanca. El conflicto ha sumado tensi\u00f3n a un panorama ya complicado por la crisis econ\u00f3mica que afecta al pa\u00eds, exacerbando la divisi\u00f3n interna en el Movimiento al Socialismo (MAS).<\/p>\n\n\n\n<p>Los bloqueos comenzaron desde primeras horas de la ma\u00f1ana en varias rutas que conectan a La Paz con el interior del pa\u00eds y la carretera internacional hacia Per\u00fa. Los manifestantes, muchos de ellos pertenecientes al grupo ind\u00edgena de los \u00abponchos rojos\u00bb, instalaron barricadas con piedras y mont\u00edculos de tierra, exigiendo la salida del presidente Arce por la falta de d\u00f3lares, combustible y la creciente percepci\u00f3n de divisi\u00f3n en las organizaciones sociales. David Mamani, l\u00edder de los movilizados, ha sido claro en que la medida es indefinida hasta que el Gobierno actual dimita, pidiendo adem\u00e1s la pronta convocatoria a nuevas elecciones con un enfoque en un modelo econ\u00f3mico que enfrente la crisis.<\/p>\n\n\n\n<figure class=\"wp-block-image size-large\"><img loading=\"lazy\" decoding=\"async\" width=\"1024\" height=\"576\" src=\"https:\/\/pulso27.com\/wp-content\/uploads\/2024\/09\/image-18-1024x576.png\" alt=\"\" class=\"wp-image-2155\" srcset=\"https:\/\/pulso27.com\/wp-content\/uploads\/2024\/09\/image-18-1024x576.png 1024w, https:\/\/pulso27.com\/wp-content\/uploads\/2024\/09\/image-18-300x169.png 300w, https:\/\/pulso27.com\/wp-content\/uploads\/2024\/09\/image-18-768x432.png 768w, https:\/\/pulso27.com\/wp-content\/uploads\/2024\/09\/image-18-18x10.png 18w, https:\/\/pulso27.com\/wp-content\/uploads\/2024\/09\/image-18.png 1200w\" sizes=\"auto, (max-width: 1024px) 100vw, 1024px\" \/><figcaption class=\"wp-element-caption\"><em>El Movimiento hacia el Socialismo (MAS) pide la renuncia del presidente Lu\u00eds Arce<\/em><\/figcaption><\/figure>\n\n\n\n<p>Este conflicto tiene sus ra\u00edces en las tensiones internas del MAS, el partido gobernante. Evo Morales, exmandatario y l\u00edder de la agrupaci\u00f3n, ha sido se\u00f1alado por Arce de orquestar estas protestas con el objetivo de acortar su mandato. Morales, por su parte, ha negado que las manifestaciones tengan relaci\u00f3n con su candidatura para las elecciones de 2025, argumentando que responden al descontento popular frente a un gobierno que, seg\u00fan \u00e9l, ha fallado en abordar la corrupci\u00f3n y la crisis econ\u00f3mica.<\/p>\n\n\n\n<p>Las fricciones entre Arce y Morales no son nuevas, y se remontan a finales de 2021, cuando el MAS sufri\u00f3 un cisma que a\u00fan persiste. Mientras sectores leales a Morales han llamado a un congreso partidario para consolidar su liderazgo, el Gobierno y los seguidores de Arce se oponen a una nueva candidatura del exmandatario, alegando que la Constituci\u00f3n no permite su reelecci\u00f3n. Esta divisi\u00f3n interna podr\u00eda poner en riesgo la participaci\u00f3n del MAS en los pr\u00f3ximos comicios.<\/p>\n\n\n\n<p>En medio de este conflicto, la Defensor\u00eda del Pueblo ha emitido un llamado a la calma, pidiendo a las autoridades y a los sectores movilizados que eviten acciones que agraven la situaci\u00f3n y desencadenen violencia.<\/p>\n\n\n\n<figure class=\"wp-block-image size-full\"><img loading=\"lazy\" decoding=\"async\" width=\"980\" height=\"551\" src=\"https:\/\/pulso27.com\/wp-content\/uploads\/2024\/09\/image-17.png\" alt=\"\" class=\"wp-image-2153\" srcset=\"https:\/\/pulso27.com\/wp-content\/uploads\/2024\/09\/image-17.png 980w, https:\/\/pulso27.com\/wp-content\/uploads\/2024\/09\/image-17-300x169.png 300w, https:\/\/pulso27.com\/wp-content\/uploads\/2024\/09\/image-17-768x432.png 768w, https:\/\/pulso27.com\/wp-content\/uploads\/2024\/09\/image-17-18x10.png 18w\" sizes=\"auto, (max-width: 980px) 100vw, 980px\" \/><figcaption class=\"wp-element-caption\"><em><mark style=\"background-color:rgba(0, 0, 0, 0)\" class=\"has-inline-color has-black-color\">Los bloqueos de las v\u00edas se realizan con tierra y piedras<\/mark><\/em><\/figcaption><\/figure>\n\n\n\n<p>Con bloqueos que paralizan rutas claves y un clima pol\u00edtico cada vez m\u00e1s tenso, Bolivia enfrenta un escenario de incertidumbre en el que las luchas internas del MAS y el malestar social podr\u00edan redefinir el panorama pol\u00edtico del pa\u00eds en los pr\u00f3ximos meses.<\/p>\n\n\n\n<p>Ind\u00edgenas bolivianos afines al expresidente Evo Morales bloquearon este lunes la v\u00eda hacia el lago Titicaca, en el inicio de una semana de protestas contra el mandatario Luis Arce. Los ind\u00edgenas cortaron con piedras y tierra la ruta en cinco tramos hacia el lago Titicaca que comparten Bolivia y Per\u00fa, seg\u00fan el m\u00e1s reciente informe de la Administradora Boliviana de Carreteras. David Mamani, l\u00edder de los ind\u00edgenas bloqueadores, explic\u00f3 a periodistas que la protesta busca \u00abque renuncie este presidente Luis Arce Catacora, (por) incapaz, inoperante, incompetente, corrupto, malversador de nuestro recursos econ\u00f3micos\u00bb.<\/p>","protected":false},"excerpt":{"rendered":"<p>La crisis pol\u00edtica en Bolivia ha escalado a un nuevo nivel este lunes 16 de septiembre, cuando un sector de campesinos del departamento de La Paz, liderado por la Federaci\u00f3n Departamental \u00danica de Trabajadores Campesinos de La Paz \u201cT\u00fapac Katari\u201d, inici\u00f3 un bloqueo indefinido de carreteras en demanda de la renuncia del presidente Luis Arce [&hellip;]<\/p>\n","protected":false},"author":7,"featured_media":2154,"comment_status":"open","ping_status":"open","sticky":false,"template":"","format":"standard","meta":{"footnotes":""},"categories":[173,180],"tags":[445,830,829],"class_list":["post-2151","post","type-post","status-publish","format-standard","has-post-thumbnail","hentry","category-internacional","category-politica","tag-bolivia","tag-evomorales","tag-renunciaarce"],"yoast_head":"<!-- This site is optimized with the Yoast SEO plugin v27.4 - https:\/\/yoast.com\/product\/yoast-seo-wordpress\/ -->\n<title>Bolivia: Exigen la renuncia del presidente Luis Arce con bloqueo de v\u00edas - Pulso27<\/title>\n<meta name=\"robots\" content=\"index, follow, max-snippet:-1, max-image-preview:large, max-video-preview:-1\" \/>\n<link rel=\"canonical\" href=\"https:\/\/pulso27.com\/en\/internacional\/bolivia-exigen-la-renuncia-del-presidente-luis-arce-con-bloqueo-de-vias\/\" \/>\n<meta property=\"og:locale\" content=\"en_US\" \/>\n<meta property=\"og:type\" content=\"article\" \/>\n<meta property=\"og:title\" content=\"Bolivia: Exigen la renuncia del presidente Luis Arce con bloqueo de v\u00edas - Pulso27\" \/>\n<meta property=\"og:description\" content=\"La crisis pol\u00edtica en Bolivia ha escalado a un nuevo nivel este lunes 16 de septiembre, cuando un sector de campesinos del departamento de La Paz, liderado por la Federaci\u00f3n Departamental \u00danica de Trabajadores Campesinos de La Paz \u201cT\u00fapac Katari\u201d, inici\u00f3 un bloqueo indefinido de carreteras en demanda de la renuncia del presidente Luis Arce [&hellip;]\" \/>\n<meta property=\"og:url\" content=\"https:\/\/pulso27.com\/en\/internacional\/bolivia-exigen-la-renuncia-del-presidente-luis-arce-con-bloqueo-de-vias\/\" \/>\n<meta property=\"og:site_name\" content=\"Pulso27\" \/>\n<meta property=\"article:publisher\" content=\"https:\/\/www.facebook.com\/pulso27\/\" \/>\n<meta property=\"article:published_time\" content=\"2024-09-17T04:29:49+00:00\" \/>\n<meta property=\"article:modified_time\" content=\"2024-09-17T04:29:53+00:00\" \/>\n<meta property=\"og:image\" content=\"https:\/\/pulso27.com\/wp-content\/uploads\/2024\/09\/Evos.png\" \/>\n\t<meta property=\"og:image:width\" content=\"1000\" \/>\n\t<meta property=\"og:image:height\" content=\"800\" \/>\n\t<meta property=\"og:image:type\" content=\"image\/png\" \/>\n<meta name=\"author\" content=\"Tupaq\" \/>\n<meta name=\"twitter:card\" content=\"summary_large_image\" \/>\n<meta name=\"twitter:creator\" content=\"@Pulso_27\" \/>\n<meta name=\"twitter:site\" content=\"@Pulso_27\" \/>\n<meta name=\"twitter:label1\" content=\"Written by\" \/>\n\t<meta name=\"twitter:data1\" content=\"Tupaq\" \/>\n\t<meta name=\"twitter:label2\" content=\"Est. reading time\" \/>\n\t<meta name=\"twitter:data2\" content=\"3 minutes\" \/>\n<script type=\"application\/ld+json\" class=\"yoast-schema-graph\">{\"@context\":\"https:\\\/\\\/schema.org\",\"@graph\":[{\"@type\":\"Article\",\"@id\":\"https:\\\/\\\/pulso27.com\\\/internacional\\\/bolivia-exigen-la-renuncia-del-presidente-luis-arce-con-bloqueo-de-vias\\\/#article\",\"isPartOf\":{\"@id\":\"https:\\\/\\\/pulso27.com\\\/internacional\\\/bolivia-exigen-la-renuncia-del-presidente-luis-arce-con-bloqueo-de-vias\\\/\"},\"author\":{\"name\":\"Tupaq\",\"@id\":\"https:\\\/\\\/pulso27.com\\\/en\\\/#\\\/schema\\\/person\\\/d20fd7f5bc7f2e53fd150d43fca07a78\"},\"headline\":\"Bolivia: Exigen la renuncia del presidente Luis Arce con bloqueo de v\u00edas\",\"datePublished\":\"2024-09-17T04:29:49+00:00\",\"dateModified\":\"2024-09-17T04:29:53+00:00\",\"mainEntityOfPage\":{\"@id\":\"https:\\\/\\\/pulso27.com\\\/internacional\\\/bolivia-exigen-la-renuncia-del-presidente-luis-arce-con-bloqueo-de-vias\\\/\"},\"wordCount\":611,\"commentCount\":0,\"publisher\":{\"@id\":\"https:\\\/\\\/pulso27.com\\\/en\\\/#organization\"},\"image\":{\"@id\":\"https:\\\/\\\/pulso27.com\\\/internacional\\\/bolivia-exigen-la-renuncia-del-presidente-luis-arce-con-bloqueo-de-vias\\\/#primaryimage\"},\"thumbnailUrl\":\"https:\\\/\\\/pulso27.com\\\/wp-content\\\/uploads\\\/2024\\\/09\\\/Evos.png\",\"keywords\":[\"Bolivia\",\"EvoMorales\",\"RenunciaArce\"],\"articleSection\":[\"Internacional\",\"Pol\u00edtica\"],\"inLanguage\":\"en-US\",\"potentialAction\":[{\"@type\":\"CommentAction\",\"name\":\"Comment\",\"target\":[\"https:\\\/\\\/pulso27.com\\\/internacional\\\/bolivia-exigen-la-renuncia-del-presidente-luis-arce-con-bloqueo-de-vias\\\/#respond\"]}]},{\"@type\":\"WebPage\",\"@id\":\"https:\\\/\\\/pulso27.com\\\/internacional\\\/bolivia-exigen-la-renuncia-del-presidente-luis-arce-con-bloqueo-de-vias\\\/\",\"url\":\"https:\\\/\\\/pulso27.com\\\/internacional\\\/bolivia-exigen-la-renuncia-del-presidente-luis-arce-con-bloqueo-de-vias\\\/\",\"name\":\"Bolivia: Exigen la renuncia del presidente Luis Arce con bloqueo de v\u00edas - Pulso27\",\"isPartOf\":{\"@id\":\"https:\\\/\\\/pulso27.com\\\/en\\\/#website\"},\"primaryImageOfPage\":{\"@id\":\"https:\\\/\\\/pulso27.com\\\/internacional\\\/bolivia-exigen-la-renuncia-del-presidente-luis-arce-con-bloqueo-de-vias\\\/#primaryimage\"},\"image\":{\"@id\":\"https:\\\/\\\/pulso27.com\\\/internacional\\\/bolivia-exigen-la-renuncia-del-presidente-luis-arce-con-bloqueo-de-vias\\\/#primaryimage\"},\"thumbnailUrl\":\"https:\\\/\\\/pulso27.com\\\/wp-content\\\/uploads\\\/2024\\\/09\\\/Evos.png\",\"datePublished\":\"2024-09-17T04:29:49+00:00\",\"dateModified\":\"2024-09-17T04:29:53+00:00\",\"breadcrumb\":{\"@id\":\"https:\\\/\\\/pulso27.com\\\/internacional\\\/bolivia-exigen-la-renuncia-del-presidente-luis-arce-con-bloqueo-de-vias\\\/#breadcrumb\"},\"inLanguage\":\"en-US\",\"potentialAction\":[{\"@type\":\"ReadAction\",\"target\":[\"https:\\\/\\\/pulso27.com\\\/internacional\\\/bolivia-exigen-la-renuncia-del-presidente-luis-arce-con-bloqueo-de-vias\\\/\"]}]},{\"@type\":\"ImageObject\",\"inLanguage\":\"en-US\",\"@id\":\"https:\\\/\\\/pulso27.com\\\/internacional\\\/bolivia-exigen-la-renuncia-del-presidente-luis-arce-con-bloqueo-de-vias\\\/#primaryimage\",\"url\":\"https:\\\/\\\/pulso27.com\\\/wp-content\\\/uploads\\\/2024\\\/09\\\/Evos.png\",\"contentUrl\":\"https:\\\/\\\/pulso27.com\\\/wp-content\\\/uploads\\\/2024\\\/09\\\/Evos.png\",\"width\":1000,\"height\":800},{\"@type\":\"BreadcrumbList\",\"@id\":\"https:\\\/\\\/pulso27.com\\\/internacional\\\/bolivia-exigen-la-renuncia-del-presidente-luis-arce-con-bloqueo-de-vias\\\/#breadcrumb\",\"itemListElement\":[{\"@type\":\"ListItem\",\"position\":1,\"name\":\"Portada\",\"item\":\"https:\\\/\\\/pulso27.com\\\/\"},{\"@type\":\"ListItem\",\"position\":2,\"name\":\"Bolivia: Exigen la renuncia del presidente Luis Arce con bloqueo de v\u00edas\"}]},{\"@type\":\"WebSite\",\"@id\":\"https:\\\/\\\/pulso27.com\\\/en\\\/#website\",\"url\":\"https:\\\/\\\/pulso27.com\\\/en\\\/\",\"name\":\"Pulso27\",\"description\":\"Web de noticias y publicidad\",\"publisher\":{\"@id\":\"https:\\\/\\\/pulso27.com\\\/en\\\/#organization\"},\"alternateName\":\"El pulso del pueblo\",\"potentialAction\":[{\"@type\":\"SearchAction\",\"target\":{\"@type\":\"EntryPoint\",\"urlTemplate\":\"https:\\\/\\\/pulso27.com\\\/en\\\/?s={search_term_string}\"},\"query-input\":{\"@type\":\"PropertyValueSpecification\",\"valueRequired\":true,\"valueName\":\"search_term_string\"}}],\"inLanguage\":\"en-US\"},{\"@type\":\"Organization\",\"@id\":\"https:\\\/\\\/pulso27.com\\\/en\\\/#organization\",\"name\":\"Pulso27\",\"url\":\"https:\\\/\\\/pulso27.com\\\/en\\\/\",\"logo\":{\"@type\":\"ImageObject\",\"inLanguage\":\"en-US\",\"@id\":\"https:\\\/\\\/pulso27.com\\\/en\\\/#\\\/schema\\\/logo\\\/image\\\/\",\"url\":\"https:\\\/\\\/pulso27.com\\\/wp-content\\\/uploads\\\/2026\\\/02\\\/Logotipo-de-la-organizacion-696-x-696-px-ok.png\",\"contentUrl\":\"https:\\\/\\\/pulso27.com\\\/wp-content\\\/uploads\\\/2026\\\/02\\\/Logotipo-de-la-organizacion-696-x-696-px-ok.png\",\"width\":696,\"height\":696,\"caption\":\"Pulso27\"},\"image\":{\"@id\":\"https:\\\/\\\/pulso27.com\\\/en\\\/#\\\/schema\\\/logo\\\/image\\\/\"},\"sameAs\":[\"https:\\\/\\\/www.facebook.com\\\/pulso27\\\/\",\"https:\\\/\\\/x.com\\\/Pulso_27\",\"https:\\\/\\\/www.youtube.com\\\/@Pulso27\",\"https:\\\/\\\/www.tiktok.com\\\/@pulso_27\"]},{\"@type\":\"Person\",\"@id\":\"https:\\\/\\\/pulso27.com\\\/en\\\/#\\\/schema\\\/person\\\/d20fd7f5bc7f2e53fd150d43fca07a78\",\"name\":\"Tupaq\",\"image\":{\"@type\":\"ImageObject\",\"inLanguage\":\"en-US\",\"@id\":\"https:\\\/\\\/secure.gravatar.com\\\/avatar\\\/7929e9b034aeea560319a601e4f04c59eb5f45a79eafe192adabb67e9604e7e7?s=96&d=mm&r=g\",\"url\":\"https:\\\/\\\/secure.gravatar.com\\\/avatar\\\/7929e9b034aeea560319a601e4f04c59eb5f45a79eafe192adabb67e9604e7e7?s=96&d=mm&r=g\",\"contentUrl\":\"https:\\\/\\\/secure.gravatar.com\\\/avatar\\\/7929e9b034aeea560319a601e4f04c59eb5f45a79eafe192adabb67e9604e7e7?s=96&d=mm&r=g\",\"caption\":\"Tupaq\"},\"url\":\"https:\\\/\\\/pulso27.com\\\/en\\\/author\\\/tupaq\\\/\"}]}<\/script>\n<!-- \/ Yoast SEO plugin. -->","yoast_head_json":{"title":"Bolivia: Exigen la renuncia del presidente Luis Arce con bloqueo de v\u00edas - Pulso27","robots":{"index":"index","follow":"follow","max-snippet":"max-snippet:-1","max-image-preview":"max-image-preview:large","max-video-preview":"max-video-preview:-1"},"canonical":"https:\/\/pulso27.com\/en\/internacional\/bolivia-exigen-la-renuncia-del-presidente-luis-arce-con-bloqueo-de-vias\/","og_locale":"en_US","og_type":"article","og_title":"Bolivia: Exigen la renuncia del presidente Luis Arce con bloqueo de v\u00edas - Pulso27","og_description":"La crisis pol\u00edtica en Bolivia ha escalado a un nuevo nivel este lunes 16 de septiembre, cuando un sector de campesinos del departamento de La Paz, liderado por la Federaci\u00f3n Departamental \u00danica de Trabajadores Campesinos de La Paz \u201cT\u00fapac Katari\u201d, inici\u00f3 un bloqueo indefinido de carreteras en demanda de la renuncia del presidente Luis Arce [&hellip;]","og_url":"https:\/\/pulso27.com\/en\/internacional\/bolivia-exigen-la-renuncia-del-presidente-luis-arce-con-bloqueo-de-vias\/","og_site_name":"Pulso27","article_publisher":"https:\/\/www.facebook.com\/pulso27\/","article_published_time":"2024-09-17T04:29:49+00:00","article_modified_time":"2024-09-17T04:29:53+00:00","og_image":[{"width":1000,"height":800,"url":"https:\/\/pulso27.com\/wp-content\/uploads\/2024\/09\/Evos.png","type":"image\/png"}],"author":"Tupaq","twitter_card":"summary_large_image","twitter_creator":"@Pulso_27","twitter_site":"@Pulso_27","twitter_misc":{"Written by":"Tupaq","Est. reading time":"3 minutes"},"schema":{"@context":"https:\/\/schema.org","@graph":[{"@type":"Article","@id":"https:\/\/pulso27.com\/internacional\/bolivia-exigen-la-renuncia-del-presidente-luis-arce-con-bloqueo-de-vias\/#article","isPartOf":{"@id":"https:\/\/pulso27.com\/internacional\/bolivia-exigen-la-renuncia-del-presidente-luis-arce-con-bloqueo-de-vias\/"},"author":{"name":"Tupaq","@id":"https:\/\/pulso27.com\/en\/#\/schema\/person\/d20fd7f5bc7f2e53fd150d43fca07a78"},"headline":"Bolivia: Exigen la renuncia del presidente Luis Arce con bloqueo de v\u00edas","datePublished":"2024-09-17T04:29:49+00:00","dateModified":"2024-09-17T04:29:53+00:00","mainEntityOfPage":{"@id":"https:\/\/pulso27.com\/internacional\/bolivia-exigen-la-renuncia-del-presidente-luis-arce-con-bloqueo-de-vias\/"},"wordCount":611,"commentCount":0,"publisher":{"@id":"https:\/\/pulso27.com\/en\/#organization"},"image":{"@id":"https:\/\/pulso27.com\/internacional\/bolivia-exigen-la-renuncia-del-presidente-luis-arce-con-bloqueo-de-vias\/#primaryimage"},"thumbnailUrl":"https:\/\/pulso27.com\/wp-content\/uploads\/2024\/09\/Evos.png","keywords":["Bolivia","EvoMorales","RenunciaArce"],"articleSection":["Internacional","Pol\u00edtica"],"inLanguage":"en-US","potentialAction":[{"@type":"CommentAction","name":"Comment","target":["https:\/\/pulso27.com\/internacional\/bolivia-exigen-la-renuncia-del-presidente-luis-arce-con-bloqueo-de-vias\/#respond"]}]},{"@type":"WebPage","@id":"https:\/\/pulso27.com\/internacional\/bolivia-exigen-la-renuncia-del-presidente-luis-arce-con-bloqueo-de-vias\/","url":"https:\/\/pulso27.com\/internacional\/bolivia-exigen-la-renuncia-del-presidente-luis-arce-con-bloqueo-de-vias\/","name":"Bolivia: Exigen la renuncia del presidente Luis Arce con bloqueo de v\u00edas - Pulso27","isPartOf":{"@id":"https:\/\/pulso27.com\/en\/#website"},"primaryImageOfPage":{"@id":"https:\/\/pulso27.com\/internacional\/bolivia-exigen-la-renuncia-del-presidente-luis-arce-con-bloqueo-de-vias\/#primaryimage"},"image":{"@id":"https:\/\/pulso27.com\/internacional\/bolivia-exigen-la-renuncia-del-presidente-luis-arce-con-bloqueo-de-vias\/#primaryimage"},"thumbnailUrl":"https:\/\/pulso27.com\/wp-content\/uploads\/2024\/09\/Evos.png","datePublished":"2024-09-17T04:29:49+00:00","dateModified":"2024-09-17T04:29:53+00:00","breadcrumb":{"@id":"https:\/\/pulso27.com\/internacional\/bolivia-exigen-la-renuncia-del-presidente-luis-arce-con-bloqueo-de-vias\/#breadcrumb"},"inLanguage":"en-US","potentialAction":[{"@type":"ReadAction","target":["https:\/\/pulso27.com\/internacional\/bolivia-exigen-la-renuncia-del-presidente-luis-arce-con-bloqueo-de-vias\/"]}]},{"@type":"ImageObject","inLanguage":"en-US","@id":"https:\/\/pulso27.com\/internacional\/bolivia-exigen-la-renuncia-del-presidente-luis-arce-con-bloqueo-de-vias\/#primaryimage","url":"https:\/\/pulso27.com\/wp-content\/uploads\/2024\/09\/Evos.png","contentUrl":"https:\/\/pulso27.com\/wp-content\/uploads\/2024\/09\/Evos.png","width":1000,"height":800},{"@type":"BreadcrumbList","@id":"https:\/\/pulso27.com\/internacional\/bolivia-exigen-la-renuncia-del-presidente-luis-arce-con-bloqueo-de-vias\/#breadcrumb","itemListElement":[{"@type":"ListItem","position":1,"name":"Portada","item":"https:\/\/pulso27.com\/"},{"@type":"ListItem","position":2,"name":"Bolivia: Exigen la renuncia del presidente Luis Arce con bloqueo de v\u00edas"}]},{"@type":"WebSite","@id":"https:\/\/pulso27.com\/en\/#website","url":"https:\/\/pulso27.com\/en\/","name":"Pulso27","description":"Web de noticias y publicidad","publisher":{"@id":"https:\/\/pulso27.com\/en\/#organization"},"alternateName":"El pulso del pueblo","potentialAction":[{"@type":"SearchAction","target":{"@type":"EntryPoint","urlTemplate":"https:\/\/pulso27.com\/en\/?s={search_term_string}"},"query-input":{"@type":"PropertyValueSpecification","valueRequired":true,"valueName":"search_term_string"}}],"inLanguage":"en-US"},{"@type":"Organization","@id":"https:\/\/pulso27.com\/en\/#organization","name":"Pulso27","url":"https:\/\/pulso27.com\/en\/","logo":{"@type":"ImageObject","inLanguage":"en-US","@id":"https:\/\/pulso27.com\/en\/#\/schema\/logo\/image\/","url":"https:\/\/pulso27.com\/wp-content\/uploads\/2026\/02\/Logotipo-de-la-organizacion-696-x-696-px-ok.png","contentUrl":"https:\/\/pulso27.com\/wp-content\/uploads\/2026\/02\/Logotipo-de-la-organizacion-696-x-696-px-ok.png","width":696,"height":696,"caption":"Pulso27"},"image":{"@id":"https:\/\/pulso27.com\/en\/#\/schema\/logo\/image\/"},"sameAs":["https:\/\/www.facebook.com\/pulso27\/","https:\/\/x.com\/Pulso_27","https:\/\/www.youtube.com\/@Pulso27","https:\/\/www.tiktok.com\/@pulso_27"]},{"@type":"Person","@id":"https:\/\/pulso27.com\/en\/#\/schema\/person\/d20fd7f5bc7f2e53fd150d43fca07a78","name":"Tupaq","image":{"@type":"ImageObject","inLanguage":"en-US","@id":"https:\/\/secure.gravatar.com\/avatar\/7929e9b034aeea560319a601e4f04c59eb5f45a79eafe192adabb67e9604e7e7?s=96&d=mm&r=g","url":"https:\/\/secure.gravatar.com\/avatar\/7929e9b034aeea560319a601e4f04c59eb5f45a79eafe192adabb67e9604e7e7?s=96&d=mm&r=g","contentUrl":"https:\/\/secure.gravatar.com\/avatar\/7929e9b034aeea560319a601e4f04c59eb5f45a79eafe192adabb67e9604e7e7?s=96&d=mm&r=g","caption":"Tupaq"},"url":"https:\/\/pulso27.com\/en\/author\/tupaq\/"}]}},"amp_enabled":true,"_links":{"self":[{"href":"https:\/\/pulso27.com\/en\/wp-json\/wp\/v2\/posts\/2151","targetHints":{"allow":["GET"]}}],"collection":[{"href":"https:\/\/pulso27.com\/en\/wp-json\/wp\/v2\/posts"}],"about":[{"href":"https:\/\/pulso27.com\/en\/wp-json\/wp\/v2\/types\/post"}],"author":[{"embeddable":true,"href":"https:\/\/pulso27.com\/en\/wp-json\/wp\/v2\/users\/7"}],"replies":[{"embeddable":true,"href":"https:\/\/pulso27.com\/en\/wp-json\/wp\/v2\/comments?post=2151"}],"version-history":[{"count":1,"href":"https:\/\/pulso27.com\/en\/wp-json\/wp\/v2\/posts\/2151\/revisions"}],"predecessor-version":[{"id":2156,"href":"https:\/\/pulso27.com\/en\/wp-json\/wp\/v2\/posts\/2151\/revisions\/2156"}],"wp:featuredmedia":[{"embeddable":true,"href":"https:\/\/pulso27.com\/en\/wp-json\/wp\/v2\/media\/2154"}],"wp:attachment":[{"href":"https:\/\/pulso27.com\/en\/wp-json\/wp\/v2\/media?parent=2151"}],"wp:term":[{"taxonomy":"category","embeddable":true,"href":"https:\/\/pulso27.com\/en\/wp-json\/wp\/v2\/categories?post=2151"},{"taxonomy":"post_tag","embeddable":true,"href":"https:\/\/pulso27.com\/en\/wp-json\/wp\/v2\/tags?post=2151"}],"curies":[{"name":"wp","href":"https:\/\/api.w.org\/{rel}","templated":true}]}}