{"id":2187,"date":"2024-09-27T10:44:15","date_gmt":"2024-09-27T05:44:15","guid":{"rendered":"https:\/\/pulso27.com\/?p=2187"},"modified":"2024-10-21T09:08:17","modified_gmt":"2024-10-21T04:08:17","slug":"procesion-del-senor-de-los-milagros-2024-avivara-de-fe-y-tradicion-a-lima","status":"publish","type":"post","link":"https:\/\/pulso27.com\/en\/actualidad\/procesion-del-senor-de-los-milagros-2024-avivara-de-fe-y-tradicion-a-lima\/","title":{"rendered":"Procesi\u00f3n del Se\u00f1or de los Milagros 2024 avivar\u00e1 de fe y tradici\u00f3n a Lima"},"content":{"rendered":"<p>En 2024, por tercer a\u00f1o consecutivo tras la paralizaci\u00f3n debido a la pandemia, las calles del Centro Hist\u00f3rico ser\u00e1n testigos del fervor religioso que desde el siglo XVII acompa\u00f1a a los lime\u00f1os, una manifestaci\u00f3n de fe que atraviesa generaciones. El \u2018Cristo de Pachacamilla\u2019, cuya devoci\u00f3n ha trascendido fronteras, recorrer\u00e1 la capital en el tradicional Mes Morado, que congrega a miles de fieles en un acto que simboliza no solo la devoci\u00f3n, sino tambi\u00e9n la resiliencia de una ciudad que se ha mantenido firme en su fe a lo largo del tiempo. La ciudad de Lima se prepara para vivir nuevamente uno de sus eventos m\u00e1s emblem\u00e1ticos y esperados del a\u00f1o: la procesi\u00f3n del Se\u00f1or de los Milagros.<\/p>\n\n\n\n<h3 class=\"wp-block-heading\">Inicio de la procesi\u00f3n y recorridos confirmados<\/h3>\n\n\n\n<p>El Arzobispado de Lima y la Hermandad del Se\u00f1or de los Milagros han oficializado las fechas y rutas de la venerada imagen para este a\u00f1o. El primer recorrido se llevar\u00e1 a cabo el s\u00e1bado 5 de octubre, partiendo desde el Santuario de Las Nazarenas, en el Cercado de Lima. Se espera la participaci\u00f3n de m\u00e1s de cien mil feligreses, quienes acompa\u00f1ar\u00e1n la imagen sagrada en un trayecto de 1.29 km. Las calles de la capital se te\u00f1ir\u00e1n de morado mientras la procesi\u00f3n avanza, rodeada por los c\u00e1nticos y oraciones de los fieles, quienes ven en el Cristo de Pachacamilla una representaci\u00f3n de protecci\u00f3n y esperanza.<\/p>\n\n\n\n<p>En palabras de Monse\u00f1or Carlos Castillo, la procesi\u00f3n no solo es un acto de fe, sino una invitaci\u00f3n a la reflexi\u00f3n y a la comuni\u00f3n. Durante la conferencia de prensa celebrada el 19 de septiembre, el Arzobispo destac\u00f3 que este a\u00f1o la imagen volver\u00e1 a ser entronizada en parroquias, comunidades, colegios y barrios, extendiendo as\u00ed el mensaje de amor y uni\u00f3n.<\/p>\n\n\n\n<figure class=\"wp-block-image size-full is-resized\"><img loading=\"lazy\" decoding=\"async\" width=\"620\" height=\"620\" src=\"https:\/\/pulso27.com\/wp-content\/uploads\/2024\/09\/image-31.png\" alt=\"\" class=\"wp-image-2188\" style=\"width:740px;height:auto\" srcset=\"https:\/\/pulso27.com\/wp-content\/uploads\/2024\/09\/image-31.png 620w, https:\/\/pulso27.com\/wp-content\/uploads\/2024\/09\/image-31-300x300.png 300w, https:\/\/pulso27.com\/wp-content\/uploads\/2024\/09\/image-31-150x150.png 150w, https:\/\/pulso27.com\/wp-content\/uploads\/2024\/09\/image-31-12x12.png 12w, https:\/\/pulso27.com\/wp-content\/uploads\/2024\/09\/image-31-80x80.png 80w\" sizes=\"auto, (max-width: 620px) 100vw, 620px\" \/><figcaption class=\"wp-element-caption\"><em>Las fechas de salida del Se\u00f1or de los Milagros durante el mes de Octubre 2024<\/em><\/figcaption><\/figure>\n\n\n\n<h3 class=\"wp-block-heading\">Medidas en el transporte y seguridad<\/h3>\n\n\n\n<p>Dada la magnitud del evento, el Ministerio de Transportes y Comunicaciones (MTC) ha implementado un plan especial para el transporte p\u00fablico en Lima y Callao. David Hern\u00e1ndez, presidente de la Autoridad para el Transporte Urbano (ATU), inform\u00f3 que se modificar\u00e1n las rutas del Metropolitano y se cerrar\u00e1n algunas estaciones, como Colmena y Tacna, durante el primer recorrido. Asimismo, la Polic\u00eda Nacional del Per\u00fa (PNP) ha anunciado cierres progresivos de calles y avenidas para garantizar la seguridad de los participantes.<\/p>\n\n\n\n<h3 class=\"wp-block-heading\">Historia y devoci\u00f3n<\/h3>\n\n\n\n<p>La devoci\u00f3n al Se\u00f1or de los Milagros tiene profundas ra\u00edces en la historia de Lima, remont\u00e1ndose a la \u00e9poca colonial, cuando la imagen original fue pintada por un esclavo angole\u00f1o conocido como Pedro Dalcon o \u00abBenito\u00bb. Este hecho cobr\u00f3 mayor relevancia en 1655, cuando un terremoto sacudi\u00f3 Lima y, milagrosamente, la pintura de Cristo permaneci\u00f3 intacta a pesar del colapso de las estructuras a su alrededor. Desde entonces, la figura del Cristo de Pachacamilla ha sido objeto de veneraci\u00f3n y ha consolidado su lugar como s\u00edmbolo de protecci\u00f3n y consuelo.<\/p>\n\n\n\n<p>Incluso figuras influyentes como el intelectual marxista Jos\u00e9 Carlos Mari\u00e1tegui reconocieron el impacto emocional de esta procesi\u00f3n en el pueblo lime\u00f1o. En 1916, en un art\u00edculo que gan\u00f3 un concurso de la Municipalidad de Lima, Mari\u00e1tegui describi\u00f3 la procesi\u00f3n como un acto \u00abimpresionante, seductor y enternecedor\u00bb, destacando c\u00f3mo esta manifestaci\u00f3n de fe conectaba a la ciudad con su historia y sus creencias m\u00e1s profundas.<\/p>\n\n\n\n<figure class=\"wp-block-image size-full is-resized\"><img loading=\"lazy\" decoding=\"async\" width=\"680\" height=\"400\" src=\"https:\/\/pulso27.com\/wp-content\/uploads\/2024\/09\/image-32.png\" alt=\"\" class=\"wp-image-2189\" style=\"width:740px;height:auto\" srcset=\"https:\/\/pulso27.com\/wp-content\/uploads\/2024\/09\/image-32.png 680w, https:\/\/pulso27.com\/wp-content\/uploads\/2024\/09\/image-32-300x176.png 300w, https:\/\/pulso27.com\/wp-content\/uploads\/2024\/09\/image-32-18x12.png 18w\" sizes=\"auto, (max-width: 680px) 100vw, 680px\" \/><figcaption class=\"wp-element-caption\"><em>En 1655, durante el terremoto que sacudi\u00f3 Lima, milagrosamente la pintura de Cristo de Pachacamilla permaneci\u00f3 intacta <\/em><\/figcaption><\/figure>\n\n\n\n<h3 class=\"wp-block-heading\">Un mes de fervor en medio de la inseguridad<\/h3>\n\n\n\n<p>El Mes Morado en Lima no solo es una tradici\u00f3n religiosa, sino un recordatorio del poder de la fe en tiempos de adversidad. La procesi\u00f3n del Se\u00f1or de los Milagros, con m\u00e1s de 300 a\u00f1os de historia, contin\u00faa siendo un evento que une a creyentes y no creyentes, brindando un espacio de reflexi\u00f3n, espiritualidad y comunidad. Este 2024, la imagen recorrer\u00e1 nuevamente las calles capitalinas, reforzando el lazo de fe que mantiene viva la esperanza en los corazones de miles de peruanos.<\/p>\n\n\n\n<p>Fuentes: Webs y redes de noticias<\/p>","protected":false},"excerpt":{"rendered":"<p>En 2024, por tercer a\u00f1o consecutivo tras la paralizaci\u00f3n debido a la pandemia, las calles del Centro Hist\u00f3rico ser\u00e1n testigos del fervor religioso que desde el siglo XVII acompa\u00f1a a los lime\u00f1os, una manifestaci\u00f3n de fe que atraviesa generaciones. El \u2018Cristo de Pachacamilla\u2019, cuya devoci\u00f3n ha trascendido fronteras, recorrer\u00e1 la capital en el tradicional Mes [&hellip;]<\/p>\n","protected":false},"author":7,"featured_media":2190,"comment_status":"open","ping_status":"open","sticky":false,"template":"","format":"standard","meta":{"footnotes":""},"categories":[183,815,393,202],"tags":[850,849,848,846,847,845],"class_list":["post-2187","post","type-post","status-publish","format-standard","has-post-thumbnail","hentry","category-actualidad","category-costumbre-y-tradiciones","category-cultura","category-sociedad","tag-cristodepachacamilla","tag-lima","tag-mesmorado","tag-procesion","tag-religion","tag-senordelosmilagros"],"yoast_head":"<!-- This site is optimized with the Yoast SEO plugin v27.4 - https:\/\/yoast.com\/product\/yoast-seo-wordpress\/ -->\n<title>Procesi\u00f3n del Se\u00f1or de los Milagros 2024 avivar\u00e1 de fe y tradici\u00f3n a Lima - Pulso27<\/title>\n<meta name=\"robots\" content=\"index, follow, max-snippet:-1, max-image-preview:large, max-video-preview:-1\" \/>\n<link rel=\"canonical\" href=\"https:\/\/pulso27.com\/en\/actualidad\/procesion-del-senor-de-los-milagros-2024-avivara-de-fe-y-tradicion-a-lima\/\" \/>\n<meta property=\"og:locale\" content=\"en_US\" \/>\n<meta property=\"og:type\" content=\"article\" \/>\n<meta property=\"og:title\" content=\"Procesi\u00f3n del Se\u00f1or de los Milagros 2024 avivar\u00e1 de fe y tradici\u00f3n a Lima - Pulso27\" \/>\n<meta property=\"og:description\" content=\"En 2024, por tercer a\u00f1o consecutivo tras la paralizaci\u00f3n debido a la pandemia, las calles del Centro Hist\u00f3rico ser\u00e1n testigos del fervor religioso que desde el siglo XVII acompa\u00f1a a los lime\u00f1os, una manifestaci\u00f3n de fe que atraviesa generaciones. El \u2018Cristo de Pachacamilla\u2019, cuya devoci\u00f3n ha trascendido fronteras, recorrer\u00e1 la capital en el tradicional Mes [&hellip;]\" \/>\n<meta property=\"og:url\" content=\"https:\/\/pulso27.com\/en\/actualidad\/procesion-del-senor-de-los-milagros-2024-avivara-de-fe-y-tradicion-a-lima\/\" \/>\n<meta property=\"og:site_name\" content=\"Pulso27\" \/>\n<meta property=\"article:publisher\" content=\"https:\/\/www.facebook.com\/pulso27\/\" \/>\n<meta property=\"article:published_time\" content=\"2024-09-27T05:44:15+00:00\" \/>\n<meta property=\"article:modified_time\" content=\"2024-10-21T04:08:17+00:00\" \/>\n<meta property=\"og:image\" content=\"https:\/\/pulso27.com\/wp-content\/uploads\/2024\/09\/Procesion.png\" \/>\n\t<meta property=\"og:image:width\" content=\"1000\" \/>\n\t<meta property=\"og:image:height\" content=\"800\" \/>\n\t<meta property=\"og:image:type\" content=\"image\/png\" \/>\n<meta name=\"author\" content=\"Tupaq\" \/>\n<meta name=\"twitter:card\" content=\"summary_large_image\" \/>\n<meta name=\"twitter:creator\" content=\"@Pulso_27\" \/>\n<meta name=\"twitter:site\" content=\"@Pulso_27\" \/>\n<meta name=\"twitter:label1\" content=\"Written by\" \/>\n\t<meta name=\"twitter:data1\" content=\"Tupaq\" \/>\n\t<meta name=\"twitter:label2\" content=\"Est. reading time\" \/>\n\t<meta name=\"twitter:data2\" content=\"4 minutes\" \/>\n<script type=\"application\/ld+json\" class=\"yoast-schema-graph\">{\"@context\":\"https:\\\/\\\/schema.org\",\"@graph\":[{\"@type\":\"Article\",\"@id\":\"https:\\\/\\\/pulso27.com\\\/actualidad\\\/procesion-del-senor-de-los-milagros-2024-avivara-de-fe-y-tradicion-a-lima\\\/#article\",\"isPartOf\":{\"@id\":\"https:\\\/\\\/pulso27.com\\\/actualidad\\\/procesion-del-senor-de-los-milagros-2024-avivara-de-fe-y-tradicion-a-lima\\\/\"},\"author\":{\"name\":\"Tupaq\",\"@id\":\"https:\\\/\\\/pulso27.com\\\/en\\\/#\\\/schema\\\/person\\\/d20fd7f5bc7f2e53fd150d43fca07a78\"},\"headline\":\"Procesi\u00f3n del Se\u00f1or de los Milagros 2024 avivar\u00e1 de fe y tradici\u00f3n a Lima\",\"datePublished\":\"2024-09-27T05:44:15+00:00\",\"dateModified\":\"2024-10-21T04:08:17+00:00\",\"mainEntityOfPage\":{\"@id\":\"https:\\\/\\\/pulso27.com\\\/actualidad\\\/procesion-del-senor-de-los-milagros-2024-avivara-de-fe-y-tradicion-a-lima\\\/\"},\"wordCount\":734,\"commentCount\":0,\"publisher\":{\"@id\":\"https:\\\/\\\/pulso27.com\\\/en\\\/#organization\"},\"image\":{\"@id\":\"https:\\\/\\\/pulso27.com\\\/actualidad\\\/procesion-del-senor-de-los-milagros-2024-avivara-de-fe-y-tradicion-a-lima\\\/#primaryimage\"},\"thumbnailUrl\":\"https:\\\/\\\/pulso27.com\\\/wp-content\\\/uploads\\\/2024\\\/09\\\/Procesion.png\",\"keywords\":[\"CristoDePachacamilla\",\"Lima\",\"MesMorado\",\"Procesi\u00f3n\",\"Religi\u00f3n\",\"Se\u00f1orDeLosMilagros\"],\"articleSection\":[\"Actualidad\",\"Costumbre y tradiciones\",\"Cultura\",\"Sociedad\"],\"inLanguage\":\"en-US\",\"potentialAction\":[{\"@type\":\"CommentAction\",\"name\":\"Comment\",\"target\":[\"https:\\\/\\\/pulso27.com\\\/actualidad\\\/procesion-del-senor-de-los-milagros-2024-avivara-de-fe-y-tradicion-a-lima\\\/#respond\"]}]},{\"@type\":\"WebPage\",\"@id\":\"https:\\\/\\\/pulso27.com\\\/actualidad\\\/procesion-del-senor-de-los-milagros-2024-avivara-de-fe-y-tradicion-a-lima\\\/\",\"url\":\"https:\\\/\\\/pulso27.com\\\/actualidad\\\/procesion-del-senor-de-los-milagros-2024-avivara-de-fe-y-tradicion-a-lima\\\/\",\"name\":\"Procesi\u00f3n del Se\u00f1or de los Milagros 2024 avivar\u00e1 de fe y tradici\u00f3n a Lima - Pulso27\",\"isPartOf\":{\"@id\":\"https:\\\/\\\/pulso27.com\\\/en\\\/#website\"},\"primaryImageOfPage\":{\"@id\":\"https:\\\/\\\/pulso27.com\\\/actualidad\\\/procesion-del-senor-de-los-milagros-2024-avivara-de-fe-y-tradicion-a-lima\\\/#primaryimage\"},\"image\":{\"@id\":\"https:\\\/\\\/pulso27.com\\\/actualidad\\\/procesion-del-senor-de-los-milagros-2024-avivara-de-fe-y-tradicion-a-lima\\\/#primaryimage\"},\"thumbnailUrl\":\"https:\\\/\\\/pulso27.com\\\/wp-content\\\/uploads\\\/2024\\\/09\\\/Procesion.png\",\"datePublished\":\"2024-09-27T05:44:15+00:00\",\"dateModified\":\"2024-10-21T04:08:17+00:00\",\"breadcrumb\":{\"@id\":\"https:\\\/\\\/pulso27.com\\\/actualidad\\\/procesion-del-senor-de-los-milagros-2024-avivara-de-fe-y-tradicion-a-lima\\\/#breadcrumb\"},\"inLanguage\":\"en-US\",\"potentialAction\":[{\"@type\":\"ReadAction\",\"target\":[\"https:\\\/\\\/pulso27.com\\\/actualidad\\\/procesion-del-senor-de-los-milagros-2024-avivara-de-fe-y-tradicion-a-lima\\\/\"]}]},{\"@type\":\"ImageObject\",\"inLanguage\":\"en-US\",\"@id\":\"https:\\\/\\\/pulso27.com\\\/actualidad\\\/procesion-del-senor-de-los-milagros-2024-avivara-de-fe-y-tradicion-a-lima\\\/#primaryimage\",\"url\":\"https:\\\/\\\/pulso27.com\\\/wp-content\\\/uploads\\\/2024\\\/09\\\/Procesion.png\",\"contentUrl\":\"https:\\\/\\\/pulso27.com\\\/wp-content\\\/uploads\\\/2024\\\/09\\\/Procesion.png\",\"width\":1000,\"height\":800},{\"@type\":\"BreadcrumbList\",\"@id\":\"https:\\\/\\\/pulso27.com\\\/actualidad\\\/procesion-del-senor-de-los-milagros-2024-avivara-de-fe-y-tradicion-a-lima\\\/#breadcrumb\",\"itemListElement\":[{\"@type\":\"ListItem\",\"position\":1,\"name\":\"Portada\",\"item\":\"https:\\\/\\\/pulso27.com\\\/\"},{\"@type\":\"ListItem\",\"position\":2,\"name\":\"Procesi\u00f3n del Se\u00f1or de los Milagros 2024 avivar\u00e1 de fe y tradici\u00f3n a Lima\"}]},{\"@type\":\"WebSite\",\"@id\":\"https:\\\/\\\/pulso27.com\\\/en\\\/#website\",\"url\":\"https:\\\/\\\/pulso27.com\\\/en\\\/\",\"name\":\"Pulso27\",\"description\":\"Web de noticias y publicidad\",\"publisher\":{\"@id\":\"https:\\\/\\\/pulso27.com\\\/en\\\/#organization\"},\"alternateName\":\"El pulso del pueblo\",\"potentialAction\":[{\"@type\":\"SearchAction\",\"target\":{\"@type\":\"EntryPoint\",\"urlTemplate\":\"https:\\\/\\\/pulso27.com\\\/en\\\/?s={search_term_string}\"},\"query-input\":{\"@type\":\"PropertyValueSpecification\",\"valueRequired\":true,\"valueName\":\"search_term_string\"}}],\"inLanguage\":\"en-US\"},{\"@type\":\"Organization\",\"@id\":\"https:\\\/\\\/pulso27.com\\\/en\\\/#organization\",\"name\":\"Pulso27\",\"url\":\"https:\\\/\\\/pulso27.com\\\/en\\\/\",\"logo\":{\"@type\":\"ImageObject\",\"inLanguage\":\"en-US\",\"@id\":\"https:\\\/\\\/pulso27.com\\\/en\\\/#\\\/schema\\\/logo\\\/image\\\/\",\"url\":\"https:\\\/\\\/pulso27.com\\\/wp-content\\\/uploads\\\/2026\\\/02\\\/Logotipo-de-la-organizacion-696-x-696-px-ok.png\",\"contentUrl\":\"https:\\\/\\\/pulso27.com\\\/wp-content\\\/uploads\\\/2026\\\/02\\\/Logotipo-de-la-organizacion-696-x-696-px-ok.png\",\"width\":696,\"height\":696,\"caption\":\"Pulso27\"},\"image\":{\"@id\":\"https:\\\/\\\/pulso27.com\\\/en\\\/#\\\/schema\\\/logo\\\/image\\\/\"},\"sameAs\":[\"https:\\\/\\\/www.facebook.com\\\/pulso27\\\/\",\"https:\\\/\\\/x.com\\\/Pulso_27\",\"https:\\\/\\\/www.youtube.com\\\/@Pulso27\",\"https:\\\/\\\/www.tiktok.com\\\/@pulso_27\"]},{\"@type\":\"Person\",\"@id\":\"https:\\\/\\\/pulso27.com\\\/en\\\/#\\\/schema\\\/person\\\/d20fd7f5bc7f2e53fd150d43fca07a78\",\"name\":\"Tupaq\",\"image\":{\"@type\":\"ImageObject\",\"inLanguage\":\"en-US\",\"@id\":\"https:\\\/\\\/secure.gravatar.com\\\/avatar\\\/7929e9b034aeea560319a601e4f04c59eb5f45a79eafe192adabb67e9604e7e7?s=96&d=mm&r=g\",\"url\":\"https:\\\/\\\/secure.gravatar.com\\\/avatar\\\/7929e9b034aeea560319a601e4f04c59eb5f45a79eafe192adabb67e9604e7e7?s=96&d=mm&r=g\",\"contentUrl\":\"https:\\\/\\\/secure.gravatar.com\\\/avatar\\\/7929e9b034aeea560319a601e4f04c59eb5f45a79eafe192adabb67e9604e7e7?s=96&d=mm&r=g\",\"caption\":\"Tupaq\"},\"url\":\"https:\\\/\\\/pulso27.com\\\/en\\\/author\\\/tupaq\\\/\"}]}<\/script>\n<!-- \/ Yoast SEO plugin. -->","yoast_head_json":{"title":"Procesi\u00f3n del Se\u00f1or de los Milagros 2024 avivar\u00e1 de fe y tradici\u00f3n a Lima - Pulso27","robots":{"index":"index","follow":"follow","max-snippet":"max-snippet:-1","max-image-preview":"max-image-preview:large","max-video-preview":"max-video-preview:-1"},"canonical":"https:\/\/pulso27.com\/en\/actualidad\/procesion-del-senor-de-los-milagros-2024-avivara-de-fe-y-tradicion-a-lima\/","og_locale":"en_US","og_type":"article","og_title":"Procesi\u00f3n del Se\u00f1or de los Milagros 2024 avivar\u00e1 de fe y tradici\u00f3n a Lima - Pulso27","og_description":"En 2024, por tercer a\u00f1o consecutivo tras la paralizaci\u00f3n debido a la pandemia, las calles del Centro Hist\u00f3rico ser\u00e1n testigos del fervor religioso que desde el siglo XVII acompa\u00f1a a los lime\u00f1os, una manifestaci\u00f3n de fe que atraviesa generaciones. El \u2018Cristo de Pachacamilla\u2019, cuya devoci\u00f3n ha trascendido fronteras, recorrer\u00e1 la capital en el tradicional Mes [&hellip;]","og_url":"https:\/\/pulso27.com\/en\/actualidad\/procesion-del-senor-de-los-milagros-2024-avivara-de-fe-y-tradicion-a-lima\/","og_site_name":"Pulso27","article_publisher":"https:\/\/www.facebook.com\/pulso27\/","article_published_time":"2024-09-27T05:44:15+00:00","article_modified_time":"2024-10-21T04:08:17+00:00","og_image":[{"width":1000,"height":800,"url":"https:\/\/pulso27.com\/wp-content\/uploads\/2024\/09\/Procesion.png","type":"image\/png"}],"author":"Tupaq","twitter_card":"summary_large_image","twitter_creator":"@Pulso_27","twitter_site":"@Pulso_27","twitter_misc":{"Written by":"Tupaq","Est. reading time":"4 minutes"},"schema":{"@context":"https:\/\/schema.org","@graph":[{"@type":"Article","@id":"https:\/\/pulso27.com\/actualidad\/procesion-del-senor-de-los-milagros-2024-avivara-de-fe-y-tradicion-a-lima\/#article","isPartOf":{"@id":"https:\/\/pulso27.com\/actualidad\/procesion-del-senor-de-los-milagros-2024-avivara-de-fe-y-tradicion-a-lima\/"},"author":{"name":"Tupaq","@id":"https:\/\/pulso27.com\/en\/#\/schema\/person\/d20fd7f5bc7f2e53fd150d43fca07a78"},"headline":"Procesi\u00f3n del Se\u00f1or de los Milagros 2024 avivar\u00e1 de fe y tradici\u00f3n a Lima","datePublished":"2024-09-27T05:44:15+00:00","dateModified":"2024-10-21T04:08:17+00:00","mainEntityOfPage":{"@id":"https:\/\/pulso27.com\/actualidad\/procesion-del-senor-de-los-milagros-2024-avivara-de-fe-y-tradicion-a-lima\/"},"wordCount":734,"commentCount":0,"publisher":{"@id":"https:\/\/pulso27.com\/en\/#organization"},"image":{"@id":"https:\/\/pulso27.com\/actualidad\/procesion-del-senor-de-los-milagros-2024-avivara-de-fe-y-tradicion-a-lima\/#primaryimage"},"thumbnailUrl":"https:\/\/pulso27.com\/wp-content\/uploads\/2024\/09\/Procesion.png","keywords":["CristoDePachacamilla","Lima","MesMorado","Procesi\u00f3n","Religi\u00f3n","Se\u00f1orDeLosMilagros"],"articleSection":["Actualidad","Costumbre y tradiciones","Cultura","Sociedad"],"inLanguage":"en-US","potentialAction":[{"@type":"CommentAction","name":"Comment","target":["https:\/\/pulso27.com\/actualidad\/procesion-del-senor-de-los-milagros-2024-avivara-de-fe-y-tradicion-a-lima\/#respond"]}]},{"@type":"WebPage","@id":"https:\/\/pulso27.com\/actualidad\/procesion-del-senor-de-los-milagros-2024-avivara-de-fe-y-tradicion-a-lima\/","url":"https:\/\/pulso27.com\/actualidad\/procesion-del-senor-de-los-milagros-2024-avivara-de-fe-y-tradicion-a-lima\/","name":"Procesi\u00f3n del Se\u00f1or de los Milagros 2024 avivar\u00e1 de fe y tradici\u00f3n a Lima - Pulso27","isPartOf":{"@id":"https:\/\/pulso27.com\/en\/#website"},"primaryImageOfPage":{"@id":"https:\/\/pulso27.com\/actualidad\/procesion-del-senor-de-los-milagros-2024-avivara-de-fe-y-tradicion-a-lima\/#primaryimage"},"image":{"@id":"https:\/\/pulso27.com\/actualidad\/procesion-del-senor-de-los-milagros-2024-avivara-de-fe-y-tradicion-a-lima\/#primaryimage"},"thumbnailUrl":"https:\/\/pulso27.com\/wp-content\/uploads\/2024\/09\/Procesion.png","datePublished":"2024-09-27T05:44:15+00:00","dateModified":"2024-10-21T04:08:17+00:00","breadcrumb":{"@id":"https:\/\/pulso27.com\/actualidad\/procesion-del-senor-de-los-milagros-2024-avivara-de-fe-y-tradicion-a-lima\/#breadcrumb"},"inLanguage":"en-US","potentialAction":[{"@type":"ReadAction","target":["https:\/\/pulso27.com\/actualidad\/procesion-del-senor-de-los-milagros-2024-avivara-de-fe-y-tradicion-a-lima\/"]}]},{"@type":"ImageObject","inLanguage":"en-US","@id":"https:\/\/pulso27.com\/actualidad\/procesion-del-senor-de-los-milagros-2024-avivara-de-fe-y-tradicion-a-lima\/#primaryimage","url":"https:\/\/pulso27.com\/wp-content\/uploads\/2024\/09\/Procesion.png","contentUrl":"https:\/\/pulso27.com\/wp-content\/uploads\/2024\/09\/Procesion.png","width":1000,"height":800},{"@type":"BreadcrumbList","@id":"https:\/\/pulso27.com\/actualidad\/procesion-del-senor-de-los-milagros-2024-avivara-de-fe-y-tradicion-a-lima\/#breadcrumb","itemListElement":[{"@type":"ListItem","position":1,"name":"Portada","item":"https:\/\/pulso27.com\/"},{"@type":"ListItem","position":2,"name":"Procesi\u00f3n del Se\u00f1or de los Milagros 2024 avivar\u00e1 de fe y tradici\u00f3n a Lima"}]},{"@type":"WebSite","@id":"https:\/\/pulso27.com\/en\/#website","url":"https:\/\/pulso27.com\/en\/","name":"Pulso27","description":"Web de noticias y publicidad","publisher":{"@id":"https:\/\/pulso27.com\/en\/#organization"},"alternateName":"El pulso del pueblo","potentialAction":[{"@type":"SearchAction","target":{"@type":"EntryPoint","urlTemplate":"https:\/\/pulso27.com\/en\/?s={search_term_string}"},"query-input":{"@type":"PropertyValueSpecification","valueRequired":true,"valueName":"search_term_string"}}],"inLanguage":"en-US"},{"@type":"Organization","@id":"https:\/\/pulso27.com\/en\/#organization","name":"Pulso27","url":"https:\/\/pulso27.com\/en\/","logo":{"@type":"ImageObject","inLanguage":"en-US","@id":"https:\/\/pulso27.com\/en\/#\/schema\/logo\/image\/","url":"https:\/\/pulso27.com\/wp-content\/uploads\/2026\/02\/Logotipo-de-la-organizacion-696-x-696-px-ok.png","contentUrl":"https:\/\/pulso27.com\/wp-content\/uploads\/2026\/02\/Logotipo-de-la-organizacion-696-x-696-px-ok.png","width":696,"height":696,"caption":"Pulso27"},"image":{"@id":"https:\/\/pulso27.com\/en\/#\/schema\/logo\/image\/"},"sameAs":["https:\/\/www.facebook.com\/pulso27\/","https:\/\/x.com\/Pulso_27","https:\/\/www.youtube.com\/@Pulso27","https:\/\/www.tiktok.com\/@pulso_27"]},{"@type":"Person","@id":"https:\/\/pulso27.com\/en\/#\/schema\/person\/d20fd7f5bc7f2e53fd150d43fca07a78","name":"Tupaq","image":{"@type":"ImageObject","inLanguage":"en-US","@id":"https:\/\/secure.gravatar.com\/avatar\/7929e9b034aeea560319a601e4f04c59eb5f45a79eafe192adabb67e9604e7e7?s=96&d=mm&r=g","url":"https:\/\/secure.gravatar.com\/avatar\/7929e9b034aeea560319a601e4f04c59eb5f45a79eafe192adabb67e9604e7e7?s=96&d=mm&r=g","contentUrl":"https:\/\/secure.gravatar.com\/avatar\/7929e9b034aeea560319a601e4f04c59eb5f45a79eafe192adabb67e9604e7e7?s=96&d=mm&r=g","caption":"Tupaq"},"url":"https:\/\/pulso27.com\/en\/author\/tupaq\/"}]}},"amp_enabled":true,"_links":{"self":[{"href":"https:\/\/pulso27.com\/en\/wp-json\/wp\/v2\/posts\/2187","targetHints":{"allow":["GET"]}}],"collection":[{"href":"https:\/\/pulso27.com\/en\/wp-json\/wp\/v2\/posts"}],"about":[{"href":"https:\/\/pulso27.com\/en\/wp-json\/wp\/v2\/types\/post"}],"author":[{"embeddable":true,"href":"https:\/\/pulso27.com\/en\/wp-json\/wp\/v2\/users\/7"}],"replies":[{"embeddable":true,"href":"https:\/\/pulso27.com\/en\/wp-json\/wp\/v2\/comments?post=2187"}],"version-history":[{"count":1,"href":"https:\/\/pulso27.com\/en\/wp-json\/wp\/v2\/posts\/2187\/revisions"}],"predecessor-version":[{"id":2191,"href":"https:\/\/pulso27.com\/en\/wp-json\/wp\/v2\/posts\/2187\/revisions\/2191"}],"wp:featuredmedia":[{"embeddable":true,"href":"https:\/\/pulso27.com\/en\/wp-json\/wp\/v2\/media\/2190"}],"wp:attachment":[{"href":"https:\/\/pulso27.com\/en\/wp-json\/wp\/v2\/media?parent=2187"}],"wp:term":[{"taxonomy":"category","embeddable":true,"href":"https:\/\/pulso27.com\/en\/wp-json\/wp\/v2\/categories?post=2187"},{"taxonomy":"post_tag","embeddable":true,"href":"https:\/\/pulso27.com\/en\/wp-json\/wp\/v2\/tags?post=2187"}],"curies":[{"name":"wp","href":"https:\/\/api.w.org\/{rel}","templated":true}]}}