{"id":2215,"date":"2024-10-06T07:16:22","date_gmt":"2024-10-06T02:16:22","guid":{"rendered":"https:\/\/pulso27.com\/?p=2215"},"modified":"2024-10-21T09:08:15","modified_gmt":"2024-10-21T04:08:15","slug":"vladimir-y-waldemar-cerron-intentaron-beneficiarse-con-ley-impulsada-por-su-bancada","status":"publish","type":"post","link":"https:\/\/pulso27.com\/en\/nacional\/vladimir-y-waldemar-cerron-intentaron-beneficiarse-con-ley-impulsada-por-su-bancada\/","title":{"rendered":"Vladimir y Waldemar Cerr\u00f3n intentaron beneficiarse con ley impulsada por su bancada"},"content":{"rendered":"<p>En medio de la controversia por la reciente Ley N.\u00ba 32108, el l\u00edder de Per\u00fa Libre, Vladimir Cerr\u00f3n, y su hermano, el congresista Waldemar Cerr\u00f3n, enfrentan un nuevo rev\u00e9s judicial en su intento de archivar las acusaciones en su contra por el caso \u00abLos Din\u00e1micos del Centro\u00bb.<\/p>\n\n\n\n<p>Pese a los esfuerzos de los Cerr\u00f3n para beneficiarse de una norma que ellos mismos impulsaron en el Congreso, utilizando la bancada de Per\u00fa Libre, el juez Jorge Ch\u00e1vez Tamariz resolvi\u00f3 que la ley no pod\u00eda aplicarse en su caso, manteniendo la investigaci\u00f3n abierta por el presunto delito de organizaci\u00f3n criminal.<\/p>\n\n\n\n<h3 class=\"wp-block-heading\">El caso \u00abLos Din\u00e1micos del Centro\u00bb<\/h3>\n\n\n\n<p>Vladimir Cerr\u00f3n, pr\u00f3fugo de la justicia, y Waldemar Cerr\u00f3n, congresista y vicepresidente del Congreso, ahora aliados de Keiko Fujimori jefa de Fuerza Popular, est\u00e1n involucrados en la investigaci\u00f3n por organizaci\u00f3n criminal debido a su presunta participaci\u00f3n en la red de corrupci\u00f3n conocida como \u00abLos Din\u00e1micos del Centro\u00bb.<\/p>\n\n\n\n<p>Seg\u00fan las indagaciones de la fiscal\u00eda. Esta organizaci\u00f3n habr\u00eda operado desde el Gobierno Regional de Jun\u00edn, dirigido en su momento por Vladimir Cerr\u00f3n, extendiendo sus actividades il\u00edcitas a nivel nacional.  Al respecto, la defensa de los hermanos Cerr\u00f3n intent\u00f3 que se aplicara la Ley N.\u00ba 32108, promulgada el 9 de agosto, que modifica aspectos clave en la definici\u00f3n de crimen organizado.<\/p>\n\n\n\n<p>Por lo que, el abogado de los Cerr\u00f3n, Arturo Silva Rojas, solicit\u00f3 el archivo de la investigaci\u00f3n bas\u00e1ndose en esta nueva norma. No obstante, el juez Ch\u00e1vez Tamariz rechaz\u00f3 este pedido, argumentando que, aunque la ley es constitucional, su aplicaci\u00f3n debe estar alineada con los tratados internacionales, espec\u00edficamente la Convenci\u00f3n de Palermo, que establece par\u00e1metros m\u00e1s amplios para delitos relacionados con organizaciones criminales.<\/p>\n\n\n\n<h3 class=\"wp-block-heading\">El papel de la Convenci\u00f3n de Palermo<\/h3>\n\n\n\n<p>La Convenci\u00f3n de Palermo, ratificada por Per\u00fa en 2002, es un tratado internacional clave en la lucha contra la delincuencia organizada. Seg\u00fan esta convenci\u00f3n, la definici\u00f3n de crimen organizado no se limita \u00fanicamente a la duraci\u00f3n de la pena, sino que abarca tambi\u00e9n la gravedad del delito y su naturaleza transnacional.<\/p>\n\n\n\n<p>El juez Ch\u00e1vez Tamariz, al interpretar la Ley N.\u00ba 32108 bajo el marco de la Convenci\u00f3n de Palermo, se\u00f1al\u00f3 que la norma debe aplicarse de manera coherente con los compromisos internacionales asumidos por el Per\u00fa. Siendo determinante para desestimar la solicitud de los hermanos Cerr\u00f3n, quienes esperaban que la ley modificada facilitara el archivo de su caso, porque al parecer ese habr\u00eda sido los acuerdos arribados con las otras fuerzas pol\u00edticas que se beneficiar\u00edan de todas maneras porque ellos no impulsaron.<\/p>\n\n\n\n<figure class=\"wp-block-image size-large\"><img loading=\"lazy\" decoding=\"async\" width=\"1024\" height=\"576\" src=\"https:\/\/pulso27.com\/wp-content\/uploads\/2024\/10\/image-4-1024x576.png\" alt=\"\" class=\"wp-image-2217\" srcset=\"https:\/\/pulso27.com\/wp-content\/uploads\/2024\/10\/image-4-1024x576.png 1024w, https:\/\/pulso27.com\/wp-content\/uploads\/2024\/10\/image-4-300x169.png 300w, https:\/\/pulso27.com\/wp-content\/uploads\/2024\/10\/image-4-768x432.png 768w, https:\/\/pulso27.com\/wp-content\/uploads\/2024\/10\/image-4-18x10.png 18w, https:\/\/pulso27.com\/wp-content\/uploads\/2024\/10\/image-4.png 1200w\" sizes=\"auto, (max-width: 1024px) 100vw, 1024px\" \/><figcaption class=\"wp-element-caption\"><em>Per\u00fa Libre y Fuerza Popular s\u00ed tendr\u00edan alianza en el Congreso y el gobierno de Dina Boluarte<\/em><\/figcaption><\/figure>\n\n\n\n<h3 class=\"wp-block-heading\">Manipulaci\u00f3n legislativa<\/h3>\n\n\n\n<p>El fallo del juez tambi\u00e9n expuso una preocupante tendencia dentro del Congreso de la Rep\u00fablica. Desde octubre de 2023, Waldemar Cerr\u00f3n ha impulsado numerosos proyectos legislativos que buscan modificar aspectos clave del sistema de justicia. Muchos de estos proyectos han sido interpretados como intentos de debilitar las instituciones judiciales para favorecer a su hermano, Vladimir Cerr\u00f3n, quien se encuentra en la clandestinidad tras ser condenado por colusi\u00f3n en el caso Aer\u00f3dromo Wanka.<\/p>\n\n\n\n<p>Entre estas iniciativas destaca un proyecto que propon\u00eda la creaci\u00f3n de una comisi\u00f3n parlamentaria para fiscalizar la actuaci\u00f3n de jueces y fiscales, generando rechazo de diversas instituciones del Estado, que la calificaron como un atentado contra la independencia judicial.<\/p>\n\n\n\n<h3 class=\"wp-block-heading\">La respuesta judicial<\/h3>\n\n\n\n<p>En su resoluci\u00f3n, el juez Jorge Ch\u00e1vez Tamariz aclar\u00f3 que la Ley N.\u00ba 32108 no puede ser aplicada de manera arbitraria para favorecer a los hermanos Cerr\u00f3n, ya que debe interpretarse de manera coherente con los tratados internacionales. Asimismo, subray\u00f3 que la jurisprudencia internacional establece que nadie puede beneficiarse de su propio fraude, haciendo referencia a la vinculaci\u00f3n directa de Waldemar Cerr\u00f3n en la elaboraci\u00f3n y aprobaci\u00f3n de la norma, que si bien es cierto fue presentada por la Bancada Per\u00fa Libre, le atribuyen dominio completo sobre las decisiones de sus integrantes.<\/p>\n\n\n\n<p>A pesar de la decisi\u00f3n judicial, la defensa de los hermanos Cerr\u00f3n ha anunciado que apelar\u00e1 el fallo, lo que augura una prolongada batalla legal. No obstante, este caso pone en evidencia los intentos del bloque de Per\u00fa Libre por instrumentalizar el Congreso en favor de intereses personales, utilizando la legislaci\u00f3n como herramienta para evadir la justicia. Por lo que, sorprende a muchos que contin\u00faa victimiz\u00e1ndose con supuestas persecuciones a su persona, cuando la realidad es que existe un contubernio con los partidos que gobiernan desde el Congreso y disponen las acciones gubernamentales a trav\u00e9s o en coordinaci\u00f3n con quien ocupa el sill\u00f3n presidencial.<\/p>\n\n\n\n<h3 class=\"wp-block-heading\">Un Congreso cuestionado<\/h3>\n\n\n\n<p>La estrategia de los Cerr\u00f3n para manipular la legislaci\u00f3n ha sido objeto de cr\u00edticas no solo por parte de sectores pol\u00edticos, sino tambi\u00e9n por instituciones como el Poder Judicial y el Ministerio P\u00fablico. La reciente propuesta de Waldemar Cerr\u00f3n para fiscalizar la actuaci\u00f3n de jueces y fiscales es vista como un ataque a la independencia del sistema judicial, y ha generado un fuerte rechazo dentro del Congreso y entre especialistas en derecho constitucional.<\/p>\n\n\n\n<figure class=\"wp-block-image size-full\"><img loading=\"lazy\" decoding=\"async\" width=\"1024\" height=\"683\" src=\"https:\/\/pulso27.com\/wp-content\/uploads\/2024\/10\/image-5.png\" alt=\"\" class=\"wp-image-2218\" srcset=\"https:\/\/pulso27.com\/wp-content\/uploads\/2024\/10\/image-5.png 1024w, https:\/\/pulso27.com\/wp-content\/uploads\/2024\/10\/image-5-300x200.png 300w, https:\/\/pulso27.com\/wp-content\/uploads\/2024\/10\/image-5-768x512.png 768w, https:\/\/pulso27.com\/wp-content\/uploads\/2024\/10\/image-5-18x12.png 18w\" sizes=\"auto, (max-width: 1024px) 100vw, 1024px\" \/><figcaption class=\"wp-element-caption\"><em>Un Congreso de la Rep\u00fablica cada vez m\u00e1s cuestionado por la aprobaci\u00f3n de leyes cuestionables<\/em><\/figcaption><\/figure>\n\n\n\n<p>El caso de los hermanos Cerr\u00f3n, junto con la pol\u00e9mica Ley N.\u00ba 32108, expone los peligros de usar el poder legislativo para fines personales. Aunque la norma fue promulgada con el objetivo de fortalecer la lucha contra el crimen organizado, los vac\u00edos legales que presenta han abierto una puerta para su interpretaci\u00f3n sesgada. En este contexto, la intervenci\u00f3n del juez Ch\u00e1vez Tamariz ha sido crucial para garantizar que la justicia no se vea comprometida por intereses pol\u00edticos.<\/p>\n\n\n\n<p>El rechazo del juez a la aplicaci\u00f3n de la Ley N.\u00ba 32108 en el caso de \u00abLos Din\u00e1micos del Centro\u00bb marca un importante precedente en la lucha contra la corrupci\u00f3n y el crimen organizado en Per\u00fa. Aunque los Cerr\u00f3n a\u00fan pueden apelar, esta decisi\u00f3n refuerza la necesidad de mantener la integridad de las instituciones judiciales y legislativas en un momento cr\u00edtico para el pa\u00eds, donde est\u00e1 cada vez m\u00e1s claro la alianza de los Cerr\u00f3n Rojas con los Fujimori, Acu\u00f1a y otros, que coincidentemente, tienen denuncias similares.<\/p>\n\n\n\n<p>Fuente: Webs y redes de noticias<\/p>","protected":false},"excerpt":{"rendered":"<p>En medio de la controversia por la reciente Ley N.\u00ba 32108, el l\u00edder de Per\u00fa Libre, Vladimir Cerr\u00f3n, y su hermano, el congresista Waldemar Cerr\u00f3n, enfrentan un nuevo rev\u00e9s judicial en su intento de archivar las acusaciones en su contra por el caso \u00abLos Din\u00e1micos del Centro\u00bb. Pese a los esfuerzos de los Cerr\u00f3n para [&hellip;]<\/p>\n","protected":false},"author":10,"featured_media":2216,"comment_status":"open","ping_status":"open","sticky":false,"template":"","format":"standard","meta":{"footnotes":""},"categories":[174,180],"tags":[858,860,443,444,859],"class_list":["post-2215","post","type-post","status-publish","format-standard","has-post-thumbnail","hentry","category-nacional","category-politica","tag-ley-n-o-32108","tag-losdinamicosdelcentro","tag-perulibre","tag-vladimircerron","tag-waldemarcerron"],"yoast_head":"<!-- This site is optimized with the Yoast SEO plugin v27.4 - https:\/\/yoast.com\/product\/yoast-seo-wordpress\/ -->\n<title>Vladimir y Waldemar Cerr\u00f3n intentaron beneficiarse con ley impulsada por su bancada - Pulso27<\/title>\n<meta name=\"robots\" content=\"index, follow, max-snippet:-1, max-image-preview:large, max-video-preview:-1\" \/>\n<link rel=\"canonical\" href=\"https:\/\/pulso27.com\/en\/nacional\/vladimir-y-waldemar-cerron-intentaron-beneficiarse-con-ley-impulsada-por-su-bancada\/\" \/>\n<meta property=\"og:locale\" content=\"en_US\" \/>\n<meta property=\"og:type\" content=\"article\" \/>\n<meta property=\"og:title\" content=\"Vladimir y Waldemar Cerr\u00f3n intentaron beneficiarse con ley impulsada por su bancada - Pulso27\" \/>\n<meta property=\"og:description\" content=\"En medio de la controversia por la reciente Ley N.\u00ba 32108, el l\u00edder de Per\u00fa Libre, Vladimir Cerr\u00f3n, y su hermano, el congresista Waldemar Cerr\u00f3n, enfrentan un nuevo rev\u00e9s judicial en su intento de archivar las acusaciones en su contra por el caso \u00abLos Din\u00e1micos del Centro\u00bb. Pese a los esfuerzos de los Cerr\u00f3n para [&hellip;]\" \/>\n<meta property=\"og:url\" content=\"https:\/\/pulso27.com\/en\/nacional\/vladimir-y-waldemar-cerron-intentaron-beneficiarse-con-ley-impulsada-por-su-bancada\/\" \/>\n<meta property=\"og:site_name\" content=\"Pulso27\" \/>\n<meta property=\"article:publisher\" content=\"https:\/\/www.facebook.com\/pulso27\/\" \/>\n<meta property=\"article:published_time\" content=\"2024-10-06T02:16:22+00:00\" \/>\n<meta property=\"article:modified_time\" content=\"2024-10-21T04:08:15+00:00\" \/>\n<meta property=\"og:image\" content=\"https:\/\/pulso27.com\/wp-content\/uploads\/2024\/10\/Vladimir-Waldemar.png\" \/>\n\t<meta property=\"og:image:width\" content=\"1000\" \/>\n\t<meta property=\"og:image:height\" content=\"800\" \/>\n\t<meta property=\"og:image:type\" content=\"image\/png\" \/>\n<meta name=\"author\" content=\"El Muki\" \/>\n<meta name=\"twitter:card\" content=\"summary_large_image\" \/>\n<meta name=\"twitter:creator\" content=\"@Pulso_27\" \/>\n<meta name=\"twitter:site\" content=\"@Pulso_27\" \/>\n<meta name=\"twitter:label1\" content=\"Written by\" \/>\n\t<meta name=\"twitter:data1\" content=\"El Muki\" \/>\n\t<meta name=\"twitter:label2\" content=\"Est. reading time\" \/>\n\t<meta name=\"twitter:data2\" content=\"6 minutes\" \/>\n<script type=\"application\/ld+json\" class=\"yoast-schema-graph\">{\"@context\":\"https:\\\/\\\/schema.org\",\"@graph\":[{\"@type\":\"Article\",\"@id\":\"https:\\\/\\\/pulso27.com\\\/nacional\\\/vladimir-y-waldemar-cerron-intentaron-beneficiarse-con-ley-impulsada-por-su-bancada\\\/#article\",\"isPartOf\":{\"@id\":\"https:\\\/\\\/pulso27.com\\\/nacional\\\/vladimir-y-waldemar-cerron-intentaron-beneficiarse-con-ley-impulsada-por-su-bancada\\\/\"},\"author\":{\"name\":\"El Muki\",\"@id\":\"https:\\\/\\\/pulso27.com\\\/en\\\/#\\\/schema\\\/person\\\/a0930a7f318e7d9d83bd7cffed9f34f6\"},\"headline\":\"Vladimir y Waldemar Cerr\u00f3n intentaron beneficiarse con ley impulsada por su bancada\",\"datePublished\":\"2024-10-06T02:16:22+00:00\",\"dateModified\":\"2024-10-21T04:08:15+00:00\",\"mainEntityOfPage\":{\"@id\":\"https:\\\/\\\/pulso27.com\\\/nacional\\\/vladimir-y-waldemar-cerron-intentaron-beneficiarse-con-ley-impulsada-por-su-bancada\\\/\"},\"wordCount\":1116,\"commentCount\":0,\"publisher\":{\"@id\":\"https:\\\/\\\/pulso27.com\\\/en\\\/#organization\"},\"image\":{\"@id\":\"https:\\\/\\\/pulso27.com\\\/nacional\\\/vladimir-y-waldemar-cerron-intentaron-beneficiarse-con-ley-impulsada-por-su-bancada\\\/#primaryimage\"},\"thumbnailUrl\":\"https:\\\/\\\/pulso27.com\\\/wp-content\\\/uploads\\\/2024\\\/10\\\/Vladimir-Waldemar.png\",\"keywords\":[\"Ley N.\u00ba 32108\",\"LosDin\u00e1micosDelCentro\",\"Per\u00faLibre\",\"VladimirCerr\u00f3n\",\"WaldemarCerr\u00f3n\"],\"articleSection\":[\"Nacional\",\"Pol\u00edtica\"],\"inLanguage\":\"en-US\",\"potentialAction\":[{\"@type\":\"CommentAction\",\"name\":\"Comment\",\"target\":[\"https:\\\/\\\/pulso27.com\\\/nacional\\\/vladimir-y-waldemar-cerron-intentaron-beneficiarse-con-ley-impulsada-por-su-bancada\\\/#respond\"]}]},{\"@type\":\"WebPage\",\"@id\":\"https:\\\/\\\/pulso27.com\\\/nacional\\\/vladimir-y-waldemar-cerron-intentaron-beneficiarse-con-ley-impulsada-por-su-bancada\\\/\",\"url\":\"https:\\\/\\\/pulso27.com\\\/nacional\\\/vladimir-y-waldemar-cerron-intentaron-beneficiarse-con-ley-impulsada-por-su-bancada\\\/\",\"name\":\"Vladimir y Waldemar Cerr\u00f3n intentaron beneficiarse con ley impulsada por su bancada - Pulso27\",\"isPartOf\":{\"@id\":\"https:\\\/\\\/pulso27.com\\\/en\\\/#website\"},\"primaryImageOfPage\":{\"@id\":\"https:\\\/\\\/pulso27.com\\\/nacional\\\/vladimir-y-waldemar-cerron-intentaron-beneficiarse-con-ley-impulsada-por-su-bancada\\\/#primaryimage\"},\"image\":{\"@id\":\"https:\\\/\\\/pulso27.com\\\/nacional\\\/vladimir-y-waldemar-cerron-intentaron-beneficiarse-con-ley-impulsada-por-su-bancada\\\/#primaryimage\"},\"thumbnailUrl\":\"https:\\\/\\\/pulso27.com\\\/wp-content\\\/uploads\\\/2024\\\/10\\\/Vladimir-Waldemar.png\",\"datePublished\":\"2024-10-06T02:16:22+00:00\",\"dateModified\":\"2024-10-21T04:08:15+00:00\",\"breadcrumb\":{\"@id\":\"https:\\\/\\\/pulso27.com\\\/nacional\\\/vladimir-y-waldemar-cerron-intentaron-beneficiarse-con-ley-impulsada-por-su-bancada\\\/#breadcrumb\"},\"inLanguage\":\"en-US\",\"potentialAction\":[{\"@type\":\"ReadAction\",\"target\":[\"https:\\\/\\\/pulso27.com\\\/nacional\\\/vladimir-y-waldemar-cerron-intentaron-beneficiarse-con-ley-impulsada-por-su-bancada\\\/\"]}]},{\"@type\":\"ImageObject\",\"inLanguage\":\"en-US\",\"@id\":\"https:\\\/\\\/pulso27.com\\\/nacional\\\/vladimir-y-waldemar-cerron-intentaron-beneficiarse-con-ley-impulsada-por-su-bancada\\\/#primaryimage\",\"url\":\"https:\\\/\\\/pulso27.com\\\/wp-content\\\/uploads\\\/2024\\\/10\\\/Vladimir-Waldemar.png\",\"contentUrl\":\"https:\\\/\\\/pulso27.com\\\/wp-content\\\/uploads\\\/2024\\\/10\\\/Vladimir-Waldemar.png\",\"width\":1000,\"height\":800},{\"@type\":\"BreadcrumbList\",\"@id\":\"https:\\\/\\\/pulso27.com\\\/nacional\\\/vladimir-y-waldemar-cerron-intentaron-beneficiarse-con-ley-impulsada-por-su-bancada\\\/#breadcrumb\",\"itemListElement\":[{\"@type\":\"ListItem\",\"position\":1,\"name\":\"Portada\",\"item\":\"https:\\\/\\\/pulso27.com\\\/\"},{\"@type\":\"ListItem\",\"position\":2,\"name\":\"Vladimir y Waldemar Cerr\u00f3n intentaron beneficiarse con ley impulsada por su bancada\"}]},{\"@type\":\"WebSite\",\"@id\":\"https:\\\/\\\/pulso27.com\\\/en\\\/#website\",\"url\":\"https:\\\/\\\/pulso27.com\\\/en\\\/\",\"name\":\"Pulso27\",\"description\":\"Web de noticias y publicidad\",\"publisher\":{\"@id\":\"https:\\\/\\\/pulso27.com\\\/en\\\/#organization\"},\"alternateName\":\"El pulso del pueblo\",\"potentialAction\":[{\"@type\":\"SearchAction\",\"target\":{\"@type\":\"EntryPoint\",\"urlTemplate\":\"https:\\\/\\\/pulso27.com\\\/en\\\/?s={search_term_string}\"},\"query-input\":{\"@type\":\"PropertyValueSpecification\",\"valueRequired\":true,\"valueName\":\"search_term_string\"}}],\"inLanguage\":\"en-US\"},{\"@type\":\"Organization\",\"@id\":\"https:\\\/\\\/pulso27.com\\\/en\\\/#organization\",\"name\":\"Pulso27\",\"url\":\"https:\\\/\\\/pulso27.com\\\/en\\\/\",\"logo\":{\"@type\":\"ImageObject\",\"inLanguage\":\"en-US\",\"@id\":\"https:\\\/\\\/pulso27.com\\\/en\\\/#\\\/schema\\\/logo\\\/image\\\/\",\"url\":\"https:\\\/\\\/pulso27.com\\\/wp-content\\\/uploads\\\/2026\\\/02\\\/Logotipo-de-la-organizacion-696-x-696-px-ok.png\",\"contentUrl\":\"https:\\\/\\\/pulso27.com\\\/wp-content\\\/uploads\\\/2026\\\/02\\\/Logotipo-de-la-organizacion-696-x-696-px-ok.png\",\"width\":696,\"height\":696,\"caption\":\"Pulso27\"},\"image\":{\"@id\":\"https:\\\/\\\/pulso27.com\\\/en\\\/#\\\/schema\\\/logo\\\/image\\\/\"},\"sameAs\":[\"https:\\\/\\\/www.facebook.com\\\/pulso27\\\/\",\"https:\\\/\\\/x.com\\\/Pulso_27\",\"https:\\\/\\\/www.youtube.com\\\/@Pulso27\",\"https:\\\/\\\/www.tiktok.com\\\/@pulso_27\"]},{\"@type\":\"Person\",\"@id\":\"https:\\\/\\\/pulso27.com\\\/en\\\/#\\\/schema\\\/person\\\/a0930a7f318e7d9d83bd7cffed9f34f6\",\"name\":\"El Muki\",\"image\":{\"@type\":\"ImageObject\",\"inLanguage\":\"en-US\",\"@id\":\"https:\\\/\\\/secure.gravatar.com\\\/avatar\\\/dc91c2607c5eebda74cbb40d13031f489096c96ead89c4c30c17db262267b2b3?s=96&d=mm&r=g\",\"url\":\"https:\\\/\\\/secure.gravatar.com\\\/avatar\\\/dc91c2607c5eebda74cbb40d13031f489096c96ead89c4c30c17db262267b2b3?s=96&d=mm&r=g\",\"contentUrl\":\"https:\\\/\\\/secure.gravatar.com\\\/avatar\\\/dc91c2607c5eebda74cbb40d13031f489096c96ead89c4c30c17db262267b2b3?s=96&d=mm&r=g\",\"caption\":\"El Muki\"},\"sameAs\":[\"http:\\\/\\\/www.pulso27.com\"],\"url\":\"https:\\\/\\\/pulso27.com\\\/en\\\/author\\\/elcuervo\\\/\"}]}<\/script>\n<!-- \/ Yoast SEO plugin. -->","yoast_head_json":{"title":"Vladimir y Waldemar Cerr\u00f3n intentaron beneficiarse con ley impulsada por su bancada - Pulso27","robots":{"index":"index","follow":"follow","max-snippet":"max-snippet:-1","max-image-preview":"max-image-preview:large","max-video-preview":"max-video-preview:-1"},"canonical":"https:\/\/pulso27.com\/en\/nacional\/vladimir-y-waldemar-cerron-intentaron-beneficiarse-con-ley-impulsada-por-su-bancada\/","og_locale":"en_US","og_type":"article","og_title":"Vladimir y Waldemar Cerr\u00f3n intentaron beneficiarse con ley impulsada por su bancada - Pulso27","og_description":"En medio de la controversia por la reciente Ley N.\u00ba 32108, el l\u00edder de Per\u00fa Libre, Vladimir Cerr\u00f3n, y su hermano, el congresista Waldemar Cerr\u00f3n, enfrentan un nuevo rev\u00e9s judicial en su intento de archivar las acusaciones en su contra por el caso \u00abLos Din\u00e1micos del Centro\u00bb. Pese a los esfuerzos de los Cerr\u00f3n para [&hellip;]","og_url":"https:\/\/pulso27.com\/en\/nacional\/vladimir-y-waldemar-cerron-intentaron-beneficiarse-con-ley-impulsada-por-su-bancada\/","og_site_name":"Pulso27","article_publisher":"https:\/\/www.facebook.com\/pulso27\/","article_published_time":"2024-10-06T02:16:22+00:00","article_modified_time":"2024-10-21T04:08:15+00:00","og_image":[{"width":1000,"height":800,"url":"https:\/\/pulso27.com\/wp-content\/uploads\/2024\/10\/Vladimir-Waldemar.png","type":"image\/png"}],"author":"El Muki","twitter_card":"summary_large_image","twitter_creator":"@Pulso_27","twitter_site":"@Pulso_27","twitter_misc":{"Written by":"El Muki","Est. reading time":"6 minutes"},"schema":{"@context":"https:\/\/schema.org","@graph":[{"@type":"Article","@id":"https:\/\/pulso27.com\/nacional\/vladimir-y-waldemar-cerron-intentaron-beneficiarse-con-ley-impulsada-por-su-bancada\/#article","isPartOf":{"@id":"https:\/\/pulso27.com\/nacional\/vladimir-y-waldemar-cerron-intentaron-beneficiarse-con-ley-impulsada-por-su-bancada\/"},"author":{"name":"El Muki","@id":"https:\/\/pulso27.com\/en\/#\/schema\/person\/a0930a7f318e7d9d83bd7cffed9f34f6"},"headline":"Vladimir y Waldemar Cerr\u00f3n intentaron beneficiarse con ley impulsada por su bancada","datePublished":"2024-10-06T02:16:22+00:00","dateModified":"2024-10-21T04:08:15+00:00","mainEntityOfPage":{"@id":"https:\/\/pulso27.com\/nacional\/vladimir-y-waldemar-cerron-intentaron-beneficiarse-con-ley-impulsada-por-su-bancada\/"},"wordCount":1116,"commentCount":0,"publisher":{"@id":"https:\/\/pulso27.com\/en\/#organization"},"image":{"@id":"https:\/\/pulso27.com\/nacional\/vladimir-y-waldemar-cerron-intentaron-beneficiarse-con-ley-impulsada-por-su-bancada\/#primaryimage"},"thumbnailUrl":"https:\/\/pulso27.com\/wp-content\/uploads\/2024\/10\/Vladimir-Waldemar.png","keywords":["Ley N.\u00ba 32108","LosDin\u00e1micosDelCentro","Per\u00faLibre","VladimirCerr\u00f3n","WaldemarCerr\u00f3n"],"articleSection":["Nacional","Pol\u00edtica"],"inLanguage":"en-US","potentialAction":[{"@type":"CommentAction","name":"Comment","target":["https:\/\/pulso27.com\/nacional\/vladimir-y-waldemar-cerron-intentaron-beneficiarse-con-ley-impulsada-por-su-bancada\/#respond"]}]},{"@type":"WebPage","@id":"https:\/\/pulso27.com\/nacional\/vladimir-y-waldemar-cerron-intentaron-beneficiarse-con-ley-impulsada-por-su-bancada\/","url":"https:\/\/pulso27.com\/nacional\/vladimir-y-waldemar-cerron-intentaron-beneficiarse-con-ley-impulsada-por-su-bancada\/","name":"Vladimir y Waldemar Cerr\u00f3n intentaron beneficiarse con ley impulsada por su bancada - Pulso27","isPartOf":{"@id":"https:\/\/pulso27.com\/en\/#website"},"primaryImageOfPage":{"@id":"https:\/\/pulso27.com\/nacional\/vladimir-y-waldemar-cerron-intentaron-beneficiarse-con-ley-impulsada-por-su-bancada\/#primaryimage"},"image":{"@id":"https:\/\/pulso27.com\/nacional\/vladimir-y-waldemar-cerron-intentaron-beneficiarse-con-ley-impulsada-por-su-bancada\/#primaryimage"},"thumbnailUrl":"https:\/\/pulso27.com\/wp-content\/uploads\/2024\/10\/Vladimir-Waldemar.png","datePublished":"2024-10-06T02:16:22+00:00","dateModified":"2024-10-21T04:08:15+00:00","breadcrumb":{"@id":"https:\/\/pulso27.com\/nacional\/vladimir-y-waldemar-cerron-intentaron-beneficiarse-con-ley-impulsada-por-su-bancada\/#breadcrumb"},"inLanguage":"en-US","potentialAction":[{"@type":"ReadAction","target":["https:\/\/pulso27.com\/nacional\/vladimir-y-waldemar-cerron-intentaron-beneficiarse-con-ley-impulsada-por-su-bancada\/"]}]},{"@type":"ImageObject","inLanguage":"en-US","@id":"https:\/\/pulso27.com\/nacional\/vladimir-y-waldemar-cerron-intentaron-beneficiarse-con-ley-impulsada-por-su-bancada\/#primaryimage","url":"https:\/\/pulso27.com\/wp-content\/uploads\/2024\/10\/Vladimir-Waldemar.png","contentUrl":"https:\/\/pulso27.com\/wp-content\/uploads\/2024\/10\/Vladimir-Waldemar.png","width":1000,"height":800},{"@type":"BreadcrumbList","@id":"https:\/\/pulso27.com\/nacional\/vladimir-y-waldemar-cerron-intentaron-beneficiarse-con-ley-impulsada-por-su-bancada\/#breadcrumb","itemListElement":[{"@type":"ListItem","position":1,"name":"Portada","item":"https:\/\/pulso27.com\/"},{"@type":"ListItem","position":2,"name":"Vladimir y Waldemar Cerr\u00f3n intentaron beneficiarse con ley impulsada por su bancada"}]},{"@type":"WebSite","@id":"https:\/\/pulso27.com\/en\/#website","url":"https:\/\/pulso27.com\/en\/","name":"Pulso27","description":"Web de noticias y publicidad","publisher":{"@id":"https:\/\/pulso27.com\/en\/#organization"},"alternateName":"El pulso del pueblo","potentialAction":[{"@type":"SearchAction","target":{"@type":"EntryPoint","urlTemplate":"https:\/\/pulso27.com\/en\/?s={search_term_string}"},"query-input":{"@type":"PropertyValueSpecification","valueRequired":true,"valueName":"search_term_string"}}],"inLanguage":"en-US"},{"@type":"Organization","@id":"https:\/\/pulso27.com\/en\/#organization","name":"Pulso27","url":"https:\/\/pulso27.com\/en\/","logo":{"@type":"ImageObject","inLanguage":"en-US","@id":"https:\/\/pulso27.com\/en\/#\/schema\/logo\/image\/","url":"https:\/\/pulso27.com\/wp-content\/uploads\/2026\/02\/Logotipo-de-la-organizacion-696-x-696-px-ok.png","contentUrl":"https:\/\/pulso27.com\/wp-content\/uploads\/2026\/02\/Logotipo-de-la-organizacion-696-x-696-px-ok.png","width":696,"height":696,"caption":"Pulso27"},"image":{"@id":"https:\/\/pulso27.com\/en\/#\/schema\/logo\/image\/"},"sameAs":["https:\/\/www.facebook.com\/pulso27\/","https:\/\/x.com\/Pulso_27","https:\/\/www.youtube.com\/@Pulso27","https:\/\/www.tiktok.com\/@pulso_27"]},{"@type":"Person","@id":"https:\/\/pulso27.com\/en\/#\/schema\/person\/a0930a7f318e7d9d83bd7cffed9f34f6","name":"El Muki","image":{"@type":"ImageObject","inLanguage":"en-US","@id":"https:\/\/secure.gravatar.com\/avatar\/dc91c2607c5eebda74cbb40d13031f489096c96ead89c4c30c17db262267b2b3?s=96&d=mm&r=g","url":"https:\/\/secure.gravatar.com\/avatar\/dc91c2607c5eebda74cbb40d13031f489096c96ead89c4c30c17db262267b2b3?s=96&d=mm&r=g","contentUrl":"https:\/\/secure.gravatar.com\/avatar\/dc91c2607c5eebda74cbb40d13031f489096c96ead89c4c30c17db262267b2b3?s=96&d=mm&r=g","caption":"El Muki"},"sameAs":["http:\/\/www.pulso27.com"],"url":"https:\/\/pulso27.com\/en\/author\/elcuervo\/"}]}},"amp_enabled":true,"_links":{"self":[{"href":"https:\/\/pulso27.com\/en\/wp-json\/wp\/v2\/posts\/2215","targetHints":{"allow":["GET"]}}],"collection":[{"href":"https:\/\/pulso27.com\/en\/wp-json\/wp\/v2\/posts"}],"about":[{"href":"https:\/\/pulso27.com\/en\/wp-json\/wp\/v2\/types\/post"}],"author":[{"embeddable":true,"href":"https:\/\/pulso27.com\/en\/wp-json\/wp\/v2\/users\/10"}],"replies":[{"embeddable":true,"href":"https:\/\/pulso27.com\/en\/wp-json\/wp\/v2\/comments?post=2215"}],"version-history":[{"count":1,"href":"https:\/\/pulso27.com\/en\/wp-json\/wp\/v2\/posts\/2215\/revisions"}],"predecessor-version":[{"id":2219,"href":"https:\/\/pulso27.com\/en\/wp-json\/wp\/v2\/posts\/2215\/revisions\/2219"}],"wp:featuredmedia":[{"embeddable":true,"href":"https:\/\/pulso27.com\/en\/wp-json\/wp\/v2\/media\/2216"}],"wp:attachment":[{"href":"https:\/\/pulso27.com\/en\/wp-json\/wp\/v2\/media?parent=2215"}],"wp:term":[{"taxonomy":"category","embeddable":true,"href":"https:\/\/pulso27.com\/en\/wp-json\/wp\/v2\/categories?post=2215"},{"taxonomy":"post_tag","embeddable":true,"href":"https:\/\/pulso27.com\/en\/wp-json\/wp\/v2\/tags?post=2215"}],"curies":[{"name":"wp","href":"https:\/\/api.w.org\/{rel}","templated":true}]}}