{"id":2307,"date":"2024-09-13T09:08:10","date_gmt":"2024-09-13T04:08:10","guid":{"rendered":"https:\/\/pulso27.com\/?p=2307"},"modified":"2024-10-21T09:28:08","modified_gmt":"2024-10-21T04:28:08","slug":"caida-de-presidentes-del-peru","status":"publish","type":"post","link":"https:\/\/pulso27.com\/en\/cronica\/caida-de-presidentes-del-peru\/","title":{"rendered":"Ca\u00edda de los gobernantes neoliberales del Per\u00fa"},"content":{"rendered":"<p class=\"has-text-align-left\">En la c\u00faspide del poder, rodeados de halagos, algunos mandatarios del Per\u00fa vieron su luz apagarse entre juicios, condenas y huida. Lo que en su momento fue promesa de prosperidad y desarrollo, qued\u00f3 manchado por una oscura sombra de corrupci\u00f3n, violaciones a derechos humanos y cr\u00edmenes de lesa humanidad.<\/p>\n\n\n\n<p class=\"has-text-align-left\">La historia reciente del Per\u00fa parece estar marcada por un ciclo inquebrantable de esc\u00e1ndalos que envuelven a sus expresidentes. Desde los a\u00f1os 90 hasta la actualidad, casi todos los jefes de Estado han sido investigados, acusados o condenados, tanto por corrupci\u00f3n como por violaciones a los derechos fundamentales. Es una historia plagada de traiciones al pueblo, pero tambi\u00e9n de luchas por la justicia.<\/p>\n\n\n\n<figure class=\"wp-block-image size-full\"><img loading=\"lazy\" decoding=\"async\" width=\"900\" height=\"600\" src=\"https:\/\/pulso27.com\/wp-content\/uploads\/2024\/10\/image-13.png\" alt=\"\" class=\"wp-image-2309\" srcset=\"https:\/\/pulso27.com\/wp-content\/uploads\/2024\/10\/image-13.png 900w, https:\/\/pulso27.com\/wp-content\/uploads\/2024\/10\/image-13-300x200.png 300w, https:\/\/pulso27.com\/wp-content\/uploads\/2024\/10\/image-13-768x512.png 768w, https:\/\/pulso27.com\/wp-content\/uploads\/2024\/10\/image-13-18x12.png 18w\" sizes=\"auto, (max-width: 900px) 100vw, 900px\" \/><figcaption class=\"wp-element-caption\"><em>Los peruanos protestan y se movilizan contra los gobierno corruptos y represores<\/em><\/figcaption><\/figure>\n\n\n\n<p><strong>Fernando Bela\u00fande Terry (1963-1968, 1980-1985)<\/strong><br>Acusado de corrupci\u00f3n en el primer y segundo gobierno. Su segundo gobierno coincidi\u00f3 con el inicio de la violencia armada en el Per\u00fa. Las cr\u00edticas no solo apuntaban a su incapacidad para frenar al terrorismo, sino tambi\u00e9n a su indiferencia ante las m\u00faltiples violaciones a los derechos humanos que comet\u00edan las fuerzas de seguridad en su lucha contra los insurgentes por lo que, se cree que la represi\u00f3n fue una pol\u00edtica de gobierno. En la pospresidencia, fue salpicado por el \u00abPetroaudios\u00bb, una controversia que involucraba negociaciones irregulares en torno al petr\u00f3leo.<\/p>\n\n\n\n<p><strong>Alberto Fujimori Fujimori (1990-2000)<\/strong><br>Condenado a 25 a\u00f1os de prisi\u00f3n por delitos de corrupci\u00f3n y violaciones a los derechos humanos, Fujimori representa el caso m\u00e1s emblem\u00e1tico de la corrupci\u00f3n en el poder. Su alianza con Vladimiro Montesinos, su jefe de inteligencia, lo hundi\u00f3 en una serie de esc\u00e1ndalos como el \u00abVladivideo\u00bb, donde qued\u00f3 evidenciado el pago de sobornos a pol\u00edticos y empresarios. Pero m\u00e1s all\u00e1 de la corrupci\u00f3n, su gobierno es recordado por las ejecuciones extrajudiciales, desapariciones forzadas y esterilizaciones forzadas. Estos cr\u00edmenes han sido considerados de lesa humanidad. Muri\u00f3 en el 2024 llev\u00e1ndose muchas inc\u00f3gnitas para el pa\u00eds.<\/p>\n\n\n\n<p><strong>Valent\u00edn Paniagua (2000)<\/strong><br>Paniagua asumi\u00f3 el poder tras la ca\u00edda de Fujimori, y si bien su gobierno no estuvo marcado por la corrupci\u00f3n galopante, enfrent\u00f3 la dif\u00edcil tarea de manejar una crisis pol\u00edtica y econ\u00f3mica severa. Ya falleci\u00f3 y su legado es uno de transici\u00f3n democr\u00e1tica, y su figura es vista como una excepci\u00f3n dentro del sombr\u00edo panorama de los mandatarios peruanos. Aunque, a decir la verdad, no se hizo una investigaci\u00f3n completa de su gobierno.<\/p>\n\n\n\n<p><strong>Alejandro Toledo (2001-2006)<\/strong><br>Toledo huy\u00f3 del pa\u00eds en medio de acusaciones de haber recibido millonarios sobornos de la empresa brasile\u00f1a Odebrecht. El \u00abCaso Ecoteva\u00bb revel\u00f3 compras irregulares de propiedades que involucraban a su familia directa. M\u00e1s all\u00e1 de la corrupci\u00f3n, Toledo tambi\u00e9n enfrent\u00f3 cr\u00edticas por la represi\u00f3n violenta de manifestaciones sociales. A pesar de su promesa de un gobierno democr\u00e1tico y transparente, su ca\u00edda en desgracia sigue el mismo patr\u00f3n que sus antecesores.<\/p>\n\n\n\n<p><strong>Alan Garc\u00eda (1985-1990, 2006-2011)<\/strong><br>Garc\u00eda, cuyo primer mandato estuvo marcado por la hiperinflaci\u00f3n y la represi\u00f3n, fue vinculado en su segundo gobierno al esc\u00e1ndalo Odebrecht. La orden de detenci\u00f3n preliminar en su contra por lavado de activos lo llev\u00f3 a quitarse la vida en 2019. Adem\u00e1s de los casos de corrupci\u00f3n, su gobierno fue denunciado por la represi\u00f3n brutal en las protestas de Bagua en 2009, donde murieron decenas de ind\u00edgenas amaz\u00f3nicos. Este episodio, conocido como el \u00abBaguazo\u00bb, sigue siendo un s\u00edmbolo del choque entre el Estado y las comunidades ind\u00edgenas. Pero no es \u00fanico, existen varias otras denuncias mas de cr\u00edmenes de lesa humanidad que de no haberse quitado la vida, las investigaciones ya hubieran concluido en alguna denuncia concreta del Poder Judicial.<\/p>\n\n\n\n<p><strong>Ollanta Humala (2011-2016)<\/strong><br>El caso de Humala destaca por la implicaci\u00f3n de su esposa, Nadine Heredia, en un supuesto lavado de activos relacionado con aportes ilegales de campa\u00f1a. Ambos fueron absueltos en primera instancia, aunque las investigaciones contin\u00faan. Durante su gobierno, se produjeron graves episodios de represi\u00f3n de protestas sociales, particularmente en las regiones mineras, donde comunidades ind\u00edgenas luchaban contra proyectos extractivos que, alegaban, afectaban sus territorios y sus derechos, el mismo que en parte fue aplacado por la creaci\u00f3n de mesas de di\u00e1logo, luego de la represi\u00f3n. A pesar de haber prometidos cambios estructurales, para la opini\u00f3n p\u00fablica fue el gobierno que se sum\u00f3 a los gobernantes neoliberales que continuaron profundizando el modelo econ\u00f3mico desigual.<\/p>\n\n\n\n<p><strong>Pedro Pablo Kuczynski (2016-2018)<\/strong><br>Pese a llegar al poder con la promesa de un \u00abgobierno limpio\u00bb, Kuczynski renunci\u00f3 en medio de acusaciones de haber recibido pagos il\u00edcitos de Odebrecht por contratos p\u00fablicos. Aunque sigue enfrentando investigaciones, su renuncia precipit\u00f3 una crisis pol\u00edtica que no ha cesado hasta la fecha.<\/p>\n\n\n\n<p><strong>Mart\u00edn Vizcarra (2018-2020)<\/strong><br>Vizcarra fue destituido por el Congreso tras revelarse que hab\u00eda recibido sobornos cuando era gobernador de Moquegua. Adem\u00e1s, el \u00abVacunagate\u00bb lo coloc\u00f3 en el centro de la indignaci\u00f3n ciudadana, tras descubrirse que \u00e9l y otros altos funcionarios se hab\u00edan vacunado de manera secreta contra la COVID-19 antes que el resto de la poblaci\u00f3n. Su mandato tambi\u00e9n estuvo manchado por el mal manejo de la pandemia y las denuncias de violaciones a los derechos humanos en las protestas que marcaron su ca\u00edda.<\/p>\n\n\n\n<p><strong>Pedro Castillo (2021-2022)<\/strong><br>El \u00faltimo mandatario elegido por voto popular, Pedro Castillo, fue destituido tras intentar disolver el Congreso en lo que fue considerado un golpe de Estado por la derecha pol\u00edtica y financiera. Castillo enfrenta m\u00faltiples investigaciones por corrupci\u00f3n, con acusaciones que lo se\u00f1alan por presuntamente favorecer a empresas vinculadas a su entorno, sin condena alguna. Su destituci\u00f3n provoc\u00f3 violentas protestas, durante las cuales se denunciaron numerosas violaciones a los derechos humanos por parte de las fuerzas del orden. Fue detenido y est\u00e1 en la c\u00e1rcel de manera preliminar, lo que es condenado por la mayor\u00eda de peruanos porque lo consideran un secuestro injusto y artero de los enemigos de un gobierno popular.<\/p>\n\n\n\n<p><strong>Dina Boluarte (2022-presente)<\/strong><br>Boluarte asumi\u00f3 la presidencia tras la ca\u00edda de Castillo, y su mandato ha sido marcado por la represi\u00f3n de las protestas, que ha dejado decenas de muertos y heridos. Aunque no ha sido condenada a\u00fan por corrupci\u00f3n, las graves violaciones a los derechos humanos que han ocurrido bajo su gobierno han generado crecientes cr\u00edticas tanto a nivel nacional como internacional, y lidia con las investigaciones fiscales y judiciales, que una vez que deje Palacio de Gobierno, definitivamente, le tocar\u00e1n la puerta, muy a pesar de las leyes que sus aliados del Congreso de la Rep\u00fablica como Fuerza Popular y Per\u00fa Libre pretendan aprobar para salvarla de ser condenada por lesa humanidad y corrupci\u00f3n cada vez m\u00e1s ostensible.<\/p>\n\n\n\n<h3 class=\"wp-block-heading\">Las causas de la corrupci\u00f3n y la violencia institucional<\/h3>\n\n\n\n<p>Las ra\u00edces del problema son profundas: moral del sistema, modelo econ\u00f3mico, falta de transparencia, corrupci\u00f3n estatal y, sobre todo, impunidad y complicidad. La corrupci\u00f3n no solo erosiona la confianza en las instituciones, sino que tambi\u00e9n deja una estela de pobreza y desigualdad. Cada presidente ha dejado huellas dif\u00edciles de borrar en la memoria colectiva del Per\u00fa, un pa\u00eds que lucha por romper este ciclo.<\/p>\n\n\n\n<h3 class=\"wp-block-heading\">\u00bfUn futuro sin corrupci\u00f3n?<\/h3>\n\n\n\n<p>La pregunta que queda en el aire es si el Per\u00fa podr\u00e1 alguna vez superar esta \u201cmaldici\u00f3n\u201d de sus mandatarios. El futuro pol\u00edtico del pa\u00eds parece incierto, pero lo que est\u00e1 claro es que los ciudadanos han comenzado a exigir m\u00e1s transparencia y justicia. \u00bfSer\u00e1 suficiente para cambiar el rumbo de la historia?<\/p>","protected":false},"excerpt":{"rendered":"<p>En la c\u00faspide del poder, rodeados de halagos, algunos mandatarios del Per\u00fa vieron su luz apagarse entre juicios, condenas y huida. Lo que en su momento fue promesa de prosperidad y desarrollo, qued\u00f3 manchado por una oscura sombra de corrupci\u00f3n, violaciones a derechos humanos y cr\u00edmenes de lesa humanidad. La historia reciente del Per\u00fa parece [&hellip;]<\/p>\n","protected":false},"author":7,"featured_media":2308,"comment_status":"open","ping_status":"open","sticky":false,"template":"","format":"standard","meta":{"footnotes":""},"categories":[392],"tags":[441,802,1131,184,1132],"class_list":["post-2307","post","type-post","status-publish","format-standard","has-post-thumbnail","hentry","category-cronica","tag-corrupcion","tag-derechoshumanos","tag-expresidentes","tag-politica","tag-presidentedelperu"],"yoast_head":"<!-- This site is optimized with the Yoast SEO plugin v27.4 - https:\/\/yoast.com\/product\/yoast-seo-wordpress\/ -->\n<title>Ca\u00edda de los gobernantes neoliberales del Per\u00fa - Pulso27<\/title>\n<meta name=\"robots\" content=\"index, follow, max-snippet:-1, max-image-preview:large, max-video-preview:-1\" \/>\n<link rel=\"canonical\" href=\"https:\/\/pulso27.com\/en\/?p=2307\" \/>\n<meta property=\"og:locale\" content=\"en_US\" \/>\n<meta property=\"og:type\" content=\"article\" \/>\n<meta property=\"og:title\" content=\"Ca\u00edda de los gobernantes neoliberales del Per\u00fa - Pulso27\" \/>\n<meta property=\"og:description\" content=\"En la c\u00faspide del poder, rodeados de halagos, algunos mandatarios del Per\u00fa vieron su luz apagarse entre juicios, condenas y huida. Lo que en su momento fue promesa de prosperidad y desarrollo, qued\u00f3 manchado por una oscura sombra de corrupci\u00f3n, violaciones a derechos humanos y cr\u00edmenes de lesa humanidad. La historia reciente del Per\u00fa parece [&hellip;]\" \/>\n<meta property=\"og:url\" content=\"https:\/\/pulso27.com\/en\/?p=2307\" \/>\n<meta property=\"og:site_name\" content=\"Pulso27\" \/>\n<meta property=\"article:publisher\" content=\"https:\/\/www.facebook.com\/pulso27\/\" \/>\n<meta property=\"article:published_time\" content=\"2024-09-13T04:08:10+00:00\" \/>\n<meta property=\"article:modified_time\" content=\"2024-10-21T04:28:08+00:00\" \/>\n<meta property=\"og:image\" content=\"https:\/\/pulso27.com\/wp-content\/uploads\/2024\/10\/Presidentes.png\" \/>\n\t<meta property=\"og:image:width\" content=\"1280\" \/>\n\t<meta property=\"og:image:height\" content=\"800\" \/>\n\t<meta property=\"og:image:type\" content=\"image\/png\" \/>\n<meta name=\"author\" content=\"Tupaq\" \/>\n<meta name=\"twitter:card\" content=\"summary_large_image\" \/>\n<meta name=\"twitter:creator\" content=\"@Pulso_27\" \/>\n<meta name=\"twitter:site\" content=\"@Pulso_27\" \/>\n<meta name=\"twitter:label1\" content=\"Written by\" \/>\n\t<meta name=\"twitter:data1\" content=\"Tupaq\" \/>\n\t<meta name=\"twitter:label2\" content=\"Est. reading time\" \/>\n\t<meta name=\"twitter:data2\" content=\"6 minutes\" \/>\n<script type=\"application\/ld+json\" class=\"yoast-schema-graph\">{\"@context\":\"https:\\\/\\\/schema.org\",\"@graph\":[{\"@type\":\"Article\",\"@id\":\"https:\\\/\\\/pulso27.com\\\/?p=2307#article\",\"isPartOf\":{\"@id\":\"https:\\\/\\\/pulso27.com\\\/?p=2307\"},\"author\":{\"name\":\"Tupaq\",\"@id\":\"https:\\\/\\\/pulso27.com\\\/en\\\/#\\\/schema\\\/person\\\/d20fd7f5bc7f2e53fd150d43fca07a78\"},\"headline\":\"Ca\u00edda de los gobernantes neoliberales del Per\u00fa\",\"datePublished\":\"2024-09-13T04:08:10+00:00\",\"dateModified\":\"2024-10-21T04:28:08+00:00\",\"mainEntityOfPage\":{\"@id\":\"https:\\\/\\\/pulso27.com\\\/?p=2307\"},\"wordCount\":1323,\"commentCount\":0,\"publisher\":{\"@id\":\"https:\\\/\\\/pulso27.com\\\/en\\\/#organization\"},\"image\":{\"@id\":\"https:\\\/\\\/pulso27.com\\\/?p=2307#primaryimage\"},\"thumbnailUrl\":\"https:\\\/\\\/pulso27.com\\\/wp-content\\\/uploads\\\/2024\\\/10\\\/Presidentes.png\",\"keywords\":[\"corrupci\u00f3n\",\"DerechosHumanos\",\"ExPresidentes\",\"Politica\",\"PresidenteDelPer\u00fa\"],\"articleSection\":[\"Cr\u00f3nica\"],\"inLanguage\":\"en-US\",\"potentialAction\":[{\"@type\":\"CommentAction\",\"name\":\"Comment\",\"target\":[\"https:\\\/\\\/pulso27.com\\\/?p=2307#respond\"]}]},{\"@type\":\"WebPage\",\"@id\":\"https:\\\/\\\/pulso27.com\\\/?p=2307\",\"url\":\"https:\\\/\\\/pulso27.com\\\/?p=2307\",\"name\":\"Ca\u00edda de los gobernantes neoliberales del Per\u00fa - Pulso27\",\"isPartOf\":{\"@id\":\"https:\\\/\\\/pulso27.com\\\/en\\\/#website\"},\"primaryImageOfPage\":{\"@id\":\"https:\\\/\\\/pulso27.com\\\/?p=2307#primaryimage\"},\"image\":{\"@id\":\"https:\\\/\\\/pulso27.com\\\/?p=2307#primaryimage\"},\"thumbnailUrl\":\"https:\\\/\\\/pulso27.com\\\/wp-content\\\/uploads\\\/2024\\\/10\\\/Presidentes.png\",\"datePublished\":\"2024-09-13T04:08:10+00:00\",\"dateModified\":\"2024-10-21T04:28:08+00:00\",\"breadcrumb\":{\"@id\":\"https:\\\/\\\/pulso27.com\\\/?p=2307#breadcrumb\"},\"inLanguage\":\"en-US\",\"potentialAction\":[{\"@type\":\"ReadAction\",\"target\":[\"https:\\\/\\\/pulso27.com\\\/?p=2307\"]}]},{\"@type\":\"ImageObject\",\"inLanguage\":\"en-US\",\"@id\":\"https:\\\/\\\/pulso27.com\\\/?p=2307#primaryimage\",\"url\":\"https:\\\/\\\/pulso27.com\\\/wp-content\\\/uploads\\\/2024\\\/10\\\/Presidentes.png\",\"contentUrl\":\"https:\\\/\\\/pulso27.com\\\/wp-content\\\/uploads\\\/2024\\\/10\\\/Presidentes.png\",\"width\":1280,\"height\":800},{\"@type\":\"BreadcrumbList\",\"@id\":\"https:\\\/\\\/pulso27.com\\\/?p=2307#breadcrumb\",\"itemListElement\":[{\"@type\":\"ListItem\",\"position\":1,\"name\":\"Portada\",\"item\":\"https:\\\/\\\/pulso27.com\\\/\"},{\"@type\":\"ListItem\",\"position\":2,\"name\":\"Ca\u00edda de los gobernantes neoliberales del Per\u00fa\"}]},{\"@type\":\"WebSite\",\"@id\":\"https:\\\/\\\/pulso27.com\\\/en\\\/#website\",\"url\":\"https:\\\/\\\/pulso27.com\\\/en\\\/\",\"name\":\"Pulso27\",\"description\":\"Web de noticias y publicidad\",\"publisher\":{\"@id\":\"https:\\\/\\\/pulso27.com\\\/en\\\/#organization\"},\"alternateName\":\"El pulso del pueblo\",\"potentialAction\":[{\"@type\":\"SearchAction\",\"target\":{\"@type\":\"EntryPoint\",\"urlTemplate\":\"https:\\\/\\\/pulso27.com\\\/en\\\/?s={search_term_string}\"},\"query-input\":{\"@type\":\"PropertyValueSpecification\",\"valueRequired\":true,\"valueName\":\"search_term_string\"}}],\"inLanguage\":\"en-US\"},{\"@type\":\"Organization\",\"@id\":\"https:\\\/\\\/pulso27.com\\\/en\\\/#organization\",\"name\":\"Pulso27\",\"url\":\"https:\\\/\\\/pulso27.com\\\/en\\\/\",\"logo\":{\"@type\":\"ImageObject\",\"inLanguage\":\"en-US\",\"@id\":\"https:\\\/\\\/pulso27.com\\\/en\\\/#\\\/schema\\\/logo\\\/image\\\/\",\"url\":\"https:\\\/\\\/pulso27.com\\\/wp-content\\\/uploads\\\/2026\\\/02\\\/Logotipo-de-la-organizacion-696-x-696-px-ok.png\",\"contentUrl\":\"https:\\\/\\\/pulso27.com\\\/wp-content\\\/uploads\\\/2026\\\/02\\\/Logotipo-de-la-organizacion-696-x-696-px-ok.png\",\"width\":696,\"height\":696,\"caption\":\"Pulso27\"},\"image\":{\"@id\":\"https:\\\/\\\/pulso27.com\\\/en\\\/#\\\/schema\\\/logo\\\/image\\\/\"},\"sameAs\":[\"https:\\\/\\\/www.facebook.com\\\/pulso27\\\/\",\"https:\\\/\\\/x.com\\\/Pulso_27\",\"https:\\\/\\\/www.youtube.com\\\/@Pulso27\",\"https:\\\/\\\/www.tiktok.com\\\/@pulso_27\"]},{\"@type\":\"Person\",\"@id\":\"https:\\\/\\\/pulso27.com\\\/en\\\/#\\\/schema\\\/person\\\/d20fd7f5bc7f2e53fd150d43fca07a78\",\"name\":\"Tupaq\",\"image\":{\"@type\":\"ImageObject\",\"inLanguage\":\"en-US\",\"@id\":\"https:\\\/\\\/secure.gravatar.com\\\/avatar\\\/7929e9b034aeea560319a601e4f04c59eb5f45a79eafe192adabb67e9604e7e7?s=96&d=mm&r=g\",\"url\":\"https:\\\/\\\/secure.gravatar.com\\\/avatar\\\/7929e9b034aeea560319a601e4f04c59eb5f45a79eafe192adabb67e9604e7e7?s=96&d=mm&r=g\",\"contentUrl\":\"https:\\\/\\\/secure.gravatar.com\\\/avatar\\\/7929e9b034aeea560319a601e4f04c59eb5f45a79eafe192adabb67e9604e7e7?s=96&d=mm&r=g\",\"caption\":\"Tupaq\"},\"url\":\"https:\\\/\\\/pulso27.com\\\/en\\\/author\\\/tupaq\\\/\"}]}<\/script>\n<!-- \/ Yoast SEO plugin. -->","yoast_head_json":{"title":"Ca\u00edda de los gobernantes neoliberales del Per\u00fa - Pulso27","robots":{"index":"index","follow":"follow","max-snippet":"max-snippet:-1","max-image-preview":"max-image-preview:large","max-video-preview":"max-video-preview:-1"},"canonical":"https:\/\/pulso27.com\/en\/?p=2307","og_locale":"en_US","og_type":"article","og_title":"Ca\u00edda de los gobernantes neoliberales del Per\u00fa - Pulso27","og_description":"En la c\u00faspide del poder, rodeados de halagos, algunos mandatarios del Per\u00fa vieron su luz apagarse entre juicios, condenas y huida. Lo que en su momento fue promesa de prosperidad y desarrollo, qued\u00f3 manchado por una oscura sombra de corrupci\u00f3n, violaciones a derechos humanos y cr\u00edmenes de lesa humanidad. La historia reciente del Per\u00fa parece [&hellip;]","og_url":"https:\/\/pulso27.com\/en\/?p=2307","og_site_name":"Pulso27","article_publisher":"https:\/\/www.facebook.com\/pulso27\/","article_published_time":"2024-09-13T04:08:10+00:00","article_modified_time":"2024-10-21T04:28:08+00:00","og_image":[{"width":1280,"height":800,"url":"https:\/\/pulso27.com\/wp-content\/uploads\/2024\/10\/Presidentes.png","type":"image\/png"}],"author":"Tupaq","twitter_card":"summary_large_image","twitter_creator":"@Pulso_27","twitter_site":"@Pulso_27","twitter_misc":{"Written by":"Tupaq","Est. reading time":"6 minutes"},"schema":{"@context":"https:\/\/schema.org","@graph":[{"@type":"Article","@id":"https:\/\/pulso27.com\/?p=2307#article","isPartOf":{"@id":"https:\/\/pulso27.com\/?p=2307"},"author":{"name":"Tupaq","@id":"https:\/\/pulso27.com\/en\/#\/schema\/person\/d20fd7f5bc7f2e53fd150d43fca07a78"},"headline":"Ca\u00edda de los gobernantes neoliberales del Per\u00fa","datePublished":"2024-09-13T04:08:10+00:00","dateModified":"2024-10-21T04:28:08+00:00","mainEntityOfPage":{"@id":"https:\/\/pulso27.com\/?p=2307"},"wordCount":1323,"commentCount":0,"publisher":{"@id":"https:\/\/pulso27.com\/en\/#organization"},"image":{"@id":"https:\/\/pulso27.com\/?p=2307#primaryimage"},"thumbnailUrl":"https:\/\/pulso27.com\/wp-content\/uploads\/2024\/10\/Presidentes.png","keywords":["corrupci\u00f3n","DerechosHumanos","ExPresidentes","Politica","PresidenteDelPer\u00fa"],"articleSection":["Cr\u00f3nica"],"inLanguage":"en-US","potentialAction":[{"@type":"CommentAction","name":"Comment","target":["https:\/\/pulso27.com\/?p=2307#respond"]}]},{"@type":"WebPage","@id":"https:\/\/pulso27.com\/?p=2307","url":"https:\/\/pulso27.com\/?p=2307","name":"Ca\u00edda de los gobernantes neoliberales del Per\u00fa - Pulso27","isPartOf":{"@id":"https:\/\/pulso27.com\/en\/#website"},"primaryImageOfPage":{"@id":"https:\/\/pulso27.com\/?p=2307#primaryimage"},"image":{"@id":"https:\/\/pulso27.com\/?p=2307#primaryimage"},"thumbnailUrl":"https:\/\/pulso27.com\/wp-content\/uploads\/2024\/10\/Presidentes.png","datePublished":"2024-09-13T04:08:10+00:00","dateModified":"2024-10-21T04:28:08+00:00","breadcrumb":{"@id":"https:\/\/pulso27.com\/?p=2307#breadcrumb"},"inLanguage":"en-US","potentialAction":[{"@type":"ReadAction","target":["https:\/\/pulso27.com\/?p=2307"]}]},{"@type":"ImageObject","inLanguage":"en-US","@id":"https:\/\/pulso27.com\/?p=2307#primaryimage","url":"https:\/\/pulso27.com\/wp-content\/uploads\/2024\/10\/Presidentes.png","contentUrl":"https:\/\/pulso27.com\/wp-content\/uploads\/2024\/10\/Presidentes.png","width":1280,"height":800},{"@type":"BreadcrumbList","@id":"https:\/\/pulso27.com\/?p=2307#breadcrumb","itemListElement":[{"@type":"ListItem","position":1,"name":"Portada","item":"https:\/\/pulso27.com\/"},{"@type":"ListItem","position":2,"name":"Ca\u00edda de los gobernantes neoliberales del Per\u00fa"}]},{"@type":"WebSite","@id":"https:\/\/pulso27.com\/en\/#website","url":"https:\/\/pulso27.com\/en\/","name":"Pulso27","description":"Web de noticias y publicidad","publisher":{"@id":"https:\/\/pulso27.com\/en\/#organization"},"alternateName":"El pulso del pueblo","potentialAction":[{"@type":"SearchAction","target":{"@type":"EntryPoint","urlTemplate":"https:\/\/pulso27.com\/en\/?s={search_term_string}"},"query-input":{"@type":"PropertyValueSpecification","valueRequired":true,"valueName":"search_term_string"}}],"inLanguage":"en-US"},{"@type":"Organization","@id":"https:\/\/pulso27.com\/en\/#organization","name":"Pulso27","url":"https:\/\/pulso27.com\/en\/","logo":{"@type":"ImageObject","inLanguage":"en-US","@id":"https:\/\/pulso27.com\/en\/#\/schema\/logo\/image\/","url":"https:\/\/pulso27.com\/wp-content\/uploads\/2026\/02\/Logotipo-de-la-organizacion-696-x-696-px-ok.png","contentUrl":"https:\/\/pulso27.com\/wp-content\/uploads\/2026\/02\/Logotipo-de-la-organizacion-696-x-696-px-ok.png","width":696,"height":696,"caption":"Pulso27"},"image":{"@id":"https:\/\/pulso27.com\/en\/#\/schema\/logo\/image\/"},"sameAs":["https:\/\/www.facebook.com\/pulso27\/","https:\/\/x.com\/Pulso_27","https:\/\/www.youtube.com\/@Pulso27","https:\/\/www.tiktok.com\/@pulso_27"]},{"@type":"Person","@id":"https:\/\/pulso27.com\/en\/#\/schema\/person\/d20fd7f5bc7f2e53fd150d43fca07a78","name":"Tupaq","image":{"@type":"ImageObject","inLanguage":"en-US","@id":"https:\/\/secure.gravatar.com\/avatar\/7929e9b034aeea560319a601e4f04c59eb5f45a79eafe192adabb67e9604e7e7?s=96&d=mm&r=g","url":"https:\/\/secure.gravatar.com\/avatar\/7929e9b034aeea560319a601e4f04c59eb5f45a79eafe192adabb67e9604e7e7?s=96&d=mm&r=g","contentUrl":"https:\/\/secure.gravatar.com\/avatar\/7929e9b034aeea560319a601e4f04c59eb5f45a79eafe192adabb67e9604e7e7?s=96&d=mm&r=g","caption":"Tupaq"},"url":"https:\/\/pulso27.com\/en\/author\/tupaq\/"}]}},"amp_enabled":true,"_links":{"self":[{"href":"https:\/\/pulso27.com\/en\/wp-json\/wp\/v2\/posts\/2307","targetHints":{"allow":["GET"]}}],"collection":[{"href":"https:\/\/pulso27.com\/en\/wp-json\/wp\/v2\/posts"}],"about":[{"href":"https:\/\/pulso27.com\/en\/wp-json\/wp\/v2\/types\/post"}],"author":[{"embeddable":true,"href":"https:\/\/pulso27.com\/en\/wp-json\/wp\/v2\/users\/7"}],"replies":[{"embeddable":true,"href":"https:\/\/pulso27.com\/en\/wp-json\/wp\/v2\/comments?post=2307"}],"version-history":[{"count":2,"href":"https:\/\/pulso27.com\/en\/wp-json\/wp\/v2\/posts\/2307\/revisions"}],"predecessor-version":[{"id":2312,"href":"https:\/\/pulso27.com\/en\/wp-json\/wp\/v2\/posts\/2307\/revisions\/2312"}],"wp:featuredmedia":[{"embeddable":true,"href":"https:\/\/pulso27.com\/en\/wp-json\/wp\/v2\/media\/2308"}],"wp:attachment":[{"href":"https:\/\/pulso27.com\/en\/wp-json\/wp\/v2\/media?parent=2307"}],"wp:term":[{"taxonomy":"category","embeddable":true,"href":"https:\/\/pulso27.com\/en\/wp-json\/wp\/v2\/categories?post=2307"},{"taxonomy":"post_tag","embeddable":true,"href":"https:\/\/pulso27.com\/en\/wp-json\/wp\/v2\/tags?post=2307"}],"curies":[{"name":"wp","href":"https:\/\/api.w.org\/{rel}","templated":true}]}}