{"id":2395,"date":"2024-10-18T10:17:17","date_gmt":"2024-10-18T05:17:17","guid":{"rendered":"https:\/\/pulso27.com\/?p=2395"},"modified":"2024-10-23T02:33:16","modified_gmt":"2024-10-22T21:33:16","slug":"violenta-represion-contra-estudiantes-de-la-universidad-nacional-mayor-de-san-marcos","status":"publish","type":"post","link":"https:\/\/pulso27.com\/en\/actualidad\/educacion\/violenta-represion-contra-estudiantes-de-la-universidad-nacional-mayor-de-san-marcos\/","title":{"rendered":"Violenta represi\u00f3n contra estudiantes de la Universidad Nacional Mayor de San Marcos"},"content":{"rendered":"<p>La tarde del jueves 17 de octubre, la Universidad Nacional Mayor de San Marcos (UNMSM) fue escenario de intensos enfrentamientos tras la toma del campus por parte de un grupo de estudiantes que protestan contra las elecciones internas programadas para el viernes 18.<\/p>\n\n\n\n<p>La situaci\u00f3n se torn\u00f3 violenta cuando los alumnos se enfrentaron a personal que vest\u00eda chalecos de seguridad de la universidad. Los estudiantes denunciaron que no se trataba de trabajadores de la UNMSM, sino de individuos contratados para reprimir la protesta estudiantil por la rectora Jer\u00ed Ram\u00f3n Ruffner.<\/p>\n\n\n\n<p>Los estudiantes exigen la anulaci\u00f3n de las elecciones debido a lo que consideran una manipulaci\u00f3n del Comit\u00e9 Electoral por parte de la rectora, Jeri Ram\u00f3n Ruffner, a quien acusan de eliminar las listas opositoras y de querer perpetuarse en el poder. En respuesta a estas denuncias, un numeroso grupo de alumnos bloque\u00f3 los accesos a la universidad y elimin\u00f3 propaganda electoral en el campus.<\/p>\n\n\n\n<figure class=\"wp-block-image size-large\"><img loading=\"lazy\" decoding=\"async\" width=\"1024\" height=\"576\" src=\"https:\/\/pulso27.com\/wp-content\/uploads\/2024\/10\/image-21-1024x576.png\" alt=\"\" class=\"wp-image-2396\" srcset=\"https:\/\/pulso27.com\/wp-content\/uploads\/2024\/10\/image-21-1024x576.png 1024w, https:\/\/pulso27.com\/wp-content\/uploads\/2024\/10\/image-21-300x169.png 300w, https:\/\/pulso27.com\/wp-content\/uploads\/2024\/10\/image-21-768x432.png 768w, https:\/\/pulso27.com\/wp-content\/uploads\/2024\/10\/image-21-18x10.png 18w, https:\/\/pulso27.com\/wp-content\/uploads\/2024\/10\/image-21.png 1200w\" sizes=\"auto, (max-width: 1024px) 100vw, 1024px\" \/><figcaption class=\"wp-element-caption\"><em>Jeri Ram\u00f3n Ruffner, rectora de la Universidad Nacional Mayor de San Marcos (UNMSM)<\/em><\/figcaption><\/figure>\n\n\n\n<p>La toma del campus, que comenz\u00f3 alrededor de las 5 de la tarde, escal\u00f3 r\u00e1pidamente cuando, durante la noche, se registraron violentos enfrentamientos. Im\u00e1genes difundidas por medios locales, como RPP y Canal N, mostraron a personas con chalecos de seguridad arrojando piedras y palos a los estudiantes en las inmediaciones de la puerta 3, ubicada en la avenida Amezaga.<\/p>\n\n\n\n<p>Producto del enfrentamiento, uno de los estudiantes result\u00f3 herido en el rostro y denunci\u00f3 p\u00fablicamente que la rectora hab\u00eda contratado a matones para desarticular la protesta. \u00ab<em>La rectora est\u00e1 trayendo matones para golpearnos. No son trabajadores de la universidad<\/em>\u00ab, declar\u00f3 indignado uno de los j\u00f3venes agredidos.<\/p>\n\n\n\n<p>La violencia no solo afect\u00f3 a los estudiantes. Un hombre fue brutalmente golpeado por los manifestantes cuando intentaba, junto a otros trabajadores, retomar el control del campus. <\/p>\n\n\n\n<p>Los estudiantes utilizaron piedras y palos para enfrentar al personal de seguridad y, seg\u00fan indicaron, protegerse de los ataques de personas infiltradas. En paralelo, un grupo de universitarios se repleg\u00f3 hacia otras \u00e1reas del campus para evitar mayores confrontaciones.<\/p>\n\n\n\n<p>En medio del caos, la Polic\u00eda Nacional del Per\u00fa (PNP) despleg\u00f3 un contingente en las afueras de la UNMSM, con el objetivo de controlar la situaci\u00f3n. Sin embargo, no pudieron intervenir dentro del recinto universitario debido a la autonom\u00eda de la universidad, que impide el ingreso de la polic\u00eda sin una orden judicial o el permiso expreso de la rectora.<\/p>\n\n\n\n<p>La rectora Jeri Ram\u00f3n, en declaraciones a un medio privado, manifest\u00f3 desconocer lo que ocurr\u00eda en San Marcos, afirmando que estuvo ocupada en actividades hasta las 7:30 p.m. \u00ab<em>Reci\u00e9n me estoy enterando. No sab\u00eda que hab\u00edan tomado la universidad<\/em>\u00ab, dijo Ram\u00f3n. Tambi\u00e9n neg\u00f3 tener control sobre el Comit\u00e9 Electoral y rechaz\u00f3 las acusaciones de manipulaci\u00f3n y uso de violencia contra los estudiantes.<\/p>\n\n\n\n<figure class=\"wp-block-image size-large\"><img loading=\"lazy\" decoding=\"async\" width=\"1024\" height=\"602\" src=\"https:\/\/pulso27.com\/wp-content\/uploads\/2024\/10\/image-23-1024x602.png\" alt=\"\" class=\"wp-image-2397\" srcset=\"https:\/\/pulso27.com\/wp-content\/uploads\/2024\/10\/image-23-1024x602.png 1024w, https:\/\/pulso27.com\/wp-content\/uploads\/2024\/10\/image-23-300x177.png 300w, https:\/\/pulso27.com\/wp-content\/uploads\/2024\/10\/image-23-768x452.png 768w, https:\/\/pulso27.com\/wp-content\/uploads\/2024\/10\/image-23-18x12.png 18w, https:\/\/pulso27.com\/wp-content\/uploads\/2024\/10\/image-23.png 1200w\" sizes=\"auto, (max-width: 1024px) 100vw, 1024px\" \/><figcaption class=\"wp-element-caption\"><em>La presencia policial durante la toma de la UNMSM fue casi nula durante el d\u00eda<\/em><\/figcaption><\/figure>\n\n\n\n<p>Sin embargo, los estudiantes mantienen su postura firme y sostienen que las elecciones programadas para el viernes 18 son una farsa destinada a mantener a la rectora en el poder. Denuncian que la Asamblea Universitaria y el Consejo Universitario est\u00e1n controlados por grupos cercanos a la gesti\u00f3n actual, lo que compromete la transparencia del proceso.<\/p>\n\n\n\n<p>Uno de los estudiantes heridos, que fue trasladado al Hospital Arzobispo Loayza, denunci\u00f3 desde su cama que sujetos enviados por la administraci\u00f3n universitaria atacaron a los manifestantes. \u00ab<em>Lo que ha hecho la rectora es traer matones a golpearnos, todo el pueblo peruano tiene que saberlo<\/em>\u00ab, declar\u00f3.<\/p>\n\n\n\n<p>Mientras tanto, en las calles cercanas a la universidad, la tensi\u00f3n contin\u00faa, con los estudiantes manteniendo su exigencia de anular las elecciones y acusando a la administraci\u00f3n de intentar sabotear su protesta con violencia. Las autoridades universitarias a\u00fan no han emitido un comunicado oficial sobre el futuro de los comicios, pero los estudiantes han dejado claro que seguir\u00e1n luchando por lo que consideran un proceso justo y democr\u00e1tico.<\/p>","protected":false},"excerpt":{"rendered":"<p>La tarde del jueves 17 de octubre, la Universidad Nacional Mayor de San Marcos (UNMSM) fue escenario de intensos enfrentamientos tras la toma del campus por parte de un grupo de estudiantes que protestan contra las elecciones internas programadas para el viernes 18. La situaci\u00f3n se torn\u00f3 violenta cuando los alumnos se enfrentaron a personal [&hellip;]<\/p>\n","protected":false},"author":10,"featured_media":2398,"comment_status":"open","ping_status":"open","sticky":false,"template":"","format":"standard","meta":{"footnotes":""},"categories":[183,808,180],"tags":[1838,1840,657,1839],"class_list":["post-2395","post","type-post","status-publish","format-standard","has-post-thumbnail","hentry","category-actualidad","category-educacion","category-politica","tag-sanmarcos","tag-tomadelocal","tag-universidad","tag-unmsm"],"yoast_head":"<!-- This site is optimized with the Yoast SEO plugin v27.4 - https:\/\/yoast.com\/product\/yoast-seo-wordpress\/ -->\n<title>Violenta represi\u00f3n contra estudiantes de la Universidad Nacional Mayor de San Marcos - Pulso27<\/title>\n<meta name=\"robots\" content=\"index, follow, max-snippet:-1, max-image-preview:large, max-video-preview:-1\" \/>\n<link rel=\"canonical\" href=\"https:\/\/pulso27.com\/en\/educacion\/violenta-represion-contra-estudiantes-de-la-universidad-nacional-mayor-de-san-marcos\/\" \/>\n<meta property=\"og:locale\" content=\"en_US\" \/>\n<meta property=\"og:type\" content=\"article\" \/>\n<meta property=\"og:title\" content=\"Violenta represi\u00f3n contra estudiantes de la Universidad Nacional Mayor de San Marcos - Pulso27\" \/>\n<meta property=\"og:description\" content=\"La tarde del jueves 17 de octubre, la Universidad Nacional Mayor de San Marcos (UNMSM) fue escenario de intensos enfrentamientos tras la toma del campus por parte de un grupo de estudiantes que protestan contra las elecciones internas programadas para el viernes 18. La situaci\u00f3n se torn\u00f3 violenta cuando los alumnos se enfrentaron a personal [&hellip;]\" \/>\n<meta property=\"og:url\" content=\"https:\/\/pulso27.com\/en\/educacion\/violenta-represion-contra-estudiantes-de-la-universidad-nacional-mayor-de-san-marcos\/\" \/>\n<meta property=\"og:site_name\" content=\"Pulso27\" \/>\n<meta property=\"article:publisher\" content=\"https:\/\/www.facebook.com\/pulso27\/\" \/>\n<meta property=\"article:published_time\" content=\"2024-10-18T05:17:17+00:00\" \/>\n<meta property=\"article:modified_time\" content=\"2024-10-22T21:33:16+00:00\" \/>\n<meta property=\"og:image\" content=\"https:\/\/pulso27.com\/wp-content\/uploads\/2024\/10\/SanMarcos.png\" \/>\n\t<meta property=\"og:image:width\" content=\"1920\" \/>\n\t<meta property=\"og:image:height\" content=\"1080\" \/>\n\t<meta property=\"og:image:type\" content=\"image\/png\" \/>\n<meta name=\"author\" content=\"El Muki\" \/>\n<meta name=\"twitter:card\" content=\"summary_large_image\" \/>\n<meta name=\"twitter:creator\" content=\"@Pulso_27\" \/>\n<meta name=\"twitter:site\" content=\"@Pulso_27\" \/>\n<meta name=\"twitter:label1\" content=\"Written by\" \/>\n\t<meta name=\"twitter:data1\" content=\"El Muki\" \/>\n\t<meta name=\"twitter:label2\" content=\"Est. reading time\" \/>\n\t<meta name=\"twitter:data2\" content=\"4 minutes\" \/>\n<script type=\"application\/ld+json\" class=\"yoast-schema-graph\">{\"@context\":\"https:\\\/\\\/schema.org\",\"@graph\":[{\"@type\":\"Article\",\"@id\":\"https:\\\/\\\/pulso27.com\\\/educacion\\\/violenta-represion-contra-estudiantes-de-la-universidad-nacional-mayor-de-san-marcos\\\/#article\",\"isPartOf\":{\"@id\":\"https:\\\/\\\/pulso27.com\\\/educacion\\\/violenta-represion-contra-estudiantes-de-la-universidad-nacional-mayor-de-san-marcos\\\/\"},\"author\":{\"name\":\"El Muki\",\"@id\":\"https:\\\/\\\/pulso27.com\\\/en\\\/#\\\/schema\\\/person\\\/a0930a7f318e7d9d83bd7cffed9f34f6\"},\"headline\":\"Violenta represi\u00f3n contra estudiantes de la Universidad Nacional Mayor de San Marcos\",\"datePublished\":\"2024-10-18T05:17:17+00:00\",\"dateModified\":\"2024-10-22T21:33:16+00:00\",\"mainEntityOfPage\":{\"@id\":\"https:\\\/\\\/pulso27.com\\\/educacion\\\/violenta-represion-contra-estudiantes-de-la-universidad-nacional-mayor-de-san-marcos\\\/\"},\"wordCount\":687,\"commentCount\":0,\"publisher\":{\"@id\":\"https:\\\/\\\/pulso27.com\\\/en\\\/#organization\"},\"image\":{\"@id\":\"https:\\\/\\\/pulso27.com\\\/educacion\\\/violenta-represion-contra-estudiantes-de-la-universidad-nacional-mayor-de-san-marcos\\\/#primaryimage\"},\"thumbnailUrl\":\"https:\\\/\\\/pulso27.com\\\/wp-content\\\/uploads\\\/2024\\\/10\\\/SanMarcos.png\",\"keywords\":[\"SanMarcos\",\"TomaDeLocal\",\"Universidad\",\"UNMSM\"],\"articleSection\":[\"Actualidad\",\"Educaci\u00f3n\",\"Pol\u00edtica\"],\"inLanguage\":\"en-US\",\"potentialAction\":[{\"@type\":\"CommentAction\",\"name\":\"Comment\",\"target\":[\"https:\\\/\\\/pulso27.com\\\/educacion\\\/violenta-represion-contra-estudiantes-de-la-universidad-nacional-mayor-de-san-marcos\\\/#respond\"]}]},{\"@type\":\"WebPage\",\"@id\":\"https:\\\/\\\/pulso27.com\\\/educacion\\\/violenta-represion-contra-estudiantes-de-la-universidad-nacional-mayor-de-san-marcos\\\/\",\"url\":\"https:\\\/\\\/pulso27.com\\\/educacion\\\/violenta-represion-contra-estudiantes-de-la-universidad-nacional-mayor-de-san-marcos\\\/\",\"name\":\"Violenta represi\u00f3n contra estudiantes de la Universidad Nacional Mayor de San Marcos - Pulso27\",\"isPartOf\":{\"@id\":\"https:\\\/\\\/pulso27.com\\\/en\\\/#website\"},\"primaryImageOfPage\":{\"@id\":\"https:\\\/\\\/pulso27.com\\\/educacion\\\/violenta-represion-contra-estudiantes-de-la-universidad-nacional-mayor-de-san-marcos\\\/#primaryimage\"},\"image\":{\"@id\":\"https:\\\/\\\/pulso27.com\\\/educacion\\\/violenta-represion-contra-estudiantes-de-la-universidad-nacional-mayor-de-san-marcos\\\/#primaryimage\"},\"thumbnailUrl\":\"https:\\\/\\\/pulso27.com\\\/wp-content\\\/uploads\\\/2024\\\/10\\\/SanMarcos.png\",\"datePublished\":\"2024-10-18T05:17:17+00:00\",\"dateModified\":\"2024-10-22T21:33:16+00:00\",\"breadcrumb\":{\"@id\":\"https:\\\/\\\/pulso27.com\\\/educacion\\\/violenta-represion-contra-estudiantes-de-la-universidad-nacional-mayor-de-san-marcos\\\/#breadcrumb\"},\"inLanguage\":\"en-US\",\"potentialAction\":[{\"@type\":\"ReadAction\",\"target\":[\"https:\\\/\\\/pulso27.com\\\/educacion\\\/violenta-represion-contra-estudiantes-de-la-universidad-nacional-mayor-de-san-marcos\\\/\"]}]},{\"@type\":\"ImageObject\",\"inLanguage\":\"en-US\",\"@id\":\"https:\\\/\\\/pulso27.com\\\/educacion\\\/violenta-represion-contra-estudiantes-de-la-universidad-nacional-mayor-de-san-marcos\\\/#primaryimage\",\"url\":\"https:\\\/\\\/pulso27.com\\\/wp-content\\\/uploads\\\/2024\\\/10\\\/SanMarcos.png\",\"contentUrl\":\"https:\\\/\\\/pulso27.com\\\/wp-content\\\/uploads\\\/2024\\\/10\\\/SanMarcos.png\",\"width\":1920,\"height\":1080},{\"@type\":\"BreadcrumbList\",\"@id\":\"https:\\\/\\\/pulso27.com\\\/educacion\\\/violenta-represion-contra-estudiantes-de-la-universidad-nacional-mayor-de-san-marcos\\\/#breadcrumb\",\"itemListElement\":[{\"@type\":\"ListItem\",\"position\":1,\"name\":\"Portada\",\"item\":\"https:\\\/\\\/pulso27.com\\\/\"},{\"@type\":\"ListItem\",\"position\":2,\"name\":\"Violenta represi\u00f3n contra estudiantes de la Universidad Nacional Mayor de San Marcos\"}]},{\"@type\":\"WebSite\",\"@id\":\"https:\\\/\\\/pulso27.com\\\/en\\\/#website\",\"url\":\"https:\\\/\\\/pulso27.com\\\/en\\\/\",\"name\":\"Pulso27\",\"description\":\"Web de noticias y publicidad\",\"publisher\":{\"@id\":\"https:\\\/\\\/pulso27.com\\\/en\\\/#organization\"},\"alternateName\":\"El pulso del pueblo\",\"potentialAction\":[{\"@type\":\"SearchAction\",\"target\":{\"@type\":\"EntryPoint\",\"urlTemplate\":\"https:\\\/\\\/pulso27.com\\\/en\\\/?s={search_term_string}\"},\"query-input\":{\"@type\":\"PropertyValueSpecification\",\"valueRequired\":true,\"valueName\":\"search_term_string\"}}],\"inLanguage\":\"en-US\"},{\"@type\":\"Organization\",\"@id\":\"https:\\\/\\\/pulso27.com\\\/en\\\/#organization\",\"name\":\"Pulso27\",\"url\":\"https:\\\/\\\/pulso27.com\\\/en\\\/\",\"logo\":{\"@type\":\"ImageObject\",\"inLanguage\":\"en-US\",\"@id\":\"https:\\\/\\\/pulso27.com\\\/en\\\/#\\\/schema\\\/logo\\\/image\\\/\",\"url\":\"https:\\\/\\\/pulso27.com\\\/wp-content\\\/uploads\\\/2026\\\/02\\\/Logotipo-de-la-organizacion-696-x-696-px-ok.png\",\"contentUrl\":\"https:\\\/\\\/pulso27.com\\\/wp-content\\\/uploads\\\/2026\\\/02\\\/Logotipo-de-la-organizacion-696-x-696-px-ok.png\",\"width\":696,\"height\":696,\"caption\":\"Pulso27\"},\"image\":{\"@id\":\"https:\\\/\\\/pulso27.com\\\/en\\\/#\\\/schema\\\/logo\\\/image\\\/\"},\"sameAs\":[\"https:\\\/\\\/www.facebook.com\\\/pulso27\\\/\",\"https:\\\/\\\/x.com\\\/Pulso_27\",\"https:\\\/\\\/www.youtube.com\\\/@Pulso27\",\"https:\\\/\\\/www.tiktok.com\\\/@pulso_27\"]},{\"@type\":\"Person\",\"@id\":\"https:\\\/\\\/pulso27.com\\\/en\\\/#\\\/schema\\\/person\\\/a0930a7f318e7d9d83bd7cffed9f34f6\",\"name\":\"El Muki\",\"image\":{\"@type\":\"ImageObject\",\"inLanguage\":\"en-US\",\"@id\":\"https:\\\/\\\/secure.gravatar.com\\\/avatar\\\/dc91c2607c5eebda74cbb40d13031f489096c96ead89c4c30c17db262267b2b3?s=96&d=mm&r=g\",\"url\":\"https:\\\/\\\/secure.gravatar.com\\\/avatar\\\/dc91c2607c5eebda74cbb40d13031f489096c96ead89c4c30c17db262267b2b3?s=96&d=mm&r=g\",\"contentUrl\":\"https:\\\/\\\/secure.gravatar.com\\\/avatar\\\/dc91c2607c5eebda74cbb40d13031f489096c96ead89c4c30c17db262267b2b3?s=96&d=mm&r=g\",\"caption\":\"El Muki\"},\"sameAs\":[\"http:\\\/\\\/www.pulso27.com\"],\"url\":\"https:\\\/\\\/pulso27.com\\\/en\\\/author\\\/elcuervo\\\/\"}]}<\/script>\n<!-- \/ Yoast SEO plugin. -->","yoast_head_json":{"title":"Violenta represi\u00f3n contra estudiantes de la Universidad Nacional Mayor de San Marcos - Pulso27","robots":{"index":"index","follow":"follow","max-snippet":"max-snippet:-1","max-image-preview":"max-image-preview:large","max-video-preview":"max-video-preview:-1"},"canonical":"https:\/\/pulso27.com\/en\/educacion\/violenta-represion-contra-estudiantes-de-la-universidad-nacional-mayor-de-san-marcos\/","og_locale":"en_US","og_type":"article","og_title":"Violenta represi\u00f3n contra estudiantes de la Universidad Nacional Mayor de San Marcos - Pulso27","og_description":"La tarde del jueves 17 de octubre, la Universidad Nacional Mayor de San Marcos (UNMSM) fue escenario de intensos enfrentamientos tras la toma del campus por parte de un grupo de estudiantes que protestan contra las elecciones internas programadas para el viernes 18. La situaci\u00f3n se torn\u00f3 violenta cuando los alumnos se enfrentaron a personal [&hellip;]","og_url":"https:\/\/pulso27.com\/en\/educacion\/violenta-represion-contra-estudiantes-de-la-universidad-nacional-mayor-de-san-marcos\/","og_site_name":"Pulso27","article_publisher":"https:\/\/www.facebook.com\/pulso27\/","article_published_time":"2024-10-18T05:17:17+00:00","article_modified_time":"2024-10-22T21:33:16+00:00","og_image":[{"width":1920,"height":1080,"url":"https:\/\/pulso27.com\/wp-content\/uploads\/2024\/10\/SanMarcos.png","type":"image\/png"}],"author":"El Muki","twitter_card":"summary_large_image","twitter_creator":"@Pulso_27","twitter_site":"@Pulso_27","twitter_misc":{"Written by":"El Muki","Est. reading time":"4 minutes"},"schema":{"@context":"https:\/\/schema.org","@graph":[{"@type":"Article","@id":"https:\/\/pulso27.com\/educacion\/violenta-represion-contra-estudiantes-de-la-universidad-nacional-mayor-de-san-marcos\/#article","isPartOf":{"@id":"https:\/\/pulso27.com\/educacion\/violenta-represion-contra-estudiantes-de-la-universidad-nacional-mayor-de-san-marcos\/"},"author":{"name":"El Muki","@id":"https:\/\/pulso27.com\/en\/#\/schema\/person\/a0930a7f318e7d9d83bd7cffed9f34f6"},"headline":"Violenta represi\u00f3n contra estudiantes de la Universidad Nacional Mayor de San Marcos","datePublished":"2024-10-18T05:17:17+00:00","dateModified":"2024-10-22T21:33:16+00:00","mainEntityOfPage":{"@id":"https:\/\/pulso27.com\/educacion\/violenta-represion-contra-estudiantes-de-la-universidad-nacional-mayor-de-san-marcos\/"},"wordCount":687,"commentCount":0,"publisher":{"@id":"https:\/\/pulso27.com\/en\/#organization"},"image":{"@id":"https:\/\/pulso27.com\/educacion\/violenta-represion-contra-estudiantes-de-la-universidad-nacional-mayor-de-san-marcos\/#primaryimage"},"thumbnailUrl":"https:\/\/pulso27.com\/wp-content\/uploads\/2024\/10\/SanMarcos.png","keywords":["SanMarcos","TomaDeLocal","Universidad","UNMSM"],"articleSection":["Actualidad","Educaci\u00f3n","Pol\u00edtica"],"inLanguage":"en-US","potentialAction":[{"@type":"CommentAction","name":"Comment","target":["https:\/\/pulso27.com\/educacion\/violenta-represion-contra-estudiantes-de-la-universidad-nacional-mayor-de-san-marcos\/#respond"]}]},{"@type":"WebPage","@id":"https:\/\/pulso27.com\/educacion\/violenta-represion-contra-estudiantes-de-la-universidad-nacional-mayor-de-san-marcos\/","url":"https:\/\/pulso27.com\/educacion\/violenta-represion-contra-estudiantes-de-la-universidad-nacional-mayor-de-san-marcos\/","name":"Violenta represi\u00f3n contra estudiantes de la Universidad Nacional Mayor de San Marcos - Pulso27","isPartOf":{"@id":"https:\/\/pulso27.com\/en\/#website"},"primaryImageOfPage":{"@id":"https:\/\/pulso27.com\/educacion\/violenta-represion-contra-estudiantes-de-la-universidad-nacional-mayor-de-san-marcos\/#primaryimage"},"image":{"@id":"https:\/\/pulso27.com\/educacion\/violenta-represion-contra-estudiantes-de-la-universidad-nacional-mayor-de-san-marcos\/#primaryimage"},"thumbnailUrl":"https:\/\/pulso27.com\/wp-content\/uploads\/2024\/10\/SanMarcos.png","datePublished":"2024-10-18T05:17:17+00:00","dateModified":"2024-10-22T21:33:16+00:00","breadcrumb":{"@id":"https:\/\/pulso27.com\/educacion\/violenta-represion-contra-estudiantes-de-la-universidad-nacional-mayor-de-san-marcos\/#breadcrumb"},"inLanguage":"en-US","potentialAction":[{"@type":"ReadAction","target":["https:\/\/pulso27.com\/educacion\/violenta-represion-contra-estudiantes-de-la-universidad-nacional-mayor-de-san-marcos\/"]}]},{"@type":"ImageObject","inLanguage":"en-US","@id":"https:\/\/pulso27.com\/educacion\/violenta-represion-contra-estudiantes-de-la-universidad-nacional-mayor-de-san-marcos\/#primaryimage","url":"https:\/\/pulso27.com\/wp-content\/uploads\/2024\/10\/SanMarcos.png","contentUrl":"https:\/\/pulso27.com\/wp-content\/uploads\/2024\/10\/SanMarcos.png","width":1920,"height":1080},{"@type":"BreadcrumbList","@id":"https:\/\/pulso27.com\/educacion\/violenta-represion-contra-estudiantes-de-la-universidad-nacional-mayor-de-san-marcos\/#breadcrumb","itemListElement":[{"@type":"ListItem","position":1,"name":"Portada","item":"https:\/\/pulso27.com\/"},{"@type":"ListItem","position":2,"name":"Violenta represi\u00f3n contra estudiantes de la Universidad Nacional Mayor de San Marcos"}]},{"@type":"WebSite","@id":"https:\/\/pulso27.com\/en\/#website","url":"https:\/\/pulso27.com\/en\/","name":"Pulso27","description":"Web de noticias y publicidad","publisher":{"@id":"https:\/\/pulso27.com\/en\/#organization"},"alternateName":"El pulso del pueblo","potentialAction":[{"@type":"SearchAction","target":{"@type":"EntryPoint","urlTemplate":"https:\/\/pulso27.com\/en\/?s={search_term_string}"},"query-input":{"@type":"PropertyValueSpecification","valueRequired":true,"valueName":"search_term_string"}}],"inLanguage":"en-US"},{"@type":"Organization","@id":"https:\/\/pulso27.com\/en\/#organization","name":"Pulso27","url":"https:\/\/pulso27.com\/en\/","logo":{"@type":"ImageObject","inLanguage":"en-US","@id":"https:\/\/pulso27.com\/en\/#\/schema\/logo\/image\/","url":"https:\/\/pulso27.com\/wp-content\/uploads\/2026\/02\/Logotipo-de-la-organizacion-696-x-696-px-ok.png","contentUrl":"https:\/\/pulso27.com\/wp-content\/uploads\/2026\/02\/Logotipo-de-la-organizacion-696-x-696-px-ok.png","width":696,"height":696,"caption":"Pulso27"},"image":{"@id":"https:\/\/pulso27.com\/en\/#\/schema\/logo\/image\/"},"sameAs":["https:\/\/www.facebook.com\/pulso27\/","https:\/\/x.com\/Pulso_27","https:\/\/www.youtube.com\/@Pulso27","https:\/\/www.tiktok.com\/@pulso_27"]},{"@type":"Person","@id":"https:\/\/pulso27.com\/en\/#\/schema\/person\/a0930a7f318e7d9d83bd7cffed9f34f6","name":"El Muki","image":{"@type":"ImageObject","inLanguage":"en-US","@id":"https:\/\/secure.gravatar.com\/avatar\/dc91c2607c5eebda74cbb40d13031f489096c96ead89c4c30c17db262267b2b3?s=96&d=mm&r=g","url":"https:\/\/secure.gravatar.com\/avatar\/dc91c2607c5eebda74cbb40d13031f489096c96ead89c4c30c17db262267b2b3?s=96&d=mm&r=g","contentUrl":"https:\/\/secure.gravatar.com\/avatar\/dc91c2607c5eebda74cbb40d13031f489096c96ead89c4c30c17db262267b2b3?s=96&d=mm&r=g","caption":"El Muki"},"sameAs":["http:\/\/www.pulso27.com"],"url":"https:\/\/pulso27.com\/en\/author\/elcuervo\/"}]}},"amp_enabled":true,"_links":{"self":[{"href":"https:\/\/pulso27.com\/en\/wp-json\/wp\/v2\/posts\/2395","targetHints":{"allow":["GET"]}}],"collection":[{"href":"https:\/\/pulso27.com\/en\/wp-json\/wp\/v2\/posts"}],"about":[{"href":"https:\/\/pulso27.com\/en\/wp-json\/wp\/v2\/types\/post"}],"author":[{"embeddable":true,"href":"https:\/\/pulso27.com\/en\/wp-json\/wp\/v2\/users\/10"}],"replies":[{"embeddable":true,"href":"https:\/\/pulso27.com\/en\/wp-json\/wp\/v2\/comments?post=2395"}],"version-history":[{"count":2,"href":"https:\/\/pulso27.com\/en\/wp-json\/wp\/v2\/posts\/2395\/revisions"}],"predecessor-version":[{"id":2407,"href":"https:\/\/pulso27.com\/en\/wp-json\/wp\/v2\/posts\/2395\/revisions\/2407"}],"wp:featuredmedia":[{"embeddable":true,"href":"https:\/\/pulso27.com\/en\/wp-json\/wp\/v2\/media\/2398"}],"wp:attachment":[{"href":"https:\/\/pulso27.com\/en\/wp-json\/wp\/v2\/media?parent=2395"}],"wp:term":[{"taxonomy":"category","embeddable":true,"href":"https:\/\/pulso27.com\/en\/wp-json\/wp\/v2\/categories?post=2395"},{"taxonomy":"post_tag","embeddable":true,"href":"https:\/\/pulso27.com\/en\/wp-json\/wp\/v2\/tags?post=2395"}],"curies":[{"name":"wp","href":"https:\/\/api.w.org\/{rel}","templated":true}]}}