{"id":2543,"date":"2024-10-23T10:30:04","date_gmt":"2024-10-23T05:30:04","guid":{"rendered":"https:\/\/pulso27.com\/?p=2543"},"modified":"2024-10-23T21:30:14","modified_gmt":"2024-10-23T16:30:14","slug":"represion-policial-en-el-valle-del-tambo-intensifica-el-conflicto-por-tia-maria","status":"publish","type":"post","link":"https:\/\/pulso27.com\/en\/actualidad\/policial\/represion-policial-en-el-valle-del-tambo-intensifica-el-conflicto-por-tia-maria\/","title":{"rendered":"Represi\u00f3n policial en el Valle del Tambo intensifica el conflicto del proyecto minero T\u00eda Mar\u00eda de Southern Copper Corporation"},"content":{"rendered":"<p><em>Arequipa, 22 de octubre de 2024<\/em> \u2014 Las protestas contra el proyecto minero T\u00eda Mar\u00eda, impulsado por la Southern Copper Corporation, se han intensificado en el Valle de Tambo, Arequipa. Agricultores y pobladores de la zona, quienes exigen la cancelaci\u00f3n del proyecto por sus potenciales impactos ambientales, han denunciado el uso excesivo de la fuerza por parte de la Polic\u00eda Nacional del Per\u00fa (PNP).<\/p>\n\n\n\n<p>Desde la ma\u00f1ana del lunes 21 de octubre, los manifestantes iniciaron un paro de 72 horas en contra de T\u00eda Mar\u00eda. Aunque inicialmente las actividades se desarrollaron de forma pac\u00edfica, los enfrentamientos estallaron la noche del martes 22 de octubre en los sectores del Boquer\u00f3n y La Curva, en el distrito de De\u00e1n Valdivia. La tensi\u00f3n aument\u00f3 cuando la PNP lanz\u00f3 bombas lacrim\u00f3genas para dispersar a los manifestantes, afectando a pobladores, entre ellos mujeres y ancianos.<\/p>\n\n\n\n<figure class=\"wp-block-image size-large\"><img loading=\"lazy\" decoding=\"async\" width=\"1024\" height=\"576\" src=\"https:\/\/pulso27.com\/wp-content\/uploads\/2024\/10\/image-24-1024x576.png\" alt=\"\" class=\"wp-image-2546\" srcset=\"https:\/\/pulso27.com\/wp-content\/uploads\/2024\/10\/image-24-1024x576.png 1024w, https:\/\/pulso27.com\/wp-content\/uploads\/2024\/10\/image-24-300x169.png 300w, https:\/\/pulso27.com\/wp-content\/uploads\/2024\/10\/image-24-768x432.png 768w, https:\/\/pulso27.com\/wp-content\/uploads\/2024\/10\/image-24-18x10.png 18w, https:\/\/pulso27.com\/wp-content\/uploads\/2024\/10\/image-24.png 1200w\" sizes=\"auto, (max-width: 1024px) 100vw, 1024px\" \/><figcaption class=\"wp-element-caption\"><em>Agricultores, acuicultores y transportistas del Valle de Tambo se oponen a la actividad minera.<\/em><\/figcaption><\/figure>\n\n\n\n<p>El conflicto, que comenz\u00f3 como una marcha pac\u00edfica de m\u00e1s de 60 agricultores, ha ido escalando. Los manifestantes bloquearon la carretera Costanera y algunas v\u00edas de la Panamericana Sur, utilizando llantas quemadas y formando largas filas de veh\u00edculos varados. En respuesta, la PNP intent\u00f3 desbloquear las rutas, lo que provoc\u00f3 enfrentamientos entre ambas partes.<\/p>\n\n\n\n<p>Miguel Deza, dirigente del Valle de Tambo, declar\u00f3 que la poblaci\u00f3n no permitir\u00e1 que el proyecto minero avance, y advirti\u00f3 que el paro podr\u00eda extenderse indefinidamente si no se cancelan los planes de explotaci\u00f3n. Los manifestantes reiteran su rechazo a la falta de \u00ablicencia social\u00bb para el proyecto, argumentando que afectar\u00eda las fuentes de agua y las actividades agr\u00edcolas en la regi\u00f3n.<\/p>\n\n\n\n<figure class=\"wp-block-image size-full\"><img loading=\"lazy\" decoding=\"async\" width=\"1024\" height=\"683\" src=\"https:\/\/pulso27.com\/wp-content\/uploads\/2024\/10\/image-26.png\" alt=\"\" class=\"wp-image-2548\" srcset=\"https:\/\/pulso27.com\/wp-content\/uploads\/2024\/10\/image-26.png 1024w, https:\/\/pulso27.com\/wp-content\/uploads\/2024\/10\/image-26-300x200.png 300w, https:\/\/pulso27.com\/wp-content\/uploads\/2024\/10\/image-26-768x512.png 768w, https:\/\/pulso27.com\/wp-content\/uploads\/2024\/10\/image-26-18x12.png 18w\" sizes=\"auto, (max-width: 1024px) 100vw, 1024px\" \/><figcaption class=\"wp-element-caption\"><em>R\u00f3mulo Mucho, ministro de Energ\u00eda y Minas de Dina Boluarte, es el principal cuestionado por apoyar la ejecuci\u00f3n del proyecto T\u00eda Mar\u00eda<\/em><\/figcaption><\/figure>\n\n\n\n<p>Por su parte, el Gobierno, a trav\u00e9s del ministro de Energ\u00eda y Minas, R\u00f3mulo Mucho, ha defendido el proyecto T\u00eda Mar\u00eda, se\u00f1alando que la miner\u00eda actual no representa los riesgos que los opositores temen. Sin embargo, las comunidades locales y grupos sociales de otras regiones como Puno se han sumado a las protestas, exigiendo la renuncia del ministro y la presidenta por lo que consideran un intento de imponer un proyecto da\u00f1ino para la poblaci\u00f3n.<\/p>\n\n\n\n<p>Mientras la situaci\u00f3n en el Valle de Tambo contin\u00faa tensa, los manifestantes exigen respeto al derecho de protesta y el cese inmediato de la represi\u00f3n policial, clamando: \u201c\u00a1T\u00eda Mar\u00eda no va!\u201d.<\/p>","protected":false},"excerpt":{"rendered":"<p>Arequipa, 22 de octubre de 2024 \u2014 Las protestas contra el proyecto minero T\u00eda Mar\u00eda, impulsado por la Southern Copper Corporation, se han intensificado en el Valle de Tambo, Arequipa. Agricultores y pobladores de la zona, quienes exigen la cancelaci\u00f3n del proyecto por sus potenciales impactos ambientales, han denunciado el uso excesivo de la fuerza [&hellip;]<\/p>\n","protected":false},"author":11,"featured_media":2545,"comment_status":"open","ping_status":"open","sticky":false,"template":"","format":"standard","meta":{"footnotes":""},"categories":[183,178,810],"tags":[616,1853,862,835],"class_list":["post-2543","post","type-post","status-publish","format-standard","has-post-thumbnail","hentry","category-actualidad","category-policial","category-regional","tag-arequipa","tag-islay","tag-paro72horas","tag-valledeltambo"],"yoast_head":"<!-- This site is optimized with the Yoast SEO plugin v27.4 - https:\/\/yoast.com\/product\/yoast-seo-wordpress\/ -->\n<title>Represi\u00f3n policial en el Valle del Tambo intensifica el conflicto del proyecto minero T\u00eda Mar\u00eda de Southern Copper Corporation - Pulso27<\/title>\n<meta name=\"robots\" content=\"index, follow, max-snippet:-1, max-image-preview:large, max-video-preview:-1\" \/>\n<link rel=\"canonical\" href=\"https:\/\/pulso27.com\/en\/actualidad\/policial\/represion-policial-en-el-valle-del-tambo-intensifica-el-conflicto-por-tia-maria\/\" \/>\n<meta property=\"og:locale\" content=\"en_US\" \/>\n<meta property=\"og:type\" content=\"article\" \/>\n<meta property=\"og:title\" content=\"Represi\u00f3n policial en el Valle del Tambo intensifica el conflicto del proyecto minero T\u00eda Mar\u00eda de Southern Copper Corporation - Pulso27\" \/>\n<meta property=\"og:description\" content=\"Arequipa, 22 de octubre de 2024 \u2014 Las protestas contra el proyecto minero T\u00eda Mar\u00eda, impulsado por la Southern Copper Corporation, se han intensificado en el Valle de Tambo, Arequipa. Agricultores y pobladores de la zona, quienes exigen la cancelaci\u00f3n del proyecto por sus potenciales impactos ambientales, han denunciado el uso excesivo de la fuerza [&hellip;]\" \/>\n<meta property=\"og:url\" content=\"https:\/\/pulso27.com\/en\/actualidad\/policial\/represion-policial-en-el-valle-del-tambo-intensifica-el-conflicto-por-tia-maria\/\" \/>\n<meta property=\"og:site_name\" content=\"Pulso27\" \/>\n<meta property=\"article:publisher\" content=\"https:\/\/www.facebook.com\/pulso27\/\" \/>\n<meta property=\"article:author\" content=\"https:\/\/www.facebook.com\/pulso27\" \/>\n<meta property=\"article:published_time\" content=\"2024-10-23T05:30:04+00:00\" \/>\n<meta property=\"article:modified_time\" content=\"2024-10-23T16:30:14+00:00\" \/>\n<meta property=\"og:image\" content=\"https:\/\/pulso27.com\/wp-content\/uploads\/2024\/10\/ValleDelTambo.png\" \/>\n\t<meta property=\"og:image:width\" content=\"1458\" \/>\n\t<meta property=\"og:image:height\" content=\"820\" \/>\n\t<meta property=\"og:image:type\" content=\"image\/png\" \/>\n<meta name=\"author\" content=\"Editor\" \/>\n<meta name=\"twitter:card\" content=\"summary_large_image\" \/>\n<meta name=\"twitter:creator\" content=\"@https:\/\/x.com\/Pulso_27\" \/>\n<meta name=\"twitter:site\" content=\"@Pulso_27\" \/>\n<meta name=\"twitter:label1\" content=\"Written by\" \/>\n\t<meta name=\"twitter:data1\" content=\"Editor\" \/>\n\t<meta name=\"twitter:label2\" content=\"Est. reading time\" \/>\n\t<meta name=\"twitter:data2\" content=\"2 minutes\" \/>\n<script type=\"application\/ld+json\" class=\"yoast-schema-graph\">{\"@context\":\"https:\\\/\\\/schema.org\",\"@graph\":[{\"@type\":\"Article\",\"@id\":\"https:\\\/\\\/pulso27.com\\\/actualidad\\\/policial\\\/represion-policial-en-el-valle-del-tambo-intensifica-el-conflicto-por-tia-maria\\\/#article\",\"isPartOf\":{\"@id\":\"https:\\\/\\\/pulso27.com\\\/actualidad\\\/policial\\\/represion-policial-en-el-valle-del-tambo-intensifica-el-conflicto-por-tia-maria\\\/\"},\"author\":{\"name\":\"Editor\",\"@id\":\"https:\\\/\\\/pulso27.com\\\/en\\\/#\\\/schema\\\/person\\\/e0da4cfacbab724cbf4ab44bcc030735\"},\"headline\":\"Represi\u00f3n policial en el Valle del Tambo intensifica el conflicto del proyecto minero T\u00eda Mar\u00eda de Southern Copper Corporation\",\"datePublished\":\"2024-10-23T05:30:04+00:00\",\"dateModified\":\"2024-10-23T16:30:14+00:00\",\"mainEntityOfPage\":{\"@id\":\"https:\\\/\\\/pulso27.com\\\/actualidad\\\/policial\\\/represion-policial-en-el-valle-del-tambo-intensifica-el-conflicto-por-tia-maria\\\/\"},\"wordCount\":454,\"commentCount\":0,\"publisher\":{\"@id\":\"https:\\\/\\\/pulso27.com\\\/en\\\/#organization\"},\"image\":{\"@id\":\"https:\\\/\\\/pulso27.com\\\/actualidad\\\/policial\\\/represion-policial-en-el-valle-del-tambo-intensifica-el-conflicto-por-tia-maria\\\/#primaryimage\"},\"thumbnailUrl\":\"https:\\\/\\\/pulso27.com\\\/wp-content\\\/uploads\\\/2024\\\/10\\\/ValleDelTambo.png\",\"keywords\":[\"Arequipa\",\"Islay\",\"Paro72Horas\",\"ValleDelTambo\"],\"articleSection\":[\"Actualidad\",\"Policial\",\"Regional\"],\"inLanguage\":\"en-US\",\"potentialAction\":[{\"@type\":\"CommentAction\",\"name\":\"Comment\",\"target\":[\"https:\\\/\\\/pulso27.com\\\/actualidad\\\/policial\\\/represion-policial-en-el-valle-del-tambo-intensifica-el-conflicto-por-tia-maria\\\/#respond\"]}]},{\"@type\":\"WebPage\",\"@id\":\"https:\\\/\\\/pulso27.com\\\/actualidad\\\/policial\\\/represion-policial-en-el-valle-del-tambo-intensifica-el-conflicto-por-tia-maria\\\/\",\"url\":\"https:\\\/\\\/pulso27.com\\\/actualidad\\\/policial\\\/represion-policial-en-el-valle-del-tambo-intensifica-el-conflicto-por-tia-maria\\\/\",\"name\":\"Represi\u00f3n policial en el Valle del Tambo intensifica el conflicto del proyecto minero T\u00eda Mar\u00eda de Southern Copper Corporation - Pulso27\",\"isPartOf\":{\"@id\":\"https:\\\/\\\/pulso27.com\\\/en\\\/#website\"},\"primaryImageOfPage\":{\"@id\":\"https:\\\/\\\/pulso27.com\\\/actualidad\\\/policial\\\/represion-policial-en-el-valle-del-tambo-intensifica-el-conflicto-por-tia-maria\\\/#primaryimage\"},\"image\":{\"@id\":\"https:\\\/\\\/pulso27.com\\\/actualidad\\\/policial\\\/represion-policial-en-el-valle-del-tambo-intensifica-el-conflicto-por-tia-maria\\\/#primaryimage\"},\"thumbnailUrl\":\"https:\\\/\\\/pulso27.com\\\/wp-content\\\/uploads\\\/2024\\\/10\\\/ValleDelTambo.png\",\"datePublished\":\"2024-10-23T05:30:04+00:00\",\"dateModified\":\"2024-10-23T16:30:14+00:00\",\"breadcrumb\":{\"@id\":\"https:\\\/\\\/pulso27.com\\\/actualidad\\\/policial\\\/represion-policial-en-el-valle-del-tambo-intensifica-el-conflicto-por-tia-maria\\\/#breadcrumb\"},\"inLanguage\":\"en-US\",\"potentialAction\":[{\"@type\":\"ReadAction\",\"target\":[\"https:\\\/\\\/pulso27.com\\\/actualidad\\\/policial\\\/represion-policial-en-el-valle-del-tambo-intensifica-el-conflicto-por-tia-maria\\\/\"]}]},{\"@type\":\"ImageObject\",\"inLanguage\":\"en-US\",\"@id\":\"https:\\\/\\\/pulso27.com\\\/actualidad\\\/policial\\\/represion-policial-en-el-valle-del-tambo-intensifica-el-conflicto-por-tia-maria\\\/#primaryimage\",\"url\":\"https:\\\/\\\/pulso27.com\\\/wp-content\\\/uploads\\\/2024\\\/10\\\/ValleDelTambo.png\",\"contentUrl\":\"https:\\\/\\\/pulso27.com\\\/wp-content\\\/uploads\\\/2024\\\/10\\\/ValleDelTambo.png\",\"width\":1458,\"height\":820},{\"@type\":\"BreadcrumbList\",\"@id\":\"https:\\\/\\\/pulso27.com\\\/actualidad\\\/policial\\\/represion-policial-en-el-valle-del-tambo-intensifica-el-conflicto-por-tia-maria\\\/#breadcrumb\",\"itemListElement\":[{\"@type\":\"ListItem\",\"position\":1,\"name\":\"Portada\",\"item\":\"https:\\\/\\\/pulso27.com\\\/\"},{\"@type\":\"ListItem\",\"position\":2,\"name\":\"Represi\u00f3n policial en el Valle del Tambo intensifica el conflicto del proyecto minero T\u00eda Mar\u00eda de Southern Copper Corporation\"}]},{\"@type\":\"WebSite\",\"@id\":\"https:\\\/\\\/pulso27.com\\\/en\\\/#website\",\"url\":\"https:\\\/\\\/pulso27.com\\\/en\\\/\",\"name\":\"Pulso27\",\"description\":\"Web de noticias y publicidad\",\"publisher\":{\"@id\":\"https:\\\/\\\/pulso27.com\\\/en\\\/#organization\"},\"alternateName\":\"El pulso del pueblo\",\"potentialAction\":[{\"@type\":\"SearchAction\",\"target\":{\"@type\":\"EntryPoint\",\"urlTemplate\":\"https:\\\/\\\/pulso27.com\\\/en\\\/?s={search_term_string}\"},\"query-input\":{\"@type\":\"PropertyValueSpecification\",\"valueRequired\":true,\"valueName\":\"search_term_string\"}}],\"inLanguage\":\"en-US\"},{\"@type\":\"Organization\",\"@id\":\"https:\\\/\\\/pulso27.com\\\/en\\\/#organization\",\"name\":\"Pulso27\",\"url\":\"https:\\\/\\\/pulso27.com\\\/en\\\/\",\"logo\":{\"@type\":\"ImageObject\",\"inLanguage\":\"en-US\",\"@id\":\"https:\\\/\\\/pulso27.com\\\/en\\\/#\\\/schema\\\/logo\\\/image\\\/\",\"url\":\"https:\\\/\\\/pulso27.com\\\/wp-content\\\/uploads\\\/2026\\\/02\\\/Logotipo-de-la-organizacion-696-x-696-px-ok.png\",\"contentUrl\":\"https:\\\/\\\/pulso27.com\\\/wp-content\\\/uploads\\\/2026\\\/02\\\/Logotipo-de-la-organizacion-696-x-696-px-ok.png\",\"width\":696,\"height\":696,\"caption\":\"Pulso27\"},\"image\":{\"@id\":\"https:\\\/\\\/pulso27.com\\\/en\\\/#\\\/schema\\\/logo\\\/image\\\/\"},\"sameAs\":[\"https:\\\/\\\/www.facebook.com\\\/pulso27\\\/\",\"https:\\\/\\\/x.com\\\/Pulso_27\",\"https:\\\/\\\/www.youtube.com\\\/@Pulso27\",\"https:\\\/\\\/www.tiktok.com\\\/@pulso_27\"]},{\"@type\":\"Person\",\"@id\":\"https:\\\/\\\/pulso27.com\\\/en\\\/#\\\/schema\\\/person\\\/e0da4cfacbab724cbf4ab44bcc030735\",\"name\":\"Editor\",\"image\":{\"@type\":\"ImageObject\",\"inLanguage\":\"en-US\",\"@id\":\"https:\\\/\\\/pulso27.com\\\/wp-content\\\/uploads\\\/2025\\\/03\\\/c-150x150.png\",\"url\":\"https:\\\/\\\/pulso27.com\\\/wp-content\\\/uploads\\\/2025\\\/03\\\/c-150x150.png\",\"contentUrl\":\"https:\\\/\\\/pulso27.com\\\/wp-content\\\/uploads\\\/2025\\\/03\\\/c-150x150.png\",\"caption\":\"Editor\"},\"sameAs\":[\"http:\\\/\\\/www.pulso27.com\",\"https:\\\/\\\/www.facebook.com\\\/pulso27\",\"https:\\\/\\\/x.com\\\/https:\\\/\\\/x.com\\\/Pulso_27\",\"https:\\\/\\\/www.youtube.com\\\/@Pulso27\"],\"url\":\"https:\\\/\\\/pulso27.com\\\/en\\\/author\\\/editor\\\/\"}]}<\/script>\n<!-- \/ Yoast SEO plugin. -->","yoast_head_json":{"title":"Represi\u00f3n policial en el Valle del Tambo intensifica el conflicto del proyecto minero T\u00eda Mar\u00eda de Southern Copper Corporation - Pulso27","robots":{"index":"index","follow":"follow","max-snippet":"max-snippet:-1","max-image-preview":"max-image-preview:large","max-video-preview":"max-video-preview:-1"},"canonical":"https:\/\/pulso27.com\/en\/actualidad\/policial\/represion-policial-en-el-valle-del-tambo-intensifica-el-conflicto-por-tia-maria\/","og_locale":"en_US","og_type":"article","og_title":"Represi\u00f3n policial en el Valle del Tambo intensifica el conflicto del proyecto minero T\u00eda Mar\u00eda de Southern Copper Corporation - Pulso27","og_description":"Arequipa, 22 de octubre de 2024 \u2014 Las protestas contra el proyecto minero T\u00eda Mar\u00eda, impulsado por la Southern Copper Corporation, se han intensificado en el Valle de Tambo, Arequipa. Agricultores y pobladores de la zona, quienes exigen la cancelaci\u00f3n del proyecto por sus potenciales impactos ambientales, han denunciado el uso excesivo de la fuerza [&hellip;]","og_url":"https:\/\/pulso27.com\/en\/actualidad\/policial\/represion-policial-en-el-valle-del-tambo-intensifica-el-conflicto-por-tia-maria\/","og_site_name":"Pulso27","article_publisher":"https:\/\/www.facebook.com\/pulso27\/","article_author":"https:\/\/www.facebook.com\/pulso27","article_published_time":"2024-10-23T05:30:04+00:00","article_modified_time":"2024-10-23T16:30:14+00:00","og_image":[{"width":1458,"height":820,"url":"https:\/\/pulso27.com\/wp-content\/uploads\/2024\/10\/ValleDelTambo.png","type":"image\/png"}],"author":"Editor","twitter_card":"summary_large_image","twitter_creator":"@https:\/\/x.com\/Pulso_27","twitter_site":"@Pulso_27","twitter_misc":{"Written by":"Editor","Est. reading time":"2 minutes"},"schema":{"@context":"https:\/\/schema.org","@graph":[{"@type":"Article","@id":"https:\/\/pulso27.com\/actualidad\/policial\/represion-policial-en-el-valle-del-tambo-intensifica-el-conflicto-por-tia-maria\/#article","isPartOf":{"@id":"https:\/\/pulso27.com\/actualidad\/policial\/represion-policial-en-el-valle-del-tambo-intensifica-el-conflicto-por-tia-maria\/"},"author":{"name":"Editor","@id":"https:\/\/pulso27.com\/en\/#\/schema\/person\/e0da4cfacbab724cbf4ab44bcc030735"},"headline":"Represi\u00f3n policial en el Valle del Tambo intensifica el conflicto del proyecto minero T\u00eda Mar\u00eda de Southern Copper Corporation","datePublished":"2024-10-23T05:30:04+00:00","dateModified":"2024-10-23T16:30:14+00:00","mainEntityOfPage":{"@id":"https:\/\/pulso27.com\/actualidad\/policial\/represion-policial-en-el-valle-del-tambo-intensifica-el-conflicto-por-tia-maria\/"},"wordCount":454,"commentCount":0,"publisher":{"@id":"https:\/\/pulso27.com\/en\/#organization"},"image":{"@id":"https:\/\/pulso27.com\/actualidad\/policial\/represion-policial-en-el-valle-del-tambo-intensifica-el-conflicto-por-tia-maria\/#primaryimage"},"thumbnailUrl":"https:\/\/pulso27.com\/wp-content\/uploads\/2024\/10\/ValleDelTambo.png","keywords":["Arequipa","Islay","Paro72Horas","ValleDelTambo"],"articleSection":["Actualidad","Policial","Regional"],"inLanguage":"en-US","potentialAction":[{"@type":"CommentAction","name":"Comment","target":["https:\/\/pulso27.com\/actualidad\/policial\/represion-policial-en-el-valle-del-tambo-intensifica-el-conflicto-por-tia-maria\/#respond"]}]},{"@type":"WebPage","@id":"https:\/\/pulso27.com\/actualidad\/policial\/represion-policial-en-el-valle-del-tambo-intensifica-el-conflicto-por-tia-maria\/","url":"https:\/\/pulso27.com\/actualidad\/policial\/represion-policial-en-el-valle-del-tambo-intensifica-el-conflicto-por-tia-maria\/","name":"Represi\u00f3n policial en el Valle del Tambo intensifica el conflicto del proyecto minero T\u00eda Mar\u00eda de Southern Copper Corporation - Pulso27","isPartOf":{"@id":"https:\/\/pulso27.com\/en\/#website"},"primaryImageOfPage":{"@id":"https:\/\/pulso27.com\/actualidad\/policial\/represion-policial-en-el-valle-del-tambo-intensifica-el-conflicto-por-tia-maria\/#primaryimage"},"image":{"@id":"https:\/\/pulso27.com\/actualidad\/policial\/represion-policial-en-el-valle-del-tambo-intensifica-el-conflicto-por-tia-maria\/#primaryimage"},"thumbnailUrl":"https:\/\/pulso27.com\/wp-content\/uploads\/2024\/10\/ValleDelTambo.png","datePublished":"2024-10-23T05:30:04+00:00","dateModified":"2024-10-23T16:30:14+00:00","breadcrumb":{"@id":"https:\/\/pulso27.com\/actualidad\/policial\/represion-policial-en-el-valle-del-tambo-intensifica-el-conflicto-por-tia-maria\/#breadcrumb"},"inLanguage":"en-US","potentialAction":[{"@type":"ReadAction","target":["https:\/\/pulso27.com\/actualidad\/policial\/represion-policial-en-el-valle-del-tambo-intensifica-el-conflicto-por-tia-maria\/"]}]},{"@type":"ImageObject","inLanguage":"en-US","@id":"https:\/\/pulso27.com\/actualidad\/policial\/represion-policial-en-el-valle-del-tambo-intensifica-el-conflicto-por-tia-maria\/#primaryimage","url":"https:\/\/pulso27.com\/wp-content\/uploads\/2024\/10\/ValleDelTambo.png","contentUrl":"https:\/\/pulso27.com\/wp-content\/uploads\/2024\/10\/ValleDelTambo.png","width":1458,"height":820},{"@type":"BreadcrumbList","@id":"https:\/\/pulso27.com\/actualidad\/policial\/represion-policial-en-el-valle-del-tambo-intensifica-el-conflicto-por-tia-maria\/#breadcrumb","itemListElement":[{"@type":"ListItem","position":1,"name":"Portada","item":"https:\/\/pulso27.com\/"},{"@type":"ListItem","position":2,"name":"Represi\u00f3n policial en el Valle del Tambo intensifica el conflicto del proyecto minero T\u00eda Mar\u00eda de Southern Copper Corporation"}]},{"@type":"WebSite","@id":"https:\/\/pulso27.com\/en\/#website","url":"https:\/\/pulso27.com\/en\/","name":"Pulso27","description":"Web de noticias y publicidad","publisher":{"@id":"https:\/\/pulso27.com\/en\/#organization"},"alternateName":"El pulso del pueblo","potentialAction":[{"@type":"SearchAction","target":{"@type":"EntryPoint","urlTemplate":"https:\/\/pulso27.com\/en\/?s={search_term_string}"},"query-input":{"@type":"PropertyValueSpecification","valueRequired":true,"valueName":"search_term_string"}}],"inLanguage":"en-US"},{"@type":"Organization","@id":"https:\/\/pulso27.com\/en\/#organization","name":"Pulso27","url":"https:\/\/pulso27.com\/en\/","logo":{"@type":"ImageObject","inLanguage":"en-US","@id":"https:\/\/pulso27.com\/en\/#\/schema\/logo\/image\/","url":"https:\/\/pulso27.com\/wp-content\/uploads\/2026\/02\/Logotipo-de-la-organizacion-696-x-696-px-ok.png","contentUrl":"https:\/\/pulso27.com\/wp-content\/uploads\/2026\/02\/Logotipo-de-la-organizacion-696-x-696-px-ok.png","width":696,"height":696,"caption":"Pulso27"},"image":{"@id":"https:\/\/pulso27.com\/en\/#\/schema\/logo\/image\/"},"sameAs":["https:\/\/www.facebook.com\/pulso27\/","https:\/\/x.com\/Pulso_27","https:\/\/www.youtube.com\/@Pulso27","https:\/\/www.tiktok.com\/@pulso_27"]},{"@type":"Person","@id":"https:\/\/pulso27.com\/en\/#\/schema\/person\/e0da4cfacbab724cbf4ab44bcc030735","name":"Editor","image":{"@type":"ImageObject","inLanguage":"en-US","@id":"https:\/\/pulso27.com\/wp-content\/uploads\/2025\/03\/c-150x150.png","url":"https:\/\/pulso27.com\/wp-content\/uploads\/2025\/03\/c-150x150.png","contentUrl":"https:\/\/pulso27.com\/wp-content\/uploads\/2025\/03\/c-150x150.png","caption":"Editor"},"sameAs":["http:\/\/www.pulso27.com","https:\/\/www.facebook.com\/pulso27","https:\/\/x.com\/https:\/\/x.com\/Pulso_27","https:\/\/www.youtube.com\/@Pulso27"],"url":"https:\/\/pulso27.com\/en\/author\/editor\/"}]}},"amp_enabled":true,"_links":{"self":[{"href":"https:\/\/pulso27.com\/en\/wp-json\/wp\/v2\/posts\/2543","targetHints":{"allow":["GET"]}}],"collection":[{"href":"https:\/\/pulso27.com\/en\/wp-json\/wp\/v2\/posts"}],"about":[{"href":"https:\/\/pulso27.com\/en\/wp-json\/wp\/v2\/types\/post"}],"author":[{"embeddable":true,"href":"https:\/\/pulso27.com\/en\/wp-json\/wp\/v2\/users\/11"}],"replies":[{"embeddable":true,"href":"https:\/\/pulso27.com\/en\/wp-json\/wp\/v2\/comments?post=2543"}],"version-history":[{"count":2,"href":"https:\/\/pulso27.com\/en\/wp-json\/wp\/v2\/posts\/2543\/revisions"}],"predecessor-version":[{"id":2554,"href":"https:\/\/pulso27.com\/en\/wp-json\/wp\/v2\/posts\/2543\/revisions\/2554"}],"wp:featuredmedia":[{"embeddable":true,"href":"https:\/\/pulso27.com\/en\/wp-json\/wp\/v2\/media\/2545"}],"wp:attachment":[{"href":"https:\/\/pulso27.com\/en\/wp-json\/wp\/v2\/media?parent=2543"}],"wp:term":[{"taxonomy":"category","embeddable":true,"href":"https:\/\/pulso27.com\/en\/wp-json\/wp\/v2\/categories?post=2543"},{"taxonomy":"post_tag","embeddable":true,"href":"https:\/\/pulso27.com\/en\/wp-json\/wp\/v2\/tags?post=2543"}],"curies":[{"name":"wp","href":"https:\/\/api.w.org\/{rel}","templated":true}]}}