{"id":2581,"date":"2024-10-26T05:37:30","date_gmt":"2024-10-26T00:37:30","guid":{"rendered":"https:\/\/pulso27.com\/?p=2581"},"modified":"2024-10-26T05:37:38","modified_gmt":"2024-10-26T00:37:38","slug":"justicia-selectiva-la-prolongada-prision-de-pedro-castillo-y-el-debilitamiento-democratico","status":"publish","type":"post","link":"https:\/\/pulso27.com\/en\/actualidad\/justicia-selectiva-la-prolongada-prision-de-pedro-castillo-y-el-debilitamiento-democratico\/","title":{"rendered":"Justicia selectiva: la prolongada prisi\u00f3n de Pedro Castillo y el debilitamiento democr\u00e1tico"},"content":{"rendered":"<p><br>La injusta prolongaci\u00f3n de la prisi\u00f3n preventiva contra el profesor Pedro Castillo revela, una vez m\u00e1s, el rostro m\u00e1s cruel del racismo estructural y la persecuci\u00f3n pol\u00edtica que caracteriza al sistema judicial peruano. Esta decisi\u00f3n, lejos de sustentarse en argumentos jur\u00eddicos s\u00f3lidos, transparenta el ensa\u00f1amiento de una \u00e9lite que nunca acept\u00f3 que un maestro rural de origen andino llegara a la presidencia por voluntad popular.<\/p>\n\n\n\n<p>El argumento del \u00abpeligro de fuga\u00bb resulta no solo absurdo sino ofensivo cuando se aplica selectivamente contra quien represent\u00f3 las esperanzas de millones de peruanos hist\u00f3ricamente marginados.<\/p>\n\n\n\n<p>La reciente decisi\u00f3n del Poder Judicial de mantener la prisi\u00f3n preventiva contra el expresidente Pedro Castillo evidencia un patr\u00f3n de justicia selectiva que socava los principios fundamentales del debido proceso en el Per\u00fa. La resoluci\u00f3n, basada en argumentos poco s\u00f3lidos sobre un supuesto peligro de fuga, contrasta dram\u00e1ticamente con el tratamiento judicial hacia otros actores pol\u00edticos vinculados a graves casos de corrupci\u00f3n y violaci\u00f3n de derechos humanos gozan de libertad y privilegios judiciales.<\/p>\n\n\n\n<p>Mientras Castillo permanece recluido en Barbadillo bajo sucesivas prisiones preventivas, el actual gobierno, surgido de circunstancias cuestionables, implementa medidas que erosionan sistem\u00e1ticamente las instituciones democr\u00e1ticas. La administraci\u00f3n de Dina Boluarte, respaldada por un Congreso con baj\u00edsima aprobaci\u00f3n popular, contin\u00faa aplicando pol\u00edticas que han generado profundo malestar social.<\/p>\n\n\n\n<p>La democracia peruana enfrenta una crisis institucional donde los contrapesos necesarios para su funcionamiento parecen haber cedido ante presiones pol\u00edticas, entre ellos el sistema judicial quien ha instrumentalizado la prisi\u00f3n preventiva no como una medida excepcional sino como un instrumento de control pol\u00edtico. La extensi\u00f3n del plazo de detenci\u00f3n, justificada con argumentos d\u00e9biles sobre riesgo procesal, refleja una burda maniobra del sistema judicial que contradice principios b\u00e1sicos del Estado de Derecho.<\/p>\n\n\n\n<p>El caso Castillo se ha convertido en un s\u00edmbolo de esta crisis, donde las garant\u00edas procesales y los derechos fundamentales quedan subordinados a intereses que poco tienen que ver con la justicia.<\/p>\n\n\n\n<p>La sociedad civil y los defensores de los derechos democr\u00e1ticos deben mantenerse vigilantes ante el debilitamiento sistem\u00e1tico de las garant\u00edas constitucionales que este caso representa.<br>La verdadera justicia no vendr\u00e1 de tribunales comprometidos con intereses antidemocr\u00e1ticos, sino de la organizaci\u00f3n y movilizaci\u00f3n del pueblo. El Per\u00fa profundo, ese que fue brutalmente reprimido por defender su voto, mantiene viva la llama de la resistencia y no descansar\u00e1 hasta ver restaurada la verdadera democracia popular.<\/p>\n\n\n\n<p>\u00a1Libertad para Pedro Castillo!<\/p>","protected":false},"excerpt":{"rendered":"<p>La injusta prolongaci\u00f3n de la prisi\u00f3n preventiva contra el profesor Pedro Castillo revela, una vez m\u00e1s, el rostro m\u00e1s cruel del racismo estructural y la persecuci\u00f3n pol\u00edtica que caracteriza al sistema judicial peruano. Esta decisi\u00f3n, lejos de sustentarse en argumentos jur\u00eddicos s\u00f3lidos, transparenta el ensa\u00f1amiento de una \u00e9lite que nunca acept\u00f3 que un maestro rural [&hellip;]<\/p>\n","protected":false},"author":11,"featured_media":2582,"comment_status":"open","ping_status":"open","sticky":false,"template":"","format":"standard","meta":{"footnotes":""},"categories":[183,1844,1843],"tags":[1857,1856,797],"class_list":["post-2581","post","type-post","status-publish","format-standard","has-post-thumbnail","hentry","category-actualidad","category-articulos","category-opinion","tag-justiciaparapedrocastillo","tag-libertadpedrocastillo","tag-pedrocastillo"],"yoast_head":"<!-- This site is optimized with the Yoast SEO plugin v27.4 - https:\/\/yoast.com\/product\/yoast-seo-wordpress\/ -->\n<title>Justicia selectiva: la prolongada prisi\u00f3n de Pedro Castillo y el debilitamiento democr\u00e1tico - Pulso27<\/title>\n<meta name=\"robots\" content=\"index, follow, max-snippet:-1, max-image-preview:large, max-video-preview:-1\" \/>\n<link rel=\"canonical\" href=\"https:\/\/pulso27.com\/en\/actualidad\/justicia-selectiva-la-prolongada-prision-de-pedro-castillo-y-el-debilitamiento-democratico\/\" \/>\n<meta property=\"og:locale\" content=\"en_US\" \/>\n<meta property=\"og:type\" content=\"article\" \/>\n<meta property=\"og:title\" content=\"Justicia selectiva: la prolongada prisi\u00f3n de Pedro Castillo y el debilitamiento democr\u00e1tico - Pulso27\" \/>\n<meta property=\"og:description\" content=\"La injusta prolongaci\u00f3n de la prisi\u00f3n preventiva contra el profesor Pedro Castillo revela, una vez m\u00e1s, el rostro m\u00e1s cruel del racismo estructural y la persecuci\u00f3n pol\u00edtica que caracteriza al sistema judicial peruano. Esta decisi\u00f3n, lejos de sustentarse en argumentos jur\u00eddicos s\u00f3lidos, transparenta el ensa\u00f1amiento de una \u00e9lite que nunca acept\u00f3 que un maestro rural [&hellip;]\" \/>\n<meta property=\"og:url\" content=\"https:\/\/pulso27.com\/en\/actualidad\/justicia-selectiva-la-prolongada-prision-de-pedro-castillo-y-el-debilitamiento-democratico\/\" \/>\n<meta property=\"og:site_name\" content=\"Pulso27\" \/>\n<meta property=\"article:publisher\" content=\"https:\/\/www.facebook.com\/pulso27\/\" \/>\n<meta property=\"article:author\" content=\"https:\/\/www.facebook.com\/pulso27\" \/>\n<meta property=\"article:published_time\" content=\"2024-10-26T00:37:30+00:00\" \/>\n<meta property=\"article:modified_time\" content=\"2024-10-26T00:37:38+00:00\" \/>\n<meta property=\"og:image\" content=\"https:\/\/pulso27.com\/wp-content\/uploads\/2024\/10\/PedroC.png\" \/>\n\t<meta property=\"og:image:width\" content=\"1200\" \/>\n\t<meta property=\"og:image:height\" content=\"675\" \/>\n\t<meta property=\"og:image:type\" content=\"image\/png\" \/>\n<meta name=\"author\" content=\"Editor\" \/>\n<meta name=\"twitter:card\" content=\"summary_large_image\" \/>\n<meta name=\"twitter:creator\" content=\"@https:\/\/x.com\/Pulso_27\" \/>\n<meta name=\"twitter:site\" content=\"@Pulso_27\" \/>\n<meta name=\"twitter:label1\" content=\"Written by\" \/>\n\t<meta name=\"twitter:data1\" content=\"Editor\" \/>\n\t<meta name=\"twitter:label2\" content=\"Est. reading time\" \/>\n\t<meta name=\"twitter:data2\" content=\"2 minutes\" \/>\n<script type=\"application\/ld+json\" class=\"yoast-schema-graph\">{\"@context\":\"https:\\\/\\\/schema.org\",\"@graph\":[{\"@type\":\"Article\",\"@id\":\"https:\\\/\\\/pulso27.com\\\/actualidad\\\/justicia-selectiva-la-prolongada-prision-de-pedro-castillo-y-el-debilitamiento-democratico\\\/#article\",\"isPartOf\":{\"@id\":\"https:\\\/\\\/pulso27.com\\\/actualidad\\\/justicia-selectiva-la-prolongada-prision-de-pedro-castillo-y-el-debilitamiento-democratico\\\/\"},\"author\":{\"name\":\"Editor\",\"@id\":\"https:\\\/\\\/pulso27.com\\\/en\\\/#\\\/schema\\\/person\\\/e0da4cfacbab724cbf4ab44bcc030735\"},\"headline\":\"Justicia selectiva: la prolongada prisi\u00f3n de Pedro Castillo y el debilitamiento democr\u00e1tico\",\"datePublished\":\"2024-10-26T00:37:30+00:00\",\"dateModified\":\"2024-10-26T00:37:38+00:00\",\"mainEntityOfPage\":{\"@id\":\"https:\\\/\\\/pulso27.com\\\/actualidad\\\/justicia-selectiva-la-prolongada-prision-de-pedro-castillo-y-el-debilitamiento-democratico\\\/\"},\"wordCount\":448,\"commentCount\":0,\"publisher\":{\"@id\":\"https:\\\/\\\/pulso27.com\\\/en\\\/#organization\"},\"image\":{\"@id\":\"https:\\\/\\\/pulso27.com\\\/actualidad\\\/justicia-selectiva-la-prolongada-prision-de-pedro-castillo-y-el-debilitamiento-democratico\\\/#primaryimage\"},\"thumbnailUrl\":\"https:\\\/\\\/pulso27.com\\\/wp-content\\\/uploads\\\/2024\\\/10\\\/PedroC.png\",\"keywords\":[\"JusticiaParaPedroCastillo\",\"LibertadPedroCastillo\",\"PedroCastillo\"],\"articleSection\":[\"Actualidad\",\"Art\u00edculos\",\"Opini\u00f3n\"],\"inLanguage\":\"en-US\",\"potentialAction\":[{\"@type\":\"CommentAction\",\"name\":\"Comment\",\"target\":[\"https:\\\/\\\/pulso27.com\\\/actualidad\\\/justicia-selectiva-la-prolongada-prision-de-pedro-castillo-y-el-debilitamiento-democratico\\\/#respond\"]}]},{\"@type\":\"WebPage\",\"@id\":\"https:\\\/\\\/pulso27.com\\\/actualidad\\\/justicia-selectiva-la-prolongada-prision-de-pedro-castillo-y-el-debilitamiento-democratico\\\/\",\"url\":\"https:\\\/\\\/pulso27.com\\\/actualidad\\\/justicia-selectiva-la-prolongada-prision-de-pedro-castillo-y-el-debilitamiento-democratico\\\/\",\"name\":\"Justicia selectiva: la prolongada prisi\u00f3n de Pedro Castillo y el debilitamiento democr\u00e1tico - Pulso27\",\"isPartOf\":{\"@id\":\"https:\\\/\\\/pulso27.com\\\/en\\\/#website\"},\"primaryImageOfPage\":{\"@id\":\"https:\\\/\\\/pulso27.com\\\/actualidad\\\/justicia-selectiva-la-prolongada-prision-de-pedro-castillo-y-el-debilitamiento-democratico\\\/#primaryimage\"},\"image\":{\"@id\":\"https:\\\/\\\/pulso27.com\\\/actualidad\\\/justicia-selectiva-la-prolongada-prision-de-pedro-castillo-y-el-debilitamiento-democratico\\\/#primaryimage\"},\"thumbnailUrl\":\"https:\\\/\\\/pulso27.com\\\/wp-content\\\/uploads\\\/2024\\\/10\\\/PedroC.png\",\"datePublished\":\"2024-10-26T00:37:30+00:00\",\"dateModified\":\"2024-10-26T00:37:38+00:00\",\"breadcrumb\":{\"@id\":\"https:\\\/\\\/pulso27.com\\\/actualidad\\\/justicia-selectiva-la-prolongada-prision-de-pedro-castillo-y-el-debilitamiento-democratico\\\/#breadcrumb\"},\"inLanguage\":\"en-US\",\"potentialAction\":[{\"@type\":\"ReadAction\",\"target\":[\"https:\\\/\\\/pulso27.com\\\/actualidad\\\/justicia-selectiva-la-prolongada-prision-de-pedro-castillo-y-el-debilitamiento-democratico\\\/\"]}]},{\"@type\":\"ImageObject\",\"inLanguage\":\"en-US\",\"@id\":\"https:\\\/\\\/pulso27.com\\\/actualidad\\\/justicia-selectiva-la-prolongada-prision-de-pedro-castillo-y-el-debilitamiento-democratico\\\/#primaryimage\",\"url\":\"https:\\\/\\\/pulso27.com\\\/wp-content\\\/uploads\\\/2024\\\/10\\\/PedroC.png\",\"contentUrl\":\"https:\\\/\\\/pulso27.com\\\/wp-content\\\/uploads\\\/2024\\\/10\\\/PedroC.png\",\"width\":1200,\"height\":675,\"caption\":\"#Lo\u00daltimo Poder Judicial de Per\u00fa declar\u00f3 infundada la revisi\u00f3n de oficio de la prisi\u00f3n preventiva dictada contra el acusado expresidente #PedroCastillo y, consecuentemente, declar\u00f3 vigente esta medida impuesta en el proceso por el delito de #Rebeli\u00f3n y otros.\"},{\"@type\":\"BreadcrumbList\",\"@id\":\"https:\\\/\\\/pulso27.com\\\/actualidad\\\/justicia-selectiva-la-prolongada-prision-de-pedro-castillo-y-el-debilitamiento-democratico\\\/#breadcrumb\",\"itemListElement\":[{\"@type\":\"ListItem\",\"position\":1,\"name\":\"Portada\",\"item\":\"https:\\\/\\\/pulso27.com\\\/\"},{\"@type\":\"ListItem\",\"position\":2,\"name\":\"Justicia selectiva: la prolongada prisi\u00f3n de Pedro Castillo y el debilitamiento democr\u00e1tico\"}]},{\"@type\":\"WebSite\",\"@id\":\"https:\\\/\\\/pulso27.com\\\/en\\\/#website\",\"url\":\"https:\\\/\\\/pulso27.com\\\/en\\\/\",\"name\":\"Pulso27\",\"description\":\"Web de noticias y publicidad\",\"publisher\":{\"@id\":\"https:\\\/\\\/pulso27.com\\\/en\\\/#organization\"},\"alternateName\":\"El pulso del pueblo\",\"potentialAction\":[{\"@type\":\"SearchAction\",\"target\":{\"@type\":\"EntryPoint\",\"urlTemplate\":\"https:\\\/\\\/pulso27.com\\\/en\\\/?s={search_term_string}\"},\"query-input\":{\"@type\":\"PropertyValueSpecification\",\"valueRequired\":true,\"valueName\":\"search_term_string\"}}],\"inLanguage\":\"en-US\"},{\"@type\":\"Organization\",\"@id\":\"https:\\\/\\\/pulso27.com\\\/en\\\/#organization\",\"name\":\"Pulso27\",\"url\":\"https:\\\/\\\/pulso27.com\\\/en\\\/\",\"logo\":{\"@type\":\"ImageObject\",\"inLanguage\":\"en-US\",\"@id\":\"https:\\\/\\\/pulso27.com\\\/en\\\/#\\\/schema\\\/logo\\\/image\\\/\",\"url\":\"https:\\\/\\\/pulso27.com\\\/wp-content\\\/uploads\\\/2026\\\/02\\\/Logotipo-de-la-organizacion-696-x-696-px-ok.png\",\"contentUrl\":\"https:\\\/\\\/pulso27.com\\\/wp-content\\\/uploads\\\/2026\\\/02\\\/Logotipo-de-la-organizacion-696-x-696-px-ok.png\",\"width\":696,\"height\":696,\"caption\":\"Pulso27\"},\"image\":{\"@id\":\"https:\\\/\\\/pulso27.com\\\/en\\\/#\\\/schema\\\/logo\\\/image\\\/\"},\"sameAs\":[\"https:\\\/\\\/www.facebook.com\\\/pulso27\\\/\",\"https:\\\/\\\/x.com\\\/Pulso_27\",\"https:\\\/\\\/www.youtube.com\\\/@Pulso27\",\"https:\\\/\\\/www.tiktok.com\\\/@pulso_27\"]},{\"@type\":\"Person\",\"@id\":\"https:\\\/\\\/pulso27.com\\\/en\\\/#\\\/schema\\\/person\\\/e0da4cfacbab724cbf4ab44bcc030735\",\"name\":\"Editor\",\"image\":{\"@type\":\"ImageObject\",\"inLanguage\":\"en-US\",\"@id\":\"https:\\\/\\\/pulso27.com\\\/wp-content\\\/uploads\\\/2025\\\/03\\\/c-150x150.png\",\"url\":\"https:\\\/\\\/pulso27.com\\\/wp-content\\\/uploads\\\/2025\\\/03\\\/c-150x150.png\",\"contentUrl\":\"https:\\\/\\\/pulso27.com\\\/wp-content\\\/uploads\\\/2025\\\/03\\\/c-150x150.png\",\"caption\":\"Editor\"},\"sameAs\":[\"http:\\\/\\\/www.pulso27.com\",\"https:\\\/\\\/www.facebook.com\\\/pulso27\",\"https:\\\/\\\/x.com\\\/https:\\\/\\\/x.com\\\/Pulso_27\",\"https:\\\/\\\/www.youtube.com\\\/@Pulso27\"],\"url\":\"https:\\\/\\\/pulso27.com\\\/en\\\/author\\\/editor\\\/\"}]}<\/script>\n<!-- \/ Yoast SEO plugin. -->","yoast_head_json":{"title":"Justicia selectiva: la prolongada prisi\u00f3n de Pedro Castillo y el debilitamiento democr\u00e1tico - Pulso27","robots":{"index":"index","follow":"follow","max-snippet":"max-snippet:-1","max-image-preview":"max-image-preview:large","max-video-preview":"max-video-preview:-1"},"canonical":"https:\/\/pulso27.com\/en\/actualidad\/justicia-selectiva-la-prolongada-prision-de-pedro-castillo-y-el-debilitamiento-democratico\/","og_locale":"en_US","og_type":"article","og_title":"Justicia selectiva: la prolongada prisi\u00f3n de Pedro Castillo y el debilitamiento democr\u00e1tico - Pulso27","og_description":"La injusta prolongaci\u00f3n de la prisi\u00f3n preventiva contra el profesor Pedro Castillo revela, una vez m\u00e1s, el rostro m\u00e1s cruel del racismo estructural y la persecuci\u00f3n pol\u00edtica que caracteriza al sistema judicial peruano. Esta decisi\u00f3n, lejos de sustentarse en argumentos jur\u00eddicos s\u00f3lidos, transparenta el ensa\u00f1amiento de una \u00e9lite que nunca acept\u00f3 que un maestro rural [&hellip;]","og_url":"https:\/\/pulso27.com\/en\/actualidad\/justicia-selectiva-la-prolongada-prision-de-pedro-castillo-y-el-debilitamiento-democratico\/","og_site_name":"Pulso27","article_publisher":"https:\/\/www.facebook.com\/pulso27\/","article_author":"https:\/\/www.facebook.com\/pulso27","article_published_time":"2024-10-26T00:37:30+00:00","article_modified_time":"2024-10-26T00:37:38+00:00","og_image":[{"width":1200,"height":675,"url":"https:\/\/pulso27.com\/wp-content\/uploads\/2024\/10\/PedroC.png","type":"image\/png"}],"author":"Editor","twitter_card":"summary_large_image","twitter_creator":"@https:\/\/x.com\/Pulso_27","twitter_site":"@Pulso_27","twitter_misc":{"Written by":"Editor","Est. reading time":"2 minutes"},"schema":{"@context":"https:\/\/schema.org","@graph":[{"@type":"Article","@id":"https:\/\/pulso27.com\/actualidad\/justicia-selectiva-la-prolongada-prision-de-pedro-castillo-y-el-debilitamiento-democratico\/#article","isPartOf":{"@id":"https:\/\/pulso27.com\/actualidad\/justicia-selectiva-la-prolongada-prision-de-pedro-castillo-y-el-debilitamiento-democratico\/"},"author":{"name":"Editor","@id":"https:\/\/pulso27.com\/en\/#\/schema\/person\/e0da4cfacbab724cbf4ab44bcc030735"},"headline":"Justicia selectiva: la prolongada prisi\u00f3n de Pedro Castillo y el debilitamiento democr\u00e1tico","datePublished":"2024-10-26T00:37:30+00:00","dateModified":"2024-10-26T00:37:38+00:00","mainEntityOfPage":{"@id":"https:\/\/pulso27.com\/actualidad\/justicia-selectiva-la-prolongada-prision-de-pedro-castillo-y-el-debilitamiento-democratico\/"},"wordCount":448,"commentCount":0,"publisher":{"@id":"https:\/\/pulso27.com\/en\/#organization"},"image":{"@id":"https:\/\/pulso27.com\/actualidad\/justicia-selectiva-la-prolongada-prision-de-pedro-castillo-y-el-debilitamiento-democratico\/#primaryimage"},"thumbnailUrl":"https:\/\/pulso27.com\/wp-content\/uploads\/2024\/10\/PedroC.png","keywords":["JusticiaParaPedroCastillo","LibertadPedroCastillo","PedroCastillo"],"articleSection":["Actualidad","Art\u00edculos","Opini\u00f3n"],"inLanguage":"en-US","potentialAction":[{"@type":"CommentAction","name":"Comment","target":["https:\/\/pulso27.com\/actualidad\/justicia-selectiva-la-prolongada-prision-de-pedro-castillo-y-el-debilitamiento-democratico\/#respond"]}]},{"@type":"WebPage","@id":"https:\/\/pulso27.com\/actualidad\/justicia-selectiva-la-prolongada-prision-de-pedro-castillo-y-el-debilitamiento-democratico\/","url":"https:\/\/pulso27.com\/actualidad\/justicia-selectiva-la-prolongada-prision-de-pedro-castillo-y-el-debilitamiento-democratico\/","name":"Justicia selectiva: la prolongada prisi\u00f3n de Pedro Castillo y el debilitamiento democr\u00e1tico - Pulso27","isPartOf":{"@id":"https:\/\/pulso27.com\/en\/#website"},"primaryImageOfPage":{"@id":"https:\/\/pulso27.com\/actualidad\/justicia-selectiva-la-prolongada-prision-de-pedro-castillo-y-el-debilitamiento-democratico\/#primaryimage"},"image":{"@id":"https:\/\/pulso27.com\/actualidad\/justicia-selectiva-la-prolongada-prision-de-pedro-castillo-y-el-debilitamiento-democratico\/#primaryimage"},"thumbnailUrl":"https:\/\/pulso27.com\/wp-content\/uploads\/2024\/10\/PedroC.png","datePublished":"2024-10-26T00:37:30+00:00","dateModified":"2024-10-26T00:37:38+00:00","breadcrumb":{"@id":"https:\/\/pulso27.com\/actualidad\/justicia-selectiva-la-prolongada-prision-de-pedro-castillo-y-el-debilitamiento-democratico\/#breadcrumb"},"inLanguage":"en-US","potentialAction":[{"@type":"ReadAction","target":["https:\/\/pulso27.com\/actualidad\/justicia-selectiva-la-prolongada-prision-de-pedro-castillo-y-el-debilitamiento-democratico\/"]}]},{"@type":"ImageObject","inLanguage":"en-US","@id":"https:\/\/pulso27.com\/actualidad\/justicia-selectiva-la-prolongada-prision-de-pedro-castillo-y-el-debilitamiento-democratico\/#primaryimage","url":"https:\/\/pulso27.com\/wp-content\/uploads\/2024\/10\/PedroC.png","contentUrl":"https:\/\/pulso27.com\/wp-content\/uploads\/2024\/10\/PedroC.png","width":1200,"height":675,"caption":"#Lo\u00daltimo Poder Judicial de Per\u00fa declar\u00f3 infundada la revisi\u00f3n de oficio de la prisi\u00f3n preventiva dictada contra el acusado expresidente #PedroCastillo y, consecuentemente, declar\u00f3 vigente esta medida impuesta en el proceso por el delito de #Rebeli\u00f3n y otros."},{"@type":"BreadcrumbList","@id":"https:\/\/pulso27.com\/actualidad\/justicia-selectiva-la-prolongada-prision-de-pedro-castillo-y-el-debilitamiento-democratico\/#breadcrumb","itemListElement":[{"@type":"ListItem","position":1,"name":"Portada","item":"https:\/\/pulso27.com\/"},{"@type":"ListItem","position":2,"name":"Justicia selectiva: la prolongada prisi\u00f3n de Pedro Castillo y el debilitamiento democr\u00e1tico"}]},{"@type":"WebSite","@id":"https:\/\/pulso27.com\/en\/#website","url":"https:\/\/pulso27.com\/en\/","name":"Pulso27","description":"Web de noticias y publicidad","publisher":{"@id":"https:\/\/pulso27.com\/en\/#organization"},"alternateName":"El pulso del pueblo","potentialAction":[{"@type":"SearchAction","target":{"@type":"EntryPoint","urlTemplate":"https:\/\/pulso27.com\/en\/?s={search_term_string}"},"query-input":{"@type":"PropertyValueSpecification","valueRequired":true,"valueName":"search_term_string"}}],"inLanguage":"en-US"},{"@type":"Organization","@id":"https:\/\/pulso27.com\/en\/#organization","name":"Pulso27","url":"https:\/\/pulso27.com\/en\/","logo":{"@type":"ImageObject","inLanguage":"en-US","@id":"https:\/\/pulso27.com\/en\/#\/schema\/logo\/image\/","url":"https:\/\/pulso27.com\/wp-content\/uploads\/2026\/02\/Logotipo-de-la-organizacion-696-x-696-px-ok.png","contentUrl":"https:\/\/pulso27.com\/wp-content\/uploads\/2026\/02\/Logotipo-de-la-organizacion-696-x-696-px-ok.png","width":696,"height":696,"caption":"Pulso27"},"image":{"@id":"https:\/\/pulso27.com\/en\/#\/schema\/logo\/image\/"},"sameAs":["https:\/\/www.facebook.com\/pulso27\/","https:\/\/x.com\/Pulso_27","https:\/\/www.youtube.com\/@Pulso27","https:\/\/www.tiktok.com\/@pulso_27"]},{"@type":"Person","@id":"https:\/\/pulso27.com\/en\/#\/schema\/person\/e0da4cfacbab724cbf4ab44bcc030735","name":"Editor","image":{"@type":"ImageObject","inLanguage":"en-US","@id":"https:\/\/pulso27.com\/wp-content\/uploads\/2025\/03\/c-150x150.png","url":"https:\/\/pulso27.com\/wp-content\/uploads\/2025\/03\/c-150x150.png","contentUrl":"https:\/\/pulso27.com\/wp-content\/uploads\/2025\/03\/c-150x150.png","caption":"Editor"},"sameAs":["http:\/\/www.pulso27.com","https:\/\/www.facebook.com\/pulso27","https:\/\/x.com\/https:\/\/x.com\/Pulso_27","https:\/\/www.youtube.com\/@Pulso27"],"url":"https:\/\/pulso27.com\/en\/author\/editor\/"}]}},"amp_enabled":true,"_links":{"self":[{"href":"https:\/\/pulso27.com\/en\/wp-json\/wp\/v2\/posts\/2581","targetHints":{"allow":["GET"]}}],"collection":[{"href":"https:\/\/pulso27.com\/en\/wp-json\/wp\/v2\/posts"}],"about":[{"href":"https:\/\/pulso27.com\/en\/wp-json\/wp\/v2\/types\/post"}],"author":[{"embeddable":true,"href":"https:\/\/pulso27.com\/en\/wp-json\/wp\/v2\/users\/11"}],"replies":[{"embeddable":true,"href":"https:\/\/pulso27.com\/en\/wp-json\/wp\/v2\/comments?post=2581"}],"version-history":[{"count":1,"href":"https:\/\/pulso27.com\/en\/wp-json\/wp\/v2\/posts\/2581\/revisions"}],"predecessor-version":[{"id":2583,"href":"https:\/\/pulso27.com\/en\/wp-json\/wp\/v2\/posts\/2581\/revisions\/2583"}],"wp:featuredmedia":[{"embeddable":true,"href":"https:\/\/pulso27.com\/en\/wp-json\/wp\/v2\/media\/2582"}],"wp:attachment":[{"href":"https:\/\/pulso27.com\/en\/wp-json\/wp\/v2\/media?parent=2581"}],"wp:term":[{"taxonomy":"category","embeddable":true,"href":"https:\/\/pulso27.com\/en\/wp-json\/wp\/v2\/categories?post=2581"},{"taxonomy":"post_tag","embeddable":true,"href":"https:\/\/pulso27.com\/en\/wp-json\/wp\/v2\/tags?post=2581"}],"curies":[{"name":"wp","href":"https:\/\/api.w.org\/{rel}","templated":true}]}}