{"id":2587,"date":"2024-10-26T08:47:28","date_gmt":"2024-10-26T03:47:28","guid":{"rendered":"https:\/\/pulso27.com\/?p=2587"},"modified":"2024-10-27T02:19:49","modified_gmt":"2024-10-26T21:19:49","slug":"ivan-quispe-palomino-demanda-a-premier-gustavo-adrianzen-y-ministro-juan-jose-santivanez-por-difamacion-agravada-y-exige-1-5-millones-de-soles","status":"publish","type":"post","link":"https:\/\/pulso27.com\/en\/actualidad\/policial\/ivan-quispe-palomino-demanda-a-premier-gustavo-adrianzen-y-ministro-juan-jose-santivanez-por-difamacion-agravada-y-exige-1-5-millones-de-soles\/","title":{"rendered":"Iv\u00e1n Quispe Palomino demanda a Premier Gustavo Adrianz\u00e9n y Ministro Juan Jos\u00e9 Santiv\u00e1\u00f1ez por difamaci\u00f3n agravada y exige 1.5 millones de soles"},"content":{"rendered":"<p>Iv\u00e1n Quispe Palomino ha interpuesto una denuncia contra el presidente del Consejo de Ministros, Gustavo Adrianz\u00e9n, y el ministro del Interior, Juan Jos\u00e9 Santiv\u00e1\u00f1ez, exigiendo una compensaci\u00f3n de 1.5 millones de soles.<\/p>\n\n\n\n<p>La querella incluye acusaciones de difamaci\u00f3n agravada, alegando que ambos funcionarios difundieron p\u00fablicamente declaraciones falsas que lo relacionaron con el terrorismo, en particular, como el segundo al mando de Sendero Luminoso en el Valle de los R\u00edos Apur\u00edmac, Ene y Mantaro (VRAEM).<\/p>\n\n\n\n<p>Quispe Palomino sostiene que estas acusaciones, hechas a nivel nacional, son infundadas y han afectado gravemente su honor, caus\u00e1ndole da\u00f1os morales y psicol\u00f3gicos. En su demanda, enfatiz\u00f3 que no tiene ning\u00fan v\u00ednculo con el grupo terrorista, y argument\u00f3 que las declaraciones p\u00fablicas de Adrianz\u00e9n y Santiv\u00e1\u00f1ez \u201clesionaron su dignidad personal y su entorno social\u201d.<\/p>\n\n\n\n<figure class=\"wp-block-image size-large\"><img loading=\"lazy\" decoding=\"async\" width=\"1024\" height=\"576\" src=\"https:\/\/pulso27.com\/wp-content\/uploads\/2024\/10\/image-35-1024x576.png\" alt=\"\" class=\"wp-image-2589\" srcset=\"https:\/\/pulso27.com\/wp-content\/uploads\/2024\/10\/image-35-1024x576.png 1024w, https:\/\/pulso27.com\/wp-content\/uploads\/2024\/10\/image-35-300x169.png 300w, https:\/\/pulso27.com\/wp-content\/uploads\/2024\/10\/image-35-768x432.png 768w, https:\/\/pulso27.com\/wp-content\/uploads\/2024\/10\/image-35-18x10.png 18w, https:\/\/pulso27.com\/wp-content\/uploads\/2024\/10\/image-35.png 1280w\" sizes=\"auto, (max-width: 1024px) 100vw, 1024px\" \/><figcaption class=\"wp-element-caption\"><em>Iv\u00e1n Quispe Palomino fue presentado falsamente como el 2do mando de Sendero Luminoso<\/em><\/figcaption><\/figure>\n\n\n\n<p>La controversia se origin\u00f3 el 16 de octubre, cuando fue detenido por la Polic\u00eda Nacional en el marco del operativo \u00abG\u00e9nesis\u00bb y presentado como un alto mando del grupo terrorista. Sin embargo, tras su detenci\u00f3n, el Poder Judicial determin\u00f3 que hab\u00eda sido confundido con Demetrio V\u00edctor Quispe Palomino, l\u00edder de Sendero Luminoso, quien usa alias como \u201cJos\u00e9\u201d e \u201cIv\u00e1n\u201d, entre otros. Dos d\u00edas despu\u00e9s, fue liberado tras comprobarse la homonimia.<\/p>\n\n\n\n<p>El ministro Santiv\u00e1\u00f1ez defendi\u00f3 la captura en su momento, describiendo a Quispe Palomino como \u201ccoordinador nacional de Sendero Luminoso\u201d, lo que gener\u00f3 reacciones inmediatas de expertos, como Pedro Yaranga, especialista en temas de terrorismo, quien descart\u00f3 cualquier v\u00ednculo reciente del acusado con la organizaci\u00f3n, indicando que abandon\u00f3 las filas terroristas hace dos d\u00e9cadas.<\/p>\n\n\n\n<p>Ante esta situaci\u00f3n, Quispe Palomino solicit\u00f3 que \u201cla justicia aplique la ley penal y sancione punitivamente\u201d a ambos ministros por da\u00f1ar su reputaci\u00f3n con \u201cafirmaciones falsas de incriminaci\u00f3n delictiva\u201d que, seg\u00fan \u00e9l, han perjudicado su vida personal y profesional.<\/p>","protected":false},"excerpt":{"rendered":"<p>Iv\u00e1n Quispe Palomino ha interpuesto una denuncia contra el presidente del Consejo de Ministros, Gustavo Adrianz\u00e9n, y el ministro del Interior, Juan Jos\u00e9 Santiv\u00e1\u00f1ez, exigiendo una compensaci\u00f3n de 1.5 millones de soles. La querella incluye acusaciones de difamaci\u00f3n agravada, alegando que ambos funcionarios difundieron p\u00fablicamente declaraciones falsas que lo relacionaron con el terrorismo, en particular, [&hellip;]<\/p>\n","protected":false},"author":7,"featured_media":2588,"comment_status":"open","ping_status":"open","sticky":false,"template":"","format":"standard","meta":{"footnotes":""},"categories":[183,178,810],"tags":[1860,1859,1858],"class_list":["post-2587","post","type-post","status-publish","format-standard","has-post-thumbnail","hentry","category-actualidad","category-policial","category-regional","tag-denuncia","tag-difamacionagravada","tag-ivanquispepalomino"],"yoast_head":"<!-- This site is optimized with the Yoast SEO plugin v27.4 - https:\/\/yoast.com\/product\/yoast-seo-wordpress\/ -->\n<title>Iv\u00e1n Quispe Palomino demanda a Premier Gustavo Adrianz\u00e9n y Ministro Juan Jos\u00e9 Santiv\u00e1\u00f1ez por difamaci\u00f3n agravada y exige 1.5 millones de soles - Pulso27<\/title>\n<meta name=\"robots\" content=\"index, follow, max-snippet:-1, max-image-preview:large, max-video-preview:-1\" \/>\n<link rel=\"canonical\" href=\"https:\/\/pulso27.com\/en\/actualidad\/policial\/ivan-quispe-palomino-demanda-a-premier-gustavo-adrianzen-y-ministro-juan-jose-santivanez-por-difamacion-agravada-y-exige-1-5-millones-de-soles\/\" \/>\n<meta property=\"og:locale\" content=\"en_US\" \/>\n<meta property=\"og:type\" content=\"article\" \/>\n<meta property=\"og:title\" content=\"Iv\u00e1n Quispe Palomino demanda a Premier Gustavo Adrianz\u00e9n y Ministro Juan Jos\u00e9 Santiv\u00e1\u00f1ez por difamaci\u00f3n agravada y exige 1.5 millones de soles - Pulso27\" \/>\n<meta property=\"og:description\" content=\"Iv\u00e1n Quispe Palomino ha interpuesto una denuncia contra el presidente del Consejo de Ministros, Gustavo Adrianz\u00e9n, y el ministro del Interior, Juan Jos\u00e9 Santiv\u00e1\u00f1ez, exigiendo una compensaci\u00f3n de 1.5 millones de soles. La querella incluye acusaciones de difamaci\u00f3n agravada, alegando que ambos funcionarios difundieron p\u00fablicamente declaraciones falsas que lo relacionaron con el terrorismo, en particular, [&hellip;]\" \/>\n<meta property=\"og:url\" content=\"https:\/\/pulso27.com\/en\/actualidad\/policial\/ivan-quispe-palomino-demanda-a-premier-gustavo-adrianzen-y-ministro-juan-jose-santivanez-por-difamacion-agravada-y-exige-1-5-millones-de-soles\/\" \/>\n<meta property=\"og:site_name\" content=\"Pulso27\" \/>\n<meta property=\"article:publisher\" content=\"https:\/\/www.facebook.com\/pulso27\/\" \/>\n<meta property=\"article:published_time\" content=\"2024-10-26T03:47:28+00:00\" \/>\n<meta property=\"article:modified_time\" content=\"2024-10-26T21:19:49+00:00\" \/>\n<meta property=\"og:image\" content=\"https:\/\/pulso27.com\/wp-content\/uploads\/2024\/10\/IvanQuispe.png\" \/>\n\t<meta property=\"og:image:width\" content=\"1200\" \/>\n\t<meta property=\"og:image:height\" content=\"675\" \/>\n\t<meta property=\"og:image:type\" content=\"image\/png\" \/>\n<meta name=\"author\" content=\"Tupaq\" \/>\n<meta name=\"twitter:card\" content=\"summary_large_image\" \/>\n<meta name=\"twitter:creator\" content=\"@Pulso_27\" \/>\n<meta name=\"twitter:site\" content=\"@Pulso_27\" \/>\n<meta name=\"twitter:label1\" content=\"Written by\" \/>\n\t<meta name=\"twitter:data1\" content=\"Tupaq\" \/>\n\t<meta name=\"twitter:label2\" content=\"Est. reading time\" \/>\n\t<meta name=\"twitter:data2\" content=\"2 minutes\" \/>\n<script type=\"application\/ld+json\" class=\"yoast-schema-graph\">{\"@context\":\"https:\\\/\\\/schema.org\",\"@graph\":[{\"@type\":\"Article\",\"@id\":\"https:\\\/\\\/pulso27.com\\\/actualidad\\\/policial\\\/ivan-quispe-palomino-demanda-a-premier-gustavo-adrianzen-y-ministro-juan-jose-santivanez-por-difamacion-agravada-y-exige-1-5-millones-de-soles\\\/#article\",\"isPartOf\":{\"@id\":\"https:\\\/\\\/pulso27.com\\\/actualidad\\\/policial\\\/ivan-quispe-palomino-demanda-a-premier-gustavo-adrianzen-y-ministro-juan-jose-santivanez-por-difamacion-agravada-y-exige-1-5-millones-de-soles\\\/\"},\"author\":{\"name\":\"Tupaq\",\"@id\":\"https:\\\/\\\/pulso27.com\\\/en\\\/#\\\/schema\\\/person\\\/d20fd7f5bc7f2e53fd150d43fca07a78\"},\"headline\":\"Iv\u00e1n Quispe Palomino demanda a Premier Gustavo Adrianz\u00e9n y Ministro Juan Jos\u00e9 Santiv\u00e1\u00f1ez por difamaci\u00f3n agravada y exige 1.5 millones de soles\",\"datePublished\":\"2024-10-26T03:47:28+00:00\",\"dateModified\":\"2024-10-26T21:19:49+00:00\",\"mainEntityOfPage\":{\"@id\":\"https:\\\/\\\/pulso27.com\\\/actualidad\\\/policial\\\/ivan-quispe-palomino-demanda-a-premier-gustavo-adrianzen-y-ministro-juan-jose-santivanez-por-difamacion-agravada-y-exige-1-5-millones-de-soles\\\/\"},\"wordCount\":361,\"commentCount\":0,\"publisher\":{\"@id\":\"https:\\\/\\\/pulso27.com\\\/en\\\/#organization\"},\"image\":{\"@id\":\"https:\\\/\\\/pulso27.com\\\/actualidad\\\/policial\\\/ivan-quispe-palomino-demanda-a-premier-gustavo-adrianzen-y-ministro-juan-jose-santivanez-por-difamacion-agravada-y-exige-1-5-millones-de-soles\\\/#primaryimage\"},\"thumbnailUrl\":\"https:\\\/\\\/pulso27.com\\\/wp-content\\\/uploads\\\/2024\\\/10\\\/IvanQuispe.png\",\"keywords\":[\"Denuncia\",\"Difamaci\u00f3nAgravada\",\"IvanQuispePalomino\"],\"articleSection\":[\"Actualidad\",\"Policial\",\"Regional\"],\"inLanguage\":\"en-US\",\"potentialAction\":[{\"@type\":\"CommentAction\",\"name\":\"Comment\",\"target\":[\"https:\\\/\\\/pulso27.com\\\/actualidad\\\/policial\\\/ivan-quispe-palomino-demanda-a-premier-gustavo-adrianzen-y-ministro-juan-jose-santivanez-por-difamacion-agravada-y-exige-1-5-millones-de-soles\\\/#respond\"]}]},{\"@type\":\"WebPage\",\"@id\":\"https:\\\/\\\/pulso27.com\\\/actualidad\\\/policial\\\/ivan-quispe-palomino-demanda-a-premier-gustavo-adrianzen-y-ministro-juan-jose-santivanez-por-difamacion-agravada-y-exige-1-5-millones-de-soles\\\/\",\"url\":\"https:\\\/\\\/pulso27.com\\\/actualidad\\\/policial\\\/ivan-quispe-palomino-demanda-a-premier-gustavo-adrianzen-y-ministro-juan-jose-santivanez-por-difamacion-agravada-y-exige-1-5-millones-de-soles\\\/\",\"name\":\"Iv\u00e1n Quispe Palomino demanda a Premier Gustavo Adrianz\u00e9n y Ministro Juan Jos\u00e9 Santiv\u00e1\u00f1ez por difamaci\u00f3n agravada y exige 1.5 millones de soles - Pulso27\",\"isPartOf\":{\"@id\":\"https:\\\/\\\/pulso27.com\\\/en\\\/#website\"},\"primaryImageOfPage\":{\"@id\":\"https:\\\/\\\/pulso27.com\\\/actualidad\\\/policial\\\/ivan-quispe-palomino-demanda-a-premier-gustavo-adrianzen-y-ministro-juan-jose-santivanez-por-difamacion-agravada-y-exige-1-5-millones-de-soles\\\/#primaryimage\"},\"image\":{\"@id\":\"https:\\\/\\\/pulso27.com\\\/actualidad\\\/policial\\\/ivan-quispe-palomino-demanda-a-premier-gustavo-adrianzen-y-ministro-juan-jose-santivanez-por-difamacion-agravada-y-exige-1-5-millones-de-soles\\\/#primaryimage\"},\"thumbnailUrl\":\"https:\\\/\\\/pulso27.com\\\/wp-content\\\/uploads\\\/2024\\\/10\\\/IvanQuispe.png\",\"datePublished\":\"2024-10-26T03:47:28+00:00\",\"dateModified\":\"2024-10-26T21:19:49+00:00\",\"breadcrumb\":{\"@id\":\"https:\\\/\\\/pulso27.com\\\/actualidad\\\/policial\\\/ivan-quispe-palomino-demanda-a-premier-gustavo-adrianzen-y-ministro-juan-jose-santivanez-por-difamacion-agravada-y-exige-1-5-millones-de-soles\\\/#breadcrumb\"},\"inLanguage\":\"en-US\",\"potentialAction\":[{\"@type\":\"ReadAction\",\"target\":[\"https:\\\/\\\/pulso27.com\\\/actualidad\\\/policial\\\/ivan-quispe-palomino-demanda-a-premier-gustavo-adrianzen-y-ministro-juan-jose-santivanez-por-difamacion-agravada-y-exige-1-5-millones-de-soles\\\/\"]}]},{\"@type\":\"ImageObject\",\"inLanguage\":\"en-US\",\"@id\":\"https:\\\/\\\/pulso27.com\\\/actualidad\\\/policial\\\/ivan-quispe-palomino-demanda-a-premier-gustavo-adrianzen-y-ministro-juan-jose-santivanez-por-difamacion-agravada-y-exige-1-5-millones-de-soles\\\/#primaryimage\",\"url\":\"https:\\\/\\\/pulso27.com\\\/wp-content\\\/uploads\\\/2024\\\/10\\\/IvanQuispe.png\",\"contentUrl\":\"https:\\\/\\\/pulso27.com\\\/wp-content\\\/uploads\\\/2024\\\/10\\\/IvanQuispe.png\",\"width\":1200,\"height\":675},{\"@type\":\"BreadcrumbList\",\"@id\":\"https:\\\/\\\/pulso27.com\\\/actualidad\\\/policial\\\/ivan-quispe-palomino-demanda-a-premier-gustavo-adrianzen-y-ministro-juan-jose-santivanez-por-difamacion-agravada-y-exige-1-5-millones-de-soles\\\/#breadcrumb\",\"itemListElement\":[{\"@type\":\"ListItem\",\"position\":1,\"name\":\"Portada\",\"item\":\"https:\\\/\\\/pulso27.com\\\/\"},{\"@type\":\"ListItem\",\"position\":2,\"name\":\"Iv\u00e1n Quispe Palomino demanda a Premier Gustavo Adrianz\u00e9n y Ministro Juan Jos\u00e9 Santiv\u00e1\u00f1ez por difamaci\u00f3n agravada y exige 1.5 millones de soles\"}]},{\"@type\":\"WebSite\",\"@id\":\"https:\\\/\\\/pulso27.com\\\/en\\\/#website\",\"url\":\"https:\\\/\\\/pulso27.com\\\/en\\\/\",\"name\":\"Pulso27\",\"description\":\"Web de noticias y publicidad\",\"publisher\":{\"@id\":\"https:\\\/\\\/pulso27.com\\\/en\\\/#organization\"},\"alternateName\":\"El pulso del pueblo\",\"potentialAction\":[{\"@type\":\"SearchAction\",\"target\":{\"@type\":\"EntryPoint\",\"urlTemplate\":\"https:\\\/\\\/pulso27.com\\\/en\\\/?s={search_term_string}\"},\"query-input\":{\"@type\":\"PropertyValueSpecification\",\"valueRequired\":true,\"valueName\":\"search_term_string\"}}],\"inLanguage\":\"en-US\"},{\"@type\":\"Organization\",\"@id\":\"https:\\\/\\\/pulso27.com\\\/en\\\/#organization\",\"name\":\"Pulso27\",\"url\":\"https:\\\/\\\/pulso27.com\\\/en\\\/\",\"logo\":{\"@type\":\"ImageObject\",\"inLanguage\":\"en-US\",\"@id\":\"https:\\\/\\\/pulso27.com\\\/en\\\/#\\\/schema\\\/logo\\\/image\\\/\",\"url\":\"https:\\\/\\\/pulso27.com\\\/wp-content\\\/uploads\\\/2026\\\/02\\\/Logotipo-de-la-organizacion-696-x-696-px-ok.png\",\"contentUrl\":\"https:\\\/\\\/pulso27.com\\\/wp-content\\\/uploads\\\/2026\\\/02\\\/Logotipo-de-la-organizacion-696-x-696-px-ok.png\",\"width\":696,\"height\":696,\"caption\":\"Pulso27\"},\"image\":{\"@id\":\"https:\\\/\\\/pulso27.com\\\/en\\\/#\\\/schema\\\/logo\\\/image\\\/\"},\"sameAs\":[\"https:\\\/\\\/www.facebook.com\\\/pulso27\\\/\",\"https:\\\/\\\/x.com\\\/Pulso_27\",\"https:\\\/\\\/www.youtube.com\\\/@Pulso27\",\"https:\\\/\\\/www.tiktok.com\\\/@pulso_27\"]},{\"@type\":\"Person\",\"@id\":\"https:\\\/\\\/pulso27.com\\\/en\\\/#\\\/schema\\\/person\\\/d20fd7f5bc7f2e53fd150d43fca07a78\",\"name\":\"Tupaq\",\"image\":{\"@type\":\"ImageObject\",\"inLanguage\":\"en-US\",\"@id\":\"https:\\\/\\\/secure.gravatar.com\\\/avatar\\\/7929e9b034aeea560319a601e4f04c59eb5f45a79eafe192adabb67e9604e7e7?s=96&d=mm&r=g\",\"url\":\"https:\\\/\\\/secure.gravatar.com\\\/avatar\\\/7929e9b034aeea560319a601e4f04c59eb5f45a79eafe192adabb67e9604e7e7?s=96&d=mm&r=g\",\"contentUrl\":\"https:\\\/\\\/secure.gravatar.com\\\/avatar\\\/7929e9b034aeea560319a601e4f04c59eb5f45a79eafe192adabb67e9604e7e7?s=96&d=mm&r=g\",\"caption\":\"Tupaq\"},\"url\":\"https:\\\/\\\/pulso27.com\\\/en\\\/author\\\/tupaq\\\/\"}]}<\/script>\n<!-- \/ Yoast SEO plugin. -->","yoast_head_json":{"title":"Iv\u00e1n Quispe Palomino demanda a Premier Gustavo Adrianz\u00e9n y Ministro Juan Jos\u00e9 Santiv\u00e1\u00f1ez por difamaci\u00f3n agravada y exige 1.5 millones de soles - Pulso27","robots":{"index":"index","follow":"follow","max-snippet":"max-snippet:-1","max-image-preview":"max-image-preview:large","max-video-preview":"max-video-preview:-1"},"canonical":"https:\/\/pulso27.com\/en\/actualidad\/policial\/ivan-quispe-palomino-demanda-a-premier-gustavo-adrianzen-y-ministro-juan-jose-santivanez-por-difamacion-agravada-y-exige-1-5-millones-de-soles\/","og_locale":"en_US","og_type":"article","og_title":"Iv\u00e1n Quispe Palomino demanda a Premier Gustavo Adrianz\u00e9n y Ministro Juan Jos\u00e9 Santiv\u00e1\u00f1ez por difamaci\u00f3n agravada y exige 1.5 millones de soles - Pulso27","og_description":"Iv\u00e1n Quispe Palomino ha interpuesto una denuncia contra el presidente del Consejo de Ministros, Gustavo Adrianz\u00e9n, y el ministro del Interior, Juan Jos\u00e9 Santiv\u00e1\u00f1ez, exigiendo una compensaci\u00f3n de 1.5 millones de soles. La querella incluye acusaciones de difamaci\u00f3n agravada, alegando que ambos funcionarios difundieron p\u00fablicamente declaraciones falsas que lo relacionaron con el terrorismo, en particular, [&hellip;]","og_url":"https:\/\/pulso27.com\/en\/actualidad\/policial\/ivan-quispe-palomino-demanda-a-premier-gustavo-adrianzen-y-ministro-juan-jose-santivanez-por-difamacion-agravada-y-exige-1-5-millones-de-soles\/","og_site_name":"Pulso27","article_publisher":"https:\/\/www.facebook.com\/pulso27\/","article_published_time":"2024-10-26T03:47:28+00:00","article_modified_time":"2024-10-26T21:19:49+00:00","og_image":[{"width":1200,"height":675,"url":"https:\/\/pulso27.com\/wp-content\/uploads\/2024\/10\/IvanQuispe.png","type":"image\/png"}],"author":"Tupaq","twitter_card":"summary_large_image","twitter_creator":"@Pulso_27","twitter_site":"@Pulso_27","twitter_misc":{"Written by":"Tupaq","Est. reading time":"2 minutes"},"schema":{"@context":"https:\/\/schema.org","@graph":[{"@type":"Article","@id":"https:\/\/pulso27.com\/actualidad\/policial\/ivan-quispe-palomino-demanda-a-premier-gustavo-adrianzen-y-ministro-juan-jose-santivanez-por-difamacion-agravada-y-exige-1-5-millones-de-soles\/#article","isPartOf":{"@id":"https:\/\/pulso27.com\/actualidad\/policial\/ivan-quispe-palomino-demanda-a-premier-gustavo-adrianzen-y-ministro-juan-jose-santivanez-por-difamacion-agravada-y-exige-1-5-millones-de-soles\/"},"author":{"name":"Tupaq","@id":"https:\/\/pulso27.com\/en\/#\/schema\/person\/d20fd7f5bc7f2e53fd150d43fca07a78"},"headline":"Iv\u00e1n Quispe Palomino demanda a Premier Gustavo Adrianz\u00e9n y Ministro Juan Jos\u00e9 Santiv\u00e1\u00f1ez por difamaci\u00f3n agravada y exige 1.5 millones de soles","datePublished":"2024-10-26T03:47:28+00:00","dateModified":"2024-10-26T21:19:49+00:00","mainEntityOfPage":{"@id":"https:\/\/pulso27.com\/actualidad\/policial\/ivan-quispe-palomino-demanda-a-premier-gustavo-adrianzen-y-ministro-juan-jose-santivanez-por-difamacion-agravada-y-exige-1-5-millones-de-soles\/"},"wordCount":361,"commentCount":0,"publisher":{"@id":"https:\/\/pulso27.com\/en\/#organization"},"image":{"@id":"https:\/\/pulso27.com\/actualidad\/policial\/ivan-quispe-palomino-demanda-a-premier-gustavo-adrianzen-y-ministro-juan-jose-santivanez-por-difamacion-agravada-y-exige-1-5-millones-de-soles\/#primaryimage"},"thumbnailUrl":"https:\/\/pulso27.com\/wp-content\/uploads\/2024\/10\/IvanQuispe.png","keywords":["Denuncia","Difamaci\u00f3nAgravada","IvanQuispePalomino"],"articleSection":["Actualidad","Policial","Regional"],"inLanguage":"en-US","potentialAction":[{"@type":"CommentAction","name":"Comment","target":["https:\/\/pulso27.com\/actualidad\/policial\/ivan-quispe-palomino-demanda-a-premier-gustavo-adrianzen-y-ministro-juan-jose-santivanez-por-difamacion-agravada-y-exige-1-5-millones-de-soles\/#respond"]}]},{"@type":"WebPage","@id":"https:\/\/pulso27.com\/actualidad\/policial\/ivan-quispe-palomino-demanda-a-premier-gustavo-adrianzen-y-ministro-juan-jose-santivanez-por-difamacion-agravada-y-exige-1-5-millones-de-soles\/","url":"https:\/\/pulso27.com\/actualidad\/policial\/ivan-quispe-palomino-demanda-a-premier-gustavo-adrianzen-y-ministro-juan-jose-santivanez-por-difamacion-agravada-y-exige-1-5-millones-de-soles\/","name":"Iv\u00e1n Quispe Palomino demanda a Premier Gustavo Adrianz\u00e9n y Ministro Juan Jos\u00e9 Santiv\u00e1\u00f1ez por difamaci\u00f3n agravada y exige 1.5 millones de soles - Pulso27","isPartOf":{"@id":"https:\/\/pulso27.com\/en\/#website"},"primaryImageOfPage":{"@id":"https:\/\/pulso27.com\/actualidad\/policial\/ivan-quispe-palomino-demanda-a-premier-gustavo-adrianzen-y-ministro-juan-jose-santivanez-por-difamacion-agravada-y-exige-1-5-millones-de-soles\/#primaryimage"},"image":{"@id":"https:\/\/pulso27.com\/actualidad\/policial\/ivan-quispe-palomino-demanda-a-premier-gustavo-adrianzen-y-ministro-juan-jose-santivanez-por-difamacion-agravada-y-exige-1-5-millones-de-soles\/#primaryimage"},"thumbnailUrl":"https:\/\/pulso27.com\/wp-content\/uploads\/2024\/10\/IvanQuispe.png","datePublished":"2024-10-26T03:47:28+00:00","dateModified":"2024-10-26T21:19:49+00:00","breadcrumb":{"@id":"https:\/\/pulso27.com\/actualidad\/policial\/ivan-quispe-palomino-demanda-a-premier-gustavo-adrianzen-y-ministro-juan-jose-santivanez-por-difamacion-agravada-y-exige-1-5-millones-de-soles\/#breadcrumb"},"inLanguage":"en-US","potentialAction":[{"@type":"ReadAction","target":["https:\/\/pulso27.com\/actualidad\/policial\/ivan-quispe-palomino-demanda-a-premier-gustavo-adrianzen-y-ministro-juan-jose-santivanez-por-difamacion-agravada-y-exige-1-5-millones-de-soles\/"]}]},{"@type":"ImageObject","inLanguage":"en-US","@id":"https:\/\/pulso27.com\/actualidad\/policial\/ivan-quispe-palomino-demanda-a-premier-gustavo-adrianzen-y-ministro-juan-jose-santivanez-por-difamacion-agravada-y-exige-1-5-millones-de-soles\/#primaryimage","url":"https:\/\/pulso27.com\/wp-content\/uploads\/2024\/10\/IvanQuispe.png","contentUrl":"https:\/\/pulso27.com\/wp-content\/uploads\/2024\/10\/IvanQuispe.png","width":1200,"height":675},{"@type":"BreadcrumbList","@id":"https:\/\/pulso27.com\/actualidad\/policial\/ivan-quispe-palomino-demanda-a-premier-gustavo-adrianzen-y-ministro-juan-jose-santivanez-por-difamacion-agravada-y-exige-1-5-millones-de-soles\/#breadcrumb","itemListElement":[{"@type":"ListItem","position":1,"name":"Portada","item":"https:\/\/pulso27.com\/"},{"@type":"ListItem","position":2,"name":"Iv\u00e1n Quispe Palomino demanda a Premier Gustavo Adrianz\u00e9n y Ministro Juan Jos\u00e9 Santiv\u00e1\u00f1ez por difamaci\u00f3n agravada y exige 1.5 millones de soles"}]},{"@type":"WebSite","@id":"https:\/\/pulso27.com\/en\/#website","url":"https:\/\/pulso27.com\/en\/","name":"Pulso27","description":"Web de noticias y publicidad","publisher":{"@id":"https:\/\/pulso27.com\/en\/#organization"},"alternateName":"El pulso del pueblo","potentialAction":[{"@type":"SearchAction","target":{"@type":"EntryPoint","urlTemplate":"https:\/\/pulso27.com\/en\/?s={search_term_string}"},"query-input":{"@type":"PropertyValueSpecification","valueRequired":true,"valueName":"search_term_string"}}],"inLanguage":"en-US"},{"@type":"Organization","@id":"https:\/\/pulso27.com\/en\/#organization","name":"Pulso27","url":"https:\/\/pulso27.com\/en\/","logo":{"@type":"ImageObject","inLanguage":"en-US","@id":"https:\/\/pulso27.com\/en\/#\/schema\/logo\/image\/","url":"https:\/\/pulso27.com\/wp-content\/uploads\/2026\/02\/Logotipo-de-la-organizacion-696-x-696-px-ok.png","contentUrl":"https:\/\/pulso27.com\/wp-content\/uploads\/2026\/02\/Logotipo-de-la-organizacion-696-x-696-px-ok.png","width":696,"height":696,"caption":"Pulso27"},"image":{"@id":"https:\/\/pulso27.com\/en\/#\/schema\/logo\/image\/"},"sameAs":["https:\/\/www.facebook.com\/pulso27\/","https:\/\/x.com\/Pulso_27","https:\/\/www.youtube.com\/@Pulso27","https:\/\/www.tiktok.com\/@pulso_27"]},{"@type":"Person","@id":"https:\/\/pulso27.com\/en\/#\/schema\/person\/d20fd7f5bc7f2e53fd150d43fca07a78","name":"Tupaq","image":{"@type":"ImageObject","inLanguage":"en-US","@id":"https:\/\/secure.gravatar.com\/avatar\/7929e9b034aeea560319a601e4f04c59eb5f45a79eafe192adabb67e9604e7e7?s=96&d=mm&r=g","url":"https:\/\/secure.gravatar.com\/avatar\/7929e9b034aeea560319a601e4f04c59eb5f45a79eafe192adabb67e9604e7e7?s=96&d=mm&r=g","contentUrl":"https:\/\/secure.gravatar.com\/avatar\/7929e9b034aeea560319a601e4f04c59eb5f45a79eafe192adabb67e9604e7e7?s=96&d=mm&r=g","caption":"Tupaq"},"url":"https:\/\/pulso27.com\/en\/author\/tupaq\/"}]}},"amp_enabled":true,"_links":{"self":[{"href":"https:\/\/pulso27.com\/en\/wp-json\/wp\/v2\/posts\/2587","targetHints":{"allow":["GET"]}}],"collection":[{"href":"https:\/\/pulso27.com\/en\/wp-json\/wp\/v2\/posts"}],"about":[{"href":"https:\/\/pulso27.com\/en\/wp-json\/wp\/v2\/types\/post"}],"author":[{"embeddable":true,"href":"https:\/\/pulso27.com\/en\/wp-json\/wp\/v2\/users\/7"}],"replies":[{"embeddable":true,"href":"https:\/\/pulso27.com\/en\/wp-json\/wp\/v2\/comments?post=2587"}],"version-history":[{"count":2,"href":"https:\/\/pulso27.com\/en\/wp-json\/wp\/v2\/posts\/2587\/revisions"}],"predecessor-version":[{"id":2595,"href":"https:\/\/pulso27.com\/en\/wp-json\/wp\/v2\/posts\/2587\/revisions\/2595"}],"wp:featuredmedia":[{"embeddable":true,"href":"https:\/\/pulso27.com\/en\/wp-json\/wp\/v2\/media\/2588"}],"wp:attachment":[{"href":"https:\/\/pulso27.com\/en\/wp-json\/wp\/v2\/media?parent=2587"}],"wp:term":[{"taxonomy":"category","embeddable":true,"href":"https:\/\/pulso27.com\/en\/wp-json\/wp\/v2\/categories?post=2587"},{"taxonomy":"post_tag","embeddable":true,"href":"https:\/\/pulso27.com\/en\/wp-json\/wp\/v2\/tags?post=2587"}],"curies":[{"name":"wp","href":"https:\/\/api.w.org\/{rel}","templated":true}]}}