{"id":2641,"date":"2024-10-29T08:33:13","date_gmt":"2024-10-29T03:33:13","guid":{"rendered":"https:\/\/pulso27.com\/?p=2641"},"modified":"2024-10-29T08:52:22","modified_gmt":"2024-10-29T03:52:22","slug":"el-norte-de-peru-se-seca-la-desesperada-lucha-por-el-agua-en-piura-lambayeque-y-tumbes","status":"publish","type":"post","link":"https:\/\/pulso27.com\/en\/regional\/el-norte-de-peru-se-seca-la-desesperada-lucha-por-el-agua-en-piura-lambayeque-y-tumbes\/","title":{"rendered":"El norte de Per\u00fa se seca: la desesperada lucha por el agua en Piura, Lambayeque y Tumbes"},"content":{"rendered":"<p>El norte del Per\u00fa enfrenta una de sus crisis h\u00eddricas m\u00e1s severas en a\u00f1os. En departamentos como Piura, Lambayeque y Tumbes, los ciudadanos se ven obligados a cavar huecos frente a sus casas en busca de agua, mientras autoridades y expertos llaman a la urgencia de \u00ab<em>rezar para que llueva<\/em>\u00ab.<\/p>\n\n\n\n<p>Esta problem\u00e1tica ha dejado sin agua a miles de personas y amenaza la producci\u00f3n agr\u00edcola en una zona que depende del recurso h\u00eddrico para el cultivo de arroz, ca\u00f1a de az\u00facar, algod\u00f3n y otros cultivos; que, adem\u00e1s impacto en la ganader\u00eda.<\/p>\n\n\n\n<figure class=\"wp-block-image size-large\"><img loading=\"lazy\" decoding=\"async\" width=\"1024\" height=\"536\" src=\"https:\/\/pulso27.com\/wp-content\/uploads\/2024\/10\/image-44-1024x536.png\" alt=\"\" class=\"wp-image-2647\" srcset=\"https:\/\/pulso27.com\/wp-content\/uploads\/2024\/10\/image-44-1024x536.png 1024w, https:\/\/pulso27.com\/wp-content\/uploads\/2024\/10\/image-44-300x157.png 300w, https:\/\/pulso27.com\/wp-content\/uploads\/2024\/10\/image-44-768x402.png 768w, https:\/\/pulso27.com\/wp-content\/uploads\/2024\/10\/image-44-18x9.png 18w, https:\/\/pulso27.com\/wp-content\/uploads\/2024\/10\/image-44.png 1200w\" sizes=\"auto, (max-width: 1024px) 100vw, 1024px\" \/><figcaption class=\"wp-element-caption\"><em>La crisis h\u00eddrica del norte peruano afecta principalmente al cultivo del arroz <\/em><\/figcaption><\/figure>\n\n\n\n<p>La situaci\u00f3n es tan cr\u00edtica que las reservas de agua de los principales reservorios de la regi\u00f3n se han reducido a m\u00ednimos hist\u00f3ricos, afectando tanto el consumo humano como la agricultura y ganader\u00eda.<\/p>\n\n\n\n<p><strong>Pobladores cavan huecos y una reserva a punto de agotarse<\/strong><\/p>\n\n\n\n<p>La situaci\u00f3n en Piura ha llegado a tal punto que los residentes de zonas como el asentamiento humano Micaela Bastidas en el distrito de Veintis\u00e9is de Octubre han tomado medidas desesperadas. \u201c<em>Estamos cavando huecos porque ya no sale ni una gota de agua<\/em>\u201d, comenta Elena Zapata, una adulta mayor que depende de sus vecinos para conseguir agua, ya que no tiene fuerzas para cargar baldes. \u201cAhorita no hay nada. Estamos sufriendo completamente\u201d, agreg\u00f3, describiendo un escenario desgarrador donde las personas no saben c\u00f3mo podr\u00e1n acceder al recurso.<\/p>\n\n\n\n<figure class=\"wp-block-image size-full\"><img loading=\"lazy\" decoding=\"async\" width=\"992\" height=\"744\" src=\"https:\/\/pulso27.com\/wp-content\/uploads\/2024\/10\/image-42.png\" alt=\"\" class=\"wp-image-2645\" srcset=\"https:\/\/pulso27.com\/wp-content\/uploads\/2024\/10\/image-42.png 992w, https:\/\/pulso27.com\/wp-content\/uploads\/2024\/10\/image-42-300x225.png 300w, https:\/\/pulso27.com\/wp-content\/uploads\/2024\/10\/image-42-768x576.png 768w, https:\/\/pulso27.com\/wp-content\/uploads\/2024\/10\/image-42-16x12.png 16w\" sizes=\"auto, (max-width: 992px) 100vw, 992px\" \/><figcaption class=\"wp-element-caption\"><em>Motobombas y electrobombas abandonados y en desuso en el canal Daniel Escobar <\/em><\/figcaption><\/figure>\n\n\n\n<p>En Piura, la planta de tratamiento de Curumuy, que abastece de agua potable a toda la provincia, ha dejado de operar debido a los bajos niveles en el canal Daniel Escobar. La falta de lluvias y la reducci\u00f3n de agua en los r\u00edos han agravado la situaci\u00f3n.<\/p>\n\n\n\n<p>Vecinos del A.H. Talarita, en el distrito de Castilla hacen largas colas con baldes y diversos recipientes en el Parque del Ni\u00f1o H\u00e9roe, para recolectar agua de la tuber\u00eda que se utiliza para regar las \u00e1reas verdes del parque. Esta situaci\u00f3n es resultado de la crisis h\u00eddrica que atraviesa la regi\u00f3n, que ha generado una grave escasez de agua en la zona. Con visible molestia y malestar, los vecinos llegan con sus recipientes en busca de agua, una escena que se repite en diversos puntos de la ciudad. Esta medida es una respuesta a la falta de suministro, ya que el agua no llega a sus casas y las cisternas de la EPS Grau no tienen programado abastecer esta zona. Por otro lado, en el asentamiento humano Pachitea, vecinos de calles como Roma, Mara\u00f1\u00f3n, Lambayeque y Cajamarca expresaron su descontento ante la demora y falta de organizaci\u00f3n en la distribuci\u00f3n de agua a trav\u00e9s de cisternas. Ellos piden que esta sea equitativa.<\/p>\n\n\n\n<figure class=\"wp-block-image size-large\"><img loading=\"lazy\" decoding=\"async\" width=\"1024\" height=\"768\" src=\"https:\/\/pulso27.com\/wp-content\/uploads\/2024\/10\/image-45-1024x768.png\" alt=\"\" class=\"wp-image-2648\" srcset=\"https:\/\/pulso27.com\/wp-content\/uploads\/2024\/10\/image-45-1024x768.png 1024w, https:\/\/pulso27.com\/wp-content\/uploads\/2024\/10\/image-45-300x225.png 300w, https:\/\/pulso27.com\/wp-content\/uploads\/2024\/10\/image-45-768x576.png 768w, https:\/\/pulso27.com\/wp-content\/uploads\/2024\/10\/image-45-1536x1152.png 1536w, https:\/\/pulso27.com\/wp-content\/uploads\/2024\/10\/image-45-16x12.png 16w, https:\/\/pulso27.com\/wp-content\/uploads\/2024\/10\/image-45.png 2048w\" sizes=\"auto, (max-width: 1024px) 100vw, 1024px\" \/><figcaption class=\"wp-element-caption\"><em>Vecinos del distrito de Castilla hacen largas colas con baldes y tinas de agua<\/em><\/figcaption><\/figure>\n\n\n\n<p>Las autoridades, como Marco Vargas Trelles, gerente de la Empresa Prestadora de Servicios (EPS) Grau S.A., han advertido que solo queda agua para un mes. Sin embargo, el alcalde de Piura, Gabriel Madrid, critica la falta de un plan h\u00eddrico eficaz en el gobierno regional, acusando a las gestiones anteriores de priorizar intereses pol\u00edticos sobre soluciones t\u00e9cnicas. Para los m\u00e1s de 1.5 millones de habitantes de Piura, esta situaci\u00f3n podr\u00eda convertirse en una crisis de proporciones incalculables.<\/p>\n\n\n\n<figure class=\"wp-block-image size-full\"><img loading=\"lazy\" decoding=\"async\" width=\"992\" height=\"661\" src=\"https:\/\/pulso27.com\/wp-content\/uploads\/2024\/10\/image-43.png\" alt=\"\" class=\"wp-image-2646\" srcset=\"https:\/\/pulso27.com\/wp-content\/uploads\/2024\/10\/image-43.png 992w, https:\/\/pulso27.com\/wp-content\/uploads\/2024\/10\/image-43-300x200.png 300w, https:\/\/pulso27.com\/wp-content\/uploads\/2024\/10\/image-43-768x512.png 768w, https:\/\/pulso27.com\/wp-content\/uploads\/2024\/10\/image-43-18x12.png 18w\" sizes=\"auto, (max-width: 992px) 100vw, 992px\" \/><figcaption class=\"wp-element-caption\"><em>Alcalde de Piura, Gabriel Madrid Orue, responsabiliza al gobierno regional de Piura de la crisis h\u00eddrica<\/em><\/figcaption><\/figure>\n\n\n\n<p><strong>Sequ\u00eda en el Tinajones y el impacto en la agricultura<\/strong><\/p>\n\n\n\n<p>La crisis tambi\u00e9n golpea a Lambayeque, donde el reservorio de Tinajones, vital para el suministro de agua en la regi\u00f3n, se encuentra en niveles cr\u00edticos. Con tan solo 29 millones de metros c\u00fabicos de agua, las autoridades han decidido destinar el recurso exclusivamente al consumo humano, dejando sin agua a extensas \u00e1reas agr\u00edcolas. <\/p>\n\n\n\n<p>Este recorte afecta de forma particular a los agricultores de arroz, uno de los principales cultivos de la regi\u00f3n. La Junta de Usuarios del Valle Chancay ya ha tomado la decisi\u00f3n de no sembrar m\u00e1s de mil hect\u00e1reas de arroz, en lugares como Chongoyape y La Ramada, debido a la falta de agua para el riego.<\/p>\n\n\n\n<p>Humberto Nieto Idrogo, jefe de Operaciones del Proyecto Especial Olmos Tinajones (PEOT), mencion\u00f3 que la sequ\u00eda obligar\u00e1 a realizar cortes prolongados de suministro, afectando a 15 sectores agr\u00edcolas en las zonas de Pampa Grande, Ferre\u00f1afe, Lambayeque y Pomalca.<\/p>\n\n\n\n<p>Estos cortes de agua no solo ponen en riesgo la econom\u00eda local, sino tambi\u00e9n la seguridad alimentaria de miles de familias que dependen de la producci\u00f3n agr\u00edcola para subsistir.<\/p>\n\n\n\n<p><strong>Tumbes y la amenaza de quedarse sin agua en cuesti\u00f3n de semanas<\/strong><\/p>\n\n\n\n<p>Aunque Tumbes no cuenta con grandes proyectos de infraestructura h\u00eddrica, la falta de lluvias ha reducido dr\u00e1sticamente el caudal de los r\u00edos de la regi\u00f3n, que abastecen tanto a la poblaci\u00f3n como a los agricultores. La regi\u00f3n, que siempre ha tenido dificultades con el suministro de agua, se encuentra ahora al borde de una crisis inminente. Los pobladores temen que en las pr\u00f3ximas semanas la situaci\u00f3n se vuelva insostenible.<\/p>\n\n\n<div class=\"wp-block-image\">\n<figure class=\"alignleft size-large is-resized\"><img loading=\"lazy\" decoding=\"async\" width=\"768\" height=\"1024\" src=\"https:\/\/pulso27.com\/wp-content\/uploads\/2024\/10\/image-41-768x1024.png\" alt=\"\" class=\"wp-image-2644\" style=\"width:374px;height:auto\" srcset=\"https:\/\/pulso27.com\/wp-content\/uploads\/2024\/10\/image-41-768x1024.png 768w, https:\/\/pulso27.com\/wp-content\/uploads\/2024\/10\/image-41-225x300.png 225w, https:\/\/pulso27.com\/wp-content\/uploads\/2024\/10\/image-41-9x12.png 9w, https:\/\/pulso27.com\/wp-content\/uploads\/2024\/10\/image-41.png 992w\" sizes=\"auto, (max-width: 768px) 100vw, 768px\" \/><\/figure><\/div>\n\n\n<p><strong>\u00ab<em>Tenemos que rezar para que llueva<\/em>\u00ab: el llamado parad\u00f3jico de un funcionario<\/strong><\/p>\n\n\n\n<p>Marco Vargas Trelles, gerente de EPS Grau, ha resumido el sentir de muchos piuranos al pedir p\u00fablicamente a la poblaci\u00f3n \u00ab<em>rezar para que llueva<\/em>\u00ab. Sin embargo, esta declaraci\u00f3n refleja la falta de infraestructura adecuada para afrontar una sequ\u00eda de esta magnitud.<\/p>\n\n\n\n<p>Vargas lamenta que, pese a las recurrentes crisis de agua en la regi\u00f3n, no se hayan implementado proyectos que garanticen un suministro estable tanto para la poblaci\u00f3n como para la agricultura. \u201cP<em>asamos de tener abundancia de agua a la escasez extrema, y no se ha hecho nada<\/em>\u201d, declar\u00f3, subrayando la necesidad urgente de construir m\u00e1s pozos y recuperar la capacidad de almacenamiento de los reservorios.<\/p>\n\n\n\n<p><strong>Actuaci\u00f3n del Gobierno Nacional y Regional<\/strong><\/p>\n\n\n\n<p>A nivel gubernamental, las respuestas han sido limitadas y las acusaciones de falta de planificaci\u00f3n. El Gobierno Nacional dirigido por Dina Boluarte, a trav\u00e9s del titular del Ministerio de Vivienda, Construcci\u00f3n y Saneamiento (MVCS) y el Ministerio de Desarrollo Agrario y Riego (MIDAGRI) han mantenido silencio absoluto y omisi\u00f3n de funciones respecto a este tema.<\/p>\n\n\n\n<p>El alcalde de Piura, Gabriel Madrid, ha se\u00f1alado al presidente del Proyecto Especial Chira Piura, V\u00edctor Garrido Lecca, de desinformar sobre la situaci\u00f3n en el reservorio de Poechos. Adem\u00e1s, apunt\u00f3 que el gobierno regional, liderado por Luis Neyra Le\u00f3n, no ha presentado un plan h\u00eddrico para hacer frente a la crisis. Las cr\u00edticas se extienden hacia administraciones anteriores, que, seg\u00fan Madrid, han asignado recursos de forma equivocada, dejando a la regi\u00f3n sin infraestructura de almacenamiento y distribuci\u00f3n de agua en tiempos de sequ\u00eda.<\/p>\n\n\n\n<figure class=\"wp-block-image size-large\"><img loading=\"lazy\" decoding=\"async\" width=\"1024\" height=\"739\" src=\"https:\/\/pulso27.com\/wp-content\/uploads\/2024\/10\/image-39-1024x739.png\" alt=\"\" class=\"wp-image-2642\" srcset=\"https:\/\/pulso27.com\/wp-content\/uploads\/2024\/10\/image-39-1024x739.png 1024w, https:\/\/pulso27.com\/wp-content\/uploads\/2024\/10\/image-39-300x216.png 300w, https:\/\/pulso27.com\/wp-content\/uploads\/2024\/10\/image-39-768x554.png 768w, https:\/\/pulso27.com\/wp-content\/uploads\/2024\/10\/image-39-18x12.png 18w, https:\/\/pulso27.com\/wp-content\/uploads\/2024\/10\/image-39.png 1241w\" sizes=\"auto, (max-width: 1024px) 100vw, 1024px\" \/><\/figure>\n\n\n\n<p><em>Un futuro incierto para los habitantes del norte peruano por la crisis h\u00eddrica<\/em><\/p>\n\n\n\n<p>Mientras el norte de Per\u00fa se enfrenta a la peor crisis h\u00eddrica en a\u00f1os, la incertidumbre sigue creciendo entre la poblaci\u00f3n. Los expertos alertan que, de no mejorar la situaci\u00f3n, podr\u00eda haber un \u00e9xodo de familias que depender\u00e1n de la ayuda estatal para sobrevivir en medio de un contexto donde el agua se ha convertido en un recurso cada vez m\u00e1s escaso. En tanto, los agricultores ven con temor la posibilidad de perder sus cultivos, lo que no solo representa una p\u00e9rdida econ\u00f3mica, sino tambi\u00e9n una amenaza para la seguridad alimentaria de toda la regi\u00f3n.<\/p>\n\n\n\n<p>La crisis h\u00eddrica en Piura, Lambayeque y Tumbes pone de manifiesto la necesidad de pol\u00edticas a largo plazo y una planificaci\u00f3n adecuada que permita a la poblaci\u00f3n enfrentarse a futuras crisis h\u00eddricas, reflexionando sobre la necesidad de conservar los pocos recursos h\u00eddricos aptos para consumo humano y uso agr\u00edcola, especialmente en el sur de Per\u00fa, donde la actividad minera viene contaminando con la complicidad y omisi\u00f3n de gobierno corruptos.<\/p>","protected":false},"excerpt":{"rendered":"<p>El norte del Per\u00fa enfrenta una de sus crisis h\u00eddricas m\u00e1s severas en a\u00f1os. En departamentos como Piura, Lambayeque y Tumbes, los ciudadanos se ven obligados a cavar huecos frente a sus casas en busca de agua, mientras autoridades y expertos llaman a la urgencia de \u00abrezar para que llueva\u00ab. Esta problem\u00e1tica ha dejado sin [&hellip;]<\/p>\n","protected":false},"author":11,"featured_media":2649,"comment_status":"open","ping_status":"open","sticky":false,"template":"","format":"standard","meta":{"footnotes":""},"categories":[818,810],"tags":[1877,1872,1878,1879],"class_list":["post-2641","post","type-post","status-publish","format-standard","has-post-thumbnail","hentry","category-agricultura","category-regional","tag-crisishidrica","tag-lambayeque","tag-piura","tag-tumbes"],"yoast_head":"<!-- This site is optimized with the Yoast SEO plugin v27.4 - https:\/\/yoast.com\/product\/yoast-seo-wordpress\/ -->\n<title>El norte de Per\u00fa se seca: la desesperada lucha por el agua en Piura, Lambayeque y Tumbes - Pulso27<\/title>\n<meta name=\"robots\" content=\"index, follow, max-snippet:-1, max-image-preview:large, max-video-preview:-1\" \/>\n<link rel=\"canonical\" href=\"https:\/\/pulso27.com\/en\/regional\/el-norte-de-peru-se-seca-la-desesperada-lucha-por-el-agua-en-piura-lambayeque-y-tumbes\/\" \/>\n<meta property=\"og:locale\" content=\"en_US\" \/>\n<meta property=\"og:type\" content=\"article\" \/>\n<meta property=\"og:title\" content=\"El norte de Per\u00fa se seca: la desesperada lucha por el agua en Piura, Lambayeque y Tumbes - Pulso27\" \/>\n<meta property=\"og:description\" content=\"El norte del Per\u00fa enfrenta una de sus crisis h\u00eddricas m\u00e1s severas en a\u00f1os. En departamentos como Piura, Lambayeque y Tumbes, los ciudadanos se ven obligados a cavar huecos frente a sus casas en busca de agua, mientras autoridades y expertos llaman a la urgencia de \u00abrezar para que llueva\u00ab. Esta problem\u00e1tica ha dejado sin [&hellip;]\" \/>\n<meta property=\"og:url\" content=\"https:\/\/pulso27.com\/en\/regional\/el-norte-de-peru-se-seca-la-desesperada-lucha-por-el-agua-en-piura-lambayeque-y-tumbes\/\" \/>\n<meta property=\"og:site_name\" content=\"Pulso27\" \/>\n<meta property=\"article:publisher\" content=\"https:\/\/www.facebook.com\/pulso27\/\" \/>\n<meta property=\"article:author\" content=\"https:\/\/www.facebook.com\/pulso27\" \/>\n<meta property=\"article:published_time\" content=\"2024-10-29T03:33:13+00:00\" \/>\n<meta property=\"article:modified_time\" content=\"2024-10-29T03:52:22+00:00\" \/>\n<meta property=\"og:image\" content=\"https:\/\/pulso27.com\/wp-content\/uploads\/2024\/10\/AguaNorte.png\" \/>\n\t<meta property=\"og:image:width\" content=\"1200\" \/>\n\t<meta property=\"og:image:height\" content=\"675\" \/>\n\t<meta property=\"og:image:type\" content=\"image\/png\" \/>\n<meta name=\"author\" content=\"Editor\" \/>\n<meta name=\"twitter:card\" content=\"summary_large_image\" \/>\n<meta name=\"twitter:creator\" content=\"@https:\/\/x.com\/Pulso_27\" \/>\n<meta name=\"twitter:site\" content=\"@Pulso_27\" \/>\n<meta name=\"twitter:label1\" content=\"Written by\" \/>\n\t<meta name=\"twitter:data1\" content=\"Editor\" \/>\n\t<meta name=\"twitter:label2\" content=\"Est. reading time\" \/>\n\t<meta name=\"twitter:data2\" content=\"7 minutes\" \/>\n<script type=\"application\/ld+json\" class=\"yoast-schema-graph\">{\"@context\":\"https:\\\/\\\/schema.org\",\"@graph\":[{\"@type\":\"Article\",\"@id\":\"https:\\\/\\\/pulso27.com\\\/regional\\\/el-norte-de-peru-se-seca-la-desesperada-lucha-por-el-agua-en-piura-lambayeque-y-tumbes\\\/#article\",\"isPartOf\":{\"@id\":\"https:\\\/\\\/pulso27.com\\\/regional\\\/el-norte-de-peru-se-seca-la-desesperada-lucha-por-el-agua-en-piura-lambayeque-y-tumbes\\\/\"},\"author\":{\"name\":\"Editor\",\"@id\":\"https:\\\/\\\/pulso27.com\\\/en\\\/#\\\/schema\\\/person\\\/e0da4cfacbab724cbf4ab44bcc030735\"},\"headline\":\"El norte de Per\u00fa se seca: la desesperada lucha por el agua en Piura, Lambayeque y Tumbes\",\"datePublished\":\"2024-10-29T03:33:13+00:00\",\"dateModified\":\"2024-10-29T03:52:22+00:00\",\"mainEntityOfPage\":{\"@id\":\"https:\\\/\\\/pulso27.com\\\/regional\\\/el-norte-de-peru-se-seca-la-desesperada-lucha-por-el-agua-en-piura-lambayeque-y-tumbes\\\/\"},\"wordCount\":1396,\"commentCount\":0,\"publisher\":{\"@id\":\"https:\\\/\\\/pulso27.com\\\/en\\\/#organization\"},\"image\":{\"@id\":\"https:\\\/\\\/pulso27.com\\\/regional\\\/el-norte-de-peru-se-seca-la-desesperada-lucha-por-el-agua-en-piura-lambayeque-y-tumbes\\\/#primaryimage\"},\"thumbnailUrl\":\"https:\\\/\\\/pulso27.com\\\/wp-content\\\/uploads\\\/2024\\\/10\\\/AguaNorte.png\",\"keywords\":[\"CrisisH\u00eddrica\",\"Lambayeque\",\"Piura\",\"Tumbes\"],\"articleSection\":[\"Agricultura\",\"Regional\"],\"inLanguage\":\"en-US\",\"potentialAction\":[{\"@type\":\"CommentAction\",\"name\":\"Comment\",\"target\":[\"https:\\\/\\\/pulso27.com\\\/regional\\\/el-norte-de-peru-se-seca-la-desesperada-lucha-por-el-agua-en-piura-lambayeque-y-tumbes\\\/#respond\"]}]},{\"@type\":\"WebPage\",\"@id\":\"https:\\\/\\\/pulso27.com\\\/regional\\\/el-norte-de-peru-se-seca-la-desesperada-lucha-por-el-agua-en-piura-lambayeque-y-tumbes\\\/\",\"url\":\"https:\\\/\\\/pulso27.com\\\/regional\\\/el-norte-de-peru-se-seca-la-desesperada-lucha-por-el-agua-en-piura-lambayeque-y-tumbes\\\/\",\"name\":\"El norte de Per\u00fa se seca: la desesperada lucha por el agua en Piura, Lambayeque y Tumbes - Pulso27\",\"isPartOf\":{\"@id\":\"https:\\\/\\\/pulso27.com\\\/en\\\/#website\"},\"primaryImageOfPage\":{\"@id\":\"https:\\\/\\\/pulso27.com\\\/regional\\\/el-norte-de-peru-se-seca-la-desesperada-lucha-por-el-agua-en-piura-lambayeque-y-tumbes\\\/#primaryimage\"},\"image\":{\"@id\":\"https:\\\/\\\/pulso27.com\\\/regional\\\/el-norte-de-peru-se-seca-la-desesperada-lucha-por-el-agua-en-piura-lambayeque-y-tumbes\\\/#primaryimage\"},\"thumbnailUrl\":\"https:\\\/\\\/pulso27.com\\\/wp-content\\\/uploads\\\/2024\\\/10\\\/AguaNorte.png\",\"datePublished\":\"2024-10-29T03:33:13+00:00\",\"dateModified\":\"2024-10-29T03:52:22+00:00\",\"breadcrumb\":{\"@id\":\"https:\\\/\\\/pulso27.com\\\/regional\\\/el-norte-de-peru-se-seca-la-desesperada-lucha-por-el-agua-en-piura-lambayeque-y-tumbes\\\/#breadcrumb\"},\"inLanguage\":\"en-US\",\"potentialAction\":[{\"@type\":\"ReadAction\",\"target\":[\"https:\\\/\\\/pulso27.com\\\/regional\\\/el-norte-de-peru-se-seca-la-desesperada-lucha-por-el-agua-en-piura-lambayeque-y-tumbes\\\/\"]}]},{\"@type\":\"ImageObject\",\"inLanguage\":\"en-US\",\"@id\":\"https:\\\/\\\/pulso27.com\\\/regional\\\/el-norte-de-peru-se-seca-la-desesperada-lucha-por-el-agua-en-piura-lambayeque-y-tumbes\\\/#primaryimage\",\"url\":\"https:\\\/\\\/pulso27.com\\\/wp-content\\\/uploads\\\/2024\\\/10\\\/AguaNorte.png\",\"contentUrl\":\"https:\\\/\\\/pulso27.com\\\/wp-content\\\/uploads\\\/2024\\\/10\\\/AguaNorte.png\",\"width\":1200,\"height\":675},{\"@type\":\"BreadcrumbList\",\"@id\":\"https:\\\/\\\/pulso27.com\\\/regional\\\/el-norte-de-peru-se-seca-la-desesperada-lucha-por-el-agua-en-piura-lambayeque-y-tumbes\\\/#breadcrumb\",\"itemListElement\":[{\"@type\":\"ListItem\",\"position\":1,\"name\":\"Portada\",\"item\":\"https:\\\/\\\/pulso27.com\\\/\"},{\"@type\":\"ListItem\",\"position\":2,\"name\":\"El norte de Per\u00fa se seca: la desesperada lucha por el agua en Piura, Lambayeque y Tumbes\"}]},{\"@type\":\"WebSite\",\"@id\":\"https:\\\/\\\/pulso27.com\\\/en\\\/#website\",\"url\":\"https:\\\/\\\/pulso27.com\\\/en\\\/\",\"name\":\"Pulso27\",\"description\":\"Web de noticias y publicidad\",\"publisher\":{\"@id\":\"https:\\\/\\\/pulso27.com\\\/en\\\/#organization\"},\"alternateName\":\"El pulso del pueblo\",\"potentialAction\":[{\"@type\":\"SearchAction\",\"target\":{\"@type\":\"EntryPoint\",\"urlTemplate\":\"https:\\\/\\\/pulso27.com\\\/en\\\/?s={search_term_string}\"},\"query-input\":{\"@type\":\"PropertyValueSpecification\",\"valueRequired\":true,\"valueName\":\"search_term_string\"}}],\"inLanguage\":\"en-US\"},{\"@type\":\"Organization\",\"@id\":\"https:\\\/\\\/pulso27.com\\\/en\\\/#organization\",\"name\":\"Pulso27\",\"url\":\"https:\\\/\\\/pulso27.com\\\/en\\\/\",\"logo\":{\"@type\":\"ImageObject\",\"inLanguage\":\"en-US\",\"@id\":\"https:\\\/\\\/pulso27.com\\\/en\\\/#\\\/schema\\\/logo\\\/image\\\/\",\"url\":\"https:\\\/\\\/pulso27.com\\\/wp-content\\\/uploads\\\/2026\\\/02\\\/Logotipo-de-la-organizacion-696-x-696-px-ok.png\",\"contentUrl\":\"https:\\\/\\\/pulso27.com\\\/wp-content\\\/uploads\\\/2026\\\/02\\\/Logotipo-de-la-organizacion-696-x-696-px-ok.png\",\"width\":696,\"height\":696,\"caption\":\"Pulso27\"},\"image\":{\"@id\":\"https:\\\/\\\/pulso27.com\\\/en\\\/#\\\/schema\\\/logo\\\/image\\\/\"},\"sameAs\":[\"https:\\\/\\\/www.facebook.com\\\/pulso27\\\/\",\"https:\\\/\\\/x.com\\\/Pulso_27\",\"https:\\\/\\\/www.youtube.com\\\/@Pulso27\",\"https:\\\/\\\/www.tiktok.com\\\/@pulso_27\"]},{\"@type\":\"Person\",\"@id\":\"https:\\\/\\\/pulso27.com\\\/en\\\/#\\\/schema\\\/person\\\/e0da4cfacbab724cbf4ab44bcc030735\",\"name\":\"Editor\",\"image\":{\"@type\":\"ImageObject\",\"inLanguage\":\"en-US\",\"@id\":\"https:\\\/\\\/pulso27.com\\\/wp-content\\\/uploads\\\/2025\\\/03\\\/c-150x150.png\",\"url\":\"https:\\\/\\\/pulso27.com\\\/wp-content\\\/uploads\\\/2025\\\/03\\\/c-150x150.png\",\"contentUrl\":\"https:\\\/\\\/pulso27.com\\\/wp-content\\\/uploads\\\/2025\\\/03\\\/c-150x150.png\",\"caption\":\"Editor\"},\"sameAs\":[\"http:\\\/\\\/www.pulso27.com\",\"https:\\\/\\\/www.facebook.com\\\/pulso27\",\"https:\\\/\\\/x.com\\\/https:\\\/\\\/x.com\\\/Pulso_27\",\"https:\\\/\\\/www.youtube.com\\\/@Pulso27\"],\"url\":\"https:\\\/\\\/pulso27.com\\\/en\\\/author\\\/editor\\\/\"}]}<\/script>\n<!-- \/ Yoast SEO plugin. -->","yoast_head_json":{"title":"El norte de Per\u00fa se seca: la desesperada lucha por el agua en Piura, Lambayeque y Tumbes - Pulso27","robots":{"index":"index","follow":"follow","max-snippet":"max-snippet:-1","max-image-preview":"max-image-preview:large","max-video-preview":"max-video-preview:-1"},"canonical":"https:\/\/pulso27.com\/en\/regional\/el-norte-de-peru-se-seca-la-desesperada-lucha-por-el-agua-en-piura-lambayeque-y-tumbes\/","og_locale":"en_US","og_type":"article","og_title":"El norte de Per\u00fa se seca: la desesperada lucha por el agua en Piura, Lambayeque y Tumbes - Pulso27","og_description":"El norte del Per\u00fa enfrenta una de sus crisis h\u00eddricas m\u00e1s severas en a\u00f1os. En departamentos como Piura, Lambayeque y Tumbes, los ciudadanos se ven obligados a cavar huecos frente a sus casas en busca de agua, mientras autoridades y expertos llaman a la urgencia de \u00abrezar para que llueva\u00ab. Esta problem\u00e1tica ha dejado sin [&hellip;]","og_url":"https:\/\/pulso27.com\/en\/regional\/el-norte-de-peru-se-seca-la-desesperada-lucha-por-el-agua-en-piura-lambayeque-y-tumbes\/","og_site_name":"Pulso27","article_publisher":"https:\/\/www.facebook.com\/pulso27\/","article_author":"https:\/\/www.facebook.com\/pulso27","article_published_time":"2024-10-29T03:33:13+00:00","article_modified_time":"2024-10-29T03:52:22+00:00","og_image":[{"width":1200,"height":675,"url":"https:\/\/pulso27.com\/wp-content\/uploads\/2024\/10\/AguaNorte.png","type":"image\/png"}],"author":"Editor","twitter_card":"summary_large_image","twitter_creator":"@https:\/\/x.com\/Pulso_27","twitter_site":"@Pulso_27","twitter_misc":{"Written by":"Editor","Est. reading time":"7 minutes"},"schema":{"@context":"https:\/\/schema.org","@graph":[{"@type":"Article","@id":"https:\/\/pulso27.com\/regional\/el-norte-de-peru-se-seca-la-desesperada-lucha-por-el-agua-en-piura-lambayeque-y-tumbes\/#article","isPartOf":{"@id":"https:\/\/pulso27.com\/regional\/el-norte-de-peru-se-seca-la-desesperada-lucha-por-el-agua-en-piura-lambayeque-y-tumbes\/"},"author":{"name":"Editor","@id":"https:\/\/pulso27.com\/en\/#\/schema\/person\/e0da4cfacbab724cbf4ab44bcc030735"},"headline":"El norte de Per\u00fa se seca: la desesperada lucha por el agua en Piura, Lambayeque y Tumbes","datePublished":"2024-10-29T03:33:13+00:00","dateModified":"2024-10-29T03:52:22+00:00","mainEntityOfPage":{"@id":"https:\/\/pulso27.com\/regional\/el-norte-de-peru-se-seca-la-desesperada-lucha-por-el-agua-en-piura-lambayeque-y-tumbes\/"},"wordCount":1396,"commentCount":0,"publisher":{"@id":"https:\/\/pulso27.com\/en\/#organization"},"image":{"@id":"https:\/\/pulso27.com\/regional\/el-norte-de-peru-se-seca-la-desesperada-lucha-por-el-agua-en-piura-lambayeque-y-tumbes\/#primaryimage"},"thumbnailUrl":"https:\/\/pulso27.com\/wp-content\/uploads\/2024\/10\/AguaNorte.png","keywords":["CrisisH\u00eddrica","Lambayeque","Piura","Tumbes"],"articleSection":["Agricultura","Regional"],"inLanguage":"en-US","potentialAction":[{"@type":"CommentAction","name":"Comment","target":["https:\/\/pulso27.com\/regional\/el-norte-de-peru-se-seca-la-desesperada-lucha-por-el-agua-en-piura-lambayeque-y-tumbes\/#respond"]}]},{"@type":"WebPage","@id":"https:\/\/pulso27.com\/regional\/el-norte-de-peru-se-seca-la-desesperada-lucha-por-el-agua-en-piura-lambayeque-y-tumbes\/","url":"https:\/\/pulso27.com\/regional\/el-norte-de-peru-se-seca-la-desesperada-lucha-por-el-agua-en-piura-lambayeque-y-tumbes\/","name":"El norte de Per\u00fa se seca: la desesperada lucha por el agua en Piura, Lambayeque y Tumbes - Pulso27","isPartOf":{"@id":"https:\/\/pulso27.com\/en\/#website"},"primaryImageOfPage":{"@id":"https:\/\/pulso27.com\/regional\/el-norte-de-peru-se-seca-la-desesperada-lucha-por-el-agua-en-piura-lambayeque-y-tumbes\/#primaryimage"},"image":{"@id":"https:\/\/pulso27.com\/regional\/el-norte-de-peru-se-seca-la-desesperada-lucha-por-el-agua-en-piura-lambayeque-y-tumbes\/#primaryimage"},"thumbnailUrl":"https:\/\/pulso27.com\/wp-content\/uploads\/2024\/10\/AguaNorte.png","datePublished":"2024-10-29T03:33:13+00:00","dateModified":"2024-10-29T03:52:22+00:00","breadcrumb":{"@id":"https:\/\/pulso27.com\/regional\/el-norte-de-peru-se-seca-la-desesperada-lucha-por-el-agua-en-piura-lambayeque-y-tumbes\/#breadcrumb"},"inLanguage":"en-US","potentialAction":[{"@type":"ReadAction","target":["https:\/\/pulso27.com\/regional\/el-norte-de-peru-se-seca-la-desesperada-lucha-por-el-agua-en-piura-lambayeque-y-tumbes\/"]}]},{"@type":"ImageObject","inLanguage":"en-US","@id":"https:\/\/pulso27.com\/regional\/el-norte-de-peru-se-seca-la-desesperada-lucha-por-el-agua-en-piura-lambayeque-y-tumbes\/#primaryimage","url":"https:\/\/pulso27.com\/wp-content\/uploads\/2024\/10\/AguaNorte.png","contentUrl":"https:\/\/pulso27.com\/wp-content\/uploads\/2024\/10\/AguaNorte.png","width":1200,"height":675},{"@type":"BreadcrumbList","@id":"https:\/\/pulso27.com\/regional\/el-norte-de-peru-se-seca-la-desesperada-lucha-por-el-agua-en-piura-lambayeque-y-tumbes\/#breadcrumb","itemListElement":[{"@type":"ListItem","position":1,"name":"Portada","item":"https:\/\/pulso27.com\/"},{"@type":"ListItem","position":2,"name":"El norte de Per\u00fa se seca: la desesperada lucha por el agua en Piura, Lambayeque y Tumbes"}]},{"@type":"WebSite","@id":"https:\/\/pulso27.com\/en\/#website","url":"https:\/\/pulso27.com\/en\/","name":"Pulso27","description":"Web de noticias y publicidad","publisher":{"@id":"https:\/\/pulso27.com\/en\/#organization"},"alternateName":"El pulso del pueblo","potentialAction":[{"@type":"SearchAction","target":{"@type":"EntryPoint","urlTemplate":"https:\/\/pulso27.com\/en\/?s={search_term_string}"},"query-input":{"@type":"PropertyValueSpecification","valueRequired":true,"valueName":"search_term_string"}}],"inLanguage":"en-US"},{"@type":"Organization","@id":"https:\/\/pulso27.com\/en\/#organization","name":"Pulso27","url":"https:\/\/pulso27.com\/en\/","logo":{"@type":"ImageObject","inLanguage":"en-US","@id":"https:\/\/pulso27.com\/en\/#\/schema\/logo\/image\/","url":"https:\/\/pulso27.com\/wp-content\/uploads\/2026\/02\/Logotipo-de-la-organizacion-696-x-696-px-ok.png","contentUrl":"https:\/\/pulso27.com\/wp-content\/uploads\/2026\/02\/Logotipo-de-la-organizacion-696-x-696-px-ok.png","width":696,"height":696,"caption":"Pulso27"},"image":{"@id":"https:\/\/pulso27.com\/en\/#\/schema\/logo\/image\/"},"sameAs":["https:\/\/www.facebook.com\/pulso27\/","https:\/\/x.com\/Pulso_27","https:\/\/www.youtube.com\/@Pulso27","https:\/\/www.tiktok.com\/@pulso_27"]},{"@type":"Person","@id":"https:\/\/pulso27.com\/en\/#\/schema\/person\/e0da4cfacbab724cbf4ab44bcc030735","name":"Editor","image":{"@type":"ImageObject","inLanguage":"en-US","@id":"https:\/\/pulso27.com\/wp-content\/uploads\/2025\/03\/c-150x150.png","url":"https:\/\/pulso27.com\/wp-content\/uploads\/2025\/03\/c-150x150.png","contentUrl":"https:\/\/pulso27.com\/wp-content\/uploads\/2025\/03\/c-150x150.png","caption":"Editor"},"sameAs":["http:\/\/www.pulso27.com","https:\/\/www.facebook.com\/pulso27","https:\/\/x.com\/https:\/\/x.com\/Pulso_27","https:\/\/www.youtube.com\/@Pulso27"],"url":"https:\/\/pulso27.com\/en\/author\/editor\/"}]}},"amp_enabled":true,"_links":{"self":[{"href":"https:\/\/pulso27.com\/en\/wp-json\/wp\/v2\/posts\/2641","targetHints":{"allow":["GET"]}}],"collection":[{"href":"https:\/\/pulso27.com\/en\/wp-json\/wp\/v2\/posts"}],"about":[{"href":"https:\/\/pulso27.com\/en\/wp-json\/wp\/v2\/types\/post"}],"author":[{"embeddable":true,"href":"https:\/\/pulso27.com\/en\/wp-json\/wp\/v2\/users\/11"}],"replies":[{"embeddable":true,"href":"https:\/\/pulso27.com\/en\/wp-json\/wp\/v2\/comments?post=2641"}],"version-history":[{"count":3,"href":"https:\/\/pulso27.com\/en\/wp-json\/wp\/v2\/posts\/2641\/revisions"}],"predecessor-version":[{"id":2656,"href":"https:\/\/pulso27.com\/en\/wp-json\/wp\/v2\/posts\/2641\/revisions\/2656"}],"wp:featuredmedia":[{"embeddable":true,"href":"https:\/\/pulso27.com\/en\/wp-json\/wp\/v2\/media\/2649"}],"wp:attachment":[{"href":"https:\/\/pulso27.com\/en\/wp-json\/wp\/v2\/media?parent=2641"}],"wp:term":[{"taxonomy":"category","embeddable":true,"href":"https:\/\/pulso27.com\/en\/wp-json\/wp\/v2\/categories?post=2641"},{"taxonomy":"post_tag","embeddable":true,"href":"https:\/\/pulso27.com\/en\/wp-json\/wp\/v2\/tags?post=2641"}],"curies":[{"name":"wp","href":"https:\/\/api.w.org\/{rel}","templated":true}]}}