{"id":2657,"date":"2024-10-29T23:56:58","date_gmt":"2024-10-29T18:56:58","guid":{"rendered":"https:\/\/pulso27.com\/?p=2657"},"modified":"2024-10-29T23:57:03","modified_gmt":"2024-10-29T18:57:03","slug":"nuevos-miembros-de-la-junta-nacional-de-justicia-jnj","status":"publish","type":"post","link":"https:\/\/pulso27.com\/en\/nacional\/nuevos-miembros-de-la-junta-nacional-de-justicia-jnj\/","title":{"rendered":"Nuevos miembros de la Junta Nacional de Justicia (JNJ)"},"content":{"rendered":"<p>La Comisi\u00f3n Especial para la elecci\u00f3n de miembros de la Junta Nacional de Justicia (JNJ) de Per\u00fa public\u00f3 el cuadro de m\u00e9rito que establece a los siete titulares de la JNJ, as\u00ed como a los siete suplentes. De acuerdo con el comunicado, los seleccionados superaron las tres etapas, las cuales incluyen evaluaci\u00f3n de conocimiento, curricular y entrevistas.<\/p>\n\n\n\n<p>\u00ab<em>En cumplimiento a lo estipulado en los art\u00edculos 93\u00b0 y 94\u00b0 de la Ley N\u00b0 30916, Ley Org\u00e1nica de la Junta Nacional de Justicia, y habi\u00e9ndose superado los dos tercios del n\u00famero legal de miembros de la Comisi\u00f3n Especial, y en concordancia con las etapas de las evaluaciones debidamente publicadas, se da a conocer a la ciudadan\u00eda en general el cuadro de m\u00e9ritos que contiene los resultados finales obtenidos por los postulantes en cada etapa del concurso p\u00fablico<\/em>\u00ab, manifiesta el comunicado.<\/p>\n\n\n\n<p>Seg\u00fan dicha Comisi\u00f3n Especial, los nuevos miembros titulares de la JNJ son los siguientes: Gino Augusto Tomas R\u00edos Patio, Francisco Artemio T\u00e1vara C\u00f3rdova, Jaime Pedro De la Puente Parodi, Mar\u00eda Teresa Cabrera Vega, V\u00edctor Hugo Chanduv\u00ed Cornejo, Germ\u00e1n Alejandro Julio Serkovic Gonz\u00e1lez y Rafael Manuel Ru\u00edz Hidalgo. Asimismo, los miembros suplentes son: Cayo C\u00e9sar Galindo Sandoval, M\u00f3nica Roxana Rosell Medina, Iv\u00e1n Pedro Lino Guevara V\u00e1squez, Freddy Widmar Hern\u00e1ndez Rengifo, Roque Augusto Bravo Basald\u00faa, Iris Estela Pacheco Huancas y Jorge F\u00e9lix Balarezo Rengifo.<\/p>\n\n\n\n<figure class=\"wp-block-image size-large\"><img loading=\"lazy\" decoding=\"async\" width=\"1024\" height=\"576\" src=\"https:\/\/pulso27.com\/wp-content\/uploads\/2024\/10\/image-46-1024x576.png\" alt=\"\" class=\"wp-image-2660\" srcset=\"https:\/\/pulso27.com\/wp-content\/uploads\/2024\/10\/image-46-1024x576.png 1024w, https:\/\/pulso27.com\/wp-content\/uploads\/2024\/10\/image-46-300x169.png 300w, https:\/\/pulso27.com\/wp-content\/uploads\/2024\/10\/image-46-768x432.png 768w, https:\/\/pulso27.com\/wp-content\/uploads\/2024\/10\/image-46-18x10.png 18w, https:\/\/pulso27.com\/wp-content\/uploads\/2024\/10\/image-46.png 1200w\" sizes=\"auto, (max-width: 1024px) 100vw, 1024px\" \/><figcaption class=\"wp-element-caption\"><em>Los nuevos integrantes de la Junta Nacional de Justicia estar\u00eda juramentando el pr\u00f3ximo 30 de octubre del presente a\u00f1o<\/em><\/figcaption><\/figure>\n\n\n\n<p>El candidato N\u00b0 1 del cuadro de m\u00e9rito es Gino R\u00edos Patio, quien tiene el t\u00edtulo de Doctor en Derecho y Doctor en Educaci\u00f3n por la Universidad de San Mart\u00edn de Porres. Tiene m\u00e1s de 44 a\u00f1os de experiencia en investigaci\u00f3n y docencia criminol\u00f3gica y jur\u00eddica, as\u00ed como en gesti\u00f3n educativa en el \u00e1mbito jur\u00eddico.<\/p>\n\n\n\n<p>La cuestionada Comisi\u00f3n Especial que seleccion\u00f3 a los nuevos integrantes de la JNJ est\u00e1 conformada por los siguientes:<\/p>\n\n\n\n<ol class=\"wp-block-list\">\n<li>Defensor del Pueblo: Josu\u00e9 Manuel Guti\u00e9rrez C\u00f3ndor<\/li>\n\n\n\n<li>Presidente del Poder Judicial: Javier Ar\u00e9valo Vela<\/li>\n\n\n\n<li>Fiscal de la Naci\u00f3n: Juan Carlos Villena Campana<\/li>\n\n\n\n<li>Presidenta del Tribunal Constitucional: Luz Imelda Pacheco Zerga<\/li>\n\n\n\n<li>Contralor General de la Rep\u00fablica: C\u00e9sar Enrique Aguilar Surichaqui<\/li>\n\n\n\n<li>Rectora de la Universidad Nacional Mayor de San Marcos: Jeri Gloria Ram\u00f3n Ruffner, en representaci\u00f3n de los rectores de las universidades p\u00fablicas.<\/li>\n\n\n\n<li>Rector de la Universidad Ricardo Palma: Segundo F\u00e9lix Romero Revilla, en representaci\u00f3n de los rectores de las universidades privadas y entrevista.<\/li>\n<\/ol>\n\n\n\n<p>Los nuevos los nuevos miembros titulares de la JNJ jurar\u00e1n al cargo el mi\u00e9rcoles 30 de octubre de 2024 y asumir\u00e1n funciones el 2025.<\/p>","protected":false},"excerpt":{"rendered":"<p>La Comisi\u00f3n Especial para la elecci\u00f3n de miembros de la Junta Nacional de Justicia (JNJ) de Per\u00fa public\u00f3 el cuadro de m\u00e9rito que establece a los siete titulares de la JNJ, as\u00ed como a los siete suplentes. De acuerdo con el comunicado, los seleccionados superaron las tres etapas, las cuales incluyen evaluaci\u00f3n de conocimiento, curricular [&hellip;]<\/p>\n","protected":false},"author":7,"featured_media":2659,"comment_status":"open","ping_status":"open","sticky":false,"template":"","format":"standard","meta":{"footnotes":""},"categories":[183,174],"tags":[1882,1881,195,1880],"class_list":["post-2657","post","type-post","status-publish","format-standard","has-post-thumbnail","hentry","category-actualidad","category-nacional","tag-comisionespecial","tag-defensoriadelpueblo","tag-jnj","tag-nuevajnj"],"yoast_head":"<!-- This site is optimized with the Yoast SEO plugin v27.4 - https:\/\/yoast.com\/product\/yoast-seo-wordpress\/ -->\n<title>Nuevos miembros de la Junta Nacional de Justicia (JNJ) - Pulso27<\/title>\n<meta name=\"robots\" content=\"index, follow, max-snippet:-1, max-image-preview:large, max-video-preview:-1\" \/>\n<link rel=\"canonical\" href=\"https:\/\/pulso27.com\/en\/nacional\/nuevos-miembros-de-la-junta-nacional-de-justicia-jnj\/\" \/>\n<meta property=\"og:locale\" content=\"en_US\" \/>\n<meta property=\"og:type\" content=\"article\" \/>\n<meta property=\"og:title\" content=\"Nuevos miembros de la Junta Nacional de Justicia (JNJ) - Pulso27\" \/>\n<meta property=\"og:description\" content=\"La Comisi\u00f3n Especial para la elecci\u00f3n de miembros de la Junta Nacional de Justicia (JNJ) de Per\u00fa public\u00f3 el cuadro de m\u00e9rito que establece a los siete titulares de la JNJ, as\u00ed como a los siete suplentes. De acuerdo con el comunicado, los seleccionados superaron las tres etapas, las cuales incluyen evaluaci\u00f3n de conocimiento, curricular [&hellip;]\" \/>\n<meta property=\"og:url\" content=\"https:\/\/pulso27.com\/en\/nacional\/nuevos-miembros-de-la-junta-nacional-de-justicia-jnj\/\" \/>\n<meta property=\"og:site_name\" content=\"Pulso27\" \/>\n<meta property=\"article:publisher\" content=\"https:\/\/www.facebook.com\/pulso27\/\" \/>\n<meta property=\"article:published_time\" content=\"2024-10-29T18:56:58+00:00\" \/>\n<meta property=\"article:modified_time\" content=\"2024-10-29T18:57:03+00:00\" \/>\n<meta property=\"og:image\" content=\"https:\/\/pulso27.com\/wp-content\/uploads\/2024\/10\/JNJnuevo-1.png\" \/>\n\t<meta property=\"og:image:width\" content=\"1200\" \/>\n\t<meta property=\"og:image:height\" content=\"675\" \/>\n\t<meta property=\"og:image:type\" content=\"image\/png\" \/>\n<meta name=\"author\" content=\"Tupaq\" \/>\n<meta name=\"twitter:card\" content=\"summary_large_image\" \/>\n<meta name=\"twitter:creator\" content=\"@Pulso_27\" \/>\n<meta name=\"twitter:site\" content=\"@Pulso_27\" \/>\n<meta name=\"twitter:label1\" content=\"Written by\" \/>\n\t<meta name=\"twitter:data1\" content=\"Tupaq\" \/>\n\t<meta name=\"twitter:label2\" content=\"Est. reading time\" \/>\n\t<meta name=\"twitter:data2\" content=\"2 minutes\" \/>\n<script type=\"application\/ld+json\" class=\"yoast-schema-graph\">{\"@context\":\"https:\\\/\\\/schema.org\",\"@graph\":[{\"@type\":\"Article\",\"@id\":\"https:\\\/\\\/pulso27.com\\\/nacional\\\/nuevos-miembros-de-la-junta-nacional-de-justicia-jnj\\\/#article\",\"isPartOf\":{\"@id\":\"https:\\\/\\\/pulso27.com\\\/nacional\\\/nuevos-miembros-de-la-junta-nacional-de-justicia-jnj\\\/\"},\"author\":{\"name\":\"Tupaq\",\"@id\":\"https:\\\/\\\/pulso27.com\\\/en\\\/#\\\/schema\\\/person\\\/d20fd7f5bc7f2e53fd150d43fca07a78\"},\"headline\":\"Nuevos miembros de la Junta Nacional de Justicia (JNJ)\",\"datePublished\":\"2024-10-29T18:56:58+00:00\",\"dateModified\":\"2024-10-29T18:57:03+00:00\",\"mainEntityOfPage\":{\"@id\":\"https:\\\/\\\/pulso27.com\\\/nacional\\\/nuevos-miembros-de-la-junta-nacional-de-justicia-jnj\\\/\"},\"wordCount\":477,\"commentCount\":0,\"publisher\":{\"@id\":\"https:\\\/\\\/pulso27.com\\\/en\\\/#organization\"},\"image\":{\"@id\":\"https:\\\/\\\/pulso27.com\\\/nacional\\\/nuevos-miembros-de-la-junta-nacional-de-justicia-jnj\\\/#primaryimage\"},\"thumbnailUrl\":\"https:\\\/\\\/pulso27.com\\\/wp-content\\\/uploads\\\/2024\\\/10\\\/JNJnuevo-1.png\",\"keywords\":[\"Comisi\u00f3nEspecial\",\"Defensor\u00edaDelPueblo\",\"JNJ\",\"NuevaJNJ\"],\"articleSection\":[\"Actualidad\",\"Nacional\"],\"inLanguage\":\"en-US\",\"potentialAction\":[{\"@type\":\"CommentAction\",\"name\":\"Comment\",\"target\":[\"https:\\\/\\\/pulso27.com\\\/nacional\\\/nuevos-miembros-de-la-junta-nacional-de-justicia-jnj\\\/#respond\"]}]},{\"@type\":\"WebPage\",\"@id\":\"https:\\\/\\\/pulso27.com\\\/nacional\\\/nuevos-miembros-de-la-junta-nacional-de-justicia-jnj\\\/\",\"url\":\"https:\\\/\\\/pulso27.com\\\/nacional\\\/nuevos-miembros-de-la-junta-nacional-de-justicia-jnj\\\/\",\"name\":\"Nuevos miembros de la Junta Nacional de Justicia (JNJ) - Pulso27\",\"isPartOf\":{\"@id\":\"https:\\\/\\\/pulso27.com\\\/en\\\/#website\"},\"primaryImageOfPage\":{\"@id\":\"https:\\\/\\\/pulso27.com\\\/nacional\\\/nuevos-miembros-de-la-junta-nacional-de-justicia-jnj\\\/#primaryimage\"},\"image\":{\"@id\":\"https:\\\/\\\/pulso27.com\\\/nacional\\\/nuevos-miembros-de-la-junta-nacional-de-justicia-jnj\\\/#primaryimage\"},\"thumbnailUrl\":\"https:\\\/\\\/pulso27.com\\\/wp-content\\\/uploads\\\/2024\\\/10\\\/JNJnuevo-1.png\",\"datePublished\":\"2024-10-29T18:56:58+00:00\",\"dateModified\":\"2024-10-29T18:57:03+00:00\",\"breadcrumb\":{\"@id\":\"https:\\\/\\\/pulso27.com\\\/nacional\\\/nuevos-miembros-de-la-junta-nacional-de-justicia-jnj\\\/#breadcrumb\"},\"inLanguage\":\"en-US\",\"potentialAction\":[{\"@type\":\"ReadAction\",\"target\":[\"https:\\\/\\\/pulso27.com\\\/nacional\\\/nuevos-miembros-de-la-junta-nacional-de-justicia-jnj\\\/\"]}]},{\"@type\":\"ImageObject\",\"inLanguage\":\"en-US\",\"@id\":\"https:\\\/\\\/pulso27.com\\\/nacional\\\/nuevos-miembros-de-la-junta-nacional-de-justicia-jnj\\\/#primaryimage\",\"url\":\"https:\\\/\\\/pulso27.com\\\/wp-content\\\/uploads\\\/2024\\\/10\\\/JNJnuevo-1.png\",\"contentUrl\":\"https:\\\/\\\/pulso27.com\\\/wp-content\\\/uploads\\\/2024\\\/10\\\/JNJnuevo-1.png\",\"width\":1200,\"height\":675},{\"@type\":\"BreadcrumbList\",\"@id\":\"https:\\\/\\\/pulso27.com\\\/nacional\\\/nuevos-miembros-de-la-junta-nacional-de-justicia-jnj\\\/#breadcrumb\",\"itemListElement\":[{\"@type\":\"ListItem\",\"position\":1,\"name\":\"Portada\",\"item\":\"https:\\\/\\\/pulso27.com\\\/\"},{\"@type\":\"ListItem\",\"position\":2,\"name\":\"Nuevos miembros de la Junta Nacional de Justicia (JNJ)\"}]},{\"@type\":\"WebSite\",\"@id\":\"https:\\\/\\\/pulso27.com\\\/en\\\/#website\",\"url\":\"https:\\\/\\\/pulso27.com\\\/en\\\/\",\"name\":\"Pulso27\",\"description\":\"Web de noticias y publicidad\",\"publisher\":{\"@id\":\"https:\\\/\\\/pulso27.com\\\/en\\\/#organization\"},\"alternateName\":\"El pulso del pueblo\",\"potentialAction\":[{\"@type\":\"SearchAction\",\"target\":{\"@type\":\"EntryPoint\",\"urlTemplate\":\"https:\\\/\\\/pulso27.com\\\/en\\\/?s={search_term_string}\"},\"query-input\":{\"@type\":\"PropertyValueSpecification\",\"valueRequired\":true,\"valueName\":\"search_term_string\"}}],\"inLanguage\":\"en-US\"},{\"@type\":\"Organization\",\"@id\":\"https:\\\/\\\/pulso27.com\\\/en\\\/#organization\",\"name\":\"Pulso27\",\"url\":\"https:\\\/\\\/pulso27.com\\\/en\\\/\",\"logo\":{\"@type\":\"ImageObject\",\"inLanguage\":\"en-US\",\"@id\":\"https:\\\/\\\/pulso27.com\\\/en\\\/#\\\/schema\\\/logo\\\/image\\\/\",\"url\":\"https:\\\/\\\/pulso27.com\\\/wp-content\\\/uploads\\\/2026\\\/02\\\/Logotipo-de-la-organizacion-696-x-696-px-ok.png\",\"contentUrl\":\"https:\\\/\\\/pulso27.com\\\/wp-content\\\/uploads\\\/2026\\\/02\\\/Logotipo-de-la-organizacion-696-x-696-px-ok.png\",\"width\":696,\"height\":696,\"caption\":\"Pulso27\"},\"image\":{\"@id\":\"https:\\\/\\\/pulso27.com\\\/en\\\/#\\\/schema\\\/logo\\\/image\\\/\"},\"sameAs\":[\"https:\\\/\\\/www.facebook.com\\\/pulso27\\\/\",\"https:\\\/\\\/x.com\\\/Pulso_27\",\"https:\\\/\\\/www.youtube.com\\\/@Pulso27\",\"https:\\\/\\\/www.tiktok.com\\\/@pulso_27\"]},{\"@type\":\"Person\",\"@id\":\"https:\\\/\\\/pulso27.com\\\/en\\\/#\\\/schema\\\/person\\\/d20fd7f5bc7f2e53fd150d43fca07a78\",\"name\":\"Tupaq\",\"image\":{\"@type\":\"ImageObject\",\"inLanguage\":\"en-US\",\"@id\":\"https:\\\/\\\/secure.gravatar.com\\\/avatar\\\/7929e9b034aeea560319a601e4f04c59eb5f45a79eafe192adabb67e9604e7e7?s=96&d=mm&r=g\",\"url\":\"https:\\\/\\\/secure.gravatar.com\\\/avatar\\\/7929e9b034aeea560319a601e4f04c59eb5f45a79eafe192adabb67e9604e7e7?s=96&d=mm&r=g\",\"contentUrl\":\"https:\\\/\\\/secure.gravatar.com\\\/avatar\\\/7929e9b034aeea560319a601e4f04c59eb5f45a79eafe192adabb67e9604e7e7?s=96&d=mm&r=g\",\"caption\":\"Tupaq\"},\"url\":\"https:\\\/\\\/pulso27.com\\\/en\\\/author\\\/tupaq\\\/\"}]}<\/script>\n<!-- \/ Yoast SEO plugin. -->","yoast_head_json":{"title":"Nuevos miembros de la Junta Nacional de Justicia (JNJ) - Pulso27","robots":{"index":"index","follow":"follow","max-snippet":"max-snippet:-1","max-image-preview":"max-image-preview:large","max-video-preview":"max-video-preview:-1"},"canonical":"https:\/\/pulso27.com\/en\/nacional\/nuevos-miembros-de-la-junta-nacional-de-justicia-jnj\/","og_locale":"en_US","og_type":"article","og_title":"Nuevos miembros de la Junta Nacional de Justicia (JNJ) - Pulso27","og_description":"La Comisi\u00f3n Especial para la elecci\u00f3n de miembros de la Junta Nacional de Justicia (JNJ) de Per\u00fa public\u00f3 el cuadro de m\u00e9rito que establece a los siete titulares de la JNJ, as\u00ed como a los siete suplentes. De acuerdo con el comunicado, los seleccionados superaron las tres etapas, las cuales incluyen evaluaci\u00f3n de conocimiento, curricular [&hellip;]","og_url":"https:\/\/pulso27.com\/en\/nacional\/nuevos-miembros-de-la-junta-nacional-de-justicia-jnj\/","og_site_name":"Pulso27","article_publisher":"https:\/\/www.facebook.com\/pulso27\/","article_published_time":"2024-10-29T18:56:58+00:00","article_modified_time":"2024-10-29T18:57:03+00:00","og_image":[{"width":1200,"height":675,"url":"https:\/\/pulso27.com\/wp-content\/uploads\/2024\/10\/JNJnuevo-1.png","type":"image\/png"}],"author":"Tupaq","twitter_card":"summary_large_image","twitter_creator":"@Pulso_27","twitter_site":"@Pulso_27","twitter_misc":{"Written by":"Tupaq","Est. reading time":"2 minutes"},"schema":{"@context":"https:\/\/schema.org","@graph":[{"@type":"Article","@id":"https:\/\/pulso27.com\/nacional\/nuevos-miembros-de-la-junta-nacional-de-justicia-jnj\/#article","isPartOf":{"@id":"https:\/\/pulso27.com\/nacional\/nuevos-miembros-de-la-junta-nacional-de-justicia-jnj\/"},"author":{"name":"Tupaq","@id":"https:\/\/pulso27.com\/en\/#\/schema\/person\/d20fd7f5bc7f2e53fd150d43fca07a78"},"headline":"Nuevos miembros de la Junta Nacional de Justicia (JNJ)","datePublished":"2024-10-29T18:56:58+00:00","dateModified":"2024-10-29T18:57:03+00:00","mainEntityOfPage":{"@id":"https:\/\/pulso27.com\/nacional\/nuevos-miembros-de-la-junta-nacional-de-justicia-jnj\/"},"wordCount":477,"commentCount":0,"publisher":{"@id":"https:\/\/pulso27.com\/en\/#organization"},"image":{"@id":"https:\/\/pulso27.com\/nacional\/nuevos-miembros-de-la-junta-nacional-de-justicia-jnj\/#primaryimage"},"thumbnailUrl":"https:\/\/pulso27.com\/wp-content\/uploads\/2024\/10\/JNJnuevo-1.png","keywords":["Comisi\u00f3nEspecial","Defensor\u00edaDelPueblo","JNJ","NuevaJNJ"],"articleSection":["Actualidad","Nacional"],"inLanguage":"en-US","potentialAction":[{"@type":"CommentAction","name":"Comment","target":["https:\/\/pulso27.com\/nacional\/nuevos-miembros-de-la-junta-nacional-de-justicia-jnj\/#respond"]}]},{"@type":"WebPage","@id":"https:\/\/pulso27.com\/nacional\/nuevos-miembros-de-la-junta-nacional-de-justicia-jnj\/","url":"https:\/\/pulso27.com\/nacional\/nuevos-miembros-de-la-junta-nacional-de-justicia-jnj\/","name":"Nuevos miembros de la Junta Nacional de Justicia (JNJ) - Pulso27","isPartOf":{"@id":"https:\/\/pulso27.com\/en\/#website"},"primaryImageOfPage":{"@id":"https:\/\/pulso27.com\/nacional\/nuevos-miembros-de-la-junta-nacional-de-justicia-jnj\/#primaryimage"},"image":{"@id":"https:\/\/pulso27.com\/nacional\/nuevos-miembros-de-la-junta-nacional-de-justicia-jnj\/#primaryimage"},"thumbnailUrl":"https:\/\/pulso27.com\/wp-content\/uploads\/2024\/10\/JNJnuevo-1.png","datePublished":"2024-10-29T18:56:58+00:00","dateModified":"2024-10-29T18:57:03+00:00","breadcrumb":{"@id":"https:\/\/pulso27.com\/nacional\/nuevos-miembros-de-la-junta-nacional-de-justicia-jnj\/#breadcrumb"},"inLanguage":"en-US","potentialAction":[{"@type":"ReadAction","target":["https:\/\/pulso27.com\/nacional\/nuevos-miembros-de-la-junta-nacional-de-justicia-jnj\/"]}]},{"@type":"ImageObject","inLanguage":"en-US","@id":"https:\/\/pulso27.com\/nacional\/nuevos-miembros-de-la-junta-nacional-de-justicia-jnj\/#primaryimage","url":"https:\/\/pulso27.com\/wp-content\/uploads\/2024\/10\/JNJnuevo-1.png","contentUrl":"https:\/\/pulso27.com\/wp-content\/uploads\/2024\/10\/JNJnuevo-1.png","width":1200,"height":675},{"@type":"BreadcrumbList","@id":"https:\/\/pulso27.com\/nacional\/nuevos-miembros-de-la-junta-nacional-de-justicia-jnj\/#breadcrumb","itemListElement":[{"@type":"ListItem","position":1,"name":"Portada","item":"https:\/\/pulso27.com\/"},{"@type":"ListItem","position":2,"name":"Nuevos miembros de la Junta Nacional de Justicia (JNJ)"}]},{"@type":"WebSite","@id":"https:\/\/pulso27.com\/en\/#website","url":"https:\/\/pulso27.com\/en\/","name":"Pulso27","description":"Web de noticias y publicidad","publisher":{"@id":"https:\/\/pulso27.com\/en\/#organization"},"alternateName":"El pulso del pueblo","potentialAction":[{"@type":"SearchAction","target":{"@type":"EntryPoint","urlTemplate":"https:\/\/pulso27.com\/en\/?s={search_term_string}"},"query-input":{"@type":"PropertyValueSpecification","valueRequired":true,"valueName":"search_term_string"}}],"inLanguage":"en-US"},{"@type":"Organization","@id":"https:\/\/pulso27.com\/en\/#organization","name":"Pulso27","url":"https:\/\/pulso27.com\/en\/","logo":{"@type":"ImageObject","inLanguage":"en-US","@id":"https:\/\/pulso27.com\/en\/#\/schema\/logo\/image\/","url":"https:\/\/pulso27.com\/wp-content\/uploads\/2026\/02\/Logotipo-de-la-organizacion-696-x-696-px-ok.png","contentUrl":"https:\/\/pulso27.com\/wp-content\/uploads\/2026\/02\/Logotipo-de-la-organizacion-696-x-696-px-ok.png","width":696,"height":696,"caption":"Pulso27"},"image":{"@id":"https:\/\/pulso27.com\/en\/#\/schema\/logo\/image\/"},"sameAs":["https:\/\/www.facebook.com\/pulso27\/","https:\/\/x.com\/Pulso_27","https:\/\/www.youtube.com\/@Pulso27","https:\/\/www.tiktok.com\/@pulso_27"]},{"@type":"Person","@id":"https:\/\/pulso27.com\/en\/#\/schema\/person\/d20fd7f5bc7f2e53fd150d43fca07a78","name":"Tupaq","image":{"@type":"ImageObject","inLanguage":"en-US","@id":"https:\/\/secure.gravatar.com\/avatar\/7929e9b034aeea560319a601e4f04c59eb5f45a79eafe192adabb67e9604e7e7?s=96&d=mm&r=g","url":"https:\/\/secure.gravatar.com\/avatar\/7929e9b034aeea560319a601e4f04c59eb5f45a79eafe192adabb67e9604e7e7?s=96&d=mm&r=g","contentUrl":"https:\/\/secure.gravatar.com\/avatar\/7929e9b034aeea560319a601e4f04c59eb5f45a79eafe192adabb67e9604e7e7?s=96&d=mm&r=g","caption":"Tupaq"},"url":"https:\/\/pulso27.com\/en\/author\/tupaq\/"}]}},"amp_enabled":true,"_links":{"self":[{"href":"https:\/\/pulso27.com\/en\/wp-json\/wp\/v2\/posts\/2657","targetHints":{"allow":["GET"]}}],"collection":[{"href":"https:\/\/pulso27.com\/en\/wp-json\/wp\/v2\/posts"}],"about":[{"href":"https:\/\/pulso27.com\/en\/wp-json\/wp\/v2\/types\/post"}],"author":[{"embeddable":true,"href":"https:\/\/pulso27.com\/en\/wp-json\/wp\/v2\/users\/7"}],"replies":[{"embeddable":true,"href":"https:\/\/pulso27.com\/en\/wp-json\/wp\/v2\/comments?post=2657"}],"version-history":[{"count":3,"href":"https:\/\/pulso27.com\/en\/wp-json\/wp\/v2\/posts\/2657\/revisions"}],"predecessor-version":[{"id":2667,"href":"https:\/\/pulso27.com\/en\/wp-json\/wp\/v2\/posts\/2657\/revisions\/2667"}],"wp:featuredmedia":[{"embeddable":true,"href":"https:\/\/pulso27.com\/en\/wp-json\/wp\/v2\/media\/2659"}],"wp:attachment":[{"href":"https:\/\/pulso27.com\/en\/wp-json\/wp\/v2\/media?parent=2657"}],"wp:term":[{"taxonomy":"category","embeddable":true,"href":"https:\/\/pulso27.com\/en\/wp-json\/wp\/v2\/categories?post=2657"},{"taxonomy":"post_tag","embeddable":true,"href":"https:\/\/pulso27.com\/en\/wp-json\/wp\/v2\/tags?post=2657"}],"curies":[{"name":"wp","href":"https:\/\/api.w.org\/{rel}","templated":true}]}}