{"id":2852,"date":"2024-11-04T03:04:49","date_gmt":"2024-11-03T22:04:49","guid":{"rendered":"https:\/\/pulso27.com\/?p=2852"},"modified":"2024-11-06T03:05:45","modified_gmt":"2024-11-05T22:05:45","slug":"levantamiento-de-tupac-amaru-ii-la-llama-eterna-de-la-rebelion-indigena","status":"publish","type":"post","link":"https:\/\/pulso27.com\/en\/actualidad\/politica\/levantamiento-de-tupac-amaru-ii-la-llama-eterna-de-la-rebelion-indigena\/","title":{"rendered":"Levantamiento de T\u00fapac Amaru II: La Llama Eterna de la Rebeli\u00f3n Ind\u00edgena"},"content":{"rendered":"<p>Hace 244 a\u00f1os, un grito de justicia y libertad estremeci\u00f3 los Andes peruanos y se expandi\u00f3 por toda Am\u00e9rica Latina. El 4 de noviembre de 1780, Jos\u00e9 Gabriel Condorcanqui, m\u00e1s conocido como T\u00fapac Amaru II, inici\u00f3 la mayor rebeli\u00f3n anticolonial del siglo XVIII, una insurrecci\u00f3n que encendi\u00f3 la llama de la resistencia contra el dominio espa\u00f1ol y marc\u00f3 un antes y un despu\u00e9s en la historia del continente. La gesta heroica de este l\u00edder ind\u00edgena, descendiente de la nobleza inca, sigue resonando en cada rinc\u00f3n del Per\u00fa y m\u00e1s all\u00e1, como s\u00edmbolo de la lucha contra la opresi\u00f3n.<\/p>\n\n\n\n<figure class=\"wp-block-image size-full\"><img loading=\"lazy\" decoding=\"async\" width=\"760\" height=\"507\" src=\"https:\/\/pulso27.com\/wp-content\/uploads\/2024\/11\/image-13.png\" alt=\"\" class=\"wp-image-2858\" srcset=\"https:\/\/pulso27.com\/wp-content\/uploads\/2024\/11\/image-13.png 760w, https:\/\/pulso27.com\/wp-content\/uploads\/2024\/11\/image-13-300x200.png 300w, https:\/\/pulso27.com\/wp-content\/uploads\/2024\/11\/image-13-18x12.png 18w\" sizes=\"auto, (max-width: 760px) 100vw, 760px\" \/><figcaption class=\"wp-element-caption\">Micaela Bastidas, la compa\u00f1era inseparable de Tupac Amaru II<\/figcaption><\/figure>\n\n\n\n<p>La rebeli\u00f3n de T\u00fapac Amaru II comenz\u00f3 con un acto de justicia que ha quedado grabado en la memoria colectiva de los peruanos: la captura y posterior ejecuci\u00f3n de Antonio Arriaga, el corregidor de Tinta, el funcionario colonial que simbolizaba los abusos y excesos del r\u00e9gimen espa\u00f1ol. En el distrito de Tinta, donde los ecos de esa justicia siguen vivos, cada 4 de noviembre se lleva a cabo una emotiva escenificaci\u00f3n que recuerda ese primer acto de rebeld\u00eda. En la hist\u00f3rica plaza del distrito, actores locales, incluyendo trabajadores de la municipalidad y estudiantes, recrean la captura y juicio popular de Arriaga, reviviendo la valent\u00eda y determinaci\u00f3n de T\u00fapac Amaru II.<\/p>\n\n\n\n<p>La rebeli\u00f3n, sin embargo, no fue solo una cuesti\u00f3n de justicia local. Desde el Cusco hasta el Alto Per\u00fa, T\u00fapac Amaru y su esposa, Micaela Bastidas, convocaron a miles de ind\u00edgenas y mestizos a unirse en la lucha por la libertad. Con firmeza y una visi\u00f3n transformadora, Bastidas no solo apoy\u00f3 la causa de su esposo, sino que asumi\u00f3 roles estrat\u00e9gicos, liderando acciones y organizando la log\u00edstica necesaria para sostener el movimiento. Los abusos en las mitas mineras, los impuestos excesivos y las pr\u00e1cticas de explotaci\u00f3n hab\u00edan agobiado a la poblaci\u00f3n ind\u00edgena por demasiado tiempo, y la insurgencia de T\u00fapac Amaru buscaba cambiar el curso de la historia. La rebeli\u00f3n r\u00e1pidamente cobr\u00f3 fuerza, logrando importantes victorias en lugares como Ayaviri y Sangarar\u00e1, donde derrotaron a las fuerzas realistas y demostraron la capacidad de los pueblos ind\u00edgenas para desafiar al poder virreinal.<\/p>\n\n\n\n<figure class=\"wp-block-image size-large\"><img loading=\"lazy\" decoding=\"async\" width=\"1024\" height=\"683\" src=\"https:\/\/pulso27.com\/wp-content\/uploads\/2024\/11\/image-11-1024x683.png\" alt=\"\" class=\"wp-image-2855\" srcset=\"https:\/\/pulso27.com\/wp-content\/uploads\/2024\/11\/image-11-1024x683.png 1024w, https:\/\/pulso27.com\/wp-content\/uploads\/2024\/11\/image-11-300x200.png 300w, https:\/\/pulso27.com\/wp-content\/uploads\/2024\/11\/image-11-768x512.png 768w, https:\/\/pulso27.com\/wp-content\/uploads\/2024\/11\/image-11-18x12.png 18w, https:\/\/pulso27.com\/wp-content\/uploads\/2024\/11\/image-11.png 1080w\" sizes=\"auto, (max-width: 1024px) 100vw, 1024px\" \/><figcaption class=\"wp-element-caption\"><em>Escenificaci\u00f3n de la captura y ejecuci\u00f3n de Tupac Amaru II<\/em><\/figcaption><\/figure>\n\n\n\n<p>Las autoridades coloniales no tardaron en responder. El virrey Agust\u00edn de J\u00e1uregui, desde Lima, envi\u00f3 un ej\u00e9rcito de casi 20 mil hombres para sofocar el levantamiento. En un ambiente de lucha desigual, los rebeldes fueron resistiendo hasta que las fuerzas realistas, en superioridad num\u00e9rica y armament\u00edstica, lograron imponerse. T\u00fapac Amaru II y su familia fueron capturados tras una traici\u00f3n y sometidos a torturas inimaginables.<\/p>\n\n\n\n<p>El brutal final lleg\u00f3 el 18 de mayo de 1781, en la Plaza Mayor del Cusco. T\u00fapac Amaru fue forzado a presenciar la ejecuci\u00f3n de su esposa, Micaela Bastidas, y de sus hijos, antes de enfrentarse a su propio destino. Desmembrado y decapitado, el cuerpo del l\u00edder fue enviado en partes a distintos puntos del virreinato como una advertencia de la Corona espa\u00f1ola. Sin embargo, lejos de callar su mensaje, su sacrificio reson\u00f3 con mayor fuerza en los corazones de los oprimidos. La c\u00e9lebre frase \u201cVolver\u00e9 y ser\u00e9 millones\u201d no solo expresa su indomable esp\u00edritu, sino tambi\u00e9n el eco de la resistencia que se extender\u00eda hasta las futuras luchas de independencia en Am\u00e9rica.<\/p>\n\n\n\n<figure class=\"wp-block-image size-large\"><img loading=\"lazy\" decoding=\"async\" width=\"1024\" height=\"703\" src=\"https:\/\/pulso27.com\/wp-content\/uploads\/2024\/11\/image-12-1024x703.png\" alt=\"\" class=\"wp-image-2857\" srcset=\"https:\/\/pulso27.com\/wp-content\/uploads\/2024\/11\/image-12-1024x703.png 1024w, https:\/\/pulso27.com\/wp-content\/uploads\/2024\/11\/image-12-300x206.png 300w, https:\/\/pulso27.com\/wp-content\/uploads\/2024\/11\/image-12-768x527.png 768w, https:\/\/pulso27.com\/wp-content\/uploads\/2024\/11\/image-12-1536x1054.png 1536w, https:\/\/pulso27.com\/wp-content\/uploads\/2024\/11\/image-12-18x12.png 18w, https:\/\/pulso27.com\/wp-content\/uploads\/2024\/11\/image-12.png 2048w\" sizes=\"auto, (max-width: 1024px) 100vw, 1024px\" \/><figcaption class=\"wp-element-caption\"><em>Escenificaciones no faltaron en las municipalidades del departamento de Cusco<\/em><\/figcaption><\/figure>\n\n\n\n<p>Las celebraciones del 4 de noviembre de este a\u00f1o no solo recordaron el inicio de la rebeli\u00f3n, sino que tambi\u00e9n pusieron en valor su legado. La congresista Margot Palacios Huam\u00e1n, en su pronunciamiento por el aniversario de esta gesta, destac\u00f3 a T\u00fapac Amaru como un s\u00edmbolo eterno de resistencia y dignidad. La Universidad Nacional de San Antonio Abad del Cusco (UNSAAC), el Gobierno Regional de Cusco, las municipalidades provinciales y distritales, as\u00ed como otras instituciones y organizaciones pol\u00edticas y sociales se sumaron a los actos conmemorativos, reafirmando la relevancia de su memoria en la lucha por la justicia social y la dignidad de los pueblos originarios.<\/p>\n\n\n<div class=\"wp-block-image\">\n<figure class=\"alignleft size-full is-resized\"><img loading=\"lazy\" decoding=\"async\" width=\"526\" height=\"526\" src=\"https:\/\/pulso27.com\/wp-content\/uploads\/2024\/11\/image-9.png\" alt=\"\" class=\"wp-image-2853\" style=\"width:415px;height:auto\" srcset=\"https:\/\/pulso27.com\/wp-content\/uploads\/2024\/11\/image-9.png 526w, https:\/\/pulso27.com\/wp-content\/uploads\/2024\/11\/image-9-300x300.png 300w, https:\/\/pulso27.com\/wp-content\/uploads\/2024\/11\/image-9-150x150.png 150w, https:\/\/pulso27.com\/wp-content\/uploads\/2024\/11\/image-9-12x12.png 12w, https:\/\/pulso27.com\/wp-content\/uploads\/2024\/11\/image-9-80x80.png 80w\" sizes=\"auto, (max-width: 526px) 100vw, 526px\" \/><figcaption class=\"wp-element-caption\"><em>Frase c\u00e9lebre de Tupac Amaru II antes de morir<\/em><\/figcaption><\/figure><\/div>\n\n\n<p>La rebeli\u00f3n de T\u00fapac Amaru II, aunque sofocada violentamente, marc\u00f3 el principio del fin del dominio espa\u00f1ol. Su lucha inspir\u00f3 movimientos y figuras posteriores, como la Federaci\u00f3n Agraria Revolucionaria Tupac Amaru del Cusco (FARTAC), que a sus 51 a\u00f1os de existencia contin\u00faa defendiendo los derechos de las comunidades campesinas. En una Am\u00e9rica que sigue luchando contra las injusticias sociales, el legado de T\u00fapac Amaru sigue siendo un llamado a la resistencia y a la defensa de la dignidad de los pueblos.<\/p>\n\n\n\n<p>A casi 250 a\u00f1os de su gesta, la historia de T\u00fapac Amaru II sigue viva. Su sacrificio y el de su familia no solo son recordados en el Per\u00fa, sino que se han convertido en un s\u00edmbolo de la resistencia ind\u00edgena a nivel continental.<\/p>","protected":false},"excerpt":{"rendered":"<p>Hace 244 a\u00f1os, un grito de justicia y libertad estremeci\u00f3 los Andes peruanos y se expandi\u00f3 por toda Am\u00e9rica Latina. El 4 de noviembre de 1780, Jos\u00e9 Gabriel Condorcanqui, m\u00e1s conocido como T\u00fapac Amaru II, inici\u00f3 la mayor rebeli\u00f3n anticolonial del siglo XVIII, una insurrecci\u00f3n que encendi\u00f3 la llama de la resistencia contra el dominio [&hellip;]<\/p>\n","protected":false},"author":8,"featured_media":2856,"comment_status":"open","ping_status":"open","sticky":false,"template":"","format":"standard","meta":{"footnotes":""},"categories":[392,180],"tags":[1910,1909,1907,1908],"class_list":["post-2852","post","type-post","status-publish","format-standard","has-post-thumbnail","hentry","category-cronica","category-politica","tag-colonia","tag-imperioinka","tag-rebeliondetupacamaru","tag-tupacamaruii"],"yoast_head":"<!-- This site is optimized with the Yoast SEO plugin v27.4 - https:\/\/yoast.com\/product\/yoast-seo-wordpress\/ -->\n<title>Levantamiento de T\u00fapac Amaru II: La Llama Eterna de la Rebeli\u00f3n Ind\u00edgena - Pulso27<\/title>\n<meta name=\"robots\" content=\"index, follow, max-snippet:-1, max-image-preview:large, max-video-preview:-1\" \/>\n<link rel=\"canonical\" href=\"https:\/\/pulso27.com\/en\/actualidad\/politica\/levantamiento-de-tupac-amaru-ii-la-llama-eterna-de-la-rebelion-indigena\/\" \/>\n<meta property=\"og:locale\" content=\"en_US\" \/>\n<meta property=\"og:type\" content=\"article\" \/>\n<meta property=\"og:title\" content=\"Levantamiento de T\u00fapac Amaru II: La Llama Eterna de la Rebeli\u00f3n Ind\u00edgena - Pulso27\" \/>\n<meta property=\"og:description\" content=\"Hace 244 a\u00f1os, un grito de justicia y libertad estremeci\u00f3 los Andes peruanos y se expandi\u00f3 por toda Am\u00e9rica Latina. El 4 de noviembre de 1780, Jos\u00e9 Gabriel Condorcanqui, m\u00e1s conocido como T\u00fapac Amaru II, inici\u00f3 la mayor rebeli\u00f3n anticolonial del siglo XVIII, una insurrecci\u00f3n que encendi\u00f3 la llama de la resistencia contra el dominio [&hellip;]\" \/>\n<meta property=\"og:url\" content=\"https:\/\/pulso27.com\/en\/actualidad\/politica\/levantamiento-de-tupac-amaru-ii-la-llama-eterna-de-la-rebelion-indigena\/\" \/>\n<meta property=\"og:site_name\" content=\"Pulso27\" \/>\n<meta property=\"article:publisher\" content=\"https:\/\/www.facebook.com\/pulso27\/\" \/>\n<meta property=\"article:published_time\" content=\"2024-11-03T22:04:49+00:00\" \/>\n<meta property=\"article:modified_time\" content=\"2024-11-05T22:05:45+00:00\" \/>\n<meta property=\"og:image\" content=\"https:\/\/pulso27.com\/wp-content\/uploads\/2024\/11\/TupacAmaru.png\" \/>\n\t<meta property=\"og:image:width\" content=\"1200\" \/>\n\t<meta property=\"og:image:height\" content=\"675\" \/>\n\t<meta property=\"og:image:type\" content=\"image\/png\" \/>\n<meta name=\"author\" content=\"Maga\" \/>\n<meta name=\"twitter:card\" content=\"summary_large_image\" \/>\n<meta name=\"twitter:creator\" content=\"@Pulso_27\" \/>\n<meta name=\"twitter:site\" content=\"@Pulso_27\" \/>\n<meta name=\"twitter:label1\" content=\"Written by\" \/>\n\t<meta name=\"twitter:data1\" content=\"Maga\" \/>\n\t<meta name=\"twitter:label2\" content=\"Est. reading time\" \/>\n\t<meta name=\"twitter:data2\" content=\"4 minutes\" \/>\n<script type=\"application\/ld+json\" class=\"yoast-schema-graph\">{\"@context\":\"https:\\\/\\\/schema.org\",\"@graph\":[{\"@type\":\"Article\",\"@id\":\"https:\\\/\\\/pulso27.com\\\/actualidad\\\/politica\\\/levantamiento-de-tupac-amaru-ii-la-llama-eterna-de-la-rebelion-indigena\\\/#article\",\"isPartOf\":{\"@id\":\"https:\\\/\\\/pulso27.com\\\/actualidad\\\/politica\\\/levantamiento-de-tupac-amaru-ii-la-llama-eterna-de-la-rebelion-indigena\\\/\"},\"author\":{\"name\":\"Maga\",\"@id\":\"https:\\\/\\\/pulso27.com\\\/en\\\/#\\\/schema\\\/person\\\/92f5059eb04cb644a32d22c9bc998684\"},\"headline\":\"Levantamiento de T\u00fapac Amaru II: La Llama Eterna de la Rebeli\u00f3n Ind\u00edgena\",\"datePublished\":\"2024-11-03T22:04:49+00:00\",\"dateModified\":\"2024-11-05T22:05:45+00:00\",\"mainEntityOfPage\":{\"@id\":\"https:\\\/\\\/pulso27.com\\\/actualidad\\\/politica\\\/levantamiento-de-tupac-amaru-ii-la-llama-eterna-de-la-rebelion-indigena\\\/\"},\"wordCount\":880,\"commentCount\":0,\"publisher\":{\"@id\":\"https:\\\/\\\/pulso27.com\\\/en\\\/#organization\"},\"image\":{\"@id\":\"https:\\\/\\\/pulso27.com\\\/actualidad\\\/politica\\\/levantamiento-de-tupac-amaru-ii-la-llama-eterna-de-la-rebelion-indigena\\\/#primaryimage\"},\"thumbnailUrl\":\"https:\\\/\\\/pulso27.com\\\/wp-content\\\/uploads\\\/2024\\\/11\\\/TupacAmaru.png\",\"keywords\":[\"Colonia\",\"ImperioInka\",\"Rebeli\u00f3nDeTupacAmaru\",\"TupacAmaruII\"],\"articleSection\":[\"Cr\u00f3nica\",\"Pol\u00edtica\"],\"inLanguage\":\"en-US\",\"potentialAction\":[{\"@type\":\"CommentAction\",\"name\":\"Comment\",\"target\":[\"https:\\\/\\\/pulso27.com\\\/actualidad\\\/politica\\\/levantamiento-de-tupac-amaru-ii-la-llama-eterna-de-la-rebelion-indigena\\\/#respond\"]}]},{\"@type\":\"WebPage\",\"@id\":\"https:\\\/\\\/pulso27.com\\\/actualidad\\\/politica\\\/levantamiento-de-tupac-amaru-ii-la-llama-eterna-de-la-rebelion-indigena\\\/\",\"url\":\"https:\\\/\\\/pulso27.com\\\/actualidad\\\/politica\\\/levantamiento-de-tupac-amaru-ii-la-llama-eterna-de-la-rebelion-indigena\\\/\",\"name\":\"Levantamiento de T\u00fapac Amaru II: La Llama Eterna de la Rebeli\u00f3n Ind\u00edgena - Pulso27\",\"isPartOf\":{\"@id\":\"https:\\\/\\\/pulso27.com\\\/en\\\/#website\"},\"primaryImageOfPage\":{\"@id\":\"https:\\\/\\\/pulso27.com\\\/actualidad\\\/politica\\\/levantamiento-de-tupac-amaru-ii-la-llama-eterna-de-la-rebelion-indigena\\\/#primaryimage\"},\"image\":{\"@id\":\"https:\\\/\\\/pulso27.com\\\/actualidad\\\/politica\\\/levantamiento-de-tupac-amaru-ii-la-llama-eterna-de-la-rebelion-indigena\\\/#primaryimage\"},\"thumbnailUrl\":\"https:\\\/\\\/pulso27.com\\\/wp-content\\\/uploads\\\/2024\\\/11\\\/TupacAmaru.png\",\"datePublished\":\"2024-11-03T22:04:49+00:00\",\"dateModified\":\"2024-11-05T22:05:45+00:00\",\"breadcrumb\":{\"@id\":\"https:\\\/\\\/pulso27.com\\\/actualidad\\\/politica\\\/levantamiento-de-tupac-amaru-ii-la-llama-eterna-de-la-rebelion-indigena\\\/#breadcrumb\"},\"inLanguage\":\"en-US\",\"potentialAction\":[{\"@type\":\"ReadAction\",\"target\":[\"https:\\\/\\\/pulso27.com\\\/actualidad\\\/politica\\\/levantamiento-de-tupac-amaru-ii-la-llama-eterna-de-la-rebelion-indigena\\\/\"]}]},{\"@type\":\"ImageObject\",\"inLanguage\":\"en-US\",\"@id\":\"https:\\\/\\\/pulso27.com\\\/actualidad\\\/politica\\\/levantamiento-de-tupac-amaru-ii-la-llama-eterna-de-la-rebelion-indigena\\\/#primaryimage\",\"url\":\"https:\\\/\\\/pulso27.com\\\/wp-content\\\/uploads\\\/2024\\\/11\\\/TupacAmaru.png\",\"contentUrl\":\"https:\\\/\\\/pulso27.com\\\/wp-content\\\/uploads\\\/2024\\\/11\\\/TupacAmaru.png\",\"width\":1200,\"height\":675},{\"@type\":\"BreadcrumbList\",\"@id\":\"https:\\\/\\\/pulso27.com\\\/actualidad\\\/politica\\\/levantamiento-de-tupac-amaru-ii-la-llama-eterna-de-la-rebelion-indigena\\\/#breadcrumb\",\"itemListElement\":[{\"@type\":\"ListItem\",\"position\":1,\"name\":\"Portada\",\"item\":\"https:\\\/\\\/pulso27.com\\\/\"},{\"@type\":\"ListItem\",\"position\":2,\"name\":\"Levantamiento de T\u00fapac Amaru II: La Llama Eterna de la Rebeli\u00f3n Ind\u00edgena\"}]},{\"@type\":\"WebSite\",\"@id\":\"https:\\\/\\\/pulso27.com\\\/en\\\/#website\",\"url\":\"https:\\\/\\\/pulso27.com\\\/en\\\/\",\"name\":\"Pulso27\",\"description\":\"Web de noticias y publicidad\",\"publisher\":{\"@id\":\"https:\\\/\\\/pulso27.com\\\/en\\\/#organization\"},\"alternateName\":\"El pulso del pueblo\",\"potentialAction\":[{\"@type\":\"SearchAction\",\"target\":{\"@type\":\"EntryPoint\",\"urlTemplate\":\"https:\\\/\\\/pulso27.com\\\/en\\\/?s={search_term_string}\"},\"query-input\":{\"@type\":\"PropertyValueSpecification\",\"valueRequired\":true,\"valueName\":\"search_term_string\"}}],\"inLanguage\":\"en-US\"},{\"@type\":\"Organization\",\"@id\":\"https:\\\/\\\/pulso27.com\\\/en\\\/#organization\",\"name\":\"Pulso27\",\"url\":\"https:\\\/\\\/pulso27.com\\\/en\\\/\",\"logo\":{\"@type\":\"ImageObject\",\"inLanguage\":\"en-US\",\"@id\":\"https:\\\/\\\/pulso27.com\\\/en\\\/#\\\/schema\\\/logo\\\/image\\\/\",\"url\":\"https:\\\/\\\/pulso27.com\\\/wp-content\\\/uploads\\\/2026\\\/02\\\/Logotipo-de-la-organizacion-696-x-696-px-ok.png\",\"contentUrl\":\"https:\\\/\\\/pulso27.com\\\/wp-content\\\/uploads\\\/2026\\\/02\\\/Logotipo-de-la-organizacion-696-x-696-px-ok.png\",\"width\":696,\"height\":696,\"caption\":\"Pulso27\"},\"image\":{\"@id\":\"https:\\\/\\\/pulso27.com\\\/en\\\/#\\\/schema\\\/logo\\\/image\\\/\"},\"sameAs\":[\"https:\\\/\\\/www.facebook.com\\\/pulso27\\\/\",\"https:\\\/\\\/x.com\\\/Pulso_27\",\"https:\\\/\\\/www.youtube.com\\\/@Pulso27\",\"https:\\\/\\\/www.tiktok.com\\\/@pulso_27\"]},{\"@type\":\"Person\",\"@id\":\"https:\\\/\\\/pulso27.com\\\/en\\\/#\\\/schema\\\/person\\\/92f5059eb04cb644a32d22c9bc998684\",\"name\":\"Maga\",\"image\":{\"@type\":\"ImageObject\",\"inLanguage\":\"en-US\",\"@id\":\"https:\\\/\\\/secure.gravatar.com\\\/avatar\\\/c4d5224d4227e7c057cd5793ba910425cc902f3aef97cda3eccc7acba8be2edc?s=96&d=mm&r=g\",\"url\":\"https:\\\/\\\/secure.gravatar.com\\\/avatar\\\/c4d5224d4227e7c057cd5793ba910425cc902f3aef97cda3eccc7acba8be2edc?s=96&d=mm&r=g\",\"contentUrl\":\"https:\\\/\\\/secure.gravatar.com\\\/avatar\\\/c4d5224d4227e7c057cd5793ba910425cc902f3aef97cda3eccc7acba8be2edc?s=96&d=mm&r=g\",\"caption\":\"Maga\"},\"sameAs\":[\"http:\\\/\\\/www.pulso27.com\"],\"url\":\"https:\\\/\\\/pulso27.com\\\/en\\\/author\\\/maga\\\/\"}]}<\/script>\n<!-- \/ Yoast SEO plugin. -->","yoast_head_json":{"title":"Levantamiento de T\u00fapac Amaru II: La Llama Eterna de la Rebeli\u00f3n Ind\u00edgena - Pulso27","robots":{"index":"index","follow":"follow","max-snippet":"max-snippet:-1","max-image-preview":"max-image-preview:large","max-video-preview":"max-video-preview:-1"},"canonical":"https:\/\/pulso27.com\/en\/actualidad\/politica\/levantamiento-de-tupac-amaru-ii-la-llama-eterna-de-la-rebelion-indigena\/","og_locale":"en_US","og_type":"article","og_title":"Levantamiento de T\u00fapac Amaru II: La Llama Eterna de la Rebeli\u00f3n Ind\u00edgena - Pulso27","og_description":"Hace 244 a\u00f1os, un grito de justicia y libertad estremeci\u00f3 los Andes peruanos y se expandi\u00f3 por toda Am\u00e9rica Latina. El 4 de noviembre de 1780, Jos\u00e9 Gabriel Condorcanqui, m\u00e1s conocido como T\u00fapac Amaru II, inici\u00f3 la mayor rebeli\u00f3n anticolonial del siglo XVIII, una insurrecci\u00f3n que encendi\u00f3 la llama de la resistencia contra el dominio [&hellip;]","og_url":"https:\/\/pulso27.com\/en\/actualidad\/politica\/levantamiento-de-tupac-amaru-ii-la-llama-eterna-de-la-rebelion-indigena\/","og_site_name":"Pulso27","article_publisher":"https:\/\/www.facebook.com\/pulso27\/","article_published_time":"2024-11-03T22:04:49+00:00","article_modified_time":"2024-11-05T22:05:45+00:00","og_image":[{"width":1200,"height":675,"url":"https:\/\/pulso27.com\/wp-content\/uploads\/2024\/11\/TupacAmaru.png","type":"image\/png"}],"author":"Maga","twitter_card":"summary_large_image","twitter_creator":"@Pulso_27","twitter_site":"@Pulso_27","twitter_misc":{"Written by":"Maga","Est. reading time":"4 minutes"},"schema":{"@context":"https:\/\/schema.org","@graph":[{"@type":"Article","@id":"https:\/\/pulso27.com\/actualidad\/politica\/levantamiento-de-tupac-amaru-ii-la-llama-eterna-de-la-rebelion-indigena\/#article","isPartOf":{"@id":"https:\/\/pulso27.com\/actualidad\/politica\/levantamiento-de-tupac-amaru-ii-la-llama-eterna-de-la-rebelion-indigena\/"},"author":{"name":"Maga","@id":"https:\/\/pulso27.com\/en\/#\/schema\/person\/92f5059eb04cb644a32d22c9bc998684"},"headline":"Levantamiento de T\u00fapac Amaru II: La Llama Eterna de la Rebeli\u00f3n Ind\u00edgena","datePublished":"2024-11-03T22:04:49+00:00","dateModified":"2024-11-05T22:05:45+00:00","mainEntityOfPage":{"@id":"https:\/\/pulso27.com\/actualidad\/politica\/levantamiento-de-tupac-amaru-ii-la-llama-eterna-de-la-rebelion-indigena\/"},"wordCount":880,"commentCount":0,"publisher":{"@id":"https:\/\/pulso27.com\/en\/#organization"},"image":{"@id":"https:\/\/pulso27.com\/actualidad\/politica\/levantamiento-de-tupac-amaru-ii-la-llama-eterna-de-la-rebelion-indigena\/#primaryimage"},"thumbnailUrl":"https:\/\/pulso27.com\/wp-content\/uploads\/2024\/11\/TupacAmaru.png","keywords":["Colonia","ImperioInka","Rebeli\u00f3nDeTupacAmaru","TupacAmaruII"],"articleSection":["Cr\u00f3nica","Pol\u00edtica"],"inLanguage":"en-US","potentialAction":[{"@type":"CommentAction","name":"Comment","target":["https:\/\/pulso27.com\/actualidad\/politica\/levantamiento-de-tupac-amaru-ii-la-llama-eterna-de-la-rebelion-indigena\/#respond"]}]},{"@type":"WebPage","@id":"https:\/\/pulso27.com\/actualidad\/politica\/levantamiento-de-tupac-amaru-ii-la-llama-eterna-de-la-rebelion-indigena\/","url":"https:\/\/pulso27.com\/actualidad\/politica\/levantamiento-de-tupac-amaru-ii-la-llama-eterna-de-la-rebelion-indigena\/","name":"Levantamiento de T\u00fapac Amaru II: La Llama Eterna de la Rebeli\u00f3n Ind\u00edgena - Pulso27","isPartOf":{"@id":"https:\/\/pulso27.com\/en\/#website"},"primaryImageOfPage":{"@id":"https:\/\/pulso27.com\/actualidad\/politica\/levantamiento-de-tupac-amaru-ii-la-llama-eterna-de-la-rebelion-indigena\/#primaryimage"},"image":{"@id":"https:\/\/pulso27.com\/actualidad\/politica\/levantamiento-de-tupac-amaru-ii-la-llama-eterna-de-la-rebelion-indigena\/#primaryimage"},"thumbnailUrl":"https:\/\/pulso27.com\/wp-content\/uploads\/2024\/11\/TupacAmaru.png","datePublished":"2024-11-03T22:04:49+00:00","dateModified":"2024-11-05T22:05:45+00:00","breadcrumb":{"@id":"https:\/\/pulso27.com\/actualidad\/politica\/levantamiento-de-tupac-amaru-ii-la-llama-eterna-de-la-rebelion-indigena\/#breadcrumb"},"inLanguage":"en-US","potentialAction":[{"@type":"ReadAction","target":["https:\/\/pulso27.com\/actualidad\/politica\/levantamiento-de-tupac-amaru-ii-la-llama-eterna-de-la-rebelion-indigena\/"]}]},{"@type":"ImageObject","inLanguage":"en-US","@id":"https:\/\/pulso27.com\/actualidad\/politica\/levantamiento-de-tupac-amaru-ii-la-llama-eterna-de-la-rebelion-indigena\/#primaryimage","url":"https:\/\/pulso27.com\/wp-content\/uploads\/2024\/11\/TupacAmaru.png","contentUrl":"https:\/\/pulso27.com\/wp-content\/uploads\/2024\/11\/TupacAmaru.png","width":1200,"height":675},{"@type":"BreadcrumbList","@id":"https:\/\/pulso27.com\/actualidad\/politica\/levantamiento-de-tupac-amaru-ii-la-llama-eterna-de-la-rebelion-indigena\/#breadcrumb","itemListElement":[{"@type":"ListItem","position":1,"name":"Portada","item":"https:\/\/pulso27.com\/"},{"@type":"ListItem","position":2,"name":"Levantamiento de T\u00fapac Amaru II: La Llama Eterna de la Rebeli\u00f3n Ind\u00edgena"}]},{"@type":"WebSite","@id":"https:\/\/pulso27.com\/en\/#website","url":"https:\/\/pulso27.com\/en\/","name":"Pulso27","description":"Web de noticias y publicidad","publisher":{"@id":"https:\/\/pulso27.com\/en\/#organization"},"alternateName":"El pulso del pueblo","potentialAction":[{"@type":"SearchAction","target":{"@type":"EntryPoint","urlTemplate":"https:\/\/pulso27.com\/en\/?s={search_term_string}"},"query-input":{"@type":"PropertyValueSpecification","valueRequired":true,"valueName":"search_term_string"}}],"inLanguage":"en-US"},{"@type":"Organization","@id":"https:\/\/pulso27.com\/en\/#organization","name":"Pulso27","url":"https:\/\/pulso27.com\/en\/","logo":{"@type":"ImageObject","inLanguage":"en-US","@id":"https:\/\/pulso27.com\/en\/#\/schema\/logo\/image\/","url":"https:\/\/pulso27.com\/wp-content\/uploads\/2026\/02\/Logotipo-de-la-organizacion-696-x-696-px-ok.png","contentUrl":"https:\/\/pulso27.com\/wp-content\/uploads\/2026\/02\/Logotipo-de-la-organizacion-696-x-696-px-ok.png","width":696,"height":696,"caption":"Pulso27"},"image":{"@id":"https:\/\/pulso27.com\/en\/#\/schema\/logo\/image\/"},"sameAs":["https:\/\/www.facebook.com\/pulso27\/","https:\/\/x.com\/Pulso_27","https:\/\/www.youtube.com\/@Pulso27","https:\/\/www.tiktok.com\/@pulso_27"]},{"@type":"Person","@id":"https:\/\/pulso27.com\/en\/#\/schema\/person\/92f5059eb04cb644a32d22c9bc998684","name":"Maga","image":{"@type":"ImageObject","inLanguage":"en-US","@id":"https:\/\/secure.gravatar.com\/avatar\/c4d5224d4227e7c057cd5793ba910425cc902f3aef97cda3eccc7acba8be2edc?s=96&d=mm&r=g","url":"https:\/\/secure.gravatar.com\/avatar\/c4d5224d4227e7c057cd5793ba910425cc902f3aef97cda3eccc7acba8be2edc?s=96&d=mm&r=g","contentUrl":"https:\/\/secure.gravatar.com\/avatar\/c4d5224d4227e7c057cd5793ba910425cc902f3aef97cda3eccc7acba8be2edc?s=96&d=mm&r=g","caption":"Maga"},"sameAs":["http:\/\/www.pulso27.com"],"url":"https:\/\/pulso27.com\/en\/author\/maga\/"}]}},"amp_enabled":true,"_links":{"self":[{"href":"https:\/\/pulso27.com\/en\/wp-json\/wp\/v2\/posts\/2852","targetHints":{"allow":["GET"]}}],"collection":[{"href":"https:\/\/pulso27.com\/en\/wp-json\/wp\/v2\/posts"}],"about":[{"href":"https:\/\/pulso27.com\/en\/wp-json\/wp\/v2\/types\/post"}],"author":[{"embeddable":true,"href":"https:\/\/pulso27.com\/en\/wp-json\/wp\/v2\/users\/8"}],"replies":[{"embeddable":true,"href":"https:\/\/pulso27.com\/en\/wp-json\/wp\/v2\/comments?post=2852"}],"version-history":[{"count":1,"href":"https:\/\/pulso27.com\/en\/wp-json\/wp\/v2\/posts\/2852\/revisions"}],"predecessor-version":[{"id":2859,"href":"https:\/\/pulso27.com\/en\/wp-json\/wp\/v2\/posts\/2852\/revisions\/2859"}],"wp:featuredmedia":[{"embeddable":true,"href":"https:\/\/pulso27.com\/en\/wp-json\/wp\/v2\/media\/2856"}],"wp:attachment":[{"href":"https:\/\/pulso27.com\/en\/wp-json\/wp\/v2\/media?parent=2852"}],"wp:term":[{"taxonomy":"category","embeddable":true,"href":"https:\/\/pulso27.com\/en\/wp-json\/wp\/v2\/categories?post=2852"},{"taxonomy":"post_tag","embeddable":true,"href":"https:\/\/pulso27.com\/en\/wp-json\/wp\/v2\/tags?post=2852"}],"curies":[{"name":"wp","href":"https:\/\/api.w.org\/{rel}","templated":true}]}}