{"id":2863,"date":"2024-11-07T02:52:11","date_gmt":"2024-11-06T21:52:11","guid":{"rendered":"https:\/\/pulso27.com\/?p=2863"},"modified":"2024-11-07T02:58:28","modified_gmt":"2024-11-06T21:58:28","slug":"consejo-directivo-del-congreso-apoya-ilegal-expulsion-de-peru-libre-contra-la-congresista-margot-palacios","status":"publish","type":"post","link":"https:\/\/pulso27.com\/en\/actualidad\/politica\/consejo-directivo-del-congreso-apoya-ilegal-expulsion-de-peru-libre-contra-la-congresista-margot-palacios\/","title":{"rendered":"Consejo Directivo del Congreso apoya ilegal expulsi\u00f3n de Per\u00fa Libre contra la congresista Margot Palacios"},"content":{"rendered":"<p>Los aliados Fuerza Popular y Per\u00fa Libre habr\u00edan sufrido una contundente derrota en la \u00faltima reuni\u00f3n del Consejo Directivo del Congreso de la Rep\u00fablica, al conseguir apenas 13 votos a favor de los 29 en total, para mantener la irregular expulsi\u00f3n de la congresista Margot Palacios de Per\u00fa Libre, evidenci\u00e1ndose el rechazo mayoritario de los parlamentarios al intento de convalidar la inconstitucional separaci\u00f3n de la parlamentaria.<\/p>\n\n\n\n<p>Esta votaci\u00f3n evidenciar\u00eda el aislamiento pol\u00edtico de ambas bancadas en el Consejo Directivo y el fracaso de su estrategia conjunta, porque no habr\u00edan logrado convencer al resto de los congresistas de las dem\u00e1s fuerzas pol\u00edticas sobre la legitimidad de sus acciones contra la parlamentaria Palacios.<\/p>\n\n\n\n<p>En la sesi\u00f3n especial del Consejo Directivo expusieron los fundamentos de la apelaci\u00f3n contra el irregular informe elaborado por el congresista Alejandro Cavero, que pretende validar la ilegal expulsi\u00f3n de la congresista Palacios por la bancada de Per\u00fa Libre, por lo que, 29 congresistas no apoyaron la consigna detestable de los aliados FP y PL.<\/p>\n\n\n\n<p>Como se recuerda, la mencionada congresista present\u00f3 su renuncia el 31 de mayo de 2024, amparada constitucionalmente como un acto de libertad individual protegida por los art\u00edculos 2\u00b0 y 93\u00b0 de la Constituci\u00f3n Pol\u00edtica del Per\u00fa vigente. Pero el grupo parlamentario Per\u00fa Libre, contraviniendo estos derechos fundamentales, habr\u00eda fabricado una expulsi\u00f3n basada en un acta falsificada, con firmas irregulares, incluyendo una digitalizaci\u00f3n de la firma del congresista Flavio Cruz cuando \u00e9l se encontraba fuera de la ciudad de Lima.<\/p>\n\n\n\n<figure class=\"wp-block-image size-large\"><img loading=\"lazy\" decoding=\"async\" width=\"1024\" height=\"581\" src=\"https:\/\/pulso27.com\/wp-content\/uploads\/2024\/11\/vOTO-1024x581.png\" alt=\"\" class=\"wp-image-2867\" srcset=\"https:\/\/pulso27.com\/wp-content\/uploads\/2024\/11\/vOTO-1024x581.png 1024w, https:\/\/pulso27.com\/wp-content\/uploads\/2024\/11\/vOTO-300x170.png 300w, https:\/\/pulso27.com\/wp-content\/uploads\/2024\/11\/vOTO-768x435.png 768w, https:\/\/pulso27.com\/wp-content\/uploads\/2024\/11\/vOTO-18x10.png 18w, https:\/\/pulso27.com\/wp-content\/uploads\/2024\/11\/vOTO.png 1030w\" sizes=\"auto, (max-width: 1024px) 100vw, 1024px\" \/><figcaption class=\"wp-element-caption\"><em>Los 13 congresistas que votaron para impedir el ejercicio de sus derechos de la congresista Margot Palacios<\/em><\/figcaption><\/figure>\n\n\n\n<p>Esta acci\u00f3n p\u00fablica del grupo fuji-cerronista, ser\u00eda un intento desesperado por mantener el control pol\u00edtico interno recurriendo a las viejas pr\u00e1cticas antidemocr\u00e1ticas propias de la derecha oligop\u00f3lica, para impedir el libre ejercicio congresal de Margot Palacios, que obviamente les es inc\u00f3modo. Porque es evidente que su renuncia a la bancada de Per\u00fa Libre, respond\u00eda a principios \u00e9ticos, al observar c\u00f3mo Per\u00fa Libre traicionaba cada vez m\u00e1s las expectativas del pueblo peruano en alianza con Fuerza Popular, proponiendo y respaldando proyectos de ley contrarias al inter\u00e9s nacional, como la Ley 32108, que viene provocado fuertes protestas y hasta paros nacionales, como las que ocurrir\u00e1n los d\u00edas 13, 14 y 15 de noviembre del presente.<\/p>\n\n\n\n<p>Por otra parte, los funcionarios de Oficial\u00eda Mayor del Congreso, en contubernio con los dirigentes de Per\u00fa Libre, se habr\u00edan negado a tramitar la renuncia presentada por la congresista hace m\u00e1s de cinco meses, obstaculizando su derecho constitucional a integrarse a otra bancada. Esta obstrucci\u00f3n no solo afecta sus derechos como congresista sino tambi\u00e9n la representaci\u00f3n efectiva del departamento y la de sus electores que la eligieron.<\/p>\n\n\n\n<p>El fracaso del intento de Per\u00fa Libre por convalidar esta agresi\u00f3n en contra de Margot Palacios, demuestra que la verdad y la justicia prevalecen. Los principios democr\u00e1ticos y el derecho constitucional que garantizan la libertad de conciencia, est\u00e1n por encima del mandato imperativo de una casta pol\u00edtica sometida a intereses particulares.<\/p>\n\n\n\n<p>Luego de conocer los resultados de la votaci\u00f3n de los integrantes del Consejo Directivo del Congreso, la congresista Margot Palacios se pronunci\u00f3 \u00abMi compromiso con la ciudadan\u00eda se mantiene firme, y continuar\u00e9 ejerciendo mi labor parlamentaria con la independencia y el criterio que el cargo demanda, defendiendo los verdaderos intereses del pueblo peruano\u00bb, se\u00f1al\u00f3.<\/p>","protected":false},"excerpt":{"rendered":"<p>Los aliados Fuerza Popular y Per\u00fa Libre habr\u00edan sufrido una contundente derrota en la \u00faltima reuni\u00f3n del Consejo Directivo del Congreso de la Rep\u00fablica, al conseguir apenas 13 votos a favor de los 29 en total, para mantener la irregular expulsi\u00f3n de la congresista Margot Palacios de Per\u00fa Libre, evidenci\u00e1ndose el rechazo mayoritario de los [&hellip;]<\/p>\n","protected":false},"author":7,"featured_media":2872,"comment_status":"open","ping_status":"open","sticky":false,"template":"","format":"standard","meta":{"footnotes":""},"categories":[180],"tags":[1912,1911,1263,443],"class_list":["post-2863","post","type-post","status-publish","format-standard","has-post-thumbnail","hentry","category-politica","tag-fuerzapopular","tag-fujicerronismo","tag-margotpalacios","tag-perulibre"],"yoast_head":"<!-- This site is optimized with the Yoast SEO plugin v27.4 - https:\/\/yoast.com\/product\/yoast-seo-wordpress\/ -->\n<title>Consejo Directivo del Congreso apoya ilegal expulsi\u00f3n de Per\u00fa Libre contra la congresista Margot Palacios - Pulso27<\/title>\n<meta name=\"robots\" content=\"index, follow, max-snippet:-1, max-image-preview:large, max-video-preview:-1\" \/>\n<link rel=\"canonical\" href=\"https:\/\/pulso27.com\/en\/actualidad\/politica\/consejo-directivo-del-congreso-apoya-ilegal-expulsion-de-peru-libre-contra-la-congresista-margot-palacios\/\" \/>\n<meta property=\"og:locale\" content=\"en_US\" \/>\n<meta property=\"og:type\" content=\"article\" \/>\n<meta property=\"og:title\" content=\"Consejo Directivo del Congreso apoya ilegal expulsi\u00f3n de Per\u00fa Libre contra la congresista Margot Palacios - Pulso27\" \/>\n<meta property=\"og:description\" content=\"Los aliados Fuerza Popular y Per\u00fa Libre habr\u00edan sufrido una contundente derrota en la \u00faltima reuni\u00f3n del Consejo Directivo del Congreso de la Rep\u00fablica, al conseguir apenas 13 votos a favor de los 29 en total, para mantener la irregular expulsi\u00f3n de la congresista Margot Palacios de Per\u00fa Libre, evidenci\u00e1ndose el rechazo mayoritario de los [&hellip;]\" \/>\n<meta property=\"og:url\" content=\"https:\/\/pulso27.com\/en\/actualidad\/politica\/consejo-directivo-del-congreso-apoya-ilegal-expulsion-de-peru-libre-contra-la-congresista-margot-palacios\/\" \/>\n<meta property=\"og:site_name\" content=\"Pulso27\" \/>\n<meta property=\"article:publisher\" content=\"https:\/\/www.facebook.com\/pulso27\/\" \/>\n<meta property=\"article:published_time\" content=\"2024-11-06T21:52:11+00:00\" \/>\n<meta property=\"article:modified_time\" content=\"2024-11-06T21:58:28+00:00\" \/>\n<meta property=\"og:image\" content=\"https:\/\/pulso27.com\/wp-content\/uploads\/2024\/11\/Margoss.png\" \/>\n\t<meta property=\"og:image:width\" content=\"1200\" \/>\n\t<meta property=\"og:image:height\" content=\"675\" \/>\n\t<meta property=\"og:image:type\" content=\"image\/png\" \/>\n<meta name=\"author\" content=\"Tupaq\" \/>\n<meta name=\"twitter:card\" content=\"summary_large_image\" \/>\n<meta name=\"twitter:creator\" content=\"@Pulso_27\" \/>\n<meta name=\"twitter:site\" content=\"@Pulso_27\" \/>\n<meta name=\"twitter:label1\" content=\"Written by\" \/>\n\t<meta name=\"twitter:data1\" content=\"Tupaq\" \/>\n\t<meta name=\"twitter:label2\" content=\"Est. reading time\" \/>\n\t<meta name=\"twitter:data2\" content=\"3 minutes\" \/>\n<script type=\"application\/ld+json\" class=\"yoast-schema-graph\">{\"@context\":\"https:\\\/\\\/schema.org\",\"@graph\":[{\"@type\":\"Article\",\"@id\":\"https:\\\/\\\/pulso27.com\\\/actualidad\\\/politica\\\/consejo-directivo-del-congreso-apoya-ilegal-expulsion-de-peru-libre-contra-la-congresista-margot-palacios\\\/#article\",\"isPartOf\":{\"@id\":\"https:\\\/\\\/pulso27.com\\\/actualidad\\\/politica\\\/consejo-directivo-del-congreso-apoya-ilegal-expulsion-de-peru-libre-contra-la-congresista-margot-palacios\\\/\"},\"author\":{\"name\":\"Tupaq\",\"@id\":\"https:\\\/\\\/pulso27.com\\\/en\\\/#\\\/schema\\\/person\\\/d20fd7f5bc7f2e53fd150d43fca07a78\"},\"headline\":\"Consejo Directivo del Congreso apoya ilegal expulsi\u00f3n de Per\u00fa Libre contra la congresista Margot Palacios\",\"datePublished\":\"2024-11-06T21:52:11+00:00\",\"dateModified\":\"2024-11-06T21:58:28+00:00\",\"mainEntityOfPage\":{\"@id\":\"https:\\\/\\\/pulso27.com\\\/actualidad\\\/politica\\\/consejo-directivo-del-congreso-apoya-ilegal-expulsion-de-peru-libre-contra-la-congresista-margot-palacios\\\/\"},\"wordCount\":599,\"commentCount\":0,\"publisher\":{\"@id\":\"https:\\\/\\\/pulso27.com\\\/en\\\/#organization\"},\"image\":{\"@id\":\"https:\\\/\\\/pulso27.com\\\/actualidad\\\/politica\\\/consejo-directivo-del-congreso-apoya-ilegal-expulsion-de-peru-libre-contra-la-congresista-margot-palacios\\\/#primaryimage\"},\"thumbnailUrl\":\"https:\\\/\\\/pulso27.com\\\/wp-content\\\/uploads\\\/2024\\\/11\\\/Margoss.png\",\"keywords\":[\"FuerzaPopular\",\"Fujicerronismo\",\"MargotPalacios\",\"Per\u00faLibre\"],\"articleSection\":[\"Pol\u00edtica\"],\"inLanguage\":\"en-US\",\"potentialAction\":[{\"@type\":\"CommentAction\",\"name\":\"Comment\",\"target\":[\"https:\\\/\\\/pulso27.com\\\/actualidad\\\/politica\\\/consejo-directivo-del-congreso-apoya-ilegal-expulsion-de-peru-libre-contra-la-congresista-margot-palacios\\\/#respond\"]}]},{\"@type\":\"WebPage\",\"@id\":\"https:\\\/\\\/pulso27.com\\\/actualidad\\\/politica\\\/consejo-directivo-del-congreso-apoya-ilegal-expulsion-de-peru-libre-contra-la-congresista-margot-palacios\\\/\",\"url\":\"https:\\\/\\\/pulso27.com\\\/actualidad\\\/politica\\\/consejo-directivo-del-congreso-apoya-ilegal-expulsion-de-peru-libre-contra-la-congresista-margot-palacios\\\/\",\"name\":\"Consejo Directivo del Congreso apoya ilegal expulsi\u00f3n de Per\u00fa Libre contra la congresista Margot Palacios - Pulso27\",\"isPartOf\":{\"@id\":\"https:\\\/\\\/pulso27.com\\\/en\\\/#website\"},\"primaryImageOfPage\":{\"@id\":\"https:\\\/\\\/pulso27.com\\\/actualidad\\\/politica\\\/consejo-directivo-del-congreso-apoya-ilegal-expulsion-de-peru-libre-contra-la-congresista-margot-palacios\\\/#primaryimage\"},\"image\":{\"@id\":\"https:\\\/\\\/pulso27.com\\\/actualidad\\\/politica\\\/consejo-directivo-del-congreso-apoya-ilegal-expulsion-de-peru-libre-contra-la-congresista-margot-palacios\\\/#primaryimage\"},\"thumbnailUrl\":\"https:\\\/\\\/pulso27.com\\\/wp-content\\\/uploads\\\/2024\\\/11\\\/Margoss.png\",\"datePublished\":\"2024-11-06T21:52:11+00:00\",\"dateModified\":\"2024-11-06T21:58:28+00:00\",\"breadcrumb\":{\"@id\":\"https:\\\/\\\/pulso27.com\\\/actualidad\\\/politica\\\/consejo-directivo-del-congreso-apoya-ilegal-expulsion-de-peru-libre-contra-la-congresista-margot-palacios\\\/#breadcrumb\"},\"inLanguage\":\"en-US\",\"potentialAction\":[{\"@type\":\"ReadAction\",\"target\":[\"https:\\\/\\\/pulso27.com\\\/actualidad\\\/politica\\\/consejo-directivo-del-congreso-apoya-ilegal-expulsion-de-peru-libre-contra-la-congresista-margot-palacios\\\/\"]}]},{\"@type\":\"ImageObject\",\"inLanguage\":\"en-US\",\"@id\":\"https:\\\/\\\/pulso27.com\\\/actualidad\\\/politica\\\/consejo-directivo-del-congreso-apoya-ilegal-expulsion-de-peru-libre-contra-la-congresista-margot-palacios\\\/#primaryimage\",\"url\":\"https:\\\/\\\/pulso27.com\\\/wp-content\\\/uploads\\\/2024\\\/11\\\/Margoss.png\",\"contentUrl\":\"https:\\\/\\\/pulso27.com\\\/wp-content\\\/uploads\\\/2024\\\/11\\\/Margoss.png\",\"width\":1200,\"height\":675},{\"@type\":\"BreadcrumbList\",\"@id\":\"https:\\\/\\\/pulso27.com\\\/actualidad\\\/politica\\\/consejo-directivo-del-congreso-apoya-ilegal-expulsion-de-peru-libre-contra-la-congresista-margot-palacios\\\/#breadcrumb\",\"itemListElement\":[{\"@type\":\"ListItem\",\"position\":1,\"name\":\"Portada\",\"item\":\"https:\\\/\\\/pulso27.com\\\/\"},{\"@type\":\"ListItem\",\"position\":2,\"name\":\"Consejo Directivo del Congreso apoya ilegal expulsi\u00f3n de Per\u00fa Libre contra la congresista Margot Palacios\"}]},{\"@type\":\"WebSite\",\"@id\":\"https:\\\/\\\/pulso27.com\\\/en\\\/#website\",\"url\":\"https:\\\/\\\/pulso27.com\\\/en\\\/\",\"name\":\"Pulso27\",\"description\":\"Web de noticias y publicidad\",\"publisher\":{\"@id\":\"https:\\\/\\\/pulso27.com\\\/en\\\/#organization\"},\"alternateName\":\"El pulso del pueblo\",\"potentialAction\":[{\"@type\":\"SearchAction\",\"target\":{\"@type\":\"EntryPoint\",\"urlTemplate\":\"https:\\\/\\\/pulso27.com\\\/en\\\/?s={search_term_string}\"},\"query-input\":{\"@type\":\"PropertyValueSpecification\",\"valueRequired\":true,\"valueName\":\"search_term_string\"}}],\"inLanguage\":\"en-US\"},{\"@type\":\"Organization\",\"@id\":\"https:\\\/\\\/pulso27.com\\\/en\\\/#organization\",\"name\":\"Pulso27\",\"url\":\"https:\\\/\\\/pulso27.com\\\/en\\\/\",\"logo\":{\"@type\":\"ImageObject\",\"inLanguage\":\"en-US\",\"@id\":\"https:\\\/\\\/pulso27.com\\\/en\\\/#\\\/schema\\\/logo\\\/image\\\/\",\"url\":\"https:\\\/\\\/pulso27.com\\\/wp-content\\\/uploads\\\/2026\\\/02\\\/Logotipo-de-la-organizacion-696-x-696-px-ok.png\",\"contentUrl\":\"https:\\\/\\\/pulso27.com\\\/wp-content\\\/uploads\\\/2026\\\/02\\\/Logotipo-de-la-organizacion-696-x-696-px-ok.png\",\"width\":696,\"height\":696,\"caption\":\"Pulso27\"},\"image\":{\"@id\":\"https:\\\/\\\/pulso27.com\\\/en\\\/#\\\/schema\\\/logo\\\/image\\\/\"},\"sameAs\":[\"https:\\\/\\\/www.facebook.com\\\/pulso27\\\/\",\"https:\\\/\\\/x.com\\\/Pulso_27\",\"https:\\\/\\\/www.youtube.com\\\/@Pulso27\",\"https:\\\/\\\/www.tiktok.com\\\/@pulso_27\"]},{\"@type\":\"Person\",\"@id\":\"https:\\\/\\\/pulso27.com\\\/en\\\/#\\\/schema\\\/person\\\/d20fd7f5bc7f2e53fd150d43fca07a78\",\"name\":\"Tupaq\",\"image\":{\"@type\":\"ImageObject\",\"inLanguage\":\"en-US\",\"@id\":\"https:\\\/\\\/secure.gravatar.com\\\/avatar\\\/7929e9b034aeea560319a601e4f04c59eb5f45a79eafe192adabb67e9604e7e7?s=96&d=mm&r=g\",\"url\":\"https:\\\/\\\/secure.gravatar.com\\\/avatar\\\/7929e9b034aeea560319a601e4f04c59eb5f45a79eafe192adabb67e9604e7e7?s=96&d=mm&r=g\",\"contentUrl\":\"https:\\\/\\\/secure.gravatar.com\\\/avatar\\\/7929e9b034aeea560319a601e4f04c59eb5f45a79eafe192adabb67e9604e7e7?s=96&d=mm&r=g\",\"caption\":\"Tupaq\"},\"url\":\"https:\\\/\\\/pulso27.com\\\/en\\\/author\\\/tupaq\\\/\"}]}<\/script>\n<!-- \/ Yoast SEO plugin. -->","yoast_head_json":{"title":"Consejo Directivo del Congreso apoya ilegal expulsi\u00f3n de Per\u00fa Libre contra la congresista Margot Palacios - Pulso27","robots":{"index":"index","follow":"follow","max-snippet":"max-snippet:-1","max-image-preview":"max-image-preview:large","max-video-preview":"max-video-preview:-1"},"canonical":"https:\/\/pulso27.com\/en\/actualidad\/politica\/consejo-directivo-del-congreso-apoya-ilegal-expulsion-de-peru-libre-contra-la-congresista-margot-palacios\/","og_locale":"en_US","og_type":"article","og_title":"Consejo Directivo del Congreso apoya ilegal expulsi\u00f3n de Per\u00fa Libre contra la congresista Margot Palacios - Pulso27","og_description":"Los aliados Fuerza Popular y Per\u00fa Libre habr\u00edan sufrido una contundente derrota en la \u00faltima reuni\u00f3n del Consejo Directivo del Congreso de la Rep\u00fablica, al conseguir apenas 13 votos a favor de los 29 en total, para mantener la irregular expulsi\u00f3n de la congresista Margot Palacios de Per\u00fa Libre, evidenci\u00e1ndose el rechazo mayoritario de los [&hellip;]","og_url":"https:\/\/pulso27.com\/en\/actualidad\/politica\/consejo-directivo-del-congreso-apoya-ilegal-expulsion-de-peru-libre-contra-la-congresista-margot-palacios\/","og_site_name":"Pulso27","article_publisher":"https:\/\/www.facebook.com\/pulso27\/","article_published_time":"2024-11-06T21:52:11+00:00","article_modified_time":"2024-11-06T21:58:28+00:00","og_image":[{"width":1200,"height":675,"url":"https:\/\/pulso27.com\/wp-content\/uploads\/2024\/11\/Margoss.png","type":"image\/png"}],"author":"Tupaq","twitter_card":"summary_large_image","twitter_creator":"@Pulso_27","twitter_site":"@Pulso_27","twitter_misc":{"Written by":"Tupaq","Est. reading time":"3 minutes"},"schema":{"@context":"https:\/\/schema.org","@graph":[{"@type":"Article","@id":"https:\/\/pulso27.com\/actualidad\/politica\/consejo-directivo-del-congreso-apoya-ilegal-expulsion-de-peru-libre-contra-la-congresista-margot-palacios\/#article","isPartOf":{"@id":"https:\/\/pulso27.com\/actualidad\/politica\/consejo-directivo-del-congreso-apoya-ilegal-expulsion-de-peru-libre-contra-la-congresista-margot-palacios\/"},"author":{"name":"Tupaq","@id":"https:\/\/pulso27.com\/en\/#\/schema\/person\/d20fd7f5bc7f2e53fd150d43fca07a78"},"headline":"Consejo Directivo del Congreso apoya ilegal expulsi\u00f3n de Per\u00fa Libre contra la congresista Margot Palacios","datePublished":"2024-11-06T21:52:11+00:00","dateModified":"2024-11-06T21:58:28+00:00","mainEntityOfPage":{"@id":"https:\/\/pulso27.com\/actualidad\/politica\/consejo-directivo-del-congreso-apoya-ilegal-expulsion-de-peru-libre-contra-la-congresista-margot-palacios\/"},"wordCount":599,"commentCount":0,"publisher":{"@id":"https:\/\/pulso27.com\/en\/#organization"},"image":{"@id":"https:\/\/pulso27.com\/actualidad\/politica\/consejo-directivo-del-congreso-apoya-ilegal-expulsion-de-peru-libre-contra-la-congresista-margot-palacios\/#primaryimage"},"thumbnailUrl":"https:\/\/pulso27.com\/wp-content\/uploads\/2024\/11\/Margoss.png","keywords":["FuerzaPopular","Fujicerronismo","MargotPalacios","Per\u00faLibre"],"articleSection":["Pol\u00edtica"],"inLanguage":"en-US","potentialAction":[{"@type":"CommentAction","name":"Comment","target":["https:\/\/pulso27.com\/actualidad\/politica\/consejo-directivo-del-congreso-apoya-ilegal-expulsion-de-peru-libre-contra-la-congresista-margot-palacios\/#respond"]}]},{"@type":"WebPage","@id":"https:\/\/pulso27.com\/actualidad\/politica\/consejo-directivo-del-congreso-apoya-ilegal-expulsion-de-peru-libre-contra-la-congresista-margot-palacios\/","url":"https:\/\/pulso27.com\/actualidad\/politica\/consejo-directivo-del-congreso-apoya-ilegal-expulsion-de-peru-libre-contra-la-congresista-margot-palacios\/","name":"Consejo Directivo del Congreso apoya ilegal expulsi\u00f3n de Per\u00fa Libre contra la congresista Margot Palacios - Pulso27","isPartOf":{"@id":"https:\/\/pulso27.com\/en\/#website"},"primaryImageOfPage":{"@id":"https:\/\/pulso27.com\/actualidad\/politica\/consejo-directivo-del-congreso-apoya-ilegal-expulsion-de-peru-libre-contra-la-congresista-margot-palacios\/#primaryimage"},"image":{"@id":"https:\/\/pulso27.com\/actualidad\/politica\/consejo-directivo-del-congreso-apoya-ilegal-expulsion-de-peru-libre-contra-la-congresista-margot-palacios\/#primaryimage"},"thumbnailUrl":"https:\/\/pulso27.com\/wp-content\/uploads\/2024\/11\/Margoss.png","datePublished":"2024-11-06T21:52:11+00:00","dateModified":"2024-11-06T21:58:28+00:00","breadcrumb":{"@id":"https:\/\/pulso27.com\/actualidad\/politica\/consejo-directivo-del-congreso-apoya-ilegal-expulsion-de-peru-libre-contra-la-congresista-margot-palacios\/#breadcrumb"},"inLanguage":"en-US","potentialAction":[{"@type":"ReadAction","target":["https:\/\/pulso27.com\/actualidad\/politica\/consejo-directivo-del-congreso-apoya-ilegal-expulsion-de-peru-libre-contra-la-congresista-margot-palacios\/"]}]},{"@type":"ImageObject","inLanguage":"en-US","@id":"https:\/\/pulso27.com\/actualidad\/politica\/consejo-directivo-del-congreso-apoya-ilegal-expulsion-de-peru-libre-contra-la-congresista-margot-palacios\/#primaryimage","url":"https:\/\/pulso27.com\/wp-content\/uploads\/2024\/11\/Margoss.png","contentUrl":"https:\/\/pulso27.com\/wp-content\/uploads\/2024\/11\/Margoss.png","width":1200,"height":675},{"@type":"BreadcrumbList","@id":"https:\/\/pulso27.com\/actualidad\/politica\/consejo-directivo-del-congreso-apoya-ilegal-expulsion-de-peru-libre-contra-la-congresista-margot-palacios\/#breadcrumb","itemListElement":[{"@type":"ListItem","position":1,"name":"Portada","item":"https:\/\/pulso27.com\/"},{"@type":"ListItem","position":2,"name":"Consejo Directivo del Congreso apoya ilegal expulsi\u00f3n de Per\u00fa Libre contra la congresista Margot Palacios"}]},{"@type":"WebSite","@id":"https:\/\/pulso27.com\/en\/#website","url":"https:\/\/pulso27.com\/en\/","name":"Pulso27","description":"Web de noticias y publicidad","publisher":{"@id":"https:\/\/pulso27.com\/en\/#organization"},"alternateName":"El pulso del pueblo","potentialAction":[{"@type":"SearchAction","target":{"@type":"EntryPoint","urlTemplate":"https:\/\/pulso27.com\/en\/?s={search_term_string}"},"query-input":{"@type":"PropertyValueSpecification","valueRequired":true,"valueName":"search_term_string"}}],"inLanguage":"en-US"},{"@type":"Organization","@id":"https:\/\/pulso27.com\/en\/#organization","name":"Pulso27","url":"https:\/\/pulso27.com\/en\/","logo":{"@type":"ImageObject","inLanguage":"en-US","@id":"https:\/\/pulso27.com\/en\/#\/schema\/logo\/image\/","url":"https:\/\/pulso27.com\/wp-content\/uploads\/2026\/02\/Logotipo-de-la-organizacion-696-x-696-px-ok.png","contentUrl":"https:\/\/pulso27.com\/wp-content\/uploads\/2026\/02\/Logotipo-de-la-organizacion-696-x-696-px-ok.png","width":696,"height":696,"caption":"Pulso27"},"image":{"@id":"https:\/\/pulso27.com\/en\/#\/schema\/logo\/image\/"},"sameAs":["https:\/\/www.facebook.com\/pulso27\/","https:\/\/x.com\/Pulso_27","https:\/\/www.youtube.com\/@Pulso27","https:\/\/www.tiktok.com\/@pulso_27"]},{"@type":"Person","@id":"https:\/\/pulso27.com\/en\/#\/schema\/person\/d20fd7f5bc7f2e53fd150d43fca07a78","name":"Tupaq","image":{"@type":"ImageObject","inLanguage":"en-US","@id":"https:\/\/secure.gravatar.com\/avatar\/7929e9b034aeea560319a601e4f04c59eb5f45a79eafe192adabb67e9604e7e7?s=96&d=mm&r=g","url":"https:\/\/secure.gravatar.com\/avatar\/7929e9b034aeea560319a601e4f04c59eb5f45a79eafe192adabb67e9604e7e7?s=96&d=mm&r=g","contentUrl":"https:\/\/secure.gravatar.com\/avatar\/7929e9b034aeea560319a601e4f04c59eb5f45a79eafe192adabb67e9604e7e7?s=96&d=mm&r=g","caption":"Tupaq"},"url":"https:\/\/pulso27.com\/en\/author\/tupaq\/"}]}},"amp_enabled":true,"_links":{"self":[{"href":"https:\/\/pulso27.com\/en\/wp-json\/wp\/v2\/posts\/2863","targetHints":{"allow":["GET"]}}],"collection":[{"href":"https:\/\/pulso27.com\/en\/wp-json\/wp\/v2\/posts"}],"about":[{"href":"https:\/\/pulso27.com\/en\/wp-json\/wp\/v2\/types\/post"}],"author":[{"embeddable":true,"href":"https:\/\/pulso27.com\/en\/wp-json\/wp\/v2\/users\/7"}],"replies":[{"embeddable":true,"href":"https:\/\/pulso27.com\/en\/wp-json\/wp\/v2\/comments?post=2863"}],"version-history":[{"count":2,"href":"https:\/\/pulso27.com\/en\/wp-json\/wp\/v2\/posts\/2863\/revisions"}],"predecessor-version":[{"id":2871,"href":"https:\/\/pulso27.com\/en\/wp-json\/wp\/v2\/posts\/2863\/revisions\/2871"}],"wp:featuredmedia":[{"embeddable":true,"href":"https:\/\/pulso27.com\/en\/wp-json\/wp\/v2\/media\/2872"}],"wp:attachment":[{"href":"https:\/\/pulso27.com\/en\/wp-json\/wp\/v2\/media?parent=2863"}],"wp:term":[{"taxonomy":"category","embeddable":true,"href":"https:\/\/pulso27.com\/en\/wp-json\/wp\/v2\/categories?post=2863"},{"taxonomy":"post_tag","embeddable":true,"href":"https:\/\/pulso27.com\/en\/wp-json\/wp\/v2\/tags?post=2863"}],"curies":[{"name":"wp","href":"https:\/\/api.w.org\/{rel}","templated":true}]}}