{"id":2884,"date":"2024-11-09T02:50:56","date_gmt":"2024-11-08T21:50:56","guid":{"rendered":"https:\/\/pulso27.com\/?p=2884"},"modified":"2024-11-09T02:59:35","modified_gmt":"2024-11-08T21:59:35","slug":"fujicerronistas-blindan-a-boluarte-y-frenan-investigacion-del-caso-cofre-presidencial","status":"publish","type":"post","link":"https:\/\/pulso27.com\/en\/actualidad\/politica\/fujicerronistas-blindan-a-boluarte-y-frenan-investigacion-del-caso-cofre-presidencial\/","title":{"rendered":"Fujicerronistas blindan a Boluarte y frenan investigaci\u00f3n del caso \u00abCofre presidencial\u00bb"},"content":{"rendered":"<p>En una muestra m\u00e1s de protecci\u00f3n pol\u00edtica hacia el Ejecutivo, nueve bancadas del Congreso bloquearon la investigaci\u00f3n sobre el presunto uso irregular del veh\u00edculo presidencial por parte de Dina Boluarte. La coalici\u00f3n conformada por el fujicerronismo y sus aliados frustr\u00f3 la moci\u00f3n que buscaba otorgar facultades investigadoras a la Comisi\u00f3n de Fiscalizaci\u00f3n.<\/p>\n\n\n\n<p>La votaci\u00f3n revel\u00f3 el doble est\u00e1ndar del Parlamento, que en el 2021 no dud\u00f3 en aprobar facultades similares para investigar a Pedro Castillo por el caso Sarratea. Esta vez, con apenas 17 votos a favor, 16 en contra y 38 abstenciones, la mayor\u00eda parlamentaria opt\u00f3 por dar la espalda a la transparencia y al control pol\u00edtico.<\/p>\n\n\n\n<figure class=\"wp-block-image size-large\"><img loading=\"lazy\" decoding=\"async\" width=\"1024\" height=\"546\" src=\"https:\/\/pulso27.com\/wp-content\/uploads\/2024\/11\/image-14-1024x546.png\" alt=\"\" class=\"wp-image-2885\" srcset=\"https:\/\/pulso27.com\/wp-content\/uploads\/2024\/11\/image-14-1024x546.png 1024w, https:\/\/pulso27.com\/wp-content\/uploads\/2024\/11\/image-14-300x160.png 300w, https:\/\/pulso27.com\/wp-content\/uploads\/2024\/11\/image-14-768x409.png 768w, https:\/\/pulso27.com\/wp-content\/uploads\/2024\/11\/image-14-18x10.png 18w, https:\/\/pulso27.com\/wp-content\/uploads\/2024\/11\/image-14.png 1270w\" sizes=\"auto, (max-width: 1024px) 100vw, 1024px\" \/><figcaption class=\"wp-element-caption\"><em>Juan Burgos sustent\u00f3 la moci\u00f3n para que la Fiscalizaci\u00f3n tenga 120 d\u00edas de facultades de comisi\u00f3n investigadora<\/em><\/figcaption><\/figure>\n\n\n\n<p>Alianza Para el Progreso lider\u00f3 la oposici\u00f3n votando en bloque contra la moci\u00f3n, mientras que Fuerza Popular y otras bancadas se refugiaron en la abstenci\u00f3n, evidenciando una estrategia coordinada para proteger a la mandataria. El caso involucra un presunto encuentro entre Boluarte y el pr\u00f3fugo Vladimir Cerr\u00f3n en el condominio Mikonos, utilizando recursos del Estado.<\/p>\n\n\n\n<p>Las contradicciones en las versiones oficiales sobre la presencia de Boluarte en Mikonos y la negativa del Ejecutivo a comparecer ante la Comisi\u00f3n de Fiscalizaci\u00f3n agravan las sospechas. El presidente de la comisi\u00f3n, Juan Burgos, denunci\u00f3 presiones desde Palacio para cerrar el caso, mientras que el r\u00e9gimen se escuda en formalismos para evadir el control parlamentario.<\/p>\n\n\n<div class=\"wp-block-image\">\n<figure class=\"alignleft size-full is-resized\"><img loading=\"lazy\" decoding=\"async\" width=\"667\" height=\"711\" src=\"https:\/\/pulso27.com\/wp-content\/uploads\/2024\/11\/Blindaje.png\" alt=\"\" class=\"wp-image-2886\" style=\"width:513px;height:auto\" srcset=\"https:\/\/pulso27.com\/wp-content\/uploads\/2024\/11\/Blindaje.png 667w, https:\/\/pulso27.com\/wp-content\/uploads\/2024\/11\/Blindaje-281x300.png 281w, https:\/\/pulso27.com\/wp-content\/uploads\/2024\/11\/Blindaje-11x12.png 11w\" sizes=\"auto, (max-width: 667px) 100vw, 667px\" \/><\/figure><\/div>\n\n\n<p>Esta maniobra pol\u00edtica confirma la existencia de una alianza entre el fujicerronismo para mantener el statu quo, sacrificando la funci\u00f3n fiscalizadora del Congreso y su deber de vigilancia sobre los actos del Ejecutivo.<\/p>\n\n\n\n<p>El blindaje a Boluarte profundiza la crisis de legitimidad de un Parlamento que parece m\u00e1s interesado en proteger al poder que en servir a la ciudadan\u00eda.<\/p>","protected":false},"excerpt":{"rendered":"<p>En una muestra m\u00e1s de protecci\u00f3n pol\u00edtica hacia el Ejecutivo, nueve bancadas del Congreso bloquearon la investigaci\u00f3n sobre el presunto uso irregular del veh\u00edculo presidencial por parte de Dina Boluarte. La coalici\u00f3n conformada por el fujicerronismo y sus aliados frustr\u00f3 la moci\u00f3n que buscaba otorgar facultades investigadoras a la Comisi\u00f3n de Fiscalizaci\u00f3n. La votaci\u00f3n revel\u00f3 [&hellip;]<\/p>\n","protected":false},"author":10,"featured_media":2888,"comment_status":"open","ping_status":"open","sticky":false,"template":"","format":"standard","meta":{"footnotes":""},"categories":[1844,180],"tags":[],"class_list":["post-2884","post","type-post","status-publish","format-standard","has-post-thumbnail","hentry","category-articulos","category-politica"],"yoast_head":"<!-- This site is optimized with the Yoast SEO plugin v27.4 - https:\/\/yoast.com\/product\/yoast-seo-wordpress\/ -->\n<title>Fujicerronistas blindan a Boluarte y frenan investigaci\u00f3n del caso &quot;Cofre presidencial&quot; - Pulso27<\/title>\n<meta name=\"robots\" content=\"index, follow, max-snippet:-1, max-image-preview:large, max-video-preview:-1\" \/>\n<link rel=\"canonical\" href=\"https:\/\/pulso27.com\/en\/actualidad\/politica\/fujicerronistas-blindan-a-boluarte-y-frenan-investigacion-del-caso-cofre-presidencial\/\" \/>\n<meta property=\"og:locale\" content=\"en_US\" \/>\n<meta property=\"og:type\" content=\"article\" \/>\n<meta property=\"og:title\" content=\"Fujicerronistas blindan a Boluarte y frenan investigaci\u00f3n del caso &quot;Cofre presidencial&quot; - Pulso27\" \/>\n<meta property=\"og:description\" content=\"En una muestra m\u00e1s de protecci\u00f3n pol\u00edtica hacia el Ejecutivo, nueve bancadas del Congreso bloquearon la investigaci\u00f3n sobre el presunto uso irregular del veh\u00edculo presidencial por parte de Dina Boluarte. La coalici\u00f3n conformada por el fujicerronismo y sus aliados frustr\u00f3 la moci\u00f3n que buscaba otorgar facultades investigadoras a la Comisi\u00f3n de Fiscalizaci\u00f3n. La votaci\u00f3n revel\u00f3 [&hellip;]\" \/>\n<meta property=\"og:url\" content=\"https:\/\/pulso27.com\/en\/actualidad\/politica\/fujicerronistas-blindan-a-boluarte-y-frenan-investigacion-del-caso-cofre-presidencial\/\" \/>\n<meta property=\"og:site_name\" content=\"Pulso27\" \/>\n<meta property=\"article:publisher\" content=\"https:\/\/www.facebook.com\/pulso27\/\" \/>\n<meta property=\"article:published_time\" content=\"2024-11-08T21:50:56+00:00\" \/>\n<meta property=\"article:modified_time\" content=\"2024-11-08T21:59:35+00:00\" \/>\n<meta property=\"og:image\" content=\"https:\/\/pulso27.com\/wp-content\/uploads\/2024\/11\/Fujicerronismos-1.png\" \/>\n\t<meta property=\"og:image:width\" content=\"1200\" \/>\n\t<meta property=\"og:image:height\" content=\"675\" \/>\n\t<meta property=\"og:image:type\" content=\"image\/png\" \/>\n<meta name=\"author\" content=\"El Muki\" \/>\n<meta name=\"twitter:card\" content=\"summary_large_image\" \/>\n<meta name=\"twitter:creator\" content=\"@Pulso_27\" \/>\n<meta name=\"twitter:site\" content=\"@Pulso_27\" \/>\n<meta name=\"twitter:label1\" content=\"Written by\" \/>\n\t<meta name=\"twitter:data1\" content=\"El Muki\" \/>\n\t<meta name=\"twitter:label2\" content=\"Est. reading time\" \/>\n\t<meta name=\"twitter:data2\" content=\"2 minutes\" \/>\n<script type=\"application\/ld+json\" class=\"yoast-schema-graph\">{\"@context\":\"https:\\\/\\\/schema.org\",\"@graph\":[{\"@type\":\"Article\",\"@id\":\"https:\\\/\\\/pulso27.com\\\/es\\\/actualidad\\\/politica\\\/fujicerronistas-blindan-a-boluarte-y-frenan-investigacion-del-caso-cofre-presidencial\\\/#article\",\"isPartOf\":{\"@id\":\"https:\\\/\\\/pulso27.com\\\/es\\\/actualidad\\\/politica\\\/fujicerronistas-blindan-a-boluarte-y-frenan-investigacion-del-caso-cofre-presidencial\\\/\"},\"author\":{\"name\":\"El Muki\",\"@id\":\"https:\\\/\\\/pulso27.com\\\/en\\\/#\\\/schema\\\/person\\\/a0930a7f318e7d9d83bd7cffed9f34f6\"},\"headline\":\"Fujicerronistas blindan a Boluarte y frenan investigaci\u00f3n del caso \u00abCofre presidencial\u00bb\",\"datePublished\":\"2024-11-08T21:50:56+00:00\",\"dateModified\":\"2024-11-08T21:59:35+00:00\",\"mainEntityOfPage\":{\"@id\":\"https:\\\/\\\/pulso27.com\\\/es\\\/actualidad\\\/politica\\\/fujicerronistas-blindan-a-boluarte-y-frenan-investigacion-del-caso-cofre-presidencial\\\/\"},\"wordCount\":332,\"commentCount\":0,\"publisher\":{\"@id\":\"https:\\\/\\\/pulso27.com\\\/en\\\/#organization\"},\"image\":{\"@id\":\"https:\\\/\\\/pulso27.com\\\/es\\\/actualidad\\\/politica\\\/fujicerronistas-blindan-a-boluarte-y-frenan-investigacion-del-caso-cofre-presidencial\\\/#primaryimage\"},\"thumbnailUrl\":\"https:\\\/\\\/pulso27.com\\\/wp-content\\\/uploads\\\/2024\\\/11\\\/Fujicerronismos-1.png\",\"articleSection\":[\"Art\u00edculos\",\"Pol\u00edtica\"],\"inLanguage\":\"en-US\",\"potentialAction\":[{\"@type\":\"CommentAction\",\"name\":\"Comment\",\"target\":[\"https:\\\/\\\/pulso27.com\\\/es\\\/actualidad\\\/politica\\\/fujicerronistas-blindan-a-boluarte-y-frenan-investigacion-del-caso-cofre-presidencial\\\/#respond\"]}]},{\"@type\":\"WebPage\",\"@id\":\"https:\\\/\\\/pulso27.com\\\/es\\\/actualidad\\\/politica\\\/fujicerronistas-blindan-a-boluarte-y-frenan-investigacion-del-caso-cofre-presidencial\\\/\",\"url\":\"https:\\\/\\\/pulso27.com\\\/es\\\/actualidad\\\/politica\\\/fujicerronistas-blindan-a-boluarte-y-frenan-investigacion-del-caso-cofre-presidencial\\\/\",\"name\":\"Fujicerronistas blindan a Boluarte y frenan investigaci\u00f3n del caso \\\"Cofre presidencial\\\" - Pulso27\",\"isPartOf\":{\"@id\":\"https:\\\/\\\/pulso27.com\\\/en\\\/#website\"},\"primaryImageOfPage\":{\"@id\":\"https:\\\/\\\/pulso27.com\\\/es\\\/actualidad\\\/politica\\\/fujicerronistas-blindan-a-boluarte-y-frenan-investigacion-del-caso-cofre-presidencial\\\/#primaryimage\"},\"image\":{\"@id\":\"https:\\\/\\\/pulso27.com\\\/es\\\/actualidad\\\/politica\\\/fujicerronistas-blindan-a-boluarte-y-frenan-investigacion-del-caso-cofre-presidencial\\\/#primaryimage\"},\"thumbnailUrl\":\"https:\\\/\\\/pulso27.com\\\/wp-content\\\/uploads\\\/2024\\\/11\\\/Fujicerronismos-1.png\",\"datePublished\":\"2024-11-08T21:50:56+00:00\",\"dateModified\":\"2024-11-08T21:59:35+00:00\",\"breadcrumb\":{\"@id\":\"https:\\\/\\\/pulso27.com\\\/es\\\/actualidad\\\/politica\\\/fujicerronistas-blindan-a-boluarte-y-frenan-investigacion-del-caso-cofre-presidencial\\\/#breadcrumb\"},\"inLanguage\":\"en-US\",\"potentialAction\":[{\"@type\":\"ReadAction\",\"target\":[\"https:\\\/\\\/pulso27.com\\\/es\\\/actualidad\\\/politica\\\/fujicerronistas-blindan-a-boluarte-y-frenan-investigacion-del-caso-cofre-presidencial\\\/\"]}]},{\"@type\":\"ImageObject\",\"inLanguage\":\"en-US\",\"@id\":\"https:\\\/\\\/pulso27.com\\\/es\\\/actualidad\\\/politica\\\/fujicerronistas-blindan-a-boluarte-y-frenan-investigacion-del-caso-cofre-presidencial\\\/#primaryimage\",\"url\":\"https:\\\/\\\/pulso27.com\\\/wp-content\\\/uploads\\\/2024\\\/11\\\/Fujicerronismos-1.png\",\"contentUrl\":\"https:\\\/\\\/pulso27.com\\\/wp-content\\\/uploads\\\/2024\\\/11\\\/Fujicerronismos-1.png\",\"width\":1200,\"height\":675},{\"@type\":\"BreadcrumbList\",\"@id\":\"https:\\\/\\\/pulso27.com\\\/es\\\/actualidad\\\/politica\\\/fujicerronistas-blindan-a-boluarte-y-frenan-investigacion-del-caso-cofre-presidencial\\\/#breadcrumb\",\"itemListElement\":[{\"@type\":\"ListItem\",\"position\":1,\"name\":\"Portada\",\"item\":\"https:\\\/\\\/pulso27.com\\\/\"},{\"@type\":\"ListItem\",\"position\":2,\"name\":\"Fujicerronistas blindan a Boluarte y frenan investigaci\u00f3n del caso \u00abCofre presidencial\u00bb\"}]},{\"@type\":\"WebSite\",\"@id\":\"https:\\\/\\\/pulso27.com\\\/en\\\/#website\",\"url\":\"https:\\\/\\\/pulso27.com\\\/en\\\/\",\"name\":\"Pulso27\",\"description\":\"Web de noticias y publicidad\",\"publisher\":{\"@id\":\"https:\\\/\\\/pulso27.com\\\/en\\\/#organization\"},\"alternateName\":\"El pulso del pueblo\",\"potentialAction\":[{\"@type\":\"SearchAction\",\"target\":{\"@type\":\"EntryPoint\",\"urlTemplate\":\"https:\\\/\\\/pulso27.com\\\/en\\\/?s={search_term_string}\"},\"query-input\":{\"@type\":\"PropertyValueSpecification\",\"valueRequired\":true,\"valueName\":\"search_term_string\"}}],\"inLanguage\":\"en-US\"},{\"@type\":\"Organization\",\"@id\":\"https:\\\/\\\/pulso27.com\\\/en\\\/#organization\",\"name\":\"Pulso27\",\"url\":\"https:\\\/\\\/pulso27.com\\\/en\\\/\",\"logo\":{\"@type\":\"ImageObject\",\"inLanguage\":\"en-US\",\"@id\":\"https:\\\/\\\/pulso27.com\\\/en\\\/#\\\/schema\\\/logo\\\/image\\\/\",\"url\":\"https:\\\/\\\/pulso27.com\\\/wp-content\\\/uploads\\\/2026\\\/02\\\/Logotipo-de-la-organizacion-696-x-696-px-ok.png\",\"contentUrl\":\"https:\\\/\\\/pulso27.com\\\/wp-content\\\/uploads\\\/2026\\\/02\\\/Logotipo-de-la-organizacion-696-x-696-px-ok.png\",\"width\":696,\"height\":696,\"caption\":\"Pulso27\"},\"image\":{\"@id\":\"https:\\\/\\\/pulso27.com\\\/en\\\/#\\\/schema\\\/logo\\\/image\\\/\"},\"sameAs\":[\"https:\\\/\\\/www.facebook.com\\\/pulso27\\\/\",\"https:\\\/\\\/x.com\\\/Pulso_27\",\"https:\\\/\\\/www.youtube.com\\\/@Pulso27\",\"https:\\\/\\\/www.tiktok.com\\\/@pulso_27\"]},{\"@type\":\"Person\",\"@id\":\"https:\\\/\\\/pulso27.com\\\/en\\\/#\\\/schema\\\/person\\\/a0930a7f318e7d9d83bd7cffed9f34f6\",\"name\":\"El Muki\",\"image\":{\"@type\":\"ImageObject\",\"inLanguage\":\"en-US\",\"@id\":\"https:\\\/\\\/secure.gravatar.com\\\/avatar\\\/dc91c2607c5eebda74cbb40d13031f489096c96ead89c4c30c17db262267b2b3?s=96&d=mm&r=g\",\"url\":\"https:\\\/\\\/secure.gravatar.com\\\/avatar\\\/dc91c2607c5eebda74cbb40d13031f489096c96ead89c4c30c17db262267b2b3?s=96&d=mm&r=g\",\"contentUrl\":\"https:\\\/\\\/secure.gravatar.com\\\/avatar\\\/dc91c2607c5eebda74cbb40d13031f489096c96ead89c4c30c17db262267b2b3?s=96&d=mm&r=g\",\"caption\":\"El Muki\"},\"sameAs\":[\"http:\\\/\\\/www.pulso27.com\"],\"url\":\"https:\\\/\\\/pulso27.com\\\/en\\\/author\\\/elcuervo\\\/\"}]}<\/script>\n<!-- \/ Yoast SEO plugin. -->","yoast_head_json":{"title":"Fujicerronistas blindan a Boluarte y frenan investigaci\u00f3n del caso \"Cofre presidencial\" - Pulso27","robots":{"index":"index","follow":"follow","max-snippet":"max-snippet:-1","max-image-preview":"max-image-preview:large","max-video-preview":"max-video-preview:-1"},"canonical":"https:\/\/pulso27.com\/en\/actualidad\/politica\/fujicerronistas-blindan-a-boluarte-y-frenan-investigacion-del-caso-cofre-presidencial\/","og_locale":"en_US","og_type":"article","og_title":"Fujicerronistas blindan a Boluarte y frenan investigaci\u00f3n del caso \"Cofre presidencial\" - Pulso27","og_description":"En una muestra m\u00e1s de protecci\u00f3n pol\u00edtica hacia el Ejecutivo, nueve bancadas del Congreso bloquearon la investigaci\u00f3n sobre el presunto uso irregular del veh\u00edculo presidencial por parte de Dina Boluarte. La coalici\u00f3n conformada por el fujicerronismo y sus aliados frustr\u00f3 la moci\u00f3n que buscaba otorgar facultades investigadoras a la Comisi\u00f3n de Fiscalizaci\u00f3n. La votaci\u00f3n revel\u00f3 [&hellip;]","og_url":"https:\/\/pulso27.com\/en\/actualidad\/politica\/fujicerronistas-blindan-a-boluarte-y-frenan-investigacion-del-caso-cofre-presidencial\/","og_site_name":"Pulso27","article_publisher":"https:\/\/www.facebook.com\/pulso27\/","article_published_time":"2024-11-08T21:50:56+00:00","article_modified_time":"2024-11-08T21:59:35+00:00","og_image":[{"width":1200,"height":675,"url":"https:\/\/pulso27.com\/wp-content\/uploads\/2024\/11\/Fujicerronismos-1.png","type":"image\/png"}],"author":"El Muki","twitter_card":"summary_large_image","twitter_creator":"@Pulso_27","twitter_site":"@Pulso_27","twitter_misc":{"Written by":"El Muki","Est. reading time":"2 minutes"},"schema":{"@context":"https:\/\/schema.org","@graph":[{"@type":"Article","@id":"https:\/\/pulso27.com\/es\/actualidad\/politica\/fujicerronistas-blindan-a-boluarte-y-frenan-investigacion-del-caso-cofre-presidencial\/#article","isPartOf":{"@id":"https:\/\/pulso27.com\/es\/actualidad\/politica\/fujicerronistas-blindan-a-boluarte-y-frenan-investigacion-del-caso-cofre-presidencial\/"},"author":{"name":"El Muki","@id":"https:\/\/pulso27.com\/en\/#\/schema\/person\/a0930a7f318e7d9d83bd7cffed9f34f6"},"headline":"Fujicerronistas blindan a Boluarte y frenan investigaci\u00f3n del caso \u00abCofre presidencial\u00bb","datePublished":"2024-11-08T21:50:56+00:00","dateModified":"2024-11-08T21:59:35+00:00","mainEntityOfPage":{"@id":"https:\/\/pulso27.com\/es\/actualidad\/politica\/fujicerronistas-blindan-a-boluarte-y-frenan-investigacion-del-caso-cofre-presidencial\/"},"wordCount":332,"commentCount":0,"publisher":{"@id":"https:\/\/pulso27.com\/en\/#organization"},"image":{"@id":"https:\/\/pulso27.com\/es\/actualidad\/politica\/fujicerronistas-blindan-a-boluarte-y-frenan-investigacion-del-caso-cofre-presidencial\/#primaryimage"},"thumbnailUrl":"https:\/\/pulso27.com\/wp-content\/uploads\/2024\/11\/Fujicerronismos-1.png","articleSection":["Art\u00edculos","Pol\u00edtica"],"inLanguage":"en-US","potentialAction":[{"@type":"CommentAction","name":"Comment","target":["https:\/\/pulso27.com\/es\/actualidad\/politica\/fujicerronistas-blindan-a-boluarte-y-frenan-investigacion-del-caso-cofre-presidencial\/#respond"]}]},{"@type":"WebPage","@id":"https:\/\/pulso27.com\/es\/actualidad\/politica\/fujicerronistas-blindan-a-boluarte-y-frenan-investigacion-del-caso-cofre-presidencial\/","url":"https:\/\/pulso27.com\/es\/actualidad\/politica\/fujicerronistas-blindan-a-boluarte-y-frenan-investigacion-del-caso-cofre-presidencial\/","name":"Fujicerronistas blindan a Boluarte y frenan investigaci\u00f3n del caso \"Cofre presidencial\" - Pulso27","isPartOf":{"@id":"https:\/\/pulso27.com\/en\/#website"},"primaryImageOfPage":{"@id":"https:\/\/pulso27.com\/es\/actualidad\/politica\/fujicerronistas-blindan-a-boluarte-y-frenan-investigacion-del-caso-cofre-presidencial\/#primaryimage"},"image":{"@id":"https:\/\/pulso27.com\/es\/actualidad\/politica\/fujicerronistas-blindan-a-boluarte-y-frenan-investigacion-del-caso-cofre-presidencial\/#primaryimage"},"thumbnailUrl":"https:\/\/pulso27.com\/wp-content\/uploads\/2024\/11\/Fujicerronismos-1.png","datePublished":"2024-11-08T21:50:56+00:00","dateModified":"2024-11-08T21:59:35+00:00","breadcrumb":{"@id":"https:\/\/pulso27.com\/es\/actualidad\/politica\/fujicerronistas-blindan-a-boluarte-y-frenan-investigacion-del-caso-cofre-presidencial\/#breadcrumb"},"inLanguage":"en-US","potentialAction":[{"@type":"ReadAction","target":["https:\/\/pulso27.com\/es\/actualidad\/politica\/fujicerronistas-blindan-a-boluarte-y-frenan-investigacion-del-caso-cofre-presidencial\/"]}]},{"@type":"ImageObject","inLanguage":"en-US","@id":"https:\/\/pulso27.com\/es\/actualidad\/politica\/fujicerronistas-blindan-a-boluarte-y-frenan-investigacion-del-caso-cofre-presidencial\/#primaryimage","url":"https:\/\/pulso27.com\/wp-content\/uploads\/2024\/11\/Fujicerronismos-1.png","contentUrl":"https:\/\/pulso27.com\/wp-content\/uploads\/2024\/11\/Fujicerronismos-1.png","width":1200,"height":675},{"@type":"BreadcrumbList","@id":"https:\/\/pulso27.com\/es\/actualidad\/politica\/fujicerronistas-blindan-a-boluarte-y-frenan-investigacion-del-caso-cofre-presidencial\/#breadcrumb","itemListElement":[{"@type":"ListItem","position":1,"name":"Portada","item":"https:\/\/pulso27.com\/"},{"@type":"ListItem","position":2,"name":"Fujicerronistas blindan a Boluarte y frenan investigaci\u00f3n del caso \u00abCofre presidencial\u00bb"}]},{"@type":"WebSite","@id":"https:\/\/pulso27.com\/en\/#website","url":"https:\/\/pulso27.com\/en\/","name":"Pulso27","description":"Web de noticias y publicidad","publisher":{"@id":"https:\/\/pulso27.com\/en\/#organization"},"alternateName":"El pulso del pueblo","potentialAction":[{"@type":"SearchAction","target":{"@type":"EntryPoint","urlTemplate":"https:\/\/pulso27.com\/en\/?s={search_term_string}"},"query-input":{"@type":"PropertyValueSpecification","valueRequired":true,"valueName":"search_term_string"}}],"inLanguage":"en-US"},{"@type":"Organization","@id":"https:\/\/pulso27.com\/en\/#organization","name":"Pulso27","url":"https:\/\/pulso27.com\/en\/","logo":{"@type":"ImageObject","inLanguage":"en-US","@id":"https:\/\/pulso27.com\/en\/#\/schema\/logo\/image\/","url":"https:\/\/pulso27.com\/wp-content\/uploads\/2026\/02\/Logotipo-de-la-organizacion-696-x-696-px-ok.png","contentUrl":"https:\/\/pulso27.com\/wp-content\/uploads\/2026\/02\/Logotipo-de-la-organizacion-696-x-696-px-ok.png","width":696,"height":696,"caption":"Pulso27"},"image":{"@id":"https:\/\/pulso27.com\/en\/#\/schema\/logo\/image\/"},"sameAs":["https:\/\/www.facebook.com\/pulso27\/","https:\/\/x.com\/Pulso_27","https:\/\/www.youtube.com\/@Pulso27","https:\/\/www.tiktok.com\/@pulso_27"]},{"@type":"Person","@id":"https:\/\/pulso27.com\/en\/#\/schema\/person\/a0930a7f318e7d9d83bd7cffed9f34f6","name":"El Muki","image":{"@type":"ImageObject","inLanguage":"en-US","@id":"https:\/\/secure.gravatar.com\/avatar\/dc91c2607c5eebda74cbb40d13031f489096c96ead89c4c30c17db262267b2b3?s=96&d=mm&r=g","url":"https:\/\/secure.gravatar.com\/avatar\/dc91c2607c5eebda74cbb40d13031f489096c96ead89c4c30c17db262267b2b3?s=96&d=mm&r=g","contentUrl":"https:\/\/secure.gravatar.com\/avatar\/dc91c2607c5eebda74cbb40d13031f489096c96ead89c4c30c17db262267b2b3?s=96&d=mm&r=g","caption":"El Muki"},"sameAs":["http:\/\/www.pulso27.com"],"url":"https:\/\/pulso27.com\/en\/author\/elcuervo\/"}]}},"amp_enabled":true,"_links":{"self":[{"href":"https:\/\/pulso27.com\/en\/wp-json\/wp\/v2\/posts\/2884","targetHints":{"allow":["GET"]}}],"collection":[{"href":"https:\/\/pulso27.com\/en\/wp-json\/wp\/v2\/posts"}],"about":[{"href":"https:\/\/pulso27.com\/en\/wp-json\/wp\/v2\/types\/post"}],"author":[{"embeddable":true,"href":"https:\/\/pulso27.com\/en\/wp-json\/wp\/v2\/users\/10"}],"replies":[{"embeddable":true,"href":"https:\/\/pulso27.com\/en\/wp-json\/wp\/v2\/comments?post=2884"}],"version-history":[{"count":2,"href":"https:\/\/pulso27.com\/en\/wp-json\/wp\/v2\/posts\/2884\/revisions"}],"predecessor-version":[{"id":2893,"href":"https:\/\/pulso27.com\/en\/wp-json\/wp\/v2\/posts\/2884\/revisions\/2893"}],"wp:featuredmedia":[{"embeddable":true,"href":"https:\/\/pulso27.com\/en\/wp-json\/wp\/v2\/media\/2888"}],"wp:attachment":[{"href":"https:\/\/pulso27.com\/en\/wp-json\/wp\/v2\/media?parent=2884"}],"wp:term":[{"taxonomy":"category","embeddable":true,"href":"https:\/\/pulso27.com\/en\/wp-json\/wp\/v2\/categories?post=2884"},{"taxonomy":"post_tag","embeddable":true,"href":"https:\/\/pulso27.com\/en\/wp-json\/wp\/v2\/tags?post=2884"}],"curies":[{"name":"wp","href":"https:\/\/api.w.org\/{rel}","templated":true}]}}