{"id":2923,"date":"2024-11-14T21:16:29","date_gmt":"2024-11-14T16:16:29","guid":{"rendered":"https:\/\/pulso27.com\/?p=2923"},"modified":"2024-11-14T21:16:33","modified_gmt":"2024-11-14T16:16:33","slug":"presidentes-de-china-y-estados-unidos-en-apec-2024-de-peru","status":"publish","type":"post","link":"https:\/\/pulso27.com\/en\/actualidad\/politica\/presidentes-de-china-y-estados-unidos-en-apec-2024-de-peru\/","title":{"rendered":"Presidentes de China y Estados Unidos en APEC 2024 de Per\u00fa"},"content":{"rendered":"<p>El Foro de Cooperaci\u00f3n Econ\u00f3mica Asia-Pac\u00edfico (APEC) 2024, que se lleva a cabo entre el 14 y el 16 de noviembre en Lima, ha atra\u00eddo la atenci\u00f3n mundial no solo por la presencia de los l\u00edderes de las econom\u00edas m\u00e1s poderosas, sino tambi\u00e9n por las intensas protestas que han marcado el comienzo de la cumbre. En un contexto de creciente descontento social, el pa\u00eds se enfrenta a un escenario tenso mientras se prepara para recibir a los presidentes de Estados Unidos, Joe Biden, y China, Xi Jinping, dos de las principales figuras que definir\u00e1n el futuro del comercio global.<\/p>\n\n\n\n<p>Lima se ha convertido en el epicentro de la diplomacia global. Durante los pr\u00f3ximos d\u00edas, los l\u00edderes de las 21 econom\u00edas del APEC discutir\u00e1n temas cruciales como la sostenibilidad, la integraci\u00f3n regional y el fortalecimiento del comercio, en un momento marcado por desaf\u00edos econ\u00f3micos y clim\u00e1ticos globales. Entre los principales asistentes se encuentran el presidente de Estados Unidos, Joe Biden, quien arrib\u00f3 a Lima el jueves acompa\u00f1ado de un dispositivo de seguridad sin precedentes. La seguridad del presidente norteamericano se ha visto reforzada con la presencia de 600 soldados y un Boeing 747-200 de la Fuerza A\u00e9rea de EE.UU., un avi\u00f3n especializado en operaciones bajo amenazas extremas.<\/p>\n\n\n\n<figure class=\"wp-block-image size-large\"><img loading=\"lazy\" decoding=\"async\" width=\"1024\" height=\"683\" src=\"https:\/\/pulso27.com\/wp-content\/uploads\/2024\/11\/image-21-1024x683.png\" alt=\"\" class=\"wp-image-2927\" srcset=\"https:\/\/pulso27.com\/wp-content\/uploads\/2024\/11\/image-21-1024x683.png 1024w, https:\/\/pulso27.com\/wp-content\/uploads\/2024\/11\/image-21-300x200.png 300w, https:\/\/pulso27.com\/wp-content\/uploads\/2024\/11\/image-21-768x512.png 768w, https:\/\/pulso27.com\/wp-content\/uploads\/2024\/11\/image-21-1536x1024.png 1536w, https:\/\/pulso27.com\/wp-content\/uploads\/2024\/11\/image-21-18x12.png 18w, https:\/\/pulso27.com\/wp-content\/uploads\/2024\/11\/image-21.png 1800w\" sizes=\"auto, (max-width: 1024px) 100vw, 1024px\" \/><figcaption class=\"wp-element-caption\"><em>Presidenta en funciones Dina Boluarte apertura el APEC 2024 en Lima &#8211; Per\u00fa<\/em><\/figcaption><\/figure>\n\n\n\n<p>Por otro lado, el presidente chino, Xi Jinping, tambi\u00e9n participar\u00e1 activamente de la cumbre, aunque lo har\u00e1 de manera remota desde Beijing. En su agenda destaca la participaci\u00f3n en la inauguraci\u00f3n del megapuerto de Chancay, un proyecto de infraestructura clave para la integraci\u00f3n econ\u00f3mica de China y Per\u00fa. Ambos pa\u00edses buscan fortalecer sus relaciones bilaterales, con \u00e9nfasis en sectores como miner\u00eda e infraestructura.<\/p>\n\n\n\n<p>Sin embargo, el encuentro de los l\u00edderes mundiales no ha sido bien recibido por todos los sectores. En paralelo a los discursos y negociaciones en las salas del Gran Teatro Nacional, Lima y otras regiones del pa\u00eds han sido escenario de intensas movilizaciones en rechazo al evento, en su mayor\u00eda convocadas por transportistas, gremios sindicales y ciudadanos afectados por la inseguridad y la crisis pol\u00edtica.<\/p>\n\n\n\n<p>Las protestas se han intensificado durante los \u00faltimos d\u00edas, con bloqueos de carreteras, paros en diversas ciudades y enfrentamientos con la polic\u00eda. Desde tempranas horas del jueves, miles de transportistas y comerciantes en ciudades como Puno, Arequipa, Cusco, Piura y Lambayeque suspendieron sus actividades y se unieron al paro nacional de 72 horas. Los manifestantes exigen medidas urgentes contra la creciente ola de criminalidad que afecta a la poblaci\u00f3n, y critican la falta de respuestas efectivas por parte del gobierno.<\/p>\n\n\n\n<figure class=\"wp-block-image size-full\"><img loading=\"lazy\" decoding=\"async\" width=\"992\" height=\"558\" src=\"https:\/\/pulso27.com\/wp-content\/uploads\/2024\/11\/image-22.png\" alt=\"\" class=\"wp-image-2928\" srcset=\"https:\/\/pulso27.com\/wp-content\/uploads\/2024\/11\/image-22.png 992w, https:\/\/pulso27.com\/wp-content\/uploads\/2024\/11\/image-22-300x169.png 300w, https:\/\/pulso27.com\/wp-content\/uploads\/2024\/11\/image-22-768x432.png 768w, https:\/\/pulso27.com\/wp-content\/uploads\/2024\/11\/image-22-18x10.png 18w\" sizes=\"auto, (max-width: 992px) 100vw, 992px\" \/><figcaption class=\"wp-element-caption\"><em>Los transportistas lideran las protestas contra la criminalidad y el sicariato en Per\u00fa<\/em><\/figcaption><\/figure>\n\n\n\n<p>En la capital, los efectos del paro fueron palpables con una significativa escasez de transporte p\u00fablico, especialmente en distritos como San Juan de Miraflores, Los Olivos y El Agustino, donde los ciudadanos tuvieron que esperar m\u00e1s de una hora para abordar buses. La Confederaci\u00f3n General de Trabajadores del Per\u00fa (CGTP) y la Confederaci\u00f3n Nacional de Comerciantes (Conaco) tambi\u00e9n se sumaron a las protestas, exigiendo medidas contra la corrupci\u00f3n y la violencia. En medio de las marchas, se produjeron enfrentamientos con las fuerzas del orden, que respondieron con bombas lacrim\u00f3genas y perdigones en varios puntos del centro hist\u00f3rico de Lima.<\/p>\n\n\n\n<p>En Arequipa, la situaci\u00f3n se complic\u00f3 a\u00fan m\u00e1s cuando varios obreros del sindicato de construcci\u00f3n civil fueron heridos por disparos de perdigones de la Polic\u00eda Nacional del Per\u00fa (PNP), lo que desat\u00f3 fuertes cr\u00edticas tanto de la sociedad civil como de sectores pol\u00edticos. La Defensor\u00eda del Pueblo expres\u00f3 su preocupaci\u00f3n por la \u00abbrutal represi\u00f3n\u00bb y exigi\u00f3 el respeto al derecho de los ciudadanos a manifestarse pac\u00edficamente.<\/p>\n\n\n\n<figure class=\"wp-block-image size-full is-resized\"><img loading=\"lazy\" decoding=\"async\" width=\"640\" height=\"374\" src=\"https:\/\/pulso27.com\/wp-content\/uploads\/2024\/11\/image-20.png\" alt=\"\" class=\"wp-image-2926\" style=\"width:740px;height:auto\" srcset=\"https:\/\/pulso27.com\/wp-content\/uploads\/2024\/11\/image-20.png 640w, https:\/\/pulso27.com\/wp-content\/uploads\/2024\/11\/image-20-300x175.png 300w, https:\/\/pulso27.com\/wp-content\/uploads\/2024\/11\/image-20-18x12.png 18w\" sizes=\"auto, (max-width: 640px) 100vw, 640px\" \/><figcaption class=\"wp-element-caption\"><em>Heridos con perdigones lanzados por la Polic\u00eda Nacional de la ciudad de Arequipa<\/em><\/figcaption><\/figure>\n\n\n\n<p>En Puno, la situaci\u00f3n fue igualmente tensa, con pobladores de la regi\u00f3n sur bloqueando el puente internacional de Ilave, una de las principales rutas hacia Bolivia. Los transportistas suspendieron sus actividades en solidaridad con el paro nacional, y se reportaron enfrentamientos entre manifestantes y autoridades. En el sur, en ciudades como Cusco, se produjeron bloqueos similares, y los mercados permanecieron cerrados como parte de la huelga.<\/p>\n\n\n\n<p>En otras regiones, como Cajamarca, la protesta tom\u00f3 un giro m\u00e1s simb\u00f3lico cuando el congresista Hamlet Echevarr\u00eda fue forzado a marchar con los manifestantes, como muestra de descontento por la gesti\u00f3n del gobierno en materia de seguridad y corrupci\u00f3n.<\/p>\n\n\n\n<p>El descontento social en Per\u00fa se ha visto exacerbado por la sensaci\u00f3n de que el APEC 2024, aunque es una oportunidad para el pa\u00eds de recibir inversi\u00f3n extranjera y fortalecer sus lazos comerciales, est\u00e1 ocurriendo en un momento de inestabilidad interna. La presidenta Dina Boluarte, quien ha recibido a varios de los l\u00edderes mundiales, ha intentado proyectar una imagen positiva del evento, destacando que Per\u00fa est\u00e1 \u00ababierto a la inversi\u00f3n internacional\u00bb y que la estabilidad econ\u00f3mica del pa\u00eds es uno de los pilares de su administraci\u00f3n.<\/p>\n\n\n<div class=\"wp-block-image\">\n<figure class=\"alignleft size-large is-resized\"><img loading=\"lazy\" decoding=\"async\" width=\"594\" height=\"1024\" src=\"https:\/\/pulso27.com\/wp-content\/uploads\/2024\/11\/image-24-594x1024.png\" alt=\"\" class=\"wp-image-2930\" style=\"width:420px;height:auto\" srcset=\"https:\/\/pulso27.com\/wp-content\/uploads\/2024\/11\/image-24-594x1024.png 594w, https:\/\/pulso27.com\/wp-content\/uploads\/2024\/11\/image-24-174x300.png 174w, https:\/\/pulso27.com\/wp-content\/uploads\/2024\/11\/image-24-7x12.png 7w, https:\/\/pulso27.com\/wp-content\/uploads\/2024\/11\/image-24.png 696w\" sizes=\"auto, (max-width: 594px) 100vw, 594px\" \/><figcaption class=\"wp-element-caption\"><em>Las protestas continuar\u00e1n durante el APEC 2024<\/em><\/figcaption><\/figure><\/div>\n\n\n<p>Sin embargo, las manifestaciones demuestran que, para muchos peruanos, la prioridad sigue siendo la seguridad y el bienestar social, y que las reformas pol\u00edticas y econ\u00f3micas necesarias para enfrentar la creciente criminalidad no han llegado con la misma urgencia que las relaciones internacionales.<\/p>\n\n\n\n<p>El desarrollo de estos eventos y el resultado de las discusiones en el APEC ser\u00e1n clave para definir el rumbo de Per\u00fa en los pr\u00f3ximos a\u00f1os, pero tambi\u00e9n lo ser\u00e1 la capacidad del gobierno de abordar las demandas sociales que, por el momento, han eclipsado los debates globales de la cumbre.<\/p>\n\n\n\n<p>Mientras tanto, el mundo sigue atento a las discusiones entre las econom\u00edas m\u00e1s poderosas, con especial inter\u00e9s en las relaciones entre EE. UU. y China, dos potencias cuya interacci\u00f3n tiene implicaciones no solo para la regi\u00f3n Asia-Pac\u00edfico, sino para el equilibrio global en t\u00e9rminos de comercio y geopol\u00edtica.<\/p>\n\n\n\n<p>Sin embargo, en las calles de Lima y otras ciudades peruanas, los reclamos de justicia social resuenan con fuerza, recordando que la pol\u00edtica local y el bienestar de la poblaci\u00f3n siguen siendo factores determinantes en la percepci\u00f3n y \u00e9xito de eventos internacionales de esta magnitud.<\/p>","protected":false},"excerpt":{"rendered":"<p>El Foro de Cooperaci\u00f3n Econ\u00f3mica Asia-Pac\u00edfico (APEC) 2024, que se lleva a cabo entre el 14 y el 16 de noviembre en Lima, ha atra\u00eddo la atenci\u00f3n mundial no solo por la presencia de los l\u00edderes de las econom\u00edas m\u00e1s poderosas, sino tambi\u00e9n por las intensas protestas que han marcado el comienzo de la cumbre. [&hellip;]<\/p>\n","protected":false},"author":7,"featured_media":2925,"comment_status":"open","ping_status":"open","sticky":false,"template":"","format":"standard","meta":{"footnotes":""},"categories":[173,180],"tags":[1914,1572,316],"class_list":["post-2923","post","type-post","status-publish","format-standard","has-post-thumbnail","hentry","category-internacional","category-politica","tag-apec2024","tag-paronacional","tag-peru"],"yoast_head":"<!-- This site is optimized with the Yoast SEO plugin v27.4 - https:\/\/yoast.com\/product\/yoast-seo-wordpress\/ -->\n<title>Presidentes de China y Estados Unidos en APEC 2024 de Per\u00fa - Pulso27<\/title>\n<meta name=\"robots\" content=\"index, follow, max-snippet:-1, max-image-preview:large, max-video-preview:-1\" \/>\n<link rel=\"canonical\" href=\"https:\/\/pulso27.com\/en\/actualidad\/politica\/presidentes-de-china-y-estados-unidos-en-apec-2024-de-peru\/\" \/>\n<meta property=\"og:locale\" content=\"en_US\" \/>\n<meta property=\"og:type\" content=\"article\" \/>\n<meta property=\"og:title\" content=\"Presidentes de China y Estados Unidos en APEC 2024 de Per\u00fa - Pulso27\" \/>\n<meta property=\"og:description\" content=\"El Foro de Cooperaci\u00f3n Econ\u00f3mica Asia-Pac\u00edfico (APEC) 2024, que se lleva a cabo entre el 14 y el 16 de noviembre en Lima, ha atra\u00eddo la atenci\u00f3n mundial no solo por la presencia de los l\u00edderes de las econom\u00edas m\u00e1s poderosas, sino tambi\u00e9n por las intensas protestas que han marcado el comienzo de la cumbre. [&hellip;]\" \/>\n<meta property=\"og:url\" content=\"https:\/\/pulso27.com\/en\/actualidad\/politica\/presidentes-de-china-y-estados-unidos-en-apec-2024-de-peru\/\" \/>\n<meta property=\"og:site_name\" content=\"Pulso27\" \/>\n<meta property=\"article:publisher\" content=\"https:\/\/www.facebook.com\/pulso27\/\" \/>\n<meta property=\"article:published_time\" content=\"2024-11-14T16:16:29+00:00\" \/>\n<meta property=\"article:modified_time\" content=\"2024-11-14T16:16:33+00:00\" \/>\n<meta property=\"og:image\" content=\"https:\/\/pulso27.com\/wp-content\/uploads\/2024\/11\/APECOK.png\" \/>\n\t<meta property=\"og:image:width\" content=\"1200\" \/>\n\t<meta property=\"og:image:height\" content=\"675\" \/>\n\t<meta property=\"og:image:type\" content=\"image\/png\" \/>\n<meta name=\"author\" content=\"Tupaq\" \/>\n<meta name=\"twitter:card\" content=\"summary_large_image\" \/>\n<meta name=\"twitter:creator\" content=\"@Pulso_27\" \/>\n<meta name=\"twitter:site\" content=\"@Pulso_27\" \/>\n<meta name=\"twitter:label1\" content=\"Written by\" \/>\n\t<meta name=\"twitter:data1\" content=\"Tupaq\" \/>\n\t<meta name=\"twitter:label2\" content=\"Est. reading time\" \/>\n\t<meta name=\"twitter:data2\" content=\"6 minutes\" \/>\n<script type=\"application\/ld+json\" class=\"yoast-schema-graph\">{\"@context\":\"https:\\\/\\\/schema.org\",\"@graph\":[{\"@type\":\"Article\",\"@id\":\"https:\\\/\\\/pulso27.com\\\/actualidad\\\/politica\\\/presidentes-de-china-y-estados-unidos-en-apec-2024-de-peru\\\/#article\",\"isPartOf\":{\"@id\":\"https:\\\/\\\/pulso27.com\\\/actualidad\\\/politica\\\/presidentes-de-china-y-estados-unidos-en-apec-2024-de-peru\\\/\"},\"author\":{\"name\":\"Tupaq\",\"@id\":\"https:\\\/\\\/pulso27.com\\\/en\\\/#\\\/schema\\\/person\\\/d20fd7f5bc7f2e53fd150d43fca07a78\"},\"headline\":\"Presidentes de China y Estados Unidos en APEC 2024 de Per\u00fa\",\"datePublished\":\"2024-11-14T16:16:29+00:00\",\"dateModified\":\"2024-11-14T16:16:33+00:00\",\"mainEntityOfPage\":{\"@id\":\"https:\\\/\\\/pulso27.com\\\/actualidad\\\/politica\\\/presidentes-de-china-y-estados-unidos-en-apec-2024-de-peru\\\/\"},\"wordCount\":1095,\"commentCount\":0,\"publisher\":{\"@id\":\"https:\\\/\\\/pulso27.com\\\/en\\\/#organization\"},\"image\":{\"@id\":\"https:\\\/\\\/pulso27.com\\\/actualidad\\\/politica\\\/presidentes-de-china-y-estados-unidos-en-apec-2024-de-peru\\\/#primaryimage\"},\"thumbnailUrl\":\"https:\\\/\\\/pulso27.com\\\/wp-content\\\/uploads\\\/2024\\\/11\\\/APECOK.png\",\"keywords\":[\"APEC2024\",\"ParoNacional\",\"Per\u00fa\"],\"articleSection\":[\"Internacional\",\"Pol\u00edtica\"],\"inLanguage\":\"en-US\",\"potentialAction\":[{\"@type\":\"CommentAction\",\"name\":\"Comment\",\"target\":[\"https:\\\/\\\/pulso27.com\\\/actualidad\\\/politica\\\/presidentes-de-china-y-estados-unidos-en-apec-2024-de-peru\\\/#respond\"]}]},{\"@type\":\"WebPage\",\"@id\":\"https:\\\/\\\/pulso27.com\\\/actualidad\\\/politica\\\/presidentes-de-china-y-estados-unidos-en-apec-2024-de-peru\\\/\",\"url\":\"https:\\\/\\\/pulso27.com\\\/actualidad\\\/politica\\\/presidentes-de-china-y-estados-unidos-en-apec-2024-de-peru\\\/\",\"name\":\"Presidentes de China y Estados Unidos en APEC 2024 de Per\u00fa - Pulso27\",\"isPartOf\":{\"@id\":\"https:\\\/\\\/pulso27.com\\\/en\\\/#website\"},\"primaryImageOfPage\":{\"@id\":\"https:\\\/\\\/pulso27.com\\\/actualidad\\\/politica\\\/presidentes-de-china-y-estados-unidos-en-apec-2024-de-peru\\\/#primaryimage\"},\"image\":{\"@id\":\"https:\\\/\\\/pulso27.com\\\/actualidad\\\/politica\\\/presidentes-de-china-y-estados-unidos-en-apec-2024-de-peru\\\/#primaryimage\"},\"thumbnailUrl\":\"https:\\\/\\\/pulso27.com\\\/wp-content\\\/uploads\\\/2024\\\/11\\\/APECOK.png\",\"datePublished\":\"2024-11-14T16:16:29+00:00\",\"dateModified\":\"2024-11-14T16:16:33+00:00\",\"breadcrumb\":{\"@id\":\"https:\\\/\\\/pulso27.com\\\/actualidad\\\/politica\\\/presidentes-de-china-y-estados-unidos-en-apec-2024-de-peru\\\/#breadcrumb\"},\"inLanguage\":\"en-US\",\"potentialAction\":[{\"@type\":\"ReadAction\",\"target\":[\"https:\\\/\\\/pulso27.com\\\/actualidad\\\/politica\\\/presidentes-de-china-y-estados-unidos-en-apec-2024-de-peru\\\/\"]}]},{\"@type\":\"ImageObject\",\"inLanguage\":\"en-US\",\"@id\":\"https:\\\/\\\/pulso27.com\\\/actualidad\\\/politica\\\/presidentes-de-china-y-estados-unidos-en-apec-2024-de-peru\\\/#primaryimage\",\"url\":\"https:\\\/\\\/pulso27.com\\\/wp-content\\\/uploads\\\/2024\\\/11\\\/APECOK.png\",\"contentUrl\":\"https:\\\/\\\/pulso27.com\\\/wp-content\\\/uploads\\\/2024\\\/11\\\/APECOK.png\",\"width\":1200,\"height\":675},{\"@type\":\"BreadcrumbList\",\"@id\":\"https:\\\/\\\/pulso27.com\\\/actualidad\\\/politica\\\/presidentes-de-china-y-estados-unidos-en-apec-2024-de-peru\\\/#breadcrumb\",\"itemListElement\":[{\"@type\":\"ListItem\",\"position\":1,\"name\":\"Portada\",\"item\":\"https:\\\/\\\/pulso27.com\\\/\"},{\"@type\":\"ListItem\",\"position\":2,\"name\":\"Presidentes de China y Estados Unidos en APEC 2024 de Per\u00fa\"}]},{\"@type\":\"WebSite\",\"@id\":\"https:\\\/\\\/pulso27.com\\\/en\\\/#website\",\"url\":\"https:\\\/\\\/pulso27.com\\\/en\\\/\",\"name\":\"Pulso27\",\"description\":\"Web de noticias y publicidad\",\"publisher\":{\"@id\":\"https:\\\/\\\/pulso27.com\\\/en\\\/#organization\"},\"alternateName\":\"El pulso del pueblo\",\"potentialAction\":[{\"@type\":\"SearchAction\",\"target\":{\"@type\":\"EntryPoint\",\"urlTemplate\":\"https:\\\/\\\/pulso27.com\\\/en\\\/?s={search_term_string}\"},\"query-input\":{\"@type\":\"PropertyValueSpecification\",\"valueRequired\":true,\"valueName\":\"search_term_string\"}}],\"inLanguage\":\"en-US\"},{\"@type\":\"Organization\",\"@id\":\"https:\\\/\\\/pulso27.com\\\/en\\\/#organization\",\"name\":\"Pulso27\",\"url\":\"https:\\\/\\\/pulso27.com\\\/en\\\/\",\"logo\":{\"@type\":\"ImageObject\",\"inLanguage\":\"en-US\",\"@id\":\"https:\\\/\\\/pulso27.com\\\/en\\\/#\\\/schema\\\/logo\\\/image\\\/\",\"url\":\"https:\\\/\\\/pulso27.com\\\/wp-content\\\/uploads\\\/2026\\\/02\\\/Logotipo-de-la-organizacion-696-x-696-px-ok.png\",\"contentUrl\":\"https:\\\/\\\/pulso27.com\\\/wp-content\\\/uploads\\\/2026\\\/02\\\/Logotipo-de-la-organizacion-696-x-696-px-ok.png\",\"width\":696,\"height\":696,\"caption\":\"Pulso27\"},\"image\":{\"@id\":\"https:\\\/\\\/pulso27.com\\\/en\\\/#\\\/schema\\\/logo\\\/image\\\/\"},\"sameAs\":[\"https:\\\/\\\/www.facebook.com\\\/pulso27\\\/\",\"https:\\\/\\\/x.com\\\/Pulso_27\",\"https:\\\/\\\/www.youtube.com\\\/@Pulso27\",\"https:\\\/\\\/www.tiktok.com\\\/@pulso_27\"]},{\"@type\":\"Person\",\"@id\":\"https:\\\/\\\/pulso27.com\\\/en\\\/#\\\/schema\\\/person\\\/d20fd7f5bc7f2e53fd150d43fca07a78\",\"name\":\"Tupaq\",\"image\":{\"@type\":\"ImageObject\",\"inLanguage\":\"en-US\",\"@id\":\"https:\\\/\\\/secure.gravatar.com\\\/avatar\\\/7929e9b034aeea560319a601e4f04c59eb5f45a79eafe192adabb67e9604e7e7?s=96&d=mm&r=g\",\"url\":\"https:\\\/\\\/secure.gravatar.com\\\/avatar\\\/7929e9b034aeea560319a601e4f04c59eb5f45a79eafe192adabb67e9604e7e7?s=96&d=mm&r=g\",\"contentUrl\":\"https:\\\/\\\/secure.gravatar.com\\\/avatar\\\/7929e9b034aeea560319a601e4f04c59eb5f45a79eafe192adabb67e9604e7e7?s=96&d=mm&r=g\",\"caption\":\"Tupaq\"},\"url\":\"https:\\\/\\\/pulso27.com\\\/en\\\/author\\\/tupaq\\\/\"}]}<\/script>\n<!-- \/ Yoast SEO plugin. -->","yoast_head_json":{"title":"Presidentes de China y Estados Unidos en APEC 2024 de Per\u00fa - Pulso27","robots":{"index":"index","follow":"follow","max-snippet":"max-snippet:-1","max-image-preview":"max-image-preview:large","max-video-preview":"max-video-preview:-1"},"canonical":"https:\/\/pulso27.com\/en\/actualidad\/politica\/presidentes-de-china-y-estados-unidos-en-apec-2024-de-peru\/","og_locale":"en_US","og_type":"article","og_title":"Presidentes de China y Estados Unidos en APEC 2024 de Per\u00fa - Pulso27","og_description":"El Foro de Cooperaci\u00f3n Econ\u00f3mica Asia-Pac\u00edfico (APEC) 2024, que se lleva a cabo entre el 14 y el 16 de noviembre en Lima, ha atra\u00eddo la atenci\u00f3n mundial no solo por la presencia de los l\u00edderes de las econom\u00edas m\u00e1s poderosas, sino tambi\u00e9n por las intensas protestas que han marcado el comienzo de la cumbre. [&hellip;]","og_url":"https:\/\/pulso27.com\/en\/actualidad\/politica\/presidentes-de-china-y-estados-unidos-en-apec-2024-de-peru\/","og_site_name":"Pulso27","article_publisher":"https:\/\/www.facebook.com\/pulso27\/","article_published_time":"2024-11-14T16:16:29+00:00","article_modified_time":"2024-11-14T16:16:33+00:00","og_image":[{"width":1200,"height":675,"url":"https:\/\/pulso27.com\/wp-content\/uploads\/2024\/11\/APECOK.png","type":"image\/png"}],"author":"Tupaq","twitter_card":"summary_large_image","twitter_creator":"@Pulso_27","twitter_site":"@Pulso_27","twitter_misc":{"Written by":"Tupaq","Est. reading time":"6 minutes"},"schema":{"@context":"https:\/\/schema.org","@graph":[{"@type":"Article","@id":"https:\/\/pulso27.com\/actualidad\/politica\/presidentes-de-china-y-estados-unidos-en-apec-2024-de-peru\/#article","isPartOf":{"@id":"https:\/\/pulso27.com\/actualidad\/politica\/presidentes-de-china-y-estados-unidos-en-apec-2024-de-peru\/"},"author":{"name":"Tupaq","@id":"https:\/\/pulso27.com\/en\/#\/schema\/person\/d20fd7f5bc7f2e53fd150d43fca07a78"},"headline":"Presidentes de China y Estados Unidos en APEC 2024 de Per\u00fa","datePublished":"2024-11-14T16:16:29+00:00","dateModified":"2024-11-14T16:16:33+00:00","mainEntityOfPage":{"@id":"https:\/\/pulso27.com\/actualidad\/politica\/presidentes-de-china-y-estados-unidos-en-apec-2024-de-peru\/"},"wordCount":1095,"commentCount":0,"publisher":{"@id":"https:\/\/pulso27.com\/en\/#organization"},"image":{"@id":"https:\/\/pulso27.com\/actualidad\/politica\/presidentes-de-china-y-estados-unidos-en-apec-2024-de-peru\/#primaryimage"},"thumbnailUrl":"https:\/\/pulso27.com\/wp-content\/uploads\/2024\/11\/APECOK.png","keywords":["APEC2024","ParoNacional","Per\u00fa"],"articleSection":["Internacional","Pol\u00edtica"],"inLanguage":"en-US","potentialAction":[{"@type":"CommentAction","name":"Comment","target":["https:\/\/pulso27.com\/actualidad\/politica\/presidentes-de-china-y-estados-unidos-en-apec-2024-de-peru\/#respond"]}]},{"@type":"WebPage","@id":"https:\/\/pulso27.com\/actualidad\/politica\/presidentes-de-china-y-estados-unidos-en-apec-2024-de-peru\/","url":"https:\/\/pulso27.com\/actualidad\/politica\/presidentes-de-china-y-estados-unidos-en-apec-2024-de-peru\/","name":"Presidentes de China y Estados Unidos en APEC 2024 de Per\u00fa - Pulso27","isPartOf":{"@id":"https:\/\/pulso27.com\/en\/#website"},"primaryImageOfPage":{"@id":"https:\/\/pulso27.com\/actualidad\/politica\/presidentes-de-china-y-estados-unidos-en-apec-2024-de-peru\/#primaryimage"},"image":{"@id":"https:\/\/pulso27.com\/actualidad\/politica\/presidentes-de-china-y-estados-unidos-en-apec-2024-de-peru\/#primaryimage"},"thumbnailUrl":"https:\/\/pulso27.com\/wp-content\/uploads\/2024\/11\/APECOK.png","datePublished":"2024-11-14T16:16:29+00:00","dateModified":"2024-11-14T16:16:33+00:00","breadcrumb":{"@id":"https:\/\/pulso27.com\/actualidad\/politica\/presidentes-de-china-y-estados-unidos-en-apec-2024-de-peru\/#breadcrumb"},"inLanguage":"en-US","potentialAction":[{"@type":"ReadAction","target":["https:\/\/pulso27.com\/actualidad\/politica\/presidentes-de-china-y-estados-unidos-en-apec-2024-de-peru\/"]}]},{"@type":"ImageObject","inLanguage":"en-US","@id":"https:\/\/pulso27.com\/actualidad\/politica\/presidentes-de-china-y-estados-unidos-en-apec-2024-de-peru\/#primaryimage","url":"https:\/\/pulso27.com\/wp-content\/uploads\/2024\/11\/APECOK.png","contentUrl":"https:\/\/pulso27.com\/wp-content\/uploads\/2024\/11\/APECOK.png","width":1200,"height":675},{"@type":"BreadcrumbList","@id":"https:\/\/pulso27.com\/actualidad\/politica\/presidentes-de-china-y-estados-unidos-en-apec-2024-de-peru\/#breadcrumb","itemListElement":[{"@type":"ListItem","position":1,"name":"Portada","item":"https:\/\/pulso27.com\/"},{"@type":"ListItem","position":2,"name":"Presidentes de China y Estados Unidos en APEC 2024 de Per\u00fa"}]},{"@type":"WebSite","@id":"https:\/\/pulso27.com\/en\/#website","url":"https:\/\/pulso27.com\/en\/","name":"Pulso27","description":"Web de noticias y publicidad","publisher":{"@id":"https:\/\/pulso27.com\/en\/#organization"},"alternateName":"El pulso del pueblo","potentialAction":[{"@type":"SearchAction","target":{"@type":"EntryPoint","urlTemplate":"https:\/\/pulso27.com\/en\/?s={search_term_string}"},"query-input":{"@type":"PropertyValueSpecification","valueRequired":true,"valueName":"search_term_string"}}],"inLanguage":"en-US"},{"@type":"Organization","@id":"https:\/\/pulso27.com\/en\/#organization","name":"Pulso27","url":"https:\/\/pulso27.com\/en\/","logo":{"@type":"ImageObject","inLanguage":"en-US","@id":"https:\/\/pulso27.com\/en\/#\/schema\/logo\/image\/","url":"https:\/\/pulso27.com\/wp-content\/uploads\/2026\/02\/Logotipo-de-la-organizacion-696-x-696-px-ok.png","contentUrl":"https:\/\/pulso27.com\/wp-content\/uploads\/2026\/02\/Logotipo-de-la-organizacion-696-x-696-px-ok.png","width":696,"height":696,"caption":"Pulso27"},"image":{"@id":"https:\/\/pulso27.com\/en\/#\/schema\/logo\/image\/"},"sameAs":["https:\/\/www.facebook.com\/pulso27\/","https:\/\/x.com\/Pulso_27","https:\/\/www.youtube.com\/@Pulso27","https:\/\/www.tiktok.com\/@pulso_27"]},{"@type":"Person","@id":"https:\/\/pulso27.com\/en\/#\/schema\/person\/d20fd7f5bc7f2e53fd150d43fca07a78","name":"Tupaq","image":{"@type":"ImageObject","inLanguage":"en-US","@id":"https:\/\/secure.gravatar.com\/avatar\/7929e9b034aeea560319a601e4f04c59eb5f45a79eafe192adabb67e9604e7e7?s=96&d=mm&r=g","url":"https:\/\/secure.gravatar.com\/avatar\/7929e9b034aeea560319a601e4f04c59eb5f45a79eafe192adabb67e9604e7e7?s=96&d=mm&r=g","contentUrl":"https:\/\/secure.gravatar.com\/avatar\/7929e9b034aeea560319a601e4f04c59eb5f45a79eafe192adabb67e9604e7e7?s=96&d=mm&r=g","caption":"Tupaq"},"url":"https:\/\/pulso27.com\/en\/author\/tupaq\/"}]}},"amp_enabled":true,"_links":{"self":[{"href":"https:\/\/pulso27.com\/en\/wp-json\/wp\/v2\/posts\/2923","targetHints":{"allow":["GET"]}}],"collection":[{"href":"https:\/\/pulso27.com\/en\/wp-json\/wp\/v2\/posts"}],"about":[{"href":"https:\/\/pulso27.com\/en\/wp-json\/wp\/v2\/types\/post"}],"author":[{"embeddable":true,"href":"https:\/\/pulso27.com\/en\/wp-json\/wp\/v2\/users\/7"}],"replies":[{"embeddable":true,"href":"https:\/\/pulso27.com\/en\/wp-json\/wp\/v2\/comments?post=2923"}],"version-history":[{"count":2,"href":"https:\/\/pulso27.com\/en\/wp-json\/wp\/v2\/posts\/2923\/revisions"}],"predecessor-version":[{"id":2935,"href":"https:\/\/pulso27.com\/en\/wp-json\/wp\/v2\/posts\/2923\/revisions\/2935"}],"wp:featuredmedia":[{"embeddable":true,"href":"https:\/\/pulso27.com\/en\/wp-json\/wp\/v2\/media\/2925"}],"wp:attachment":[{"href":"https:\/\/pulso27.com\/en\/wp-json\/wp\/v2\/media?parent=2923"}],"wp:term":[{"taxonomy":"category","embeddable":true,"href":"https:\/\/pulso27.com\/en\/wp-json\/wp\/v2\/categories?post=2923"},{"taxonomy":"post_tag","embeddable":true,"href":"https:\/\/pulso27.com\/en\/wp-json\/wp\/v2\/tags?post=2923"}],"curies":[{"name":"wp","href":"https:\/\/api.w.org\/{rel}","templated":true}]}}