{"id":3032,"date":"2024-12-06T16:39:34","date_gmt":"2024-12-06T11:39:34","guid":{"rendered":"https:\/\/pulso27.com\/?p=3032"},"modified":"2024-12-06T16:39:37","modified_gmt":"2024-12-06T11:39:37","slug":"congreso-peruano-inicia-investigacion-a-dina-boluarte-por-el-caso-rolex-y-las-muertes-en-protestas-de-2022-2023","status":"publish","type":"post","link":"https:\/\/pulso27.com\/en\/actualidad\/congreso-peruano-inicia-investigacion-a-dina-boluarte-por-el-caso-rolex-y-las-muertes-en-protestas-de-2022-2023\/","title":{"rendered":"Congreso peruano inicia investigaci\u00f3n a Dina Boluarte por el Caso \u201cRolex\u201d y las muertes en protestas de 2022-2023"},"content":{"rendered":"<p>El Congreso de la Rep\u00fablica del Per\u00fa ha dado un paso importante en la investigaci\u00f3n de dos graves acusaciones contra la presidenta Dina Boluarte. La Comisi\u00f3n Permanente aprob\u00f3 un plazo de 15 d\u00edas para que la Subcomisi\u00f3n de Acusaciones Constitucionales aborde las denuncias presentadas por la Fiscal\u00eda de la Naci\u00f3n en torno al caso \u201cRolex\u201d y las muertes ocurridas durante las protestas sociales de 2022 y 2023, en las que perdieron la vida al menos 49 personas.<\/p>\n\n\n\n<figure class=\"wp-block-image size-full\"><img loading=\"lazy\" decoding=\"async\" width=\"1024\" height=\"768\" src=\"https:\/\/pulso27.com\/wp-content\/uploads\/2024\/12\/image-12.png\" alt=\"\" class=\"wp-image-3038\" srcset=\"https:\/\/pulso27.com\/wp-content\/uploads\/2024\/12\/image-12.png 1024w, https:\/\/pulso27.com\/wp-content\/uploads\/2024\/12\/image-12-300x225.png 300w, https:\/\/pulso27.com\/wp-content\/uploads\/2024\/12\/image-12-768x576.png 768w, https:\/\/pulso27.com\/wp-content\/uploads\/2024\/12\/image-12-16x12.png 16w\" sizes=\"auto, (max-width: 1024px) 100vw, 1024px\" \/><figcaption class=\"wp-element-caption\"><em>La Comisi\u00f3n Permanente aprob\u00f3 dar 15 d\u00edas para que la Subcomisi\u00f3n de Acusaciones Constitucionales investigue caso \u00abRolex\u00bb y muertes en protestas del 2022 y 2023<\/em><\/figcaption><\/figure>\n\n\n\n<p>El caso \u201cRolex\u201d involucra a la mandataria en una denuncia por presunto cohecho pasivo impropio. La Fiscal\u00eda atribuye a Boluarte la recepci\u00f3n de relojes y pulseras de lujo como donaciones irregulares del gobernador regional de Ayacucho, Wilfredo Oscorima, a cambio de aprobar transferencias de recursos a esa regi\u00f3n. Este caso ha generado gran revuelo, ya que la mandataria no incluy\u00f3 estas joyas en su declaraci\u00f3n de bienes, lo que ha sido interpretado como un posible delito de corrupci\u00f3n.<\/p>\n\n\n\n<p>Por otro lado, la denuncia relacionada con las protestas de diciembre de 2022 a marzo de 2023 est\u00e1 centrada en el presunto delito de homicidio calificado, as\u00ed como lesiones graves y leves. La acusaci\u00f3n sostiene que la represi\u00f3n durante estas manifestaciones, que exig\u00edan la renuncia de la presidenta, result\u00f3 en la muerte de 49 personas y dej\u00f3 a cientos de heridos. En esta investigaci\u00f3n tambi\u00e9n se encuentra involucrado el equipo de exministros de Boluarte, entre ellos, el exministro del Interior, Vicente Romero, y el exministro de Defensa, Alberto Ot\u00e1rola.<\/p>\n\n\n\n<figure class=\"wp-block-image size-full is-resized\"><img loading=\"lazy\" decoding=\"async\" width=\"640\" height=\"371\" src=\"https:\/\/pulso27.com\/wp-content\/uploads\/2024\/12\/image-8.png\" alt=\"\" class=\"wp-image-3034\" style=\"width:740px;height:auto\" srcset=\"https:\/\/pulso27.com\/wp-content\/uploads\/2024\/12\/image-8.png 640w, https:\/\/pulso27.com\/wp-content\/uploads\/2024\/12\/image-8-300x174.png 300w, https:\/\/pulso27.com\/wp-content\/uploads\/2024\/12\/image-8-18x10.png 18w\" sizes=\"auto, (max-width: 640px) 100vw, 640px\" \/><figcaption class=\"wp-element-caption\"><em>Investigaci\u00f3n por el caso \u00abRolex\u00bb involucra al gobernador regional de Ayacucho<\/em><\/figcaption><\/figure>\n\n\n\n<p>La votaci\u00f3n de este jueves en el Congreso fue ajustada: 13 congresistas votaron a favor de la investigaci\u00f3n por la denuncia de las muertes en protestas, mientras que 11 se opusieron, principalmente miembros de los partidos Fuerza Popular, Alianza Para el Progreso (APP) y Renovaci\u00f3n Popular. En contraste, la denuncia por el caso \u201cRolex\u201d recibi\u00f3 un apoyo mayoritario, con 22 votos a favor.<\/p>\n\n\n\n<p>El proceso parlamentario se desarrollar\u00e1 en un plazo de 15 d\u00edas, durante los cuales la Subcomisi\u00f3n de Acusaciones Constitucionales, presidida por la congresista Mar\u00eda Acu\u00f1a (APP), deber\u00e1 designar a un delegado que se encargue de elaborar un informe final. Este informe ser\u00e1 sometido a un debate en la subcomisi\u00f3n, donde se determinar\u00e1 si las denuncias proceden para su posterior traslado al pleno del Congreso.<\/p>\n\n\n\n<figure class=\"wp-block-image size-full is-resized\"><img loading=\"lazy\" decoding=\"async\" width=\"600\" height=\"338\" src=\"https:\/\/pulso27.com\/wp-content\/uploads\/2024\/12\/image-9.png\" alt=\"\" class=\"wp-image-3035\" style=\"width:740px;height:auto\" srcset=\"https:\/\/pulso27.com\/wp-content\/uploads\/2024\/12\/image-9.png 600w, https:\/\/pulso27.com\/wp-content\/uploads\/2024\/12\/image-9-300x169.png 300w, https:\/\/pulso27.com\/wp-content\/uploads\/2024\/12\/image-9-18x10.png 18w\" sizes=\"auto, (max-width: 600px) 100vw, 600px\" \/><figcaption class=\"wp-element-caption\"><em>Tambi\u00e9n investigar\u00e1n las muertes y lesiones producidas en protestas del 2022 y 2023<\/em><\/figcaption><\/figure>\n\n\n\n<p>Aunque el plazo inicial es de 15 d\u00edas h\u00e1biles, la complejidad de ambos casos podr\u00eda extender el proceso m\u00e1s all\u00e1 de este t\u00e9rmino. A pesar de ello, la Comisi\u00f3n Permanente continuar\u00e1 su labor durante enero y febrero, lo que permitir\u00e1 que se sigan evaluando las denuncias sin interrupci\u00f3n.<\/p>\n\n\n\n<p>Adem\u00e1s, la presidenta Dina Boluarte enfrenta una nueva investigaci\u00f3n, iniciada por la Fiscal\u00eda, por un presunto abandono de cargo relacionado con una cirug\u00eda est\u00e9tica que se realiz\u00f3 en 2023. El Ministerio P\u00fablico sostiene que Boluarte no comunic\u00f3 al Congreso ni al Consejo de Ministros su incapacidad temporal para ejercer el cargo durante el per\u00edodo del 29 de junio al 9 de julio del 2023, lo que podr\u00eda constituir una omisi\u00f3n de actos funcionales o incluso abandono de cargo.<\/p>\n\n\n<div class=\"wp-block-image\">\n<figure class=\"alignleft size-full is-resized\"><img loading=\"lazy\" decoding=\"async\" width=\"819\" height=\"824\" src=\"https:\/\/pulso27.com\/wp-content\/uploads\/2024\/12\/image-11.png\" alt=\"\" class=\"wp-image-3037\" style=\"width:484px;height:auto\" srcset=\"https:\/\/pulso27.com\/wp-content\/uploads\/2024\/12\/image-11.png 819w, https:\/\/pulso27.com\/wp-content\/uploads\/2024\/12\/image-11-298x300.png 298w, https:\/\/pulso27.com\/wp-content\/uploads\/2024\/12\/image-11-150x150.png 150w, https:\/\/pulso27.com\/wp-content\/uploads\/2024\/12\/image-11-768x773.png 768w, https:\/\/pulso27.com\/wp-content\/uploads\/2024\/12\/image-11-12x12.png 12w, https:\/\/pulso27.com\/wp-content\/uploads\/2024\/12\/image-11-80x80.png 80w\" sizes=\"auto, (max-width: 819px) 100vw, 819px\" \/><\/figure><\/div>\n\n\n<p>Este c\u00famulo de investigaciones refleja una creciente presi\u00f3n pol\u00edtica y judicial sobre la mandataria, que ha tenido que lidiar con una crisis social marcada por las protestas en su contra, mientras enfrenta acusaciones graves por presuntos delitos de corrupci\u00f3n y violaciones de derechos humanos. El futuro de Boluarte parece incierto, con el Congreso realizando un seguimiento exhaustivo de estos casos clave para determinar su responsabilidad pol\u00edtica y legal.<\/p>","protected":false},"excerpt":{"rendered":"<p>El Congreso de la Rep\u00fablica del Per\u00fa ha dado un paso importante en la investigaci\u00f3n de dos graves acusaciones contra la presidenta Dina Boluarte. La Comisi\u00f3n Permanente aprob\u00f3 un plazo de 15 d\u00edas para que la Subcomisi\u00f3n de Acusaciones Constitucionales aborde las denuncias presentadas por la Fiscal\u00eda de la Naci\u00f3n en torno al caso \u201cRolex\u201d [&hellip;]<\/p>\n","protected":false},"author":10,"featured_media":3033,"comment_status":"open","ping_status":"open","sticky":false,"template":"","format":"standard","meta":{"footnotes":""},"categories":[183,174,180],"tags":[1932,839,1849,1933],"class_list":["post-3032","post","type-post","status-publish","format-standard","has-post-thumbnail","hentry","category-actualidad","category-nacional","category-politica","tag-casorolex","tag-congresoperu","tag-dinaboluarte","tag-elwayki"],"yoast_head":"<!-- This site is optimized with the Yoast SEO plugin v27.4 - https:\/\/yoast.com\/product\/yoast-seo-wordpress\/ -->\n<title>Congreso peruano inicia investigaci\u00f3n a Dina Boluarte por el Caso \u201cRolex\u201d y las muertes en protestas de 2022-2023 - Pulso27<\/title>\n<meta name=\"robots\" content=\"index, follow, max-snippet:-1, max-image-preview:large, max-video-preview:-1\" \/>\n<link rel=\"canonical\" href=\"https:\/\/pulso27.com\/en\/nacional\/congreso-peruano-inicia-investigacion-a-dina-boluarte-por-el-caso-rolex-y-las-muertes-en-protestas-de-2022-2023\/\" \/>\n<meta property=\"og:locale\" content=\"en_US\" \/>\n<meta property=\"og:type\" content=\"article\" \/>\n<meta property=\"og:title\" content=\"Congreso peruano inicia investigaci\u00f3n a Dina Boluarte por el Caso \u201cRolex\u201d y las muertes en protestas de 2022-2023 - Pulso27\" \/>\n<meta property=\"og:description\" content=\"El Congreso de la Rep\u00fablica del Per\u00fa ha dado un paso importante en la investigaci\u00f3n de dos graves acusaciones contra la presidenta Dina Boluarte. La Comisi\u00f3n Permanente aprob\u00f3 un plazo de 15 d\u00edas para que la Subcomisi\u00f3n de Acusaciones Constitucionales aborde las denuncias presentadas por la Fiscal\u00eda de la Naci\u00f3n en torno al caso \u201cRolex\u201d [&hellip;]\" \/>\n<meta property=\"og:url\" content=\"https:\/\/pulso27.com\/en\/nacional\/congreso-peruano-inicia-investigacion-a-dina-boluarte-por-el-caso-rolex-y-las-muertes-en-protestas-de-2022-2023\/\" \/>\n<meta property=\"og:site_name\" content=\"Pulso27\" \/>\n<meta property=\"article:publisher\" content=\"https:\/\/www.facebook.com\/pulso27\/\" \/>\n<meta property=\"article:published_time\" content=\"2024-12-06T11:39:34+00:00\" \/>\n<meta property=\"article:modified_time\" content=\"2024-12-06T11:39:37+00:00\" \/>\n<meta property=\"og:image\" content=\"https:\/\/pulso27.com\/wp-content\/uploads\/2024\/12\/DinaBoll.png\" \/>\n\t<meta property=\"og:image:width\" content=\"1200\" \/>\n\t<meta property=\"og:image:height\" content=\"675\" \/>\n\t<meta property=\"og:image:type\" content=\"image\/png\" \/>\n<meta name=\"author\" content=\"El Muki\" \/>\n<meta name=\"twitter:card\" content=\"summary_large_image\" \/>\n<meta name=\"twitter:creator\" content=\"@Pulso_27\" \/>\n<meta name=\"twitter:site\" content=\"@Pulso_27\" \/>\n<meta name=\"twitter:label1\" content=\"Written by\" \/>\n\t<meta name=\"twitter:data1\" content=\"El Muki\" \/>\n\t<meta name=\"twitter:label2\" content=\"Est. reading time\" \/>\n\t<meta name=\"twitter:data2\" content=\"4 minutes\" \/>\n<script type=\"application\/ld+json\" class=\"yoast-schema-graph\">{\"@context\":\"https:\\\/\\\/schema.org\",\"@graph\":[{\"@type\":\"Article\",\"@id\":\"https:\\\/\\\/pulso27.com\\\/nacional\\\/congreso-peruano-inicia-investigacion-a-dina-boluarte-por-el-caso-rolex-y-las-muertes-en-protestas-de-2022-2023\\\/#article\",\"isPartOf\":{\"@id\":\"https:\\\/\\\/pulso27.com\\\/nacional\\\/congreso-peruano-inicia-investigacion-a-dina-boluarte-por-el-caso-rolex-y-las-muertes-en-protestas-de-2022-2023\\\/\"},\"author\":{\"name\":\"El Muki\",\"@id\":\"https:\\\/\\\/pulso27.com\\\/en\\\/#\\\/schema\\\/person\\\/a0930a7f318e7d9d83bd7cffed9f34f6\"},\"headline\":\"Congreso peruano inicia investigaci\u00f3n a Dina Boluarte por el Caso \u201cRolex\u201d y las muertes en protestas de 2022-2023\",\"datePublished\":\"2024-12-06T11:39:34+00:00\",\"dateModified\":\"2024-12-06T11:39:37+00:00\",\"mainEntityOfPage\":{\"@id\":\"https:\\\/\\\/pulso27.com\\\/nacional\\\/congreso-peruano-inicia-investigacion-a-dina-boluarte-por-el-caso-rolex-y-las-muertes-en-protestas-de-2022-2023\\\/\"},\"wordCount\":665,\"commentCount\":0,\"publisher\":{\"@id\":\"https:\\\/\\\/pulso27.com\\\/en\\\/#organization\"},\"image\":{\"@id\":\"https:\\\/\\\/pulso27.com\\\/nacional\\\/congreso-peruano-inicia-investigacion-a-dina-boluarte-por-el-caso-rolex-y-las-muertes-en-protestas-de-2022-2023\\\/#primaryimage\"},\"thumbnailUrl\":\"https:\\\/\\\/pulso27.com\\\/wp-content\\\/uploads\\\/2024\\\/12\\\/DinaBoll.png\",\"keywords\":[\"CasoRolex\",\"CongresoPer\u00fa\",\"DinaBoluarte\",\"ElWayki\"],\"articleSection\":[\"Actualidad\",\"Nacional\",\"Pol\u00edtica\"],\"inLanguage\":\"en-US\",\"potentialAction\":[{\"@type\":\"CommentAction\",\"name\":\"Comment\",\"target\":[\"https:\\\/\\\/pulso27.com\\\/nacional\\\/congreso-peruano-inicia-investigacion-a-dina-boluarte-por-el-caso-rolex-y-las-muertes-en-protestas-de-2022-2023\\\/#respond\"]}]},{\"@type\":\"WebPage\",\"@id\":\"https:\\\/\\\/pulso27.com\\\/nacional\\\/congreso-peruano-inicia-investigacion-a-dina-boluarte-por-el-caso-rolex-y-las-muertes-en-protestas-de-2022-2023\\\/\",\"url\":\"https:\\\/\\\/pulso27.com\\\/nacional\\\/congreso-peruano-inicia-investigacion-a-dina-boluarte-por-el-caso-rolex-y-las-muertes-en-protestas-de-2022-2023\\\/\",\"name\":\"Congreso peruano inicia investigaci\u00f3n a Dina Boluarte por el Caso \u201cRolex\u201d y las muertes en protestas de 2022-2023 - Pulso27\",\"isPartOf\":{\"@id\":\"https:\\\/\\\/pulso27.com\\\/en\\\/#website\"},\"primaryImageOfPage\":{\"@id\":\"https:\\\/\\\/pulso27.com\\\/nacional\\\/congreso-peruano-inicia-investigacion-a-dina-boluarte-por-el-caso-rolex-y-las-muertes-en-protestas-de-2022-2023\\\/#primaryimage\"},\"image\":{\"@id\":\"https:\\\/\\\/pulso27.com\\\/nacional\\\/congreso-peruano-inicia-investigacion-a-dina-boluarte-por-el-caso-rolex-y-las-muertes-en-protestas-de-2022-2023\\\/#primaryimage\"},\"thumbnailUrl\":\"https:\\\/\\\/pulso27.com\\\/wp-content\\\/uploads\\\/2024\\\/12\\\/DinaBoll.png\",\"datePublished\":\"2024-12-06T11:39:34+00:00\",\"dateModified\":\"2024-12-06T11:39:37+00:00\",\"breadcrumb\":{\"@id\":\"https:\\\/\\\/pulso27.com\\\/nacional\\\/congreso-peruano-inicia-investigacion-a-dina-boluarte-por-el-caso-rolex-y-las-muertes-en-protestas-de-2022-2023\\\/#breadcrumb\"},\"inLanguage\":\"en-US\",\"potentialAction\":[{\"@type\":\"ReadAction\",\"target\":[\"https:\\\/\\\/pulso27.com\\\/nacional\\\/congreso-peruano-inicia-investigacion-a-dina-boluarte-por-el-caso-rolex-y-las-muertes-en-protestas-de-2022-2023\\\/\"]}]},{\"@type\":\"ImageObject\",\"inLanguage\":\"en-US\",\"@id\":\"https:\\\/\\\/pulso27.com\\\/nacional\\\/congreso-peruano-inicia-investigacion-a-dina-boluarte-por-el-caso-rolex-y-las-muertes-en-protestas-de-2022-2023\\\/#primaryimage\",\"url\":\"https:\\\/\\\/pulso27.com\\\/wp-content\\\/uploads\\\/2024\\\/12\\\/DinaBoll.png\",\"contentUrl\":\"https:\\\/\\\/pulso27.com\\\/wp-content\\\/uploads\\\/2024\\\/12\\\/DinaBoll.png\",\"width\":1200,\"height\":675,\"caption\":\"Investigada\"},{\"@type\":\"BreadcrumbList\",\"@id\":\"https:\\\/\\\/pulso27.com\\\/nacional\\\/congreso-peruano-inicia-investigacion-a-dina-boluarte-por-el-caso-rolex-y-las-muertes-en-protestas-de-2022-2023\\\/#breadcrumb\",\"itemListElement\":[{\"@type\":\"ListItem\",\"position\":1,\"name\":\"Portada\",\"item\":\"https:\\\/\\\/pulso27.com\\\/\"},{\"@type\":\"ListItem\",\"position\":2,\"name\":\"Congreso peruano inicia investigaci\u00f3n a Dina Boluarte por el Caso \u201cRolex\u201d y las muertes en protestas de 2022-2023\"}]},{\"@type\":\"WebSite\",\"@id\":\"https:\\\/\\\/pulso27.com\\\/en\\\/#website\",\"url\":\"https:\\\/\\\/pulso27.com\\\/en\\\/\",\"name\":\"Pulso27\",\"description\":\"Web de noticias y publicidad\",\"publisher\":{\"@id\":\"https:\\\/\\\/pulso27.com\\\/en\\\/#organization\"},\"alternateName\":\"El pulso del pueblo\",\"potentialAction\":[{\"@type\":\"SearchAction\",\"target\":{\"@type\":\"EntryPoint\",\"urlTemplate\":\"https:\\\/\\\/pulso27.com\\\/en\\\/?s={search_term_string}\"},\"query-input\":{\"@type\":\"PropertyValueSpecification\",\"valueRequired\":true,\"valueName\":\"search_term_string\"}}],\"inLanguage\":\"en-US\"},{\"@type\":\"Organization\",\"@id\":\"https:\\\/\\\/pulso27.com\\\/en\\\/#organization\",\"name\":\"Pulso27\",\"url\":\"https:\\\/\\\/pulso27.com\\\/en\\\/\",\"logo\":{\"@type\":\"ImageObject\",\"inLanguage\":\"en-US\",\"@id\":\"https:\\\/\\\/pulso27.com\\\/en\\\/#\\\/schema\\\/logo\\\/image\\\/\",\"url\":\"https:\\\/\\\/pulso27.com\\\/wp-content\\\/uploads\\\/2026\\\/02\\\/Logotipo-de-la-organizacion-696-x-696-px-ok.png\",\"contentUrl\":\"https:\\\/\\\/pulso27.com\\\/wp-content\\\/uploads\\\/2026\\\/02\\\/Logotipo-de-la-organizacion-696-x-696-px-ok.png\",\"width\":696,\"height\":696,\"caption\":\"Pulso27\"},\"image\":{\"@id\":\"https:\\\/\\\/pulso27.com\\\/en\\\/#\\\/schema\\\/logo\\\/image\\\/\"},\"sameAs\":[\"https:\\\/\\\/www.facebook.com\\\/pulso27\\\/\",\"https:\\\/\\\/x.com\\\/Pulso_27\",\"https:\\\/\\\/www.youtube.com\\\/@Pulso27\",\"https:\\\/\\\/www.tiktok.com\\\/@pulso_27\"]},{\"@type\":\"Person\",\"@id\":\"https:\\\/\\\/pulso27.com\\\/en\\\/#\\\/schema\\\/person\\\/a0930a7f318e7d9d83bd7cffed9f34f6\",\"name\":\"El Muki\",\"image\":{\"@type\":\"ImageObject\",\"inLanguage\":\"en-US\",\"@id\":\"https:\\\/\\\/secure.gravatar.com\\\/avatar\\\/dc91c2607c5eebda74cbb40d13031f489096c96ead89c4c30c17db262267b2b3?s=96&d=mm&r=g\",\"url\":\"https:\\\/\\\/secure.gravatar.com\\\/avatar\\\/dc91c2607c5eebda74cbb40d13031f489096c96ead89c4c30c17db262267b2b3?s=96&d=mm&r=g\",\"contentUrl\":\"https:\\\/\\\/secure.gravatar.com\\\/avatar\\\/dc91c2607c5eebda74cbb40d13031f489096c96ead89c4c30c17db262267b2b3?s=96&d=mm&r=g\",\"caption\":\"El Muki\"},\"sameAs\":[\"http:\\\/\\\/www.pulso27.com\"],\"url\":\"https:\\\/\\\/pulso27.com\\\/en\\\/author\\\/elcuervo\\\/\"}]}<\/script>\n<!-- \/ Yoast SEO plugin. -->","yoast_head_json":{"title":"Congreso peruano inicia investigaci\u00f3n a Dina Boluarte por el Caso \u201cRolex\u201d y las muertes en protestas de 2022-2023 - Pulso27","robots":{"index":"index","follow":"follow","max-snippet":"max-snippet:-1","max-image-preview":"max-image-preview:large","max-video-preview":"max-video-preview:-1"},"canonical":"https:\/\/pulso27.com\/en\/nacional\/congreso-peruano-inicia-investigacion-a-dina-boluarte-por-el-caso-rolex-y-las-muertes-en-protestas-de-2022-2023\/","og_locale":"en_US","og_type":"article","og_title":"Congreso peruano inicia investigaci\u00f3n a Dina Boluarte por el Caso \u201cRolex\u201d y las muertes en protestas de 2022-2023 - Pulso27","og_description":"El Congreso de la Rep\u00fablica del Per\u00fa ha dado un paso importante en la investigaci\u00f3n de dos graves acusaciones contra la presidenta Dina Boluarte. La Comisi\u00f3n Permanente aprob\u00f3 un plazo de 15 d\u00edas para que la Subcomisi\u00f3n de Acusaciones Constitucionales aborde las denuncias presentadas por la Fiscal\u00eda de la Naci\u00f3n en torno al caso \u201cRolex\u201d [&hellip;]","og_url":"https:\/\/pulso27.com\/en\/nacional\/congreso-peruano-inicia-investigacion-a-dina-boluarte-por-el-caso-rolex-y-las-muertes-en-protestas-de-2022-2023\/","og_site_name":"Pulso27","article_publisher":"https:\/\/www.facebook.com\/pulso27\/","article_published_time":"2024-12-06T11:39:34+00:00","article_modified_time":"2024-12-06T11:39:37+00:00","og_image":[{"width":1200,"height":675,"url":"https:\/\/pulso27.com\/wp-content\/uploads\/2024\/12\/DinaBoll.png","type":"image\/png"}],"author":"El Muki","twitter_card":"summary_large_image","twitter_creator":"@Pulso_27","twitter_site":"@Pulso_27","twitter_misc":{"Written by":"El Muki","Est. reading time":"4 minutes"},"schema":{"@context":"https:\/\/schema.org","@graph":[{"@type":"Article","@id":"https:\/\/pulso27.com\/nacional\/congreso-peruano-inicia-investigacion-a-dina-boluarte-por-el-caso-rolex-y-las-muertes-en-protestas-de-2022-2023\/#article","isPartOf":{"@id":"https:\/\/pulso27.com\/nacional\/congreso-peruano-inicia-investigacion-a-dina-boluarte-por-el-caso-rolex-y-las-muertes-en-protestas-de-2022-2023\/"},"author":{"name":"El Muki","@id":"https:\/\/pulso27.com\/en\/#\/schema\/person\/a0930a7f318e7d9d83bd7cffed9f34f6"},"headline":"Congreso peruano inicia investigaci\u00f3n a Dina Boluarte por el Caso \u201cRolex\u201d y las muertes en protestas de 2022-2023","datePublished":"2024-12-06T11:39:34+00:00","dateModified":"2024-12-06T11:39:37+00:00","mainEntityOfPage":{"@id":"https:\/\/pulso27.com\/nacional\/congreso-peruano-inicia-investigacion-a-dina-boluarte-por-el-caso-rolex-y-las-muertes-en-protestas-de-2022-2023\/"},"wordCount":665,"commentCount":0,"publisher":{"@id":"https:\/\/pulso27.com\/en\/#organization"},"image":{"@id":"https:\/\/pulso27.com\/nacional\/congreso-peruano-inicia-investigacion-a-dina-boluarte-por-el-caso-rolex-y-las-muertes-en-protestas-de-2022-2023\/#primaryimage"},"thumbnailUrl":"https:\/\/pulso27.com\/wp-content\/uploads\/2024\/12\/DinaBoll.png","keywords":["CasoRolex","CongresoPer\u00fa","DinaBoluarte","ElWayki"],"articleSection":["Actualidad","Nacional","Pol\u00edtica"],"inLanguage":"en-US","potentialAction":[{"@type":"CommentAction","name":"Comment","target":["https:\/\/pulso27.com\/nacional\/congreso-peruano-inicia-investigacion-a-dina-boluarte-por-el-caso-rolex-y-las-muertes-en-protestas-de-2022-2023\/#respond"]}]},{"@type":"WebPage","@id":"https:\/\/pulso27.com\/nacional\/congreso-peruano-inicia-investigacion-a-dina-boluarte-por-el-caso-rolex-y-las-muertes-en-protestas-de-2022-2023\/","url":"https:\/\/pulso27.com\/nacional\/congreso-peruano-inicia-investigacion-a-dina-boluarte-por-el-caso-rolex-y-las-muertes-en-protestas-de-2022-2023\/","name":"Congreso peruano inicia investigaci\u00f3n a Dina Boluarte por el Caso \u201cRolex\u201d y las muertes en protestas de 2022-2023 - Pulso27","isPartOf":{"@id":"https:\/\/pulso27.com\/en\/#website"},"primaryImageOfPage":{"@id":"https:\/\/pulso27.com\/nacional\/congreso-peruano-inicia-investigacion-a-dina-boluarte-por-el-caso-rolex-y-las-muertes-en-protestas-de-2022-2023\/#primaryimage"},"image":{"@id":"https:\/\/pulso27.com\/nacional\/congreso-peruano-inicia-investigacion-a-dina-boluarte-por-el-caso-rolex-y-las-muertes-en-protestas-de-2022-2023\/#primaryimage"},"thumbnailUrl":"https:\/\/pulso27.com\/wp-content\/uploads\/2024\/12\/DinaBoll.png","datePublished":"2024-12-06T11:39:34+00:00","dateModified":"2024-12-06T11:39:37+00:00","breadcrumb":{"@id":"https:\/\/pulso27.com\/nacional\/congreso-peruano-inicia-investigacion-a-dina-boluarte-por-el-caso-rolex-y-las-muertes-en-protestas-de-2022-2023\/#breadcrumb"},"inLanguage":"en-US","potentialAction":[{"@type":"ReadAction","target":["https:\/\/pulso27.com\/nacional\/congreso-peruano-inicia-investigacion-a-dina-boluarte-por-el-caso-rolex-y-las-muertes-en-protestas-de-2022-2023\/"]}]},{"@type":"ImageObject","inLanguage":"en-US","@id":"https:\/\/pulso27.com\/nacional\/congreso-peruano-inicia-investigacion-a-dina-boluarte-por-el-caso-rolex-y-las-muertes-en-protestas-de-2022-2023\/#primaryimage","url":"https:\/\/pulso27.com\/wp-content\/uploads\/2024\/12\/DinaBoll.png","contentUrl":"https:\/\/pulso27.com\/wp-content\/uploads\/2024\/12\/DinaBoll.png","width":1200,"height":675,"caption":"Investigada"},{"@type":"BreadcrumbList","@id":"https:\/\/pulso27.com\/nacional\/congreso-peruano-inicia-investigacion-a-dina-boluarte-por-el-caso-rolex-y-las-muertes-en-protestas-de-2022-2023\/#breadcrumb","itemListElement":[{"@type":"ListItem","position":1,"name":"Portada","item":"https:\/\/pulso27.com\/"},{"@type":"ListItem","position":2,"name":"Congreso peruano inicia investigaci\u00f3n a Dina Boluarte por el Caso \u201cRolex\u201d y las muertes en protestas de 2022-2023"}]},{"@type":"WebSite","@id":"https:\/\/pulso27.com\/en\/#website","url":"https:\/\/pulso27.com\/en\/","name":"Pulso27","description":"Web de noticias y publicidad","publisher":{"@id":"https:\/\/pulso27.com\/en\/#organization"},"alternateName":"El pulso del pueblo","potentialAction":[{"@type":"SearchAction","target":{"@type":"EntryPoint","urlTemplate":"https:\/\/pulso27.com\/en\/?s={search_term_string}"},"query-input":{"@type":"PropertyValueSpecification","valueRequired":true,"valueName":"search_term_string"}}],"inLanguage":"en-US"},{"@type":"Organization","@id":"https:\/\/pulso27.com\/en\/#organization","name":"Pulso27","url":"https:\/\/pulso27.com\/en\/","logo":{"@type":"ImageObject","inLanguage":"en-US","@id":"https:\/\/pulso27.com\/en\/#\/schema\/logo\/image\/","url":"https:\/\/pulso27.com\/wp-content\/uploads\/2026\/02\/Logotipo-de-la-organizacion-696-x-696-px-ok.png","contentUrl":"https:\/\/pulso27.com\/wp-content\/uploads\/2026\/02\/Logotipo-de-la-organizacion-696-x-696-px-ok.png","width":696,"height":696,"caption":"Pulso27"},"image":{"@id":"https:\/\/pulso27.com\/en\/#\/schema\/logo\/image\/"},"sameAs":["https:\/\/www.facebook.com\/pulso27\/","https:\/\/x.com\/Pulso_27","https:\/\/www.youtube.com\/@Pulso27","https:\/\/www.tiktok.com\/@pulso_27"]},{"@type":"Person","@id":"https:\/\/pulso27.com\/en\/#\/schema\/person\/a0930a7f318e7d9d83bd7cffed9f34f6","name":"El Muki","image":{"@type":"ImageObject","inLanguage":"en-US","@id":"https:\/\/secure.gravatar.com\/avatar\/dc91c2607c5eebda74cbb40d13031f489096c96ead89c4c30c17db262267b2b3?s=96&d=mm&r=g","url":"https:\/\/secure.gravatar.com\/avatar\/dc91c2607c5eebda74cbb40d13031f489096c96ead89c4c30c17db262267b2b3?s=96&d=mm&r=g","contentUrl":"https:\/\/secure.gravatar.com\/avatar\/dc91c2607c5eebda74cbb40d13031f489096c96ead89c4c30c17db262267b2b3?s=96&d=mm&r=g","caption":"El Muki"},"sameAs":["http:\/\/www.pulso27.com"],"url":"https:\/\/pulso27.com\/en\/author\/elcuervo\/"}]}},"amp_enabled":true,"_links":{"self":[{"href":"https:\/\/pulso27.com\/en\/wp-json\/wp\/v2\/posts\/3032","targetHints":{"allow":["GET"]}}],"collection":[{"href":"https:\/\/pulso27.com\/en\/wp-json\/wp\/v2\/posts"}],"about":[{"href":"https:\/\/pulso27.com\/en\/wp-json\/wp\/v2\/types\/post"}],"author":[{"embeddable":true,"href":"https:\/\/pulso27.com\/en\/wp-json\/wp\/v2\/users\/10"}],"replies":[{"embeddable":true,"href":"https:\/\/pulso27.com\/en\/wp-json\/wp\/v2\/comments?post=3032"}],"version-history":[{"count":1,"href":"https:\/\/pulso27.com\/en\/wp-json\/wp\/v2\/posts\/3032\/revisions"}],"predecessor-version":[{"id":3039,"href":"https:\/\/pulso27.com\/en\/wp-json\/wp\/v2\/posts\/3032\/revisions\/3039"}],"wp:featuredmedia":[{"embeddable":true,"href":"https:\/\/pulso27.com\/en\/wp-json\/wp\/v2\/media\/3033"}],"wp:attachment":[{"href":"https:\/\/pulso27.com\/en\/wp-json\/wp\/v2\/media?parent=3032"}],"wp:term":[{"taxonomy":"category","embeddable":true,"href":"https:\/\/pulso27.com\/en\/wp-json\/wp\/v2\/categories?post=3032"},{"taxonomy":"post_tag","embeddable":true,"href":"https:\/\/pulso27.com\/en\/wp-json\/wp\/v2\/tags?post=3032"}],"curies":[{"name":"wp","href":"https:\/\/api.w.org\/{rel}","templated":true}]}}