{"id":3047,"date":"2024-12-07T08:25:00","date_gmt":"2024-12-07T03:25:00","guid":{"rendered":"https:\/\/pulso27.com\/?p=3047"},"modified":"2024-12-08T10:00:36","modified_gmt":"2024-12-08T05:00:36","slug":"pepe-mujica-un-ejemplo-de-unidad-latinoamericana-condecorado-por-lideres-progresistas-de-america-del-sur","status":"publish","type":"post","link":"https:\/\/pulso27.com\/en\/internacional\/pepe-mujica-un-ejemplo-de-unidad-latinoamericana-condecorado-por-lideres-progresistas-de-america-del-sur\/","title":{"rendered":"Pepe Mujica: Un ejemplo de unidad latinoamericana, condecorado por l\u00edderes progresistas de Am\u00e9rica del Sur"},"content":{"rendered":"<p>En un acto cargado de emoci\u00f3n y simbolismo, el expresidente uruguayo Jos\u00e9 Mujica recibi\u00f3 este jueves las m\u00e1s altas condecoraciones de los presidentes de Brasil, Colombia y Bolivia, un reconocimiento a su incansable lucha por la integraci\u00f3n y unidad de los pueblos latinoamericanos. Las condecoraciones, entregadas en su chacra de Rinc\u00f3n del Cerro, son un testamento a la admiraci\u00f3n y respeto que Mujica ha logrado generar a lo largo de los a\u00f1os, especialmente entre los l\u00edderes progresistas y de izquierda de la regi\u00f3n.<\/p>\n\n\n\n<p>A tan solo seis horas de diferencia, Mujica fue honrado en sendas ceremonias por el presidente de Brasil, Luiz In\u00e1cio Lula da Silva, y el de Colombia, Gustavo Petro. Primero fue Lula quien, acompa\u00f1ado por el presidente electo de Uruguay, Yamand\u00fa Orsi, y la exvicepresidenta Luc\u00eda Topolansky, entreg\u00f3 a Mujica la \u00abOrden Nacional de la Cruz del Sur\u00bb, la m\u00e1s alta distinci\u00f3n que Brasil concede a extranjeros. Lula defini\u00f3 a Mujica como la \u00abpersona m\u00e1s extraordinaria\u00bb que ha conocido, destacando su amistad y su legado m\u00e1s all\u00e1 de su ejercicio como presidente de Uruguay.<\/p>\n\n\n\n<figure class=\"wp-block-image size-full is-resized\"><img loading=\"lazy\" decoding=\"async\" width=\"475\" height=\"267\" src=\"https:\/\/pulso27.com\/wp-content\/uploads\/2024\/12\/image-14.png\" alt=\"\" class=\"wp-image-3050\" style=\"width:740px;height:auto\" srcset=\"https:\/\/pulso27.com\/wp-content\/uploads\/2024\/12\/image-14.png 475w, https:\/\/pulso27.com\/wp-content\/uploads\/2024\/12\/image-14-300x169.png 300w, https:\/\/pulso27.com\/wp-content\/uploads\/2024\/12\/image-14-18x10.png 18w\" sizes=\"auto, (max-width: 475px) 100vw, 475px\" \/><figcaption class=\"wp-element-caption\"><em>Presidente de Brasil, Luiz In\u00e1cio Lula da Silva condecora a Pepe Mujica<\/em><\/figcaption><\/figure>\n\n\n\n<p>Minutos despu\u00e9s, el presidente colombiano Gustavo Petro hizo lo propio, entregando a Mujica la Cruz de Boyac\u00e1, m\u00e1xima condecoraci\u00f3n civil de su pa\u00eds. Petro, quien ha manifestado en m\u00faltiples ocasiones su admiraci\u00f3n por Mujica, resalt\u00f3 el rol de este como \u00abun destacado defensor de la paz\u00bb y su firme apuesta por el di\u00e1logo como la \u00fanica v\u00eda para resolver conflictos. \u00abSu compromiso con la reconciliaci\u00f3n y la justicia social resuena profundamente con los esfuerzos de Colombia por alcanzar una paz duradera\u00bb, se\u00f1al\u00f3 el decreto que acompa\u00f1\u00f3 la condecoraci\u00f3n.<\/p>\n\n\n\n<p>El presidente colombiano, levanta las banderas del M-19, la guerrilla a la que perteneci\u00f3 cuando era joven, ante otros l\u00edderes de izquierda latinoamericanos. Si ya lo hab\u00eda hecho en un sentido metaf\u00f3rico en octubre, cuando asisti\u00f3 a la toma de posesi\u00f3n de la mexicana Claudia Sheinbaum, esta semana volvi\u00f3 a hacerlo en un sentido literal ante el expresidente uruguayo Jos\u00e9 Pepe Mujica, otro antiguo revolucionario que lleg\u00f3 al poder despu\u00e9s de dejar las armas.<\/p>\n\n\n\n<figure class=\"wp-block-image size-full is-resized\"><img loading=\"lazy\" decoding=\"async\" width=\"475\" height=\"267\" src=\"https:\/\/pulso27.com\/wp-content\/uploads\/2024\/12\/image-13.png\" alt=\"\" class=\"wp-image-3049\" style=\"width:740px;height:auto\" srcset=\"https:\/\/pulso27.com\/wp-content\/uploads\/2024\/12\/image-13.png 475w, https:\/\/pulso27.com\/wp-content\/uploads\/2024\/12\/image-13-300x169.png 300w, https:\/\/pulso27.com\/wp-content\/uploads\/2024\/12\/image-13-18x10.png 18w\" sizes=\"auto, (max-width: 475px) 100vw, 475px\" \/><figcaption class=\"wp-element-caption\"><em>Presidente de Colombia Gustavo Petro condecora a Pepe Mujica<\/em><\/figcaption><\/figure>\n\n\n\n<p>Finalmente, el viernes, el presidente de Bolivia, Luis Arce, tambi\u00e9n visit\u00f3 a Mujica en su chacra para entregarle un reconocimiento y dialogar sobre diversos temas, entre ellos la situaci\u00f3n pol\u00edtica en Bolivia y la necesidad de unidad dentro del pa\u00eds. \u00ab<em>La recomendaci\u00f3n de Mujica es clara: debemos buscar la unidad<\/em>\u00ab, expres\u00f3 Arce tras la reuni\u00f3n. Mujica, con su habitual sabidur\u00eda, inst\u00f3 a los l\u00edderes bolivianos a superar sus diferencias, advirtiendo que, si no logran caminar juntos, ser\u00e1 el pueblo el que sufrir\u00e1 las consecuencias.<\/p>\n\n\n\n<p>En su mensaje a los bolivianos, Mujica, con la humildad que lo caracteriza, subray\u00f3 la importancia de la unidad en Am\u00e9rica Latina. \u00ab<em>Les pido a los bolivianos que cuiden la unidad, a pesar de las diferencias<\/em>\u00ab, dijo. \u00ab<em>Porque la gran lucha es c\u00f3mo se reparte el ingreso, y si no lo hacemos de manera justa, seremos c\u00f3mplices de un sistema que no funciona para el pueblo<\/em>\u00ab.<\/p>\n\n\n\n<figure class=\"wp-block-image size-full\"><img loading=\"lazy\" decoding=\"async\" width=\"760\" height=\"520\" src=\"https:\/\/pulso27.com\/wp-content\/uploads\/2024\/12\/image-15.png\" alt=\"\" class=\"wp-image-3051\" srcset=\"https:\/\/pulso27.com\/wp-content\/uploads\/2024\/12\/image-15.png 760w, https:\/\/pulso27.com\/wp-content\/uploads\/2024\/12\/image-15-300x205.png 300w, https:\/\/pulso27.com\/wp-content\/uploads\/2024\/12\/image-15-18x12.png 18w\" sizes=\"auto, (max-width: 760px) 100vw, 760px\" \/><figcaption class=\"wp-element-caption\"><em>Visita del presidente de Bolivia Luis Arce al expresidente Pepe Mujica<\/em><\/figcaption><\/figure>\n\n\n\n<p>Las condecoraciones recibidas por Pepe Mujica son m\u00e1s que un simple reconocimiento a su labor pol\u00edtica. Son una reafirmaci\u00f3n de su visi\u00f3n de un continente unido, en el que los pa\u00edses latinoamericanos puedan superar las divisiones internas y trabajar juntos por un futuro m\u00e1s justo para todos. En un mundo donde las tensiones y los intereses nacionales a menudo nos dividen, Mujica sigue siendo una voz que nos recuerda que la unidad, el di\u00e1logo y la justicia social deben ser siempre la prioridad.<\/p>","protected":false},"excerpt":{"rendered":"<p>En un acto cargado de emoci\u00f3n y simbolismo, el expresidente uruguayo Jos\u00e9 Mujica recibi\u00f3 este jueves las m\u00e1s altas condecoraciones de los presidentes de Brasil, Colombia y Bolivia, un reconocimiento a su incansable lucha por la integraci\u00f3n y unidad de los pueblos latinoamericanos. Las condecoraciones, entregadas en su chacra de Rinc\u00f3n del Cerro, son un [&hellip;]<\/p>\n","protected":false},"author":8,"featured_media":3048,"comment_status":"open","ping_status":"open","sticky":false,"template":"","format":"standard","meta":{"footnotes":""},"categories":[183,173,180],"tags":[1935,1936,1922],"class_list":["post-3047","post","type-post","status-publish","format-standard","has-post-thumbnail","hentry","category-actualidad","category-internacional","category-politica","tag-arce","tag-lula","tag-pepemujica"],"yoast_head":"<!-- This site is optimized with the Yoast SEO plugin v27.4 - https:\/\/yoast.com\/product\/yoast-seo-wordpress\/ -->\n<title>Pepe Mujica: Un ejemplo de unidad latinoamericana, condecorado por l\u00edderes progresistas de Am\u00e9rica del Sur - Pulso27<\/title>\n<meta name=\"robots\" content=\"index, follow, max-snippet:-1, max-image-preview:large, max-video-preview:-1\" \/>\n<link rel=\"canonical\" href=\"https:\/\/pulso27.com\/en\/internacional\/pepe-mujica-un-ejemplo-de-unidad-latinoamericana-condecorado-por-lideres-progresistas-de-america-del-sur\/\" \/>\n<meta property=\"og:locale\" content=\"en_US\" \/>\n<meta property=\"og:type\" content=\"article\" \/>\n<meta property=\"og:title\" content=\"Pepe Mujica: Un ejemplo de unidad latinoamericana, condecorado por l\u00edderes progresistas de Am\u00e9rica del Sur - Pulso27\" \/>\n<meta property=\"og:description\" content=\"En un acto cargado de emoci\u00f3n y simbolismo, el expresidente uruguayo Jos\u00e9 Mujica recibi\u00f3 este jueves las m\u00e1s altas condecoraciones de los presidentes de Brasil, Colombia y Bolivia, un reconocimiento a su incansable lucha por la integraci\u00f3n y unidad de los pueblos latinoamericanos. Las condecoraciones, entregadas en su chacra de Rinc\u00f3n del Cerro, son un [&hellip;]\" \/>\n<meta property=\"og:url\" content=\"https:\/\/pulso27.com\/en\/internacional\/pepe-mujica-un-ejemplo-de-unidad-latinoamericana-condecorado-por-lideres-progresistas-de-america-del-sur\/\" \/>\n<meta property=\"og:site_name\" content=\"Pulso27\" \/>\n<meta property=\"article:publisher\" content=\"https:\/\/www.facebook.com\/pulso27\/\" \/>\n<meta property=\"article:published_time\" content=\"2024-12-07T03:25:00+00:00\" \/>\n<meta property=\"article:modified_time\" content=\"2024-12-08T05:00:36+00:00\" \/>\n<meta property=\"og:image\" content=\"https:\/\/pulso27.com\/wp-content\/uploads\/2024\/12\/PepeM.png\" \/>\n\t<meta property=\"og:image:width\" content=\"1200\" \/>\n\t<meta property=\"og:image:height\" content=\"675\" \/>\n\t<meta property=\"og:image:type\" content=\"image\/png\" \/>\n<meta name=\"author\" content=\"Maga\" \/>\n<meta name=\"twitter:card\" content=\"summary_large_image\" \/>\n<meta name=\"twitter:creator\" content=\"@Pulso_27\" \/>\n<meta name=\"twitter:site\" content=\"@Pulso_27\" \/>\n<meta name=\"twitter:label1\" content=\"Written by\" \/>\n\t<meta name=\"twitter:data1\" content=\"Maga\" \/>\n\t<meta name=\"twitter:label2\" content=\"Est. reading time\" \/>\n\t<meta name=\"twitter:data2\" content=\"4 minutes\" \/>\n<script type=\"application\/ld+json\" class=\"yoast-schema-graph\">{\"@context\":\"https:\\\/\\\/schema.org\",\"@graph\":[{\"@type\":\"Article\",\"@id\":\"https:\\\/\\\/pulso27.com\\\/internacional\\\/pepe-mujica-un-ejemplo-de-unidad-latinoamericana-condecorado-por-lideres-progresistas-de-america-del-sur\\\/#article\",\"isPartOf\":{\"@id\":\"https:\\\/\\\/pulso27.com\\\/internacional\\\/pepe-mujica-un-ejemplo-de-unidad-latinoamericana-condecorado-por-lideres-progresistas-de-america-del-sur\\\/\"},\"author\":{\"name\":\"Maga\",\"@id\":\"https:\\\/\\\/pulso27.com\\\/en\\\/#\\\/schema\\\/person\\\/92f5059eb04cb644a32d22c9bc998684\"},\"headline\":\"Pepe Mujica: Un ejemplo de unidad latinoamericana, condecorado por l\u00edderes progresistas de Am\u00e9rica del Sur\",\"datePublished\":\"2024-12-07T03:25:00+00:00\",\"dateModified\":\"2024-12-08T05:00:36+00:00\",\"mainEntityOfPage\":{\"@id\":\"https:\\\/\\\/pulso27.com\\\/internacional\\\/pepe-mujica-un-ejemplo-de-unidad-latinoamericana-condecorado-por-lideres-progresistas-de-america-del-sur\\\/\"},\"wordCount\":671,\"commentCount\":0,\"publisher\":{\"@id\":\"https:\\\/\\\/pulso27.com\\\/en\\\/#organization\"},\"image\":{\"@id\":\"https:\\\/\\\/pulso27.com\\\/internacional\\\/pepe-mujica-un-ejemplo-de-unidad-latinoamericana-condecorado-por-lideres-progresistas-de-america-del-sur\\\/#primaryimage\"},\"thumbnailUrl\":\"https:\\\/\\\/pulso27.com\\\/wp-content\\\/uploads\\\/2024\\\/12\\\/PepeM.png\",\"keywords\":[\"Arce\",\"Lula\",\"PepeMujica\"],\"articleSection\":[\"Actualidad\",\"Internacional\",\"Pol\u00edtica\"],\"inLanguage\":\"en-US\",\"potentialAction\":[{\"@type\":\"CommentAction\",\"name\":\"Comment\",\"target\":[\"https:\\\/\\\/pulso27.com\\\/internacional\\\/pepe-mujica-un-ejemplo-de-unidad-latinoamericana-condecorado-por-lideres-progresistas-de-america-del-sur\\\/#respond\"]}]},{\"@type\":\"WebPage\",\"@id\":\"https:\\\/\\\/pulso27.com\\\/internacional\\\/pepe-mujica-un-ejemplo-de-unidad-latinoamericana-condecorado-por-lideres-progresistas-de-america-del-sur\\\/\",\"url\":\"https:\\\/\\\/pulso27.com\\\/internacional\\\/pepe-mujica-un-ejemplo-de-unidad-latinoamericana-condecorado-por-lideres-progresistas-de-america-del-sur\\\/\",\"name\":\"Pepe Mujica: Un ejemplo de unidad latinoamericana, condecorado por l\u00edderes progresistas de Am\u00e9rica del Sur - Pulso27\",\"isPartOf\":{\"@id\":\"https:\\\/\\\/pulso27.com\\\/en\\\/#website\"},\"primaryImageOfPage\":{\"@id\":\"https:\\\/\\\/pulso27.com\\\/internacional\\\/pepe-mujica-un-ejemplo-de-unidad-latinoamericana-condecorado-por-lideres-progresistas-de-america-del-sur\\\/#primaryimage\"},\"image\":{\"@id\":\"https:\\\/\\\/pulso27.com\\\/internacional\\\/pepe-mujica-un-ejemplo-de-unidad-latinoamericana-condecorado-por-lideres-progresistas-de-america-del-sur\\\/#primaryimage\"},\"thumbnailUrl\":\"https:\\\/\\\/pulso27.com\\\/wp-content\\\/uploads\\\/2024\\\/12\\\/PepeM.png\",\"datePublished\":\"2024-12-07T03:25:00+00:00\",\"dateModified\":\"2024-12-08T05:00:36+00:00\",\"breadcrumb\":{\"@id\":\"https:\\\/\\\/pulso27.com\\\/internacional\\\/pepe-mujica-un-ejemplo-de-unidad-latinoamericana-condecorado-por-lideres-progresistas-de-america-del-sur\\\/#breadcrumb\"},\"inLanguage\":\"en-US\",\"potentialAction\":[{\"@type\":\"ReadAction\",\"target\":[\"https:\\\/\\\/pulso27.com\\\/internacional\\\/pepe-mujica-un-ejemplo-de-unidad-latinoamericana-condecorado-por-lideres-progresistas-de-america-del-sur\\\/\"]}]},{\"@type\":\"ImageObject\",\"inLanguage\":\"en-US\",\"@id\":\"https:\\\/\\\/pulso27.com\\\/internacional\\\/pepe-mujica-un-ejemplo-de-unidad-latinoamericana-condecorado-por-lideres-progresistas-de-america-del-sur\\\/#primaryimage\",\"url\":\"https:\\\/\\\/pulso27.com\\\/wp-content\\\/uploads\\\/2024\\\/12\\\/PepeM.png\",\"contentUrl\":\"https:\\\/\\\/pulso27.com\\\/wp-content\\\/uploads\\\/2024\\\/12\\\/PepeM.png\",\"width\":1200,\"height\":675,\"caption\":\"Condecorado por presidente de Brasil y Colombia\"},{\"@type\":\"BreadcrumbList\",\"@id\":\"https:\\\/\\\/pulso27.com\\\/internacional\\\/pepe-mujica-un-ejemplo-de-unidad-latinoamericana-condecorado-por-lideres-progresistas-de-america-del-sur\\\/#breadcrumb\",\"itemListElement\":[{\"@type\":\"ListItem\",\"position\":1,\"name\":\"Portada\",\"item\":\"https:\\\/\\\/pulso27.com\\\/\"},{\"@type\":\"ListItem\",\"position\":2,\"name\":\"Pepe Mujica: Un ejemplo de unidad latinoamericana, condecorado por l\u00edderes progresistas de Am\u00e9rica del Sur\"}]},{\"@type\":\"WebSite\",\"@id\":\"https:\\\/\\\/pulso27.com\\\/en\\\/#website\",\"url\":\"https:\\\/\\\/pulso27.com\\\/en\\\/\",\"name\":\"Pulso27\",\"description\":\"Web de noticias y publicidad\",\"publisher\":{\"@id\":\"https:\\\/\\\/pulso27.com\\\/en\\\/#organization\"},\"alternateName\":\"El pulso del pueblo\",\"potentialAction\":[{\"@type\":\"SearchAction\",\"target\":{\"@type\":\"EntryPoint\",\"urlTemplate\":\"https:\\\/\\\/pulso27.com\\\/en\\\/?s={search_term_string}\"},\"query-input\":{\"@type\":\"PropertyValueSpecification\",\"valueRequired\":true,\"valueName\":\"search_term_string\"}}],\"inLanguage\":\"en-US\"},{\"@type\":\"Organization\",\"@id\":\"https:\\\/\\\/pulso27.com\\\/en\\\/#organization\",\"name\":\"Pulso27\",\"url\":\"https:\\\/\\\/pulso27.com\\\/en\\\/\",\"logo\":{\"@type\":\"ImageObject\",\"inLanguage\":\"en-US\",\"@id\":\"https:\\\/\\\/pulso27.com\\\/en\\\/#\\\/schema\\\/logo\\\/image\\\/\",\"url\":\"https:\\\/\\\/pulso27.com\\\/wp-content\\\/uploads\\\/2026\\\/02\\\/Logotipo-de-la-organizacion-696-x-696-px-ok.png\",\"contentUrl\":\"https:\\\/\\\/pulso27.com\\\/wp-content\\\/uploads\\\/2026\\\/02\\\/Logotipo-de-la-organizacion-696-x-696-px-ok.png\",\"width\":696,\"height\":696,\"caption\":\"Pulso27\"},\"image\":{\"@id\":\"https:\\\/\\\/pulso27.com\\\/en\\\/#\\\/schema\\\/logo\\\/image\\\/\"},\"sameAs\":[\"https:\\\/\\\/www.facebook.com\\\/pulso27\\\/\",\"https:\\\/\\\/x.com\\\/Pulso_27\",\"https:\\\/\\\/www.youtube.com\\\/@Pulso27\",\"https:\\\/\\\/www.tiktok.com\\\/@pulso_27\"]},{\"@type\":\"Person\",\"@id\":\"https:\\\/\\\/pulso27.com\\\/en\\\/#\\\/schema\\\/person\\\/92f5059eb04cb644a32d22c9bc998684\",\"name\":\"Maga\",\"image\":{\"@type\":\"ImageObject\",\"inLanguage\":\"en-US\",\"@id\":\"https:\\\/\\\/secure.gravatar.com\\\/avatar\\\/c4d5224d4227e7c057cd5793ba910425cc902f3aef97cda3eccc7acba8be2edc?s=96&d=mm&r=g\",\"url\":\"https:\\\/\\\/secure.gravatar.com\\\/avatar\\\/c4d5224d4227e7c057cd5793ba910425cc902f3aef97cda3eccc7acba8be2edc?s=96&d=mm&r=g\",\"contentUrl\":\"https:\\\/\\\/secure.gravatar.com\\\/avatar\\\/c4d5224d4227e7c057cd5793ba910425cc902f3aef97cda3eccc7acba8be2edc?s=96&d=mm&r=g\",\"caption\":\"Maga\"},\"sameAs\":[\"http:\\\/\\\/www.pulso27.com\"],\"url\":\"https:\\\/\\\/pulso27.com\\\/en\\\/author\\\/maga\\\/\"}]}<\/script>\n<!-- \/ Yoast SEO plugin. -->","yoast_head_json":{"title":"Pepe Mujica: Un ejemplo de unidad latinoamericana, condecorado por l\u00edderes progresistas de Am\u00e9rica del Sur - Pulso27","robots":{"index":"index","follow":"follow","max-snippet":"max-snippet:-1","max-image-preview":"max-image-preview:large","max-video-preview":"max-video-preview:-1"},"canonical":"https:\/\/pulso27.com\/en\/internacional\/pepe-mujica-un-ejemplo-de-unidad-latinoamericana-condecorado-por-lideres-progresistas-de-america-del-sur\/","og_locale":"en_US","og_type":"article","og_title":"Pepe Mujica: Un ejemplo de unidad latinoamericana, condecorado por l\u00edderes progresistas de Am\u00e9rica del Sur - Pulso27","og_description":"En un acto cargado de emoci\u00f3n y simbolismo, el expresidente uruguayo Jos\u00e9 Mujica recibi\u00f3 este jueves las m\u00e1s altas condecoraciones de los presidentes de Brasil, Colombia y Bolivia, un reconocimiento a su incansable lucha por la integraci\u00f3n y unidad de los pueblos latinoamericanos. Las condecoraciones, entregadas en su chacra de Rinc\u00f3n del Cerro, son un [&hellip;]","og_url":"https:\/\/pulso27.com\/en\/internacional\/pepe-mujica-un-ejemplo-de-unidad-latinoamericana-condecorado-por-lideres-progresistas-de-america-del-sur\/","og_site_name":"Pulso27","article_publisher":"https:\/\/www.facebook.com\/pulso27\/","article_published_time":"2024-12-07T03:25:00+00:00","article_modified_time":"2024-12-08T05:00:36+00:00","og_image":[{"width":1200,"height":675,"url":"https:\/\/pulso27.com\/wp-content\/uploads\/2024\/12\/PepeM.png","type":"image\/png"}],"author":"Maga","twitter_card":"summary_large_image","twitter_creator":"@Pulso_27","twitter_site":"@Pulso_27","twitter_misc":{"Written by":"Maga","Est. reading time":"4 minutes"},"schema":{"@context":"https:\/\/schema.org","@graph":[{"@type":"Article","@id":"https:\/\/pulso27.com\/internacional\/pepe-mujica-un-ejemplo-de-unidad-latinoamericana-condecorado-por-lideres-progresistas-de-america-del-sur\/#article","isPartOf":{"@id":"https:\/\/pulso27.com\/internacional\/pepe-mujica-un-ejemplo-de-unidad-latinoamericana-condecorado-por-lideres-progresistas-de-america-del-sur\/"},"author":{"name":"Maga","@id":"https:\/\/pulso27.com\/en\/#\/schema\/person\/92f5059eb04cb644a32d22c9bc998684"},"headline":"Pepe Mujica: Un ejemplo de unidad latinoamericana, condecorado por l\u00edderes progresistas de Am\u00e9rica del Sur","datePublished":"2024-12-07T03:25:00+00:00","dateModified":"2024-12-08T05:00:36+00:00","mainEntityOfPage":{"@id":"https:\/\/pulso27.com\/internacional\/pepe-mujica-un-ejemplo-de-unidad-latinoamericana-condecorado-por-lideres-progresistas-de-america-del-sur\/"},"wordCount":671,"commentCount":0,"publisher":{"@id":"https:\/\/pulso27.com\/en\/#organization"},"image":{"@id":"https:\/\/pulso27.com\/internacional\/pepe-mujica-un-ejemplo-de-unidad-latinoamericana-condecorado-por-lideres-progresistas-de-america-del-sur\/#primaryimage"},"thumbnailUrl":"https:\/\/pulso27.com\/wp-content\/uploads\/2024\/12\/PepeM.png","keywords":["Arce","Lula","PepeMujica"],"articleSection":["Actualidad","Internacional","Pol\u00edtica"],"inLanguage":"en-US","potentialAction":[{"@type":"CommentAction","name":"Comment","target":["https:\/\/pulso27.com\/internacional\/pepe-mujica-un-ejemplo-de-unidad-latinoamericana-condecorado-por-lideres-progresistas-de-america-del-sur\/#respond"]}]},{"@type":"WebPage","@id":"https:\/\/pulso27.com\/internacional\/pepe-mujica-un-ejemplo-de-unidad-latinoamericana-condecorado-por-lideres-progresistas-de-america-del-sur\/","url":"https:\/\/pulso27.com\/internacional\/pepe-mujica-un-ejemplo-de-unidad-latinoamericana-condecorado-por-lideres-progresistas-de-america-del-sur\/","name":"Pepe Mujica: Un ejemplo de unidad latinoamericana, condecorado por l\u00edderes progresistas de Am\u00e9rica del Sur - Pulso27","isPartOf":{"@id":"https:\/\/pulso27.com\/en\/#website"},"primaryImageOfPage":{"@id":"https:\/\/pulso27.com\/internacional\/pepe-mujica-un-ejemplo-de-unidad-latinoamericana-condecorado-por-lideres-progresistas-de-america-del-sur\/#primaryimage"},"image":{"@id":"https:\/\/pulso27.com\/internacional\/pepe-mujica-un-ejemplo-de-unidad-latinoamericana-condecorado-por-lideres-progresistas-de-america-del-sur\/#primaryimage"},"thumbnailUrl":"https:\/\/pulso27.com\/wp-content\/uploads\/2024\/12\/PepeM.png","datePublished":"2024-12-07T03:25:00+00:00","dateModified":"2024-12-08T05:00:36+00:00","breadcrumb":{"@id":"https:\/\/pulso27.com\/internacional\/pepe-mujica-un-ejemplo-de-unidad-latinoamericana-condecorado-por-lideres-progresistas-de-america-del-sur\/#breadcrumb"},"inLanguage":"en-US","potentialAction":[{"@type":"ReadAction","target":["https:\/\/pulso27.com\/internacional\/pepe-mujica-un-ejemplo-de-unidad-latinoamericana-condecorado-por-lideres-progresistas-de-america-del-sur\/"]}]},{"@type":"ImageObject","inLanguage":"en-US","@id":"https:\/\/pulso27.com\/internacional\/pepe-mujica-un-ejemplo-de-unidad-latinoamericana-condecorado-por-lideres-progresistas-de-america-del-sur\/#primaryimage","url":"https:\/\/pulso27.com\/wp-content\/uploads\/2024\/12\/PepeM.png","contentUrl":"https:\/\/pulso27.com\/wp-content\/uploads\/2024\/12\/PepeM.png","width":1200,"height":675,"caption":"Condecorado por presidente de Brasil y Colombia"},{"@type":"BreadcrumbList","@id":"https:\/\/pulso27.com\/internacional\/pepe-mujica-un-ejemplo-de-unidad-latinoamericana-condecorado-por-lideres-progresistas-de-america-del-sur\/#breadcrumb","itemListElement":[{"@type":"ListItem","position":1,"name":"Portada","item":"https:\/\/pulso27.com\/"},{"@type":"ListItem","position":2,"name":"Pepe Mujica: Un ejemplo de unidad latinoamericana, condecorado por l\u00edderes progresistas de Am\u00e9rica del Sur"}]},{"@type":"WebSite","@id":"https:\/\/pulso27.com\/en\/#website","url":"https:\/\/pulso27.com\/en\/","name":"Pulso27","description":"Web de noticias y publicidad","publisher":{"@id":"https:\/\/pulso27.com\/en\/#organization"},"alternateName":"El pulso del pueblo","potentialAction":[{"@type":"SearchAction","target":{"@type":"EntryPoint","urlTemplate":"https:\/\/pulso27.com\/en\/?s={search_term_string}"},"query-input":{"@type":"PropertyValueSpecification","valueRequired":true,"valueName":"search_term_string"}}],"inLanguage":"en-US"},{"@type":"Organization","@id":"https:\/\/pulso27.com\/en\/#organization","name":"Pulso27","url":"https:\/\/pulso27.com\/en\/","logo":{"@type":"ImageObject","inLanguage":"en-US","@id":"https:\/\/pulso27.com\/en\/#\/schema\/logo\/image\/","url":"https:\/\/pulso27.com\/wp-content\/uploads\/2026\/02\/Logotipo-de-la-organizacion-696-x-696-px-ok.png","contentUrl":"https:\/\/pulso27.com\/wp-content\/uploads\/2026\/02\/Logotipo-de-la-organizacion-696-x-696-px-ok.png","width":696,"height":696,"caption":"Pulso27"},"image":{"@id":"https:\/\/pulso27.com\/en\/#\/schema\/logo\/image\/"},"sameAs":["https:\/\/www.facebook.com\/pulso27\/","https:\/\/x.com\/Pulso_27","https:\/\/www.youtube.com\/@Pulso27","https:\/\/www.tiktok.com\/@pulso_27"]},{"@type":"Person","@id":"https:\/\/pulso27.com\/en\/#\/schema\/person\/92f5059eb04cb644a32d22c9bc998684","name":"Maga","image":{"@type":"ImageObject","inLanguage":"en-US","@id":"https:\/\/secure.gravatar.com\/avatar\/c4d5224d4227e7c057cd5793ba910425cc902f3aef97cda3eccc7acba8be2edc?s=96&d=mm&r=g","url":"https:\/\/secure.gravatar.com\/avatar\/c4d5224d4227e7c057cd5793ba910425cc902f3aef97cda3eccc7acba8be2edc?s=96&d=mm&r=g","contentUrl":"https:\/\/secure.gravatar.com\/avatar\/c4d5224d4227e7c057cd5793ba910425cc902f3aef97cda3eccc7acba8be2edc?s=96&d=mm&r=g","caption":"Maga"},"sameAs":["http:\/\/www.pulso27.com"],"url":"https:\/\/pulso27.com\/en\/author\/maga\/"}]}},"amp_enabled":true,"_links":{"self":[{"href":"https:\/\/pulso27.com\/en\/wp-json\/wp\/v2\/posts\/3047","targetHints":{"allow":["GET"]}}],"collection":[{"href":"https:\/\/pulso27.com\/en\/wp-json\/wp\/v2\/posts"}],"about":[{"href":"https:\/\/pulso27.com\/en\/wp-json\/wp\/v2\/types\/post"}],"author":[{"embeddable":true,"href":"https:\/\/pulso27.com\/en\/wp-json\/wp\/v2\/users\/8"}],"replies":[{"embeddable":true,"href":"https:\/\/pulso27.com\/en\/wp-json\/wp\/v2\/comments?post=3047"}],"version-history":[{"count":1,"href":"https:\/\/pulso27.com\/en\/wp-json\/wp\/v2\/posts\/3047\/revisions"}],"predecessor-version":[{"id":3052,"href":"https:\/\/pulso27.com\/en\/wp-json\/wp\/v2\/posts\/3047\/revisions\/3052"}],"wp:featuredmedia":[{"embeddable":true,"href":"https:\/\/pulso27.com\/en\/wp-json\/wp\/v2\/media\/3048"}],"wp:attachment":[{"href":"https:\/\/pulso27.com\/en\/wp-json\/wp\/v2\/media?parent=3047"}],"wp:term":[{"taxonomy":"category","embeddable":true,"href":"https:\/\/pulso27.com\/en\/wp-json\/wp\/v2\/categories?post=3047"},{"taxonomy":"post_tag","embeddable":true,"href":"https:\/\/pulso27.com\/en\/wp-json\/wp\/v2\/tags?post=3047"}],"curies":[{"name":"wp","href":"https:\/\/api.w.org\/{rel}","templated":true}]}}