{"id":3072,"date":"2024-12-08T23:51:55","date_gmt":"2024-12-08T18:51:55","guid":{"rendered":"https:\/\/pulso27.com\/?p=3072"},"modified":"2024-12-08T23:51:58","modified_gmt":"2024-12-08T18:51:58","slug":"protestas-ciudadanas-contra-dina-boluarte-en-el-bicentenario-de-la-batalla-de-ayacucho-se-ven-amenazadas","status":"publish","type":"post","link":"https:\/\/pulso27.com\/en\/actualidad\/sociedad\/protestas-ciudadanas-contra-dina-boluarte-en-el-bicentenario-de-la-batalla-de-ayacucho-se-ven-amenazadas\/","title":{"rendered":"Protestas ciudadanas contra Dina Boluarte en el bicentenario de la Batalla de Ayacucho se ven amenazadas"},"content":{"rendered":"<p>Ayacucho se prepara para conmemorar el Bicentenario de la Batalla de Ayacucho, fecha clave que marc\u00f3 la independencia de Am\u00e9rica, pero la celebraci\u00f3n se ve empa\u00f1ada por un clima de tensi\u00f3n debido a las protestas previstas por los deudos de las v\u00edctimas de la represi\u00f3n en las manifestaciones de 2022 y 2023.<\/p>\n\n\n\n<p>Las familias de los ca\u00eddos, que claman por justicia tras la muerte de 50 civiles en el contexto de las protestas contra el gobierno de Dina Boluarte, se han movilizado en varias ocasiones, exigiendo que los responsables de la violencia sean juzgados. Sin embargo, esta vez, el gobierno ha adoptado medidas severas para evitar que se repitan las movilizaciones en esta fecha simb\u00f3lica.<\/p>\n\n\n\n<figure class=\"wp-block-image size-large\"><img loading=\"lazy\" decoding=\"async\" width=\"1024\" height=\"544\" src=\"https:\/\/pulso27.com\/wp-content\/uploads\/2024\/12\/image-26-1024x544.png\" alt=\"\" class=\"wp-image-3075\" srcset=\"https:\/\/pulso27.com\/wp-content\/uploads\/2024\/12\/image-26-1024x544.png 1024w, https:\/\/pulso27.com\/wp-content\/uploads\/2024\/12\/image-26-300x159.png 300w, https:\/\/pulso27.com\/wp-content\/uploads\/2024\/12\/image-26-768x408.png 768w, https:\/\/pulso27.com\/wp-content\/uploads\/2024\/12\/image-26-1536x816.png 1536w, https:\/\/pulso27.com\/wp-content\/uploads\/2024\/12\/image-26-18x10.png 18w, https:\/\/pulso27.com\/wp-content\/uploads\/2024\/12\/image-26.png 1600w\" sizes=\"auto, (max-width: 1024px) 100vw, 1024px\" \/><figcaption class=\"wp-element-caption\"><em>Manifestantes contra Dina Boluarte se movilizaron por las calles de Huamanga &#8211; Ayacucho<\/em><\/figcaption><\/figure>\n\n\n\n<p>La Fiscal\u00eda de Ayacucho ha comenzado un proceso preventivo contra los l\u00edderes sociales y familiares de las v\u00edctimas, en el marco de las celebraciones del bicentenario. A solicitud de la Presidencia del Consejo de Ministros (PCM), se ha dictado un \u00abprocedimiento preventivo\u00bb que proh\u00edbe cualquier tipo de manifestaci\u00f3n p\u00fablica durante 90 d\u00edas, lo que ha sido interpretado por los manifestantes como un intento de silenciar sus voces en un contexto en que la presidenta Dina Boluarte podr\u00eda estar presente. Las familias de las v\u00edctimas, especialmente las de los 10 muertos ocurridos en diciembre de 2022, se sienten especialmente vulnerables ante las amenazas judiciales y la represi\u00f3n sistem\u00e1tica.<\/p>\n\n\n\n<p>El 15 de diciembre de 2022, Ayacucho vivi\u00f3 un d\u00eda hist\u00f3rico de lucha y resistencia. M\u00e1s de un centenar de personas se levantaron en protesta contra el gobierno de Dina Boluarte, exigiendo el respeto a la democracia, las libertades fundamentales y el fin de la represi\u00f3n. En un contexto de creciente descontento social y represi\u00f3n por parte del gobierno, los ciudadanos de Ayacucho alzaron su voz contra lo que consideraron un r\u00e9gimen autoritario y violador de los derechos humanos.<\/p>\n\n\n\n<figure class=\"wp-block-image size-full is-resized\"><img loading=\"lazy\" decoding=\"async\" width=\"640\" height=\"371\" src=\"https:\/\/pulso27.com\/wp-content\/uploads\/2024\/12\/image-25.png\" alt=\"\" class=\"wp-image-3073\" style=\"width:740px;height:auto\" srcset=\"https:\/\/pulso27.com\/wp-content\/uploads\/2024\/12\/image-25.png 640w, https:\/\/pulso27.com\/wp-content\/uploads\/2024\/12\/image-25-300x174.png 300w, https:\/\/pulso27.com\/wp-content\/uploads\/2024\/12\/image-25-18x10.png 18w\" sizes=\"auto, (max-width: 640px) 100vw, 640px\" \/><figcaption class=\"wp-element-caption\"><em>El 15 de diciembre de 2022, Ayacucho vivi\u00f3 un d\u00eda hist\u00f3rico de lucha por la democracia<\/em><\/figcaption><\/figure>\n\n\n\n<p>En ese entonces, el gobernador de Ayacucho, Wilfredo Oscorima, tambi\u00e9n fue se\u00f1alado como parte del aparato pol\u00edtico que apoyaba a un gobierno cada vez m\u00e1s cuestionado por su falta de legitimidad. La protesta en Ayacucho fue, por tanto, un rechazo no solo al gobierno de Boluarte, sino tambi\u00e9n a todos aquellos que, en su af\u00e1n de mantener el poder, atentaron contra la democracia, el respeto a la voluntad popular expresa en la urnas y a las libertades fundamentales del pueblo peruano. <\/p>\n\n\n\n<p>El panorama recuerda las duras confrontaciones ocurridas el a\u00f1o pasado, cuando m\u00e1s de 90 familiares de las v\u00edctimas viajaron a Lima para participar en una \u00abmarcha por la vida\u00bb, y fueron recibidos con violencia por la polic\u00eda. Testimonios de los participantes aseguran que la PNP utiliz\u00f3 la fuerza para dispersarlos, empujando y golpeando a varios de los manifestantes, incluidos adultos mayores y mujeres. <\/p>\n\n\n\n<p>Por otro lado, varios de los sobrevivientes y familiares de los asesinados se han visto obligados a costear tratamientos psicol\u00f3gicos, ya que el Estado ha mostrado una escasa atenci\u00f3n a sus necesidades. Esto contrasta con el rol activo que desempe\u00f1aban entidades como la Defensor\u00eda del Pueblo en a\u00f1os anteriores, que ahora parece estar m\u00e1s distante del pueblo peruano.<\/p>\n\n\n\n<p>La represi\u00f3n contra las protestas no solo se limita a las manifestaciones en las calles. recientemente, la Biblioteca Nacional de Per\u00fa censur\u00f3 una exposici\u00f3n art\u00edstica sobre las masacres de 2022 y 2023, mientras que en Ayacucho, la Polic\u00eda intent\u00f3 evitar la creaci\u00f3n de una alfombra floral con el mensaje \u00abNo matar\u00e1s\u00bb, en un acto simb\u00f3lico de recuerdo hacia los ca\u00eddos.<\/p>\n\n\n\n<figure class=\"wp-block-image size-large\"><img loading=\"lazy\" decoding=\"async\" width=\"819\" height=\"1024\" src=\"https:\/\/pulso27.com\/wp-content\/uploads\/2024\/12\/image-27-819x1024.png\" alt=\"\" class=\"wp-image-3076\" srcset=\"https:\/\/pulso27.com\/wp-content\/uploads\/2024\/12\/image-27-819x1024.png 819w, https:\/\/pulso27.com\/wp-content\/uploads\/2024\/12\/image-27-240x300.png 240w, https:\/\/pulso27.com\/wp-content\/uploads\/2024\/12\/image-27-768x960.png 768w, https:\/\/pulso27.com\/wp-content\/uploads\/2024\/12\/image-27-1229x1536.png 1229w, https:\/\/pulso27.com\/wp-content\/uploads\/2024\/12\/image-27-10x12.png 10w, https:\/\/pulso27.com\/wp-content\/uploads\/2024\/12\/image-27.png 1638w\" sizes=\"auto, (max-width: 819px) 100vw, 819px\" \/><figcaption class=\"wp-element-caption\"><em>Congresista ayacuchana Margot Palacios emiti\u00f3 un pronunciamiento por el derecho a la protesta ciudadana<\/em><\/figcaption><\/figure>\n\n\n\n<p>Desde el Congreso, la congresista ayacuchana Margot Palacios Huam\u00e1n ha rechazado las medidas del gobierno, se\u00f1alando que el Ministerio P\u00fablico est\u00e1 actuando como un instrumento para silenciar a las v\u00edctimas y que esto constituye una grave violaci\u00f3n del derecho a la protesta. \u00abLa impunidad que vive el pa\u00eds y de la que goza Dina Boluarte est\u00e1 llevando al Ministerio P\u00fablico a convertirse en c\u00f3mplice de la agresora\u00bb, manifest\u00f3 Palacios, exigiendo una explicaci\u00f3n a la fiscal de la Naci\u00f3n por estas medidas de represi\u00f3n.<\/p>\n\n\n\n<p>Por su parte, un sector importante de la poblaci\u00f3n, aglutinados en el Frente de Defensa del Pueblo de Ayacucho (Video: https:\/\/acortar.link\/rNipYk), se vienen movilizando en rechazo a la llegada de la presidenta Dina Boluarte en el marco de las celebraciones por el bicentenario de la Batalla de Ayacucho. Recorriendo por las calles de su ciudad exigiendo que la mandataria Dina Boluarte no participe en las actividades oficiales conmemorativas de esta hist\u00f3rica batalla, que marc\u00f3 el fin del dominio espa\u00f1ol en el Per\u00fa. Asimismo, los manifestantes recuerdan que, hace un a\u00f1o, durante las protestas por su asunci\u00f3n, se produjo la muerte de 10 personas a manos de militares en Ayacucho.<\/p>\n\n\n\n<p>En un contexto tan tenso, los familiares de las v\u00edctimas siguen esperando que la justicia avance, aunque hasta ahora las investigaciones sobre los responsables de los homicidios perpetrados por las fuerzas del orden no han logrado avanzar con la celeridad que exigen los deudos. A pesar de ello, el proceso judicial ha identificado a varios militares y polic\u00edas como responsables directos de las muertes, en especial de los menores de edad asesinados en diciembre de 2022. Sin embargo, la sensaci\u00f3n de impunidad persiste y las familias siguen luchando por el reconocimiento de la verdad y la justicia.<\/p>","protected":false},"excerpt":{"rendered":"<p>Ayacucho se prepara para conmemorar el Bicentenario de la Batalla de Ayacucho, fecha clave que marc\u00f3 la independencia de Am\u00e9rica, pero la celebraci\u00f3n se ve empa\u00f1ada por un clima de tensi\u00f3n debido a las protestas previstas por los deudos de las v\u00edctimas de la represi\u00f3n en las manifestaciones de 2022 y 2023. Las familias de [&hellip;]<\/p>\n","protected":false},"author":7,"featured_media":3074,"comment_status":"open","ping_status":"open","sticky":false,"template":"","format":"standard","meta":{"footnotes":""},"categories":[183,174,202],"tags":[1938,1939,1849],"class_list":["post-3072","post","type-post","status-publish","format-standard","has-post-thumbnail","hentry","category-actualidad","category-nacional","category-sociedad","tag-batalladeayacucho","tag-bicentenariodelperu","tag-dinaboluarte"],"yoast_head":"<!-- This site is optimized with the Yoast SEO plugin v27.4 - https:\/\/yoast.com\/product\/yoast-seo-wordpress\/ -->\n<title>Protestas ciudadanas contra Dina Boluarte en el bicentenario de la Batalla de Ayacucho se ven amenazadas - Pulso27<\/title>\n<meta name=\"robots\" content=\"index, follow, max-snippet:-1, max-image-preview:large, max-video-preview:-1\" \/>\n<link rel=\"canonical\" href=\"https:\/\/pulso27.com\/en\/nacional\/protestas-ciudadanas-contra-dina-boluarte-en-el-bicentenario-de-la-batalla-de-ayacucho-se-ven-amenazadas\/\" \/>\n<meta property=\"og:locale\" content=\"en_US\" \/>\n<meta property=\"og:type\" content=\"article\" \/>\n<meta property=\"og:title\" content=\"Protestas ciudadanas contra Dina Boluarte en el bicentenario de la Batalla de Ayacucho se ven amenazadas - Pulso27\" \/>\n<meta property=\"og:description\" content=\"Ayacucho se prepara para conmemorar el Bicentenario de la Batalla de Ayacucho, fecha clave que marc\u00f3 la independencia de Am\u00e9rica, pero la celebraci\u00f3n se ve empa\u00f1ada por un clima de tensi\u00f3n debido a las protestas previstas por los deudos de las v\u00edctimas de la represi\u00f3n en las manifestaciones de 2022 y 2023. Las familias de [&hellip;]\" \/>\n<meta property=\"og:url\" content=\"https:\/\/pulso27.com\/en\/nacional\/protestas-ciudadanas-contra-dina-boluarte-en-el-bicentenario-de-la-batalla-de-ayacucho-se-ven-amenazadas\/\" \/>\n<meta property=\"og:site_name\" content=\"Pulso27\" \/>\n<meta property=\"article:publisher\" content=\"https:\/\/www.facebook.com\/pulso27\/\" \/>\n<meta property=\"article:published_time\" content=\"2024-12-08T18:51:55+00:00\" \/>\n<meta property=\"article:modified_time\" content=\"2024-12-08T18:51:58+00:00\" \/>\n<meta property=\"og:image\" content=\"https:\/\/pulso27.com\/wp-content\/uploads\/2024\/12\/AyacFrente.png\" \/>\n\t<meta property=\"og:image:width\" content=\"1200\" \/>\n\t<meta property=\"og:image:height\" content=\"675\" \/>\n\t<meta property=\"og:image:type\" content=\"image\/png\" \/>\n<meta name=\"author\" content=\"Tupaq\" \/>\n<meta name=\"twitter:card\" content=\"summary_large_image\" \/>\n<meta name=\"twitter:creator\" content=\"@Pulso_27\" \/>\n<meta name=\"twitter:site\" content=\"@Pulso_27\" \/>\n<meta name=\"twitter:label1\" content=\"Written by\" \/>\n\t<meta name=\"twitter:data1\" content=\"Tupaq\" \/>\n\t<meta name=\"twitter:label2\" content=\"Est. reading time\" \/>\n\t<meta name=\"twitter:data2\" content=\"5 minutes\" \/>\n<script type=\"application\/ld+json\" class=\"yoast-schema-graph\">{\"@context\":\"https:\\\/\\\/schema.org\",\"@graph\":[{\"@type\":\"Article\",\"@id\":\"https:\\\/\\\/pulso27.com\\\/nacional\\\/protestas-ciudadanas-contra-dina-boluarte-en-el-bicentenario-de-la-batalla-de-ayacucho-se-ven-amenazadas\\\/#article\",\"isPartOf\":{\"@id\":\"https:\\\/\\\/pulso27.com\\\/nacional\\\/protestas-ciudadanas-contra-dina-boluarte-en-el-bicentenario-de-la-batalla-de-ayacucho-se-ven-amenazadas\\\/\"},\"author\":{\"name\":\"Tupaq\",\"@id\":\"https:\\\/\\\/pulso27.com\\\/en\\\/#\\\/schema\\\/person\\\/d20fd7f5bc7f2e53fd150d43fca07a78\"},\"headline\":\"Protestas ciudadanas contra Dina Boluarte en el bicentenario de la Batalla de Ayacucho se ven amenazadas\",\"datePublished\":\"2024-12-08T18:51:55+00:00\",\"dateModified\":\"2024-12-08T18:51:58+00:00\",\"mainEntityOfPage\":{\"@id\":\"https:\\\/\\\/pulso27.com\\\/nacional\\\/protestas-ciudadanas-contra-dina-boluarte-en-el-bicentenario-de-la-batalla-de-ayacucho-se-ven-amenazadas\\\/\"},\"wordCount\":969,\"commentCount\":0,\"publisher\":{\"@id\":\"https:\\\/\\\/pulso27.com\\\/en\\\/#organization\"},\"image\":{\"@id\":\"https:\\\/\\\/pulso27.com\\\/nacional\\\/protestas-ciudadanas-contra-dina-boluarte-en-el-bicentenario-de-la-batalla-de-ayacucho-se-ven-amenazadas\\\/#primaryimage\"},\"thumbnailUrl\":\"https:\\\/\\\/pulso27.com\\\/wp-content\\\/uploads\\\/2024\\\/12\\\/AyacFrente.png\",\"keywords\":[\"BatallaDeAyacucho\",\"BicentenarioDelPer\u00fa\",\"DinaBoluarte\"],\"articleSection\":[\"Actualidad\",\"Nacional\",\"Sociedad\"],\"inLanguage\":\"en-US\",\"potentialAction\":[{\"@type\":\"CommentAction\",\"name\":\"Comment\",\"target\":[\"https:\\\/\\\/pulso27.com\\\/nacional\\\/protestas-ciudadanas-contra-dina-boluarte-en-el-bicentenario-de-la-batalla-de-ayacucho-se-ven-amenazadas\\\/#respond\"]}]},{\"@type\":\"WebPage\",\"@id\":\"https:\\\/\\\/pulso27.com\\\/nacional\\\/protestas-ciudadanas-contra-dina-boluarte-en-el-bicentenario-de-la-batalla-de-ayacucho-se-ven-amenazadas\\\/\",\"url\":\"https:\\\/\\\/pulso27.com\\\/nacional\\\/protestas-ciudadanas-contra-dina-boluarte-en-el-bicentenario-de-la-batalla-de-ayacucho-se-ven-amenazadas\\\/\",\"name\":\"Protestas ciudadanas contra Dina Boluarte en el bicentenario de la Batalla de Ayacucho se ven amenazadas - Pulso27\",\"isPartOf\":{\"@id\":\"https:\\\/\\\/pulso27.com\\\/en\\\/#website\"},\"primaryImageOfPage\":{\"@id\":\"https:\\\/\\\/pulso27.com\\\/nacional\\\/protestas-ciudadanas-contra-dina-boluarte-en-el-bicentenario-de-la-batalla-de-ayacucho-se-ven-amenazadas\\\/#primaryimage\"},\"image\":{\"@id\":\"https:\\\/\\\/pulso27.com\\\/nacional\\\/protestas-ciudadanas-contra-dina-boluarte-en-el-bicentenario-de-la-batalla-de-ayacucho-se-ven-amenazadas\\\/#primaryimage\"},\"thumbnailUrl\":\"https:\\\/\\\/pulso27.com\\\/wp-content\\\/uploads\\\/2024\\\/12\\\/AyacFrente.png\",\"datePublished\":\"2024-12-08T18:51:55+00:00\",\"dateModified\":\"2024-12-08T18:51:58+00:00\",\"breadcrumb\":{\"@id\":\"https:\\\/\\\/pulso27.com\\\/nacional\\\/protestas-ciudadanas-contra-dina-boluarte-en-el-bicentenario-de-la-batalla-de-ayacucho-se-ven-amenazadas\\\/#breadcrumb\"},\"inLanguage\":\"en-US\",\"potentialAction\":[{\"@type\":\"ReadAction\",\"target\":[\"https:\\\/\\\/pulso27.com\\\/nacional\\\/protestas-ciudadanas-contra-dina-boluarte-en-el-bicentenario-de-la-batalla-de-ayacucho-se-ven-amenazadas\\\/\"]}]},{\"@type\":\"ImageObject\",\"inLanguage\":\"en-US\",\"@id\":\"https:\\\/\\\/pulso27.com\\\/nacional\\\/protestas-ciudadanas-contra-dina-boluarte-en-el-bicentenario-de-la-batalla-de-ayacucho-se-ven-amenazadas\\\/#primaryimage\",\"url\":\"https:\\\/\\\/pulso27.com\\\/wp-content\\\/uploads\\\/2024\\\/12\\\/AyacFrente.png\",\"contentUrl\":\"https:\\\/\\\/pulso27.com\\\/wp-content\\\/uploads\\\/2024\\\/12\\\/AyacFrente.png\",\"width\":1200,\"height\":675,\"caption\":\"Protesta contra Dina Boluarte\"},{\"@type\":\"BreadcrumbList\",\"@id\":\"https:\\\/\\\/pulso27.com\\\/nacional\\\/protestas-ciudadanas-contra-dina-boluarte-en-el-bicentenario-de-la-batalla-de-ayacucho-se-ven-amenazadas\\\/#breadcrumb\",\"itemListElement\":[{\"@type\":\"ListItem\",\"position\":1,\"name\":\"Portada\",\"item\":\"https:\\\/\\\/pulso27.com\\\/\"},{\"@type\":\"ListItem\",\"position\":2,\"name\":\"Protestas ciudadanas contra Dina Boluarte en el bicentenario de la Batalla de Ayacucho se ven amenazadas\"}]},{\"@type\":\"WebSite\",\"@id\":\"https:\\\/\\\/pulso27.com\\\/en\\\/#website\",\"url\":\"https:\\\/\\\/pulso27.com\\\/en\\\/\",\"name\":\"Pulso27\",\"description\":\"Web de noticias y publicidad\",\"publisher\":{\"@id\":\"https:\\\/\\\/pulso27.com\\\/en\\\/#organization\"},\"alternateName\":\"El pulso del pueblo\",\"potentialAction\":[{\"@type\":\"SearchAction\",\"target\":{\"@type\":\"EntryPoint\",\"urlTemplate\":\"https:\\\/\\\/pulso27.com\\\/en\\\/?s={search_term_string}\"},\"query-input\":{\"@type\":\"PropertyValueSpecification\",\"valueRequired\":true,\"valueName\":\"search_term_string\"}}],\"inLanguage\":\"en-US\"},{\"@type\":\"Organization\",\"@id\":\"https:\\\/\\\/pulso27.com\\\/en\\\/#organization\",\"name\":\"Pulso27\",\"url\":\"https:\\\/\\\/pulso27.com\\\/en\\\/\",\"logo\":{\"@type\":\"ImageObject\",\"inLanguage\":\"en-US\",\"@id\":\"https:\\\/\\\/pulso27.com\\\/en\\\/#\\\/schema\\\/logo\\\/image\\\/\",\"url\":\"https:\\\/\\\/pulso27.com\\\/wp-content\\\/uploads\\\/2026\\\/02\\\/Logotipo-de-la-organizacion-696-x-696-px-ok.png\",\"contentUrl\":\"https:\\\/\\\/pulso27.com\\\/wp-content\\\/uploads\\\/2026\\\/02\\\/Logotipo-de-la-organizacion-696-x-696-px-ok.png\",\"width\":696,\"height\":696,\"caption\":\"Pulso27\"},\"image\":{\"@id\":\"https:\\\/\\\/pulso27.com\\\/en\\\/#\\\/schema\\\/logo\\\/image\\\/\"},\"sameAs\":[\"https:\\\/\\\/www.facebook.com\\\/pulso27\\\/\",\"https:\\\/\\\/x.com\\\/Pulso_27\",\"https:\\\/\\\/www.youtube.com\\\/@Pulso27\",\"https:\\\/\\\/www.tiktok.com\\\/@pulso_27\"]},{\"@type\":\"Person\",\"@id\":\"https:\\\/\\\/pulso27.com\\\/en\\\/#\\\/schema\\\/person\\\/d20fd7f5bc7f2e53fd150d43fca07a78\",\"name\":\"Tupaq\",\"image\":{\"@type\":\"ImageObject\",\"inLanguage\":\"en-US\",\"@id\":\"https:\\\/\\\/secure.gravatar.com\\\/avatar\\\/7929e9b034aeea560319a601e4f04c59eb5f45a79eafe192adabb67e9604e7e7?s=96&d=mm&r=g\",\"url\":\"https:\\\/\\\/secure.gravatar.com\\\/avatar\\\/7929e9b034aeea560319a601e4f04c59eb5f45a79eafe192adabb67e9604e7e7?s=96&d=mm&r=g\",\"contentUrl\":\"https:\\\/\\\/secure.gravatar.com\\\/avatar\\\/7929e9b034aeea560319a601e4f04c59eb5f45a79eafe192adabb67e9604e7e7?s=96&d=mm&r=g\",\"caption\":\"Tupaq\"},\"url\":\"https:\\\/\\\/pulso27.com\\\/en\\\/author\\\/tupaq\\\/\"}]}<\/script>\n<!-- \/ Yoast SEO plugin. -->","yoast_head_json":{"title":"Protestas ciudadanas contra Dina Boluarte en el bicentenario de la Batalla de Ayacucho se ven amenazadas - Pulso27","robots":{"index":"index","follow":"follow","max-snippet":"max-snippet:-1","max-image-preview":"max-image-preview:large","max-video-preview":"max-video-preview:-1"},"canonical":"https:\/\/pulso27.com\/en\/nacional\/protestas-ciudadanas-contra-dina-boluarte-en-el-bicentenario-de-la-batalla-de-ayacucho-se-ven-amenazadas\/","og_locale":"en_US","og_type":"article","og_title":"Protestas ciudadanas contra Dina Boluarte en el bicentenario de la Batalla de Ayacucho se ven amenazadas - Pulso27","og_description":"Ayacucho se prepara para conmemorar el Bicentenario de la Batalla de Ayacucho, fecha clave que marc\u00f3 la independencia de Am\u00e9rica, pero la celebraci\u00f3n se ve empa\u00f1ada por un clima de tensi\u00f3n debido a las protestas previstas por los deudos de las v\u00edctimas de la represi\u00f3n en las manifestaciones de 2022 y 2023. Las familias de [&hellip;]","og_url":"https:\/\/pulso27.com\/en\/nacional\/protestas-ciudadanas-contra-dina-boluarte-en-el-bicentenario-de-la-batalla-de-ayacucho-se-ven-amenazadas\/","og_site_name":"Pulso27","article_publisher":"https:\/\/www.facebook.com\/pulso27\/","article_published_time":"2024-12-08T18:51:55+00:00","article_modified_time":"2024-12-08T18:51:58+00:00","og_image":[{"width":1200,"height":675,"url":"https:\/\/pulso27.com\/wp-content\/uploads\/2024\/12\/AyacFrente.png","type":"image\/png"}],"author":"Tupaq","twitter_card":"summary_large_image","twitter_creator":"@Pulso_27","twitter_site":"@Pulso_27","twitter_misc":{"Written by":"Tupaq","Est. reading time":"5 minutes"},"schema":{"@context":"https:\/\/schema.org","@graph":[{"@type":"Article","@id":"https:\/\/pulso27.com\/nacional\/protestas-ciudadanas-contra-dina-boluarte-en-el-bicentenario-de-la-batalla-de-ayacucho-se-ven-amenazadas\/#article","isPartOf":{"@id":"https:\/\/pulso27.com\/nacional\/protestas-ciudadanas-contra-dina-boluarte-en-el-bicentenario-de-la-batalla-de-ayacucho-se-ven-amenazadas\/"},"author":{"name":"Tupaq","@id":"https:\/\/pulso27.com\/en\/#\/schema\/person\/d20fd7f5bc7f2e53fd150d43fca07a78"},"headline":"Protestas ciudadanas contra Dina Boluarte en el bicentenario de la Batalla de Ayacucho se ven amenazadas","datePublished":"2024-12-08T18:51:55+00:00","dateModified":"2024-12-08T18:51:58+00:00","mainEntityOfPage":{"@id":"https:\/\/pulso27.com\/nacional\/protestas-ciudadanas-contra-dina-boluarte-en-el-bicentenario-de-la-batalla-de-ayacucho-se-ven-amenazadas\/"},"wordCount":969,"commentCount":0,"publisher":{"@id":"https:\/\/pulso27.com\/en\/#organization"},"image":{"@id":"https:\/\/pulso27.com\/nacional\/protestas-ciudadanas-contra-dina-boluarte-en-el-bicentenario-de-la-batalla-de-ayacucho-se-ven-amenazadas\/#primaryimage"},"thumbnailUrl":"https:\/\/pulso27.com\/wp-content\/uploads\/2024\/12\/AyacFrente.png","keywords":["BatallaDeAyacucho","BicentenarioDelPer\u00fa","DinaBoluarte"],"articleSection":["Actualidad","Nacional","Sociedad"],"inLanguage":"en-US","potentialAction":[{"@type":"CommentAction","name":"Comment","target":["https:\/\/pulso27.com\/nacional\/protestas-ciudadanas-contra-dina-boluarte-en-el-bicentenario-de-la-batalla-de-ayacucho-se-ven-amenazadas\/#respond"]}]},{"@type":"WebPage","@id":"https:\/\/pulso27.com\/nacional\/protestas-ciudadanas-contra-dina-boluarte-en-el-bicentenario-de-la-batalla-de-ayacucho-se-ven-amenazadas\/","url":"https:\/\/pulso27.com\/nacional\/protestas-ciudadanas-contra-dina-boluarte-en-el-bicentenario-de-la-batalla-de-ayacucho-se-ven-amenazadas\/","name":"Protestas ciudadanas contra Dina Boluarte en el bicentenario de la Batalla de Ayacucho se ven amenazadas - Pulso27","isPartOf":{"@id":"https:\/\/pulso27.com\/en\/#website"},"primaryImageOfPage":{"@id":"https:\/\/pulso27.com\/nacional\/protestas-ciudadanas-contra-dina-boluarte-en-el-bicentenario-de-la-batalla-de-ayacucho-se-ven-amenazadas\/#primaryimage"},"image":{"@id":"https:\/\/pulso27.com\/nacional\/protestas-ciudadanas-contra-dina-boluarte-en-el-bicentenario-de-la-batalla-de-ayacucho-se-ven-amenazadas\/#primaryimage"},"thumbnailUrl":"https:\/\/pulso27.com\/wp-content\/uploads\/2024\/12\/AyacFrente.png","datePublished":"2024-12-08T18:51:55+00:00","dateModified":"2024-12-08T18:51:58+00:00","breadcrumb":{"@id":"https:\/\/pulso27.com\/nacional\/protestas-ciudadanas-contra-dina-boluarte-en-el-bicentenario-de-la-batalla-de-ayacucho-se-ven-amenazadas\/#breadcrumb"},"inLanguage":"en-US","potentialAction":[{"@type":"ReadAction","target":["https:\/\/pulso27.com\/nacional\/protestas-ciudadanas-contra-dina-boluarte-en-el-bicentenario-de-la-batalla-de-ayacucho-se-ven-amenazadas\/"]}]},{"@type":"ImageObject","inLanguage":"en-US","@id":"https:\/\/pulso27.com\/nacional\/protestas-ciudadanas-contra-dina-boluarte-en-el-bicentenario-de-la-batalla-de-ayacucho-se-ven-amenazadas\/#primaryimage","url":"https:\/\/pulso27.com\/wp-content\/uploads\/2024\/12\/AyacFrente.png","contentUrl":"https:\/\/pulso27.com\/wp-content\/uploads\/2024\/12\/AyacFrente.png","width":1200,"height":675,"caption":"Protesta contra Dina Boluarte"},{"@type":"BreadcrumbList","@id":"https:\/\/pulso27.com\/nacional\/protestas-ciudadanas-contra-dina-boluarte-en-el-bicentenario-de-la-batalla-de-ayacucho-se-ven-amenazadas\/#breadcrumb","itemListElement":[{"@type":"ListItem","position":1,"name":"Portada","item":"https:\/\/pulso27.com\/"},{"@type":"ListItem","position":2,"name":"Protestas ciudadanas contra Dina Boluarte en el bicentenario de la Batalla de Ayacucho se ven amenazadas"}]},{"@type":"WebSite","@id":"https:\/\/pulso27.com\/en\/#website","url":"https:\/\/pulso27.com\/en\/","name":"Pulso27","description":"Web de noticias y publicidad","publisher":{"@id":"https:\/\/pulso27.com\/en\/#organization"},"alternateName":"El pulso del pueblo","potentialAction":[{"@type":"SearchAction","target":{"@type":"EntryPoint","urlTemplate":"https:\/\/pulso27.com\/en\/?s={search_term_string}"},"query-input":{"@type":"PropertyValueSpecification","valueRequired":true,"valueName":"search_term_string"}}],"inLanguage":"en-US"},{"@type":"Organization","@id":"https:\/\/pulso27.com\/en\/#organization","name":"Pulso27","url":"https:\/\/pulso27.com\/en\/","logo":{"@type":"ImageObject","inLanguage":"en-US","@id":"https:\/\/pulso27.com\/en\/#\/schema\/logo\/image\/","url":"https:\/\/pulso27.com\/wp-content\/uploads\/2026\/02\/Logotipo-de-la-organizacion-696-x-696-px-ok.png","contentUrl":"https:\/\/pulso27.com\/wp-content\/uploads\/2026\/02\/Logotipo-de-la-organizacion-696-x-696-px-ok.png","width":696,"height":696,"caption":"Pulso27"},"image":{"@id":"https:\/\/pulso27.com\/en\/#\/schema\/logo\/image\/"},"sameAs":["https:\/\/www.facebook.com\/pulso27\/","https:\/\/x.com\/Pulso_27","https:\/\/www.youtube.com\/@Pulso27","https:\/\/www.tiktok.com\/@pulso_27"]},{"@type":"Person","@id":"https:\/\/pulso27.com\/en\/#\/schema\/person\/d20fd7f5bc7f2e53fd150d43fca07a78","name":"Tupaq","image":{"@type":"ImageObject","inLanguage":"en-US","@id":"https:\/\/secure.gravatar.com\/avatar\/7929e9b034aeea560319a601e4f04c59eb5f45a79eafe192adabb67e9604e7e7?s=96&d=mm&r=g","url":"https:\/\/secure.gravatar.com\/avatar\/7929e9b034aeea560319a601e4f04c59eb5f45a79eafe192adabb67e9604e7e7?s=96&d=mm&r=g","contentUrl":"https:\/\/secure.gravatar.com\/avatar\/7929e9b034aeea560319a601e4f04c59eb5f45a79eafe192adabb67e9604e7e7?s=96&d=mm&r=g","caption":"Tupaq"},"url":"https:\/\/pulso27.com\/en\/author\/tupaq\/"}]}},"amp_enabled":true,"_links":{"self":[{"href":"https:\/\/pulso27.com\/en\/wp-json\/wp\/v2\/posts\/3072","targetHints":{"allow":["GET"]}}],"collection":[{"href":"https:\/\/pulso27.com\/en\/wp-json\/wp\/v2\/posts"}],"about":[{"href":"https:\/\/pulso27.com\/en\/wp-json\/wp\/v2\/types\/post"}],"author":[{"embeddable":true,"href":"https:\/\/pulso27.com\/en\/wp-json\/wp\/v2\/users\/7"}],"replies":[{"embeddable":true,"href":"https:\/\/pulso27.com\/en\/wp-json\/wp\/v2\/comments?post=3072"}],"version-history":[{"count":1,"href":"https:\/\/pulso27.com\/en\/wp-json\/wp\/v2\/posts\/3072\/revisions"}],"predecessor-version":[{"id":3077,"href":"https:\/\/pulso27.com\/en\/wp-json\/wp\/v2\/posts\/3072\/revisions\/3077"}],"wp:featuredmedia":[{"embeddable":true,"href":"https:\/\/pulso27.com\/en\/wp-json\/wp\/v2\/media\/3074"}],"wp:attachment":[{"href":"https:\/\/pulso27.com\/en\/wp-json\/wp\/v2\/media?parent=3072"}],"wp:term":[{"taxonomy":"category","embeddable":true,"href":"https:\/\/pulso27.com\/en\/wp-json\/wp\/v2\/categories?post=3072"},{"taxonomy":"post_tag","embeddable":true,"href":"https:\/\/pulso27.com\/en\/wp-json\/wp\/v2\/tags?post=3072"}],"curies":[{"name":"wp","href":"https:\/\/api.w.org\/{rel}","templated":true}]}}