{"id":3083,"date":"2024-12-10T10:05:14","date_gmt":"2024-12-10T05:05:14","guid":{"rendered":"https:\/\/pulso27.com\/?p=3083"},"modified":"2024-12-10T10:05:17","modified_gmt":"2024-12-10T05:05:17","slug":"transportistas-anuncian-paro-y-movilizacion-para-exigir-medidas-contra-la-criminalidad","status":"publish","type":"post","link":"https:\/\/pulso27.com\/en\/actualidad\/transportistas-anuncian-paro-y-movilizacion-para-exigir-medidas-contra-la-criminalidad\/","title":{"rendered":"Transportistas anuncian paro y movilizaci\u00f3n para exigir medidas contra la criminalidad"},"content":{"rendered":"<p>El gremio de transportistas, a trav\u00e9s de la Alianza Nacional de Transportistas (Anitra), ha confirmado la realizaci\u00f3n de un paro nacional este martes 10 de diciembre, con el fin de manifestarse contra la creciente ola de criminalidad que afecta al pa\u00eds. La protesta, que se realizar\u00e1 en conmemoraci\u00f3n del D\u00eda Internacional de los Derechos Humanos, tiene como objetivo principal visibilizar las continuas extorsiones y los asesinatos que golpean tanto a transportistas como a comerciantes y a la ciudadan\u00eda en general.<\/p>\n\n\n\n<p>Julio Campos, vicepresidente de Anitra, explic\u00f3 que esta movilizaci\u00f3n es una respuesta ante la alarmante situaci\u00f3n de violencia, que ha dejado a muchas familias enlutadas y en desamparo. \u00abLas extorsiones y los sicariatos no cesan. Las familias pierden a sus seres queridos, y los ni\u00f1os y adolescentes quedan hu\u00e9rfanos en un contexto de total desprotecci\u00f3n\u00bb, se\u00f1al\u00f3 Campos, destacando la urgencia de exigir medidas concretas para frenar la criminalidad.<\/p>\n\n\n\n<figure class=\"wp-block-image size-full\"><img loading=\"lazy\" decoding=\"async\" width=\"960\" height=\"540\" src=\"https:\/\/pulso27.com\/wp-content\/uploads\/2024\/12\/image-30.png\" alt=\"\" class=\"wp-image-3087\" srcset=\"https:\/\/pulso27.com\/wp-content\/uploads\/2024\/12\/image-30.png 960w, https:\/\/pulso27.com\/wp-content\/uploads\/2024\/12\/image-30-300x169.png 300w, https:\/\/pulso27.com\/wp-content\/uploads\/2024\/12\/image-30-768x432.png 768w, https:\/\/pulso27.com\/wp-content\/uploads\/2024\/12\/image-30-18x10.png 18w\" sizes=\"auto, (max-width: 960px) 100vw, 960px\" \/><figcaption class=\"wp-element-caption\"><em>El paro de transportistas fue anunciado como una movilizaci\u00f3n pac\u00edfica por la vida<\/em><\/figcaption><\/figure>\n\n\n\n<p>La marcha comenzar\u00e1 a las 3:00 p.m. en la Plaza San Mart\u00edn, desde donde los transportistas marchar\u00e1n de manera pac\u00edfica hasta el Congreso de la Rep\u00fablica. Durante la protesta, se realizar\u00e1 un plant\u00f3n frente al Palacio Legislativo para presionar a las autoridades a que tomen acciones inmediatas contra la inseguridad.<\/p>\n\n\n\n<p>Si bien la convocatoria se ha realizado desde hace varias semanas, la difusi\u00f3n ha enfrentado obst\u00e1culos, como el temor de los ciudadanos a represalias en un contexto de creciente violencia, as\u00ed como la preocupaci\u00f3n por las festividades navide\u00f1as. Sin embargo, Campos conf\u00eda en que la movilizaci\u00f3n lograr\u00e1 captar la atenci\u00f3n necesaria sobre un tema que afecta a todos los sectores de la sociedad.<\/p>\n\n\n\n<p>En un esfuerzo por sumar apoyos, Anitra ha entablado conversaciones con otros gremios y organizaciones, como la Confederaci\u00f3n General de Trabajadores del Per\u00fa (CGTP) y sindicatos de construcci\u00f3n civil, con la intenci\u00f3n de coordinar una acci\u00f3n conjunta que refleje el malestar generalizado por la situaci\u00f3n de inseguridad.<\/p>\n\n\n\n<p>\u00abQueremos que nuestras demandas sean escuchadas. El paro no es solo por los transportistas, sino por todos los ciudadanos que viven bajo el acecho de la violencia. Este es un reclamo por la vida y los derechos humanos\u00bb, destac\u00f3 Campos. <\/p>\n\n\n\n<figure class=\"wp-block-image size-large\"><img loading=\"lazy\" decoding=\"async\" width=\"1024\" height=\"576\" src=\"https:\/\/pulso27.com\/wp-content\/uploads\/2024\/12\/image-28-1024x576.png\" alt=\"\" class=\"wp-image-3085\" srcset=\"https:\/\/pulso27.com\/wp-content\/uploads\/2024\/12\/image-28-1024x576.png 1024w, https:\/\/pulso27.com\/wp-content\/uploads\/2024\/12\/image-28-300x169.png 300w, https:\/\/pulso27.com\/wp-content\/uploads\/2024\/12\/image-28-768x432.png 768w, https:\/\/pulso27.com\/wp-content\/uploads\/2024\/12\/image-28-18x10.png 18w, https:\/\/pulso27.com\/wp-content\/uploads\/2024\/12\/image-28.png 1200w\" sizes=\"auto, (max-width: 1024px) 100vw, 1024px\" \/><figcaption class=\"wp-element-caption\"><em>Algunos han puesto en relieve su afiliaci\u00f3n de Julio Campos en el partido ANTAURO<\/em><\/figcaption><\/figure>\n\n\n\n<p>Asimismo, indic\u00f3 que, pese a su afiliaci\u00f3n al recientemente ilegalizado partido Alianza Nacional de Trabajadores, Agricultores, Universitarios, Reservistas y Obreros (A.N.T.A.U.R.O), esta movilizaci\u00f3n de transportistas no tiene un prop\u00f3sito pol\u00edtico.<\/p>\n\n\n\n<p>El 10 de diciembre se perfila como una jornada de lucha que no solo busca visibilizar la grave situaci\u00f3n de inseguridad, sino tambi\u00e9n exigir respuestas r\u00e1pidas de las autoridades. En un pa\u00eds que ve c\u00f3mo la violencia y las extorsiones avanzan sin control, esta protesta promete ser una de las m\u00e1s significativas en lo que va del a\u00f1o.<\/p>","protected":false},"excerpt":{"rendered":"<p>El gremio de transportistas, a trav\u00e9s de la Alianza Nacional de Transportistas (Anitra), ha confirmado la realizaci\u00f3n de un paro nacional este martes 10 de diciembre, con el fin de manifestarse contra la creciente ola de criminalidad que afecta al pa\u00eds. La protesta, que se realizar\u00e1 en conmemoraci\u00f3n del D\u00eda Internacional de los Derechos Humanos, [&hellip;]<\/p>\n","protected":false},"author":10,"featured_media":3084,"comment_status":"open","ping_status":"open","sticky":false,"template":"","format":"standard","meta":{"footnotes":""},"categories":[183,202],"tags":[1126,734,861],"class_list":["post-3083","post","type-post","status-publish","format-standard","has-post-thumbnail","hentry","category-actualidad","category-sociedad","tag-movilizacionnacional","tag-mtc","tag-parodetransportes"],"yoast_head":"<!-- This site is optimized with the Yoast SEO plugin v27.4 - https:\/\/yoast.com\/product\/yoast-seo-wordpress\/ -->\n<title>Transportistas anuncian paro y movilizaci\u00f3n para exigir medidas contra la criminalidad - Pulso27<\/title>\n<meta name=\"robots\" content=\"index, follow, max-snippet:-1, max-image-preview:large, max-video-preview:-1\" \/>\n<link rel=\"canonical\" href=\"https:\/\/pulso27.com\/en\/actualidad\/transportistas-anuncian-paro-y-movilizacion-para-exigir-medidas-contra-la-criminalidad\/\" \/>\n<meta property=\"og:locale\" content=\"en_US\" \/>\n<meta property=\"og:type\" content=\"article\" \/>\n<meta property=\"og:title\" content=\"Transportistas anuncian paro y movilizaci\u00f3n para exigir medidas contra la criminalidad - Pulso27\" \/>\n<meta property=\"og:description\" content=\"El gremio de transportistas, a trav\u00e9s de la Alianza Nacional de Transportistas (Anitra), ha confirmado la realizaci\u00f3n de un paro nacional este martes 10 de diciembre, con el fin de manifestarse contra la creciente ola de criminalidad que afecta al pa\u00eds. La protesta, que se realizar\u00e1 en conmemoraci\u00f3n del D\u00eda Internacional de los Derechos Humanos, [&hellip;]\" \/>\n<meta property=\"og:url\" content=\"https:\/\/pulso27.com\/en\/actualidad\/transportistas-anuncian-paro-y-movilizacion-para-exigir-medidas-contra-la-criminalidad\/\" \/>\n<meta property=\"og:site_name\" content=\"Pulso27\" \/>\n<meta property=\"article:publisher\" content=\"https:\/\/www.facebook.com\/pulso27\/\" \/>\n<meta property=\"article:published_time\" content=\"2024-12-10T05:05:14+00:00\" \/>\n<meta property=\"article:modified_time\" content=\"2024-12-10T05:05:17+00:00\" \/>\n<meta property=\"og:image\" content=\"https:\/\/pulso27.com\/wp-content\/uploads\/2024\/12\/ParoTrans.png\" \/>\n\t<meta property=\"og:image:width\" content=\"1200\" \/>\n\t<meta property=\"og:image:height\" content=\"675\" \/>\n\t<meta property=\"og:image:type\" content=\"image\/png\" \/>\n<meta name=\"author\" content=\"El Muki\" \/>\n<meta name=\"twitter:card\" content=\"summary_large_image\" \/>\n<meta name=\"twitter:creator\" content=\"@Pulso_27\" \/>\n<meta name=\"twitter:site\" content=\"@Pulso_27\" \/>\n<meta name=\"twitter:label1\" content=\"Written by\" \/>\n\t<meta name=\"twitter:data1\" content=\"El Muki\" \/>\n\t<meta name=\"twitter:label2\" content=\"Est. reading time\" \/>\n\t<meta name=\"twitter:data2\" content=\"3 minutes\" \/>\n<script type=\"application\/ld+json\" class=\"yoast-schema-graph\">{\"@context\":\"https:\\\/\\\/schema.org\",\"@graph\":[{\"@type\":\"Article\",\"@id\":\"https:\\\/\\\/pulso27.com\\\/actualidad\\\/transportistas-anuncian-paro-y-movilizacion-para-exigir-medidas-contra-la-criminalidad\\\/#article\",\"isPartOf\":{\"@id\":\"https:\\\/\\\/pulso27.com\\\/actualidad\\\/transportistas-anuncian-paro-y-movilizacion-para-exigir-medidas-contra-la-criminalidad\\\/\"},\"author\":{\"name\":\"El Muki\",\"@id\":\"https:\\\/\\\/pulso27.com\\\/en\\\/#\\\/schema\\\/person\\\/a0930a7f318e7d9d83bd7cffed9f34f6\"},\"headline\":\"Transportistas anuncian paro y movilizaci\u00f3n para exigir medidas contra la criminalidad\",\"datePublished\":\"2024-12-10T05:05:14+00:00\",\"dateModified\":\"2024-12-10T05:05:17+00:00\",\"mainEntityOfPage\":{\"@id\":\"https:\\\/\\\/pulso27.com\\\/actualidad\\\/transportistas-anuncian-paro-y-movilizacion-para-exigir-medidas-contra-la-criminalidad\\\/\"},\"wordCount\":522,\"commentCount\":0,\"publisher\":{\"@id\":\"https:\\\/\\\/pulso27.com\\\/en\\\/#organization\"},\"image\":{\"@id\":\"https:\\\/\\\/pulso27.com\\\/actualidad\\\/transportistas-anuncian-paro-y-movilizacion-para-exigir-medidas-contra-la-criminalidad\\\/#primaryimage\"},\"thumbnailUrl\":\"https:\\\/\\\/pulso27.com\\\/wp-content\\\/uploads\\\/2024\\\/12\\\/ParoTrans.png\",\"keywords\":[\"Movilizaci\u00f3nNacional\",\"MTC\",\"ParoDeTransportes\"],\"articleSection\":[\"Actualidad\",\"Sociedad\"],\"inLanguage\":\"en-US\",\"potentialAction\":[{\"@type\":\"CommentAction\",\"name\":\"Comment\",\"target\":[\"https:\\\/\\\/pulso27.com\\\/actualidad\\\/transportistas-anuncian-paro-y-movilizacion-para-exigir-medidas-contra-la-criminalidad\\\/#respond\"]}]},{\"@type\":\"WebPage\",\"@id\":\"https:\\\/\\\/pulso27.com\\\/actualidad\\\/transportistas-anuncian-paro-y-movilizacion-para-exigir-medidas-contra-la-criminalidad\\\/\",\"url\":\"https:\\\/\\\/pulso27.com\\\/actualidad\\\/transportistas-anuncian-paro-y-movilizacion-para-exigir-medidas-contra-la-criminalidad\\\/\",\"name\":\"Transportistas anuncian paro y movilizaci\u00f3n para exigir medidas contra la criminalidad - Pulso27\",\"isPartOf\":{\"@id\":\"https:\\\/\\\/pulso27.com\\\/en\\\/#website\"},\"primaryImageOfPage\":{\"@id\":\"https:\\\/\\\/pulso27.com\\\/actualidad\\\/transportistas-anuncian-paro-y-movilizacion-para-exigir-medidas-contra-la-criminalidad\\\/#primaryimage\"},\"image\":{\"@id\":\"https:\\\/\\\/pulso27.com\\\/actualidad\\\/transportistas-anuncian-paro-y-movilizacion-para-exigir-medidas-contra-la-criminalidad\\\/#primaryimage\"},\"thumbnailUrl\":\"https:\\\/\\\/pulso27.com\\\/wp-content\\\/uploads\\\/2024\\\/12\\\/ParoTrans.png\",\"datePublished\":\"2024-12-10T05:05:14+00:00\",\"dateModified\":\"2024-12-10T05:05:17+00:00\",\"breadcrumb\":{\"@id\":\"https:\\\/\\\/pulso27.com\\\/actualidad\\\/transportistas-anuncian-paro-y-movilizacion-para-exigir-medidas-contra-la-criminalidad\\\/#breadcrumb\"},\"inLanguage\":\"en-US\",\"potentialAction\":[{\"@type\":\"ReadAction\",\"target\":[\"https:\\\/\\\/pulso27.com\\\/actualidad\\\/transportistas-anuncian-paro-y-movilizacion-para-exigir-medidas-contra-la-criminalidad\\\/\"]}]},{\"@type\":\"ImageObject\",\"inLanguage\":\"en-US\",\"@id\":\"https:\\\/\\\/pulso27.com\\\/actualidad\\\/transportistas-anuncian-paro-y-movilizacion-para-exigir-medidas-contra-la-criminalidad\\\/#primaryimage\",\"url\":\"https:\\\/\\\/pulso27.com\\\/wp-content\\\/uploads\\\/2024\\\/12\\\/ParoTrans.png\",\"contentUrl\":\"https:\\\/\\\/pulso27.com\\\/wp-content\\\/uploads\\\/2024\\\/12\\\/ParoTrans.png\",\"width\":1200,\"height\":675,\"caption\":\"El mi\u00e9rcoles 10 de diciembre realizar\u00e1n una movilizaci\u00f3n en Lima\"},{\"@type\":\"BreadcrumbList\",\"@id\":\"https:\\\/\\\/pulso27.com\\\/actualidad\\\/transportistas-anuncian-paro-y-movilizacion-para-exigir-medidas-contra-la-criminalidad\\\/#breadcrumb\",\"itemListElement\":[{\"@type\":\"ListItem\",\"position\":1,\"name\":\"Portada\",\"item\":\"https:\\\/\\\/pulso27.com\\\/\"},{\"@type\":\"ListItem\",\"position\":2,\"name\":\"Transportistas anuncian paro y movilizaci\u00f3n para exigir medidas contra la criminalidad\"}]},{\"@type\":\"WebSite\",\"@id\":\"https:\\\/\\\/pulso27.com\\\/en\\\/#website\",\"url\":\"https:\\\/\\\/pulso27.com\\\/en\\\/\",\"name\":\"Pulso27\",\"description\":\"Web de noticias y publicidad\",\"publisher\":{\"@id\":\"https:\\\/\\\/pulso27.com\\\/en\\\/#organization\"},\"alternateName\":\"El pulso del pueblo\",\"potentialAction\":[{\"@type\":\"SearchAction\",\"target\":{\"@type\":\"EntryPoint\",\"urlTemplate\":\"https:\\\/\\\/pulso27.com\\\/en\\\/?s={search_term_string}\"},\"query-input\":{\"@type\":\"PropertyValueSpecification\",\"valueRequired\":true,\"valueName\":\"search_term_string\"}}],\"inLanguage\":\"en-US\"},{\"@type\":\"Organization\",\"@id\":\"https:\\\/\\\/pulso27.com\\\/en\\\/#organization\",\"name\":\"Pulso27\",\"url\":\"https:\\\/\\\/pulso27.com\\\/en\\\/\",\"logo\":{\"@type\":\"ImageObject\",\"inLanguage\":\"en-US\",\"@id\":\"https:\\\/\\\/pulso27.com\\\/en\\\/#\\\/schema\\\/logo\\\/image\\\/\",\"url\":\"https:\\\/\\\/pulso27.com\\\/wp-content\\\/uploads\\\/2026\\\/02\\\/Logotipo-de-la-organizacion-696-x-696-px-ok.png\",\"contentUrl\":\"https:\\\/\\\/pulso27.com\\\/wp-content\\\/uploads\\\/2026\\\/02\\\/Logotipo-de-la-organizacion-696-x-696-px-ok.png\",\"width\":696,\"height\":696,\"caption\":\"Pulso27\"},\"image\":{\"@id\":\"https:\\\/\\\/pulso27.com\\\/en\\\/#\\\/schema\\\/logo\\\/image\\\/\"},\"sameAs\":[\"https:\\\/\\\/www.facebook.com\\\/pulso27\\\/\",\"https:\\\/\\\/x.com\\\/Pulso_27\",\"https:\\\/\\\/www.youtube.com\\\/@Pulso27\",\"https:\\\/\\\/www.tiktok.com\\\/@pulso_27\"]},{\"@type\":\"Person\",\"@id\":\"https:\\\/\\\/pulso27.com\\\/en\\\/#\\\/schema\\\/person\\\/a0930a7f318e7d9d83bd7cffed9f34f6\",\"name\":\"El Muki\",\"image\":{\"@type\":\"ImageObject\",\"inLanguage\":\"en-US\",\"@id\":\"https:\\\/\\\/secure.gravatar.com\\\/avatar\\\/dc91c2607c5eebda74cbb40d13031f489096c96ead89c4c30c17db262267b2b3?s=96&d=mm&r=g\",\"url\":\"https:\\\/\\\/secure.gravatar.com\\\/avatar\\\/dc91c2607c5eebda74cbb40d13031f489096c96ead89c4c30c17db262267b2b3?s=96&d=mm&r=g\",\"contentUrl\":\"https:\\\/\\\/secure.gravatar.com\\\/avatar\\\/dc91c2607c5eebda74cbb40d13031f489096c96ead89c4c30c17db262267b2b3?s=96&d=mm&r=g\",\"caption\":\"El Muki\"},\"sameAs\":[\"http:\\\/\\\/www.pulso27.com\"],\"url\":\"https:\\\/\\\/pulso27.com\\\/en\\\/author\\\/elcuervo\\\/\"}]}<\/script>\n<!-- \/ Yoast SEO plugin. -->","yoast_head_json":{"title":"Transportistas anuncian paro y movilizaci\u00f3n para exigir medidas contra la criminalidad - Pulso27","robots":{"index":"index","follow":"follow","max-snippet":"max-snippet:-1","max-image-preview":"max-image-preview:large","max-video-preview":"max-video-preview:-1"},"canonical":"https:\/\/pulso27.com\/en\/actualidad\/transportistas-anuncian-paro-y-movilizacion-para-exigir-medidas-contra-la-criminalidad\/","og_locale":"en_US","og_type":"article","og_title":"Transportistas anuncian paro y movilizaci\u00f3n para exigir medidas contra la criminalidad - Pulso27","og_description":"El gremio de transportistas, a trav\u00e9s de la Alianza Nacional de Transportistas (Anitra), ha confirmado la realizaci\u00f3n de un paro nacional este martes 10 de diciembre, con el fin de manifestarse contra la creciente ola de criminalidad que afecta al pa\u00eds. La protesta, que se realizar\u00e1 en conmemoraci\u00f3n del D\u00eda Internacional de los Derechos Humanos, [&hellip;]","og_url":"https:\/\/pulso27.com\/en\/actualidad\/transportistas-anuncian-paro-y-movilizacion-para-exigir-medidas-contra-la-criminalidad\/","og_site_name":"Pulso27","article_publisher":"https:\/\/www.facebook.com\/pulso27\/","article_published_time":"2024-12-10T05:05:14+00:00","article_modified_time":"2024-12-10T05:05:17+00:00","og_image":[{"width":1200,"height":675,"url":"https:\/\/pulso27.com\/wp-content\/uploads\/2024\/12\/ParoTrans.png","type":"image\/png"}],"author":"El Muki","twitter_card":"summary_large_image","twitter_creator":"@Pulso_27","twitter_site":"@Pulso_27","twitter_misc":{"Written by":"El Muki","Est. reading time":"3 minutes"},"schema":{"@context":"https:\/\/schema.org","@graph":[{"@type":"Article","@id":"https:\/\/pulso27.com\/actualidad\/transportistas-anuncian-paro-y-movilizacion-para-exigir-medidas-contra-la-criminalidad\/#article","isPartOf":{"@id":"https:\/\/pulso27.com\/actualidad\/transportistas-anuncian-paro-y-movilizacion-para-exigir-medidas-contra-la-criminalidad\/"},"author":{"name":"El Muki","@id":"https:\/\/pulso27.com\/en\/#\/schema\/person\/a0930a7f318e7d9d83bd7cffed9f34f6"},"headline":"Transportistas anuncian paro y movilizaci\u00f3n para exigir medidas contra la criminalidad","datePublished":"2024-12-10T05:05:14+00:00","dateModified":"2024-12-10T05:05:17+00:00","mainEntityOfPage":{"@id":"https:\/\/pulso27.com\/actualidad\/transportistas-anuncian-paro-y-movilizacion-para-exigir-medidas-contra-la-criminalidad\/"},"wordCount":522,"commentCount":0,"publisher":{"@id":"https:\/\/pulso27.com\/en\/#organization"},"image":{"@id":"https:\/\/pulso27.com\/actualidad\/transportistas-anuncian-paro-y-movilizacion-para-exigir-medidas-contra-la-criminalidad\/#primaryimage"},"thumbnailUrl":"https:\/\/pulso27.com\/wp-content\/uploads\/2024\/12\/ParoTrans.png","keywords":["Movilizaci\u00f3nNacional","MTC","ParoDeTransportes"],"articleSection":["Actualidad","Sociedad"],"inLanguage":"en-US","potentialAction":[{"@type":"CommentAction","name":"Comment","target":["https:\/\/pulso27.com\/actualidad\/transportistas-anuncian-paro-y-movilizacion-para-exigir-medidas-contra-la-criminalidad\/#respond"]}]},{"@type":"WebPage","@id":"https:\/\/pulso27.com\/actualidad\/transportistas-anuncian-paro-y-movilizacion-para-exigir-medidas-contra-la-criminalidad\/","url":"https:\/\/pulso27.com\/actualidad\/transportistas-anuncian-paro-y-movilizacion-para-exigir-medidas-contra-la-criminalidad\/","name":"Transportistas anuncian paro y movilizaci\u00f3n para exigir medidas contra la criminalidad - Pulso27","isPartOf":{"@id":"https:\/\/pulso27.com\/en\/#website"},"primaryImageOfPage":{"@id":"https:\/\/pulso27.com\/actualidad\/transportistas-anuncian-paro-y-movilizacion-para-exigir-medidas-contra-la-criminalidad\/#primaryimage"},"image":{"@id":"https:\/\/pulso27.com\/actualidad\/transportistas-anuncian-paro-y-movilizacion-para-exigir-medidas-contra-la-criminalidad\/#primaryimage"},"thumbnailUrl":"https:\/\/pulso27.com\/wp-content\/uploads\/2024\/12\/ParoTrans.png","datePublished":"2024-12-10T05:05:14+00:00","dateModified":"2024-12-10T05:05:17+00:00","breadcrumb":{"@id":"https:\/\/pulso27.com\/actualidad\/transportistas-anuncian-paro-y-movilizacion-para-exigir-medidas-contra-la-criminalidad\/#breadcrumb"},"inLanguage":"en-US","potentialAction":[{"@type":"ReadAction","target":["https:\/\/pulso27.com\/actualidad\/transportistas-anuncian-paro-y-movilizacion-para-exigir-medidas-contra-la-criminalidad\/"]}]},{"@type":"ImageObject","inLanguage":"en-US","@id":"https:\/\/pulso27.com\/actualidad\/transportistas-anuncian-paro-y-movilizacion-para-exigir-medidas-contra-la-criminalidad\/#primaryimage","url":"https:\/\/pulso27.com\/wp-content\/uploads\/2024\/12\/ParoTrans.png","contentUrl":"https:\/\/pulso27.com\/wp-content\/uploads\/2024\/12\/ParoTrans.png","width":1200,"height":675,"caption":"El mi\u00e9rcoles 10 de diciembre realizar\u00e1n una movilizaci\u00f3n en Lima"},{"@type":"BreadcrumbList","@id":"https:\/\/pulso27.com\/actualidad\/transportistas-anuncian-paro-y-movilizacion-para-exigir-medidas-contra-la-criminalidad\/#breadcrumb","itemListElement":[{"@type":"ListItem","position":1,"name":"Portada","item":"https:\/\/pulso27.com\/"},{"@type":"ListItem","position":2,"name":"Transportistas anuncian paro y movilizaci\u00f3n para exigir medidas contra la criminalidad"}]},{"@type":"WebSite","@id":"https:\/\/pulso27.com\/en\/#website","url":"https:\/\/pulso27.com\/en\/","name":"Pulso27","description":"Web de noticias y publicidad","publisher":{"@id":"https:\/\/pulso27.com\/en\/#organization"},"alternateName":"El pulso del pueblo","potentialAction":[{"@type":"SearchAction","target":{"@type":"EntryPoint","urlTemplate":"https:\/\/pulso27.com\/en\/?s={search_term_string}"},"query-input":{"@type":"PropertyValueSpecification","valueRequired":true,"valueName":"search_term_string"}}],"inLanguage":"en-US"},{"@type":"Organization","@id":"https:\/\/pulso27.com\/en\/#organization","name":"Pulso27","url":"https:\/\/pulso27.com\/en\/","logo":{"@type":"ImageObject","inLanguage":"en-US","@id":"https:\/\/pulso27.com\/en\/#\/schema\/logo\/image\/","url":"https:\/\/pulso27.com\/wp-content\/uploads\/2026\/02\/Logotipo-de-la-organizacion-696-x-696-px-ok.png","contentUrl":"https:\/\/pulso27.com\/wp-content\/uploads\/2026\/02\/Logotipo-de-la-organizacion-696-x-696-px-ok.png","width":696,"height":696,"caption":"Pulso27"},"image":{"@id":"https:\/\/pulso27.com\/en\/#\/schema\/logo\/image\/"},"sameAs":["https:\/\/www.facebook.com\/pulso27\/","https:\/\/x.com\/Pulso_27","https:\/\/www.youtube.com\/@Pulso27","https:\/\/www.tiktok.com\/@pulso_27"]},{"@type":"Person","@id":"https:\/\/pulso27.com\/en\/#\/schema\/person\/a0930a7f318e7d9d83bd7cffed9f34f6","name":"El Muki","image":{"@type":"ImageObject","inLanguage":"en-US","@id":"https:\/\/secure.gravatar.com\/avatar\/dc91c2607c5eebda74cbb40d13031f489096c96ead89c4c30c17db262267b2b3?s=96&d=mm&r=g","url":"https:\/\/secure.gravatar.com\/avatar\/dc91c2607c5eebda74cbb40d13031f489096c96ead89c4c30c17db262267b2b3?s=96&d=mm&r=g","contentUrl":"https:\/\/secure.gravatar.com\/avatar\/dc91c2607c5eebda74cbb40d13031f489096c96ead89c4c30c17db262267b2b3?s=96&d=mm&r=g","caption":"El Muki"},"sameAs":["http:\/\/www.pulso27.com"],"url":"https:\/\/pulso27.com\/en\/author\/elcuervo\/"}]}},"amp_enabled":true,"_links":{"self":[{"href":"https:\/\/pulso27.com\/en\/wp-json\/wp\/v2\/posts\/3083","targetHints":{"allow":["GET"]}}],"collection":[{"href":"https:\/\/pulso27.com\/en\/wp-json\/wp\/v2\/posts"}],"about":[{"href":"https:\/\/pulso27.com\/en\/wp-json\/wp\/v2\/types\/post"}],"author":[{"embeddable":true,"href":"https:\/\/pulso27.com\/en\/wp-json\/wp\/v2\/users\/10"}],"replies":[{"embeddable":true,"href":"https:\/\/pulso27.com\/en\/wp-json\/wp\/v2\/comments?post=3083"}],"version-history":[{"count":1,"href":"https:\/\/pulso27.com\/en\/wp-json\/wp\/v2\/posts\/3083\/revisions"}],"predecessor-version":[{"id":3088,"href":"https:\/\/pulso27.com\/en\/wp-json\/wp\/v2\/posts\/3083\/revisions\/3088"}],"wp:featuredmedia":[{"embeddable":true,"href":"https:\/\/pulso27.com\/en\/wp-json\/wp\/v2\/media\/3084"}],"wp:attachment":[{"href":"https:\/\/pulso27.com\/en\/wp-json\/wp\/v2\/media?parent=3083"}],"wp:term":[{"taxonomy":"category","embeddable":true,"href":"https:\/\/pulso27.com\/en\/wp-json\/wp\/v2\/categories?post=3083"},{"taxonomy":"post_tag","embeddable":true,"href":"https:\/\/pulso27.com\/en\/wp-json\/wp\/v2\/tags?post=3083"}],"curies":[{"name":"wp","href":"https:\/\/api.w.org\/{rel}","templated":true}]}}