{"id":3092,"date":"2024-12-10T11:17:48","date_gmt":"2024-12-10T06:17:48","guid":{"rendered":"https:\/\/pulso27.com\/?p=3092"},"modified":"2024-12-10T11:17:51","modified_gmt":"2024-12-10T06:17:51","slug":"navidad-en-el-peru-una-fusion-de-tradiciones-ancestrales-y-costumbres-precolombinas","status":"publish","type":"post","link":"https:\/\/pulso27.com\/en\/cultura\/costumbre-y-tradiciones\/navidad-en-el-peru-una-fusion-de-tradiciones-ancestrales-y-costumbres-precolombinas\/","title":{"rendered":"Navidad en el Per\u00fa: Una fusi\u00f3n de tradiciones ancestrales y costumbres precolombinas"},"content":{"rendered":"<p>La Navidad en el Per\u00fa es una celebraci\u00f3n que, m\u00e1s all\u00e1 de sus influencias europeas, conserva una rica herencia de costumbres precolombinas y ancestrales que dan vida a una de las fiestas m\u00e1s singulares de Am\u00e9rica Latina. A medida que se acercan las festividades, las ciudades y pueblos del pa\u00eds se visten de luces y colores, pero tambi\u00e9n reviven pr\u00e1cticas y s\u00edmbolos que han resistido el paso del tiempo, fusionando lo cristiano con lo ind\u00edgena en una expresi\u00f3n cultural \u00fanica.<\/p>\n\n\n\n<figure class=\"wp-block-image size-full is-resized\"><img loading=\"lazy\" decoding=\"async\" width=\"700\" height=\"435\" src=\"https:\/\/pulso27.com\/wp-content\/uploads\/2024\/12\/image-36.png\" alt=\"\" class=\"wp-image-3099\" style=\"width:740px;height:auto\" srcset=\"https:\/\/pulso27.com\/wp-content\/uploads\/2024\/12\/image-36.png 700w, https:\/\/pulso27.com\/wp-content\/uploads\/2024\/12\/image-36-300x186.png 300w, https:\/\/pulso27.com\/wp-content\/uploads\/2024\/12\/image-36-18x12.png 18w\" sizes=\"auto, (max-width: 700px) 100vw, 700px\" \/><figcaption class=\"wp-element-caption\"><em>Celebraciones de la navidad en el departamento de Cusco<\/em><\/figcaption><\/figure>\n\n\n\n<p>En los Andes peruanos, especialmente en regiones como Cusco y Ayacucho, la Navidad se celebra con una mezcla de solemnidad y fiesta. A la tradicional Misa de Gallo, que conmemora el nacimiento de Jes\u00fas, se suman rituales ancestrales ligados a la pachamama, la madre tierra, y las ceremonias agr\u00edcolas. En algunas comunidades, el ritual de la siembra o la ceremonia del agradecimiento a la tierra es una constante durante las fechas navide\u00f1as. Se cree que este acto, practicado desde tiempos del Imperio Inca, asegura la fertilidad de los campos para el a\u00f1o siguiente, mostrando una integraci\u00f3n de las creencias precolombinas con la llegada del cristianismo.<\/p>\n\n\n\n<p>En la v\u00edspera de Navidad, es com\u00fan ver a las familias andinas realizando un \u201cpago a la tierra\u201d, en el que se ofrendan productos de la cosecha, como ma\u00edz, quinua, papas y frutas, al suelo. Este ritual, conocido tambi\u00e9n como despacho, busca pedir por la abundancia y la prosperidad para el pr\u00f3ximo a\u00f1o, mientras que los cantos y danzas tradicionales, como el \u201chuayno\u201d, resuenan en el aire.<\/p>\n\n\n\n<figure class=\"wp-block-image size-large\"><img loading=\"lazy\" decoding=\"async\" width=\"1024\" height=\"683\" src=\"https:\/\/pulso27.com\/wp-content\/uploads\/2024\/12\/image-35-1024x683.png\" alt=\"\" class=\"wp-image-3098\" srcset=\"https:\/\/pulso27.com\/wp-content\/uploads\/2024\/12\/image-35-1024x683.png 1024w, https:\/\/pulso27.com\/wp-content\/uploads\/2024\/12\/image-35-300x200.png 300w, https:\/\/pulso27.com\/wp-content\/uploads\/2024\/12\/image-35-768x512.png 768w, https:\/\/pulso27.com\/wp-content\/uploads\/2024\/12\/image-35-1536x1024.png 1536w, https:\/\/pulso27.com\/wp-content\/uploads\/2024\/12\/image-35-18x12.png 18w, https:\/\/pulso27.com\/wp-content\/uploads\/2024\/12\/image-35.png 1800w\" sizes=\"auto, (max-width: 1024px) 100vw, 1024px\" \/><figcaption class=\"wp-element-caption\"><em>Tradicional Bajada de Reyes en Ayacucho con la colorida Huayl\u00eda<\/em><\/figcaption><\/figure>\n\n\n\n<p>El Ni\u00f1o Jes\u00fas en el Per\u00fa no solo ocupa el centro de los pesebres, sino que en muchas regiones se le asocia con los apus, las monta\u00f1as sagradas que seg\u00fan las creencias andinas son moradas de los dioses. En algunos pueblos del Cusco, por ejemplo, es com\u00fan que los habitantes coloquen a las figuras del Ni\u00f1o Jes\u00fas y la Virgen Mar\u00eda junto a las representaciones de las monta\u00f1as, como s\u00edmbolo de la conexi\u00f3n entre lo divino y la naturaleza. Adem\u00e1s, muchas veces se realizan procesiones en las que los lugare\u00f1os, ataviados con trajes t\u00edpicos, recorren las calles con la imagen del Ni\u00f1o Jes\u00fas y otros santos, acompa\u00f1ados de m\u00fasica de instrumentos tradicionales como el charango y la quena.<\/p>\n\n\n\n<p>En la regi\u00f3n amaz\u00f3nica, la Navidad se celebra de una forma igualmente especial, incorporando elementos de las creencias de los pueblos originarios de la selva. En comunidades como las de la cuenca del r\u00edo Ucayali, se realizan festejos que combinan la espiritualidad nativa con las celebraciones religiosas, en una atm\u00f3sfera de m\u00fasica de flautas y tambores. Aqu\u00ed, la Navidad tambi\u00e9n est\u00e1 marcada por la conexi\u00f3n con la naturaleza y la protecci\u00f3n de los animales y plantas que forman parte vital de la cosmovisi\u00f3n amaz\u00f3nica.<\/p>\n\n\n\n<figure class=\"wp-block-image size-large\"><img loading=\"lazy\" decoding=\"async\" width=\"1024\" height=\"576\" src=\"https:\/\/pulso27.com\/wp-content\/uploads\/2024\/12\/image-32-1024x576.png\" alt=\"\" class=\"wp-image-3094\" srcset=\"https:\/\/pulso27.com\/wp-content\/uploads\/2024\/12\/image-32-1024x576.png 1024w, https:\/\/pulso27.com\/wp-content\/uploads\/2024\/12\/image-32-300x169.png 300w, https:\/\/pulso27.com\/wp-content\/uploads\/2024\/12\/image-32-768x432.png 768w, https:\/\/pulso27.com\/wp-content\/uploads\/2024\/12\/image-32-1536x864.png 1536w, https:\/\/pulso27.com\/wp-content\/uploads\/2024\/12\/image-32-18x10.png 18w, https:\/\/pulso27.com\/wp-content\/uploads\/2024\/12\/image-32.png 1920w\" sizes=\"auto, (max-width: 1024px) 100vw, 1024px\" \/><figcaption class=\"wp-element-caption\">\u00a0<em>Lleno de colores vibrantes, tradicionales pastoreadas y melod\u00edas amaz\u00f3nicas en Iquitos<\/em><\/figcaption><\/figure>\n\n\n\n<p>La comida juega un papel esencial en la Navidad peruana. M\u00e1s all\u00e1 del tradicional pavo y panet\u00f3n, las mesas se llenan con productos aut\u00f3ctonos que han sido parte de las festividades desde tiempos precolombinos. En la sierra, se prepara el lech\u00f3n y el cuy, mientras que en la costa, se celebran con platos de pescado fresco y mariscos, muchos de los cuales tienen ra\u00edces en las tradiciones preincaicas. Las hierbas arom\u00e1ticas como la mu\u00f1a y el an\u00eds se incorporan en infusiones y bebidas, mientras que la chicha, una bebida a base de ma\u00edz fermentado, revive las antiguas pr\u00e1cticas de los pueblos andinos.<\/p>\n\n\n\n<p>M\u00e1s all\u00e1 de las tradiciones religiosas, la Navidad en el Per\u00fa es una celebraci\u00f3n que tambi\u00e9n se entiende como un acto de renacimiento cultural. Las comunidades ind\u00edgenas de todo el pa\u00eds, desde los Andes hasta la Amazon\u00eda, mantienen vivas las tradiciones ancestrales que se mezclan con las influencias del mestizaje, creando una Navidad que no solo conmemora el nacimiento de Cristo, sino tambi\u00e9n la perennidad de sus ra\u00edces culturales.<\/p>\n\n\n\n<figure class=\"wp-block-image size-full is-resized\"><img loading=\"lazy\" decoding=\"async\" width=\"580\" height=\"360\" src=\"https:\/\/pulso27.com\/wp-content\/uploads\/2024\/12\/image-33.png\" alt=\"\" class=\"wp-image-3096\" style=\"width:740px;height:auto\" srcset=\"https:\/\/pulso27.com\/wp-content\/uploads\/2024\/12\/image-33.png 580w, https:\/\/pulso27.com\/wp-content\/uploads\/2024\/12\/image-33-300x186.png 300w, https:\/\/pulso27.com\/wp-content\/uploads\/2024\/12\/image-33-18x12.png 18w\" sizes=\"auto, (max-width: 580px) 100vw, 580px\" \/><figcaption class=\"wp-element-caption\"><em>Festividades navide\u00f1as en el Valle del Mantaro de Jun\u00edn<\/em><\/figcaption><\/figure>\n\n\n\n<p>Este diciembre, mientras las familias se re\u00fanen en torno a las mesas festivas y los pueblos se engalanan con luces y cantos, la Navidad en el Per\u00fa se presenta como una fecha para la reflexi\u00f3n, la uni\u00f3n familiar y, sobre todo, el reconocimiento de la riqueza cultural que ha perdurado desde tiempos precolombinos, mostrando que, aunque el tiempo pase, la esencia de la vida peruana sigue viva en cada celebraci\u00f3n.<\/p>","protected":false},"excerpt":{"rendered":"<p>La Navidad en el Per\u00fa es una celebraci\u00f3n que, m\u00e1s all\u00e1 de sus influencias europeas, conserva una rica herencia de costumbres precolombinas y ancestrales que dan vida a una de las fiestas m\u00e1s singulares de Am\u00e9rica Latina. A medida que se acercan las festividades, las ciudades y pueblos del pa\u00eds se visten de luces y [&hellip;]<\/p>\n","protected":false},"author":7,"featured_media":3095,"comment_status":"open","ping_status":"open","sticky":false,"template":"","format":"standard","meta":{"footnotes":""},"categories":[815,393],"tags":[427,1940],"class_list":["post-3092","post","type-post","status-publish","format-standard","has-post-thumbnail","hentry","category-costumbre-y-tradiciones","category-cultura","tag-navidad","tag-navidadperuano"],"yoast_head":"<!-- This site is optimized with the Yoast SEO plugin v27.4 - https:\/\/yoast.com\/product\/yoast-seo-wordpress\/ -->\n<title>Navidad en el Per\u00fa: Una fusi\u00f3n de tradiciones ancestrales y costumbres precolombinas - Pulso27<\/title>\n<meta name=\"robots\" content=\"index, follow, max-snippet:-1, max-image-preview:large, max-video-preview:-1\" \/>\n<link rel=\"canonical\" href=\"https:\/\/pulso27.com\/en\/cultura\/costumbre-y-tradiciones\/navidad-en-el-peru-una-fusion-de-tradiciones-ancestrales-y-costumbres-precolombinas\/\" \/>\n<meta property=\"og:locale\" content=\"en_US\" \/>\n<meta property=\"og:type\" content=\"article\" \/>\n<meta property=\"og:title\" content=\"Navidad en el Per\u00fa: Una fusi\u00f3n de tradiciones ancestrales y costumbres precolombinas - Pulso27\" \/>\n<meta property=\"og:description\" content=\"La Navidad en el Per\u00fa es una celebraci\u00f3n que, m\u00e1s all\u00e1 de sus influencias europeas, conserva una rica herencia de costumbres precolombinas y ancestrales que dan vida a una de las fiestas m\u00e1s singulares de Am\u00e9rica Latina. A medida que se acercan las festividades, las ciudades y pueblos del pa\u00eds se visten de luces y [&hellip;]\" \/>\n<meta property=\"og:url\" content=\"https:\/\/pulso27.com\/en\/cultura\/costumbre-y-tradiciones\/navidad-en-el-peru-una-fusion-de-tradiciones-ancestrales-y-costumbres-precolombinas\/\" \/>\n<meta property=\"og:site_name\" content=\"Pulso27\" \/>\n<meta property=\"article:publisher\" content=\"https:\/\/www.facebook.com\/pulso27\/\" \/>\n<meta property=\"article:published_time\" content=\"2024-12-10T06:17:48+00:00\" \/>\n<meta property=\"article:modified_time\" content=\"2024-12-10T06:17:51+00:00\" \/>\n<meta property=\"og:image\" content=\"https:\/\/pulso27.com\/wp-content\/uploads\/2024\/12\/Navidad.png\" \/>\n\t<meta property=\"og:image:width\" content=\"1200\" \/>\n\t<meta property=\"og:image:height\" content=\"675\" \/>\n\t<meta property=\"og:image:type\" content=\"image\/png\" \/>\n<meta name=\"author\" content=\"Tupaq\" \/>\n<meta name=\"twitter:card\" content=\"summary_large_image\" \/>\n<meta name=\"twitter:creator\" content=\"@Pulso_27\" \/>\n<meta name=\"twitter:site\" content=\"@Pulso_27\" \/>\n<meta name=\"twitter:label1\" content=\"Written by\" \/>\n\t<meta name=\"twitter:data1\" content=\"Tupaq\" \/>\n\t<meta name=\"twitter:label2\" content=\"Est. reading time\" \/>\n\t<meta name=\"twitter:data2\" content=\"5 minutes\" \/>\n<script type=\"application\/ld+json\" class=\"yoast-schema-graph\">{\"@context\":\"https:\\\/\\\/schema.org\",\"@graph\":[{\"@type\":\"Article\",\"@id\":\"https:\\\/\\\/pulso27.com\\\/cultura\\\/costumbre-y-tradiciones\\\/navidad-en-el-peru-una-fusion-de-tradiciones-ancestrales-y-costumbres-precolombinas\\\/#article\",\"isPartOf\":{\"@id\":\"https:\\\/\\\/pulso27.com\\\/cultura\\\/costumbre-y-tradiciones\\\/navidad-en-el-peru-una-fusion-de-tradiciones-ancestrales-y-costumbres-precolombinas\\\/\"},\"author\":{\"name\":\"Tupaq\",\"@id\":\"https:\\\/\\\/pulso27.com\\\/en\\\/#\\\/schema\\\/person\\\/d20fd7f5bc7f2e53fd150d43fca07a78\"},\"headline\":\"Navidad en el Per\u00fa: Una fusi\u00f3n de tradiciones ancestrales y costumbres precolombinas\",\"datePublished\":\"2024-12-10T06:17:48+00:00\",\"dateModified\":\"2024-12-10T06:17:51+00:00\",\"mainEntityOfPage\":{\"@id\":\"https:\\\/\\\/pulso27.com\\\/cultura\\\/costumbre-y-tradiciones\\\/navidad-en-el-peru-una-fusion-de-tradiciones-ancestrales-y-costumbres-precolombinas\\\/\"},\"wordCount\":823,\"commentCount\":0,\"publisher\":{\"@id\":\"https:\\\/\\\/pulso27.com\\\/en\\\/#organization\"},\"image\":{\"@id\":\"https:\\\/\\\/pulso27.com\\\/cultura\\\/costumbre-y-tradiciones\\\/navidad-en-el-peru-una-fusion-de-tradiciones-ancestrales-y-costumbres-precolombinas\\\/#primaryimage\"},\"thumbnailUrl\":\"https:\\\/\\\/pulso27.com\\\/wp-content\\\/uploads\\\/2024\\\/12\\\/Navidad.png\",\"keywords\":[\"Navidad\",\"NavidadPeruano\"],\"articleSection\":[\"Costumbre y tradiciones\",\"Cultura\"],\"inLanguage\":\"en-US\",\"potentialAction\":[{\"@type\":\"CommentAction\",\"name\":\"Comment\",\"target\":[\"https:\\\/\\\/pulso27.com\\\/cultura\\\/costumbre-y-tradiciones\\\/navidad-en-el-peru-una-fusion-de-tradiciones-ancestrales-y-costumbres-precolombinas\\\/#respond\"]}]},{\"@type\":\"WebPage\",\"@id\":\"https:\\\/\\\/pulso27.com\\\/cultura\\\/costumbre-y-tradiciones\\\/navidad-en-el-peru-una-fusion-de-tradiciones-ancestrales-y-costumbres-precolombinas\\\/\",\"url\":\"https:\\\/\\\/pulso27.com\\\/cultura\\\/costumbre-y-tradiciones\\\/navidad-en-el-peru-una-fusion-de-tradiciones-ancestrales-y-costumbres-precolombinas\\\/\",\"name\":\"Navidad en el Per\u00fa: Una fusi\u00f3n de tradiciones ancestrales y costumbres precolombinas - Pulso27\",\"isPartOf\":{\"@id\":\"https:\\\/\\\/pulso27.com\\\/en\\\/#website\"},\"primaryImageOfPage\":{\"@id\":\"https:\\\/\\\/pulso27.com\\\/cultura\\\/costumbre-y-tradiciones\\\/navidad-en-el-peru-una-fusion-de-tradiciones-ancestrales-y-costumbres-precolombinas\\\/#primaryimage\"},\"image\":{\"@id\":\"https:\\\/\\\/pulso27.com\\\/cultura\\\/costumbre-y-tradiciones\\\/navidad-en-el-peru-una-fusion-de-tradiciones-ancestrales-y-costumbres-precolombinas\\\/#primaryimage\"},\"thumbnailUrl\":\"https:\\\/\\\/pulso27.com\\\/wp-content\\\/uploads\\\/2024\\\/12\\\/Navidad.png\",\"datePublished\":\"2024-12-10T06:17:48+00:00\",\"dateModified\":\"2024-12-10T06:17:51+00:00\",\"breadcrumb\":{\"@id\":\"https:\\\/\\\/pulso27.com\\\/cultura\\\/costumbre-y-tradiciones\\\/navidad-en-el-peru-una-fusion-de-tradiciones-ancestrales-y-costumbres-precolombinas\\\/#breadcrumb\"},\"inLanguage\":\"en-US\",\"potentialAction\":[{\"@type\":\"ReadAction\",\"target\":[\"https:\\\/\\\/pulso27.com\\\/cultura\\\/costumbre-y-tradiciones\\\/navidad-en-el-peru-una-fusion-de-tradiciones-ancestrales-y-costumbres-precolombinas\\\/\"]}]},{\"@type\":\"ImageObject\",\"inLanguage\":\"en-US\",\"@id\":\"https:\\\/\\\/pulso27.com\\\/cultura\\\/costumbre-y-tradiciones\\\/navidad-en-el-peru-una-fusion-de-tradiciones-ancestrales-y-costumbres-precolombinas\\\/#primaryimage\",\"url\":\"https:\\\/\\\/pulso27.com\\\/wp-content\\\/uploads\\\/2024\\\/12\\\/Navidad.png\",\"contentUrl\":\"https:\\\/\\\/pulso27.com\\\/wp-content\\\/uploads\\\/2024\\\/12\\\/Navidad.png\",\"width\":1200,\"height\":675},{\"@type\":\"BreadcrumbList\",\"@id\":\"https:\\\/\\\/pulso27.com\\\/cultura\\\/costumbre-y-tradiciones\\\/navidad-en-el-peru-una-fusion-de-tradiciones-ancestrales-y-costumbres-precolombinas\\\/#breadcrumb\",\"itemListElement\":[{\"@type\":\"ListItem\",\"position\":1,\"name\":\"Portada\",\"item\":\"https:\\\/\\\/pulso27.com\\\/\"},{\"@type\":\"ListItem\",\"position\":2,\"name\":\"Navidad en el Per\u00fa: Una fusi\u00f3n de tradiciones ancestrales y costumbres precolombinas\"}]},{\"@type\":\"WebSite\",\"@id\":\"https:\\\/\\\/pulso27.com\\\/en\\\/#website\",\"url\":\"https:\\\/\\\/pulso27.com\\\/en\\\/\",\"name\":\"Pulso27\",\"description\":\"Web de noticias y publicidad\",\"publisher\":{\"@id\":\"https:\\\/\\\/pulso27.com\\\/en\\\/#organization\"},\"alternateName\":\"El pulso del pueblo\",\"potentialAction\":[{\"@type\":\"SearchAction\",\"target\":{\"@type\":\"EntryPoint\",\"urlTemplate\":\"https:\\\/\\\/pulso27.com\\\/en\\\/?s={search_term_string}\"},\"query-input\":{\"@type\":\"PropertyValueSpecification\",\"valueRequired\":true,\"valueName\":\"search_term_string\"}}],\"inLanguage\":\"en-US\"},{\"@type\":\"Organization\",\"@id\":\"https:\\\/\\\/pulso27.com\\\/en\\\/#organization\",\"name\":\"Pulso27\",\"url\":\"https:\\\/\\\/pulso27.com\\\/en\\\/\",\"logo\":{\"@type\":\"ImageObject\",\"inLanguage\":\"en-US\",\"@id\":\"https:\\\/\\\/pulso27.com\\\/en\\\/#\\\/schema\\\/logo\\\/image\\\/\",\"url\":\"https:\\\/\\\/pulso27.com\\\/wp-content\\\/uploads\\\/2026\\\/02\\\/Logotipo-de-la-organizacion-696-x-696-px-ok.png\",\"contentUrl\":\"https:\\\/\\\/pulso27.com\\\/wp-content\\\/uploads\\\/2026\\\/02\\\/Logotipo-de-la-organizacion-696-x-696-px-ok.png\",\"width\":696,\"height\":696,\"caption\":\"Pulso27\"},\"image\":{\"@id\":\"https:\\\/\\\/pulso27.com\\\/en\\\/#\\\/schema\\\/logo\\\/image\\\/\"},\"sameAs\":[\"https:\\\/\\\/www.facebook.com\\\/pulso27\\\/\",\"https:\\\/\\\/x.com\\\/Pulso_27\",\"https:\\\/\\\/www.youtube.com\\\/@Pulso27\",\"https:\\\/\\\/www.tiktok.com\\\/@pulso_27\"]},{\"@type\":\"Person\",\"@id\":\"https:\\\/\\\/pulso27.com\\\/en\\\/#\\\/schema\\\/person\\\/d20fd7f5bc7f2e53fd150d43fca07a78\",\"name\":\"Tupaq\",\"image\":{\"@type\":\"ImageObject\",\"inLanguage\":\"en-US\",\"@id\":\"https:\\\/\\\/secure.gravatar.com\\\/avatar\\\/7929e9b034aeea560319a601e4f04c59eb5f45a79eafe192adabb67e9604e7e7?s=96&d=mm&r=g\",\"url\":\"https:\\\/\\\/secure.gravatar.com\\\/avatar\\\/7929e9b034aeea560319a601e4f04c59eb5f45a79eafe192adabb67e9604e7e7?s=96&d=mm&r=g\",\"contentUrl\":\"https:\\\/\\\/secure.gravatar.com\\\/avatar\\\/7929e9b034aeea560319a601e4f04c59eb5f45a79eafe192adabb67e9604e7e7?s=96&d=mm&r=g\",\"caption\":\"Tupaq\"},\"url\":\"https:\\\/\\\/pulso27.com\\\/en\\\/author\\\/tupaq\\\/\"}]}<\/script>\n<!-- \/ Yoast SEO plugin. -->","yoast_head_json":{"title":"Navidad en el Per\u00fa: Una fusi\u00f3n de tradiciones ancestrales y costumbres precolombinas - Pulso27","robots":{"index":"index","follow":"follow","max-snippet":"max-snippet:-1","max-image-preview":"max-image-preview:large","max-video-preview":"max-video-preview:-1"},"canonical":"https:\/\/pulso27.com\/en\/cultura\/costumbre-y-tradiciones\/navidad-en-el-peru-una-fusion-de-tradiciones-ancestrales-y-costumbres-precolombinas\/","og_locale":"en_US","og_type":"article","og_title":"Navidad en el Per\u00fa: Una fusi\u00f3n de tradiciones ancestrales y costumbres precolombinas - Pulso27","og_description":"La Navidad en el Per\u00fa es una celebraci\u00f3n que, m\u00e1s all\u00e1 de sus influencias europeas, conserva una rica herencia de costumbres precolombinas y ancestrales que dan vida a una de las fiestas m\u00e1s singulares de Am\u00e9rica Latina. A medida que se acercan las festividades, las ciudades y pueblos del pa\u00eds se visten de luces y [&hellip;]","og_url":"https:\/\/pulso27.com\/en\/cultura\/costumbre-y-tradiciones\/navidad-en-el-peru-una-fusion-de-tradiciones-ancestrales-y-costumbres-precolombinas\/","og_site_name":"Pulso27","article_publisher":"https:\/\/www.facebook.com\/pulso27\/","article_published_time":"2024-12-10T06:17:48+00:00","article_modified_time":"2024-12-10T06:17:51+00:00","og_image":[{"width":1200,"height":675,"url":"https:\/\/pulso27.com\/wp-content\/uploads\/2024\/12\/Navidad.png","type":"image\/png"}],"author":"Tupaq","twitter_card":"summary_large_image","twitter_creator":"@Pulso_27","twitter_site":"@Pulso_27","twitter_misc":{"Written by":"Tupaq","Est. reading time":"5 minutes"},"schema":{"@context":"https:\/\/schema.org","@graph":[{"@type":"Article","@id":"https:\/\/pulso27.com\/cultura\/costumbre-y-tradiciones\/navidad-en-el-peru-una-fusion-de-tradiciones-ancestrales-y-costumbres-precolombinas\/#article","isPartOf":{"@id":"https:\/\/pulso27.com\/cultura\/costumbre-y-tradiciones\/navidad-en-el-peru-una-fusion-de-tradiciones-ancestrales-y-costumbres-precolombinas\/"},"author":{"name":"Tupaq","@id":"https:\/\/pulso27.com\/en\/#\/schema\/person\/d20fd7f5bc7f2e53fd150d43fca07a78"},"headline":"Navidad en el Per\u00fa: Una fusi\u00f3n de tradiciones ancestrales y costumbres precolombinas","datePublished":"2024-12-10T06:17:48+00:00","dateModified":"2024-12-10T06:17:51+00:00","mainEntityOfPage":{"@id":"https:\/\/pulso27.com\/cultura\/costumbre-y-tradiciones\/navidad-en-el-peru-una-fusion-de-tradiciones-ancestrales-y-costumbres-precolombinas\/"},"wordCount":823,"commentCount":0,"publisher":{"@id":"https:\/\/pulso27.com\/en\/#organization"},"image":{"@id":"https:\/\/pulso27.com\/cultura\/costumbre-y-tradiciones\/navidad-en-el-peru-una-fusion-de-tradiciones-ancestrales-y-costumbres-precolombinas\/#primaryimage"},"thumbnailUrl":"https:\/\/pulso27.com\/wp-content\/uploads\/2024\/12\/Navidad.png","keywords":["Navidad","NavidadPeruano"],"articleSection":["Costumbre y tradiciones","Cultura"],"inLanguage":"en-US","potentialAction":[{"@type":"CommentAction","name":"Comment","target":["https:\/\/pulso27.com\/cultura\/costumbre-y-tradiciones\/navidad-en-el-peru-una-fusion-de-tradiciones-ancestrales-y-costumbres-precolombinas\/#respond"]}]},{"@type":"WebPage","@id":"https:\/\/pulso27.com\/cultura\/costumbre-y-tradiciones\/navidad-en-el-peru-una-fusion-de-tradiciones-ancestrales-y-costumbres-precolombinas\/","url":"https:\/\/pulso27.com\/cultura\/costumbre-y-tradiciones\/navidad-en-el-peru-una-fusion-de-tradiciones-ancestrales-y-costumbres-precolombinas\/","name":"Navidad en el Per\u00fa: Una fusi\u00f3n de tradiciones ancestrales y costumbres precolombinas - Pulso27","isPartOf":{"@id":"https:\/\/pulso27.com\/en\/#website"},"primaryImageOfPage":{"@id":"https:\/\/pulso27.com\/cultura\/costumbre-y-tradiciones\/navidad-en-el-peru-una-fusion-de-tradiciones-ancestrales-y-costumbres-precolombinas\/#primaryimage"},"image":{"@id":"https:\/\/pulso27.com\/cultura\/costumbre-y-tradiciones\/navidad-en-el-peru-una-fusion-de-tradiciones-ancestrales-y-costumbres-precolombinas\/#primaryimage"},"thumbnailUrl":"https:\/\/pulso27.com\/wp-content\/uploads\/2024\/12\/Navidad.png","datePublished":"2024-12-10T06:17:48+00:00","dateModified":"2024-12-10T06:17:51+00:00","breadcrumb":{"@id":"https:\/\/pulso27.com\/cultura\/costumbre-y-tradiciones\/navidad-en-el-peru-una-fusion-de-tradiciones-ancestrales-y-costumbres-precolombinas\/#breadcrumb"},"inLanguage":"en-US","potentialAction":[{"@type":"ReadAction","target":["https:\/\/pulso27.com\/cultura\/costumbre-y-tradiciones\/navidad-en-el-peru-una-fusion-de-tradiciones-ancestrales-y-costumbres-precolombinas\/"]}]},{"@type":"ImageObject","inLanguage":"en-US","@id":"https:\/\/pulso27.com\/cultura\/costumbre-y-tradiciones\/navidad-en-el-peru-una-fusion-de-tradiciones-ancestrales-y-costumbres-precolombinas\/#primaryimage","url":"https:\/\/pulso27.com\/wp-content\/uploads\/2024\/12\/Navidad.png","contentUrl":"https:\/\/pulso27.com\/wp-content\/uploads\/2024\/12\/Navidad.png","width":1200,"height":675},{"@type":"BreadcrumbList","@id":"https:\/\/pulso27.com\/cultura\/costumbre-y-tradiciones\/navidad-en-el-peru-una-fusion-de-tradiciones-ancestrales-y-costumbres-precolombinas\/#breadcrumb","itemListElement":[{"@type":"ListItem","position":1,"name":"Portada","item":"https:\/\/pulso27.com\/"},{"@type":"ListItem","position":2,"name":"Navidad en el Per\u00fa: Una fusi\u00f3n de tradiciones ancestrales y costumbres precolombinas"}]},{"@type":"WebSite","@id":"https:\/\/pulso27.com\/en\/#website","url":"https:\/\/pulso27.com\/en\/","name":"Pulso27","description":"Web de noticias y publicidad","publisher":{"@id":"https:\/\/pulso27.com\/en\/#organization"},"alternateName":"El pulso del pueblo","potentialAction":[{"@type":"SearchAction","target":{"@type":"EntryPoint","urlTemplate":"https:\/\/pulso27.com\/en\/?s={search_term_string}"},"query-input":{"@type":"PropertyValueSpecification","valueRequired":true,"valueName":"search_term_string"}}],"inLanguage":"en-US"},{"@type":"Organization","@id":"https:\/\/pulso27.com\/en\/#organization","name":"Pulso27","url":"https:\/\/pulso27.com\/en\/","logo":{"@type":"ImageObject","inLanguage":"en-US","@id":"https:\/\/pulso27.com\/en\/#\/schema\/logo\/image\/","url":"https:\/\/pulso27.com\/wp-content\/uploads\/2026\/02\/Logotipo-de-la-organizacion-696-x-696-px-ok.png","contentUrl":"https:\/\/pulso27.com\/wp-content\/uploads\/2026\/02\/Logotipo-de-la-organizacion-696-x-696-px-ok.png","width":696,"height":696,"caption":"Pulso27"},"image":{"@id":"https:\/\/pulso27.com\/en\/#\/schema\/logo\/image\/"},"sameAs":["https:\/\/www.facebook.com\/pulso27\/","https:\/\/x.com\/Pulso_27","https:\/\/www.youtube.com\/@Pulso27","https:\/\/www.tiktok.com\/@pulso_27"]},{"@type":"Person","@id":"https:\/\/pulso27.com\/en\/#\/schema\/person\/d20fd7f5bc7f2e53fd150d43fca07a78","name":"Tupaq","image":{"@type":"ImageObject","inLanguage":"en-US","@id":"https:\/\/secure.gravatar.com\/avatar\/7929e9b034aeea560319a601e4f04c59eb5f45a79eafe192adabb67e9604e7e7?s=96&d=mm&r=g","url":"https:\/\/secure.gravatar.com\/avatar\/7929e9b034aeea560319a601e4f04c59eb5f45a79eafe192adabb67e9604e7e7?s=96&d=mm&r=g","contentUrl":"https:\/\/secure.gravatar.com\/avatar\/7929e9b034aeea560319a601e4f04c59eb5f45a79eafe192adabb67e9604e7e7?s=96&d=mm&r=g","caption":"Tupaq"},"url":"https:\/\/pulso27.com\/en\/author\/tupaq\/"}]}},"amp_enabled":true,"_links":{"self":[{"href":"https:\/\/pulso27.com\/en\/wp-json\/wp\/v2\/posts\/3092","targetHints":{"allow":["GET"]}}],"collection":[{"href":"https:\/\/pulso27.com\/en\/wp-json\/wp\/v2\/posts"}],"about":[{"href":"https:\/\/pulso27.com\/en\/wp-json\/wp\/v2\/types\/post"}],"author":[{"embeddable":true,"href":"https:\/\/pulso27.com\/en\/wp-json\/wp\/v2\/users\/7"}],"replies":[{"embeddable":true,"href":"https:\/\/pulso27.com\/en\/wp-json\/wp\/v2\/comments?post=3092"}],"version-history":[{"count":2,"href":"https:\/\/pulso27.com\/en\/wp-json\/wp\/v2\/posts\/3092\/revisions"}],"predecessor-version":[{"id":3104,"href":"https:\/\/pulso27.com\/en\/wp-json\/wp\/v2\/posts\/3092\/revisions\/3104"}],"wp:featuredmedia":[{"embeddable":true,"href":"https:\/\/pulso27.com\/en\/wp-json\/wp\/v2\/media\/3095"}],"wp:attachment":[{"href":"https:\/\/pulso27.com\/en\/wp-json\/wp\/v2\/media?parent=3092"}],"wp:term":[{"taxonomy":"category","embeddable":true,"href":"https:\/\/pulso27.com\/en\/wp-json\/wp\/v2\/categories?post=3092"},{"taxonomy":"post_tag","embeddable":true,"href":"https:\/\/pulso27.com\/en\/wp-json\/wp\/v2\/tags?post=3092"}],"curies":[{"name":"wp","href":"https:\/\/api.w.org\/{rel}","templated":true}]}}