{"id":3183,"date":"2024-12-19T22:38:02","date_gmt":"2024-12-19T17:38:02","guid":{"rendered":"https:\/\/pulso27.com\/?p=3183"},"modified":"2024-12-19T22:38:06","modified_gmt":"2024-12-19T17:38:06","slug":"investigan-presunta-red-de-prostitucion-en-el-alicaido-congreso-de-la-republica-del-peru","status":"publish","type":"post","link":"https:\/\/pulso27.com\/en\/actualidad\/investigan-presunta-red-de-prostitucion-en-el-alicaido-congreso-de-la-republica-del-peru\/","title":{"rendered":"Investigan presunta red de prostituci\u00f3n en el alica\u00eddo Congreso de la Rep\u00fablica del Per\u00fa"},"content":{"rendered":"<p>El Congreso de la Rep\u00fablica del Per\u00fa se encuentra en el centro de un esc\u00e1ndalo que involucra presuntos favores sexuales a cambio de votos legislativos. La Fiscal\u00eda ha iniciado una investigaci\u00f3n preliminar por el delito de explotaci\u00f3n sexual contra Jorge Luis Torres Saravia, exjefe de la Oficina Legal y Constitucional del Congreso, quien es se\u00f1alado como el presunto l\u00edder de una red de prostituci\u00f3n que habr\u00eda operado dentro de la sede parlamentaria.<\/p>\n\n\n\n<p>Juan Burgos, presidente de la Comisi\u00f3n de Fiscalizaci\u00f3n del Congreso, ha confirmado que se iniciar\u00e1n investigaciones formales sobre el caso. En declaraciones a la prensa, Burgos sostuvo que \u00abse tratar\u00eda de involucrar estos favores sexuales para doblar los votos en el Congreso\u00bb, refiri\u00e9ndose a la presunta red organizada para influir en las decisiones parlamentarias mediante el intercambio de servicios sexuales. Seg\u00fan Burgos, el Congreso debe \u00ablimpiar la casa desde dentro\u00bb, sugiriendo que las indagaciones internas son imprescindibles antes de continuar con las investigaciones externas. La Comisi\u00f3n de Fiscalizaci\u00f3n convocar\u00e1 a una sesi\u00f3n extraordinaria el pr\u00f3ximo 20 de diciembre para abordar el caso y recabar m\u00e1s informaci\u00f3n sobre la posible implicaci\u00f3n de otras figuras pol\u00edticas.<\/p>\n\n\n\n<figure class=\"wp-block-image size-full is-resized\"><img loading=\"lazy\" decoding=\"async\" width=\"350\" height=\"197\" src=\"https:\/\/pulso27.com\/wp-content\/uploads\/2024\/12\/image-53.png\" alt=\"\" class=\"wp-image-3186\" style=\"width:740px;height:auto\" srcset=\"https:\/\/pulso27.com\/wp-content\/uploads\/2024\/12\/image-53.png 350w, https:\/\/pulso27.com\/wp-content\/uploads\/2024\/12\/image-53-300x169.png 300w, https:\/\/pulso27.com\/wp-content\/uploads\/2024\/12\/image-53-18x10.png 18w\" sizes=\"auto, (max-width: 350px) 100vw, 350px\" \/><figcaption class=\"wp-element-caption\"><em>Alejandro Soto, congresista de APP de C\u00e9sar Acu\u00f1a y expresidente el Congreso de la Rep\u00fablica nieva existencia de red de prostituci\u00f3n<\/em><\/figcaption><\/figure>\n\n\n\n<p>Torres Saravia, quien lleg\u00f3 al Congreso en 2020 con la cercan\u00eda al partido Alianza para el Progreso (APP), es acusado de reclutar mujeres para que trabajaran como sexoservidoras, haci\u00e9ndolas pasar por asesoras y secretarias del Parlamento. A pesar de su carrera p\u00fablica, marcada por cargos en el Gobierno Regional de La Libertad y en el Ministerio de Justicia, el nombre de Torres Saravia fue vinculado a un oscuro entramado de corrupci\u00f3n y explotaci\u00f3n sexual que lleg\u00f3 a trascender en los medios de comunicaci\u00f3n. Su implicaci\u00f3n fue denunciada en el programa de investigaci\u00f3n \u00abBeto a Saber\u00bb, que aleg\u00f3 que, junto con la extrabajadora del Congreso, Andrea Vidal, Torres organizaba el reclutamiento de mujeres para los supuestos favores sexuales.<\/p>\n\n\n\n<p>El asesinato de Vidal, quien fuera una de las personas m\u00e1s cercanas a Torres, ha a\u00f1adido m\u00e1s misterio al caso. Andrea Vidal fue v\u00edctima de un ataque a manos de sicarios el 9 de diciembre, y falleci\u00f3 el 17 de diciembre luego de una semana en cuidados intensivos. Seg\u00fan informes de la misma investigaci\u00f3n, Vidal habr\u00eda sido designada por Torres para presentar a las mujeres como \u00abasesoras\u00bb ante la c\u00fapula pol\u00edtica del Congreso, y su destituci\u00f3n tras un conflicto con \u00e9l podr\u00eda haber desencadenado una serie de eventos tr\u00e1gicos.<\/p>\n\n\n\n<figure class=\"wp-block-image size-large\"><img loading=\"lazy\" decoding=\"async\" width=\"1024\" height=\"645\" src=\"https:\/\/pulso27.com\/wp-content\/uploads\/2024\/12\/image-54-1024x645.png\" alt=\"\" class=\"wp-image-3187\" srcset=\"https:\/\/pulso27.com\/wp-content\/uploads\/2024\/12\/image-54-1024x645.png 1024w, https:\/\/pulso27.com\/wp-content\/uploads\/2024\/12\/image-54-300x189.png 300w, https:\/\/pulso27.com\/wp-content\/uploads\/2024\/12\/image-54-768x484.png 768w, https:\/\/pulso27.com\/wp-content\/uploads\/2024\/12\/image-54-18x12.png 18w, https:\/\/pulso27.com\/wp-content\/uploads\/2024\/12\/image-54.png 1080w\" sizes=\"auto, (max-width: 1024px) 100vw, 1024px\" \/><figcaption class=\"wp-element-caption\"><em>El humor viene haciendo de la suya respecto a un tema tan delicado<\/em><\/figcaption><\/figure>\n\n\n\n<p>En medio de este clima de corrupci\u00f3n, el Congreso ha tomado medidas. El presidente del Congreso, Eduardo Salhuana, anunci\u00f3 que Torres Saravia fue destituido de su puesto el 13 de diciembre. \u00abCensuro tajantemente esa conducta\u00bb, expres\u00f3 Salhuana, asegurando que la instituci\u00f3n no tolerar\u00e1 estos hechos, aunque algunos congresistas como Alejandro Soto de APP han negado rotundamente las acusaciones.<\/p>\n\n\n\n<p>El caso, que sigue en desarrollo, ha generado una ola de indignaci\u00f3n en la ciudadan\u00eda y entre los pol\u00edticos. Mientras el Ministerio P\u00fablico contin\u00faa con la investigaci\u00f3n, la pregunta que persiste es: \u00bfhasta qu\u00e9 punto las redes de poder pol\u00edtico en el Congreso han permitido que se desarrolle una operaci\u00f3n de estas caracter\u00edsticas? La respuesta podr\u00eda cambiar para siempre la percepci\u00f3n que se tiene del sistema legislativo del pa\u00eds y sus pr\u00e1cticas internas. La ciudadan\u00eda espera que la justicia act\u00fae con la misma contundencia que la gravedad del caso exige.<\/p>","protected":false},"excerpt":{"rendered":"<p>El Congreso de la Rep\u00fablica del Per\u00fa se encuentra en el centro de un esc\u00e1ndalo que involucra presuntos favores sexuales a cambio de votos legislativos. La Fiscal\u00eda ha iniciado una investigaci\u00f3n preliminar por el delito de explotaci\u00f3n sexual contra Jorge Luis Torres Saravia, exjefe de la Oficina Legal y Constitucional del Congreso, quien es se\u00f1alado [&hellip;]<\/p>\n","protected":false},"author":10,"featured_media":3184,"comment_status":"open","ping_status":"open","sticky":false,"template":"","format":"standard","meta":{"footnotes":""},"categories":[183,174,202],"tags":[455,1956,1955],"class_list":["post-3183","post","type-post","status-publish","format-standard","has-post-thumbnail","hentry","category-actualidad","category-nacional","category-sociedad","tag-app","tag-congresodelarepublica","tag-prostitucion"],"yoast_head":"<!-- This site is optimized with the Yoast SEO plugin v27.4 - https:\/\/yoast.com\/product\/yoast-seo-wordpress\/ -->\n<title>Investigan presunta red de prostituci\u00f3n en el alica\u00eddo Congreso de la Rep\u00fablica del Per\u00fa - Pulso27<\/title>\n<meta name=\"robots\" content=\"index, follow, max-snippet:-1, max-image-preview:large, max-video-preview:-1\" \/>\n<link rel=\"canonical\" href=\"https:\/\/pulso27.com\/en\/nacional\/investigan-presunta-red-de-prostitucion-en-el-alicaido-congreso-de-la-republica-del-peru\/\" \/>\n<meta property=\"og:locale\" content=\"en_US\" \/>\n<meta property=\"og:type\" content=\"article\" \/>\n<meta property=\"og:title\" content=\"Investigan presunta red de prostituci\u00f3n en el alica\u00eddo Congreso de la Rep\u00fablica del Per\u00fa - Pulso27\" \/>\n<meta property=\"og:description\" content=\"El Congreso de la Rep\u00fablica del Per\u00fa se encuentra en el centro de un esc\u00e1ndalo que involucra presuntos favores sexuales a cambio de votos legislativos. La Fiscal\u00eda ha iniciado una investigaci\u00f3n preliminar por el delito de explotaci\u00f3n sexual contra Jorge Luis Torres Saravia, exjefe de la Oficina Legal y Constitucional del Congreso, quien es se\u00f1alado [&hellip;]\" \/>\n<meta property=\"og:url\" content=\"https:\/\/pulso27.com\/en\/nacional\/investigan-presunta-red-de-prostitucion-en-el-alicaido-congreso-de-la-republica-del-peru\/\" \/>\n<meta property=\"og:site_name\" content=\"Pulso27\" \/>\n<meta property=\"article:publisher\" content=\"https:\/\/www.facebook.com\/pulso27\/\" \/>\n<meta property=\"article:published_time\" content=\"2024-12-19T17:38:02+00:00\" \/>\n<meta property=\"article:modified_time\" content=\"2024-12-19T17:38:06+00:00\" \/>\n<meta property=\"og:image\" content=\"https:\/\/pulso27.com\/wp-content\/uploads\/2024\/12\/Congresoos.png\" \/>\n\t<meta property=\"og:image:width\" content=\"1366\" \/>\n\t<meta property=\"og:image:height\" content=\"768\" \/>\n\t<meta property=\"og:image:type\" content=\"image\/png\" \/>\n<meta name=\"author\" content=\"El Muki\" \/>\n<meta name=\"twitter:card\" content=\"summary_large_image\" \/>\n<meta name=\"twitter:creator\" content=\"@Pulso_27\" \/>\n<meta name=\"twitter:site\" content=\"@Pulso_27\" \/>\n<meta name=\"twitter:label1\" content=\"Written by\" \/>\n\t<meta name=\"twitter:data1\" content=\"El Muki\" \/>\n\t<meta name=\"twitter:label2\" content=\"Est. reading time\" \/>\n\t<meta name=\"twitter:data2\" content=\"4 minutes\" \/>\n<script type=\"application\/ld+json\" class=\"yoast-schema-graph\">{\"@context\":\"https:\\\/\\\/schema.org\",\"@graph\":[{\"@type\":\"Article\",\"@id\":\"https:\\\/\\\/pulso27.com\\\/nacional\\\/investigan-presunta-red-de-prostitucion-en-el-alicaido-congreso-de-la-republica-del-peru\\\/#article\",\"isPartOf\":{\"@id\":\"https:\\\/\\\/pulso27.com\\\/nacional\\\/investigan-presunta-red-de-prostitucion-en-el-alicaido-congreso-de-la-republica-del-peru\\\/\"},\"author\":{\"name\":\"El Muki\",\"@id\":\"https:\\\/\\\/pulso27.com\\\/en\\\/#\\\/schema\\\/person\\\/a0930a7f318e7d9d83bd7cffed9f34f6\"},\"headline\":\"Investigan presunta red de prostituci\u00f3n en el alica\u00eddo Congreso de la Rep\u00fablica del Per\u00fa\",\"datePublished\":\"2024-12-19T17:38:02+00:00\",\"dateModified\":\"2024-12-19T17:38:06+00:00\",\"mainEntityOfPage\":{\"@id\":\"https:\\\/\\\/pulso27.com\\\/nacional\\\/investigan-presunta-red-de-prostitucion-en-el-alicaido-congreso-de-la-republica-del-peru\\\/\"},\"wordCount\":650,\"commentCount\":0,\"publisher\":{\"@id\":\"https:\\\/\\\/pulso27.com\\\/en\\\/#organization\"},\"image\":{\"@id\":\"https:\\\/\\\/pulso27.com\\\/nacional\\\/investigan-presunta-red-de-prostitucion-en-el-alicaido-congreso-de-la-republica-del-peru\\\/#primaryimage\"},\"thumbnailUrl\":\"https:\\\/\\\/pulso27.com\\\/wp-content\\\/uploads\\\/2024\\\/12\\\/Congresoos.png\",\"keywords\":[\"APP\",\"CongresoDeLaRep\u00fablica\",\"Prostituci\u00f3n\"],\"articleSection\":[\"Actualidad\",\"Nacional\",\"Sociedad\"],\"inLanguage\":\"en-US\",\"potentialAction\":[{\"@type\":\"CommentAction\",\"name\":\"Comment\",\"target\":[\"https:\\\/\\\/pulso27.com\\\/nacional\\\/investigan-presunta-red-de-prostitucion-en-el-alicaido-congreso-de-la-republica-del-peru\\\/#respond\"]}]},{\"@type\":\"WebPage\",\"@id\":\"https:\\\/\\\/pulso27.com\\\/nacional\\\/investigan-presunta-red-de-prostitucion-en-el-alicaido-congreso-de-la-republica-del-peru\\\/\",\"url\":\"https:\\\/\\\/pulso27.com\\\/nacional\\\/investigan-presunta-red-de-prostitucion-en-el-alicaido-congreso-de-la-republica-del-peru\\\/\",\"name\":\"Investigan presunta red de prostituci\u00f3n en el alica\u00eddo Congreso de la Rep\u00fablica del Per\u00fa - Pulso27\",\"isPartOf\":{\"@id\":\"https:\\\/\\\/pulso27.com\\\/en\\\/#website\"},\"primaryImageOfPage\":{\"@id\":\"https:\\\/\\\/pulso27.com\\\/nacional\\\/investigan-presunta-red-de-prostitucion-en-el-alicaido-congreso-de-la-republica-del-peru\\\/#primaryimage\"},\"image\":{\"@id\":\"https:\\\/\\\/pulso27.com\\\/nacional\\\/investigan-presunta-red-de-prostitucion-en-el-alicaido-congreso-de-la-republica-del-peru\\\/#primaryimage\"},\"thumbnailUrl\":\"https:\\\/\\\/pulso27.com\\\/wp-content\\\/uploads\\\/2024\\\/12\\\/Congresoos.png\",\"datePublished\":\"2024-12-19T17:38:02+00:00\",\"dateModified\":\"2024-12-19T17:38:06+00:00\",\"breadcrumb\":{\"@id\":\"https:\\\/\\\/pulso27.com\\\/nacional\\\/investigan-presunta-red-de-prostitucion-en-el-alicaido-congreso-de-la-republica-del-peru\\\/#breadcrumb\"},\"inLanguage\":\"en-US\",\"potentialAction\":[{\"@type\":\"ReadAction\",\"target\":[\"https:\\\/\\\/pulso27.com\\\/nacional\\\/investigan-presunta-red-de-prostitucion-en-el-alicaido-congreso-de-la-republica-del-peru\\\/\"]}]},{\"@type\":\"ImageObject\",\"inLanguage\":\"en-US\",\"@id\":\"https:\\\/\\\/pulso27.com\\\/nacional\\\/investigan-presunta-red-de-prostitucion-en-el-alicaido-congreso-de-la-republica-del-peru\\\/#primaryimage\",\"url\":\"https:\\\/\\\/pulso27.com\\\/wp-content\\\/uploads\\\/2024\\\/12\\\/Congresoos.png\",\"contentUrl\":\"https:\\\/\\\/pulso27.com\\\/wp-content\\\/uploads\\\/2024\\\/12\\\/Congresoos.png\",\"width\":1366,\"height\":768},{\"@type\":\"BreadcrumbList\",\"@id\":\"https:\\\/\\\/pulso27.com\\\/nacional\\\/investigan-presunta-red-de-prostitucion-en-el-alicaido-congreso-de-la-republica-del-peru\\\/#breadcrumb\",\"itemListElement\":[{\"@type\":\"ListItem\",\"position\":1,\"name\":\"Portada\",\"item\":\"https:\\\/\\\/pulso27.com\\\/\"},{\"@type\":\"ListItem\",\"position\":2,\"name\":\"Investigan presunta red de prostituci\u00f3n en el alica\u00eddo Congreso de la Rep\u00fablica del Per\u00fa\"}]},{\"@type\":\"WebSite\",\"@id\":\"https:\\\/\\\/pulso27.com\\\/en\\\/#website\",\"url\":\"https:\\\/\\\/pulso27.com\\\/en\\\/\",\"name\":\"Pulso27\",\"description\":\"Web de noticias y publicidad\",\"publisher\":{\"@id\":\"https:\\\/\\\/pulso27.com\\\/en\\\/#organization\"},\"alternateName\":\"El pulso del pueblo\",\"potentialAction\":[{\"@type\":\"SearchAction\",\"target\":{\"@type\":\"EntryPoint\",\"urlTemplate\":\"https:\\\/\\\/pulso27.com\\\/en\\\/?s={search_term_string}\"},\"query-input\":{\"@type\":\"PropertyValueSpecification\",\"valueRequired\":true,\"valueName\":\"search_term_string\"}}],\"inLanguage\":\"en-US\"},{\"@type\":\"Organization\",\"@id\":\"https:\\\/\\\/pulso27.com\\\/en\\\/#organization\",\"name\":\"Pulso27\",\"url\":\"https:\\\/\\\/pulso27.com\\\/en\\\/\",\"logo\":{\"@type\":\"ImageObject\",\"inLanguage\":\"en-US\",\"@id\":\"https:\\\/\\\/pulso27.com\\\/en\\\/#\\\/schema\\\/logo\\\/image\\\/\",\"url\":\"https:\\\/\\\/pulso27.com\\\/wp-content\\\/uploads\\\/2026\\\/02\\\/Logotipo-de-la-organizacion-696-x-696-px-ok.png\",\"contentUrl\":\"https:\\\/\\\/pulso27.com\\\/wp-content\\\/uploads\\\/2026\\\/02\\\/Logotipo-de-la-organizacion-696-x-696-px-ok.png\",\"width\":696,\"height\":696,\"caption\":\"Pulso27\"},\"image\":{\"@id\":\"https:\\\/\\\/pulso27.com\\\/en\\\/#\\\/schema\\\/logo\\\/image\\\/\"},\"sameAs\":[\"https:\\\/\\\/www.facebook.com\\\/pulso27\\\/\",\"https:\\\/\\\/x.com\\\/Pulso_27\",\"https:\\\/\\\/www.youtube.com\\\/@Pulso27\",\"https:\\\/\\\/www.tiktok.com\\\/@pulso_27\"]},{\"@type\":\"Person\",\"@id\":\"https:\\\/\\\/pulso27.com\\\/en\\\/#\\\/schema\\\/person\\\/a0930a7f318e7d9d83bd7cffed9f34f6\",\"name\":\"El Muki\",\"image\":{\"@type\":\"ImageObject\",\"inLanguage\":\"en-US\",\"@id\":\"https:\\\/\\\/secure.gravatar.com\\\/avatar\\\/dc91c2607c5eebda74cbb40d13031f489096c96ead89c4c30c17db262267b2b3?s=96&d=mm&r=g\",\"url\":\"https:\\\/\\\/secure.gravatar.com\\\/avatar\\\/dc91c2607c5eebda74cbb40d13031f489096c96ead89c4c30c17db262267b2b3?s=96&d=mm&r=g\",\"contentUrl\":\"https:\\\/\\\/secure.gravatar.com\\\/avatar\\\/dc91c2607c5eebda74cbb40d13031f489096c96ead89c4c30c17db262267b2b3?s=96&d=mm&r=g\",\"caption\":\"El Muki\"},\"sameAs\":[\"http:\\\/\\\/www.pulso27.com\"],\"url\":\"https:\\\/\\\/pulso27.com\\\/en\\\/author\\\/elcuervo\\\/\"}]}<\/script>\n<!-- \/ Yoast SEO plugin. -->","yoast_head_json":{"title":"Investigan presunta red de prostituci\u00f3n en el alica\u00eddo Congreso de la Rep\u00fablica del Per\u00fa - Pulso27","robots":{"index":"index","follow":"follow","max-snippet":"max-snippet:-1","max-image-preview":"max-image-preview:large","max-video-preview":"max-video-preview:-1"},"canonical":"https:\/\/pulso27.com\/en\/nacional\/investigan-presunta-red-de-prostitucion-en-el-alicaido-congreso-de-la-republica-del-peru\/","og_locale":"en_US","og_type":"article","og_title":"Investigan presunta red de prostituci\u00f3n en el alica\u00eddo Congreso de la Rep\u00fablica del Per\u00fa - Pulso27","og_description":"El Congreso de la Rep\u00fablica del Per\u00fa se encuentra en el centro de un esc\u00e1ndalo que involucra presuntos favores sexuales a cambio de votos legislativos. La Fiscal\u00eda ha iniciado una investigaci\u00f3n preliminar por el delito de explotaci\u00f3n sexual contra Jorge Luis Torres Saravia, exjefe de la Oficina Legal y Constitucional del Congreso, quien es se\u00f1alado [&hellip;]","og_url":"https:\/\/pulso27.com\/en\/nacional\/investigan-presunta-red-de-prostitucion-en-el-alicaido-congreso-de-la-republica-del-peru\/","og_site_name":"Pulso27","article_publisher":"https:\/\/www.facebook.com\/pulso27\/","article_published_time":"2024-12-19T17:38:02+00:00","article_modified_time":"2024-12-19T17:38:06+00:00","og_image":[{"width":1366,"height":768,"url":"https:\/\/pulso27.com\/wp-content\/uploads\/2024\/12\/Congresoos.png","type":"image\/png"}],"author":"El Muki","twitter_card":"summary_large_image","twitter_creator":"@Pulso_27","twitter_site":"@Pulso_27","twitter_misc":{"Written by":"El Muki","Est. reading time":"4 minutes"},"schema":{"@context":"https:\/\/schema.org","@graph":[{"@type":"Article","@id":"https:\/\/pulso27.com\/nacional\/investigan-presunta-red-de-prostitucion-en-el-alicaido-congreso-de-la-republica-del-peru\/#article","isPartOf":{"@id":"https:\/\/pulso27.com\/nacional\/investigan-presunta-red-de-prostitucion-en-el-alicaido-congreso-de-la-republica-del-peru\/"},"author":{"name":"El Muki","@id":"https:\/\/pulso27.com\/en\/#\/schema\/person\/a0930a7f318e7d9d83bd7cffed9f34f6"},"headline":"Investigan presunta red de prostituci\u00f3n en el alica\u00eddo Congreso de la Rep\u00fablica del Per\u00fa","datePublished":"2024-12-19T17:38:02+00:00","dateModified":"2024-12-19T17:38:06+00:00","mainEntityOfPage":{"@id":"https:\/\/pulso27.com\/nacional\/investigan-presunta-red-de-prostitucion-en-el-alicaido-congreso-de-la-republica-del-peru\/"},"wordCount":650,"commentCount":0,"publisher":{"@id":"https:\/\/pulso27.com\/en\/#organization"},"image":{"@id":"https:\/\/pulso27.com\/nacional\/investigan-presunta-red-de-prostitucion-en-el-alicaido-congreso-de-la-republica-del-peru\/#primaryimage"},"thumbnailUrl":"https:\/\/pulso27.com\/wp-content\/uploads\/2024\/12\/Congresoos.png","keywords":["APP","CongresoDeLaRep\u00fablica","Prostituci\u00f3n"],"articleSection":["Actualidad","Nacional","Sociedad"],"inLanguage":"en-US","potentialAction":[{"@type":"CommentAction","name":"Comment","target":["https:\/\/pulso27.com\/nacional\/investigan-presunta-red-de-prostitucion-en-el-alicaido-congreso-de-la-republica-del-peru\/#respond"]}]},{"@type":"WebPage","@id":"https:\/\/pulso27.com\/nacional\/investigan-presunta-red-de-prostitucion-en-el-alicaido-congreso-de-la-republica-del-peru\/","url":"https:\/\/pulso27.com\/nacional\/investigan-presunta-red-de-prostitucion-en-el-alicaido-congreso-de-la-republica-del-peru\/","name":"Investigan presunta red de prostituci\u00f3n en el alica\u00eddo Congreso de la Rep\u00fablica del Per\u00fa - Pulso27","isPartOf":{"@id":"https:\/\/pulso27.com\/en\/#website"},"primaryImageOfPage":{"@id":"https:\/\/pulso27.com\/nacional\/investigan-presunta-red-de-prostitucion-en-el-alicaido-congreso-de-la-republica-del-peru\/#primaryimage"},"image":{"@id":"https:\/\/pulso27.com\/nacional\/investigan-presunta-red-de-prostitucion-en-el-alicaido-congreso-de-la-republica-del-peru\/#primaryimage"},"thumbnailUrl":"https:\/\/pulso27.com\/wp-content\/uploads\/2024\/12\/Congresoos.png","datePublished":"2024-12-19T17:38:02+00:00","dateModified":"2024-12-19T17:38:06+00:00","breadcrumb":{"@id":"https:\/\/pulso27.com\/nacional\/investigan-presunta-red-de-prostitucion-en-el-alicaido-congreso-de-la-republica-del-peru\/#breadcrumb"},"inLanguage":"en-US","potentialAction":[{"@type":"ReadAction","target":["https:\/\/pulso27.com\/nacional\/investigan-presunta-red-de-prostitucion-en-el-alicaido-congreso-de-la-republica-del-peru\/"]}]},{"@type":"ImageObject","inLanguage":"en-US","@id":"https:\/\/pulso27.com\/nacional\/investigan-presunta-red-de-prostitucion-en-el-alicaido-congreso-de-la-republica-del-peru\/#primaryimage","url":"https:\/\/pulso27.com\/wp-content\/uploads\/2024\/12\/Congresoos.png","contentUrl":"https:\/\/pulso27.com\/wp-content\/uploads\/2024\/12\/Congresoos.png","width":1366,"height":768},{"@type":"BreadcrumbList","@id":"https:\/\/pulso27.com\/nacional\/investigan-presunta-red-de-prostitucion-en-el-alicaido-congreso-de-la-republica-del-peru\/#breadcrumb","itemListElement":[{"@type":"ListItem","position":1,"name":"Portada","item":"https:\/\/pulso27.com\/"},{"@type":"ListItem","position":2,"name":"Investigan presunta red de prostituci\u00f3n en el alica\u00eddo Congreso de la Rep\u00fablica del Per\u00fa"}]},{"@type":"WebSite","@id":"https:\/\/pulso27.com\/en\/#website","url":"https:\/\/pulso27.com\/en\/","name":"Pulso27","description":"Web de noticias y publicidad","publisher":{"@id":"https:\/\/pulso27.com\/en\/#organization"},"alternateName":"El pulso del pueblo","potentialAction":[{"@type":"SearchAction","target":{"@type":"EntryPoint","urlTemplate":"https:\/\/pulso27.com\/en\/?s={search_term_string}"},"query-input":{"@type":"PropertyValueSpecification","valueRequired":true,"valueName":"search_term_string"}}],"inLanguage":"en-US"},{"@type":"Organization","@id":"https:\/\/pulso27.com\/en\/#organization","name":"Pulso27","url":"https:\/\/pulso27.com\/en\/","logo":{"@type":"ImageObject","inLanguage":"en-US","@id":"https:\/\/pulso27.com\/en\/#\/schema\/logo\/image\/","url":"https:\/\/pulso27.com\/wp-content\/uploads\/2026\/02\/Logotipo-de-la-organizacion-696-x-696-px-ok.png","contentUrl":"https:\/\/pulso27.com\/wp-content\/uploads\/2026\/02\/Logotipo-de-la-organizacion-696-x-696-px-ok.png","width":696,"height":696,"caption":"Pulso27"},"image":{"@id":"https:\/\/pulso27.com\/en\/#\/schema\/logo\/image\/"},"sameAs":["https:\/\/www.facebook.com\/pulso27\/","https:\/\/x.com\/Pulso_27","https:\/\/www.youtube.com\/@Pulso27","https:\/\/www.tiktok.com\/@pulso_27"]},{"@type":"Person","@id":"https:\/\/pulso27.com\/en\/#\/schema\/person\/a0930a7f318e7d9d83bd7cffed9f34f6","name":"El Muki","image":{"@type":"ImageObject","inLanguage":"en-US","@id":"https:\/\/secure.gravatar.com\/avatar\/dc91c2607c5eebda74cbb40d13031f489096c96ead89c4c30c17db262267b2b3?s=96&d=mm&r=g","url":"https:\/\/secure.gravatar.com\/avatar\/dc91c2607c5eebda74cbb40d13031f489096c96ead89c4c30c17db262267b2b3?s=96&d=mm&r=g","contentUrl":"https:\/\/secure.gravatar.com\/avatar\/dc91c2607c5eebda74cbb40d13031f489096c96ead89c4c30c17db262267b2b3?s=96&d=mm&r=g","caption":"El Muki"},"sameAs":["http:\/\/www.pulso27.com"],"url":"https:\/\/pulso27.com\/en\/author\/elcuervo\/"}]}},"amp_enabled":true,"_links":{"self":[{"href":"https:\/\/pulso27.com\/en\/wp-json\/wp\/v2\/posts\/3183","targetHints":{"allow":["GET"]}}],"collection":[{"href":"https:\/\/pulso27.com\/en\/wp-json\/wp\/v2\/posts"}],"about":[{"href":"https:\/\/pulso27.com\/en\/wp-json\/wp\/v2\/types\/post"}],"author":[{"embeddable":true,"href":"https:\/\/pulso27.com\/en\/wp-json\/wp\/v2\/users\/10"}],"replies":[{"embeddable":true,"href":"https:\/\/pulso27.com\/en\/wp-json\/wp\/v2\/comments?post=3183"}],"version-history":[{"count":1,"href":"https:\/\/pulso27.com\/en\/wp-json\/wp\/v2\/posts\/3183\/revisions"}],"predecessor-version":[{"id":3188,"href":"https:\/\/pulso27.com\/en\/wp-json\/wp\/v2\/posts\/3183\/revisions\/3188"}],"wp:featuredmedia":[{"embeddable":true,"href":"https:\/\/pulso27.com\/en\/wp-json\/wp\/v2\/media\/3184"}],"wp:attachment":[{"href":"https:\/\/pulso27.com\/en\/wp-json\/wp\/v2\/media?parent=3183"}],"wp:term":[{"taxonomy":"category","embeddable":true,"href":"https:\/\/pulso27.com\/en\/wp-json\/wp\/v2\/categories?post=3183"},{"taxonomy":"post_tag","embeddable":true,"href":"https:\/\/pulso27.com\/en\/wp-json\/wp\/v2\/tags?post=3183"}],"curies":[{"name":"wp","href":"https:\/\/api.w.org\/{rel}","templated":true}]}}