{"id":3195,"date":"2024-12-20T03:08:48","date_gmt":"2024-12-19T22:08:48","guid":{"rendered":"https:\/\/pulso27.com\/?p=3195"},"modified":"2024-12-20T03:08:50","modified_gmt":"2024-12-19T22:08:50","slug":"tribunal-constitucional-fujimorista-anula-parcialmente-condena-de-vladimir-cerron-por-el-caso-aerodromo-wanka","status":"publish","type":"post","link":"https:\/\/pulso27.com\/en\/actualidad\/tribunal-constitucional-fujimorista-anula-parcialmente-condena-de-vladimir-cerron-por-el-caso-aerodromo-wanka\/","title":{"rendered":"Tribunal Constitucional fujimorista anula parcialmente condena de Vladimir Cerr\u00f3n por el caso Aer\u00f3dromo Wanka"},"content":{"rendered":"<p>En un fallo sorpresivo que ha sacudido el \u00e1mbito pol\u00edtico y judicial peruano, el Tribunal Constitucional (TC) decidi\u00f3 anular parcialmente la condena de 3 a\u00f1os y 6 meses de prisi\u00f3n efectiva impuesta a Vladimir Cerr\u00f3n, exgobernador de Jun\u00edn y l\u00edder de Per\u00fa Libre, por el caso Aer\u00f3dromo Wanka. La sentencia, que fue emitida el 6 de octubre de 2023 y desde entonces mantuvo a Cerr\u00f3n pr\u00f3fugo de la justicia, ha sido revisada tras el recurso de habeas corpus presentado por su defensa. El TC, por mayor\u00eda, consider\u00f3 que la Sala de Apelaciones de Jun\u00edn vulner\u00f3 el derecho a la debida motivaci\u00f3n en la resoluci\u00f3n que le impuso la pena de prisi\u00f3n.<\/p>\n\n\n\n<p>En su fallo, los magistrados Helder Dom\u00ednguez, Francisco Morales, Gustavo Guti\u00e9rrez y Pedro Hern\u00e1ndez votaron a favor de la nulidad de la sentencia, mientras que Luz Pacheco, C\u00e9sar Ochoa y Manuel Monteagudo emitieron voto en contra. La resoluci\u00f3n destac\u00f3 que la Sala de Apelaciones no especific\u00f3 si el delito de colusi\u00f3n simple por el que Cerr\u00f3n fue condenado era un delito instant\u00e1neo, continuado o permanente, lo cual es crucial para determinar el plazo de prescripci\u00f3n de la acci\u00f3n penal.<\/p>\n\n\n\n<p>Con esta decisi\u00f3n, el TC orden\u00f3 a la Sala de Apelaciones de Jun\u00edn emitir un nuevo pronunciamiento en el que se eval\u00fae si el proceso penal sigue vigente o si, por el contrario, ha prescrito debido al paso del tiempo. Esta determinaci\u00f3n abre un nuevo escenario jur\u00eddico, ya que el caso est\u00e1 siendo revisado por la Corte Suprema en la fase de casaci\u00f3n. El TC reconoci\u00f3, sin embargo, que el recurso de habeas corpus debi\u00f3 ser declarado improcedente, debido a que la sentencia de la Sala de Apelaciones a\u00fan no es firme. A pesar de ello, los magistrados argumentaron que la demora de casi un a\u00f1o en la admisi\u00f3n de la casaci\u00f3n por parte de la Corte Suprema constituye una \u00abdilaci\u00f3n indebida\u00bb, lo que les otorg\u00f3 competencia para resolver el recurso constitucional.<\/p>\n\n\n\n<figure class=\"wp-block-image size-full is-resized\"><img loading=\"lazy\" decoding=\"async\" width=\"526\" height=\"923\" src=\"https:\/\/pulso27.com\/wp-content\/uploads\/2024\/12\/image-55.png\" alt=\"\" class=\"wp-image-3196\" style=\"width:740px;height:auto\" srcset=\"https:\/\/pulso27.com\/wp-content\/uploads\/2024\/12\/image-55.png 526w, https:\/\/pulso27.com\/wp-content\/uploads\/2024\/12\/image-55-171x300.png 171w, https:\/\/pulso27.com\/wp-content\/uploads\/2024\/12\/image-55-7x12.png 7w\" sizes=\"auto, (max-width: 526px) 100vw, 526px\" \/><figcaption class=\"wp-element-caption\"><em>Vladimir Cerr\u00f3n celebra el regalo navide\u00f1o del Tribunal Constitucional (TC) en su cuenta X<\/em><\/figcaption><\/figure>\n\n\n\n<p>Uno de los aspectos m\u00e1s controversiales de este fallo es la aplicaci\u00f3n de la Ley 31751, conocida como Ley Soto, que suspende la prescripci\u00f3n de ciertos delitos por un a\u00f1o. Durante la condena inicial, la Sala de Apelaciones de Jun\u00edn consider\u00f3 que el delito de colusi\u00f3n simple de Cerr\u00f3n no hab\u00eda prescrito, ya que la fecha l\u00edmite para su prescripci\u00f3n ser\u00eda en junio de 2024, tras la inclusi\u00f3n del a\u00f1o de suspensi\u00f3n. Sin embargo, la Corte Suprema, al publicar un acuerdo plenario que considera inconstitucional esta ley, ha generado incertidumbre sobre su aplicaci\u00f3n en el caso Cerr\u00f3n. Si se rechaza la Ley Soto, la prescripci\u00f3n del delito se extender\u00eda hasta 2031 o 2032, lo que podr\u00eda modificar el rumbo del proceso judicial.<\/p>\n\n\n\n<p>La decisi\u00f3n del Tribunal Constitucional tiene una fuerte carga pol\u00edtica. Cerr\u00f3n, como l\u00edder de Per\u00fa Libre, ha sido un personaje clave en el escenario pol\u00edtico del pa\u00eds, particularmente durante el gobierno de Pedro Castillo, pero mucho m\u00e1s luego de la asunci\u00f3n ilegal e ileg\u00edtima de Dina Boluarte, a quien pareciera haberla incumbrado, porque desde el inicio lo apoy\u00f3 t\u00e1cticamente a trav\u00e9s de su hermano Waldemar Cerr\u00f3n que lidera el \u00abcerronismo\u00bby de vez en cuando torpedea en temas poco relevantes. La relaci\u00f3n del TC con la derecha pol\u00edtica liderada por el fujimorismo y las declaraciones de apoyo de figuras vinculadas a esta corriente han generado sospechas sobre la independencia del poder judicial y las posibles alianzas pol\u00edticas que podr\u00edan influir en los fallos judiciales.<\/p>\n\n\n\n<p>Algunos analistas han expresado su preocupaci\u00f3n por lo que consideran una posible interferencia en el sistema judicial, lo que debilita la confianza de la ciudadan\u00eda en las instituciones. \u201cEste tipo de decisiones generan un peligroso precedente en la lucha contra la corrupci\u00f3n\u201d, afirmaron diversos observadores. No obstante, los seguidores de Cerr\u00f3n han interpretado el fallo como una victoria frente a lo que consideran una \u00abpersecuci\u00f3n pol\u00edtica\u00bb. En sus redes sociales, Cerr\u00f3n inexplicablemente celebr\u00f3 el resultado del recurso, destacando al TC como \u201cla reserva moral de la justicia peruana\u201d, porque siempre ha dicho que el TC es un instrumento del sistema que lo persegu\u00eda a l\u00edderes de la izquierda y fallaba en contra del pueblo, sin embargo, parece que ahora efectivamente \u00e9l es parte del sistema o por lo menos actualmente es amigo de ellos y obviamente tiene el derecho de gozar de estos privilegios navide\u00f1os.<\/p>\n\n\n\n<p>Ahora, el futuro del caso Aer\u00f3dromo Wanka depender\u00e1 de dos factores: el nuevo pronunciamiento de la Sala de Apelaciones de Jun\u00edn y la decisi\u00f3n final de la Corte Suprema sobre la casaci\u00f3n. Si la Sala de Apelaciones determina que el proceso ha prescrito, el caso se archivar\u00eda, pero si se concluye que sigue vigente, el juicio contra Cerr\u00f3n podr\u00eda reanudarse.<br>Futuro incierto de Cerr\u00f3n.<\/p>\n\n\n\n<figure class=\"wp-block-image size-full is-resized\"><img loading=\"lazy\" decoding=\"async\" width=\"500\" height=\"261\" src=\"https:\/\/pulso27.com\/wp-content\/uploads\/2024\/12\/image-56.png\" alt=\"\" class=\"wp-image-3198\" style=\"width:740px;height:auto\" srcset=\"https:\/\/pulso27.com\/wp-content\/uploads\/2024\/12\/image-56.png 500w, https:\/\/pulso27.com\/wp-content\/uploads\/2024\/12\/image-56-300x157.png 300w, https:\/\/pulso27.com\/wp-content\/uploads\/2024\/12\/image-56-18x9.png 18w\" sizes=\"auto, (max-width: 500px) 100vw, 500px\" \/><figcaption class=\"wp-element-caption\"><em>Vladimir Cerr\u00f3n, recientemente fue sentenciado por el delito de colusi\u00f3n agravada, relacionado con el caso Antalsis<\/em><\/figcaption><\/figure>\n\n\n\n<p>La situaci\u00f3n jur\u00eddica y pol\u00edtica de Vladimir Cerr\u00f3n sigue siendo incierta. Lo que est\u00e1 claro es que este fallo del TC ha puesto de relieve las tensiones entre los diferentes poderes del Estado, adem\u00e1s de la polarizaci\u00f3n que existe en torno a la figura del exgobernador de Jun\u00edn, que contin\u00faa siendo una pieza clave en las decisiones de la mesa directiva del Congreso donde su hermano mayor es vicepresidente y la relaci\u00f3n con Palacio de Gobierno que habr\u00eda encubierto su ubicaci\u00f3n y detenci\u00f3n por la sentencia del caso aer\u00f3dromo Wanka.<\/p>\n\n\n\n<p>Recordar que el S\u00e9ptimo Juzgado de Investigaci\u00f3n Preparatoria Nacional ha dictado 18 meses de prisi\u00f3n preventiva contra Vladimir Cerr\u00f3n, por el delito de colusi\u00f3n agravada, relacionado con el caso Antalsis. La medida ser\u00e1 efectiva en los pr\u00f3ximos meses, seg\u00fan lo informado por el Poder Judicial a trav\u00e9s de sus canales oficiales. Cerr\u00f3n es investigado por su presunta participaci\u00f3n en una organizaci\u00f3n criminal encabezada por Mart\u00edn Belaunde Lossio, responsable de defraudar al Estado con m\u00e1s de 26 millones de soles. La acusaci\u00f3n sostiene que, durante su gesti\u00f3n entre 2011 y 2014, Cerr\u00f3n facilit\u00f3 contrataciones irregulares para obras p\u00fablicas mediante un convenio con la empresa SIMA, la cual subcontrat\u00f3 a Antalsis, la empresa privada involucrada en el fraude.<\/p>","protected":false},"excerpt":{"rendered":"<p>En un fallo sorpresivo que ha sacudido el \u00e1mbito pol\u00edtico y judicial peruano, el Tribunal Constitucional (TC) decidi\u00f3 anular parcialmente la condena de 3 a\u00f1os y 6 meses de prisi\u00f3n efectiva impuesta a Vladimir Cerr\u00f3n, exgobernador de Jun\u00edn y l\u00edder de Per\u00fa Libre, por el caso Aer\u00f3dromo Wanka. La sentencia, que fue emitida el 6 [&hellip;]<\/p>\n","protected":false},"author":7,"featured_media":3197,"comment_status":"open","ping_status":"open","sticky":false,"template":"","format":"standard","meta":{"footnotes":""},"categories":[183,174,180],"tags":[443,215,1957,444],"class_list":["post-3195","post","type-post","status-publish","format-standard","has-post-thumbnail","hentry","category-actualidad","category-nacional","category-politica","tag-perulibre","tag-tc","tag-tribunalconstitucional","tag-vladimircerron"],"yoast_head":"<!-- This site is optimized with the Yoast SEO plugin v27.4 - https:\/\/yoast.com\/product\/yoast-seo-wordpress\/ -->\n<title>Tribunal Constitucional fujimorista anula parcialmente condena de Vladimir Cerr\u00f3n por el caso Aer\u00f3dromo Wanka - Pulso27<\/title>\n<meta name=\"robots\" content=\"index, follow, max-snippet:-1, max-image-preview:large, max-video-preview:-1\" \/>\n<link rel=\"canonical\" href=\"https:\/\/pulso27.com\/en\/nacional\/tribunal-constitucional-fujimorista-anula-parcialmente-condena-de-vladimir-cerron-por-el-caso-aerodromo-wanka\/\" \/>\n<meta property=\"og:locale\" content=\"en_US\" \/>\n<meta property=\"og:type\" content=\"article\" \/>\n<meta property=\"og:title\" content=\"Tribunal Constitucional fujimorista anula parcialmente condena de Vladimir Cerr\u00f3n por el caso Aer\u00f3dromo Wanka - Pulso27\" \/>\n<meta property=\"og:description\" content=\"En un fallo sorpresivo que ha sacudido el \u00e1mbito pol\u00edtico y judicial peruano, el Tribunal Constitucional (TC) decidi\u00f3 anular parcialmente la condena de 3 a\u00f1os y 6 meses de prisi\u00f3n efectiva impuesta a Vladimir Cerr\u00f3n, exgobernador de Jun\u00edn y l\u00edder de Per\u00fa Libre, por el caso Aer\u00f3dromo Wanka. La sentencia, que fue emitida el 6 [&hellip;]\" \/>\n<meta property=\"og:url\" content=\"https:\/\/pulso27.com\/en\/nacional\/tribunal-constitucional-fujimorista-anula-parcialmente-condena-de-vladimir-cerron-por-el-caso-aerodromo-wanka\/\" \/>\n<meta property=\"og:site_name\" content=\"Pulso27\" \/>\n<meta property=\"article:publisher\" content=\"https:\/\/www.facebook.com\/pulso27\/\" \/>\n<meta property=\"article:published_time\" content=\"2024-12-19T22:08:48+00:00\" \/>\n<meta property=\"article:modified_time\" content=\"2024-12-19T22:08:50+00:00\" \/>\n<meta property=\"og:image\" content=\"https:\/\/pulso27.com\/wp-content\/uploads\/2024\/12\/VladimirC.png\" \/>\n\t<meta property=\"og:image:width\" content=\"1366\" \/>\n\t<meta property=\"og:image:height\" content=\"768\" \/>\n\t<meta property=\"og:image:type\" content=\"image\/png\" \/>\n<meta name=\"author\" content=\"Tupaq\" \/>\n<meta name=\"twitter:card\" content=\"summary_large_image\" \/>\n<meta name=\"twitter:creator\" content=\"@Pulso_27\" \/>\n<meta name=\"twitter:site\" content=\"@Pulso_27\" \/>\n<meta name=\"twitter:label1\" content=\"Written by\" \/>\n\t<meta name=\"twitter:data1\" content=\"Tupaq\" \/>\n\t<meta name=\"twitter:label2\" content=\"Est. reading time\" \/>\n\t<meta name=\"twitter:data2\" content=\"6 minutes\" \/>\n<script type=\"application\/ld+json\" class=\"yoast-schema-graph\">{\"@context\":\"https:\\\/\\\/schema.org\",\"@graph\":[{\"@type\":\"Article\",\"@id\":\"https:\\\/\\\/pulso27.com\\\/nacional\\\/tribunal-constitucional-fujimorista-anula-parcialmente-condena-de-vladimir-cerron-por-el-caso-aerodromo-wanka\\\/#article\",\"isPartOf\":{\"@id\":\"https:\\\/\\\/pulso27.com\\\/nacional\\\/tribunal-constitucional-fujimorista-anula-parcialmente-condena-de-vladimir-cerron-por-el-caso-aerodromo-wanka\\\/\"},\"author\":{\"name\":\"Tupaq\",\"@id\":\"https:\\\/\\\/pulso27.com\\\/en\\\/#\\\/schema\\\/person\\\/d20fd7f5bc7f2e53fd150d43fca07a78\"},\"headline\":\"Tribunal Constitucional fujimorista anula parcialmente condena de Vladimir Cerr\u00f3n por el caso Aer\u00f3dromo Wanka\",\"datePublished\":\"2024-12-19T22:08:48+00:00\",\"dateModified\":\"2024-12-19T22:08:50+00:00\",\"mainEntityOfPage\":{\"@id\":\"https:\\\/\\\/pulso27.com\\\/nacional\\\/tribunal-constitucional-fujimorista-anula-parcialmente-condena-de-vladimir-cerron-por-el-caso-aerodromo-wanka\\\/\"},\"wordCount\":1139,\"commentCount\":0,\"publisher\":{\"@id\":\"https:\\\/\\\/pulso27.com\\\/en\\\/#organization\"},\"image\":{\"@id\":\"https:\\\/\\\/pulso27.com\\\/nacional\\\/tribunal-constitucional-fujimorista-anula-parcialmente-condena-de-vladimir-cerron-por-el-caso-aerodromo-wanka\\\/#primaryimage\"},\"thumbnailUrl\":\"https:\\\/\\\/pulso27.com\\\/wp-content\\\/uploads\\\/2024\\\/12\\\/VladimirC.png\",\"keywords\":[\"Per\u00faLibre\",\"TC\",\"TribunalConstitucional\",\"VladimirCerr\u00f3n\"],\"articleSection\":[\"Actualidad\",\"Nacional\",\"Pol\u00edtica\"],\"inLanguage\":\"en-US\",\"potentialAction\":[{\"@type\":\"CommentAction\",\"name\":\"Comment\",\"target\":[\"https:\\\/\\\/pulso27.com\\\/nacional\\\/tribunal-constitucional-fujimorista-anula-parcialmente-condena-de-vladimir-cerron-por-el-caso-aerodromo-wanka\\\/#respond\"]}]},{\"@type\":\"WebPage\",\"@id\":\"https:\\\/\\\/pulso27.com\\\/nacional\\\/tribunal-constitucional-fujimorista-anula-parcialmente-condena-de-vladimir-cerron-por-el-caso-aerodromo-wanka\\\/\",\"url\":\"https:\\\/\\\/pulso27.com\\\/nacional\\\/tribunal-constitucional-fujimorista-anula-parcialmente-condena-de-vladimir-cerron-por-el-caso-aerodromo-wanka\\\/\",\"name\":\"Tribunal Constitucional fujimorista anula parcialmente condena de Vladimir Cerr\u00f3n por el caso Aer\u00f3dromo Wanka - Pulso27\",\"isPartOf\":{\"@id\":\"https:\\\/\\\/pulso27.com\\\/en\\\/#website\"},\"primaryImageOfPage\":{\"@id\":\"https:\\\/\\\/pulso27.com\\\/nacional\\\/tribunal-constitucional-fujimorista-anula-parcialmente-condena-de-vladimir-cerron-por-el-caso-aerodromo-wanka\\\/#primaryimage\"},\"image\":{\"@id\":\"https:\\\/\\\/pulso27.com\\\/nacional\\\/tribunal-constitucional-fujimorista-anula-parcialmente-condena-de-vladimir-cerron-por-el-caso-aerodromo-wanka\\\/#primaryimage\"},\"thumbnailUrl\":\"https:\\\/\\\/pulso27.com\\\/wp-content\\\/uploads\\\/2024\\\/12\\\/VladimirC.png\",\"datePublished\":\"2024-12-19T22:08:48+00:00\",\"dateModified\":\"2024-12-19T22:08:50+00:00\",\"breadcrumb\":{\"@id\":\"https:\\\/\\\/pulso27.com\\\/nacional\\\/tribunal-constitucional-fujimorista-anula-parcialmente-condena-de-vladimir-cerron-por-el-caso-aerodromo-wanka\\\/#breadcrumb\"},\"inLanguage\":\"en-US\",\"potentialAction\":[{\"@type\":\"ReadAction\",\"target\":[\"https:\\\/\\\/pulso27.com\\\/nacional\\\/tribunal-constitucional-fujimorista-anula-parcialmente-condena-de-vladimir-cerron-por-el-caso-aerodromo-wanka\\\/\"]}]},{\"@type\":\"ImageObject\",\"inLanguage\":\"en-US\",\"@id\":\"https:\\\/\\\/pulso27.com\\\/nacional\\\/tribunal-constitucional-fujimorista-anula-parcialmente-condena-de-vladimir-cerron-por-el-caso-aerodromo-wanka\\\/#primaryimage\",\"url\":\"https:\\\/\\\/pulso27.com\\\/wp-content\\\/uploads\\\/2024\\\/12\\\/VladimirC.png\",\"contentUrl\":\"https:\\\/\\\/pulso27.com\\\/wp-content\\\/uploads\\\/2024\\\/12\\\/VladimirC.png\",\"width\":1366,\"height\":768},{\"@type\":\"BreadcrumbList\",\"@id\":\"https:\\\/\\\/pulso27.com\\\/nacional\\\/tribunal-constitucional-fujimorista-anula-parcialmente-condena-de-vladimir-cerron-por-el-caso-aerodromo-wanka\\\/#breadcrumb\",\"itemListElement\":[{\"@type\":\"ListItem\",\"position\":1,\"name\":\"Portada\",\"item\":\"https:\\\/\\\/pulso27.com\\\/\"},{\"@type\":\"ListItem\",\"position\":2,\"name\":\"Tribunal Constitucional fujimorista anula parcialmente condena de Vladimir Cerr\u00f3n por el caso Aer\u00f3dromo Wanka\"}]},{\"@type\":\"WebSite\",\"@id\":\"https:\\\/\\\/pulso27.com\\\/en\\\/#website\",\"url\":\"https:\\\/\\\/pulso27.com\\\/en\\\/\",\"name\":\"Pulso27\",\"description\":\"Web de noticias y publicidad\",\"publisher\":{\"@id\":\"https:\\\/\\\/pulso27.com\\\/en\\\/#organization\"},\"alternateName\":\"El pulso del pueblo\",\"potentialAction\":[{\"@type\":\"SearchAction\",\"target\":{\"@type\":\"EntryPoint\",\"urlTemplate\":\"https:\\\/\\\/pulso27.com\\\/en\\\/?s={search_term_string}\"},\"query-input\":{\"@type\":\"PropertyValueSpecification\",\"valueRequired\":true,\"valueName\":\"search_term_string\"}}],\"inLanguage\":\"en-US\"},{\"@type\":\"Organization\",\"@id\":\"https:\\\/\\\/pulso27.com\\\/en\\\/#organization\",\"name\":\"Pulso27\",\"url\":\"https:\\\/\\\/pulso27.com\\\/en\\\/\",\"logo\":{\"@type\":\"ImageObject\",\"inLanguage\":\"en-US\",\"@id\":\"https:\\\/\\\/pulso27.com\\\/en\\\/#\\\/schema\\\/logo\\\/image\\\/\",\"url\":\"https:\\\/\\\/pulso27.com\\\/wp-content\\\/uploads\\\/2026\\\/02\\\/Logotipo-de-la-organizacion-696-x-696-px-ok.png\",\"contentUrl\":\"https:\\\/\\\/pulso27.com\\\/wp-content\\\/uploads\\\/2026\\\/02\\\/Logotipo-de-la-organizacion-696-x-696-px-ok.png\",\"width\":696,\"height\":696,\"caption\":\"Pulso27\"},\"image\":{\"@id\":\"https:\\\/\\\/pulso27.com\\\/en\\\/#\\\/schema\\\/logo\\\/image\\\/\"},\"sameAs\":[\"https:\\\/\\\/www.facebook.com\\\/pulso27\\\/\",\"https:\\\/\\\/x.com\\\/Pulso_27\",\"https:\\\/\\\/www.youtube.com\\\/@Pulso27\",\"https:\\\/\\\/www.tiktok.com\\\/@pulso_27\"]},{\"@type\":\"Person\",\"@id\":\"https:\\\/\\\/pulso27.com\\\/en\\\/#\\\/schema\\\/person\\\/d20fd7f5bc7f2e53fd150d43fca07a78\",\"name\":\"Tupaq\",\"image\":{\"@type\":\"ImageObject\",\"inLanguage\":\"en-US\",\"@id\":\"https:\\\/\\\/secure.gravatar.com\\\/avatar\\\/7929e9b034aeea560319a601e4f04c59eb5f45a79eafe192adabb67e9604e7e7?s=96&d=mm&r=g\",\"url\":\"https:\\\/\\\/secure.gravatar.com\\\/avatar\\\/7929e9b034aeea560319a601e4f04c59eb5f45a79eafe192adabb67e9604e7e7?s=96&d=mm&r=g\",\"contentUrl\":\"https:\\\/\\\/secure.gravatar.com\\\/avatar\\\/7929e9b034aeea560319a601e4f04c59eb5f45a79eafe192adabb67e9604e7e7?s=96&d=mm&r=g\",\"caption\":\"Tupaq\"},\"url\":\"https:\\\/\\\/pulso27.com\\\/en\\\/author\\\/tupaq\\\/\"}]}<\/script>\n<!-- \/ Yoast SEO plugin. -->","yoast_head_json":{"title":"Tribunal Constitucional fujimorista anula parcialmente condena de Vladimir Cerr\u00f3n por el caso Aer\u00f3dromo Wanka - Pulso27","robots":{"index":"index","follow":"follow","max-snippet":"max-snippet:-1","max-image-preview":"max-image-preview:large","max-video-preview":"max-video-preview:-1"},"canonical":"https:\/\/pulso27.com\/en\/nacional\/tribunal-constitucional-fujimorista-anula-parcialmente-condena-de-vladimir-cerron-por-el-caso-aerodromo-wanka\/","og_locale":"en_US","og_type":"article","og_title":"Tribunal Constitucional fujimorista anula parcialmente condena de Vladimir Cerr\u00f3n por el caso Aer\u00f3dromo Wanka - Pulso27","og_description":"En un fallo sorpresivo que ha sacudido el \u00e1mbito pol\u00edtico y judicial peruano, el Tribunal Constitucional (TC) decidi\u00f3 anular parcialmente la condena de 3 a\u00f1os y 6 meses de prisi\u00f3n efectiva impuesta a Vladimir Cerr\u00f3n, exgobernador de Jun\u00edn y l\u00edder de Per\u00fa Libre, por el caso Aer\u00f3dromo Wanka. La sentencia, que fue emitida el 6 [&hellip;]","og_url":"https:\/\/pulso27.com\/en\/nacional\/tribunal-constitucional-fujimorista-anula-parcialmente-condena-de-vladimir-cerron-por-el-caso-aerodromo-wanka\/","og_site_name":"Pulso27","article_publisher":"https:\/\/www.facebook.com\/pulso27\/","article_published_time":"2024-12-19T22:08:48+00:00","article_modified_time":"2024-12-19T22:08:50+00:00","og_image":[{"width":1366,"height":768,"url":"https:\/\/pulso27.com\/wp-content\/uploads\/2024\/12\/VladimirC.png","type":"image\/png"}],"author":"Tupaq","twitter_card":"summary_large_image","twitter_creator":"@Pulso_27","twitter_site":"@Pulso_27","twitter_misc":{"Written by":"Tupaq","Est. reading time":"6 minutes"},"schema":{"@context":"https:\/\/schema.org","@graph":[{"@type":"Article","@id":"https:\/\/pulso27.com\/nacional\/tribunal-constitucional-fujimorista-anula-parcialmente-condena-de-vladimir-cerron-por-el-caso-aerodromo-wanka\/#article","isPartOf":{"@id":"https:\/\/pulso27.com\/nacional\/tribunal-constitucional-fujimorista-anula-parcialmente-condena-de-vladimir-cerron-por-el-caso-aerodromo-wanka\/"},"author":{"name":"Tupaq","@id":"https:\/\/pulso27.com\/en\/#\/schema\/person\/d20fd7f5bc7f2e53fd150d43fca07a78"},"headline":"Tribunal Constitucional fujimorista anula parcialmente condena de Vladimir Cerr\u00f3n por el caso Aer\u00f3dromo Wanka","datePublished":"2024-12-19T22:08:48+00:00","dateModified":"2024-12-19T22:08:50+00:00","mainEntityOfPage":{"@id":"https:\/\/pulso27.com\/nacional\/tribunal-constitucional-fujimorista-anula-parcialmente-condena-de-vladimir-cerron-por-el-caso-aerodromo-wanka\/"},"wordCount":1139,"commentCount":0,"publisher":{"@id":"https:\/\/pulso27.com\/en\/#organization"},"image":{"@id":"https:\/\/pulso27.com\/nacional\/tribunal-constitucional-fujimorista-anula-parcialmente-condena-de-vladimir-cerron-por-el-caso-aerodromo-wanka\/#primaryimage"},"thumbnailUrl":"https:\/\/pulso27.com\/wp-content\/uploads\/2024\/12\/VladimirC.png","keywords":["Per\u00faLibre","TC","TribunalConstitucional","VladimirCerr\u00f3n"],"articleSection":["Actualidad","Nacional","Pol\u00edtica"],"inLanguage":"en-US","potentialAction":[{"@type":"CommentAction","name":"Comment","target":["https:\/\/pulso27.com\/nacional\/tribunal-constitucional-fujimorista-anula-parcialmente-condena-de-vladimir-cerron-por-el-caso-aerodromo-wanka\/#respond"]}]},{"@type":"WebPage","@id":"https:\/\/pulso27.com\/nacional\/tribunal-constitucional-fujimorista-anula-parcialmente-condena-de-vladimir-cerron-por-el-caso-aerodromo-wanka\/","url":"https:\/\/pulso27.com\/nacional\/tribunal-constitucional-fujimorista-anula-parcialmente-condena-de-vladimir-cerron-por-el-caso-aerodromo-wanka\/","name":"Tribunal Constitucional fujimorista anula parcialmente condena de Vladimir Cerr\u00f3n por el caso Aer\u00f3dromo Wanka - Pulso27","isPartOf":{"@id":"https:\/\/pulso27.com\/en\/#website"},"primaryImageOfPage":{"@id":"https:\/\/pulso27.com\/nacional\/tribunal-constitucional-fujimorista-anula-parcialmente-condena-de-vladimir-cerron-por-el-caso-aerodromo-wanka\/#primaryimage"},"image":{"@id":"https:\/\/pulso27.com\/nacional\/tribunal-constitucional-fujimorista-anula-parcialmente-condena-de-vladimir-cerron-por-el-caso-aerodromo-wanka\/#primaryimage"},"thumbnailUrl":"https:\/\/pulso27.com\/wp-content\/uploads\/2024\/12\/VladimirC.png","datePublished":"2024-12-19T22:08:48+00:00","dateModified":"2024-12-19T22:08:50+00:00","breadcrumb":{"@id":"https:\/\/pulso27.com\/nacional\/tribunal-constitucional-fujimorista-anula-parcialmente-condena-de-vladimir-cerron-por-el-caso-aerodromo-wanka\/#breadcrumb"},"inLanguage":"en-US","potentialAction":[{"@type":"ReadAction","target":["https:\/\/pulso27.com\/nacional\/tribunal-constitucional-fujimorista-anula-parcialmente-condena-de-vladimir-cerron-por-el-caso-aerodromo-wanka\/"]}]},{"@type":"ImageObject","inLanguage":"en-US","@id":"https:\/\/pulso27.com\/nacional\/tribunal-constitucional-fujimorista-anula-parcialmente-condena-de-vladimir-cerron-por-el-caso-aerodromo-wanka\/#primaryimage","url":"https:\/\/pulso27.com\/wp-content\/uploads\/2024\/12\/VladimirC.png","contentUrl":"https:\/\/pulso27.com\/wp-content\/uploads\/2024\/12\/VladimirC.png","width":1366,"height":768},{"@type":"BreadcrumbList","@id":"https:\/\/pulso27.com\/nacional\/tribunal-constitucional-fujimorista-anula-parcialmente-condena-de-vladimir-cerron-por-el-caso-aerodromo-wanka\/#breadcrumb","itemListElement":[{"@type":"ListItem","position":1,"name":"Portada","item":"https:\/\/pulso27.com\/"},{"@type":"ListItem","position":2,"name":"Tribunal Constitucional fujimorista anula parcialmente condena de Vladimir Cerr\u00f3n por el caso Aer\u00f3dromo Wanka"}]},{"@type":"WebSite","@id":"https:\/\/pulso27.com\/en\/#website","url":"https:\/\/pulso27.com\/en\/","name":"Pulso27","description":"Web de noticias y publicidad","publisher":{"@id":"https:\/\/pulso27.com\/en\/#organization"},"alternateName":"El pulso del pueblo","potentialAction":[{"@type":"SearchAction","target":{"@type":"EntryPoint","urlTemplate":"https:\/\/pulso27.com\/en\/?s={search_term_string}"},"query-input":{"@type":"PropertyValueSpecification","valueRequired":true,"valueName":"search_term_string"}}],"inLanguage":"en-US"},{"@type":"Organization","@id":"https:\/\/pulso27.com\/en\/#organization","name":"Pulso27","url":"https:\/\/pulso27.com\/en\/","logo":{"@type":"ImageObject","inLanguage":"en-US","@id":"https:\/\/pulso27.com\/en\/#\/schema\/logo\/image\/","url":"https:\/\/pulso27.com\/wp-content\/uploads\/2026\/02\/Logotipo-de-la-organizacion-696-x-696-px-ok.png","contentUrl":"https:\/\/pulso27.com\/wp-content\/uploads\/2026\/02\/Logotipo-de-la-organizacion-696-x-696-px-ok.png","width":696,"height":696,"caption":"Pulso27"},"image":{"@id":"https:\/\/pulso27.com\/en\/#\/schema\/logo\/image\/"},"sameAs":["https:\/\/www.facebook.com\/pulso27\/","https:\/\/x.com\/Pulso_27","https:\/\/www.youtube.com\/@Pulso27","https:\/\/www.tiktok.com\/@pulso_27"]},{"@type":"Person","@id":"https:\/\/pulso27.com\/en\/#\/schema\/person\/d20fd7f5bc7f2e53fd150d43fca07a78","name":"Tupaq","image":{"@type":"ImageObject","inLanguage":"en-US","@id":"https:\/\/secure.gravatar.com\/avatar\/7929e9b034aeea560319a601e4f04c59eb5f45a79eafe192adabb67e9604e7e7?s=96&d=mm&r=g","url":"https:\/\/secure.gravatar.com\/avatar\/7929e9b034aeea560319a601e4f04c59eb5f45a79eafe192adabb67e9604e7e7?s=96&d=mm&r=g","contentUrl":"https:\/\/secure.gravatar.com\/avatar\/7929e9b034aeea560319a601e4f04c59eb5f45a79eafe192adabb67e9604e7e7?s=96&d=mm&r=g","caption":"Tupaq"},"url":"https:\/\/pulso27.com\/en\/author\/tupaq\/"}]}},"amp_enabled":true,"_links":{"self":[{"href":"https:\/\/pulso27.com\/en\/wp-json\/wp\/v2\/posts\/3195","targetHints":{"allow":["GET"]}}],"collection":[{"href":"https:\/\/pulso27.com\/en\/wp-json\/wp\/v2\/posts"}],"about":[{"href":"https:\/\/pulso27.com\/en\/wp-json\/wp\/v2\/types\/post"}],"author":[{"embeddable":true,"href":"https:\/\/pulso27.com\/en\/wp-json\/wp\/v2\/users\/7"}],"replies":[{"embeddable":true,"href":"https:\/\/pulso27.com\/en\/wp-json\/wp\/v2\/comments?post=3195"}],"version-history":[{"count":1,"href":"https:\/\/pulso27.com\/en\/wp-json\/wp\/v2\/posts\/3195\/revisions"}],"predecessor-version":[{"id":3199,"href":"https:\/\/pulso27.com\/en\/wp-json\/wp\/v2\/posts\/3195\/revisions\/3199"}],"wp:featuredmedia":[{"embeddable":true,"href":"https:\/\/pulso27.com\/en\/wp-json\/wp\/v2\/media\/3197"}],"wp:attachment":[{"href":"https:\/\/pulso27.com\/en\/wp-json\/wp\/v2\/media?parent=3195"}],"wp:term":[{"taxonomy":"category","embeddable":true,"href":"https:\/\/pulso27.com\/en\/wp-json\/wp\/v2\/categories?post=3195"},{"taxonomy":"post_tag","embeddable":true,"href":"https:\/\/pulso27.com\/en\/wp-json\/wp\/v2\/tags?post=3195"}],"curies":[{"name":"wp","href":"https:\/\/api.w.org\/{rel}","templated":true}]}}