{"id":3204,"date":"2024-12-21T22:29:01","date_gmt":"2024-12-21T17:29:01","guid":{"rendered":"https:\/\/pulso27.com\/?p=3204"},"modified":"2024-12-21T22:42:16","modified_gmt":"2024-12-21T17:42:16","slug":"pobladores-de-alto-huallaga-expulsan-a-minera-huallaga-por-contaminacion-y-danos-ambientales","status":"publish","type":"post","link":"https:\/\/pulso27.com\/en\/regional\/pobladores-de-alto-huallaga-expulsan-a-minera-huallaga-por-contaminacion-y-danos-ambientales\/","title":{"rendered":"Pobladores de Alto Huallaga expulsan a Minera Huallaga por contaminaci\u00f3n y da\u00f1os ambientales"},"content":{"rendered":"<p>La lucha por la supervivencia de los ecosistemas y la salud de miles de personas en la provincia de Leoncio Prado, Hu\u00e1nuco, dio un giro dr\u00e1stico esta semana, cuando los pobladores de Santo Domingo de Anda y Pueblo Nuevo decidieron tomar la justicia en sus propias manos ante la inacci\u00f3n del Estado. En un acto de desesperaci\u00f3n y cansados de las promesas incumplidas de las autoridades, los habitantes de estos distritos expulsaron a los trabajadores y maquinarias de la minera Huallaga SAC, acusada de causar graves da\u00f1os a la flora, fauna y las fuentes de agua en la regi\u00f3n.<\/p>\n\n\n\n<p>Durante dos noches consecutivas, la poblaci\u00f3n se autoconvoc\u00f3 y se dirigi\u00f3 hacia las cuencas de los r\u00edos Almendra y Libertad, donde la minera operaba de manera ilegal, extrayendo oro a gran escala. En una de las intervenciones, los vecinos lograron que las retroexcavadoras abandonaran la zona, escoltando las maquinarias hasta la Carretera Marginal. Los pobladores, visiblemente indignados, advirtieron que no tolerar\u00e1n el regreso de la minera, que ya hab\u00eda sido objeto de una intervenci\u00f3n fiscal en 2023, pero que de manera desafiante, hab\u00eda reanudado sus actividades con los mismos equipos. Como podemos ver a los pobladores de Santo Domingo de Anda, Sector \u00c1rabe y aleda\u00f1os en el siguiente link https:\/\/acortar.link\/nEIPCh publicado por Radio Luz de Aucayacu.<\/p>\n\n\n\n<p>El conflicto se ha intensificado debido a la continua destrucci\u00f3n de los recursos naturales de la regi\u00f3n. Seg\u00fan los denunciantes, las actividades mineras han alterado el cauce de los r\u00edos, contaminando el agua con mercurio y poniendo en grave peligro la vida de miles de personas que dependen de estos recursos. En particular, los agricultores, pescadores y las comunidades locales se enfrentan a una crisis ecol\u00f3gica que amenaza no solo sus medios de vida, sino su salud.<\/p>\n\n\n\n<figure class=\"wp-block-image size-full is-resized\"><img loading=\"lazy\" decoding=\"async\" width=\"683\" height=\"384\" src=\"https:\/\/pulso27.com\/wp-content\/uploads\/2024\/12\/image-57-edited.png\" alt=\"\" class=\"wp-image-3207\" style=\"width:740px;height:auto\" srcset=\"https:\/\/pulso27.com\/wp-content\/uploads\/2024\/12\/image-57-edited.png 683w, https:\/\/pulso27.com\/wp-content\/uploads\/2024\/12\/image-57-edited-300x169.png 300w, https:\/\/pulso27.com\/wp-content\/uploads\/2024\/12\/image-57-edited-18x10.png 18w\" sizes=\"auto, (max-width: 683px) 100vw, 683px\" \/><figcaption class=\"wp-element-caption\"><em>Tard\u00eda reacci\u00f3n del Gobierno Regional de Hu\u00e1nuco ante la miner\u00eda de Alto Huallaga<\/em><\/figcaption><\/figure>\n\n\n\n<p>La miner\u00eda ilegal y la falta de control estatal han devastado los cultivos agr\u00edcolas que son el sustento de estas comunidades. Cacao, pl\u00e1tano, arroz y caf\u00e9 \u2013 productos vitales para la econom\u00eda local \u2013 se han visto gravemente afectados por la contaminaci\u00f3n del agua y el desv\u00edo de los r\u00edos. Elena Encarnaci\u00f3n, agricultora de la zona, denuncia: \u201cNos roban el agua y la vida. La miner\u00eda est\u00e1 destruyendo nuestras cosechas y, con ellas, nuestras familias\u201d.<\/p>\n\n\n\n<p>El da\u00f1o no solo es ambiental, sino tambi\u00e9n social y econ\u00f3mico. En Pueblo Nuevo, las concesiones mineras se otorgan sin consulta previa a la poblaci\u00f3n, violando principios b\u00e1sicos de participaci\u00f3n comunitaria y afectando a los agricultores que luchan por mantener sus tierras productivas. Carlos \u00c1lvarez, poblador de la zona, asegura que la situaci\u00f3n es cr\u00edtica: \u00abNos est\u00e1n quitando el agua, nos est\u00e1n matando\u00bb, refiri\u00e9ndose a la contaminaci\u00f3n de los cuerpos de agua con mercurio, un veneno utilizado en la miner\u00eda aur\u00edfera que amenaza no solo la salud humana, sino tambi\u00e9n los ecosistemas acu\u00e1ticos.<\/p>\n\n\n\n<p>Los piscicultores tampoco son ajenos a esta tragedia. Jhon Pullido, gerente de una empresa pisc\u00edcola en el sector de Villasol de Arabe, denuncia c\u00f3mo los desv\u00edos de los r\u00edos han afectado gravemente la producci\u00f3n de peces. \u201cNuestros r\u00edos se est\u00e1n secando, y la gente est\u00e1 perdiendo todo. Este es un alimento vital para las familias, y la miner\u00eda est\u00e1 acabando con eso\u201d, se\u00f1ala.<\/p>\n\n\n\n<figure class=\"wp-block-image size-full\"><img loading=\"lazy\" decoding=\"async\" width=\"960\" height=\"540\" src=\"https:\/\/pulso27.com\/wp-content\/uploads\/2024\/12\/image-58.png\" alt=\"\" class=\"wp-image-3208\" srcset=\"https:\/\/pulso27.com\/wp-content\/uploads\/2024\/12\/image-58.png 960w, https:\/\/pulso27.com\/wp-content\/uploads\/2024\/12\/image-58-300x169.png 300w, https:\/\/pulso27.com\/wp-content\/uploads\/2024\/12\/image-58-768x432.png 768w, https:\/\/pulso27.com\/wp-content\/uploads\/2024\/12\/image-58-18x10.png 18w\" sizes=\"auto, (max-width: 960px) 100vw, 960px\" \/><figcaption class=\"wp-element-caption\"><em>Evidente el da\u00f1o ambiental que vienen generando y la contaminaci\u00f3n de los recursos h\u00eddricos<\/em><\/figcaption><\/figure>\n\n\n\n<p>La situaci\u00f3n en Alto Huallaga es la consecuencia de a\u00f1os de desregulaci\u00f3n, indiferencia estatal y de la creciente expansi\u00f3n de la miner\u00eda sin ning\u00fan control ambiental efectivo. En 2023, la Fiscal\u00eda de la provincia de Leoncio Prado intervino las maquinarias de la Minera Huallaga debido a la destrucci\u00f3n del ecosistema, pero a pesar de las promesas de no devolverlas a la empresa, los equipos fueron regresados meses despu\u00e9s. Esta descoordinaci\u00f3n entre las autoridades y la falta de sanciones efectivas han permitido que la minera contin\u00fae con sus operaciones destructivas.<\/p>\n\n\n\n<p>El a\u00f1o 2024 ha sido el de la gota que colm\u00f3 el vaso. En medio de la crisis ambiental, el Consorcio R\u00edo Huallaga, una iniciativa p\u00fablica privada, ha presentado un proyecto para la defensa ribere\u00f1a del r\u00edo Huallaga y el mejoramiento de la infraestructura del aeropuerto de Tingo Mar\u00eda, lo que podr\u00eda ser un intento tard\u00edo de mitigar los da\u00f1os en la regi\u00f3n. Sin embargo, muchos se preguntan si estas medidas ser\u00e1n suficientes o si, al igual que las intervenciones fiscales, se quedar\u00e1n en el papel mientras las comunidades siguen sufriendo.<\/p>\n\n\n\n<p>La lucha de los pobladores de Alto Huallaga es un llamado de alerta. La miner\u00eda ilegal, sumada a la falta de regulaci\u00f3n y la indiferencia de las autoridades, est\u00e1 destruyendo no solo la naturaleza, sino tambi\u00e9n la vida de miles de peruanos. \u00bfCu\u00e1nto m\u00e1s tendr\u00e1n que esperar estas comunidades para que sus voces sean escuchadas? \u00bfHasta cu\u00e1ndo el oro seguir\u00e1 arrasando con el futuro de las familias en Santo Domingo de Anda y Pueblo Nuevo? El tiempo corre, y el grito de auxilio sigue sin respuesta.<\/p>","protected":false},"excerpt":{"rendered":"<p>La lucha por la supervivencia de los ecosistemas y la salud de miles de personas en la provincia de Leoncio Prado, Hu\u00e1nuco, dio un giro dr\u00e1stico esta semana, cuando los pobladores de Santo Domingo de Anda y Pueblo Nuevo decidieron tomar la justicia en sus propias manos ante la inacci\u00f3n del Estado. En un acto [&hellip;]<\/p>\n","protected":false},"author":7,"featured_media":3205,"comment_status":"open","ping_status":"open","sticky":false,"template":"","format":"standard","meta":{"footnotes":""},"categories":[183,810,202],"tags":[1958,1930,1959,598],"class_list":["post-3204","post","type-post","status-publish","format-standard","has-post-thumbnail","hentry","category-actualidad","category-regional","category-sociedad","tag-altohuallaga","tag-contaminacionminera","tag-huallaga","tag-minera"],"yoast_head":"<!-- This site is optimized with the Yoast SEO plugin v27.4 - https:\/\/yoast.com\/product\/yoast-seo-wordpress\/ -->\n<title>Pobladores de Alto Huallaga expulsan a Minera Huallaga por contaminaci\u00f3n y da\u00f1os ambientales - Pulso27<\/title>\n<meta name=\"robots\" content=\"index, follow, max-snippet:-1, max-image-preview:large, max-video-preview:-1\" \/>\n<link rel=\"canonical\" href=\"https:\/\/pulso27.com\/en\/actualidad\/pobladores-de-alto-huallaga-expulsan-a-minera-huallaga-por-contaminacion-y-danos-ambientales\/\" \/>\n<meta property=\"og:locale\" content=\"en_US\" \/>\n<meta property=\"og:type\" content=\"article\" \/>\n<meta property=\"og:title\" content=\"Pobladores de Alto Huallaga expulsan a Minera Huallaga por contaminaci\u00f3n y da\u00f1os ambientales - Pulso27\" \/>\n<meta property=\"og:description\" content=\"La lucha por la supervivencia de los ecosistemas y la salud de miles de personas en la provincia de Leoncio Prado, Hu\u00e1nuco, dio un giro dr\u00e1stico esta semana, cuando los pobladores de Santo Domingo de Anda y Pueblo Nuevo decidieron tomar la justicia en sus propias manos ante la inacci\u00f3n del Estado. En un acto [&hellip;]\" \/>\n<meta property=\"og:url\" content=\"https:\/\/pulso27.com\/en\/actualidad\/pobladores-de-alto-huallaga-expulsan-a-minera-huallaga-por-contaminacion-y-danos-ambientales\/\" \/>\n<meta property=\"og:site_name\" content=\"Pulso27\" \/>\n<meta property=\"article:publisher\" content=\"https:\/\/www.facebook.com\/pulso27\/\" \/>\n<meta property=\"article:published_time\" content=\"2024-12-21T17:29:01+00:00\" \/>\n<meta property=\"article:modified_time\" content=\"2024-12-21T17:42:16+00:00\" \/>\n<meta property=\"og:image\" content=\"https:\/\/pulso27.com\/wp-content\/uploads\/2024\/12\/Huallaga-1024x576.png\" \/>\n\t<meta property=\"og:image:width\" content=\"1024\" \/>\n\t<meta property=\"og:image:height\" content=\"576\" \/>\n\t<meta property=\"og:image:type\" content=\"image\/png\" \/>\n<meta name=\"author\" content=\"Tupaq\" \/>\n<meta name=\"twitter:card\" content=\"summary_large_image\" \/>\n<meta name=\"twitter:creator\" content=\"@Pulso_27\" \/>\n<meta name=\"twitter:site\" content=\"@Pulso_27\" \/>\n<meta name=\"twitter:label1\" content=\"Written by\" \/>\n\t<meta name=\"twitter:data1\" content=\"Tupaq\" \/>\n\t<meta name=\"twitter:label2\" content=\"Est. reading time\" \/>\n\t<meta name=\"twitter:data2\" content=\"5 minutes\" \/>\n<script type=\"application\/ld+json\" class=\"yoast-schema-graph\">{\"@context\":\"https:\\\/\\\/schema.org\",\"@graph\":[{\"@type\":\"Article\",\"@id\":\"https:\\\/\\\/pulso27.com\\\/actualidad\\\/pobladores-de-alto-huallaga-expulsan-a-minera-huallaga-por-contaminacion-y-danos-ambientales\\\/#article\",\"isPartOf\":{\"@id\":\"https:\\\/\\\/pulso27.com\\\/actualidad\\\/pobladores-de-alto-huallaga-expulsan-a-minera-huallaga-por-contaminacion-y-danos-ambientales\\\/\"},\"author\":{\"name\":\"Tupaq\",\"@id\":\"https:\\\/\\\/pulso27.com\\\/en\\\/#\\\/schema\\\/person\\\/d20fd7f5bc7f2e53fd150d43fca07a78\"},\"headline\":\"Pobladores de Alto Huallaga expulsan a Minera Huallaga por contaminaci\u00f3n y da\u00f1os ambientales\",\"datePublished\":\"2024-12-21T17:29:01+00:00\",\"dateModified\":\"2024-12-21T17:42:16+00:00\",\"mainEntityOfPage\":{\"@id\":\"https:\\\/\\\/pulso27.com\\\/actualidad\\\/pobladores-de-alto-huallaga-expulsan-a-minera-huallaga-por-contaminacion-y-danos-ambientales\\\/\"},\"wordCount\":918,\"commentCount\":0,\"publisher\":{\"@id\":\"https:\\\/\\\/pulso27.com\\\/en\\\/#organization\"},\"image\":{\"@id\":\"https:\\\/\\\/pulso27.com\\\/actualidad\\\/pobladores-de-alto-huallaga-expulsan-a-minera-huallaga-por-contaminacion-y-danos-ambientales\\\/#primaryimage\"},\"thumbnailUrl\":\"https:\\\/\\\/pulso27.com\\\/wp-content\\\/uploads\\\/2024\\\/12\\\/Huallaga.png\",\"keywords\":[\"AltoHuallaga\",\"Contaminaci\u00f3nMinera\",\"Huallaga\",\"Minera\"],\"articleSection\":[\"Actualidad\",\"Regional\",\"Sociedad\"],\"inLanguage\":\"en-US\",\"potentialAction\":[{\"@type\":\"CommentAction\",\"name\":\"Comment\",\"target\":[\"https:\\\/\\\/pulso27.com\\\/actualidad\\\/pobladores-de-alto-huallaga-expulsan-a-minera-huallaga-por-contaminacion-y-danos-ambientales\\\/#respond\"]}]},{\"@type\":\"WebPage\",\"@id\":\"https:\\\/\\\/pulso27.com\\\/actualidad\\\/pobladores-de-alto-huallaga-expulsan-a-minera-huallaga-por-contaminacion-y-danos-ambientales\\\/\",\"url\":\"https:\\\/\\\/pulso27.com\\\/actualidad\\\/pobladores-de-alto-huallaga-expulsan-a-minera-huallaga-por-contaminacion-y-danos-ambientales\\\/\",\"name\":\"Pobladores de Alto Huallaga expulsan a Minera Huallaga por contaminaci\u00f3n y da\u00f1os ambientales - Pulso27\",\"isPartOf\":{\"@id\":\"https:\\\/\\\/pulso27.com\\\/en\\\/#website\"},\"primaryImageOfPage\":{\"@id\":\"https:\\\/\\\/pulso27.com\\\/actualidad\\\/pobladores-de-alto-huallaga-expulsan-a-minera-huallaga-por-contaminacion-y-danos-ambientales\\\/#primaryimage\"},\"image\":{\"@id\":\"https:\\\/\\\/pulso27.com\\\/actualidad\\\/pobladores-de-alto-huallaga-expulsan-a-minera-huallaga-por-contaminacion-y-danos-ambientales\\\/#primaryimage\"},\"thumbnailUrl\":\"https:\\\/\\\/pulso27.com\\\/wp-content\\\/uploads\\\/2024\\\/12\\\/Huallaga.png\",\"datePublished\":\"2024-12-21T17:29:01+00:00\",\"dateModified\":\"2024-12-21T17:42:16+00:00\",\"breadcrumb\":{\"@id\":\"https:\\\/\\\/pulso27.com\\\/actualidad\\\/pobladores-de-alto-huallaga-expulsan-a-minera-huallaga-por-contaminacion-y-danos-ambientales\\\/#breadcrumb\"},\"inLanguage\":\"en-US\",\"potentialAction\":[{\"@type\":\"ReadAction\",\"target\":[\"https:\\\/\\\/pulso27.com\\\/actualidad\\\/pobladores-de-alto-huallaga-expulsan-a-minera-huallaga-por-contaminacion-y-danos-ambientales\\\/\"]}]},{\"@type\":\"ImageObject\",\"inLanguage\":\"en-US\",\"@id\":\"https:\\\/\\\/pulso27.com\\\/actualidad\\\/pobladores-de-alto-huallaga-expulsan-a-minera-huallaga-por-contaminacion-y-danos-ambientales\\\/#primaryimage\",\"url\":\"https:\\\/\\\/pulso27.com\\\/wp-content\\\/uploads\\\/2024\\\/12\\\/Huallaga.png\",\"contentUrl\":\"https:\\\/\\\/pulso27.com\\\/wp-content\\\/uploads\\\/2024\\\/12\\\/Huallaga.png\",\"width\":1366,\"height\":768},{\"@type\":\"BreadcrumbList\",\"@id\":\"https:\\\/\\\/pulso27.com\\\/actualidad\\\/pobladores-de-alto-huallaga-expulsan-a-minera-huallaga-por-contaminacion-y-danos-ambientales\\\/#breadcrumb\",\"itemListElement\":[{\"@type\":\"ListItem\",\"position\":1,\"name\":\"Portada\",\"item\":\"https:\\\/\\\/pulso27.com\\\/\"},{\"@type\":\"ListItem\",\"position\":2,\"name\":\"Pobladores de Alto Huallaga expulsan a Minera Huallaga por contaminaci\u00f3n y da\u00f1os ambientales\"}]},{\"@type\":\"WebSite\",\"@id\":\"https:\\\/\\\/pulso27.com\\\/en\\\/#website\",\"url\":\"https:\\\/\\\/pulso27.com\\\/en\\\/\",\"name\":\"Pulso27\",\"description\":\"Web de noticias y publicidad\",\"publisher\":{\"@id\":\"https:\\\/\\\/pulso27.com\\\/en\\\/#organization\"},\"alternateName\":\"El pulso del pueblo\",\"potentialAction\":[{\"@type\":\"SearchAction\",\"target\":{\"@type\":\"EntryPoint\",\"urlTemplate\":\"https:\\\/\\\/pulso27.com\\\/en\\\/?s={search_term_string}\"},\"query-input\":{\"@type\":\"PropertyValueSpecification\",\"valueRequired\":true,\"valueName\":\"search_term_string\"}}],\"inLanguage\":\"en-US\"},{\"@type\":\"Organization\",\"@id\":\"https:\\\/\\\/pulso27.com\\\/en\\\/#organization\",\"name\":\"Pulso27\",\"url\":\"https:\\\/\\\/pulso27.com\\\/en\\\/\",\"logo\":{\"@type\":\"ImageObject\",\"inLanguage\":\"en-US\",\"@id\":\"https:\\\/\\\/pulso27.com\\\/en\\\/#\\\/schema\\\/logo\\\/image\\\/\",\"url\":\"https:\\\/\\\/pulso27.com\\\/wp-content\\\/uploads\\\/2026\\\/02\\\/Logotipo-de-la-organizacion-696-x-696-px-ok.png\",\"contentUrl\":\"https:\\\/\\\/pulso27.com\\\/wp-content\\\/uploads\\\/2026\\\/02\\\/Logotipo-de-la-organizacion-696-x-696-px-ok.png\",\"width\":696,\"height\":696,\"caption\":\"Pulso27\"},\"image\":{\"@id\":\"https:\\\/\\\/pulso27.com\\\/en\\\/#\\\/schema\\\/logo\\\/image\\\/\"},\"sameAs\":[\"https:\\\/\\\/www.facebook.com\\\/pulso27\\\/\",\"https:\\\/\\\/x.com\\\/Pulso_27\",\"https:\\\/\\\/www.youtube.com\\\/@Pulso27\",\"https:\\\/\\\/www.tiktok.com\\\/@pulso_27\"]},{\"@type\":\"Person\",\"@id\":\"https:\\\/\\\/pulso27.com\\\/en\\\/#\\\/schema\\\/person\\\/d20fd7f5bc7f2e53fd150d43fca07a78\",\"name\":\"Tupaq\",\"image\":{\"@type\":\"ImageObject\",\"inLanguage\":\"en-US\",\"@id\":\"https:\\\/\\\/secure.gravatar.com\\\/avatar\\\/7929e9b034aeea560319a601e4f04c59eb5f45a79eafe192adabb67e9604e7e7?s=96&d=mm&r=g\",\"url\":\"https:\\\/\\\/secure.gravatar.com\\\/avatar\\\/7929e9b034aeea560319a601e4f04c59eb5f45a79eafe192adabb67e9604e7e7?s=96&d=mm&r=g\",\"contentUrl\":\"https:\\\/\\\/secure.gravatar.com\\\/avatar\\\/7929e9b034aeea560319a601e4f04c59eb5f45a79eafe192adabb67e9604e7e7?s=96&d=mm&r=g\",\"caption\":\"Tupaq\"},\"url\":\"https:\\\/\\\/pulso27.com\\\/en\\\/author\\\/tupaq\\\/\"}]}<\/script>\n<!-- \/ Yoast SEO plugin. -->","yoast_head_json":{"title":"Pobladores de Alto Huallaga expulsan a Minera Huallaga por contaminaci\u00f3n y da\u00f1os ambientales - Pulso27","robots":{"index":"index","follow":"follow","max-snippet":"max-snippet:-1","max-image-preview":"max-image-preview:large","max-video-preview":"max-video-preview:-1"},"canonical":"https:\/\/pulso27.com\/en\/actualidad\/pobladores-de-alto-huallaga-expulsan-a-minera-huallaga-por-contaminacion-y-danos-ambientales\/","og_locale":"en_US","og_type":"article","og_title":"Pobladores de Alto Huallaga expulsan a Minera Huallaga por contaminaci\u00f3n y da\u00f1os ambientales - Pulso27","og_description":"La lucha por la supervivencia de los ecosistemas y la salud de miles de personas en la provincia de Leoncio Prado, Hu\u00e1nuco, dio un giro dr\u00e1stico esta semana, cuando los pobladores de Santo Domingo de Anda y Pueblo Nuevo decidieron tomar la justicia en sus propias manos ante la inacci\u00f3n del Estado. En un acto [&hellip;]","og_url":"https:\/\/pulso27.com\/en\/actualidad\/pobladores-de-alto-huallaga-expulsan-a-minera-huallaga-por-contaminacion-y-danos-ambientales\/","og_site_name":"Pulso27","article_publisher":"https:\/\/www.facebook.com\/pulso27\/","article_published_time":"2024-12-21T17:29:01+00:00","article_modified_time":"2024-12-21T17:42:16+00:00","og_image":[{"width":1024,"height":576,"url":"https:\/\/pulso27.com\/wp-content\/uploads\/2024\/12\/Huallaga-1024x576.png","type":"image\/png"}],"author":"Tupaq","twitter_card":"summary_large_image","twitter_creator":"@Pulso_27","twitter_site":"@Pulso_27","twitter_misc":{"Written by":"Tupaq","Est. reading time":"5 minutes"},"schema":{"@context":"https:\/\/schema.org","@graph":[{"@type":"Article","@id":"https:\/\/pulso27.com\/actualidad\/pobladores-de-alto-huallaga-expulsan-a-minera-huallaga-por-contaminacion-y-danos-ambientales\/#article","isPartOf":{"@id":"https:\/\/pulso27.com\/actualidad\/pobladores-de-alto-huallaga-expulsan-a-minera-huallaga-por-contaminacion-y-danos-ambientales\/"},"author":{"name":"Tupaq","@id":"https:\/\/pulso27.com\/en\/#\/schema\/person\/d20fd7f5bc7f2e53fd150d43fca07a78"},"headline":"Pobladores de Alto Huallaga expulsan a Minera Huallaga por contaminaci\u00f3n y da\u00f1os ambientales","datePublished":"2024-12-21T17:29:01+00:00","dateModified":"2024-12-21T17:42:16+00:00","mainEntityOfPage":{"@id":"https:\/\/pulso27.com\/actualidad\/pobladores-de-alto-huallaga-expulsan-a-minera-huallaga-por-contaminacion-y-danos-ambientales\/"},"wordCount":918,"commentCount":0,"publisher":{"@id":"https:\/\/pulso27.com\/en\/#organization"},"image":{"@id":"https:\/\/pulso27.com\/actualidad\/pobladores-de-alto-huallaga-expulsan-a-minera-huallaga-por-contaminacion-y-danos-ambientales\/#primaryimage"},"thumbnailUrl":"https:\/\/pulso27.com\/wp-content\/uploads\/2024\/12\/Huallaga.png","keywords":["AltoHuallaga","Contaminaci\u00f3nMinera","Huallaga","Minera"],"articleSection":["Actualidad","Regional","Sociedad"],"inLanguage":"en-US","potentialAction":[{"@type":"CommentAction","name":"Comment","target":["https:\/\/pulso27.com\/actualidad\/pobladores-de-alto-huallaga-expulsan-a-minera-huallaga-por-contaminacion-y-danos-ambientales\/#respond"]}]},{"@type":"WebPage","@id":"https:\/\/pulso27.com\/actualidad\/pobladores-de-alto-huallaga-expulsan-a-minera-huallaga-por-contaminacion-y-danos-ambientales\/","url":"https:\/\/pulso27.com\/actualidad\/pobladores-de-alto-huallaga-expulsan-a-minera-huallaga-por-contaminacion-y-danos-ambientales\/","name":"Pobladores de Alto Huallaga expulsan a Minera Huallaga por contaminaci\u00f3n y da\u00f1os ambientales - Pulso27","isPartOf":{"@id":"https:\/\/pulso27.com\/en\/#website"},"primaryImageOfPage":{"@id":"https:\/\/pulso27.com\/actualidad\/pobladores-de-alto-huallaga-expulsan-a-minera-huallaga-por-contaminacion-y-danos-ambientales\/#primaryimage"},"image":{"@id":"https:\/\/pulso27.com\/actualidad\/pobladores-de-alto-huallaga-expulsan-a-minera-huallaga-por-contaminacion-y-danos-ambientales\/#primaryimage"},"thumbnailUrl":"https:\/\/pulso27.com\/wp-content\/uploads\/2024\/12\/Huallaga.png","datePublished":"2024-12-21T17:29:01+00:00","dateModified":"2024-12-21T17:42:16+00:00","breadcrumb":{"@id":"https:\/\/pulso27.com\/actualidad\/pobladores-de-alto-huallaga-expulsan-a-minera-huallaga-por-contaminacion-y-danos-ambientales\/#breadcrumb"},"inLanguage":"en-US","potentialAction":[{"@type":"ReadAction","target":["https:\/\/pulso27.com\/actualidad\/pobladores-de-alto-huallaga-expulsan-a-minera-huallaga-por-contaminacion-y-danos-ambientales\/"]}]},{"@type":"ImageObject","inLanguage":"en-US","@id":"https:\/\/pulso27.com\/actualidad\/pobladores-de-alto-huallaga-expulsan-a-minera-huallaga-por-contaminacion-y-danos-ambientales\/#primaryimage","url":"https:\/\/pulso27.com\/wp-content\/uploads\/2024\/12\/Huallaga.png","contentUrl":"https:\/\/pulso27.com\/wp-content\/uploads\/2024\/12\/Huallaga.png","width":1366,"height":768},{"@type":"BreadcrumbList","@id":"https:\/\/pulso27.com\/actualidad\/pobladores-de-alto-huallaga-expulsan-a-minera-huallaga-por-contaminacion-y-danos-ambientales\/#breadcrumb","itemListElement":[{"@type":"ListItem","position":1,"name":"Portada","item":"https:\/\/pulso27.com\/"},{"@type":"ListItem","position":2,"name":"Pobladores de Alto Huallaga expulsan a Minera Huallaga por contaminaci\u00f3n y da\u00f1os ambientales"}]},{"@type":"WebSite","@id":"https:\/\/pulso27.com\/en\/#website","url":"https:\/\/pulso27.com\/en\/","name":"Pulso27","description":"Web de noticias y publicidad","publisher":{"@id":"https:\/\/pulso27.com\/en\/#organization"},"alternateName":"El pulso del pueblo","potentialAction":[{"@type":"SearchAction","target":{"@type":"EntryPoint","urlTemplate":"https:\/\/pulso27.com\/en\/?s={search_term_string}"},"query-input":{"@type":"PropertyValueSpecification","valueRequired":true,"valueName":"search_term_string"}}],"inLanguage":"en-US"},{"@type":"Organization","@id":"https:\/\/pulso27.com\/en\/#organization","name":"Pulso27","url":"https:\/\/pulso27.com\/en\/","logo":{"@type":"ImageObject","inLanguage":"en-US","@id":"https:\/\/pulso27.com\/en\/#\/schema\/logo\/image\/","url":"https:\/\/pulso27.com\/wp-content\/uploads\/2026\/02\/Logotipo-de-la-organizacion-696-x-696-px-ok.png","contentUrl":"https:\/\/pulso27.com\/wp-content\/uploads\/2026\/02\/Logotipo-de-la-organizacion-696-x-696-px-ok.png","width":696,"height":696,"caption":"Pulso27"},"image":{"@id":"https:\/\/pulso27.com\/en\/#\/schema\/logo\/image\/"},"sameAs":["https:\/\/www.facebook.com\/pulso27\/","https:\/\/x.com\/Pulso_27","https:\/\/www.youtube.com\/@Pulso27","https:\/\/www.tiktok.com\/@pulso_27"]},{"@type":"Person","@id":"https:\/\/pulso27.com\/en\/#\/schema\/person\/d20fd7f5bc7f2e53fd150d43fca07a78","name":"Tupaq","image":{"@type":"ImageObject","inLanguage":"en-US","@id":"https:\/\/secure.gravatar.com\/avatar\/7929e9b034aeea560319a601e4f04c59eb5f45a79eafe192adabb67e9604e7e7?s=96&d=mm&r=g","url":"https:\/\/secure.gravatar.com\/avatar\/7929e9b034aeea560319a601e4f04c59eb5f45a79eafe192adabb67e9604e7e7?s=96&d=mm&r=g","contentUrl":"https:\/\/secure.gravatar.com\/avatar\/7929e9b034aeea560319a601e4f04c59eb5f45a79eafe192adabb67e9604e7e7?s=96&d=mm&r=g","caption":"Tupaq"},"url":"https:\/\/pulso27.com\/en\/author\/tupaq\/"}]}},"amp_enabled":true,"_links":{"self":[{"href":"https:\/\/pulso27.com\/en\/wp-json\/wp\/v2\/posts\/3204","targetHints":{"allow":["GET"]}}],"collection":[{"href":"https:\/\/pulso27.com\/en\/wp-json\/wp\/v2\/posts"}],"about":[{"href":"https:\/\/pulso27.com\/en\/wp-json\/wp\/v2\/types\/post"}],"author":[{"embeddable":true,"href":"https:\/\/pulso27.com\/en\/wp-json\/wp\/v2\/users\/7"}],"replies":[{"embeddable":true,"href":"https:\/\/pulso27.com\/en\/wp-json\/wp\/v2\/comments?post=3204"}],"version-history":[{"count":2,"href":"https:\/\/pulso27.com\/en\/wp-json\/wp\/v2\/posts\/3204\/revisions"}],"predecessor-version":[{"id":3215,"href":"https:\/\/pulso27.com\/en\/wp-json\/wp\/v2\/posts\/3204\/revisions\/3215"}],"wp:featuredmedia":[{"embeddable":true,"href":"https:\/\/pulso27.com\/en\/wp-json\/wp\/v2\/media\/3205"}],"wp:attachment":[{"href":"https:\/\/pulso27.com\/en\/wp-json\/wp\/v2\/media?parent=3204"}],"wp:term":[{"taxonomy":"category","embeddable":true,"href":"https:\/\/pulso27.com\/en\/wp-json\/wp\/v2\/categories?post=3204"},{"taxonomy":"post_tag","embeddable":true,"href":"https:\/\/pulso27.com\/en\/wp-json\/wp\/v2\/tags?post=3204"}],"curies":[{"name":"wp","href":"https:\/\/api.w.org\/{rel}","templated":true}]}}