{"id":3216,"date":"2024-12-22T08:19:09","date_gmt":"2024-12-22T03:19:09","guid":{"rendered":"https:\/\/pulso27.com\/?p=3216"},"modified":"2024-12-22T08:19:17","modified_gmt":"2024-12-22T03:19:17","slug":"escandalo-en-el-congreso-red-de-prostitucion-y-asesinato-de-andrea-vidal-salpican-a-cesar-acuna","status":"publish","type":"post","link":"https:\/\/pulso27.com\/en\/actualidad\/escandalo-en-el-congreso-red-de-prostitucion-y-asesinato-de-andrea-vidal-salpican-a-cesar-acuna\/","title":{"rendered":"Esc\u00e1ndalo en el Congreso: Red de prostituci\u00f3n y asesinato de Andrea Vidal salpican a C\u00e9sar Acu\u00f1a"},"content":{"rendered":"<p>El Congreso de la Rep\u00fablica del Per\u00fa enfrenta un nuevo esc\u00e1ndalo tras la revelaci\u00f3n de una presunta red de prostituci\u00f3n que operar\u00eda desde el interior del Legislativo. Un reportaje reciente se\u00f1ala a Jorge Torres Saravia, exjefe de la Oficina Legal y Constitucional, como el presunto cabecilla de esta red. Su cercana relaci\u00f3n con C\u00e9sar Acu\u00f1a, l\u00edder de Alianza para el Progreso (APP), ha colocado a este partido en el centro de la pol\u00e9mica, afectando tambi\u00e9n la imagen del Congreso, donde Eduardo Salhuana, miembro destacado de APP, preside la Mesa Directiva.<\/p>\n\n\n\n<p>El asesinato de Andrea Vidal G\u00f3mez, una abogada de 27 a\u00f1os vinculada a estas denuncias, ha agravado las sospechas. Vidal fue atacada por sicarios que dispararon 39 veces contra el veh\u00edculo en el que viajaba. Tras una semana en estado cr\u00edtico, falleci\u00f3, convirti\u00e9ndose en una pieza clave en las investigaciones. Seg\u00fan el reportaje, Vidal habr\u00eda sido obligada a participar en las actividades il\u00edcitas y podr\u00eda haber sido silenciada para evitar que brindara testimonio.<\/p>\n\n\n\n<figure class=\"wp-block-image size-full\"><img loading=\"lazy\" decoding=\"async\" width=\"992\" height=\"661\" src=\"https:\/\/pulso27.com\/wp-content\/uploads\/2024\/12\/image-60.png\" alt=\"\" class=\"wp-image-3221\" srcset=\"https:\/\/pulso27.com\/wp-content\/uploads\/2024\/12\/image-60.png 992w, https:\/\/pulso27.com\/wp-content\/uploads\/2024\/12\/image-60-300x200.png 300w, https:\/\/pulso27.com\/wp-content\/uploads\/2024\/12\/image-60-768x512.png 768w, https:\/\/pulso27.com\/wp-content\/uploads\/2024\/12\/image-60-18x12.png 18w\" sizes=\"auto, (max-width: 992px) 100vw, 992px\" \/><figcaption class=\"wp-element-caption\"><em>Luis Valdez, secretario general de Alianza para el Progreso (APP) trata de negar la vinculaci\u00f3n con C\u00e9sar Acu\u00f1a y APP<\/em><\/figcaption><\/figure>\n\n\n\n<p>De acuerdo con el Semanario Hildebrandt en sus Trece, el esc\u00e1ndalo incluye pruebas contundentes, como chats de WhatsApp entre Torres Saravia y su sucesor en la Oficina Legal, Jos\u00e9 Rubio Preciado. En estas conversaciones se detallan aspectos del presunto control sobre la red, incluyendo referencias a la explotaci\u00f3n de mujeres y eventos privados con funcionarios del Congreso. Adem\u00e1s, se han registrado grabaciones y fotograf\u00edas de estos encuentros en situaciones comprometedoras.<\/p>\n\n\n\n<p>Torres Saravia, identificado como un hombre de confianza de Acu\u00f1a, renunci\u00f3 a su cargo en marzo, aunque continu\u00f3 ejerciendo influencia en el Legislativo. Por su parte, C\u00e9sar Acu\u00f1a ha negado cualquier v\u00ednculo con los hechos, calificando las acusaciones como un intento de da\u00f1ar su reputaci\u00f3n y la de APP. Sin embargo, su liderazgo enfrenta un creciente rechazo popular. En su rol como gobernador de La Libertad, ha sido increpado por ciudadanos descontentos con su gesti\u00f3n frente a la delincuencia. Durante una reciente visita al aeropuerto Carlos Mart\u00ednez de Trujillo, fue abucheado al grito de: \u201cNos matan todos los d\u00edas y nunca haces nada\u201d.<\/p>\n\n\n\n<p>La situaci\u00f3n tambi\u00e9n ha generado fisuras en las alianzas pol\u00edticas de APP dentro del Congreso. Partidos como Fuerza Popular, Avanza Pa\u00eds, Per\u00fa Libre y Somos Per\u00fa han optado por distanciarse, evitando una defensa abierta de Acu\u00f1a ante la creciente evidencia en su contra. Este aislamiento llega en un momento cr\u00edtico, con los pr\u00f3ximos procesos electorales a la vuelta de la esquina.<\/p>\n\n\n\n<figure class=\"wp-block-image size-full\"><img loading=\"lazy\" decoding=\"async\" width=\"992\" height=\"558\" src=\"https:\/\/pulso27.com\/wp-content\/uploads\/2024\/12\/image-59.png\" alt=\"\" class=\"wp-image-3219\" srcset=\"https:\/\/pulso27.com\/wp-content\/uploads\/2024\/12\/image-59.png 992w, https:\/\/pulso27.com\/wp-content\/uploads\/2024\/12\/image-59-300x169.png 300w, https:\/\/pulso27.com\/wp-content\/uploads\/2024\/12\/image-59-768x432.png 768w, https:\/\/pulso27.com\/wp-content\/uploads\/2024\/12\/image-59-18x10.png 18w\" sizes=\"auto, (max-width: 992px) 100vw, 992px\" \/><figcaption class=\"wp-element-caption\"><em>Alcalde de Lima, Rafael L\u00f3pez Aliaga, ha exigido una investigaci\u00f3n exhaustiva<\/em><\/figcaption><\/figure>\n\n\n\n<p>Incluso, un cercado a la alianza congresal que gobierno como el alcalde de Lima, Rafael L\u00f3pez Aliaga, ha exigido una investigaci\u00f3n exhaustiva sobre el asesinato de Vidal. \u201cEsto no puede quedar impune. Es inaceptable que una joven vinculada al Congreso termine asesinada por sicarios. Esto huele a encubrimiento y corrupci\u00f3n en los m\u00e1s altos niveles\u201d, declar\u00f3.<\/p>\n\n\n\n<p>Por otro lado, Luis Valdez, secretario general de APP, ha negado categ\u00f3ricamente cualquier relaci\u00f3n del partido con los hechos denunciados, aunque admiti\u00f3 conocer a Torres Saravia. Estas declaraciones han sido recibidas con escepticismo por la ciudadan\u00eda debido a la conocida cercan\u00eda entre Torres y la dirigencia del partido.<\/p>\n\n\n\n<p>La Mesa Directiva del Congreso tambi\u00e9n ha sido criticada por ignorar denuncias previas al asesinato de Vidal. Diversos colectivos y organismos de derechos humanos han exigido acciones inmediatas para esclarecer los hechos y sancionar a los responsables.<\/p>\n\n\n\n<p>Por su parte, el Ministerio P\u00fablico ha anunciado el inicio de una investigaci\u00f3n exhaustiva. Sin embargo, la opini\u00f3n p\u00fablica exige resultados concretos y no solo promesas. Este nuevo esc\u00e1ndalo profundiza el descr\u00e9dito del Congreso, debilitando a\u00fan m\u00e1s su ya fr\u00e1gil legitimidad ante la ciudadan\u00eda.<\/p>","protected":false},"excerpt":{"rendered":"<p>El Congreso de la Rep\u00fablica del Per\u00fa enfrenta un nuevo esc\u00e1ndalo tras la revelaci\u00f3n de una presunta red de prostituci\u00f3n que operar\u00eda desde el interior del Legislativo. Un reportaje reciente se\u00f1ala a Jorge Torres Saravia, exjefe de la Oficina Legal y Constitucional, como el presunto cabecilla de esta red. Su cercana relaci\u00f3n con C\u00e9sar Acu\u00f1a, [&hellip;]<\/p>\n","protected":false},"author":7,"featured_media":3217,"comment_status":"open","ping_status":"open","sticky":false,"template":"","format":"standard","meta":{"footnotes":""},"categories":[183,808,174],"tags":[455,1960,1956,614],"class_list":["post-3216","post","type-post","status-publish","format-standard","has-post-thumbnail","hentry","category-actualidad","category-educacion","category-nacional","tag-app","tag-cesaracuna-2","tag-congresodelarepublica","tag-escandalo"],"yoast_head":"<!-- This site is optimized with the Yoast SEO plugin v27.4 - https:\/\/yoast.com\/product\/yoast-seo-wordpress\/ -->\n<title>Esc\u00e1ndalo en el Congreso: Red de prostituci\u00f3n y asesinato de Andrea Vidal salpican a C\u00e9sar Acu\u00f1a - Pulso27<\/title>\n<meta name=\"robots\" content=\"index, follow, max-snippet:-1, max-image-preview:large, max-video-preview:-1\" \/>\n<link rel=\"canonical\" href=\"https:\/\/pulso27.com\/en\/nacional\/escandalo-en-el-congreso-red-de-prostitucion-y-asesinato-de-andrea-vidal-salpican-a-cesar-acuna\/\" \/>\n<meta property=\"og:locale\" content=\"en_US\" \/>\n<meta property=\"og:type\" content=\"article\" \/>\n<meta property=\"og:title\" content=\"Esc\u00e1ndalo en el Congreso: Red de prostituci\u00f3n y asesinato de Andrea Vidal salpican a C\u00e9sar Acu\u00f1a - Pulso27\" \/>\n<meta property=\"og:description\" content=\"El Congreso de la Rep\u00fablica del Per\u00fa enfrenta un nuevo esc\u00e1ndalo tras la revelaci\u00f3n de una presunta red de prostituci\u00f3n que operar\u00eda desde el interior del Legislativo. Un reportaje reciente se\u00f1ala a Jorge Torres Saravia, exjefe de la Oficina Legal y Constitucional, como el presunto cabecilla de esta red. Su cercana relaci\u00f3n con C\u00e9sar Acu\u00f1a, [&hellip;]\" \/>\n<meta property=\"og:url\" content=\"https:\/\/pulso27.com\/en\/nacional\/escandalo-en-el-congreso-red-de-prostitucion-y-asesinato-de-andrea-vidal-salpican-a-cesar-acuna\/\" \/>\n<meta property=\"og:site_name\" content=\"Pulso27\" \/>\n<meta property=\"article:publisher\" content=\"https:\/\/www.facebook.com\/pulso27\/\" \/>\n<meta property=\"article:published_time\" content=\"2024-12-22T03:19:09+00:00\" \/>\n<meta property=\"article:modified_time\" content=\"2024-12-22T03:19:17+00:00\" \/>\n<meta property=\"og:image\" content=\"https:\/\/pulso27.com\/wp-content\/uploads\/2024\/12\/Acuna.png\" \/>\n\t<meta property=\"og:image:width\" content=\"1366\" \/>\n\t<meta property=\"og:image:height\" content=\"768\" \/>\n\t<meta property=\"og:image:type\" content=\"image\/png\" \/>\n<meta name=\"author\" content=\"Tupaq\" \/>\n<meta name=\"twitter:card\" content=\"summary_large_image\" \/>\n<meta name=\"twitter:creator\" content=\"@Pulso_27\" \/>\n<meta name=\"twitter:site\" content=\"@Pulso_27\" \/>\n<meta name=\"twitter:label1\" content=\"Written by\" \/>\n\t<meta name=\"twitter:data1\" content=\"Tupaq\" \/>\n\t<meta name=\"twitter:label2\" content=\"Est. reading time\" \/>\n\t<meta name=\"twitter:data2\" content=\"4 minutes\" \/>\n<script type=\"application\/ld+json\" class=\"yoast-schema-graph\">{\"@context\":\"https:\\\/\\\/schema.org\",\"@graph\":[{\"@type\":\"Article\",\"@id\":\"https:\\\/\\\/pulso27.com\\\/nacional\\\/escandalo-en-el-congreso-red-de-prostitucion-y-asesinato-de-andrea-vidal-salpican-a-cesar-acuna\\\/#article\",\"isPartOf\":{\"@id\":\"https:\\\/\\\/pulso27.com\\\/nacional\\\/escandalo-en-el-congreso-red-de-prostitucion-y-asesinato-de-andrea-vidal-salpican-a-cesar-acuna\\\/\"},\"author\":{\"name\":\"Tupaq\",\"@id\":\"https:\\\/\\\/pulso27.com\\\/en\\\/#\\\/schema\\\/person\\\/d20fd7f5bc7f2e53fd150d43fca07a78\"},\"headline\":\"Esc\u00e1ndalo en el Congreso: Red de prostituci\u00f3n y asesinato de Andrea Vidal salpican a C\u00e9sar Acu\u00f1a\",\"datePublished\":\"2024-12-22T03:19:09+00:00\",\"dateModified\":\"2024-12-22T03:19:17+00:00\",\"mainEntityOfPage\":{\"@id\":\"https:\\\/\\\/pulso27.com\\\/nacional\\\/escandalo-en-el-congreso-red-de-prostitucion-y-asesinato-de-andrea-vidal-salpican-a-cesar-acuna\\\/\"},\"wordCount\":696,\"commentCount\":0,\"publisher\":{\"@id\":\"https:\\\/\\\/pulso27.com\\\/en\\\/#organization\"},\"image\":{\"@id\":\"https:\\\/\\\/pulso27.com\\\/nacional\\\/escandalo-en-el-congreso-red-de-prostitucion-y-asesinato-de-andrea-vidal-salpican-a-cesar-acuna\\\/#primaryimage\"},\"thumbnailUrl\":\"https:\\\/\\\/pulso27.com\\\/wp-content\\\/uploads\\\/2024\\\/12\\\/Acuna.png\",\"keywords\":[\"APP\",\"C\u00e9sarAcu\u00f1a\",\"CongresoDeLaRep\u00fablica\",\"Esc\u00e1ndalo\"],\"articleSection\":[\"Actualidad\",\"Educaci\u00f3n\",\"Nacional\"],\"inLanguage\":\"en-US\",\"potentialAction\":[{\"@type\":\"CommentAction\",\"name\":\"Comment\",\"target\":[\"https:\\\/\\\/pulso27.com\\\/nacional\\\/escandalo-en-el-congreso-red-de-prostitucion-y-asesinato-de-andrea-vidal-salpican-a-cesar-acuna\\\/#respond\"]}]},{\"@type\":\"WebPage\",\"@id\":\"https:\\\/\\\/pulso27.com\\\/nacional\\\/escandalo-en-el-congreso-red-de-prostitucion-y-asesinato-de-andrea-vidal-salpican-a-cesar-acuna\\\/\",\"url\":\"https:\\\/\\\/pulso27.com\\\/nacional\\\/escandalo-en-el-congreso-red-de-prostitucion-y-asesinato-de-andrea-vidal-salpican-a-cesar-acuna\\\/\",\"name\":\"Esc\u00e1ndalo en el Congreso: Red de prostituci\u00f3n y asesinato de Andrea Vidal salpican a C\u00e9sar Acu\u00f1a - Pulso27\",\"isPartOf\":{\"@id\":\"https:\\\/\\\/pulso27.com\\\/en\\\/#website\"},\"primaryImageOfPage\":{\"@id\":\"https:\\\/\\\/pulso27.com\\\/nacional\\\/escandalo-en-el-congreso-red-de-prostitucion-y-asesinato-de-andrea-vidal-salpican-a-cesar-acuna\\\/#primaryimage\"},\"image\":{\"@id\":\"https:\\\/\\\/pulso27.com\\\/nacional\\\/escandalo-en-el-congreso-red-de-prostitucion-y-asesinato-de-andrea-vidal-salpican-a-cesar-acuna\\\/#primaryimage\"},\"thumbnailUrl\":\"https:\\\/\\\/pulso27.com\\\/wp-content\\\/uploads\\\/2024\\\/12\\\/Acuna.png\",\"datePublished\":\"2024-12-22T03:19:09+00:00\",\"dateModified\":\"2024-12-22T03:19:17+00:00\",\"breadcrumb\":{\"@id\":\"https:\\\/\\\/pulso27.com\\\/nacional\\\/escandalo-en-el-congreso-red-de-prostitucion-y-asesinato-de-andrea-vidal-salpican-a-cesar-acuna\\\/#breadcrumb\"},\"inLanguage\":\"en-US\",\"potentialAction\":[{\"@type\":\"ReadAction\",\"target\":[\"https:\\\/\\\/pulso27.com\\\/nacional\\\/escandalo-en-el-congreso-red-de-prostitucion-y-asesinato-de-andrea-vidal-salpican-a-cesar-acuna\\\/\"]}]},{\"@type\":\"ImageObject\",\"inLanguage\":\"en-US\",\"@id\":\"https:\\\/\\\/pulso27.com\\\/nacional\\\/escandalo-en-el-congreso-red-de-prostitucion-y-asesinato-de-andrea-vidal-salpican-a-cesar-acuna\\\/#primaryimage\",\"url\":\"https:\\\/\\\/pulso27.com\\\/wp-content\\\/uploads\\\/2024\\\/12\\\/Acuna.png\",\"contentUrl\":\"https:\\\/\\\/pulso27.com\\\/wp-content\\\/uploads\\\/2024\\\/12\\\/Acuna.png\",\"width\":1366,\"height\":768,\"caption\":\"Esc\u00e1ndalo del Congreso de la Rep\u00fablica salpicar\u00eda al l\u00edder de APP\"},{\"@type\":\"BreadcrumbList\",\"@id\":\"https:\\\/\\\/pulso27.com\\\/nacional\\\/escandalo-en-el-congreso-red-de-prostitucion-y-asesinato-de-andrea-vidal-salpican-a-cesar-acuna\\\/#breadcrumb\",\"itemListElement\":[{\"@type\":\"ListItem\",\"position\":1,\"name\":\"Portada\",\"item\":\"https:\\\/\\\/pulso27.com\\\/\"},{\"@type\":\"ListItem\",\"position\":2,\"name\":\"Esc\u00e1ndalo en el Congreso: Red de prostituci\u00f3n y asesinato de Andrea Vidal salpican a C\u00e9sar Acu\u00f1a\"}]},{\"@type\":\"WebSite\",\"@id\":\"https:\\\/\\\/pulso27.com\\\/en\\\/#website\",\"url\":\"https:\\\/\\\/pulso27.com\\\/en\\\/\",\"name\":\"Pulso27\",\"description\":\"Web de noticias y publicidad\",\"publisher\":{\"@id\":\"https:\\\/\\\/pulso27.com\\\/en\\\/#organization\"},\"alternateName\":\"El pulso del pueblo\",\"potentialAction\":[{\"@type\":\"SearchAction\",\"target\":{\"@type\":\"EntryPoint\",\"urlTemplate\":\"https:\\\/\\\/pulso27.com\\\/en\\\/?s={search_term_string}\"},\"query-input\":{\"@type\":\"PropertyValueSpecification\",\"valueRequired\":true,\"valueName\":\"search_term_string\"}}],\"inLanguage\":\"en-US\"},{\"@type\":\"Organization\",\"@id\":\"https:\\\/\\\/pulso27.com\\\/en\\\/#organization\",\"name\":\"Pulso27\",\"url\":\"https:\\\/\\\/pulso27.com\\\/en\\\/\",\"logo\":{\"@type\":\"ImageObject\",\"inLanguage\":\"en-US\",\"@id\":\"https:\\\/\\\/pulso27.com\\\/en\\\/#\\\/schema\\\/logo\\\/image\\\/\",\"url\":\"https:\\\/\\\/pulso27.com\\\/wp-content\\\/uploads\\\/2026\\\/02\\\/Logotipo-de-la-organizacion-696-x-696-px-ok.png\",\"contentUrl\":\"https:\\\/\\\/pulso27.com\\\/wp-content\\\/uploads\\\/2026\\\/02\\\/Logotipo-de-la-organizacion-696-x-696-px-ok.png\",\"width\":696,\"height\":696,\"caption\":\"Pulso27\"},\"image\":{\"@id\":\"https:\\\/\\\/pulso27.com\\\/en\\\/#\\\/schema\\\/logo\\\/image\\\/\"},\"sameAs\":[\"https:\\\/\\\/www.facebook.com\\\/pulso27\\\/\",\"https:\\\/\\\/x.com\\\/Pulso_27\",\"https:\\\/\\\/www.youtube.com\\\/@Pulso27\",\"https:\\\/\\\/www.tiktok.com\\\/@pulso_27\"]},{\"@type\":\"Person\",\"@id\":\"https:\\\/\\\/pulso27.com\\\/en\\\/#\\\/schema\\\/person\\\/d20fd7f5bc7f2e53fd150d43fca07a78\",\"name\":\"Tupaq\",\"image\":{\"@type\":\"ImageObject\",\"inLanguage\":\"en-US\",\"@id\":\"https:\\\/\\\/secure.gravatar.com\\\/avatar\\\/7929e9b034aeea560319a601e4f04c59eb5f45a79eafe192adabb67e9604e7e7?s=96&d=mm&r=g\",\"url\":\"https:\\\/\\\/secure.gravatar.com\\\/avatar\\\/7929e9b034aeea560319a601e4f04c59eb5f45a79eafe192adabb67e9604e7e7?s=96&d=mm&r=g\",\"contentUrl\":\"https:\\\/\\\/secure.gravatar.com\\\/avatar\\\/7929e9b034aeea560319a601e4f04c59eb5f45a79eafe192adabb67e9604e7e7?s=96&d=mm&r=g\",\"caption\":\"Tupaq\"},\"url\":\"https:\\\/\\\/pulso27.com\\\/en\\\/author\\\/tupaq\\\/\"}]}<\/script>\n<!-- \/ Yoast SEO plugin. -->","yoast_head_json":{"title":"Esc\u00e1ndalo en el Congreso: Red de prostituci\u00f3n y asesinato de Andrea Vidal salpican a C\u00e9sar Acu\u00f1a - Pulso27","robots":{"index":"index","follow":"follow","max-snippet":"max-snippet:-1","max-image-preview":"max-image-preview:large","max-video-preview":"max-video-preview:-1"},"canonical":"https:\/\/pulso27.com\/en\/nacional\/escandalo-en-el-congreso-red-de-prostitucion-y-asesinato-de-andrea-vidal-salpican-a-cesar-acuna\/","og_locale":"en_US","og_type":"article","og_title":"Esc\u00e1ndalo en el Congreso: Red de prostituci\u00f3n y asesinato de Andrea Vidal salpican a C\u00e9sar Acu\u00f1a - Pulso27","og_description":"El Congreso de la Rep\u00fablica del Per\u00fa enfrenta un nuevo esc\u00e1ndalo tras la revelaci\u00f3n de una presunta red de prostituci\u00f3n que operar\u00eda desde el interior del Legislativo. Un reportaje reciente se\u00f1ala a Jorge Torres Saravia, exjefe de la Oficina Legal y Constitucional, como el presunto cabecilla de esta red. Su cercana relaci\u00f3n con C\u00e9sar Acu\u00f1a, [&hellip;]","og_url":"https:\/\/pulso27.com\/en\/nacional\/escandalo-en-el-congreso-red-de-prostitucion-y-asesinato-de-andrea-vidal-salpican-a-cesar-acuna\/","og_site_name":"Pulso27","article_publisher":"https:\/\/www.facebook.com\/pulso27\/","article_published_time":"2024-12-22T03:19:09+00:00","article_modified_time":"2024-12-22T03:19:17+00:00","og_image":[{"width":1366,"height":768,"url":"https:\/\/pulso27.com\/wp-content\/uploads\/2024\/12\/Acuna.png","type":"image\/png"}],"author":"Tupaq","twitter_card":"summary_large_image","twitter_creator":"@Pulso_27","twitter_site":"@Pulso_27","twitter_misc":{"Written by":"Tupaq","Est. reading time":"4 minutes"},"schema":{"@context":"https:\/\/schema.org","@graph":[{"@type":"Article","@id":"https:\/\/pulso27.com\/nacional\/escandalo-en-el-congreso-red-de-prostitucion-y-asesinato-de-andrea-vidal-salpican-a-cesar-acuna\/#article","isPartOf":{"@id":"https:\/\/pulso27.com\/nacional\/escandalo-en-el-congreso-red-de-prostitucion-y-asesinato-de-andrea-vidal-salpican-a-cesar-acuna\/"},"author":{"name":"Tupaq","@id":"https:\/\/pulso27.com\/en\/#\/schema\/person\/d20fd7f5bc7f2e53fd150d43fca07a78"},"headline":"Esc\u00e1ndalo en el Congreso: Red de prostituci\u00f3n y asesinato de Andrea Vidal salpican a C\u00e9sar Acu\u00f1a","datePublished":"2024-12-22T03:19:09+00:00","dateModified":"2024-12-22T03:19:17+00:00","mainEntityOfPage":{"@id":"https:\/\/pulso27.com\/nacional\/escandalo-en-el-congreso-red-de-prostitucion-y-asesinato-de-andrea-vidal-salpican-a-cesar-acuna\/"},"wordCount":696,"commentCount":0,"publisher":{"@id":"https:\/\/pulso27.com\/en\/#organization"},"image":{"@id":"https:\/\/pulso27.com\/nacional\/escandalo-en-el-congreso-red-de-prostitucion-y-asesinato-de-andrea-vidal-salpican-a-cesar-acuna\/#primaryimage"},"thumbnailUrl":"https:\/\/pulso27.com\/wp-content\/uploads\/2024\/12\/Acuna.png","keywords":["APP","C\u00e9sarAcu\u00f1a","CongresoDeLaRep\u00fablica","Esc\u00e1ndalo"],"articleSection":["Actualidad","Educaci\u00f3n","Nacional"],"inLanguage":"en-US","potentialAction":[{"@type":"CommentAction","name":"Comment","target":["https:\/\/pulso27.com\/nacional\/escandalo-en-el-congreso-red-de-prostitucion-y-asesinato-de-andrea-vidal-salpican-a-cesar-acuna\/#respond"]}]},{"@type":"WebPage","@id":"https:\/\/pulso27.com\/nacional\/escandalo-en-el-congreso-red-de-prostitucion-y-asesinato-de-andrea-vidal-salpican-a-cesar-acuna\/","url":"https:\/\/pulso27.com\/nacional\/escandalo-en-el-congreso-red-de-prostitucion-y-asesinato-de-andrea-vidal-salpican-a-cesar-acuna\/","name":"Esc\u00e1ndalo en el Congreso: Red de prostituci\u00f3n y asesinato de Andrea Vidal salpican a C\u00e9sar Acu\u00f1a - Pulso27","isPartOf":{"@id":"https:\/\/pulso27.com\/en\/#website"},"primaryImageOfPage":{"@id":"https:\/\/pulso27.com\/nacional\/escandalo-en-el-congreso-red-de-prostitucion-y-asesinato-de-andrea-vidal-salpican-a-cesar-acuna\/#primaryimage"},"image":{"@id":"https:\/\/pulso27.com\/nacional\/escandalo-en-el-congreso-red-de-prostitucion-y-asesinato-de-andrea-vidal-salpican-a-cesar-acuna\/#primaryimage"},"thumbnailUrl":"https:\/\/pulso27.com\/wp-content\/uploads\/2024\/12\/Acuna.png","datePublished":"2024-12-22T03:19:09+00:00","dateModified":"2024-12-22T03:19:17+00:00","breadcrumb":{"@id":"https:\/\/pulso27.com\/nacional\/escandalo-en-el-congreso-red-de-prostitucion-y-asesinato-de-andrea-vidal-salpican-a-cesar-acuna\/#breadcrumb"},"inLanguage":"en-US","potentialAction":[{"@type":"ReadAction","target":["https:\/\/pulso27.com\/nacional\/escandalo-en-el-congreso-red-de-prostitucion-y-asesinato-de-andrea-vidal-salpican-a-cesar-acuna\/"]}]},{"@type":"ImageObject","inLanguage":"en-US","@id":"https:\/\/pulso27.com\/nacional\/escandalo-en-el-congreso-red-de-prostitucion-y-asesinato-de-andrea-vidal-salpican-a-cesar-acuna\/#primaryimage","url":"https:\/\/pulso27.com\/wp-content\/uploads\/2024\/12\/Acuna.png","contentUrl":"https:\/\/pulso27.com\/wp-content\/uploads\/2024\/12\/Acuna.png","width":1366,"height":768,"caption":"Esc\u00e1ndalo del Congreso de la Rep\u00fablica salpicar\u00eda al l\u00edder de APP"},{"@type":"BreadcrumbList","@id":"https:\/\/pulso27.com\/nacional\/escandalo-en-el-congreso-red-de-prostitucion-y-asesinato-de-andrea-vidal-salpican-a-cesar-acuna\/#breadcrumb","itemListElement":[{"@type":"ListItem","position":1,"name":"Portada","item":"https:\/\/pulso27.com\/"},{"@type":"ListItem","position":2,"name":"Esc\u00e1ndalo en el Congreso: Red de prostituci\u00f3n y asesinato de Andrea Vidal salpican a C\u00e9sar Acu\u00f1a"}]},{"@type":"WebSite","@id":"https:\/\/pulso27.com\/en\/#website","url":"https:\/\/pulso27.com\/en\/","name":"Pulso27","description":"Web de noticias y publicidad","publisher":{"@id":"https:\/\/pulso27.com\/en\/#organization"},"alternateName":"El pulso del pueblo","potentialAction":[{"@type":"SearchAction","target":{"@type":"EntryPoint","urlTemplate":"https:\/\/pulso27.com\/en\/?s={search_term_string}"},"query-input":{"@type":"PropertyValueSpecification","valueRequired":true,"valueName":"search_term_string"}}],"inLanguage":"en-US"},{"@type":"Organization","@id":"https:\/\/pulso27.com\/en\/#organization","name":"Pulso27","url":"https:\/\/pulso27.com\/en\/","logo":{"@type":"ImageObject","inLanguage":"en-US","@id":"https:\/\/pulso27.com\/en\/#\/schema\/logo\/image\/","url":"https:\/\/pulso27.com\/wp-content\/uploads\/2026\/02\/Logotipo-de-la-organizacion-696-x-696-px-ok.png","contentUrl":"https:\/\/pulso27.com\/wp-content\/uploads\/2026\/02\/Logotipo-de-la-organizacion-696-x-696-px-ok.png","width":696,"height":696,"caption":"Pulso27"},"image":{"@id":"https:\/\/pulso27.com\/en\/#\/schema\/logo\/image\/"},"sameAs":["https:\/\/www.facebook.com\/pulso27\/","https:\/\/x.com\/Pulso_27","https:\/\/www.youtube.com\/@Pulso27","https:\/\/www.tiktok.com\/@pulso_27"]},{"@type":"Person","@id":"https:\/\/pulso27.com\/en\/#\/schema\/person\/d20fd7f5bc7f2e53fd150d43fca07a78","name":"Tupaq","image":{"@type":"ImageObject","inLanguage":"en-US","@id":"https:\/\/secure.gravatar.com\/avatar\/7929e9b034aeea560319a601e4f04c59eb5f45a79eafe192adabb67e9604e7e7?s=96&d=mm&r=g","url":"https:\/\/secure.gravatar.com\/avatar\/7929e9b034aeea560319a601e4f04c59eb5f45a79eafe192adabb67e9604e7e7?s=96&d=mm&r=g","contentUrl":"https:\/\/secure.gravatar.com\/avatar\/7929e9b034aeea560319a601e4f04c59eb5f45a79eafe192adabb67e9604e7e7?s=96&d=mm&r=g","caption":"Tupaq"},"url":"https:\/\/pulso27.com\/en\/author\/tupaq\/"}]}},"amp_enabled":true,"_links":{"self":[{"href":"https:\/\/pulso27.com\/en\/wp-json\/wp\/v2\/posts\/3216","targetHints":{"allow":["GET"]}}],"collection":[{"href":"https:\/\/pulso27.com\/en\/wp-json\/wp\/v2\/posts"}],"about":[{"href":"https:\/\/pulso27.com\/en\/wp-json\/wp\/v2\/types\/post"}],"author":[{"embeddable":true,"href":"https:\/\/pulso27.com\/en\/wp-json\/wp\/v2\/users\/7"}],"replies":[{"embeddable":true,"href":"https:\/\/pulso27.com\/en\/wp-json\/wp\/v2\/comments?post=3216"}],"version-history":[{"count":2,"href":"https:\/\/pulso27.com\/en\/wp-json\/wp\/v2\/posts\/3216\/revisions"}],"predecessor-version":[{"id":3225,"href":"https:\/\/pulso27.com\/en\/wp-json\/wp\/v2\/posts\/3216\/revisions\/3225"}],"wp:featuredmedia":[{"embeddable":true,"href":"https:\/\/pulso27.com\/en\/wp-json\/wp\/v2\/media\/3217"}],"wp:attachment":[{"href":"https:\/\/pulso27.com\/en\/wp-json\/wp\/v2\/media?parent=3216"}],"wp:term":[{"taxonomy":"category","embeddable":true,"href":"https:\/\/pulso27.com\/en\/wp-json\/wp\/v2\/categories?post=3216"},{"taxonomy":"post_tag","embeddable":true,"href":"https:\/\/pulso27.com\/en\/wp-json\/wp\/v2\/tags?post=3216"}],"curies":[{"name":"wp","href":"https:\/\/api.w.org\/{rel}","templated":true}]}}