{"id":3249,"date":"2024-12-24T00:25:08","date_gmt":"2024-12-23T19:25:08","guid":{"rendered":"https:\/\/pulso27.com\/?p=3249"},"modified":"2024-12-24T00:25:16","modified_gmt":"2024-12-23T19:25:16","slug":"polemica-por-remocion-de-policias-que-participar-en-allanamiento-a-vivienda-de-dina-boluarte","status":"publish","type":"post","link":"https:\/\/pulso27.com\/en\/actualidad\/politica\/polemica-por-remocion-de-policias-que-participar-en-allanamiento-a-vivienda-de-dina-boluarte\/","title":{"rendered":"Pol\u00e9mica por remoci\u00f3n de polic\u00edas que participar en allanamiento a vivienda de Dina Boluarte"},"content":{"rendered":"<p>La reciente disposici\u00f3n de la Polic\u00eda Nacional del Per\u00fa (PNP), que ordena la reasignaci\u00f3n de 60 oficiales de la Divisi\u00f3n de Investigaci\u00f3n de Delitos de Alta Complejidad (Diviac), ha despertado cr\u00edticas y cuestionamientos sobre la independencia de las instituciones policiales frente a posibles presiones pol\u00edticas. La medida afecta, entre otros, a los agentes que participaron en el allanamiento de la vivienda de la presidenta Dina Boluarte en marzo pasado, en el marco del caso \u201cRolex\u201d, que investiga presunto enriquecimiento il\u00edcito.<\/p>\n\n\n\n<p>La resoluci\u00f3n, suscrita por el comandante general de la PNP, V\u00edctor Zanabria, argumenta que las reasignaciones responden a la \u201cnecesidad del servicio\u201d, aunque su coincidencia con investigaciones sensibles genera suspicacias. El coronel Harvey Colchado, quien lider\u00f3 el operativo, fue recientemente pasado al retiro, mientras que otros oficiales involucrados han sido trasladados a unidades alejadas o sometidos a procesos disciplinarios.<\/p>\n\n\n<div class=\"wp-block-image\">\n<figure class=\"alignleft size-full is-resized\"><img loading=\"lazy\" decoding=\"async\" width=\"412\" height=\"556\" src=\"https:\/\/pulso27.com\/wp-content\/uploads\/2024\/12\/image-65.png\" alt=\"\" class=\"wp-image-3252\" style=\"width:403px;height:auto\" srcset=\"https:\/\/pulso27.com\/wp-content\/uploads\/2024\/12\/image-65.png 412w, https:\/\/pulso27.com\/wp-content\/uploads\/2024\/12\/image-65-222x300.png 222w, https:\/\/pulso27.com\/wp-content\/uploads\/2024\/12\/image-65-9x12.png 9w\" sizes=\"auto, (max-width: 412px) 100vw, 412px\" \/><figcaption class=\"wp-element-caption\"><em>Allanamiento del domicilio de Dina Boluarte por agentes policiales de la DIVIAC<\/em><\/figcaption><\/figure><\/div>\n\n\n<p>El caso ha puesto en el centro del debate el destino de la Diviac, que desde julio de este a\u00f1o pas\u00f3 a depender de la Direcci\u00f3n de Investigaci\u00f3n Criminal (Dirincri), en una decisi\u00f3n que sus cr\u00edticos califican como un debilitamiento de su autonom\u00eda operativa. Seg\u00fan Zanabria, este cambio busca reducir cuestionamientos sobre el manejo de fondos, pero organizaciones civiles y analistas advierten que podr\u00eda comprometer investigaciones de alto impacto contra el crimen organizado y la corrupci\u00f3n.<\/p>\n\n\n\n<p>Diversos sectores de la sociedad, incluyendo figuras pol\u00edticas de oposici\u00f3n y organizaciones defensoras de derechos humanos, han se\u00f1alado que estas decisiones podr\u00edan tener un trasfondo pol\u00edtico, afectando a quienes lideraban investigaciones inc\u00f3modas para el gobierno. En redes sociales como X (antes Twitter) y TikTok, se han viralizado videos y publicaciones que acusan al Ejecutivo de interferir en las operaciones policiales para proteger intereses personales y pol\u00edticos.<\/p>\n\n\n\n<p>Por su parte, el Ministerio del Interior y la Comandancia General insisten en que las reasignaciones son rutinarias y obedecen a criterios t\u00e9cnicos. No obstante, la percepci\u00f3n p\u00fablica parece inclinarse hacia una narrativa de represalias contra agentes que han demostrado eficacia y compromiso en la lucha contra la corrupci\u00f3n.<\/p>\n\n\n\n<p>El desmantelamiento parcial de la Diviac plantea serias interrogantes sobre el futuro de las investigaciones en curso. La confianza en las instituciones encargadas de garantizar la justicia se ve amenazada por decisiones que, para muchos, erosionan la independencia y profesionalismo de las fuerzas del orden.<\/p>\n\n\n\n<figure class=\"wp-block-image size-full\"><img loading=\"lazy\" decoding=\"async\" width=\"640\" height=\"532\" src=\"https:\/\/pulso27.com\/wp-content\/uploads\/2024\/12\/image-64.png\" alt=\"\" class=\"wp-image-3251\" srcset=\"https:\/\/pulso27.com\/wp-content\/uploads\/2024\/12\/image-64.png 640w, https:\/\/pulso27.com\/wp-content\/uploads\/2024\/12\/image-64-300x249.png 300w, https:\/\/pulso27.com\/wp-content\/uploads\/2024\/12\/image-64-14x12.png 14w\" sizes=\"auto, (max-width: 640px) 100vw, 640px\" \/><figcaption class=\"wp-element-caption\"><em>Disponen la asignaci\u00f3n de nuevas responsabilidades por la necesidad del servicio policial<\/em><\/figcaption><\/figure>\n\n\n\n<p>La remoci\u00f3n de estos oficiales no solo afecta su carrera, sino que tambi\u00e9n env\u00eda un mensaje preocupante sobre las posibles consecuencias de investigar a altos funcionarios del Estado. En un contexto pol\u00edtico marcado por tensiones y desconfianza, la ciudadan\u00eda exige mayor transparencia y garant\u00edas de que las investigaciones seguir\u00e1n su curso sin interferencias indebidas.<\/p>\n\n\n\n<p>\u00bfEs este un paso hacia la reorganizaci\u00f3n eficiente de las fuerzas policiales o una se\u00f1al de retroceso en la lucha contra la corrupci\u00f3n en Per\u00fa? La respuesta depender\u00e1, en gran medida, de la capacidad del gobierno y la PNP para demostrar que sus acciones son guiadas por el inter\u00e9s p\u00fablico y no por intereses particulares.<\/p>","protected":false},"excerpt":{"rendered":"<p>La reciente disposici\u00f3n de la Polic\u00eda Nacional del Per\u00fa (PNP), que ordena la reasignaci\u00f3n de 60 oficiales de la Divisi\u00f3n de Investigaci\u00f3n de Delitos de Alta Complejidad (Diviac), ha despertado cr\u00edticas y cuestionamientos sobre la independencia de las instituciones policiales frente a posibles presiones pol\u00edticas. La medida afecta, entre otros, a los agentes que participaron [&hellip;]<\/p>\n","protected":false},"author":7,"featured_media":3250,"comment_status":"open","ping_status":"open","sticky":false,"template":"","format":"standard","meta":{"footnotes":""},"categories":[183,174,180],"tags":[1966,1849,1965,309],"class_list":["post-3249","post","type-post","status-publish","format-standard","has-post-thumbnail","hentry","category-actualidad","category-nacional","category-politica","tag-allanamiento","tag-dinaboluarte","tag-diviac","tag-pnp"],"yoast_head":"<!-- This site is optimized with the Yoast SEO plugin v27.4 - https:\/\/yoast.com\/product\/yoast-seo-wordpress\/ -->\n<title>Pol\u00e9mica por remoci\u00f3n de polic\u00edas que participar en allanamiento a vivienda de Dina Boluarte - Pulso27<\/title>\n<meta name=\"robots\" content=\"index, follow, max-snippet:-1, max-image-preview:large, max-video-preview:-1\" \/>\n<link rel=\"canonical\" href=\"https:\/\/pulso27.com\/en\/nacional\/polemica-por-remocion-de-policias-que-participar-en-allanamiento-a-vivienda-de-dina-boluarte\/\" \/>\n<meta property=\"og:locale\" content=\"en_US\" \/>\n<meta property=\"og:type\" content=\"article\" \/>\n<meta property=\"og:title\" content=\"Pol\u00e9mica por remoci\u00f3n de polic\u00edas que participar en allanamiento a vivienda de Dina Boluarte - Pulso27\" \/>\n<meta property=\"og:description\" content=\"La reciente disposici\u00f3n de la Polic\u00eda Nacional del Per\u00fa (PNP), que ordena la reasignaci\u00f3n de 60 oficiales de la Divisi\u00f3n de Investigaci\u00f3n de Delitos de Alta Complejidad (Diviac), ha despertado cr\u00edticas y cuestionamientos sobre la independencia de las instituciones policiales frente a posibles presiones pol\u00edticas. La medida afecta, entre otros, a los agentes que participaron [&hellip;]\" \/>\n<meta property=\"og:url\" content=\"https:\/\/pulso27.com\/en\/nacional\/polemica-por-remocion-de-policias-que-participar-en-allanamiento-a-vivienda-de-dina-boluarte\/\" \/>\n<meta property=\"og:site_name\" content=\"Pulso27\" \/>\n<meta property=\"article:publisher\" content=\"https:\/\/www.facebook.com\/pulso27\/\" \/>\n<meta property=\"article:published_time\" content=\"2024-12-23T19:25:08+00:00\" \/>\n<meta property=\"article:modified_time\" content=\"2024-12-23T19:25:16+00:00\" \/>\n<meta property=\"og:image\" content=\"https:\/\/pulso27.com\/wp-content\/uploads\/2024\/12\/DIVIACc.png\" \/>\n\t<meta property=\"og:image:width\" content=\"1366\" \/>\n\t<meta property=\"og:image:height\" content=\"770\" \/>\n\t<meta property=\"og:image:type\" content=\"image\/png\" \/>\n<meta name=\"author\" content=\"Tupaq\" \/>\n<meta name=\"twitter:card\" content=\"summary_large_image\" \/>\n<meta name=\"twitter:creator\" content=\"@Pulso_27\" \/>\n<meta name=\"twitter:site\" content=\"@Pulso_27\" \/>\n<meta name=\"twitter:label1\" content=\"Written by\" \/>\n\t<meta name=\"twitter:data1\" content=\"Tupaq\" \/>\n\t<meta name=\"twitter:label2\" content=\"Est. reading time\" \/>\n\t<meta name=\"twitter:data2\" content=\"3 minutes\" \/>\n<script type=\"application\/ld+json\" class=\"yoast-schema-graph\">{\"@context\":\"https:\\\/\\\/schema.org\",\"@graph\":[{\"@type\":\"Article\",\"@id\":\"https:\\\/\\\/pulso27.com\\\/nacional\\\/polemica-por-remocion-de-policias-que-participar-en-allanamiento-a-vivienda-de-dina-boluarte\\\/#article\",\"isPartOf\":{\"@id\":\"https:\\\/\\\/pulso27.com\\\/nacional\\\/polemica-por-remocion-de-policias-que-participar-en-allanamiento-a-vivienda-de-dina-boluarte\\\/\"},\"author\":{\"name\":\"Tupaq\",\"@id\":\"https:\\\/\\\/pulso27.com\\\/en\\\/#\\\/schema\\\/person\\\/d20fd7f5bc7f2e53fd150d43fca07a78\"},\"headline\":\"Pol\u00e9mica por remoci\u00f3n de polic\u00edas que participar en allanamiento a vivienda de Dina Boluarte\",\"datePublished\":\"2024-12-23T19:25:08+00:00\",\"dateModified\":\"2024-12-23T19:25:16+00:00\",\"mainEntityOfPage\":{\"@id\":\"https:\\\/\\\/pulso27.com\\\/nacional\\\/polemica-por-remocion-de-policias-que-participar-en-allanamiento-a-vivienda-de-dina-boluarte\\\/\"},\"wordCount\":567,\"commentCount\":0,\"publisher\":{\"@id\":\"https:\\\/\\\/pulso27.com\\\/en\\\/#organization\"},\"image\":{\"@id\":\"https:\\\/\\\/pulso27.com\\\/nacional\\\/polemica-por-remocion-de-policias-que-participar-en-allanamiento-a-vivienda-de-dina-boluarte\\\/#primaryimage\"},\"thumbnailUrl\":\"https:\\\/\\\/pulso27.com\\\/wp-content\\\/uploads\\\/2024\\\/12\\\/DIVIACc.png\",\"keywords\":[\"Allanamiento\",\"DinaBoluarte\",\"DIVIAC\",\"PNP\"],\"articleSection\":[\"Actualidad\",\"Nacional\",\"Pol\u00edtica\"],\"inLanguage\":\"en-US\",\"potentialAction\":[{\"@type\":\"CommentAction\",\"name\":\"Comment\",\"target\":[\"https:\\\/\\\/pulso27.com\\\/nacional\\\/polemica-por-remocion-de-policias-que-participar-en-allanamiento-a-vivienda-de-dina-boluarte\\\/#respond\"]}]},{\"@type\":\"WebPage\",\"@id\":\"https:\\\/\\\/pulso27.com\\\/nacional\\\/polemica-por-remocion-de-policias-que-participar-en-allanamiento-a-vivienda-de-dina-boluarte\\\/\",\"url\":\"https:\\\/\\\/pulso27.com\\\/nacional\\\/polemica-por-remocion-de-policias-que-participar-en-allanamiento-a-vivienda-de-dina-boluarte\\\/\",\"name\":\"Pol\u00e9mica por remoci\u00f3n de polic\u00edas que participar en allanamiento a vivienda de Dina Boluarte - Pulso27\",\"isPartOf\":{\"@id\":\"https:\\\/\\\/pulso27.com\\\/en\\\/#website\"},\"primaryImageOfPage\":{\"@id\":\"https:\\\/\\\/pulso27.com\\\/nacional\\\/polemica-por-remocion-de-policias-que-participar-en-allanamiento-a-vivienda-de-dina-boluarte\\\/#primaryimage\"},\"image\":{\"@id\":\"https:\\\/\\\/pulso27.com\\\/nacional\\\/polemica-por-remocion-de-policias-que-participar-en-allanamiento-a-vivienda-de-dina-boluarte\\\/#primaryimage\"},\"thumbnailUrl\":\"https:\\\/\\\/pulso27.com\\\/wp-content\\\/uploads\\\/2024\\\/12\\\/DIVIACc.png\",\"datePublished\":\"2024-12-23T19:25:08+00:00\",\"dateModified\":\"2024-12-23T19:25:16+00:00\",\"breadcrumb\":{\"@id\":\"https:\\\/\\\/pulso27.com\\\/nacional\\\/polemica-por-remocion-de-policias-que-participar-en-allanamiento-a-vivienda-de-dina-boluarte\\\/#breadcrumb\"},\"inLanguage\":\"en-US\",\"potentialAction\":[{\"@type\":\"ReadAction\",\"target\":[\"https:\\\/\\\/pulso27.com\\\/nacional\\\/polemica-por-remocion-de-policias-que-participar-en-allanamiento-a-vivienda-de-dina-boluarte\\\/\"]}]},{\"@type\":\"ImageObject\",\"inLanguage\":\"en-US\",\"@id\":\"https:\\\/\\\/pulso27.com\\\/nacional\\\/polemica-por-remocion-de-policias-que-participar-en-allanamiento-a-vivienda-de-dina-boluarte\\\/#primaryimage\",\"url\":\"https:\\\/\\\/pulso27.com\\\/wp-content\\\/uploads\\\/2024\\\/12\\\/DIVIACc.png\",\"contentUrl\":\"https:\\\/\\\/pulso27.com\\\/wp-content\\\/uploads\\\/2024\\\/12\\\/DIVIACc.png\",\"width\":1366,\"height\":770},{\"@type\":\"BreadcrumbList\",\"@id\":\"https:\\\/\\\/pulso27.com\\\/nacional\\\/polemica-por-remocion-de-policias-que-participar-en-allanamiento-a-vivienda-de-dina-boluarte\\\/#breadcrumb\",\"itemListElement\":[{\"@type\":\"ListItem\",\"position\":1,\"name\":\"Portada\",\"item\":\"https:\\\/\\\/pulso27.com\\\/\"},{\"@type\":\"ListItem\",\"position\":2,\"name\":\"Pol\u00e9mica por remoci\u00f3n de polic\u00edas que participar en allanamiento a vivienda de Dina Boluarte\"}]},{\"@type\":\"WebSite\",\"@id\":\"https:\\\/\\\/pulso27.com\\\/en\\\/#website\",\"url\":\"https:\\\/\\\/pulso27.com\\\/en\\\/\",\"name\":\"Pulso27\",\"description\":\"Web de noticias y publicidad\",\"publisher\":{\"@id\":\"https:\\\/\\\/pulso27.com\\\/en\\\/#organization\"},\"alternateName\":\"El pulso del pueblo\",\"potentialAction\":[{\"@type\":\"SearchAction\",\"target\":{\"@type\":\"EntryPoint\",\"urlTemplate\":\"https:\\\/\\\/pulso27.com\\\/en\\\/?s={search_term_string}\"},\"query-input\":{\"@type\":\"PropertyValueSpecification\",\"valueRequired\":true,\"valueName\":\"search_term_string\"}}],\"inLanguage\":\"en-US\"},{\"@type\":\"Organization\",\"@id\":\"https:\\\/\\\/pulso27.com\\\/en\\\/#organization\",\"name\":\"Pulso27\",\"url\":\"https:\\\/\\\/pulso27.com\\\/en\\\/\",\"logo\":{\"@type\":\"ImageObject\",\"inLanguage\":\"en-US\",\"@id\":\"https:\\\/\\\/pulso27.com\\\/en\\\/#\\\/schema\\\/logo\\\/image\\\/\",\"url\":\"https:\\\/\\\/pulso27.com\\\/wp-content\\\/uploads\\\/2026\\\/02\\\/Logotipo-de-la-organizacion-696-x-696-px-ok.png\",\"contentUrl\":\"https:\\\/\\\/pulso27.com\\\/wp-content\\\/uploads\\\/2026\\\/02\\\/Logotipo-de-la-organizacion-696-x-696-px-ok.png\",\"width\":696,\"height\":696,\"caption\":\"Pulso27\"},\"image\":{\"@id\":\"https:\\\/\\\/pulso27.com\\\/en\\\/#\\\/schema\\\/logo\\\/image\\\/\"},\"sameAs\":[\"https:\\\/\\\/www.facebook.com\\\/pulso27\\\/\",\"https:\\\/\\\/x.com\\\/Pulso_27\",\"https:\\\/\\\/www.youtube.com\\\/@Pulso27\",\"https:\\\/\\\/www.tiktok.com\\\/@pulso_27\"]},{\"@type\":\"Person\",\"@id\":\"https:\\\/\\\/pulso27.com\\\/en\\\/#\\\/schema\\\/person\\\/d20fd7f5bc7f2e53fd150d43fca07a78\",\"name\":\"Tupaq\",\"image\":{\"@type\":\"ImageObject\",\"inLanguage\":\"en-US\",\"@id\":\"https:\\\/\\\/secure.gravatar.com\\\/avatar\\\/7929e9b034aeea560319a601e4f04c59eb5f45a79eafe192adabb67e9604e7e7?s=96&d=mm&r=g\",\"url\":\"https:\\\/\\\/secure.gravatar.com\\\/avatar\\\/7929e9b034aeea560319a601e4f04c59eb5f45a79eafe192adabb67e9604e7e7?s=96&d=mm&r=g\",\"contentUrl\":\"https:\\\/\\\/secure.gravatar.com\\\/avatar\\\/7929e9b034aeea560319a601e4f04c59eb5f45a79eafe192adabb67e9604e7e7?s=96&d=mm&r=g\",\"caption\":\"Tupaq\"},\"url\":\"https:\\\/\\\/pulso27.com\\\/en\\\/author\\\/tupaq\\\/\"}]}<\/script>\n<!-- \/ Yoast SEO plugin. -->","yoast_head_json":{"title":"Pol\u00e9mica por remoci\u00f3n de polic\u00edas que participar en allanamiento a vivienda de Dina Boluarte - Pulso27","robots":{"index":"index","follow":"follow","max-snippet":"max-snippet:-1","max-image-preview":"max-image-preview:large","max-video-preview":"max-video-preview:-1"},"canonical":"https:\/\/pulso27.com\/en\/nacional\/polemica-por-remocion-de-policias-que-participar-en-allanamiento-a-vivienda-de-dina-boluarte\/","og_locale":"en_US","og_type":"article","og_title":"Pol\u00e9mica por remoci\u00f3n de polic\u00edas que participar en allanamiento a vivienda de Dina Boluarte - Pulso27","og_description":"La reciente disposici\u00f3n de la Polic\u00eda Nacional del Per\u00fa (PNP), que ordena la reasignaci\u00f3n de 60 oficiales de la Divisi\u00f3n de Investigaci\u00f3n de Delitos de Alta Complejidad (Diviac), ha despertado cr\u00edticas y cuestionamientos sobre la independencia de las instituciones policiales frente a posibles presiones pol\u00edticas. La medida afecta, entre otros, a los agentes que participaron [&hellip;]","og_url":"https:\/\/pulso27.com\/en\/nacional\/polemica-por-remocion-de-policias-que-participar-en-allanamiento-a-vivienda-de-dina-boluarte\/","og_site_name":"Pulso27","article_publisher":"https:\/\/www.facebook.com\/pulso27\/","article_published_time":"2024-12-23T19:25:08+00:00","article_modified_time":"2024-12-23T19:25:16+00:00","og_image":[{"width":1366,"height":770,"url":"https:\/\/pulso27.com\/wp-content\/uploads\/2024\/12\/DIVIACc.png","type":"image\/png"}],"author":"Tupaq","twitter_card":"summary_large_image","twitter_creator":"@Pulso_27","twitter_site":"@Pulso_27","twitter_misc":{"Written by":"Tupaq","Est. reading time":"3 minutes"},"schema":{"@context":"https:\/\/schema.org","@graph":[{"@type":"Article","@id":"https:\/\/pulso27.com\/nacional\/polemica-por-remocion-de-policias-que-participar-en-allanamiento-a-vivienda-de-dina-boluarte\/#article","isPartOf":{"@id":"https:\/\/pulso27.com\/nacional\/polemica-por-remocion-de-policias-que-participar-en-allanamiento-a-vivienda-de-dina-boluarte\/"},"author":{"name":"Tupaq","@id":"https:\/\/pulso27.com\/en\/#\/schema\/person\/d20fd7f5bc7f2e53fd150d43fca07a78"},"headline":"Pol\u00e9mica por remoci\u00f3n de polic\u00edas que participar en allanamiento a vivienda de Dina Boluarte","datePublished":"2024-12-23T19:25:08+00:00","dateModified":"2024-12-23T19:25:16+00:00","mainEntityOfPage":{"@id":"https:\/\/pulso27.com\/nacional\/polemica-por-remocion-de-policias-que-participar-en-allanamiento-a-vivienda-de-dina-boluarte\/"},"wordCount":567,"commentCount":0,"publisher":{"@id":"https:\/\/pulso27.com\/en\/#organization"},"image":{"@id":"https:\/\/pulso27.com\/nacional\/polemica-por-remocion-de-policias-que-participar-en-allanamiento-a-vivienda-de-dina-boluarte\/#primaryimage"},"thumbnailUrl":"https:\/\/pulso27.com\/wp-content\/uploads\/2024\/12\/DIVIACc.png","keywords":["Allanamiento","DinaBoluarte","DIVIAC","PNP"],"articleSection":["Actualidad","Nacional","Pol\u00edtica"],"inLanguage":"en-US","potentialAction":[{"@type":"CommentAction","name":"Comment","target":["https:\/\/pulso27.com\/nacional\/polemica-por-remocion-de-policias-que-participar-en-allanamiento-a-vivienda-de-dina-boluarte\/#respond"]}]},{"@type":"WebPage","@id":"https:\/\/pulso27.com\/nacional\/polemica-por-remocion-de-policias-que-participar-en-allanamiento-a-vivienda-de-dina-boluarte\/","url":"https:\/\/pulso27.com\/nacional\/polemica-por-remocion-de-policias-que-participar-en-allanamiento-a-vivienda-de-dina-boluarte\/","name":"Pol\u00e9mica por remoci\u00f3n de polic\u00edas que participar en allanamiento a vivienda de Dina Boluarte - Pulso27","isPartOf":{"@id":"https:\/\/pulso27.com\/en\/#website"},"primaryImageOfPage":{"@id":"https:\/\/pulso27.com\/nacional\/polemica-por-remocion-de-policias-que-participar-en-allanamiento-a-vivienda-de-dina-boluarte\/#primaryimage"},"image":{"@id":"https:\/\/pulso27.com\/nacional\/polemica-por-remocion-de-policias-que-participar-en-allanamiento-a-vivienda-de-dina-boluarte\/#primaryimage"},"thumbnailUrl":"https:\/\/pulso27.com\/wp-content\/uploads\/2024\/12\/DIVIACc.png","datePublished":"2024-12-23T19:25:08+00:00","dateModified":"2024-12-23T19:25:16+00:00","breadcrumb":{"@id":"https:\/\/pulso27.com\/nacional\/polemica-por-remocion-de-policias-que-participar-en-allanamiento-a-vivienda-de-dina-boluarte\/#breadcrumb"},"inLanguage":"en-US","potentialAction":[{"@type":"ReadAction","target":["https:\/\/pulso27.com\/nacional\/polemica-por-remocion-de-policias-que-participar-en-allanamiento-a-vivienda-de-dina-boluarte\/"]}]},{"@type":"ImageObject","inLanguage":"en-US","@id":"https:\/\/pulso27.com\/nacional\/polemica-por-remocion-de-policias-que-participar-en-allanamiento-a-vivienda-de-dina-boluarte\/#primaryimage","url":"https:\/\/pulso27.com\/wp-content\/uploads\/2024\/12\/DIVIACc.png","contentUrl":"https:\/\/pulso27.com\/wp-content\/uploads\/2024\/12\/DIVIACc.png","width":1366,"height":770},{"@type":"BreadcrumbList","@id":"https:\/\/pulso27.com\/nacional\/polemica-por-remocion-de-policias-que-participar-en-allanamiento-a-vivienda-de-dina-boluarte\/#breadcrumb","itemListElement":[{"@type":"ListItem","position":1,"name":"Portada","item":"https:\/\/pulso27.com\/"},{"@type":"ListItem","position":2,"name":"Pol\u00e9mica por remoci\u00f3n de polic\u00edas que participar en allanamiento a vivienda de Dina Boluarte"}]},{"@type":"WebSite","@id":"https:\/\/pulso27.com\/en\/#website","url":"https:\/\/pulso27.com\/en\/","name":"Pulso27","description":"Web de noticias y publicidad","publisher":{"@id":"https:\/\/pulso27.com\/en\/#organization"},"alternateName":"El pulso del pueblo","potentialAction":[{"@type":"SearchAction","target":{"@type":"EntryPoint","urlTemplate":"https:\/\/pulso27.com\/en\/?s={search_term_string}"},"query-input":{"@type":"PropertyValueSpecification","valueRequired":true,"valueName":"search_term_string"}}],"inLanguage":"en-US"},{"@type":"Organization","@id":"https:\/\/pulso27.com\/en\/#organization","name":"Pulso27","url":"https:\/\/pulso27.com\/en\/","logo":{"@type":"ImageObject","inLanguage":"en-US","@id":"https:\/\/pulso27.com\/en\/#\/schema\/logo\/image\/","url":"https:\/\/pulso27.com\/wp-content\/uploads\/2026\/02\/Logotipo-de-la-organizacion-696-x-696-px-ok.png","contentUrl":"https:\/\/pulso27.com\/wp-content\/uploads\/2026\/02\/Logotipo-de-la-organizacion-696-x-696-px-ok.png","width":696,"height":696,"caption":"Pulso27"},"image":{"@id":"https:\/\/pulso27.com\/en\/#\/schema\/logo\/image\/"},"sameAs":["https:\/\/www.facebook.com\/pulso27\/","https:\/\/x.com\/Pulso_27","https:\/\/www.youtube.com\/@Pulso27","https:\/\/www.tiktok.com\/@pulso_27"]},{"@type":"Person","@id":"https:\/\/pulso27.com\/en\/#\/schema\/person\/d20fd7f5bc7f2e53fd150d43fca07a78","name":"Tupaq","image":{"@type":"ImageObject","inLanguage":"en-US","@id":"https:\/\/secure.gravatar.com\/avatar\/7929e9b034aeea560319a601e4f04c59eb5f45a79eafe192adabb67e9604e7e7?s=96&d=mm&r=g","url":"https:\/\/secure.gravatar.com\/avatar\/7929e9b034aeea560319a601e4f04c59eb5f45a79eafe192adabb67e9604e7e7?s=96&d=mm&r=g","contentUrl":"https:\/\/secure.gravatar.com\/avatar\/7929e9b034aeea560319a601e4f04c59eb5f45a79eafe192adabb67e9604e7e7?s=96&d=mm&r=g","caption":"Tupaq"},"url":"https:\/\/pulso27.com\/en\/author\/tupaq\/"}]}},"amp_enabled":true,"_links":{"self":[{"href":"https:\/\/pulso27.com\/en\/wp-json\/wp\/v2\/posts\/3249","targetHints":{"allow":["GET"]}}],"collection":[{"href":"https:\/\/pulso27.com\/en\/wp-json\/wp\/v2\/posts"}],"about":[{"href":"https:\/\/pulso27.com\/en\/wp-json\/wp\/v2\/types\/post"}],"author":[{"embeddable":true,"href":"https:\/\/pulso27.com\/en\/wp-json\/wp\/v2\/users\/7"}],"replies":[{"embeddable":true,"href":"https:\/\/pulso27.com\/en\/wp-json\/wp\/v2\/comments?post=3249"}],"version-history":[{"count":1,"href":"https:\/\/pulso27.com\/en\/wp-json\/wp\/v2\/posts\/3249\/revisions"}],"predecessor-version":[{"id":3253,"href":"https:\/\/pulso27.com\/en\/wp-json\/wp\/v2\/posts\/3249\/revisions\/3253"}],"wp:featuredmedia":[{"embeddable":true,"href":"https:\/\/pulso27.com\/en\/wp-json\/wp\/v2\/media\/3250"}],"wp:attachment":[{"href":"https:\/\/pulso27.com\/en\/wp-json\/wp\/v2\/media?parent=3249"}],"wp:term":[{"taxonomy":"category","embeddable":true,"href":"https:\/\/pulso27.com\/en\/wp-json\/wp\/v2\/categories?post=3249"},{"taxonomy":"post_tag","embeddable":true,"href":"https:\/\/pulso27.com\/en\/wp-json\/wp\/v2\/tags?post=3249"}],"curies":[{"name":"wp","href":"https:\/\/api.w.org\/{rel}","templated":true}]}}