{"id":3311,"date":"2024-12-27T05:08:55","date_gmt":"2024-12-27T00:08:55","guid":{"rendered":"https:\/\/pulso27.com\/?p=3311"},"modified":"2024-12-27T05:08:58","modified_gmt":"2024-12-27T00:08:58","slug":"lobitos-en-emergencia-ambiental-poblacion-se-une-para-enfrentar-el-derrame-de-petroleo-y-restaurar-su-mar-peruano","status":"publish","type":"post","link":"https:\/\/pulso27.com\/en\/actualidad\/ambiente\/lobitos-en-emergencia-ambiental-poblacion-se-une-para-enfrentar-el-derrame-de-petroleo-y-restaurar-su-mar-peruano\/","title":{"rendered":"Lobitos en emergencia ambiental: poblaci\u00f3n se une para enfrentar el derrame de petr\u00f3leo y restaurar su mar peruano"},"content":{"rendered":"\n<p>El hist\u00f3rico distrito de Lobitos, en Piura, vive uno de los episodios m\u00e1s desafiantes de su historia tras el derrame de petr\u00f3leo ocurrido el pasado viernes durante maniobras de embarque en la Refiner\u00eda de Talara, operada por Petroper\u00fa. A pesar de la devastaci\u00f3n ambiental, la respuesta unificada de la comunidad local y las acciones de contenci\u00f3n ofrecen un atisbo de esperanza frente a esta crisis.<\/p>\n\n\n\n<p>El derrame, que afect\u00f3 a m\u00e1s de 47 hect\u00e1reas del oc\u00e9ano y a emblem\u00e1ticas playas como Las Capullanas, puso en riesgo la biodiversidad marina y los medios de vida de miles de pescadores y operadores tur\u00edsticos. Sin embargo, lo que podr\u00eda haber sido un golpe insuperable para la zona se ha transformado en un motor de acci\u00f3n colectiva y solidaridad.<\/p>\n\n\n\n<figure class=\"wp-block-image size-large\"><img loading=\"lazy\" decoding=\"async\" width=\"1024\" height=\"640\" src=\"https:\/\/pulso27.com\/wp-content\/uploads\/2024\/12\/Lobitos-1024x640.png\" alt=\"\" class=\"wp-image-3315\" srcset=\"https:\/\/pulso27.com\/wp-content\/uploads\/2024\/12\/Lobitos-1024x640.png 1024w, https:\/\/pulso27.com\/wp-content\/uploads\/2024\/12\/Lobitos-300x188.png 300w, https:\/\/pulso27.com\/wp-content\/uploads\/2024\/12\/Lobitos-768x480.png 768w, https:\/\/pulso27.com\/wp-content\/uploads\/2024\/12\/Lobitos-18x12.png 18w, https:\/\/pulso27.com\/wp-content\/uploads\/2024\/12\/Lobitos.png 1280w\" sizes=\"auto, (max-width: 1024px) 100vw, 1024px\" \/><figcaption class=\"wp-element-caption\"><em>M\u00e1s de 350 especialistas, brigadistas y voluntarios locales trabajan d\u00eda y noche para limpiar las costa<\/em><\/figcaption><\/figure>\n\n\n\n<p>Acciones inmediatas y esperanza local<\/p>\n\n\n\n<p>Desde el primer aviso dado por pescadores artesanales, Lobitos se convirti\u00f3 en el epicentro de una movilizaci\u00f3n ciudadana. M\u00e1s de 350 especialistas, brigadistas y voluntarios locales trabajan d\u00eda y noche para limpiar las costas. En redes sociales, videos muestran a hombres y mujeres uniendo esfuerzos, mientras otros exigen responsabilidades con mensajes como: \u201cProtejamos nuestro mar, nuestra casa\u201d.<\/p>\n\n\n\n<p>El Ministerio del Ambiente declar\u00f3 una emergencia ambiental de 90 d\u00edas, garantizando recursos adicionales para remediar el \u00e1rea afectada. Asimismo, Petroper\u00fa asegur\u00f3 que las labores de limpieza est\u00e1n en marcha y que se destinar\u00e1n equipos y personal para mitigar el impacto.<\/p>\n\n\n\n<p>Un compromiso con el futuro<\/p>\n\n\n\n<p>Mientras la fiscal\u00eda investiga los hechos y ONG como Oceana Per\u00fa vigilan el cumplimiento de los protocolos, la comunidad de Lobitos da un ejemplo inspirador. Organizaciones como ASPAST han comenzado campa\u00f1as para restaurar el ecosistema y proteger la fauna marina.<br>\u201cLo importante es no rendirnos. Nuestra biodiversidad es \u00fanica y haremos lo que sea necesario para recuperarla\u201d, declar\u00f3 un l\u00edder local a trav\u00e9s de Facebook, alentando a que esta tragedia sea el punto de partida para fortalecer las pol\u00edticas ambientales en el pa\u00eds.<\/p>\n\n\n\n<figure class=\"wp-block-image size-full is-resized\"><img loading=\"lazy\" decoding=\"async\" width=\"673\" height=\"456\" src=\"https:\/\/pulso27.com\/wp-content\/uploads\/2024\/12\/image-73.png\" alt=\"\" class=\"wp-image-3312\" style=\"width:740px;height:auto\" srcset=\"https:\/\/pulso27.com\/wp-content\/uploads\/2024\/12\/image-73.png 673w, https:\/\/pulso27.com\/wp-content\/uploads\/2024\/12\/image-73-300x203.png 300w, https:\/\/pulso27.com\/wp-content\/uploads\/2024\/12\/image-73-18x12.png 18w\" sizes=\"auto, (max-width: 673px) 100vw, 673px\" \/><figcaption class=\"wp-element-caption\"><em>El Estado peruano a trav\u00e9s del Ministerio del Ambiente declar\u00f3 90 d\u00edas de emergencia<a href=\"https:\/\/www.facebook.com\/hashtag\/talara?__eep__=6&amp;__cft__[0]=AZWGkqnSCo7TMJLNTY-MIE7sOBTdsQJKM6k4j-8kOwkdGIn6K-YioBUeXbdgPkD3McVPLkM2ZLcvXv5IlPAUVwiggbY18PHj0myRvvNSYnldCBtgBLyETfT7ysd1yEeCstJeu4TZs7-i1eTtwHV49QhuYxnw15RshxdCWtR7p0wfjQ8NfbLatSzaJmEdP_w5c-blfWHGw4gq0LaFpIKtadrZ&amp;__tn__=*NK-R\"> <\/a><\/em><\/figcaption><\/figure>\n\n\n\n<p>Un llamado a la acci\u00f3n nacional<\/p>\n\n\n\n<p>Este incidente, que recuerda al desastre de Ventanilla en 2022, subraya la urgencia de una legislaci\u00f3n efectiva y su pronta implementaci\u00f3n. Sin embargo, la valent\u00eda y determinaci\u00f3n de los lobite\u00f1os demuestran que, incluso en medio de la adversidad, es posible construir un futuro m\u00e1s sostenible y justo para todos.<\/p>\n\n\n\n<p>La tragedia de Lobitos no solo nos invita a reflexionar, sino tambi\u00e9n a actuar. El mar peruano nos da vida; es hora de devolverle su vitalidad.<\/p>\n","protected":false},"excerpt":{"rendered":"<p>El hist\u00f3rico distrito de Lobitos, en Piura, vive uno de los episodios m\u00e1s desafiantes de su historia tras el derrame de petr\u00f3leo ocurrido el pasado viernes durante maniobras de embarque en la Refiner\u00eda de Talara, operada por Petroper\u00fa. A pesar de la devastaci\u00f3n ambiental, la respuesta unificada de la comunidad local y las acciones de [&hellip;]<\/p>\n","protected":false},"author":8,"featured_media":3314,"comment_status":"open","ping_status":"open","sticky":false,"template":"","format":"standard","meta":{"footnotes":""},"categories":[183,1847,810],"tags":[1975,1974,828,709],"class_list":["post-3311","post","type-post","status-publish","format-standard","has-post-thumbnail","hentry","category-actualidad","category-ambiente","category-regional","tag-minam","tag-oefa","tag-petroleo-2","tag-petroperu"],"yoast_head":"<!-- This site is optimized with the Yoast SEO plugin v27.4 - https:\/\/yoast.com\/product\/yoast-seo-wordpress\/ -->\n<title>Lobitos en emergencia ambiental: poblaci\u00f3n se une para enfrentar el derrame de petr\u00f3leo y restaurar su mar peruano - Pulso27<\/title>\n<meta name=\"robots\" content=\"index, follow, max-snippet:-1, max-image-preview:large, max-video-preview:-1\" \/>\n<link rel=\"canonical\" href=\"https:\/\/pulso27.com\/en\/actualidad\/lobitos-en-emergencia-ambiental-poblacion-se-une-para-enfrentar-el-derrame-de-petroleo-y-restaurar-su-mar-peruano\/\" \/>\n<meta property=\"og:locale\" content=\"en_US\" \/>\n<meta property=\"og:type\" content=\"article\" \/>\n<meta property=\"og:title\" content=\"Lobitos en emergencia ambiental: poblaci\u00f3n se une para enfrentar el derrame de petr\u00f3leo y restaurar su mar peruano - Pulso27\" \/>\n<meta property=\"og:description\" content=\"El hist\u00f3rico distrito de Lobitos, en Piura, vive uno de los episodios m\u00e1s desafiantes de su historia tras el derrame de petr\u00f3leo ocurrido el pasado viernes durante maniobras de embarque en la Refiner\u00eda de Talara, operada por Petroper\u00fa. A pesar de la devastaci\u00f3n ambiental, la respuesta unificada de la comunidad local y las acciones de [&hellip;]\" \/>\n<meta property=\"og:url\" content=\"https:\/\/pulso27.com\/en\/actualidad\/lobitos-en-emergencia-ambiental-poblacion-se-une-para-enfrentar-el-derrame-de-petroleo-y-restaurar-su-mar-peruano\/\" \/>\n<meta property=\"og:site_name\" content=\"Pulso27\" \/>\n<meta property=\"article:publisher\" content=\"https:\/\/www.facebook.com\/pulso27\/\" \/>\n<meta property=\"article:published_time\" content=\"2024-12-27T00:08:55+00:00\" \/>\n<meta property=\"article:modified_time\" content=\"2024-12-27T00:08:58+00:00\" \/>\n<meta property=\"og:image\" content=\"https:\/\/pulso27.com\/wp-content\/uploads\/2024\/12\/Lobitoss.png\" \/>\n\t<meta property=\"og:image:width\" content=\"1280\" \/>\n\t<meta property=\"og:image:height\" content=\"800\" \/>\n\t<meta property=\"og:image:type\" content=\"image\/png\" \/>\n<meta name=\"author\" content=\"Maga\" \/>\n<meta name=\"twitter:card\" content=\"summary_large_image\" \/>\n<meta name=\"twitter:creator\" content=\"@Pulso_27\" \/>\n<meta name=\"twitter:site\" content=\"@Pulso_27\" \/>\n<meta name=\"twitter:label1\" content=\"Written by\" \/>\n\t<meta name=\"twitter:data1\" content=\"Maga\" \/>\n\t<meta name=\"twitter:label2\" content=\"Est. reading time\" \/>\n\t<meta name=\"twitter:data2\" content=\"3 minutes\" \/>\n<script type=\"application\/ld+json\" class=\"yoast-schema-graph\">{\"@context\":\"https:\\\/\\\/schema.org\",\"@graph\":[{\"@type\":\"Article\",\"@id\":\"https:\\\/\\\/pulso27.com\\\/actualidad\\\/lobitos-en-emergencia-ambiental-poblacion-se-une-para-enfrentar-el-derrame-de-petroleo-y-restaurar-su-mar-peruano\\\/#article\",\"isPartOf\":{\"@id\":\"https:\\\/\\\/pulso27.com\\\/actualidad\\\/lobitos-en-emergencia-ambiental-poblacion-se-une-para-enfrentar-el-derrame-de-petroleo-y-restaurar-su-mar-peruano\\\/\"},\"author\":{\"name\":\"Maga\",\"@id\":\"https:\\\/\\\/pulso27.com\\\/en\\\/#\\\/schema\\\/person\\\/92f5059eb04cb644a32d22c9bc998684\"},\"headline\":\"Lobitos en emergencia ambiental: poblaci\u00f3n se une para enfrentar el derrame de petr\u00f3leo y restaurar su mar peruano\",\"datePublished\":\"2024-12-27T00:08:55+00:00\",\"dateModified\":\"2024-12-27T00:08:58+00:00\",\"mainEntityOfPage\":{\"@id\":\"https:\\\/\\\/pulso27.com\\\/actualidad\\\/lobitos-en-emergencia-ambiental-poblacion-se-une-para-enfrentar-el-derrame-de-petroleo-y-restaurar-su-mar-peruano\\\/\"},\"wordCount\":478,\"commentCount\":0,\"publisher\":{\"@id\":\"https:\\\/\\\/pulso27.com\\\/en\\\/#organization\"},\"image\":{\"@id\":\"https:\\\/\\\/pulso27.com\\\/actualidad\\\/lobitos-en-emergencia-ambiental-poblacion-se-une-para-enfrentar-el-derrame-de-petroleo-y-restaurar-su-mar-peruano\\\/#primaryimage\"},\"thumbnailUrl\":\"https:\\\/\\\/pulso27.com\\\/wp-content\\\/uploads\\\/2024\\\/12\\\/Lobitoss.png\",\"keywords\":[\"MINAM\",\"OEFA\",\"Petr\u00f3leo\",\"Petroper\u00fa\"],\"articleSection\":[\"Actualidad\",\"Ambiente\",\"Regional\"],\"inLanguage\":\"en-US\",\"potentialAction\":[{\"@type\":\"CommentAction\",\"name\":\"Comment\",\"target\":[\"https:\\\/\\\/pulso27.com\\\/actualidad\\\/lobitos-en-emergencia-ambiental-poblacion-se-une-para-enfrentar-el-derrame-de-petroleo-y-restaurar-su-mar-peruano\\\/#respond\"]}]},{\"@type\":\"WebPage\",\"@id\":\"https:\\\/\\\/pulso27.com\\\/actualidad\\\/lobitos-en-emergencia-ambiental-poblacion-se-une-para-enfrentar-el-derrame-de-petroleo-y-restaurar-su-mar-peruano\\\/\",\"url\":\"https:\\\/\\\/pulso27.com\\\/actualidad\\\/lobitos-en-emergencia-ambiental-poblacion-se-une-para-enfrentar-el-derrame-de-petroleo-y-restaurar-su-mar-peruano\\\/\",\"name\":\"Lobitos en emergencia ambiental: poblaci\u00f3n se une para enfrentar el derrame de petr\u00f3leo y restaurar su mar peruano - Pulso27\",\"isPartOf\":{\"@id\":\"https:\\\/\\\/pulso27.com\\\/en\\\/#website\"},\"primaryImageOfPage\":{\"@id\":\"https:\\\/\\\/pulso27.com\\\/actualidad\\\/lobitos-en-emergencia-ambiental-poblacion-se-une-para-enfrentar-el-derrame-de-petroleo-y-restaurar-su-mar-peruano\\\/#primaryimage\"},\"image\":{\"@id\":\"https:\\\/\\\/pulso27.com\\\/actualidad\\\/lobitos-en-emergencia-ambiental-poblacion-se-une-para-enfrentar-el-derrame-de-petroleo-y-restaurar-su-mar-peruano\\\/#primaryimage\"},\"thumbnailUrl\":\"https:\\\/\\\/pulso27.com\\\/wp-content\\\/uploads\\\/2024\\\/12\\\/Lobitoss.png\",\"datePublished\":\"2024-12-27T00:08:55+00:00\",\"dateModified\":\"2024-12-27T00:08:58+00:00\",\"breadcrumb\":{\"@id\":\"https:\\\/\\\/pulso27.com\\\/actualidad\\\/lobitos-en-emergencia-ambiental-poblacion-se-une-para-enfrentar-el-derrame-de-petroleo-y-restaurar-su-mar-peruano\\\/#breadcrumb\"},\"inLanguage\":\"en-US\",\"potentialAction\":[{\"@type\":\"ReadAction\",\"target\":[\"https:\\\/\\\/pulso27.com\\\/actualidad\\\/lobitos-en-emergencia-ambiental-poblacion-se-une-para-enfrentar-el-derrame-de-petroleo-y-restaurar-su-mar-peruano\\\/\"]}]},{\"@type\":\"ImageObject\",\"inLanguage\":\"en-US\",\"@id\":\"https:\\\/\\\/pulso27.com\\\/actualidad\\\/lobitos-en-emergencia-ambiental-poblacion-se-une-para-enfrentar-el-derrame-de-petroleo-y-restaurar-su-mar-peruano\\\/#primaryimage\",\"url\":\"https:\\\/\\\/pulso27.com\\\/wp-content\\\/uploads\\\/2024\\\/12\\\/Lobitoss.png\",\"contentUrl\":\"https:\\\/\\\/pulso27.com\\\/wp-content\\\/uploads\\\/2024\\\/12\\\/Lobitoss.png\",\"width\":1280,\"height\":800},{\"@type\":\"BreadcrumbList\",\"@id\":\"https:\\\/\\\/pulso27.com\\\/actualidad\\\/lobitos-en-emergencia-ambiental-poblacion-se-une-para-enfrentar-el-derrame-de-petroleo-y-restaurar-su-mar-peruano\\\/#breadcrumb\",\"itemListElement\":[{\"@type\":\"ListItem\",\"position\":1,\"name\":\"Portada\",\"item\":\"https:\\\/\\\/pulso27.com\\\/\"},{\"@type\":\"ListItem\",\"position\":2,\"name\":\"Lobitos en emergencia ambiental: poblaci\u00f3n se une para enfrentar el derrame de petr\u00f3leo y restaurar su mar peruano\"}]},{\"@type\":\"WebSite\",\"@id\":\"https:\\\/\\\/pulso27.com\\\/en\\\/#website\",\"url\":\"https:\\\/\\\/pulso27.com\\\/en\\\/\",\"name\":\"Pulso27\",\"description\":\"Web de noticias y publicidad\",\"publisher\":{\"@id\":\"https:\\\/\\\/pulso27.com\\\/en\\\/#organization\"},\"alternateName\":\"El pulso del pueblo\",\"potentialAction\":[{\"@type\":\"SearchAction\",\"target\":{\"@type\":\"EntryPoint\",\"urlTemplate\":\"https:\\\/\\\/pulso27.com\\\/en\\\/?s={search_term_string}\"},\"query-input\":{\"@type\":\"PropertyValueSpecification\",\"valueRequired\":true,\"valueName\":\"search_term_string\"}}],\"inLanguage\":\"en-US\"},{\"@type\":\"Organization\",\"@id\":\"https:\\\/\\\/pulso27.com\\\/en\\\/#organization\",\"name\":\"Pulso27\",\"url\":\"https:\\\/\\\/pulso27.com\\\/en\\\/\",\"logo\":{\"@type\":\"ImageObject\",\"inLanguage\":\"en-US\",\"@id\":\"https:\\\/\\\/pulso27.com\\\/en\\\/#\\\/schema\\\/logo\\\/image\\\/\",\"url\":\"https:\\\/\\\/pulso27.com\\\/wp-content\\\/uploads\\\/2026\\\/02\\\/Logotipo-de-la-organizacion-696-x-696-px-ok.png\",\"contentUrl\":\"https:\\\/\\\/pulso27.com\\\/wp-content\\\/uploads\\\/2026\\\/02\\\/Logotipo-de-la-organizacion-696-x-696-px-ok.png\",\"width\":696,\"height\":696,\"caption\":\"Pulso27\"},\"image\":{\"@id\":\"https:\\\/\\\/pulso27.com\\\/en\\\/#\\\/schema\\\/logo\\\/image\\\/\"},\"sameAs\":[\"https:\\\/\\\/www.facebook.com\\\/pulso27\\\/\",\"https:\\\/\\\/x.com\\\/Pulso_27\",\"https:\\\/\\\/www.youtube.com\\\/@Pulso27\",\"https:\\\/\\\/www.tiktok.com\\\/@pulso_27\"]},{\"@type\":\"Person\",\"@id\":\"https:\\\/\\\/pulso27.com\\\/en\\\/#\\\/schema\\\/person\\\/92f5059eb04cb644a32d22c9bc998684\",\"name\":\"Maga\",\"image\":{\"@type\":\"ImageObject\",\"inLanguage\":\"en-US\",\"@id\":\"https:\\\/\\\/secure.gravatar.com\\\/avatar\\\/c4d5224d4227e7c057cd5793ba910425cc902f3aef97cda3eccc7acba8be2edc?s=96&d=mm&r=g\",\"url\":\"https:\\\/\\\/secure.gravatar.com\\\/avatar\\\/c4d5224d4227e7c057cd5793ba910425cc902f3aef97cda3eccc7acba8be2edc?s=96&d=mm&r=g\",\"contentUrl\":\"https:\\\/\\\/secure.gravatar.com\\\/avatar\\\/c4d5224d4227e7c057cd5793ba910425cc902f3aef97cda3eccc7acba8be2edc?s=96&d=mm&r=g\",\"caption\":\"Maga\"},\"sameAs\":[\"http:\\\/\\\/www.pulso27.com\"],\"url\":\"https:\\\/\\\/pulso27.com\\\/en\\\/author\\\/maga\\\/\"}]}<\/script>\n<!-- \/ Yoast SEO plugin. -->","yoast_head_json":{"title":"Lobitos en emergencia ambiental: poblaci\u00f3n se une para enfrentar el derrame de petr\u00f3leo y restaurar su mar peruano - Pulso27","robots":{"index":"index","follow":"follow","max-snippet":"max-snippet:-1","max-image-preview":"max-image-preview:large","max-video-preview":"max-video-preview:-1"},"canonical":"https:\/\/pulso27.com\/en\/actualidad\/lobitos-en-emergencia-ambiental-poblacion-se-une-para-enfrentar-el-derrame-de-petroleo-y-restaurar-su-mar-peruano\/","og_locale":"en_US","og_type":"article","og_title":"Lobitos en emergencia ambiental: poblaci\u00f3n se une para enfrentar el derrame de petr\u00f3leo y restaurar su mar peruano - Pulso27","og_description":"El hist\u00f3rico distrito de Lobitos, en Piura, vive uno de los episodios m\u00e1s desafiantes de su historia tras el derrame de petr\u00f3leo ocurrido el pasado viernes durante maniobras de embarque en la Refiner\u00eda de Talara, operada por Petroper\u00fa. A pesar de la devastaci\u00f3n ambiental, la respuesta unificada de la comunidad local y las acciones de [&hellip;]","og_url":"https:\/\/pulso27.com\/en\/actualidad\/lobitos-en-emergencia-ambiental-poblacion-se-une-para-enfrentar-el-derrame-de-petroleo-y-restaurar-su-mar-peruano\/","og_site_name":"Pulso27","article_publisher":"https:\/\/www.facebook.com\/pulso27\/","article_published_time":"2024-12-27T00:08:55+00:00","article_modified_time":"2024-12-27T00:08:58+00:00","og_image":[{"width":1280,"height":800,"url":"https:\/\/pulso27.com\/wp-content\/uploads\/2024\/12\/Lobitoss.png","type":"image\/png"}],"author":"Maga","twitter_card":"summary_large_image","twitter_creator":"@Pulso_27","twitter_site":"@Pulso_27","twitter_misc":{"Written by":"Maga","Est. reading time":"3 minutes"},"schema":{"@context":"https:\/\/schema.org","@graph":[{"@type":"Article","@id":"https:\/\/pulso27.com\/actualidad\/lobitos-en-emergencia-ambiental-poblacion-se-une-para-enfrentar-el-derrame-de-petroleo-y-restaurar-su-mar-peruano\/#article","isPartOf":{"@id":"https:\/\/pulso27.com\/actualidad\/lobitos-en-emergencia-ambiental-poblacion-se-une-para-enfrentar-el-derrame-de-petroleo-y-restaurar-su-mar-peruano\/"},"author":{"name":"Maga","@id":"https:\/\/pulso27.com\/en\/#\/schema\/person\/92f5059eb04cb644a32d22c9bc998684"},"headline":"Lobitos en emergencia ambiental: poblaci\u00f3n se une para enfrentar el derrame de petr\u00f3leo y restaurar su mar peruano","datePublished":"2024-12-27T00:08:55+00:00","dateModified":"2024-12-27T00:08:58+00:00","mainEntityOfPage":{"@id":"https:\/\/pulso27.com\/actualidad\/lobitos-en-emergencia-ambiental-poblacion-se-une-para-enfrentar-el-derrame-de-petroleo-y-restaurar-su-mar-peruano\/"},"wordCount":478,"commentCount":0,"publisher":{"@id":"https:\/\/pulso27.com\/en\/#organization"},"image":{"@id":"https:\/\/pulso27.com\/actualidad\/lobitos-en-emergencia-ambiental-poblacion-se-une-para-enfrentar-el-derrame-de-petroleo-y-restaurar-su-mar-peruano\/#primaryimage"},"thumbnailUrl":"https:\/\/pulso27.com\/wp-content\/uploads\/2024\/12\/Lobitoss.png","keywords":["MINAM","OEFA","Petr\u00f3leo","Petroper\u00fa"],"articleSection":["Actualidad","Ambiente","Regional"],"inLanguage":"en-US","potentialAction":[{"@type":"CommentAction","name":"Comment","target":["https:\/\/pulso27.com\/actualidad\/lobitos-en-emergencia-ambiental-poblacion-se-une-para-enfrentar-el-derrame-de-petroleo-y-restaurar-su-mar-peruano\/#respond"]}]},{"@type":"WebPage","@id":"https:\/\/pulso27.com\/actualidad\/lobitos-en-emergencia-ambiental-poblacion-se-une-para-enfrentar-el-derrame-de-petroleo-y-restaurar-su-mar-peruano\/","url":"https:\/\/pulso27.com\/actualidad\/lobitos-en-emergencia-ambiental-poblacion-se-une-para-enfrentar-el-derrame-de-petroleo-y-restaurar-su-mar-peruano\/","name":"Lobitos en emergencia ambiental: poblaci\u00f3n se une para enfrentar el derrame de petr\u00f3leo y restaurar su mar peruano - Pulso27","isPartOf":{"@id":"https:\/\/pulso27.com\/en\/#website"},"primaryImageOfPage":{"@id":"https:\/\/pulso27.com\/actualidad\/lobitos-en-emergencia-ambiental-poblacion-se-une-para-enfrentar-el-derrame-de-petroleo-y-restaurar-su-mar-peruano\/#primaryimage"},"image":{"@id":"https:\/\/pulso27.com\/actualidad\/lobitos-en-emergencia-ambiental-poblacion-se-une-para-enfrentar-el-derrame-de-petroleo-y-restaurar-su-mar-peruano\/#primaryimage"},"thumbnailUrl":"https:\/\/pulso27.com\/wp-content\/uploads\/2024\/12\/Lobitoss.png","datePublished":"2024-12-27T00:08:55+00:00","dateModified":"2024-12-27T00:08:58+00:00","breadcrumb":{"@id":"https:\/\/pulso27.com\/actualidad\/lobitos-en-emergencia-ambiental-poblacion-se-une-para-enfrentar-el-derrame-de-petroleo-y-restaurar-su-mar-peruano\/#breadcrumb"},"inLanguage":"en-US","potentialAction":[{"@type":"ReadAction","target":["https:\/\/pulso27.com\/actualidad\/lobitos-en-emergencia-ambiental-poblacion-se-une-para-enfrentar-el-derrame-de-petroleo-y-restaurar-su-mar-peruano\/"]}]},{"@type":"ImageObject","inLanguage":"en-US","@id":"https:\/\/pulso27.com\/actualidad\/lobitos-en-emergencia-ambiental-poblacion-se-une-para-enfrentar-el-derrame-de-petroleo-y-restaurar-su-mar-peruano\/#primaryimage","url":"https:\/\/pulso27.com\/wp-content\/uploads\/2024\/12\/Lobitoss.png","contentUrl":"https:\/\/pulso27.com\/wp-content\/uploads\/2024\/12\/Lobitoss.png","width":1280,"height":800},{"@type":"BreadcrumbList","@id":"https:\/\/pulso27.com\/actualidad\/lobitos-en-emergencia-ambiental-poblacion-se-une-para-enfrentar-el-derrame-de-petroleo-y-restaurar-su-mar-peruano\/#breadcrumb","itemListElement":[{"@type":"ListItem","position":1,"name":"Portada","item":"https:\/\/pulso27.com\/"},{"@type":"ListItem","position":2,"name":"Lobitos en emergencia ambiental: poblaci\u00f3n se une para enfrentar el derrame de petr\u00f3leo y restaurar su mar peruano"}]},{"@type":"WebSite","@id":"https:\/\/pulso27.com\/en\/#website","url":"https:\/\/pulso27.com\/en\/","name":"Pulso27","description":"Web de noticias y publicidad","publisher":{"@id":"https:\/\/pulso27.com\/en\/#organization"},"alternateName":"El pulso del pueblo","potentialAction":[{"@type":"SearchAction","target":{"@type":"EntryPoint","urlTemplate":"https:\/\/pulso27.com\/en\/?s={search_term_string}"},"query-input":{"@type":"PropertyValueSpecification","valueRequired":true,"valueName":"search_term_string"}}],"inLanguage":"en-US"},{"@type":"Organization","@id":"https:\/\/pulso27.com\/en\/#organization","name":"Pulso27","url":"https:\/\/pulso27.com\/en\/","logo":{"@type":"ImageObject","inLanguage":"en-US","@id":"https:\/\/pulso27.com\/en\/#\/schema\/logo\/image\/","url":"https:\/\/pulso27.com\/wp-content\/uploads\/2026\/02\/Logotipo-de-la-organizacion-696-x-696-px-ok.png","contentUrl":"https:\/\/pulso27.com\/wp-content\/uploads\/2026\/02\/Logotipo-de-la-organizacion-696-x-696-px-ok.png","width":696,"height":696,"caption":"Pulso27"},"image":{"@id":"https:\/\/pulso27.com\/en\/#\/schema\/logo\/image\/"},"sameAs":["https:\/\/www.facebook.com\/pulso27\/","https:\/\/x.com\/Pulso_27","https:\/\/www.youtube.com\/@Pulso27","https:\/\/www.tiktok.com\/@pulso_27"]},{"@type":"Person","@id":"https:\/\/pulso27.com\/en\/#\/schema\/person\/92f5059eb04cb644a32d22c9bc998684","name":"Maga","image":{"@type":"ImageObject","inLanguage":"en-US","@id":"https:\/\/secure.gravatar.com\/avatar\/c4d5224d4227e7c057cd5793ba910425cc902f3aef97cda3eccc7acba8be2edc?s=96&d=mm&r=g","url":"https:\/\/secure.gravatar.com\/avatar\/c4d5224d4227e7c057cd5793ba910425cc902f3aef97cda3eccc7acba8be2edc?s=96&d=mm&r=g","contentUrl":"https:\/\/secure.gravatar.com\/avatar\/c4d5224d4227e7c057cd5793ba910425cc902f3aef97cda3eccc7acba8be2edc?s=96&d=mm&r=g","caption":"Maga"},"sameAs":["http:\/\/www.pulso27.com"],"url":"https:\/\/pulso27.com\/en\/author\/maga\/"}]}},"amp_enabled":true,"_links":{"self":[{"href":"https:\/\/pulso27.com\/en\/wp-json\/wp\/v2\/posts\/3311","targetHints":{"allow":["GET"]}}],"collection":[{"href":"https:\/\/pulso27.com\/en\/wp-json\/wp\/v2\/posts"}],"about":[{"href":"https:\/\/pulso27.com\/en\/wp-json\/wp\/v2\/types\/post"}],"author":[{"embeddable":true,"href":"https:\/\/pulso27.com\/en\/wp-json\/wp\/v2\/users\/8"}],"replies":[{"embeddable":true,"href":"https:\/\/pulso27.com\/en\/wp-json\/wp\/v2\/comments?post=3311"}],"version-history":[{"count":2,"href":"https:\/\/pulso27.com\/en\/wp-json\/wp\/v2\/posts\/3311\/revisions"}],"predecessor-version":[{"id":3320,"href":"https:\/\/pulso27.com\/en\/wp-json\/wp\/v2\/posts\/3311\/revisions\/3320"}],"wp:featuredmedia":[{"embeddable":true,"href":"https:\/\/pulso27.com\/en\/wp-json\/wp\/v2\/media\/3314"}],"wp:attachment":[{"href":"https:\/\/pulso27.com\/en\/wp-json\/wp\/v2\/media?parent=3311"}],"wp:term":[{"taxonomy":"category","embeddable":true,"href":"https:\/\/pulso27.com\/en\/wp-json\/wp\/v2\/categories?post=3311"},{"taxonomy":"post_tag","embeddable":true,"href":"https:\/\/pulso27.com\/en\/wp-json\/wp\/v2\/tags?post=3311"}],"curies":[{"name":"wp","href":"https:\/\/api.w.org\/{rel}","templated":true}]}}