{"id":3341,"date":"2024-12-29T02:43:49","date_gmt":"2024-12-28T21:43:49","guid":{"rendered":"https:\/\/pulso27.com\/?p=3341"},"modified":"2024-12-29T02:43:52","modified_gmt":"2024-12-28T21:43:52","slug":"oleaje-anomalo-golpea-la-costa-peruana-por-falta-de-prevision-de-autoridades-nacionales-regionales-y-locales","status":"publish","type":"post","link":"https:\/\/pulso27.com\/en\/actualidad\/oleaje-anomalo-golpea-la-costa-peruana-por-falta-de-prevision-de-autoridades-nacionales-regionales-y-locales\/","title":{"rendered":"Oleaje an\u00f3malo golpea la costa peruana por falta de previsi\u00f3n de autoridades nacionales, regionales y locales"},"content":{"rendered":"<p>Desde el 25 de diciembre de 2024, la costa peruana ha sido azotada por un oleaje an\u00f3malo con olas de hasta cuatro metros de altura, afectando gravemente a ciudades pesqueras y tur\u00edsticas. Este fen\u00f3meno, ha causado inundaciones, destrucci\u00f3n de embarcaciones y cierre de m\u00e1s de 90 puertos en el litoral peruano.<\/p>\n\n\n\n<p>En el norte del pa\u00eds, regiones como Tumbes y Piura han sufrido da\u00f1os significativos. Pescadores artesanales se encuentran sin poder trabajar debido a la imposibilidad de salir al mar y la destrucci\u00f3n de sus embarcaciones. Se estima que al menos 3,000 pescadores han quedado sin sustento.<\/p>\n\n\n\n<figure class=\"wp-block-image size-full\"><img loading=\"lazy\" decoding=\"async\" width=\"824\" height=\"464\" src=\"https:\/\/pulso27.com\/wp-content\/uploads\/2024\/12\/image-79.png\" alt=\"\" class=\"wp-image-3345\" srcset=\"https:\/\/pulso27.com\/wp-content\/uploads\/2024\/12\/image-79.png 824w, https:\/\/pulso27.com\/wp-content\/uploads\/2024\/12\/image-79-300x169.png 300w, https:\/\/pulso27.com\/wp-content\/uploads\/2024\/12\/image-79-768x432.png 768w, https:\/\/pulso27.com\/wp-content\/uploads\/2024\/12\/image-79-18x10.png 18w\" sizes=\"auto, (max-width: 824px) 100vw, 824px\" \/><figcaption class=\"wp-element-caption\"><em>El ministro Juan Carlos Castro minimiz\u00f3 impactos de un fen\u00f3meno natural<\/em><\/figcaption><\/figure>\n\n\n\n<p>La infraestructura tur\u00edstica tambi\u00e9n ha sido severamente afectada. En Zorritos, Tumbes, se reporta la cancelaci\u00f3n del 70% al 80% de las reservas en hospedajes, con da\u00f1os en al menos 600 establecimientos hoteleros en \u00e1reas como Canoas, Acapulco, Bonanza y \u00d3rganos. Luis Le\u00f3n, propietario de un hotel en la playa, critic\u00f3 la falta de medidas preventivas por parte de las autoridades, afirmando que \u00abla Marina, la Capitan\u00eda y las autoridades locales han fallado\u00bb.<\/p>\n\n\n\n<p>La Direcci\u00f3n de Hidrograf\u00eda y Navegaci\u00f3n de la Marina de Guerra del Per\u00fa hab\u00eda emitido alertas sobre el fen\u00f3meno, indicando que se extender\u00eda hasta el 1 de enero de 2025. Sin embargo, la respuesta de las autoridades nacionales y subnacionales ha sido cuestionada por su falta de previsi\u00f3n y acci\u00f3n oportuna. El cierre de m\u00e1s de 90 puertos, incluyendo terminales portuarios, caletas, muelles y embarcaderos, se realiz\u00f3 cuando los da\u00f1os ya eran evidentes.<\/p>\n\n\n\n<p>La situaci\u00f3n se agrava considerando que las comunidades afectadas ya enfrentaban dificultades por un derrame de petr\u00f3leo ocurrido d\u00edas antes en la Refiner\u00eda Talara, que devast\u00f3 las costas del norte de Per\u00fa y afect\u00f3 severamente a la fauna marina.<\/p>\n\n\n\n<figure class=\"wp-block-image size-full\"><img loading=\"lazy\" decoding=\"async\" width=\"760\" height=\"507\" src=\"https:\/\/pulso27.com\/wp-content\/uploads\/2024\/12\/image-78.png\" alt=\"\" class=\"wp-image-3344\" srcset=\"https:\/\/pulso27.com\/wp-content\/uploads\/2024\/12\/image-78.png 760w, https:\/\/pulso27.com\/wp-content\/uploads\/2024\/12\/image-78-300x200.png 300w, https:\/\/pulso27.com\/wp-content\/uploads\/2024\/12\/image-78-18x12.png 18w\" sizes=\"auto, (max-width: 760px) 100vw, 760px\" \/><\/figure>\n\n\n\n<p>La falta de una respuesta coordinada y efectiva por parte de las autoridades ha dejado a miles de peruanos en situaci\u00f3n de vulnerabilidad, evidenciando la necesidad urgente de mejorar los sistemas de alerta temprana y la implementaci\u00f3n de medidas preventivas para mitigar el impacto de fen\u00f3menos naturales en el pa\u00eds.<\/p>\n\n\n\n<p>Se espera que el oleaje alcance su pico durante el fin de semana, empeorando la situaci\u00f3n. Las autoridades locales exhortan a la poblaci\u00f3n a no ingresar al mar y a seguir las recomendaciones de seguridad.<\/p>\n\n\n\n<p>Para una cobertura visual de los estragos causados por el oleaje an\u00f3malo, puede ver el siguiente informe:<\/p>","protected":false},"excerpt":{"rendered":"<p>Desde el 25 de diciembre de 2024, la costa peruana ha sido azotada por un oleaje an\u00f3malo con olas de hasta cuatro metros de altura, afectando gravemente a ciudades pesqueras y tur\u00edsticas. Este fen\u00f3meno, ha causado inundaciones, destrucci\u00f3n de embarcaciones y cierre de m\u00e1s de 90 puertos en el litoral peruano. En el norte del [&hellip;]<\/p>\n","protected":false},"author":8,"featured_media":3343,"comment_status":"open","ping_status":"open","sticky":false,"template":"","format":"standard","meta":{"footnotes":""},"categories":[183,1847,174,1852],"tags":[1980,1978,1979],"class_list":["post-3341","post","type-post","status-publish","format-standard","has-post-thumbnail","hentry","category-actualidad","category-ambiente","category-nacional","category-tendencia","tag-mardelperu","tag-maretazo","tag-oleajeanomalo"],"yoast_head":"<!-- This site is optimized with the Yoast SEO plugin v27.4 - https:\/\/yoast.com\/product\/yoast-seo-wordpress\/ -->\n<title>Oleaje an\u00f3malo golpea la costa peruana por falta de previsi\u00f3n de autoridades nacionales, regionales y locales - Pulso27<\/title>\n<meta name=\"robots\" content=\"index, follow, max-snippet:-1, max-image-preview:large, max-video-preview:-1\" \/>\n<link rel=\"canonical\" href=\"https:\/\/pulso27.com\/en\/nacional\/oleaje-anomalo-golpea-la-costa-peruana-por-falta-de-prevision-de-autoridades-nacionales-regionales-y-locales\/\" \/>\n<meta property=\"og:locale\" content=\"en_US\" \/>\n<meta property=\"og:type\" content=\"article\" \/>\n<meta property=\"og:title\" content=\"Oleaje an\u00f3malo golpea la costa peruana por falta de previsi\u00f3n de autoridades nacionales, regionales y locales - Pulso27\" \/>\n<meta property=\"og:description\" content=\"Desde el 25 de diciembre de 2024, la costa peruana ha sido azotada por un oleaje an\u00f3malo con olas de hasta cuatro metros de altura, afectando gravemente a ciudades pesqueras y tur\u00edsticas. Este fen\u00f3meno, ha causado inundaciones, destrucci\u00f3n de embarcaciones y cierre de m\u00e1s de 90 puertos en el litoral peruano. En el norte del [&hellip;]\" \/>\n<meta property=\"og:url\" content=\"https:\/\/pulso27.com\/en\/nacional\/oleaje-anomalo-golpea-la-costa-peruana-por-falta-de-prevision-de-autoridades-nacionales-regionales-y-locales\/\" \/>\n<meta property=\"og:site_name\" content=\"Pulso27\" \/>\n<meta property=\"article:publisher\" content=\"https:\/\/www.facebook.com\/pulso27\/\" \/>\n<meta property=\"article:published_time\" content=\"2024-12-28T21:43:49+00:00\" \/>\n<meta property=\"article:modified_time\" content=\"2024-12-28T21:43:52+00:00\" \/>\n<meta property=\"og:image\" content=\"https:\/\/pulso27.com\/wp-content\/uploads\/2024\/12\/Oleaje.png\" \/>\n\t<meta property=\"og:image:width\" content=\"1200\" \/>\n\t<meta property=\"og:image:height\" content=\"768\" \/>\n\t<meta property=\"og:image:type\" content=\"image\/png\" \/>\n<meta name=\"author\" content=\"Maga\" \/>\n<meta name=\"twitter:card\" content=\"summary_large_image\" \/>\n<meta name=\"twitter:creator\" content=\"@Pulso_27\" \/>\n<meta name=\"twitter:site\" content=\"@Pulso_27\" \/>\n<meta name=\"twitter:label1\" content=\"Written by\" \/>\n\t<meta name=\"twitter:data1\" content=\"Maga\" \/>\n\t<meta name=\"twitter:label2\" content=\"Est. reading time\" \/>\n\t<meta name=\"twitter:data2\" content=\"3 minutes\" \/>\n<script type=\"application\/ld+json\" class=\"yoast-schema-graph\">{\"@context\":\"https:\\\/\\\/schema.org\",\"@graph\":[{\"@type\":\"Article\",\"@id\":\"https:\\\/\\\/pulso27.com\\\/nacional\\\/oleaje-anomalo-golpea-la-costa-peruana-por-falta-de-prevision-de-autoridades-nacionales-regionales-y-locales\\\/#article\",\"isPartOf\":{\"@id\":\"https:\\\/\\\/pulso27.com\\\/nacional\\\/oleaje-anomalo-golpea-la-costa-peruana-por-falta-de-prevision-de-autoridades-nacionales-regionales-y-locales\\\/\"},\"author\":{\"name\":\"Maga\",\"@id\":\"https:\\\/\\\/pulso27.com\\\/en\\\/#\\\/schema\\\/person\\\/92f5059eb04cb644a32d22c9bc998684\"},\"headline\":\"Oleaje an\u00f3malo golpea la costa peruana por falta de previsi\u00f3n de autoridades nacionales, regionales y locales\",\"datePublished\":\"2024-12-28T21:43:49+00:00\",\"dateModified\":\"2024-12-28T21:43:52+00:00\",\"mainEntityOfPage\":{\"@id\":\"https:\\\/\\\/pulso27.com\\\/nacional\\\/oleaje-anomalo-golpea-la-costa-peruana-por-falta-de-prevision-de-autoridades-nacionales-regionales-y-locales\\\/\"},\"wordCount\":438,\"commentCount\":0,\"publisher\":{\"@id\":\"https:\\\/\\\/pulso27.com\\\/en\\\/#organization\"},\"image\":{\"@id\":\"https:\\\/\\\/pulso27.com\\\/nacional\\\/oleaje-anomalo-golpea-la-costa-peruana-por-falta-de-prevision-de-autoridades-nacionales-regionales-y-locales\\\/#primaryimage\"},\"thumbnailUrl\":\"https:\\\/\\\/pulso27.com\\\/wp-content\\\/uploads\\\/2024\\\/12\\\/Oleaje.png\",\"keywords\":[\"MarDelPer\u00fa\",\"Maretazo\",\"OleajeAn\u00f3malo\"],\"articleSection\":[\"Actualidad\",\"Ambiente\",\"Nacional\",\"Tendencia\"],\"inLanguage\":\"en-US\",\"potentialAction\":[{\"@type\":\"CommentAction\",\"name\":\"Comment\",\"target\":[\"https:\\\/\\\/pulso27.com\\\/nacional\\\/oleaje-anomalo-golpea-la-costa-peruana-por-falta-de-prevision-de-autoridades-nacionales-regionales-y-locales\\\/#respond\"]}]},{\"@type\":\"WebPage\",\"@id\":\"https:\\\/\\\/pulso27.com\\\/nacional\\\/oleaje-anomalo-golpea-la-costa-peruana-por-falta-de-prevision-de-autoridades-nacionales-regionales-y-locales\\\/\",\"url\":\"https:\\\/\\\/pulso27.com\\\/nacional\\\/oleaje-anomalo-golpea-la-costa-peruana-por-falta-de-prevision-de-autoridades-nacionales-regionales-y-locales\\\/\",\"name\":\"Oleaje an\u00f3malo golpea la costa peruana por falta de previsi\u00f3n de autoridades nacionales, regionales y locales - Pulso27\",\"isPartOf\":{\"@id\":\"https:\\\/\\\/pulso27.com\\\/en\\\/#website\"},\"primaryImageOfPage\":{\"@id\":\"https:\\\/\\\/pulso27.com\\\/nacional\\\/oleaje-anomalo-golpea-la-costa-peruana-por-falta-de-prevision-de-autoridades-nacionales-regionales-y-locales\\\/#primaryimage\"},\"image\":{\"@id\":\"https:\\\/\\\/pulso27.com\\\/nacional\\\/oleaje-anomalo-golpea-la-costa-peruana-por-falta-de-prevision-de-autoridades-nacionales-regionales-y-locales\\\/#primaryimage\"},\"thumbnailUrl\":\"https:\\\/\\\/pulso27.com\\\/wp-content\\\/uploads\\\/2024\\\/12\\\/Oleaje.png\",\"datePublished\":\"2024-12-28T21:43:49+00:00\",\"dateModified\":\"2024-12-28T21:43:52+00:00\",\"breadcrumb\":{\"@id\":\"https:\\\/\\\/pulso27.com\\\/nacional\\\/oleaje-anomalo-golpea-la-costa-peruana-por-falta-de-prevision-de-autoridades-nacionales-regionales-y-locales\\\/#breadcrumb\"},\"inLanguage\":\"en-US\",\"potentialAction\":[{\"@type\":\"ReadAction\",\"target\":[\"https:\\\/\\\/pulso27.com\\\/nacional\\\/oleaje-anomalo-golpea-la-costa-peruana-por-falta-de-prevision-de-autoridades-nacionales-regionales-y-locales\\\/\"]}]},{\"@type\":\"ImageObject\",\"inLanguage\":\"en-US\",\"@id\":\"https:\\\/\\\/pulso27.com\\\/nacional\\\/oleaje-anomalo-golpea-la-costa-peruana-por-falta-de-prevision-de-autoridades-nacionales-regionales-y-locales\\\/#primaryimage\",\"url\":\"https:\\\/\\\/pulso27.com\\\/wp-content\\\/uploads\\\/2024\\\/12\\\/Oleaje.png\",\"contentUrl\":\"https:\\\/\\\/pulso27.com\\\/wp-content\\\/uploads\\\/2024\\\/12\\\/Oleaje.png\",\"width\":1200,\"height\":768},{\"@type\":\"BreadcrumbList\",\"@id\":\"https:\\\/\\\/pulso27.com\\\/nacional\\\/oleaje-anomalo-golpea-la-costa-peruana-por-falta-de-prevision-de-autoridades-nacionales-regionales-y-locales\\\/#breadcrumb\",\"itemListElement\":[{\"@type\":\"ListItem\",\"position\":1,\"name\":\"Portada\",\"item\":\"https:\\\/\\\/pulso27.com\\\/\"},{\"@type\":\"ListItem\",\"position\":2,\"name\":\"Oleaje an\u00f3malo golpea la costa peruana por falta de previsi\u00f3n de autoridades nacionales, regionales y locales\"}]},{\"@type\":\"WebSite\",\"@id\":\"https:\\\/\\\/pulso27.com\\\/en\\\/#website\",\"url\":\"https:\\\/\\\/pulso27.com\\\/en\\\/\",\"name\":\"Pulso27\",\"description\":\"Web de noticias y publicidad\",\"publisher\":{\"@id\":\"https:\\\/\\\/pulso27.com\\\/en\\\/#organization\"},\"alternateName\":\"El pulso del pueblo\",\"potentialAction\":[{\"@type\":\"SearchAction\",\"target\":{\"@type\":\"EntryPoint\",\"urlTemplate\":\"https:\\\/\\\/pulso27.com\\\/en\\\/?s={search_term_string}\"},\"query-input\":{\"@type\":\"PropertyValueSpecification\",\"valueRequired\":true,\"valueName\":\"search_term_string\"}}],\"inLanguage\":\"en-US\"},{\"@type\":\"Organization\",\"@id\":\"https:\\\/\\\/pulso27.com\\\/en\\\/#organization\",\"name\":\"Pulso27\",\"url\":\"https:\\\/\\\/pulso27.com\\\/en\\\/\",\"logo\":{\"@type\":\"ImageObject\",\"inLanguage\":\"en-US\",\"@id\":\"https:\\\/\\\/pulso27.com\\\/en\\\/#\\\/schema\\\/logo\\\/image\\\/\",\"url\":\"https:\\\/\\\/pulso27.com\\\/wp-content\\\/uploads\\\/2026\\\/02\\\/Logotipo-de-la-organizacion-696-x-696-px-ok.png\",\"contentUrl\":\"https:\\\/\\\/pulso27.com\\\/wp-content\\\/uploads\\\/2026\\\/02\\\/Logotipo-de-la-organizacion-696-x-696-px-ok.png\",\"width\":696,\"height\":696,\"caption\":\"Pulso27\"},\"image\":{\"@id\":\"https:\\\/\\\/pulso27.com\\\/en\\\/#\\\/schema\\\/logo\\\/image\\\/\"},\"sameAs\":[\"https:\\\/\\\/www.facebook.com\\\/pulso27\\\/\",\"https:\\\/\\\/x.com\\\/Pulso_27\",\"https:\\\/\\\/www.youtube.com\\\/@Pulso27\",\"https:\\\/\\\/www.tiktok.com\\\/@pulso_27\"]},{\"@type\":\"Person\",\"@id\":\"https:\\\/\\\/pulso27.com\\\/en\\\/#\\\/schema\\\/person\\\/92f5059eb04cb644a32d22c9bc998684\",\"name\":\"Maga\",\"image\":{\"@type\":\"ImageObject\",\"inLanguage\":\"en-US\",\"@id\":\"https:\\\/\\\/secure.gravatar.com\\\/avatar\\\/c4d5224d4227e7c057cd5793ba910425cc902f3aef97cda3eccc7acba8be2edc?s=96&d=mm&r=g\",\"url\":\"https:\\\/\\\/secure.gravatar.com\\\/avatar\\\/c4d5224d4227e7c057cd5793ba910425cc902f3aef97cda3eccc7acba8be2edc?s=96&d=mm&r=g\",\"contentUrl\":\"https:\\\/\\\/secure.gravatar.com\\\/avatar\\\/c4d5224d4227e7c057cd5793ba910425cc902f3aef97cda3eccc7acba8be2edc?s=96&d=mm&r=g\",\"caption\":\"Maga\"},\"sameAs\":[\"http:\\\/\\\/www.pulso27.com\"],\"url\":\"https:\\\/\\\/pulso27.com\\\/en\\\/author\\\/maga\\\/\"}]}<\/script>\n<!-- \/ Yoast SEO plugin. -->","yoast_head_json":{"title":"Oleaje an\u00f3malo golpea la costa peruana por falta de previsi\u00f3n de autoridades nacionales, regionales y locales - Pulso27","robots":{"index":"index","follow":"follow","max-snippet":"max-snippet:-1","max-image-preview":"max-image-preview:large","max-video-preview":"max-video-preview:-1"},"canonical":"https:\/\/pulso27.com\/en\/nacional\/oleaje-anomalo-golpea-la-costa-peruana-por-falta-de-prevision-de-autoridades-nacionales-regionales-y-locales\/","og_locale":"en_US","og_type":"article","og_title":"Oleaje an\u00f3malo golpea la costa peruana por falta de previsi\u00f3n de autoridades nacionales, regionales y locales - Pulso27","og_description":"Desde el 25 de diciembre de 2024, la costa peruana ha sido azotada por un oleaje an\u00f3malo con olas de hasta cuatro metros de altura, afectando gravemente a ciudades pesqueras y tur\u00edsticas. Este fen\u00f3meno, ha causado inundaciones, destrucci\u00f3n de embarcaciones y cierre de m\u00e1s de 90 puertos en el litoral peruano. En el norte del [&hellip;]","og_url":"https:\/\/pulso27.com\/en\/nacional\/oleaje-anomalo-golpea-la-costa-peruana-por-falta-de-prevision-de-autoridades-nacionales-regionales-y-locales\/","og_site_name":"Pulso27","article_publisher":"https:\/\/www.facebook.com\/pulso27\/","article_published_time":"2024-12-28T21:43:49+00:00","article_modified_time":"2024-12-28T21:43:52+00:00","og_image":[{"width":1200,"height":768,"url":"https:\/\/pulso27.com\/wp-content\/uploads\/2024\/12\/Oleaje.png","type":"image\/png"}],"author":"Maga","twitter_card":"summary_large_image","twitter_creator":"@Pulso_27","twitter_site":"@Pulso_27","twitter_misc":{"Written by":"Maga","Est. reading time":"3 minutes"},"schema":{"@context":"https:\/\/schema.org","@graph":[{"@type":"Article","@id":"https:\/\/pulso27.com\/nacional\/oleaje-anomalo-golpea-la-costa-peruana-por-falta-de-prevision-de-autoridades-nacionales-regionales-y-locales\/#article","isPartOf":{"@id":"https:\/\/pulso27.com\/nacional\/oleaje-anomalo-golpea-la-costa-peruana-por-falta-de-prevision-de-autoridades-nacionales-regionales-y-locales\/"},"author":{"name":"Maga","@id":"https:\/\/pulso27.com\/en\/#\/schema\/person\/92f5059eb04cb644a32d22c9bc998684"},"headline":"Oleaje an\u00f3malo golpea la costa peruana por falta de previsi\u00f3n de autoridades nacionales, regionales y locales","datePublished":"2024-12-28T21:43:49+00:00","dateModified":"2024-12-28T21:43:52+00:00","mainEntityOfPage":{"@id":"https:\/\/pulso27.com\/nacional\/oleaje-anomalo-golpea-la-costa-peruana-por-falta-de-prevision-de-autoridades-nacionales-regionales-y-locales\/"},"wordCount":438,"commentCount":0,"publisher":{"@id":"https:\/\/pulso27.com\/en\/#organization"},"image":{"@id":"https:\/\/pulso27.com\/nacional\/oleaje-anomalo-golpea-la-costa-peruana-por-falta-de-prevision-de-autoridades-nacionales-regionales-y-locales\/#primaryimage"},"thumbnailUrl":"https:\/\/pulso27.com\/wp-content\/uploads\/2024\/12\/Oleaje.png","keywords":["MarDelPer\u00fa","Maretazo","OleajeAn\u00f3malo"],"articleSection":["Actualidad","Ambiente","Nacional","Tendencia"],"inLanguage":"en-US","potentialAction":[{"@type":"CommentAction","name":"Comment","target":["https:\/\/pulso27.com\/nacional\/oleaje-anomalo-golpea-la-costa-peruana-por-falta-de-prevision-de-autoridades-nacionales-regionales-y-locales\/#respond"]}]},{"@type":"WebPage","@id":"https:\/\/pulso27.com\/nacional\/oleaje-anomalo-golpea-la-costa-peruana-por-falta-de-prevision-de-autoridades-nacionales-regionales-y-locales\/","url":"https:\/\/pulso27.com\/nacional\/oleaje-anomalo-golpea-la-costa-peruana-por-falta-de-prevision-de-autoridades-nacionales-regionales-y-locales\/","name":"Oleaje an\u00f3malo golpea la costa peruana por falta de previsi\u00f3n de autoridades nacionales, regionales y locales - Pulso27","isPartOf":{"@id":"https:\/\/pulso27.com\/en\/#website"},"primaryImageOfPage":{"@id":"https:\/\/pulso27.com\/nacional\/oleaje-anomalo-golpea-la-costa-peruana-por-falta-de-prevision-de-autoridades-nacionales-regionales-y-locales\/#primaryimage"},"image":{"@id":"https:\/\/pulso27.com\/nacional\/oleaje-anomalo-golpea-la-costa-peruana-por-falta-de-prevision-de-autoridades-nacionales-regionales-y-locales\/#primaryimage"},"thumbnailUrl":"https:\/\/pulso27.com\/wp-content\/uploads\/2024\/12\/Oleaje.png","datePublished":"2024-12-28T21:43:49+00:00","dateModified":"2024-12-28T21:43:52+00:00","breadcrumb":{"@id":"https:\/\/pulso27.com\/nacional\/oleaje-anomalo-golpea-la-costa-peruana-por-falta-de-prevision-de-autoridades-nacionales-regionales-y-locales\/#breadcrumb"},"inLanguage":"en-US","potentialAction":[{"@type":"ReadAction","target":["https:\/\/pulso27.com\/nacional\/oleaje-anomalo-golpea-la-costa-peruana-por-falta-de-prevision-de-autoridades-nacionales-regionales-y-locales\/"]}]},{"@type":"ImageObject","inLanguage":"en-US","@id":"https:\/\/pulso27.com\/nacional\/oleaje-anomalo-golpea-la-costa-peruana-por-falta-de-prevision-de-autoridades-nacionales-regionales-y-locales\/#primaryimage","url":"https:\/\/pulso27.com\/wp-content\/uploads\/2024\/12\/Oleaje.png","contentUrl":"https:\/\/pulso27.com\/wp-content\/uploads\/2024\/12\/Oleaje.png","width":1200,"height":768},{"@type":"BreadcrumbList","@id":"https:\/\/pulso27.com\/nacional\/oleaje-anomalo-golpea-la-costa-peruana-por-falta-de-prevision-de-autoridades-nacionales-regionales-y-locales\/#breadcrumb","itemListElement":[{"@type":"ListItem","position":1,"name":"Portada","item":"https:\/\/pulso27.com\/"},{"@type":"ListItem","position":2,"name":"Oleaje an\u00f3malo golpea la costa peruana por falta de previsi\u00f3n de autoridades nacionales, regionales y locales"}]},{"@type":"WebSite","@id":"https:\/\/pulso27.com\/en\/#website","url":"https:\/\/pulso27.com\/en\/","name":"Pulso27","description":"Web de noticias y publicidad","publisher":{"@id":"https:\/\/pulso27.com\/en\/#organization"},"alternateName":"El pulso del pueblo","potentialAction":[{"@type":"SearchAction","target":{"@type":"EntryPoint","urlTemplate":"https:\/\/pulso27.com\/en\/?s={search_term_string}"},"query-input":{"@type":"PropertyValueSpecification","valueRequired":true,"valueName":"search_term_string"}}],"inLanguage":"en-US"},{"@type":"Organization","@id":"https:\/\/pulso27.com\/en\/#organization","name":"Pulso27","url":"https:\/\/pulso27.com\/en\/","logo":{"@type":"ImageObject","inLanguage":"en-US","@id":"https:\/\/pulso27.com\/en\/#\/schema\/logo\/image\/","url":"https:\/\/pulso27.com\/wp-content\/uploads\/2026\/02\/Logotipo-de-la-organizacion-696-x-696-px-ok.png","contentUrl":"https:\/\/pulso27.com\/wp-content\/uploads\/2026\/02\/Logotipo-de-la-organizacion-696-x-696-px-ok.png","width":696,"height":696,"caption":"Pulso27"},"image":{"@id":"https:\/\/pulso27.com\/en\/#\/schema\/logo\/image\/"},"sameAs":["https:\/\/www.facebook.com\/pulso27\/","https:\/\/x.com\/Pulso_27","https:\/\/www.youtube.com\/@Pulso27","https:\/\/www.tiktok.com\/@pulso_27"]},{"@type":"Person","@id":"https:\/\/pulso27.com\/en\/#\/schema\/person\/92f5059eb04cb644a32d22c9bc998684","name":"Maga","image":{"@type":"ImageObject","inLanguage":"en-US","@id":"https:\/\/secure.gravatar.com\/avatar\/c4d5224d4227e7c057cd5793ba910425cc902f3aef97cda3eccc7acba8be2edc?s=96&d=mm&r=g","url":"https:\/\/secure.gravatar.com\/avatar\/c4d5224d4227e7c057cd5793ba910425cc902f3aef97cda3eccc7acba8be2edc?s=96&d=mm&r=g","contentUrl":"https:\/\/secure.gravatar.com\/avatar\/c4d5224d4227e7c057cd5793ba910425cc902f3aef97cda3eccc7acba8be2edc?s=96&d=mm&r=g","caption":"Maga"},"sameAs":["http:\/\/www.pulso27.com"],"url":"https:\/\/pulso27.com\/en\/author\/maga\/"}]}},"amp_enabled":true,"_links":{"self":[{"href":"https:\/\/pulso27.com\/en\/wp-json\/wp\/v2\/posts\/3341","targetHints":{"allow":["GET"]}}],"collection":[{"href":"https:\/\/pulso27.com\/en\/wp-json\/wp\/v2\/posts"}],"about":[{"href":"https:\/\/pulso27.com\/en\/wp-json\/wp\/v2\/types\/post"}],"author":[{"embeddable":true,"href":"https:\/\/pulso27.com\/en\/wp-json\/wp\/v2\/users\/8"}],"replies":[{"embeddable":true,"href":"https:\/\/pulso27.com\/en\/wp-json\/wp\/v2\/comments?post=3341"}],"version-history":[{"count":1,"href":"https:\/\/pulso27.com\/en\/wp-json\/wp\/v2\/posts\/3341\/revisions"}],"predecessor-version":[{"id":3346,"href":"https:\/\/pulso27.com\/en\/wp-json\/wp\/v2\/posts\/3341\/revisions\/3346"}],"wp:featuredmedia":[{"embeddable":true,"href":"https:\/\/pulso27.com\/en\/wp-json\/wp\/v2\/media\/3343"}],"wp:attachment":[{"href":"https:\/\/pulso27.com\/en\/wp-json\/wp\/v2\/media?parent=3341"}],"wp:term":[{"taxonomy":"category","embeddable":true,"href":"https:\/\/pulso27.com\/en\/wp-json\/wp\/v2\/categories?post=3341"},{"taxonomy":"post_tag","embeddable":true,"href":"https:\/\/pulso27.com\/en\/wp-json\/wp\/v2\/tags?post=3341"}],"curies":[{"name":"wp","href":"https:\/\/api.w.org\/{rel}","templated":true}]}}