{"id":3352,"date":"2024-12-29T03:25:36","date_gmt":"2024-12-28T22:25:36","guid":{"rendered":"https:\/\/pulso27.com\/?p=3352"},"modified":"2024-12-29T03:31:56","modified_gmt":"2024-12-28T22:31:56","slug":"el-tigre-y-su-pasado-gareca-enfrenta-su-historia-con-una-prueba-de-adn-por-presunta-hija-de-41-anos","status":"publish","type":"post","link":"https:\/\/pulso27.com\/en\/deporte\/el-tigre-y-su-pasado-gareca-enfrenta-su-historia-con-una-prueba-de-adn-por-presunta-hija-de-41-anos\/","title":{"rendered":"\u201cEl Tigre\u201d y su pasado: Gareca enfrenta su historia con una prueba de ADN por presunta hija de 41 a\u00f1os"},"content":{"rendered":"<p>El reconocido entrenador de f\u00fatbol Ricardo Gareca, actual director t\u00e9cnico de la selecci\u00f3n chilena, se encuentra en el centro de una controversia tras someterse a una prueba de ADN en Buenos Aires. Esta acci\u00f3n busca determinar si es el padre biol\u00f3gico de Mary Noel Sande Delgado, una mujer de 41 a\u00f1os que afirma ser su hija, producto de una relaci\u00f3n en 1982.<\/p>\n\n\n\n<p>Mary Sande, de nacionalidad uruguaya, present\u00f3 en 2021 una demanda por filiaci\u00f3n contra Gareca, luego de que su madre le revelara que el entrenador ser\u00eda su padre biol\u00f3gico. Seg\u00fan Sande, su madre y Gareca se conocieron en una rotiser\u00eda en Palermo, Buenos Aires, durante la \u00e9poca en que \u00e9l jugaba en Boca Juniors. La madre habr\u00eda afirmado que, al quedar embarazada, Gareca no asumi\u00f3 la paternidad debido a que ya ten\u00eda una familia.<\/p>\n\n\n\n<p>Tras someterse al examen de ADN, Gareca expres\u00f3 su sorpresa ante la situaci\u00f3n: \u00abYo no tuve preaviso de nada. Imag\u00ednense que esto ocurri\u00f3 aparentemente hace 40 a\u00f1os. Siempre fui una persona p\u00fablica\u00bb. Adem\u00e1s, manifest\u00f3 su deseo de que el asunto se manejara de manera m\u00e1s privada, considerando el impacto en su familia actual.<\/p>\n\n\n\n<figure class=\"wp-block-image size-full\"><img loading=\"lazy\" decoding=\"async\" width=\"795\" height=\"960\" src=\"https:\/\/pulso27.com\/wp-content\/uploads\/2024\/12\/image-80.png\" alt=\"\" class=\"wp-image-3354\" srcset=\"https:\/\/pulso27.com\/wp-content\/uploads\/2024\/12\/image-80.png 795w, https:\/\/pulso27.com\/wp-content\/uploads\/2024\/12\/image-80-248x300.png 248w, https:\/\/pulso27.com\/wp-content\/uploads\/2024\/12\/image-80-768x927.png 768w, https:\/\/pulso27.com\/wp-content\/uploads\/2024\/12\/image-80-10x12.png 10w\" sizes=\"auto, (max-width: 795px) 100vw, 795px\" \/><figcaption class=\"wp-element-caption\"><em>Ricardo Gareca, \u00abTigre\u00bb, durante su participaci\u00f3n Boca Juniors de Argentina, 1981<\/em><\/figcaption><\/figure>\n\n\n\n<p>Este no es el primer caso de una posible hija no reconocida en la vida de Gareca. En 2021, se revel\u00f3 la existencia de Fiorella, quien tambi\u00e9n afirm\u00f3 ser hija del entrenador. Gareca reconoci\u00f3 la situaci\u00f3n y destac\u00f3 el apoyo de su familia para afrontarla.<\/p>\n\n\n\n<p>La situaci\u00f3n actual ha generado un intenso debate en redes sociales y medios de comunicaci\u00f3n, cuestionando la responsabilidad y \u00e9tica del entrenador en su vida personal. Mientras se esperan los resultados de la prueba de ADN, la controversia contin\u00faa, poniendo en el foco p\u00fablico aspectos \u00edntimos de la vida de Ricardo Gareca.<\/p>\n\n\n\n<p>Es importante destacar que, hasta la fecha, no se han publicado los resultados de la prueba de ADN, por lo que la veracidad de las afirmaciones de Mary Sande Delgado est\u00e1 a\u00fan por confirmarse.<\/p>","protected":false},"excerpt":{"rendered":"<p>El reconocido entrenador de f\u00fatbol Ricardo Gareca, actual director t\u00e9cnico de la selecci\u00f3n chilena, se encuentra en el centro de una controversia tras someterse a una prueba de ADN en Buenos Aires. Esta acci\u00f3n busca determinar si es el padre biol\u00f3gico de Mary Noel Sande Delgado, una mujer de 41 a\u00f1os que afirma ser su [&hellip;]<\/p>\n","protected":false},"author":10,"featured_media":3353,"comment_status":"open","ping_status":"open","sticky":false,"template":"","format":"standard","meta":{"footnotes":""},"categories":[183,176,173],"tags":[1982,1983,1981],"class_list":["post-3352","post","type-post","status-publish","format-standard","has-post-thumbnail","hentry","category-actualidad","category-deporte","category-internacional","tag-gareca","tag-pruebadeadn","tag-ricardogareca"],"yoast_head":"<!-- This site is optimized with the Yoast SEO plugin v27.4 - https:\/\/yoast.com\/product\/yoast-seo-wordpress\/ -->\n<title>\u201cEl Tigre\u201d y su pasado: Gareca enfrenta su historia con una prueba de ADN por presunta hija de 41 a\u00f1os - Pulso27<\/title>\n<meta name=\"robots\" content=\"index, follow, max-snippet:-1, max-image-preview:large, max-video-preview:-1\" \/>\n<link rel=\"canonical\" href=\"https:\/\/pulso27.com\/en\/deporte\/el-tigre-y-su-pasado-gareca-enfrenta-su-historia-con-una-prueba-de-adn-por-presunta-hija-de-41-anos\/\" \/>\n<meta property=\"og:locale\" content=\"en_US\" \/>\n<meta property=\"og:type\" content=\"article\" \/>\n<meta property=\"og:title\" content=\"\u201cEl Tigre\u201d y su pasado: Gareca enfrenta su historia con una prueba de ADN por presunta hija de 41 a\u00f1os - Pulso27\" \/>\n<meta property=\"og:description\" content=\"El reconocido entrenador de f\u00fatbol Ricardo Gareca, actual director t\u00e9cnico de la selecci\u00f3n chilena, se encuentra en el centro de una controversia tras someterse a una prueba de ADN en Buenos Aires. Esta acci\u00f3n busca determinar si es el padre biol\u00f3gico de Mary Noel Sande Delgado, una mujer de 41 a\u00f1os que afirma ser su [&hellip;]\" \/>\n<meta property=\"og:url\" content=\"https:\/\/pulso27.com\/en\/deporte\/el-tigre-y-su-pasado-gareca-enfrenta-su-historia-con-una-prueba-de-adn-por-presunta-hija-de-41-anos\/\" \/>\n<meta property=\"og:site_name\" content=\"Pulso27\" \/>\n<meta property=\"article:publisher\" content=\"https:\/\/www.facebook.com\/pulso27\/\" \/>\n<meta property=\"article:published_time\" content=\"2024-12-28T22:25:36+00:00\" \/>\n<meta property=\"article:modified_time\" content=\"2024-12-28T22:31:56+00:00\" \/>\n<meta property=\"og:image\" content=\"https:\/\/pulso27.com\/wp-content\/uploads\/2024\/12\/Gareca.png\" \/>\n\t<meta property=\"og:image:width\" content=\"1200\" \/>\n\t<meta property=\"og:image:height\" content=\"768\" \/>\n\t<meta property=\"og:image:type\" content=\"image\/png\" \/>\n<meta name=\"author\" content=\"El Muki\" \/>\n<meta name=\"twitter:card\" content=\"summary_large_image\" \/>\n<meta name=\"twitter:creator\" content=\"@Pulso_27\" \/>\n<meta name=\"twitter:site\" content=\"@Pulso_27\" \/>\n<meta name=\"twitter:label1\" content=\"Written by\" \/>\n\t<meta name=\"twitter:data1\" content=\"El Muki\" \/>\n\t<meta name=\"twitter:label2\" content=\"Est. reading time\" \/>\n\t<meta name=\"twitter:data2\" content=\"2 minutes\" \/>\n<script type=\"application\/ld+json\" class=\"yoast-schema-graph\">{\"@context\":\"https:\\\/\\\/schema.org\",\"@graph\":[{\"@type\":\"Article\",\"@id\":\"https:\\\/\\\/pulso27.com\\\/deporte\\\/el-tigre-y-su-pasado-gareca-enfrenta-su-historia-con-una-prueba-de-adn-por-presunta-hija-de-41-anos\\\/#article\",\"isPartOf\":{\"@id\":\"https:\\\/\\\/pulso27.com\\\/deporte\\\/el-tigre-y-su-pasado-gareca-enfrenta-su-historia-con-una-prueba-de-adn-por-presunta-hija-de-41-anos\\\/\"},\"author\":{\"name\":\"El Muki\",\"@id\":\"https:\\\/\\\/pulso27.com\\\/en\\\/#\\\/schema\\\/person\\\/a0930a7f318e7d9d83bd7cffed9f34f6\"},\"headline\":\"\u201cEl Tigre\u201d y su pasado: Gareca enfrenta su historia con una prueba de ADN por presunta hija de 41 a\u00f1os\",\"datePublished\":\"2024-12-28T22:25:36+00:00\",\"dateModified\":\"2024-12-28T22:31:56+00:00\",\"mainEntityOfPage\":{\"@id\":\"https:\\\/\\\/pulso27.com\\\/deporte\\\/el-tigre-y-su-pasado-gareca-enfrenta-su-historia-con-una-prueba-de-adn-por-presunta-hija-de-41-anos\\\/\"},\"wordCount\":372,\"commentCount\":0,\"publisher\":{\"@id\":\"https:\\\/\\\/pulso27.com\\\/en\\\/#organization\"},\"image\":{\"@id\":\"https:\\\/\\\/pulso27.com\\\/deporte\\\/el-tigre-y-su-pasado-gareca-enfrenta-su-historia-con-una-prueba-de-adn-por-presunta-hija-de-41-anos\\\/#primaryimage\"},\"thumbnailUrl\":\"https:\\\/\\\/pulso27.com\\\/wp-content\\\/uploads\\\/2024\\\/12\\\/Gareca.png\",\"keywords\":[\"Gareca\",\"PruebaDeADN\",\"RicardoGareca\"],\"articleSection\":[\"Actualidad\",\"Deporte\",\"Internacional\"],\"inLanguage\":\"en-US\",\"potentialAction\":[{\"@type\":\"CommentAction\",\"name\":\"Comment\",\"target\":[\"https:\\\/\\\/pulso27.com\\\/deporte\\\/el-tigre-y-su-pasado-gareca-enfrenta-su-historia-con-una-prueba-de-adn-por-presunta-hija-de-41-anos\\\/#respond\"]}]},{\"@type\":\"WebPage\",\"@id\":\"https:\\\/\\\/pulso27.com\\\/deporte\\\/el-tigre-y-su-pasado-gareca-enfrenta-su-historia-con-una-prueba-de-adn-por-presunta-hija-de-41-anos\\\/\",\"url\":\"https:\\\/\\\/pulso27.com\\\/deporte\\\/el-tigre-y-su-pasado-gareca-enfrenta-su-historia-con-una-prueba-de-adn-por-presunta-hija-de-41-anos\\\/\",\"name\":\"\u201cEl Tigre\u201d y su pasado: Gareca enfrenta su historia con una prueba de ADN por presunta hija de 41 a\u00f1os - Pulso27\",\"isPartOf\":{\"@id\":\"https:\\\/\\\/pulso27.com\\\/en\\\/#website\"},\"primaryImageOfPage\":{\"@id\":\"https:\\\/\\\/pulso27.com\\\/deporte\\\/el-tigre-y-su-pasado-gareca-enfrenta-su-historia-con-una-prueba-de-adn-por-presunta-hija-de-41-anos\\\/#primaryimage\"},\"image\":{\"@id\":\"https:\\\/\\\/pulso27.com\\\/deporte\\\/el-tigre-y-su-pasado-gareca-enfrenta-su-historia-con-una-prueba-de-adn-por-presunta-hija-de-41-anos\\\/#primaryimage\"},\"thumbnailUrl\":\"https:\\\/\\\/pulso27.com\\\/wp-content\\\/uploads\\\/2024\\\/12\\\/Gareca.png\",\"datePublished\":\"2024-12-28T22:25:36+00:00\",\"dateModified\":\"2024-12-28T22:31:56+00:00\",\"breadcrumb\":{\"@id\":\"https:\\\/\\\/pulso27.com\\\/deporte\\\/el-tigre-y-su-pasado-gareca-enfrenta-su-historia-con-una-prueba-de-adn-por-presunta-hija-de-41-anos\\\/#breadcrumb\"},\"inLanguage\":\"en-US\",\"potentialAction\":[{\"@type\":\"ReadAction\",\"target\":[\"https:\\\/\\\/pulso27.com\\\/deporte\\\/el-tigre-y-su-pasado-gareca-enfrenta-su-historia-con-una-prueba-de-adn-por-presunta-hija-de-41-anos\\\/\"]}]},{\"@type\":\"ImageObject\",\"inLanguage\":\"en-US\",\"@id\":\"https:\\\/\\\/pulso27.com\\\/deporte\\\/el-tigre-y-su-pasado-gareca-enfrenta-su-historia-con-una-prueba-de-adn-por-presunta-hija-de-41-anos\\\/#primaryimage\",\"url\":\"https:\\\/\\\/pulso27.com\\\/wp-content\\\/uploads\\\/2024\\\/12\\\/Gareca.png\",\"contentUrl\":\"https:\\\/\\\/pulso27.com\\\/wp-content\\\/uploads\\\/2024\\\/12\\\/Gareca.png\",\"width\":1200,\"height\":768},{\"@type\":\"BreadcrumbList\",\"@id\":\"https:\\\/\\\/pulso27.com\\\/deporte\\\/el-tigre-y-su-pasado-gareca-enfrenta-su-historia-con-una-prueba-de-adn-por-presunta-hija-de-41-anos\\\/#breadcrumb\",\"itemListElement\":[{\"@type\":\"ListItem\",\"position\":1,\"name\":\"Portada\",\"item\":\"https:\\\/\\\/pulso27.com\\\/\"},{\"@type\":\"ListItem\",\"position\":2,\"name\":\"\u201cEl Tigre\u201d y su pasado: Gareca enfrenta su historia con una prueba de ADN por presunta hija de 41 a\u00f1os\"}]},{\"@type\":\"WebSite\",\"@id\":\"https:\\\/\\\/pulso27.com\\\/en\\\/#website\",\"url\":\"https:\\\/\\\/pulso27.com\\\/en\\\/\",\"name\":\"Pulso27\",\"description\":\"Web de noticias y publicidad\",\"publisher\":{\"@id\":\"https:\\\/\\\/pulso27.com\\\/en\\\/#organization\"},\"alternateName\":\"El pulso del pueblo\",\"potentialAction\":[{\"@type\":\"SearchAction\",\"target\":{\"@type\":\"EntryPoint\",\"urlTemplate\":\"https:\\\/\\\/pulso27.com\\\/en\\\/?s={search_term_string}\"},\"query-input\":{\"@type\":\"PropertyValueSpecification\",\"valueRequired\":true,\"valueName\":\"search_term_string\"}}],\"inLanguage\":\"en-US\"},{\"@type\":\"Organization\",\"@id\":\"https:\\\/\\\/pulso27.com\\\/en\\\/#organization\",\"name\":\"Pulso27\",\"url\":\"https:\\\/\\\/pulso27.com\\\/en\\\/\",\"logo\":{\"@type\":\"ImageObject\",\"inLanguage\":\"en-US\",\"@id\":\"https:\\\/\\\/pulso27.com\\\/en\\\/#\\\/schema\\\/logo\\\/image\\\/\",\"url\":\"https:\\\/\\\/pulso27.com\\\/wp-content\\\/uploads\\\/2026\\\/02\\\/Logotipo-de-la-organizacion-696-x-696-px-ok.png\",\"contentUrl\":\"https:\\\/\\\/pulso27.com\\\/wp-content\\\/uploads\\\/2026\\\/02\\\/Logotipo-de-la-organizacion-696-x-696-px-ok.png\",\"width\":696,\"height\":696,\"caption\":\"Pulso27\"},\"image\":{\"@id\":\"https:\\\/\\\/pulso27.com\\\/en\\\/#\\\/schema\\\/logo\\\/image\\\/\"},\"sameAs\":[\"https:\\\/\\\/www.facebook.com\\\/pulso27\\\/\",\"https:\\\/\\\/x.com\\\/Pulso_27\",\"https:\\\/\\\/www.youtube.com\\\/@Pulso27\",\"https:\\\/\\\/www.tiktok.com\\\/@pulso_27\"]},{\"@type\":\"Person\",\"@id\":\"https:\\\/\\\/pulso27.com\\\/en\\\/#\\\/schema\\\/person\\\/a0930a7f318e7d9d83bd7cffed9f34f6\",\"name\":\"El Muki\",\"image\":{\"@type\":\"ImageObject\",\"inLanguage\":\"en-US\",\"@id\":\"https:\\\/\\\/secure.gravatar.com\\\/avatar\\\/dc91c2607c5eebda74cbb40d13031f489096c96ead89c4c30c17db262267b2b3?s=96&d=mm&r=g\",\"url\":\"https:\\\/\\\/secure.gravatar.com\\\/avatar\\\/dc91c2607c5eebda74cbb40d13031f489096c96ead89c4c30c17db262267b2b3?s=96&d=mm&r=g\",\"contentUrl\":\"https:\\\/\\\/secure.gravatar.com\\\/avatar\\\/dc91c2607c5eebda74cbb40d13031f489096c96ead89c4c30c17db262267b2b3?s=96&d=mm&r=g\",\"caption\":\"El Muki\"},\"sameAs\":[\"http:\\\/\\\/www.pulso27.com\"],\"url\":\"https:\\\/\\\/pulso27.com\\\/en\\\/author\\\/elcuervo\\\/\"}]}<\/script>\n<!-- \/ Yoast SEO plugin. -->","yoast_head_json":{"title":"\u201cEl Tigre\u201d y su pasado: Gareca enfrenta su historia con una prueba de ADN por presunta hija de 41 a\u00f1os - Pulso27","robots":{"index":"index","follow":"follow","max-snippet":"max-snippet:-1","max-image-preview":"max-image-preview:large","max-video-preview":"max-video-preview:-1"},"canonical":"https:\/\/pulso27.com\/en\/deporte\/el-tigre-y-su-pasado-gareca-enfrenta-su-historia-con-una-prueba-de-adn-por-presunta-hija-de-41-anos\/","og_locale":"en_US","og_type":"article","og_title":"\u201cEl Tigre\u201d y su pasado: Gareca enfrenta su historia con una prueba de ADN por presunta hija de 41 a\u00f1os - Pulso27","og_description":"El reconocido entrenador de f\u00fatbol Ricardo Gareca, actual director t\u00e9cnico de la selecci\u00f3n chilena, se encuentra en el centro de una controversia tras someterse a una prueba de ADN en Buenos Aires. Esta acci\u00f3n busca determinar si es el padre biol\u00f3gico de Mary Noel Sande Delgado, una mujer de 41 a\u00f1os que afirma ser su [&hellip;]","og_url":"https:\/\/pulso27.com\/en\/deporte\/el-tigre-y-su-pasado-gareca-enfrenta-su-historia-con-una-prueba-de-adn-por-presunta-hija-de-41-anos\/","og_site_name":"Pulso27","article_publisher":"https:\/\/www.facebook.com\/pulso27\/","article_published_time":"2024-12-28T22:25:36+00:00","article_modified_time":"2024-12-28T22:31:56+00:00","og_image":[{"width":1200,"height":768,"url":"https:\/\/pulso27.com\/wp-content\/uploads\/2024\/12\/Gareca.png","type":"image\/png"}],"author":"El Muki","twitter_card":"summary_large_image","twitter_creator":"@Pulso_27","twitter_site":"@Pulso_27","twitter_misc":{"Written by":"El Muki","Est. reading time":"2 minutes"},"schema":{"@context":"https:\/\/schema.org","@graph":[{"@type":"Article","@id":"https:\/\/pulso27.com\/deporte\/el-tigre-y-su-pasado-gareca-enfrenta-su-historia-con-una-prueba-de-adn-por-presunta-hija-de-41-anos\/#article","isPartOf":{"@id":"https:\/\/pulso27.com\/deporte\/el-tigre-y-su-pasado-gareca-enfrenta-su-historia-con-una-prueba-de-adn-por-presunta-hija-de-41-anos\/"},"author":{"name":"El Muki","@id":"https:\/\/pulso27.com\/en\/#\/schema\/person\/a0930a7f318e7d9d83bd7cffed9f34f6"},"headline":"\u201cEl Tigre\u201d y su pasado: Gareca enfrenta su historia con una prueba de ADN por presunta hija de 41 a\u00f1os","datePublished":"2024-12-28T22:25:36+00:00","dateModified":"2024-12-28T22:31:56+00:00","mainEntityOfPage":{"@id":"https:\/\/pulso27.com\/deporte\/el-tigre-y-su-pasado-gareca-enfrenta-su-historia-con-una-prueba-de-adn-por-presunta-hija-de-41-anos\/"},"wordCount":372,"commentCount":0,"publisher":{"@id":"https:\/\/pulso27.com\/en\/#organization"},"image":{"@id":"https:\/\/pulso27.com\/deporte\/el-tigre-y-su-pasado-gareca-enfrenta-su-historia-con-una-prueba-de-adn-por-presunta-hija-de-41-anos\/#primaryimage"},"thumbnailUrl":"https:\/\/pulso27.com\/wp-content\/uploads\/2024\/12\/Gareca.png","keywords":["Gareca","PruebaDeADN","RicardoGareca"],"articleSection":["Actualidad","Deporte","Internacional"],"inLanguage":"en-US","potentialAction":[{"@type":"CommentAction","name":"Comment","target":["https:\/\/pulso27.com\/deporte\/el-tigre-y-su-pasado-gareca-enfrenta-su-historia-con-una-prueba-de-adn-por-presunta-hija-de-41-anos\/#respond"]}]},{"@type":"WebPage","@id":"https:\/\/pulso27.com\/deporte\/el-tigre-y-su-pasado-gareca-enfrenta-su-historia-con-una-prueba-de-adn-por-presunta-hija-de-41-anos\/","url":"https:\/\/pulso27.com\/deporte\/el-tigre-y-su-pasado-gareca-enfrenta-su-historia-con-una-prueba-de-adn-por-presunta-hija-de-41-anos\/","name":"\u201cEl Tigre\u201d y su pasado: Gareca enfrenta su historia con una prueba de ADN por presunta hija de 41 a\u00f1os - Pulso27","isPartOf":{"@id":"https:\/\/pulso27.com\/en\/#website"},"primaryImageOfPage":{"@id":"https:\/\/pulso27.com\/deporte\/el-tigre-y-su-pasado-gareca-enfrenta-su-historia-con-una-prueba-de-adn-por-presunta-hija-de-41-anos\/#primaryimage"},"image":{"@id":"https:\/\/pulso27.com\/deporte\/el-tigre-y-su-pasado-gareca-enfrenta-su-historia-con-una-prueba-de-adn-por-presunta-hija-de-41-anos\/#primaryimage"},"thumbnailUrl":"https:\/\/pulso27.com\/wp-content\/uploads\/2024\/12\/Gareca.png","datePublished":"2024-12-28T22:25:36+00:00","dateModified":"2024-12-28T22:31:56+00:00","breadcrumb":{"@id":"https:\/\/pulso27.com\/deporte\/el-tigre-y-su-pasado-gareca-enfrenta-su-historia-con-una-prueba-de-adn-por-presunta-hija-de-41-anos\/#breadcrumb"},"inLanguage":"en-US","potentialAction":[{"@type":"ReadAction","target":["https:\/\/pulso27.com\/deporte\/el-tigre-y-su-pasado-gareca-enfrenta-su-historia-con-una-prueba-de-adn-por-presunta-hija-de-41-anos\/"]}]},{"@type":"ImageObject","inLanguage":"en-US","@id":"https:\/\/pulso27.com\/deporte\/el-tigre-y-su-pasado-gareca-enfrenta-su-historia-con-una-prueba-de-adn-por-presunta-hija-de-41-anos\/#primaryimage","url":"https:\/\/pulso27.com\/wp-content\/uploads\/2024\/12\/Gareca.png","contentUrl":"https:\/\/pulso27.com\/wp-content\/uploads\/2024\/12\/Gareca.png","width":1200,"height":768},{"@type":"BreadcrumbList","@id":"https:\/\/pulso27.com\/deporte\/el-tigre-y-su-pasado-gareca-enfrenta-su-historia-con-una-prueba-de-adn-por-presunta-hija-de-41-anos\/#breadcrumb","itemListElement":[{"@type":"ListItem","position":1,"name":"Portada","item":"https:\/\/pulso27.com\/"},{"@type":"ListItem","position":2,"name":"\u201cEl Tigre\u201d y su pasado: Gareca enfrenta su historia con una prueba de ADN por presunta hija de 41 a\u00f1os"}]},{"@type":"WebSite","@id":"https:\/\/pulso27.com\/en\/#website","url":"https:\/\/pulso27.com\/en\/","name":"Pulso27","description":"Web de noticias y publicidad","publisher":{"@id":"https:\/\/pulso27.com\/en\/#organization"},"alternateName":"El pulso del pueblo","potentialAction":[{"@type":"SearchAction","target":{"@type":"EntryPoint","urlTemplate":"https:\/\/pulso27.com\/en\/?s={search_term_string}"},"query-input":{"@type":"PropertyValueSpecification","valueRequired":true,"valueName":"search_term_string"}}],"inLanguage":"en-US"},{"@type":"Organization","@id":"https:\/\/pulso27.com\/en\/#organization","name":"Pulso27","url":"https:\/\/pulso27.com\/en\/","logo":{"@type":"ImageObject","inLanguage":"en-US","@id":"https:\/\/pulso27.com\/en\/#\/schema\/logo\/image\/","url":"https:\/\/pulso27.com\/wp-content\/uploads\/2026\/02\/Logotipo-de-la-organizacion-696-x-696-px-ok.png","contentUrl":"https:\/\/pulso27.com\/wp-content\/uploads\/2026\/02\/Logotipo-de-la-organizacion-696-x-696-px-ok.png","width":696,"height":696,"caption":"Pulso27"},"image":{"@id":"https:\/\/pulso27.com\/en\/#\/schema\/logo\/image\/"},"sameAs":["https:\/\/www.facebook.com\/pulso27\/","https:\/\/x.com\/Pulso_27","https:\/\/www.youtube.com\/@Pulso27","https:\/\/www.tiktok.com\/@pulso_27"]},{"@type":"Person","@id":"https:\/\/pulso27.com\/en\/#\/schema\/person\/a0930a7f318e7d9d83bd7cffed9f34f6","name":"El Muki","image":{"@type":"ImageObject","inLanguage":"en-US","@id":"https:\/\/secure.gravatar.com\/avatar\/dc91c2607c5eebda74cbb40d13031f489096c96ead89c4c30c17db262267b2b3?s=96&d=mm&r=g","url":"https:\/\/secure.gravatar.com\/avatar\/dc91c2607c5eebda74cbb40d13031f489096c96ead89c4c30c17db262267b2b3?s=96&d=mm&r=g","contentUrl":"https:\/\/secure.gravatar.com\/avatar\/dc91c2607c5eebda74cbb40d13031f489096c96ead89c4c30c17db262267b2b3?s=96&d=mm&r=g","caption":"El Muki"},"sameAs":["http:\/\/www.pulso27.com"],"url":"https:\/\/pulso27.com\/en\/author\/elcuervo\/"}]}},"amp_enabled":true,"_links":{"self":[{"href":"https:\/\/pulso27.com\/en\/wp-json\/wp\/v2\/posts\/3352","targetHints":{"allow":["GET"]}}],"collection":[{"href":"https:\/\/pulso27.com\/en\/wp-json\/wp\/v2\/posts"}],"about":[{"href":"https:\/\/pulso27.com\/en\/wp-json\/wp\/v2\/types\/post"}],"author":[{"embeddable":true,"href":"https:\/\/pulso27.com\/en\/wp-json\/wp\/v2\/users\/10"}],"replies":[{"embeddable":true,"href":"https:\/\/pulso27.com\/en\/wp-json\/wp\/v2\/comments?post=3352"}],"version-history":[{"count":2,"href":"https:\/\/pulso27.com\/en\/wp-json\/wp\/v2\/posts\/3352\/revisions"}],"predecessor-version":[{"id":3360,"href":"https:\/\/pulso27.com\/en\/wp-json\/wp\/v2\/posts\/3352\/revisions\/3360"}],"wp:featuredmedia":[{"embeddable":true,"href":"https:\/\/pulso27.com\/en\/wp-json\/wp\/v2\/media\/3353"}],"wp:attachment":[{"href":"https:\/\/pulso27.com\/en\/wp-json\/wp\/v2\/media?parent=3352"}],"wp:term":[{"taxonomy":"category","embeddable":true,"href":"https:\/\/pulso27.com\/en\/wp-json\/wp\/v2\/categories?post=3352"},{"taxonomy":"post_tag","embeddable":true,"href":"https:\/\/pulso27.com\/en\/wp-json\/wp\/v2\/tags?post=3352"}],"curies":[{"name":"wp","href":"https:\/\/api.w.org\/{rel}","templated":true}]}}