{"id":3374,"date":"2025-01-03T02:41:49","date_gmt":"2025-01-02T21:41:49","guid":{"rendered":"https:\/\/pulso27.com\/?p=3374"},"modified":"2025-01-03T02:41:53","modified_gmt":"2025-01-02T21:41:53","slug":"leo-dan-el-mundo-se-despide-de-la-leyenda-de-la-balada-romantica","status":"publish","type":"post","link":"https:\/\/pulso27.com\/en\/cronica\/leo-dan-el-mundo-se-despide-de-la-leyenda-de-la-balada-romantica\/","title":{"rendered":"Leo Dan: El mundo se despide de la leyenda de la balada rom\u00e1ntica"},"content":{"rendered":"<p>El 1 de enero de 2025, la m\u00fasica rom\u00e1ntica se visti\u00f3 de luto. A los 82 a\u00f1os, el querido Leo Dan, uno de los cantautores m\u00e1s emblem\u00e1ticos de Argentina, dijo adi\u00f3s dejando un legado que trascendi\u00f3 fronteras y generaciones. Con su fallecimiento, el mundo pierde a una de las voces m\u00e1s entra\u00f1ables de la balada, esa misma que con sus letras llenas de amor, melancol\u00eda y esperanza supo conquistar a millones de personas en toda Am\u00e9rica Latina y m\u00e1s all\u00e1.<\/p>\n\n\n\n<p>Un legado de canciones inmortales<\/p>\n\n\n\n<p>Nacido como Leopoldo Dante T\u00e9vez en Villa Atamisqui, Santiago del Estero, Leo Dan fue un hombre que supo c\u00f3mo hacer de la m\u00fasica un lenguaje universal. Durante m\u00e1s de seis d\u00e9cadas, cautiv\u00f3 con su voz c\u00e1lida y su talento para crear melod\u00edas que se grabaron en el coraz\u00f3n de miles de fans. A lo largo de su carrera, escribi\u00f3 m\u00e1s de 2,000 canciones y vendi\u00f3 m\u00e1s de 40 millones de discos. Entre sus composiciones m\u00e1s c\u00e9lebres se encuentran \u00abTe he prometido\u00bb, \u00abP\u00eddeme la luna\u00bb, \u00abSantiago querido\u00bb, \u00abEsa pared\u00bb y \u00abMary es mi amor\u00bb, temas que hoy permanecen en el repertorio de todos los rom\u00e1nticos del continente.<\/p>\n\n\n\n<figure class=\"wp-block-image size-full is-resized\"><img loading=\"lazy\" decoding=\"async\" width=\"526\" height=\"514\" src=\"https:\/\/pulso27.com\/wp-content\/uploads\/2025\/01\/image-3.png\" alt=\"\" class=\"wp-image-3377\" style=\"width:740px;height:auto\" srcset=\"https:\/\/pulso27.com\/wp-content\/uploads\/2025\/01\/image-3.png 526w, https:\/\/pulso27.com\/wp-content\/uploads\/2025\/01\/image-3-300x293.png 300w, https:\/\/pulso27.com\/wp-content\/uploads\/2025\/01\/image-3-12x12.png 12w\" sizes=\"auto, (max-width: 526px) 100vw, 526px\" \/><figcaption class=\"wp-element-caption\"><em>La noticia de su fallecimiento se dio a conocer a trav\u00e9s de un comunicado en redes sociales. Credito: FB @LEO DAN Oficial<\/em><\/figcaption><\/figure>\n\n\n\n<p>A lo largo de su vida, Leo Dan cosech\u00f3 un sinf\u00edn de reconocimientos, desde discos de oro hasta premios internacionales, entre ellos un Grammy. Pero si algo lo caracteriz\u00f3 m\u00e1s que sus logros es su capacidad para conectar emocionalmente con su p\u00fablico. Cada canci\u00f3n era un reflejo de su sensibilidad, de su profunda conexi\u00f3n con el amor y con los sentimientos m\u00e1s humanos, los cuales no dud\u00f3 en compartir a trav\u00e9s de su m\u00fasica.<\/p>\n\n\n\n<p>Homenajes de artistas y colegas<\/p>\n\n\n\n<p>La noticia de su muerte fue recibida con profunda tristeza no solo por sus seguidores, sino tambi\u00e9n por artistas de distintas latitudes. En redes sociales, se sucedieron los mensajes de homenaje. Uno de los primeros en manifestarse fue Ricardo Montaner, quien public\u00f3 en X (antes Twitter): \u00abTristeza por la partida de mi querido Leo Dan, mi admiraci\u00f3n infinita. Abrazo a su entra\u00f1able familia, paz\u00bb. Montaner, quien comparti\u00f3 escenario con \u00e9l en varias ocasiones, adjunt\u00f3 un video recordando su interpretaci\u00f3n de \u00abTe he prometido\u00bb, uno de los temas m\u00e1s ic\u00f3nicos del artista argentino.<\/p>\n\n\n\n<p>El d\u00fao mexicano R\u00edo Roma tambi\u00e9n se sum\u00f3 al dolor de la partida del gran Leo Dan, escribiendo en Instagram: \u201cNos dejas tu m\u00fasica para siempre y el hermoso recuerdo de tu amistad tan \u00fanica y especial. Te cantaremos siempre. QEPD\u201d.<\/p>\n\n\n\n<figure class=\"wp-block-image size-large\"><img loading=\"lazy\" decoding=\"async\" width=\"1024\" height=\"576\" src=\"https:\/\/pulso27.com\/wp-content\/uploads\/2025\/01\/image-2-1024x576.png\" alt=\"\" class=\"wp-image-3376\" srcset=\"https:\/\/pulso27.com\/wp-content\/uploads\/2025\/01\/image-2-1024x576.png 1024w, https:\/\/pulso27.com\/wp-content\/uploads\/2025\/01\/image-2-300x169.png 300w, https:\/\/pulso27.com\/wp-content\/uploads\/2025\/01\/image-2-768x432.png 768w, https:\/\/pulso27.com\/wp-content\/uploads\/2025\/01\/image-2-18x10.png 18w, https:\/\/pulso27.com\/wp-content\/uploads\/2025\/01\/image-2.png 1200w\" sizes=\"auto, (max-width: 1024px) 100vw, 1024px\" \/><figcaption class=\"wp-element-caption\"><em>Jos\u00e9 Luis Rodr\u00edguez &#8216;El Puma&#8217; y el cantante y compositor argentino Leo Dan. | Fuente: Facebook (LEO DAN Oficial)<\/em><\/figcaption><\/figure>\n\n\n\n<p>Otros artistas como Natalia Jim\u00e9nez, Ana B\u00e1rbara y El Polaco tambi\u00e9n se unieron a las muestras de afecto, destacando su generosidad, su humildad y el cari\u00f1o que siempre demostr\u00f3 hacia sus colegas y su p\u00fablico. \u00abTe extra\u00f1aremos, descansa en paz\u00bb, expres\u00f3 la cantante espa\u00f1ola Natalia Jim\u00e9nez, mientras que El Polaco, muy conmovido, public\u00f3: \u00abGracias por su m\u00fasica, su humildad. Tuve el placer de conocerte y compartir un rato que quedar\u00e1 guardado en lo m\u00e1s profundo de mi coraz\u00f3n\u00bb.<\/p>\n\n\n\n<p>El hombre detr\u00e1s del mito<\/p>\n\n\n\n<p>Si bien Leo Dan fue reconocido por su voz y su capacidad compositiva, su humanidad fue igualmente grande. En su vida personal, siempre se mostr\u00f3 como un hombre sencillo, cercano a su gente y profundamente conectado con sus ra\u00edces santiague\u00f1as. Durante su carrera, nunca dej\u00f3 de recordar su tierra natal, a la que dedic\u00f3 varias canciones, entre ellas la emblem\u00e1tica \u00abSantiago querido\u00bb. Aunque sus \u00e9xitos lo llevaron a escenarios internacionales, su cari\u00f1o por Argentina y por su gente siempre estuvo presente, incluso en su incursi\u00f3n pol\u00edtica como candidato a gobernador de Santiago del Estero, un papel que nunca impidi\u00f3 que siguiera creando.<\/p>\n\n\n\n<p>Uno de los momentos m\u00e1s emocionantes de su vida ocurri\u00f3 en 2024, cuando particip\u00f3 en la ceremonia de canonizaci\u00f3n de Santa Mama Antula, la primera santa mujer argentina, en el Vaticano. \u00abQuiero cantarle a Messi y al Papa, y s\u00e9 que lo voy a lograr\u00bb, dijo en una entrevista a\u00f1os antes, y cumpli\u00f3 su sue\u00f1o interpretando \u00abLos caminos de la fe\u00bb frente al Papa Francisco, junto a Manuel Wirtz, en una ceremonia hist\u00f3rica para su pa\u00eds.<\/p>\n\n\n\n<p>Su cercan\u00eda a la familia tambi\u00e9n fue parte fundamental de su vida. Fue un padre amoroso, especialmente de su hijo Nicol\u00e1s, quien lo acompa\u00f1\u00f3 en numerosas giras y quien, con su talento, sigue la senda de su padre en la m\u00fasica. En uno de sus \u00faltimos conciertos en Lima, en 2009, Leo Dan present\u00f3 a Nicol\u00e1s como su sucesor musical, un momento que quedar\u00e1 grabado en la memoria de todos los presentes.<\/p>\n\n\n\n<figure class=\"wp-block-image size-full\"><img loading=\"lazy\" decoding=\"async\" width=\"992\" height=\"992\" src=\"https:\/\/pulso27.com\/wp-content\/uploads\/2025\/01\/image-4.png\" alt=\"\" class=\"wp-image-3378\" srcset=\"https:\/\/pulso27.com\/wp-content\/uploads\/2025\/01\/image-4.png 992w, https:\/\/pulso27.com\/wp-content\/uploads\/2025\/01\/image-4-300x300.png 300w, https:\/\/pulso27.com\/wp-content\/uploads\/2025\/01\/image-4-150x150.png 150w, https:\/\/pulso27.com\/wp-content\/uploads\/2025\/01\/image-4-768x768.png 768w, https:\/\/pulso27.com\/wp-content\/uploads\/2025\/01\/image-4-12x12.png 12w, https:\/\/pulso27.com\/wp-content\/uploads\/2025\/01\/image-4-80x80.png 80w\" sizes=\"auto, (max-width: 992px) 100vw, 992px\" \/><figcaption class=\"wp-element-caption\"><em>La cuenta oficial de la leyenda de la balada rom\u00e1ntica, Leo Dan<\/em>, luego del anunci\u00f3 de su deceso<\/figcaption><\/figure>\n\n\n\n<p>El adi\u00f3s a una leyenda<\/p>\n\n\n\n<p>El legado de Leo Dan no solo se mide por los discos que dej\u00f3, sino por la huella imborrable que marc\u00f3 en cada uno de los corazones que lo escucharon. Desde sus primeras canciones en los a\u00f1os 60 hasta su \u00faltima actuaci\u00f3n en 2024, la figura de Leo Dan se mantuvo fiel a su esencia: un hombre del pueblo, un trovador del amor y la nostalgia, un artista que cant\u00f3 a la vida y a los sentimientos m\u00e1s profundos.<\/p>\n\n\n\n<p>Hoy, su partida deja un vac\u00edo irremplazable, pero su m\u00fasica seguir\u00e1 viva en cada rinc\u00f3n donde se aprecien las grandes baladas rom\u00e1nticas. Y, como bien lo expres\u00f3 El Polaco en su despedida, \u00abgracias, maestro, por dejarnos tu m\u00fasica, tu humildad, tu arte, que nunca olvidaremos\u00bb.<\/p>\n\n\n\n<p>Leo Dan ya no est\u00e1 f\u00edsicamente con nosotros, pero su voz, esa voz que supo emocionar a tantos, seguir\u00e1 resonando en los corazones de todos aquellos que alguna vez so\u00f1aron con un \u00abTe he prometido\u00bb. Que descanse en paz el \u00eddolo de Am\u00e9rica, el cantor de los sentimientos m\u00e1s puros.<\/p>","protected":false},"excerpt":{"rendered":"<p>El 1 de enero de 2025, la m\u00fasica rom\u00e1ntica se visti\u00f3 de luto. A los 82 a\u00f1os, el querido Leo Dan, uno de los cantautores m\u00e1s emblem\u00e1ticos de Argentina, dijo adi\u00f3s dejando un legado que trascendi\u00f3 fronteras y generaciones. Con su fallecimiento, el mundo pierde a una de las voces m\u00e1s entra\u00f1ables de la balada, [&hellip;]<\/p>\n","protected":false},"author":8,"featured_media":3379,"comment_status":"open","ping_status":"open","sticky":false,"template":"","format":"standard","meta":{"footnotes":""},"categories":[183,392,393,173,814,1],"tags":[1988,1987,1989],"class_list":["post-3374","post","type-post","status-publish","format-standard","has-post-thumbnail","hentry","category-actualidad","category-cronica","category-cultura","category-internacional","category-musica","category-otros","tag-cantautorargentino","tag-leodan","tag-musicaromantica"],"yoast_head":"<!-- This site is optimized with the Yoast SEO plugin v27.4 - https:\/\/yoast.com\/product\/yoast-seo-wordpress\/ -->\n<title>Leo Dan: El mundo se despide de la leyenda de la balada rom\u00e1ntica - Pulso27<\/title>\n<meta name=\"robots\" content=\"index, follow, max-snippet:-1, max-image-preview:large, max-video-preview:-1\" \/>\n<link rel=\"canonical\" href=\"https:\/\/pulso27.com\/en\/cronica\/leo-dan-el-mundo-se-despide-de-la-leyenda-de-la-balada-romantica\/\" \/>\n<meta property=\"og:locale\" content=\"en_US\" \/>\n<meta property=\"og:type\" content=\"article\" \/>\n<meta property=\"og:title\" content=\"Leo Dan: El mundo se despide de la leyenda de la balada rom\u00e1ntica - Pulso27\" \/>\n<meta property=\"og:description\" content=\"El 1 de enero de 2025, la m\u00fasica rom\u00e1ntica se visti\u00f3 de luto. A los 82 a\u00f1os, el querido Leo Dan, uno de los cantautores m\u00e1s emblem\u00e1ticos de Argentina, dijo adi\u00f3s dejando un legado que trascendi\u00f3 fronteras y generaciones. Con su fallecimiento, el mundo pierde a una de las voces m\u00e1s entra\u00f1ables de la balada, [&hellip;]\" \/>\n<meta property=\"og:url\" content=\"https:\/\/pulso27.com\/en\/cronica\/leo-dan-el-mundo-se-despide-de-la-leyenda-de-la-balada-romantica\/\" \/>\n<meta property=\"og:site_name\" content=\"Pulso27\" \/>\n<meta property=\"article:publisher\" content=\"https:\/\/www.facebook.com\/pulso27\/\" \/>\n<meta property=\"article:published_time\" content=\"2025-01-02T21:41:49+00:00\" \/>\n<meta property=\"article:modified_time\" content=\"2025-01-02T21:41:53+00:00\" \/>\n<meta property=\"og:image\" content=\"https:\/\/pulso27.com\/wp-content\/uploads\/2025\/01\/LeoD.png\" \/>\n\t<meta property=\"og:image:width\" content=\"1200\" \/>\n\t<meta property=\"og:image:height\" content=\"675\" \/>\n\t<meta property=\"og:image:type\" content=\"image\/png\" \/>\n<meta name=\"author\" content=\"Maga\" \/>\n<meta name=\"twitter:card\" content=\"summary_large_image\" \/>\n<meta name=\"twitter:creator\" content=\"@Pulso_27\" \/>\n<meta name=\"twitter:site\" content=\"@Pulso_27\" \/>\n<meta name=\"twitter:label1\" content=\"Written by\" \/>\n\t<meta name=\"twitter:data1\" content=\"Maga\" \/>\n\t<meta name=\"twitter:label2\" content=\"Est. reading time\" \/>\n\t<meta name=\"twitter:data2\" content=\"6 minutes\" \/>\n<script type=\"application\/ld+json\" class=\"yoast-schema-graph\">{\"@context\":\"https:\\\/\\\/schema.org\",\"@graph\":[{\"@type\":\"Article\",\"@id\":\"https:\\\/\\\/pulso27.com\\\/cronica\\\/leo-dan-el-mundo-se-despide-de-la-leyenda-de-la-balada-romantica\\\/#article\",\"isPartOf\":{\"@id\":\"https:\\\/\\\/pulso27.com\\\/cronica\\\/leo-dan-el-mundo-se-despide-de-la-leyenda-de-la-balada-romantica\\\/\"},\"author\":{\"name\":\"Maga\",\"@id\":\"https:\\\/\\\/pulso27.com\\\/en\\\/#\\\/schema\\\/person\\\/92f5059eb04cb644a32d22c9bc998684\"},\"headline\":\"Leo Dan: El mundo se despide de la leyenda de la balada rom\u00e1ntica\",\"datePublished\":\"2025-01-02T21:41:49+00:00\",\"dateModified\":\"2025-01-02T21:41:53+00:00\",\"mainEntityOfPage\":{\"@id\":\"https:\\\/\\\/pulso27.com\\\/cronica\\\/leo-dan-el-mundo-se-despide-de-la-leyenda-de-la-balada-romantica\\\/\"},\"wordCount\":1066,\"commentCount\":0,\"publisher\":{\"@id\":\"https:\\\/\\\/pulso27.com\\\/en\\\/#organization\"},\"image\":{\"@id\":\"https:\\\/\\\/pulso27.com\\\/cronica\\\/leo-dan-el-mundo-se-despide-de-la-leyenda-de-la-balada-romantica\\\/#primaryimage\"},\"thumbnailUrl\":\"https:\\\/\\\/pulso27.com\\\/wp-content\\\/uploads\\\/2025\\\/01\\\/LeoD.png\",\"keywords\":[\"CantautorArgentino\",\"LeoDan\",\"M\u00fasicaRom\u00e1ntica\"],\"articleSection\":[\"Actualidad\",\"Cr\u00f3nica\",\"Cultura\",\"Internacional\",\"M\u00fasica\",\"Otros\"],\"inLanguage\":\"en-US\",\"potentialAction\":[{\"@type\":\"CommentAction\",\"name\":\"Comment\",\"target\":[\"https:\\\/\\\/pulso27.com\\\/cronica\\\/leo-dan-el-mundo-se-despide-de-la-leyenda-de-la-balada-romantica\\\/#respond\"]}]},{\"@type\":\"WebPage\",\"@id\":\"https:\\\/\\\/pulso27.com\\\/cronica\\\/leo-dan-el-mundo-se-despide-de-la-leyenda-de-la-balada-romantica\\\/\",\"url\":\"https:\\\/\\\/pulso27.com\\\/cronica\\\/leo-dan-el-mundo-se-despide-de-la-leyenda-de-la-balada-romantica\\\/\",\"name\":\"Leo Dan: El mundo se despide de la leyenda de la balada rom\u00e1ntica - Pulso27\",\"isPartOf\":{\"@id\":\"https:\\\/\\\/pulso27.com\\\/en\\\/#website\"},\"primaryImageOfPage\":{\"@id\":\"https:\\\/\\\/pulso27.com\\\/cronica\\\/leo-dan-el-mundo-se-despide-de-la-leyenda-de-la-balada-romantica\\\/#primaryimage\"},\"image\":{\"@id\":\"https:\\\/\\\/pulso27.com\\\/cronica\\\/leo-dan-el-mundo-se-despide-de-la-leyenda-de-la-balada-romantica\\\/#primaryimage\"},\"thumbnailUrl\":\"https:\\\/\\\/pulso27.com\\\/wp-content\\\/uploads\\\/2025\\\/01\\\/LeoD.png\",\"datePublished\":\"2025-01-02T21:41:49+00:00\",\"dateModified\":\"2025-01-02T21:41:53+00:00\",\"breadcrumb\":{\"@id\":\"https:\\\/\\\/pulso27.com\\\/cronica\\\/leo-dan-el-mundo-se-despide-de-la-leyenda-de-la-balada-romantica\\\/#breadcrumb\"},\"inLanguage\":\"en-US\",\"potentialAction\":[{\"@type\":\"ReadAction\",\"target\":[\"https:\\\/\\\/pulso27.com\\\/cronica\\\/leo-dan-el-mundo-se-despide-de-la-leyenda-de-la-balada-romantica\\\/\"]}]},{\"@type\":\"ImageObject\",\"inLanguage\":\"en-US\",\"@id\":\"https:\\\/\\\/pulso27.com\\\/cronica\\\/leo-dan-el-mundo-se-despide-de-la-leyenda-de-la-balada-romantica\\\/#primaryimage\",\"url\":\"https:\\\/\\\/pulso27.com\\\/wp-content\\\/uploads\\\/2025\\\/01\\\/LeoD.png\",\"contentUrl\":\"https:\\\/\\\/pulso27.com\\\/wp-content\\\/uploads\\\/2025\\\/01\\\/LeoD.png\",\"width\":1200,\"height\":675},{\"@type\":\"BreadcrumbList\",\"@id\":\"https:\\\/\\\/pulso27.com\\\/cronica\\\/leo-dan-el-mundo-se-despide-de-la-leyenda-de-la-balada-romantica\\\/#breadcrumb\",\"itemListElement\":[{\"@type\":\"ListItem\",\"position\":1,\"name\":\"Portada\",\"item\":\"https:\\\/\\\/pulso27.com\\\/\"},{\"@type\":\"ListItem\",\"position\":2,\"name\":\"Leo Dan: El mundo se despide de la leyenda de la balada rom\u00e1ntica\"}]},{\"@type\":\"WebSite\",\"@id\":\"https:\\\/\\\/pulso27.com\\\/en\\\/#website\",\"url\":\"https:\\\/\\\/pulso27.com\\\/en\\\/\",\"name\":\"Pulso27\",\"description\":\"Web de noticias y publicidad\",\"publisher\":{\"@id\":\"https:\\\/\\\/pulso27.com\\\/en\\\/#organization\"},\"alternateName\":\"El pulso del pueblo\",\"potentialAction\":[{\"@type\":\"SearchAction\",\"target\":{\"@type\":\"EntryPoint\",\"urlTemplate\":\"https:\\\/\\\/pulso27.com\\\/en\\\/?s={search_term_string}\"},\"query-input\":{\"@type\":\"PropertyValueSpecification\",\"valueRequired\":true,\"valueName\":\"search_term_string\"}}],\"inLanguage\":\"en-US\"},{\"@type\":\"Organization\",\"@id\":\"https:\\\/\\\/pulso27.com\\\/en\\\/#organization\",\"name\":\"Pulso27\",\"url\":\"https:\\\/\\\/pulso27.com\\\/en\\\/\",\"logo\":{\"@type\":\"ImageObject\",\"inLanguage\":\"en-US\",\"@id\":\"https:\\\/\\\/pulso27.com\\\/en\\\/#\\\/schema\\\/logo\\\/image\\\/\",\"url\":\"https:\\\/\\\/pulso27.com\\\/wp-content\\\/uploads\\\/2026\\\/02\\\/Logotipo-de-la-organizacion-696-x-696-px-ok.png\",\"contentUrl\":\"https:\\\/\\\/pulso27.com\\\/wp-content\\\/uploads\\\/2026\\\/02\\\/Logotipo-de-la-organizacion-696-x-696-px-ok.png\",\"width\":696,\"height\":696,\"caption\":\"Pulso27\"},\"image\":{\"@id\":\"https:\\\/\\\/pulso27.com\\\/en\\\/#\\\/schema\\\/logo\\\/image\\\/\"},\"sameAs\":[\"https:\\\/\\\/www.facebook.com\\\/pulso27\\\/\",\"https:\\\/\\\/x.com\\\/Pulso_27\",\"https:\\\/\\\/www.youtube.com\\\/@Pulso27\",\"https:\\\/\\\/www.tiktok.com\\\/@pulso_27\"]},{\"@type\":\"Person\",\"@id\":\"https:\\\/\\\/pulso27.com\\\/en\\\/#\\\/schema\\\/person\\\/92f5059eb04cb644a32d22c9bc998684\",\"name\":\"Maga\",\"image\":{\"@type\":\"ImageObject\",\"inLanguage\":\"en-US\",\"@id\":\"https:\\\/\\\/secure.gravatar.com\\\/avatar\\\/c4d5224d4227e7c057cd5793ba910425cc902f3aef97cda3eccc7acba8be2edc?s=96&d=mm&r=g\",\"url\":\"https:\\\/\\\/secure.gravatar.com\\\/avatar\\\/c4d5224d4227e7c057cd5793ba910425cc902f3aef97cda3eccc7acba8be2edc?s=96&d=mm&r=g\",\"contentUrl\":\"https:\\\/\\\/secure.gravatar.com\\\/avatar\\\/c4d5224d4227e7c057cd5793ba910425cc902f3aef97cda3eccc7acba8be2edc?s=96&d=mm&r=g\",\"caption\":\"Maga\"},\"sameAs\":[\"http:\\\/\\\/www.pulso27.com\"],\"url\":\"https:\\\/\\\/pulso27.com\\\/en\\\/author\\\/maga\\\/\"}]}<\/script>\n<!-- \/ Yoast SEO plugin. -->","yoast_head_json":{"title":"Leo Dan: El mundo se despide de la leyenda de la balada rom\u00e1ntica - Pulso27","robots":{"index":"index","follow":"follow","max-snippet":"max-snippet:-1","max-image-preview":"max-image-preview:large","max-video-preview":"max-video-preview:-1"},"canonical":"https:\/\/pulso27.com\/en\/cronica\/leo-dan-el-mundo-se-despide-de-la-leyenda-de-la-balada-romantica\/","og_locale":"en_US","og_type":"article","og_title":"Leo Dan: El mundo se despide de la leyenda de la balada rom\u00e1ntica - Pulso27","og_description":"El 1 de enero de 2025, la m\u00fasica rom\u00e1ntica se visti\u00f3 de luto. A los 82 a\u00f1os, el querido Leo Dan, uno de los cantautores m\u00e1s emblem\u00e1ticos de Argentina, dijo adi\u00f3s dejando un legado que trascendi\u00f3 fronteras y generaciones. Con su fallecimiento, el mundo pierde a una de las voces m\u00e1s entra\u00f1ables de la balada, [&hellip;]","og_url":"https:\/\/pulso27.com\/en\/cronica\/leo-dan-el-mundo-se-despide-de-la-leyenda-de-la-balada-romantica\/","og_site_name":"Pulso27","article_publisher":"https:\/\/www.facebook.com\/pulso27\/","article_published_time":"2025-01-02T21:41:49+00:00","article_modified_time":"2025-01-02T21:41:53+00:00","og_image":[{"width":1200,"height":675,"url":"https:\/\/pulso27.com\/wp-content\/uploads\/2025\/01\/LeoD.png","type":"image\/png"}],"author":"Maga","twitter_card":"summary_large_image","twitter_creator":"@Pulso_27","twitter_site":"@Pulso_27","twitter_misc":{"Written by":"Maga","Est. reading time":"6 minutes"},"schema":{"@context":"https:\/\/schema.org","@graph":[{"@type":"Article","@id":"https:\/\/pulso27.com\/cronica\/leo-dan-el-mundo-se-despide-de-la-leyenda-de-la-balada-romantica\/#article","isPartOf":{"@id":"https:\/\/pulso27.com\/cronica\/leo-dan-el-mundo-se-despide-de-la-leyenda-de-la-balada-romantica\/"},"author":{"name":"Maga","@id":"https:\/\/pulso27.com\/en\/#\/schema\/person\/92f5059eb04cb644a32d22c9bc998684"},"headline":"Leo Dan: El mundo se despide de la leyenda de la balada rom\u00e1ntica","datePublished":"2025-01-02T21:41:49+00:00","dateModified":"2025-01-02T21:41:53+00:00","mainEntityOfPage":{"@id":"https:\/\/pulso27.com\/cronica\/leo-dan-el-mundo-se-despide-de-la-leyenda-de-la-balada-romantica\/"},"wordCount":1066,"commentCount":0,"publisher":{"@id":"https:\/\/pulso27.com\/en\/#organization"},"image":{"@id":"https:\/\/pulso27.com\/cronica\/leo-dan-el-mundo-se-despide-de-la-leyenda-de-la-balada-romantica\/#primaryimage"},"thumbnailUrl":"https:\/\/pulso27.com\/wp-content\/uploads\/2025\/01\/LeoD.png","keywords":["CantautorArgentino","LeoDan","M\u00fasicaRom\u00e1ntica"],"articleSection":["Actualidad","Cr\u00f3nica","Cultura","Internacional","M\u00fasica","Otros"],"inLanguage":"en-US","potentialAction":[{"@type":"CommentAction","name":"Comment","target":["https:\/\/pulso27.com\/cronica\/leo-dan-el-mundo-se-despide-de-la-leyenda-de-la-balada-romantica\/#respond"]}]},{"@type":"WebPage","@id":"https:\/\/pulso27.com\/cronica\/leo-dan-el-mundo-se-despide-de-la-leyenda-de-la-balada-romantica\/","url":"https:\/\/pulso27.com\/cronica\/leo-dan-el-mundo-se-despide-de-la-leyenda-de-la-balada-romantica\/","name":"Leo Dan: El mundo se despide de la leyenda de la balada rom\u00e1ntica - Pulso27","isPartOf":{"@id":"https:\/\/pulso27.com\/en\/#website"},"primaryImageOfPage":{"@id":"https:\/\/pulso27.com\/cronica\/leo-dan-el-mundo-se-despide-de-la-leyenda-de-la-balada-romantica\/#primaryimage"},"image":{"@id":"https:\/\/pulso27.com\/cronica\/leo-dan-el-mundo-se-despide-de-la-leyenda-de-la-balada-romantica\/#primaryimage"},"thumbnailUrl":"https:\/\/pulso27.com\/wp-content\/uploads\/2025\/01\/LeoD.png","datePublished":"2025-01-02T21:41:49+00:00","dateModified":"2025-01-02T21:41:53+00:00","breadcrumb":{"@id":"https:\/\/pulso27.com\/cronica\/leo-dan-el-mundo-se-despide-de-la-leyenda-de-la-balada-romantica\/#breadcrumb"},"inLanguage":"en-US","potentialAction":[{"@type":"ReadAction","target":["https:\/\/pulso27.com\/cronica\/leo-dan-el-mundo-se-despide-de-la-leyenda-de-la-balada-romantica\/"]}]},{"@type":"ImageObject","inLanguage":"en-US","@id":"https:\/\/pulso27.com\/cronica\/leo-dan-el-mundo-se-despide-de-la-leyenda-de-la-balada-romantica\/#primaryimage","url":"https:\/\/pulso27.com\/wp-content\/uploads\/2025\/01\/LeoD.png","contentUrl":"https:\/\/pulso27.com\/wp-content\/uploads\/2025\/01\/LeoD.png","width":1200,"height":675},{"@type":"BreadcrumbList","@id":"https:\/\/pulso27.com\/cronica\/leo-dan-el-mundo-se-despide-de-la-leyenda-de-la-balada-romantica\/#breadcrumb","itemListElement":[{"@type":"ListItem","position":1,"name":"Portada","item":"https:\/\/pulso27.com\/"},{"@type":"ListItem","position":2,"name":"Leo Dan: El mundo se despide de la leyenda de la balada rom\u00e1ntica"}]},{"@type":"WebSite","@id":"https:\/\/pulso27.com\/en\/#website","url":"https:\/\/pulso27.com\/en\/","name":"Pulso27","description":"Web de noticias y publicidad","publisher":{"@id":"https:\/\/pulso27.com\/en\/#organization"},"alternateName":"El pulso del pueblo","potentialAction":[{"@type":"SearchAction","target":{"@type":"EntryPoint","urlTemplate":"https:\/\/pulso27.com\/en\/?s={search_term_string}"},"query-input":{"@type":"PropertyValueSpecification","valueRequired":true,"valueName":"search_term_string"}}],"inLanguage":"en-US"},{"@type":"Organization","@id":"https:\/\/pulso27.com\/en\/#organization","name":"Pulso27","url":"https:\/\/pulso27.com\/en\/","logo":{"@type":"ImageObject","inLanguage":"en-US","@id":"https:\/\/pulso27.com\/en\/#\/schema\/logo\/image\/","url":"https:\/\/pulso27.com\/wp-content\/uploads\/2026\/02\/Logotipo-de-la-organizacion-696-x-696-px-ok.png","contentUrl":"https:\/\/pulso27.com\/wp-content\/uploads\/2026\/02\/Logotipo-de-la-organizacion-696-x-696-px-ok.png","width":696,"height":696,"caption":"Pulso27"},"image":{"@id":"https:\/\/pulso27.com\/en\/#\/schema\/logo\/image\/"},"sameAs":["https:\/\/www.facebook.com\/pulso27\/","https:\/\/x.com\/Pulso_27","https:\/\/www.youtube.com\/@Pulso27","https:\/\/www.tiktok.com\/@pulso_27"]},{"@type":"Person","@id":"https:\/\/pulso27.com\/en\/#\/schema\/person\/92f5059eb04cb644a32d22c9bc998684","name":"Maga","image":{"@type":"ImageObject","inLanguage":"en-US","@id":"https:\/\/secure.gravatar.com\/avatar\/c4d5224d4227e7c057cd5793ba910425cc902f3aef97cda3eccc7acba8be2edc?s=96&d=mm&r=g","url":"https:\/\/secure.gravatar.com\/avatar\/c4d5224d4227e7c057cd5793ba910425cc902f3aef97cda3eccc7acba8be2edc?s=96&d=mm&r=g","contentUrl":"https:\/\/secure.gravatar.com\/avatar\/c4d5224d4227e7c057cd5793ba910425cc902f3aef97cda3eccc7acba8be2edc?s=96&d=mm&r=g","caption":"Maga"},"sameAs":["http:\/\/www.pulso27.com"],"url":"https:\/\/pulso27.com\/en\/author\/maga\/"}]}},"amp_enabled":true,"_links":{"self":[{"href":"https:\/\/pulso27.com\/en\/wp-json\/wp\/v2\/posts\/3374","targetHints":{"allow":["GET"]}}],"collection":[{"href":"https:\/\/pulso27.com\/en\/wp-json\/wp\/v2\/posts"}],"about":[{"href":"https:\/\/pulso27.com\/en\/wp-json\/wp\/v2\/types\/post"}],"author":[{"embeddable":true,"href":"https:\/\/pulso27.com\/en\/wp-json\/wp\/v2\/users\/8"}],"replies":[{"embeddable":true,"href":"https:\/\/pulso27.com\/en\/wp-json\/wp\/v2\/comments?post=3374"}],"version-history":[{"count":1,"href":"https:\/\/pulso27.com\/en\/wp-json\/wp\/v2\/posts\/3374\/revisions"}],"predecessor-version":[{"id":3380,"href":"https:\/\/pulso27.com\/en\/wp-json\/wp\/v2\/posts\/3374\/revisions\/3380"}],"wp:featuredmedia":[{"embeddable":true,"href":"https:\/\/pulso27.com\/en\/wp-json\/wp\/v2\/media\/3379"}],"wp:attachment":[{"href":"https:\/\/pulso27.com\/en\/wp-json\/wp\/v2\/media?parent=3374"}],"wp:term":[{"taxonomy":"category","embeddable":true,"href":"https:\/\/pulso27.com\/en\/wp-json\/wp\/v2\/categories?post=3374"},{"taxonomy":"post_tag","embeddable":true,"href":"https:\/\/pulso27.com\/en\/wp-json\/wp\/v2\/tags?post=3374"}],"curies":[{"name":"wp","href":"https:\/\/api.w.org\/{rel}","templated":true}]}}