{"id":3390,"date":"2025-01-03T03:24:28","date_gmt":"2025-01-02T22:24:28","guid":{"rendered":"https:\/\/pulso27.com\/?p=3390"},"modified":"2025-01-03T03:24:32","modified_gmt":"2025-01-02T22:24:32","slug":"dina-boluarte-asiste-a-juramentacion-de-janet-tello-como-presidenta-del-poder-judicial-cual-es-el-mensaje","status":"publish","type":"post","link":"https:\/\/pulso27.com\/en\/actualidad\/dina-boluarte-asiste-a-juramentacion-de-janet-tello-como-presidenta-del-poder-judicial-cual-es-el-mensaje\/","title":{"rendered":"Dina Boluarte asiste a juramentaci\u00f3n de Janet Tello como presidenta del Poder Judicial \u00bfCu\u00e1l es el mensaje?"},"content":{"rendered":"<p>En una jornada marcada por la oficializaci\u00f3n de la nueva presidencia del Poder Judicial, la doctora Janet Tello Gilardi asumi\u00f3 el cargo de presidenta de la Corte Suprema de Justicia, sucediendo a Javier Ar\u00e9valo Vela para el periodo 2025-2026. La ceremonia, que tuvo lugar a las 11:00 a.m. en el Palacio de Justicia, no solo fue significativa por la toma de posesi\u00f3n de la nueva autoridad judicial, sino tambi\u00e9n por la presencia de la presidenta Dina Boluarte, quien particip\u00f3 junto a otras figuras destacadas, como la fiscal de la Naci\u00f3n, Delia Espinoza.<\/p>\n\n\n\n<figure class=\"wp-block-image size-large\"><img loading=\"lazy\" decoding=\"async\" width=\"1024\" height=\"683\" src=\"https:\/\/pulso27.com\/wp-content\/uploads\/2025\/01\/image-6-1024x683.png\" alt=\"\" class=\"wp-image-3392\" srcset=\"https:\/\/pulso27.com\/wp-content\/uploads\/2025\/01\/image-6-1024x683.png 1024w, https:\/\/pulso27.com\/wp-content\/uploads\/2025\/01\/image-6-300x200.png 300w, https:\/\/pulso27.com\/wp-content\/uploads\/2025\/01\/image-6-768x512.png 768w, https:\/\/pulso27.com\/wp-content\/uploads\/2025\/01\/image-6-18x12.png 18w, https:\/\/pulso27.com\/wp-content\/uploads\/2025\/01\/image-6.png 1200w\" sizes=\"auto, (max-width: 1024px) 100vw, 1024px\" \/><figcaption class=\"wp-element-caption\"><em>Presidenta Dina Boluarte, particip\u00f3 junto a otras figuras destacadas, como la fiscal de la Naci\u00f3n, Delia Espinoza<\/em><\/figcaption><\/figure>\n\n\n\n<p>Janet Tello, quien se convierte en la segunda mujer en la historia del pa\u00eds en ocupar este cargo, hizo un en\u00e9rgico llamado a la unidad dentro del Poder Judicial, instando a jueces y juezas a rechazar la instrumentalizaci\u00f3n de la justicia con fines pol\u00edticos. \u00abLos juicios a personajes pol\u00edticos deben tener los mismos rigores que los de cualquier ciudadano\u00bb, subray\u00f3 Tello, destacando la necesidad de una justicia imparcial y aut\u00f3noma.<\/p>\n\n\n\n<p>En una ceremonia que parec\u00eda se\u00f1alar un tono institucional de trabajo conjunto, la presencia de Dina Boluarte en este acto no pas\u00f3 desapercibida, especialmente dado el contexto pol\u00edtico y judicial que atraviesa ella en el pa\u00eds. La mandataria, en su intervenci\u00f3n, enfatiz\u00f3 que el Gobierno \u00abtrabaja con las manos limpias, sin corrupci\u00f3n\u00bb y se comprometi\u00f3 a seguir colaborando con el Poder Judicial para garantizar una justicia inclusiva, equitativa y moderna. Adem\u00e1s, Boluarte inst\u00f3 a intensificar los esfuerzos para combatir la corrupci\u00f3n en todos los frentes, un mensaje que podr\u00eda interpretarse como una respuesta directa a los recientes cuestionamientos sobre el sistema judicial y las tensiones pol\u00edticas que involucran a altos funcionarios del gobierno y personajes de la oposici\u00f3n.<\/p>\n\n\n\n<p>Sin embargo, la participaci\u00f3n de Boluarte en este evento tambi\u00e9n ha suscitado dudas y especulaciones sobre las verdaderas intenciones detr\u00e1s de su presencia en una ceremonia que, seg\u00fan algunos analistas, podr\u00eda tener implicaciones pol\u00edticas. En un contexto en el que el Ejecutivo y el Poder Judicial han sido frecuentemente mencionados en medio de tensiones por diversos casos de corrupci\u00f3n y juicios de alto perfil contra figuras pol\u00edticas, la aparici\u00f3n de la presidenta en este acto podr\u00eda interpretarse como un intento de alinear el gobierno con la imagen de una justicia \u00ablimpia\u00bb y libre de influencias externas, a pesar de las cr\u00edticas que han surgido por la percepci\u00f3n de intervenciones pol\u00edticas en el \u00e1mbito judicial de la presidenta y sus aliados tanto en el Congreso de la Rep\u00fablica, el Ejecutivo y las Fuerzas Armadas.<\/p>\n\n\n\n<figure class=\"wp-block-image size-full is-resized\"><img loading=\"lazy\" decoding=\"async\" width=\"640\" height=\"371\" src=\"https:\/\/pulso27.com\/wp-content\/uploads\/2025\/01\/image-7.png\" alt=\"\" class=\"wp-image-3393\" style=\"width:740px;height:auto\" srcset=\"https:\/\/pulso27.com\/wp-content\/uploads\/2025\/01\/image-7.png 640w, https:\/\/pulso27.com\/wp-content\/uploads\/2025\/01\/image-7-300x174.png 300w, https:\/\/pulso27.com\/wp-content\/uploads\/2025\/01\/image-7-18x10.png 18w\" sizes=\"auto, (max-width: 640px) 100vw, 640px\" \/><figcaption class=\"wp-element-caption\"><em>Palabras de Janet Tello durante la asunci\u00f3n como presidenta del Poder Judicial <\/em><\/figcaption><\/figure>\n\n\n\n<p>Por otro lado, Janet Tello, quien asumi\u00f3 el liderazgo del Poder Judicial con la promesa de mantener la autonom\u00eda del sistema judicial frente a los intereses del Congreso y otros actores pol\u00edticos, tambi\u00e9n dej\u00f3 claro que no tolerar\u00e1 que la justicia sea utilizada como herramienta de persecuci\u00f3n pol\u00edtica. Sus palabras, pidiendo que los juicios sean tratados con la misma rigurosidad sin importar qui\u00e9n sea el imputado, parecieron ser un mensaje en defensa de la independencia de la instituci\u00f3n judicial.<\/p>\n\n\n\n<p>El acto tambi\u00e9n estuvo marcado por la juramentaci\u00f3n de 33 nuevos presidentes de las Cortes Superiores de Justicia, lo que refuerza el car\u00e1cter institucional y renovador de este proceso. Sin embargo, con un pa\u00eds a\u00fan inmerso en un clima de polarizaci\u00f3n pol\u00edtica, la coordinaci\u00f3n entre el Poder Ejecutivo y el Poder Judicial ser\u00e1 observada de cerca en los pr\u00f3ximos meses, ya que las decisiones judiciales seguir\u00e1n siendo una pieza clave en la estabilidad del gobierno de Dina Boluarte.<\/p>\n\n\n\n<p>En resumen, la ceremonia de asunci\u00f3n de Janet Tello como presidenta del Poder Judicial y la presencia de Dina Boluarte reflejan, por un lado, el compromiso formal de ambos poderes del Estado con la lucha contra la corrupci\u00f3n y la mejora del sistema judicial. No obstante, la duda persiste sobre si esta colaboraci\u00f3n ser\u00e1 genuina y efectiva, o si estamos ante una estrategia pol\u00edtica destinada a suavizar las tensiones entre ambos poderes, en un momento en que la autonom\u00eda del Poder Judicial sigue siendo un tema delicado y crucial para el futuro del pa\u00eds, fundamentalmente, por las denuncias de violaciones de derechos humanos de ciudadanos de las comunidades campesinas y nativas del Per\u00fa durante el presente r\u00e9gimen.<\/p>","protected":false},"excerpt":{"rendered":"<p>En una jornada marcada por la oficializaci\u00f3n de la nueva presidencia del Poder Judicial, la doctora Janet Tello Gilardi asumi\u00f3 el cargo de presidenta de la Corte Suprema de Justicia, sucediendo a Javier Ar\u00e9valo Vela para el periodo 2025-2026. La ceremonia, que tuvo lugar a las 11:00 a.m. en el Palacio de Justicia, no solo [&hellip;]<\/p>\n","protected":false},"author":7,"featured_media":3391,"comment_status":"open","ping_status":"open","sticky":false,"template":"","format":"standard","meta":{"footnotes":""},"categories":[183,174,180],"tags":[],"class_list":["post-3390","post","type-post","status-publish","format-standard","has-post-thumbnail","hentry","category-actualidad","category-nacional","category-politica"],"yoast_head":"<!-- This site is optimized with the Yoast SEO plugin v27.4 - https:\/\/yoast.com\/product\/yoast-seo-wordpress\/ -->\n<title>Dina Boluarte asiste a juramentaci\u00f3n de Janet Tello como presidenta del Poder Judicial \u00bfCu\u00e1l es el mensaje? - Pulso27<\/title>\n<meta name=\"robots\" content=\"index, follow, max-snippet:-1, max-image-preview:large, max-video-preview:-1\" \/>\n<link rel=\"canonical\" href=\"https:\/\/pulso27.com\/en\/nacional\/dina-boluarte-asiste-a-juramentacion-de-janet-tello-como-presidenta-del-poder-judicial-cual-es-el-mensaje\/\" \/>\n<meta property=\"og:locale\" content=\"en_US\" \/>\n<meta property=\"og:type\" content=\"article\" \/>\n<meta property=\"og:title\" content=\"Dina Boluarte asiste a juramentaci\u00f3n de Janet Tello como presidenta del Poder Judicial \u00bfCu\u00e1l es el mensaje? - Pulso27\" \/>\n<meta property=\"og:description\" content=\"En una jornada marcada por la oficializaci\u00f3n de la nueva presidencia del Poder Judicial, la doctora Janet Tello Gilardi asumi\u00f3 el cargo de presidenta de la Corte Suprema de Justicia, sucediendo a Javier Ar\u00e9valo Vela para el periodo 2025-2026. La ceremonia, que tuvo lugar a las 11:00 a.m. en el Palacio de Justicia, no solo [&hellip;]\" \/>\n<meta property=\"og:url\" content=\"https:\/\/pulso27.com\/en\/nacional\/dina-boluarte-asiste-a-juramentacion-de-janet-tello-como-presidenta-del-poder-judicial-cual-es-el-mensaje\/\" \/>\n<meta property=\"og:site_name\" content=\"Pulso27\" \/>\n<meta property=\"article:publisher\" content=\"https:\/\/www.facebook.com\/pulso27\/\" \/>\n<meta property=\"article:published_time\" content=\"2025-01-02T22:24:28+00:00\" \/>\n<meta property=\"article:modified_time\" content=\"2025-01-02T22:24:32+00:00\" \/>\n<meta property=\"og:image\" content=\"https:\/\/pulso27.com\/wp-content\/uploads\/2025\/01\/PoderJud.png\" \/>\n\t<meta property=\"og:image:width\" content=\"1200\" \/>\n\t<meta property=\"og:image:height\" content=\"675\" \/>\n\t<meta property=\"og:image:type\" content=\"image\/png\" \/>\n<meta name=\"author\" content=\"Tupaq\" \/>\n<meta name=\"twitter:card\" content=\"summary_large_image\" \/>\n<meta name=\"twitter:creator\" content=\"@Pulso_27\" \/>\n<meta name=\"twitter:site\" content=\"@Pulso_27\" \/>\n<meta name=\"twitter:label1\" content=\"Written by\" \/>\n\t<meta name=\"twitter:data1\" content=\"Tupaq\" \/>\n\t<meta name=\"twitter:label2\" content=\"Est. reading time\" \/>\n\t<meta name=\"twitter:data2\" content=\"4 minutes\" \/>\n<script type=\"application\/ld+json\" class=\"yoast-schema-graph\">{\"@context\":\"https:\\\/\\\/schema.org\",\"@graph\":[{\"@type\":\"Article\",\"@id\":\"https:\\\/\\\/pulso27.com\\\/nacional\\\/dina-boluarte-asiste-a-juramentacion-de-janet-tello-como-presidenta-del-poder-judicial-cual-es-el-mensaje\\\/#article\",\"isPartOf\":{\"@id\":\"https:\\\/\\\/pulso27.com\\\/nacional\\\/dina-boluarte-asiste-a-juramentacion-de-janet-tello-como-presidenta-del-poder-judicial-cual-es-el-mensaje\\\/\"},\"author\":{\"name\":\"Tupaq\",\"@id\":\"https:\\\/\\\/pulso27.com\\\/en\\\/#\\\/schema\\\/person\\\/d20fd7f5bc7f2e53fd150d43fca07a78\"},\"headline\":\"Dina Boluarte asiste a juramentaci\u00f3n de Janet Tello como presidenta del Poder Judicial \u00bfCu\u00e1l es el mensaje?\",\"datePublished\":\"2025-01-02T22:24:28+00:00\",\"dateModified\":\"2025-01-02T22:24:32+00:00\",\"mainEntityOfPage\":{\"@id\":\"https:\\\/\\\/pulso27.com\\\/nacional\\\/dina-boluarte-asiste-a-juramentacion-de-janet-tello-como-presidenta-del-poder-judicial-cual-es-el-mensaje\\\/\"},\"wordCount\":796,\"commentCount\":0,\"publisher\":{\"@id\":\"https:\\\/\\\/pulso27.com\\\/en\\\/#organization\"},\"image\":{\"@id\":\"https:\\\/\\\/pulso27.com\\\/nacional\\\/dina-boluarte-asiste-a-juramentacion-de-janet-tello-como-presidenta-del-poder-judicial-cual-es-el-mensaje\\\/#primaryimage\"},\"thumbnailUrl\":\"https:\\\/\\\/pulso27.com\\\/wp-content\\\/uploads\\\/2025\\\/01\\\/PoderJud.png\",\"articleSection\":[\"Actualidad\",\"Nacional\",\"Pol\u00edtica\"],\"inLanguage\":\"en-US\",\"potentialAction\":[{\"@type\":\"CommentAction\",\"name\":\"Comment\",\"target\":[\"https:\\\/\\\/pulso27.com\\\/nacional\\\/dina-boluarte-asiste-a-juramentacion-de-janet-tello-como-presidenta-del-poder-judicial-cual-es-el-mensaje\\\/#respond\"]}]},{\"@type\":\"WebPage\",\"@id\":\"https:\\\/\\\/pulso27.com\\\/nacional\\\/dina-boluarte-asiste-a-juramentacion-de-janet-tello-como-presidenta-del-poder-judicial-cual-es-el-mensaje\\\/\",\"url\":\"https:\\\/\\\/pulso27.com\\\/nacional\\\/dina-boluarte-asiste-a-juramentacion-de-janet-tello-como-presidenta-del-poder-judicial-cual-es-el-mensaje\\\/\",\"name\":\"Dina Boluarte asiste a juramentaci\u00f3n de Janet Tello como presidenta del Poder Judicial \u00bfCu\u00e1l es el mensaje? - Pulso27\",\"isPartOf\":{\"@id\":\"https:\\\/\\\/pulso27.com\\\/en\\\/#website\"},\"primaryImageOfPage\":{\"@id\":\"https:\\\/\\\/pulso27.com\\\/nacional\\\/dina-boluarte-asiste-a-juramentacion-de-janet-tello-como-presidenta-del-poder-judicial-cual-es-el-mensaje\\\/#primaryimage\"},\"image\":{\"@id\":\"https:\\\/\\\/pulso27.com\\\/nacional\\\/dina-boluarte-asiste-a-juramentacion-de-janet-tello-como-presidenta-del-poder-judicial-cual-es-el-mensaje\\\/#primaryimage\"},\"thumbnailUrl\":\"https:\\\/\\\/pulso27.com\\\/wp-content\\\/uploads\\\/2025\\\/01\\\/PoderJud.png\",\"datePublished\":\"2025-01-02T22:24:28+00:00\",\"dateModified\":\"2025-01-02T22:24:32+00:00\",\"breadcrumb\":{\"@id\":\"https:\\\/\\\/pulso27.com\\\/nacional\\\/dina-boluarte-asiste-a-juramentacion-de-janet-tello-como-presidenta-del-poder-judicial-cual-es-el-mensaje\\\/#breadcrumb\"},\"inLanguage\":\"en-US\",\"potentialAction\":[{\"@type\":\"ReadAction\",\"target\":[\"https:\\\/\\\/pulso27.com\\\/nacional\\\/dina-boluarte-asiste-a-juramentacion-de-janet-tello-como-presidenta-del-poder-judicial-cual-es-el-mensaje\\\/\"]}]},{\"@type\":\"ImageObject\",\"inLanguage\":\"en-US\",\"@id\":\"https:\\\/\\\/pulso27.com\\\/nacional\\\/dina-boluarte-asiste-a-juramentacion-de-janet-tello-como-presidenta-del-poder-judicial-cual-es-el-mensaje\\\/#primaryimage\",\"url\":\"https:\\\/\\\/pulso27.com\\\/wp-content\\\/uploads\\\/2025\\\/01\\\/PoderJud.png\",\"contentUrl\":\"https:\\\/\\\/pulso27.com\\\/wp-content\\\/uploads\\\/2025\\\/01\\\/PoderJud.png\",\"width\":1200,\"height\":675},{\"@type\":\"BreadcrumbList\",\"@id\":\"https:\\\/\\\/pulso27.com\\\/nacional\\\/dina-boluarte-asiste-a-juramentacion-de-janet-tello-como-presidenta-del-poder-judicial-cual-es-el-mensaje\\\/#breadcrumb\",\"itemListElement\":[{\"@type\":\"ListItem\",\"position\":1,\"name\":\"Portada\",\"item\":\"https:\\\/\\\/pulso27.com\\\/\"},{\"@type\":\"ListItem\",\"position\":2,\"name\":\"Dina Boluarte asiste a juramentaci\u00f3n de Janet Tello como presidenta del Poder Judicial \u00bfCu\u00e1l es el mensaje?\"}]},{\"@type\":\"WebSite\",\"@id\":\"https:\\\/\\\/pulso27.com\\\/en\\\/#website\",\"url\":\"https:\\\/\\\/pulso27.com\\\/en\\\/\",\"name\":\"Pulso27\",\"description\":\"Web de noticias y publicidad\",\"publisher\":{\"@id\":\"https:\\\/\\\/pulso27.com\\\/en\\\/#organization\"},\"alternateName\":\"El pulso del pueblo\",\"potentialAction\":[{\"@type\":\"SearchAction\",\"target\":{\"@type\":\"EntryPoint\",\"urlTemplate\":\"https:\\\/\\\/pulso27.com\\\/en\\\/?s={search_term_string}\"},\"query-input\":{\"@type\":\"PropertyValueSpecification\",\"valueRequired\":true,\"valueName\":\"search_term_string\"}}],\"inLanguage\":\"en-US\"},{\"@type\":\"Organization\",\"@id\":\"https:\\\/\\\/pulso27.com\\\/en\\\/#organization\",\"name\":\"Pulso27\",\"url\":\"https:\\\/\\\/pulso27.com\\\/en\\\/\",\"logo\":{\"@type\":\"ImageObject\",\"inLanguage\":\"en-US\",\"@id\":\"https:\\\/\\\/pulso27.com\\\/en\\\/#\\\/schema\\\/logo\\\/image\\\/\",\"url\":\"https:\\\/\\\/pulso27.com\\\/wp-content\\\/uploads\\\/2026\\\/02\\\/Logotipo-de-la-organizacion-696-x-696-px-ok.png\",\"contentUrl\":\"https:\\\/\\\/pulso27.com\\\/wp-content\\\/uploads\\\/2026\\\/02\\\/Logotipo-de-la-organizacion-696-x-696-px-ok.png\",\"width\":696,\"height\":696,\"caption\":\"Pulso27\"},\"image\":{\"@id\":\"https:\\\/\\\/pulso27.com\\\/en\\\/#\\\/schema\\\/logo\\\/image\\\/\"},\"sameAs\":[\"https:\\\/\\\/www.facebook.com\\\/pulso27\\\/\",\"https:\\\/\\\/x.com\\\/Pulso_27\",\"https:\\\/\\\/www.youtube.com\\\/@Pulso27\",\"https:\\\/\\\/www.tiktok.com\\\/@pulso_27\"]},{\"@type\":\"Person\",\"@id\":\"https:\\\/\\\/pulso27.com\\\/en\\\/#\\\/schema\\\/person\\\/d20fd7f5bc7f2e53fd150d43fca07a78\",\"name\":\"Tupaq\",\"image\":{\"@type\":\"ImageObject\",\"inLanguage\":\"en-US\",\"@id\":\"https:\\\/\\\/secure.gravatar.com\\\/avatar\\\/7929e9b034aeea560319a601e4f04c59eb5f45a79eafe192adabb67e9604e7e7?s=96&d=mm&r=g\",\"url\":\"https:\\\/\\\/secure.gravatar.com\\\/avatar\\\/7929e9b034aeea560319a601e4f04c59eb5f45a79eafe192adabb67e9604e7e7?s=96&d=mm&r=g\",\"contentUrl\":\"https:\\\/\\\/secure.gravatar.com\\\/avatar\\\/7929e9b034aeea560319a601e4f04c59eb5f45a79eafe192adabb67e9604e7e7?s=96&d=mm&r=g\",\"caption\":\"Tupaq\"},\"url\":\"https:\\\/\\\/pulso27.com\\\/en\\\/author\\\/tupaq\\\/\"}]}<\/script>\n<!-- \/ Yoast SEO plugin. -->","yoast_head_json":{"title":"Dina Boluarte asiste a juramentaci\u00f3n de Janet Tello como presidenta del Poder Judicial \u00bfCu\u00e1l es el mensaje? - Pulso27","robots":{"index":"index","follow":"follow","max-snippet":"max-snippet:-1","max-image-preview":"max-image-preview:large","max-video-preview":"max-video-preview:-1"},"canonical":"https:\/\/pulso27.com\/en\/nacional\/dina-boluarte-asiste-a-juramentacion-de-janet-tello-como-presidenta-del-poder-judicial-cual-es-el-mensaje\/","og_locale":"en_US","og_type":"article","og_title":"Dina Boluarte asiste a juramentaci\u00f3n de Janet Tello como presidenta del Poder Judicial \u00bfCu\u00e1l es el mensaje? - Pulso27","og_description":"En una jornada marcada por la oficializaci\u00f3n de la nueva presidencia del Poder Judicial, la doctora Janet Tello Gilardi asumi\u00f3 el cargo de presidenta de la Corte Suprema de Justicia, sucediendo a Javier Ar\u00e9valo Vela para el periodo 2025-2026. La ceremonia, que tuvo lugar a las 11:00 a.m. en el Palacio de Justicia, no solo [&hellip;]","og_url":"https:\/\/pulso27.com\/en\/nacional\/dina-boluarte-asiste-a-juramentacion-de-janet-tello-como-presidenta-del-poder-judicial-cual-es-el-mensaje\/","og_site_name":"Pulso27","article_publisher":"https:\/\/www.facebook.com\/pulso27\/","article_published_time":"2025-01-02T22:24:28+00:00","article_modified_time":"2025-01-02T22:24:32+00:00","og_image":[{"width":1200,"height":675,"url":"https:\/\/pulso27.com\/wp-content\/uploads\/2025\/01\/PoderJud.png","type":"image\/png"}],"author":"Tupaq","twitter_card":"summary_large_image","twitter_creator":"@Pulso_27","twitter_site":"@Pulso_27","twitter_misc":{"Written by":"Tupaq","Est. reading time":"4 minutes"},"schema":{"@context":"https:\/\/schema.org","@graph":[{"@type":"Article","@id":"https:\/\/pulso27.com\/nacional\/dina-boluarte-asiste-a-juramentacion-de-janet-tello-como-presidenta-del-poder-judicial-cual-es-el-mensaje\/#article","isPartOf":{"@id":"https:\/\/pulso27.com\/nacional\/dina-boluarte-asiste-a-juramentacion-de-janet-tello-como-presidenta-del-poder-judicial-cual-es-el-mensaje\/"},"author":{"name":"Tupaq","@id":"https:\/\/pulso27.com\/en\/#\/schema\/person\/d20fd7f5bc7f2e53fd150d43fca07a78"},"headline":"Dina Boluarte asiste a juramentaci\u00f3n de Janet Tello como presidenta del Poder Judicial \u00bfCu\u00e1l es el mensaje?","datePublished":"2025-01-02T22:24:28+00:00","dateModified":"2025-01-02T22:24:32+00:00","mainEntityOfPage":{"@id":"https:\/\/pulso27.com\/nacional\/dina-boluarte-asiste-a-juramentacion-de-janet-tello-como-presidenta-del-poder-judicial-cual-es-el-mensaje\/"},"wordCount":796,"commentCount":0,"publisher":{"@id":"https:\/\/pulso27.com\/en\/#organization"},"image":{"@id":"https:\/\/pulso27.com\/nacional\/dina-boluarte-asiste-a-juramentacion-de-janet-tello-como-presidenta-del-poder-judicial-cual-es-el-mensaje\/#primaryimage"},"thumbnailUrl":"https:\/\/pulso27.com\/wp-content\/uploads\/2025\/01\/PoderJud.png","articleSection":["Actualidad","Nacional","Pol\u00edtica"],"inLanguage":"en-US","potentialAction":[{"@type":"CommentAction","name":"Comment","target":["https:\/\/pulso27.com\/nacional\/dina-boluarte-asiste-a-juramentacion-de-janet-tello-como-presidenta-del-poder-judicial-cual-es-el-mensaje\/#respond"]}]},{"@type":"WebPage","@id":"https:\/\/pulso27.com\/nacional\/dina-boluarte-asiste-a-juramentacion-de-janet-tello-como-presidenta-del-poder-judicial-cual-es-el-mensaje\/","url":"https:\/\/pulso27.com\/nacional\/dina-boluarte-asiste-a-juramentacion-de-janet-tello-como-presidenta-del-poder-judicial-cual-es-el-mensaje\/","name":"Dina Boluarte asiste a juramentaci\u00f3n de Janet Tello como presidenta del Poder Judicial \u00bfCu\u00e1l es el mensaje? - Pulso27","isPartOf":{"@id":"https:\/\/pulso27.com\/en\/#website"},"primaryImageOfPage":{"@id":"https:\/\/pulso27.com\/nacional\/dina-boluarte-asiste-a-juramentacion-de-janet-tello-como-presidenta-del-poder-judicial-cual-es-el-mensaje\/#primaryimage"},"image":{"@id":"https:\/\/pulso27.com\/nacional\/dina-boluarte-asiste-a-juramentacion-de-janet-tello-como-presidenta-del-poder-judicial-cual-es-el-mensaje\/#primaryimage"},"thumbnailUrl":"https:\/\/pulso27.com\/wp-content\/uploads\/2025\/01\/PoderJud.png","datePublished":"2025-01-02T22:24:28+00:00","dateModified":"2025-01-02T22:24:32+00:00","breadcrumb":{"@id":"https:\/\/pulso27.com\/nacional\/dina-boluarte-asiste-a-juramentacion-de-janet-tello-como-presidenta-del-poder-judicial-cual-es-el-mensaje\/#breadcrumb"},"inLanguage":"en-US","potentialAction":[{"@type":"ReadAction","target":["https:\/\/pulso27.com\/nacional\/dina-boluarte-asiste-a-juramentacion-de-janet-tello-como-presidenta-del-poder-judicial-cual-es-el-mensaje\/"]}]},{"@type":"ImageObject","inLanguage":"en-US","@id":"https:\/\/pulso27.com\/nacional\/dina-boluarte-asiste-a-juramentacion-de-janet-tello-como-presidenta-del-poder-judicial-cual-es-el-mensaje\/#primaryimage","url":"https:\/\/pulso27.com\/wp-content\/uploads\/2025\/01\/PoderJud.png","contentUrl":"https:\/\/pulso27.com\/wp-content\/uploads\/2025\/01\/PoderJud.png","width":1200,"height":675},{"@type":"BreadcrumbList","@id":"https:\/\/pulso27.com\/nacional\/dina-boluarte-asiste-a-juramentacion-de-janet-tello-como-presidenta-del-poder-judicial-cual-es-el-mensaje\/#breadcrumb","itemListElement":[{"@type":"ListItem","position":1,"name":"Portada","item":"https:\/\/pulso27.com\/"},{"@type":"ListItem","position":2,"name":"Dina Boluarte asiste a juramentaci\u00f3n de Janet Tello como presidenta del Poder Judicial \u00bfCu\u00e1l es el mensaje?"}]},{"@type":"WebSite","@id":"https:\/\/pulso27.com\/en\/#website","url":"https:\/\/pulso27.com\/en\/","name":"Pulso27","description":"Web de noticias y publicidad","publisher":{"@id":"https:\/\/pulso27.com\/en\/#organization"},"alternateName":"El pulso del pueblo","potentialAction":[{"@type":"SearchAction","target":{"@type":"EntryPoint","urlTemplate":"https:\/\/pulso27.com\/en\/?s={search_term_string}"},"query-input":{"@type":"PropertyValueSpecification","valueRequired":true,"valueName":"search_term_string"}}],"inLanguage":"en-US"},{"@type":"Organization","@id":"https:\/\/pulso27.com\/en\/#organization","name":"Pulso27","url":"https:\/\/pulso27.com\/en\/","logo":{"@type":"ImageObject","inLanguage":"en-US","@id":"https:\/\/pulso27.com\/en\/#\/schema\/logo\/image\/","url":"https:\/\/pulso27.com\/wp-content\/uploads\/2026\/02\/Logotipo-de-la-organizacion-696-x-696-px-ok.png","contentUrl":"https:\/\/pulso27.com\/wp-content\/uploads\/2026\/02\/Logotipo-de-la-organizacion-696-x-696-px-ok.png","width":696,"height":696,"caption":"Pulso27"},"image":{"@id":"https:\/\/pulso27.com\/en\/#\/schema\/logo\/image\/"},"sameAs":["https:\/\/www.facebook.com\/pulso27\/","https:\/\/x.com\/Pulso_27","https:\/\/www.youtube.com\/@Pulso27","https:\/\/www.tiktok.com\/@pulso_27"]},{"@type":"Person","@id":"https:\/\/pulso27.com\/en\/#\/schema\/person\/d20fd7f5bc7f2e53fd150d43fca07a78","name":"Tupaq","image":{"@type":"ImageObject","inLanguage":"en-US","@id":"https:\/\/secure.gravatar.com\/avatar\/7929e9b034aeea560319a601e4f04c59eb5f45a79eafe192adabb67e9604e7e7?s=96&d=mm&r=g","url":"https:\/\/secure.gravatar.com\/avatar\/7929e9b034aeea560319a601e4f04c59eb5f45a79eafe192adabb67e9604e7e7?s=96&d=mm&r=g","contentUrl":"https:\/\/secure.gravatar.com\/avatar\/7929e9b034aeea560319a601e4f04c59eb5f45a79eafe192adabb67e9604e7e7?s=96&d=mm&r=g","caption":"Tupaq"},"url":"https:\/\/pulso27.com\/en\/author\/tupaq\/"}]}},"amp_enabled":true,"_links":{"self":[{"href":"https:\/\/pulso27.com\/en\/wp-json\/wp\/v2\/posts\/3390","targetHints":{"allow":["GET"]}}],"collection":[{"href":"https:\/\/pulso27.com\/en\/wp-json\/wp\/v2\/posts"}],"about":[{"href":"https:\/\/pulso27.com\/en\/wp-json\/wp\/v2\/types\/post"}],"author":[{"embeddable":true,"href":"https:\/\/pulso27.com\/en\/wp-json\/wp\/v2\/users\/7"}],"replies":[{"embeddable":true,"href":"https:\/\/pulso27.com\/en\/wp-json\/wp\/v2\/comments?post=3390"}],"version-history":[{"count":1,"href":"https:\/\/pulso27.com\/en\/wp-json\/wp\/v2\/posts\/3390\/revisions"}],"predecessor-version":[{"id":3394,"href":"https:\/\/pulso27.com\/en\/wp-json\/wp\/v2\/posts\/3390\/revisions\/3394"}],"wp:featuredmedia":[{"embeddable":true,"href":"https:\/\/pulso27.com\/en\/wp-json\/wp\/v2\/media\/3391"}],"wp:attachment":[{"href":"https:\/\/pulso27.com\/en\/wp-json\/wp\/v2\/media?parent=3390"}],"wp:term":[{"taxonomy":"category","embeddable":true,"href":"https:\/\/pulso27.com\/en\/wp-json\/wp\/v2\/categories?post=3390"},{"taxonomy":"post_tag","embeddable":true,"href":"https:\/\/pulso27.com\/en\/wp-json\/wp\/v2\/tags?post=3390"}],"curies":[{"name":"wp","href":"https:\/\/api.w.org\/{rel}","templated":true}]}}