{"id":3398,"date":"2025-01-04T03:33:12","date_gmt":"2025-01-03T22:33:12","guid":{"rendered":"https:\/\/pulso27.com\/?p=3398"},"modified":"2025-01-04T03:33:16","modified_gmt":"2025-01-03T22:33:16","slug":"oposicion-al-proyecto-minero-tia-maria-y-la-tapada-defensa-de-la-agricultura-en-el-valle-del-tambo","status":"publish","type":"post","link":"https:\/\/pulso27.com\/en\/actualidad\/oposicion-al-proyecto-minero-tia-maria-y-la-tapada-defensa-de-la-agricultura-en-el-valle-del-tambo\/","title":{"rendered":"Oposici\u00f3n al proyecto minero T\u00eda Mar\u00eda y La Tapada: Defensa de la Agricultura en el Valle del Tambo"},"content":{"rendered":"<p>El reinicio del controvertido proyecto minero T\u00eda Mar\u00eda, esta vez, impulsado por la propia presidenta Dina Boluarte durante un discurso de fin de a\u00f1o 2024, ha desatado una fuerte resistencia en el Valle de Tambo, Arequipa. A pesar de los argumentos del Gobierno, que considera la miner\u00eda como un motor de desarrollo, los agricultores temen que la contaminaci\u00f3n del agua, esencial para sus cultivos, ponga en peligro su sustento y salud.<\/p>\n\n\n\n<p>El proyecto, que busca extraer cobre mediante miner\u00eda a cielo abierto, ha sido suspendido desde 2009 debido a los fuertes conflictos sociales que provoc\u00f3. Las protestas en su contra, que dejaron 7 muertos y cientos de heridos, siguen siendo un tema sensible. La principal preocupaci\u00f3n de los pobladores es la posible contaminaci\u00f3n del r\u00edo Tambo, fuente vital para la irrigaci\u00f3n agr\u00edcola.<\/p>\n\n\n\n<p>El economista Jos\u00e9 de Echave subray\u00f3 que, adem\u00e1s de la oposici\u00f3n popular, el Estudio de Impacto Ambiental (EIA) aprobado en 2014 ya est\u00e1 vencido, y cualquier reactivaci\u00f3n del proyecto deber\u00eda contar con un nuevo an\u00e1lisis ambiental. De Echave alert\u00f3 sobre los riesgos de flexibilizar la legislaci\u00f3n para acelerar inversiones sin una evaluaci\u00f3n rigurosa.<\/p>\n\n\n\n<figure class=\"wp-block-image size-full is-resized\"><img loading=\"lazy\" decoding=\"async\" width=\"720\" height=\"396\" src=\"https:\/\/pulso27.com\/wp-content\/uploads\/2025\/01\/image-8.png\" alt=\"\" class=\"wp-image-3400\" style=\"width:740px;height:auto\" srcset=\"https:\/\/pulso27.com\/wp-content\/uploads\/2025\/01\/image-8.png 720w, https:\/\/pulso27.com\/wp-content\/uploads\/2025\/01\/image-8-300x165.png 300w, https:\/\/pulso27.com\/wp-content\/uploads\/2025\/01\/image-8-18x10.png 18w\" sizes=\"auto, (max-width: 720px) 100vw, 720px\" \/><figcaption class=\"wp-element-caption\"><em>Trasnacional Southern Copper Corporation busca operar tan pronto se resuelva la conflictividad social<\/em><\/figcaption><\/figure>\n\n\n\n<p>Por su parte, Boluarte defendi\u00f3 la miner\u00eda como parte de la identidad hist\u00f3rica del Per\u00fa, argumentando que el pa\u00eds siempre ha sido \u00abminero\u00bb. Sin embargo, cr\u00edticos afirman que este enfoque no considera las graves implicaciones para comunidades agr\u00edcolas como las del Valle de Tambo, donde la agricultura depende del agua del r\u00edo.<\/p>\n\n\n\n<p>El vocero del Frente de Defensa del Valle de Tambo, Roger Chirapo, expres\u00f3 que la contaminaci\u00f3n por metales pesados afectar\u00eda gravemente tanto la salud como los cultivos. La situaci\u00f3n se agrava con informes sobre la contaminaci\u00f3n del r\u00edo por la mina Aruntani, lo que ha intensificado el rechazo al proyecto.<\/p>\n\n\n\n<p>Las autoridades locales, como el alcalde de Punta de Bomb\u00f3n, Jos\u00e9 Miguel Ramos Carrera, han sumado esfuerzos para presentar un ultim\u00e1tum al Gobierno, exigiendo la cancelaci\u00f3n de T\u00eda Mar\u00eda. M\u00e1s de la mitad de los alcaldes de Islay han respaldado esta iniciativa, demostrando el rechazo mayoritario en la regi\u00f3n.<\/p>\n\n\n\n<p>De Echave tambi\u00e9n advirti\u00f3 sobre el uso del presupuesto destinado a resolver conflictos sociales, temiendo que sea empleado para reprimir las protestas en lugar de buscar un di\u00e1logo. Seg\u00fan el economista, la falta de legitimidad del Gobierno de Boluarte podr\u00eda escalar el conflicto.<\/p>\n\n\n\n<p>El proyecto T\u00eda Mar\u00eda se ha convertido en un s\u00edmbolo de la confrontaci\u00f3n entre miner\u00eda y agricultura en el Per\u00fa. Para los agricultores del Valle de Tambo, el futuro del proyecto es un testimonio de la capacidad del gobierno para escuchar y respetar la voluntad de la poblaci\u00f3n. Mientras tanto, la lucha por la defensa del agua y la tierra contin\u00faa.<\/p>","protected":false},"excerpt":{"rendered":"<p>El reinicio del controvertido proyecto minero T\u00eda Mar\u00eda, esta vez, impulsado por la propia presidenta Dina Boluarte durante un discurso de fin de a\u00f1o 2024, ha desatado una fuerte resistencia en el Valle de Tambo, Arequipa. A pesar de los argumentos del Gobierno, que considera la miner\u00eda como un motor de desarrollo, los agricultores temen [&hellip;]<\/p>\n","protected":false},"author":7,"featured_media":3399,"comment_status":"open","ping_status":"open","sticky":false,"template":"","format":"standard","meta":{"footnotes":""},"categories":[183,1846,810],"tags":[616,578,1992,837,835],"class_list":["post-3398","post","type-post","status-publish","format-standard","has-post-thumbnail","hentry","category-actualidad","category-mineria","category-regional","tag-arequipa","tag-mineria","tag-proyectominerotiamaria","tag-southerncoppercorporation","tag-valledeltambo"],"yoast_head":"<!-- This site is optimized with the Yoast SEO plugin v27.4 - https:\/\/yoast.com\/product\/yoast-seo-wordpress\/ -->\n<title>Oposici\u00f3n al proyecto minero T\u00eda Mar\u00eda y La Tapada: Defensa de la Agricultura en el Valle del Tambo - Pulso27<\/title>\n<meta name=\"robots\" content=\"index, follow, max-snippet:-1, max-image-preview:large, max-video-preview:-1\" \/>\n<link rel=\"canonical\" href=\"https:\/\/pulso27.com\/en\/actualidad\/oposicion-al-proyecto-minero-tia-maria-y-la-tapada-defensa-de-la-agricultura-en-el-valle-del-tambo\/\" \/>\n<meta property=\"og:locale\" content=\"en_US\" \/>\n<meta property=\"og:type\" content=\"article\" \/>\n<meta property=\"og:title\" content=\"Oposici\u00f3n al proyecto minero T\u00eda Mar\u00eda y La Tapada: Defensa de la Agricultura en el Valle del Tambo - Pulso27\" \/>\n<meta property=\"og:description\" content=\"El reinicio del controvertido proyecto minero T\u00eda Mar\u00eda, esta vez, impulsado por la propia presidenta Dina Boluarte durante un discurso de fin de a\u00f1o 2024, ha desatado una fuerte resistencia en el Valle de Tambo, Arequipa. A pesar de los argumentos del Gobierno, que considera la miner\u00eda como un motor de desarrollo, los agricultores temen [&hellip;]\" \/>\n<meta property=\"og:url\" content=\"https:\/\/pulso27.com\/en\/actualidad\/oposicion-al-proyecto-minero-tia-maria-y-la-tapada-defensa-de-la-agricultura-en-el-valle-del-tambo\/\" \/>\n<meta property=\"og:site_name\" content=\"Pulso27\" \/>\n<meta property=\"article:publisher\" content=\"https:\/\/www.facebook.com\/pulso27\/\" \/>\n<meta property=\"article:published_time\" content=\"2025-01-03T22:33:12+00:00\" \/>\n<meta property=\"article:modified_time\" content=\"2025-01-03T22:33:16+00:00\" \/>\n<meta property=\"og:image\" content=\"https:\/\/pulso27.com\/wp-content\/uploads\/2025\/01\/TiaMar.png\" \/>\n\t<meta property=\"og:image:width\" content=\"1200\" \/>\n\t<meta property=\"og:image:height\" content=\"768\" \/>\n\t<meta property=\"og:image:type\" content=\"image\/png\" \/>\n<meta name=\"author\" content=\"Tupaq\" \/>\n<meta name=\"twitter:card\" content=\"summary_large_image\" \/>\n<meta name=\"twitter:creator\" content=\"@Pulso_27\" \/>\n<meta name=\"twitter:site\" content=\"@Pulso_27\" \/>\n<meta name=\"twitter:label1\" content=\"Written by\" \/>\n\t<meta name=\"twitter:data1\" content=\"Tupaq\" \/>\n\t<meta name=\"twitter:label2\" content=\"Est. reading time\" \/>\n\t<meta name=\"twitter:data2\" content=\"3 minutes\" \/>\n<script type=\"application\/ld+json\" class=\"yoast-schema-graph\">{\"@context\":\"https:\\\/\\\/schema.org\",\"@graph\":[{\"@type\":\"Article\",\"@id\":\"https:\\\/\\\/pulso27.com\\\/actualidad\\\/oposicion-al-proyecto-minero-tia-maria-y-la-tapada-defensa-de-la-agricultura-en-el-valle-del-tambo\\\/#article\",\"isPartOf\":{\"@id\":\"https:\\\/\\\/pulso27.com\\\/actualidad\\\/oposicion-al-proyecto-minero-tia-maria-y-la-tapada-defensa-de-la-agricultura-en-el-valle-del-tambo\\\/\"},\"author\":{\"name\":\"Tupaq\",\"@id\":\"https:\\\/\\\/pulso27.com\\\/en\\\/#\\\/schema\\\/person\\\/d20fd7f5bc7f2e53fd150d43fca07a78\"},\"headline\":\"Oposici\u00f3n al proyecto minero T\u00eda Mar\u00eda y La Tapada: Defensa de la Agricultura en el Valle del Tambo\",\"datePublished\":\"2025-01-03T22:33:12+00:00\",\"dateModified\":\"2025-01-03T22:33:16+00:00\",\"mainEntityOfPage\":{\"@id\":\"https:\\\/\\\/pulso27.com\\\/actualidad\\\/oposicion-al-proyecto-minero-tia-maria-y-la-tapada-defensa-de-la-agricultura-en-el-valle-del-tambo\\\/\"},\"wordCount\":517,\"commentCount\":0,\"publisher\":{\"@id\":\"https:\\\/\\\/pulso27.com\\\/en\\\/#organization\"},\"image\":{\"@id\":\"https:\\\/\\\/pulso27.com\\\/actualidad\\\/oposicion-al-proyecto-minero-tia-maria-y-la-tapada-defensa-de-la-agricultura-en-el-valle-del-tambo\\\/#primaryimage\"},\"thumbnailUrl\":\"https:\\\/\\\/pulso27.com\\\/wp-content\\\/uploads\\\/2025\\\/01\\\/TiaMar.png\",\"keywords\":[\"Arequipa\",\"Miner\u00eda\",\"ProyectoMineroT\u00edaMar\u00eda\",\"SouthernCopperCorporation\",\"ValleDelTambo\"],\"articleSection\":[\"Actualidad\",\"Miner\u00eda\",\"Regional\"],\"inLanguage\":\"en-US\",\"potentialAction\":[{\"@type\":\"CommentAction\",\"name\":\"Comment\",\"target\":[\"https:\\\/\\\/pulso27.com\\\/actualidad\\\/oposicion-al-proyecto-minero-tia-maria-y-la-tapada-defensa-de-la-agricultura-en-el-valle-del-tambo\\\/#respond\"]}]},{\"@type\":\"WebPage\",\"@id\":\"https:\\\/\\\/pulso27.com\\\/actualidad\\\/oposicion-al-proyecto-minero-tia-maria-y-la-tapada-defensa-de-la-agricultura-en-el-valle-del-tambo\\\/\",\"url\":\"https:\\\/\\\/pulso27.com\\\/actualidad\\\/oposicion-al-proyecto-minero-tia-maria-y-la-tapada-defensa-de-la-agricultura-en-el-valle-del-tambo\\\/\",\"name\":\"Oposici\u00f3n al proyecto minero T\u00eda Mar\u00eda y La Tapada: Defensa de la Agricultura en el Valle del Tambo - Pulso27\",\"isPartOf\":{\"@id\":\"https:\\\/\\\/pulso27.com\\\/en\\\/#website\"},\"primaryImageOfPage\":{\"@id\":\"https:\\\/\\\/pulso27.com\\\/actualidad\\\/oposicion-al-proyecto-minero-tia-maria-y-la-tapada-defensa-de-la-agricultura-en-el-valle-del-tambo\\\/#primaryimage\"},\"image\":{\"@id\":\"https:\\\/\\\/pulso27.com\\\/actualidad\\\/oposicion-al-proyecto-minero-tia-maria-y-la-tapada-defensa-de-la-agricultura-en-el-valle-del-tambo\\\/#primaryimage\"},\"thumbnailUrl\":\"https:\\\/\\\/pulso27.com\\\/wp-content\\\/uploads\\\/2025\\\/01\\\/TiaMar.png\",\"datePublished\":\"2025-01-03T22:33:12+00:00\",\"dateModified\":\"2025-01-03T22:33:16+00:00\",\"breadcrumb\":{\"@id\":\"https:\\\/\\\/pulso27.com\\\/actualidad\\\/oposicion-al-proyecto-minero-tia-maria-y-la-tapada-defensa-de-la-agricultura-en-el-valle-del-tambo\\\/#breadcrumb\"},\"inLanguage\":\"en-US\",\"potentialAction\":[{\"@type\":\"ReadAction\",\"target\":[\"https:\\\/\\\/pulso27.com\\\/actualidad\\\/oposicion-al-proyecto-minero-tia-maria-y-la-tapada-defensa-de-la-agricultura-en-el-valle-del-tambo\\\/\"]}]},{\"@type\":\"ImageObject\",\"inLanguage\":\"en-US\",\"@id\":\"https:\\\/\\\/pulso27.com\\\/actualidad\\\/oposicion-al-proyecto-minero-tia-maria-y-la-tapada-defensa-de-la-agricultura-en-el-valle-del-tambo\\\/#primaryimage\",\"url\":\"https:\\\/\\\/pulso27.com\\\/wp-content\\\/uploads\\\/2025\\\/01\\\/TiaMar.png\",\"contentUrl\":\"https:\\\/\\\/pulso27.com\\\/wp-content\\\/uploads\\\/2025\\\/01\\\/TiaMar.png\",\"width\":1200,\"height\":768},{\"@type\":\"BreadcrumbList\",\"@id\":\"https:\\\/\\\/pulso27.com\\\/actualidad\\\/oposicion-al-proyecto-minero-tia-maria-y-la-tapada-defensa-de-la-agricultura-en-el-valle-del-tambo\\\/#breadcrumb\",\"itemListElement\":[{\"@type\":\"ListItem\",\"position\":1,\"name\":\"Portada\",\"item\":\"https:\\\/\\\/pulso27.com\\\/\"},{\"@type\":\"ListItem\",\"position\":2,\"name\":\"Oposici\u00f3n al proyecto minero T\u00eda Mar\u00eda y La Tapada: Defensa de la Agricultura en el Valle del Tambo\"}]},{\"@type\":\"WebSite\",\"@id\":\"https:\\\/\\\/pulso27.com\\\/en\\\/#website\",\"url\":\"https:\\\/\\\/pulso27.com\\\/en\\\/\",\"name\":\"Pulso27\",\"description\":\"Web de noticias y publicidad\",\"publisher\":{\"@id\":\"https:\\\/\\\/pulso27.com\\\/en\\\/#organization\"},\"alternateName\":\"El pulso del pueblo\",\"potentialAction\":[{\"@type\":\"SearchAction\",\"target\":{\"@type\":\"EntryPoint\",\"urlTemplate\":\"https:\\\/\\\/pulso27.com\\\/en\\\/?s={search_term_string}\"},\"query-input\":{\"@type\":\"PropertyValueSpecification\",\"valueRequired\":true,\"valueName\":\"search_term_string\"}}],\"inLanguage\":\"en-US\"},{\"@type\":\"Organization\",\"@id\":\"https:\\\/\\\/pulso27.com\\\/en\\\/#organization\",\"name\":\"Pulso27\",\"url\":\"https:\\\/\\\/pulso27.com\\\/en\\\/\",\"logo\":{\"@type\":\"ImageObject\",\"inLanguage\":\"en-US\",\"@id\":\"https:\\\/\\\/pulso27.com\\\/en\\\/#\\\/schema\\\/logo\\\/image\\\/\",\"url\":\"https:\\\/\\\/pulso27.com\\\/wp-content\\\/uploads\\\/2026\\\/02\\\/Logotipo-de-la-organizacion-696-x-696-px-ok.png\",\"contentUrl\":\"https:\\\/\\\/pulso27.com\\\/wp-content\\\/uploads\\\/2026\\\/02\\\/Logotipo-de-la-organizacion-696-x-696-px-ok.png\",\"width\":696,\"height\":696,\"caption\":\"Pulso27\"},\"image\":{\"@id\":\"https:\\\/\\\/pulso27.com\\\/en\\\/#\\\/schema\\\/logo\\\/image\\\/\"},\"sameAs\":[\"https:\\\/\\\/www.facebook.com\\\/pulso27\\\/\",\"https:\\\/\\\/x.com\\\/Pulso_27\",\"https:\\\/\\\/www.youtube.com\\\/@Pulso27\",\"https:\\\/\\\/www.tiktok.com\\\/@pulso_27\"]},{\"@type\":\"Person\",\"@id\":\"https:\\\/\\\/pulso27.com\\\/en\\\/#\\\/schema\\\/person\\\/d20fd7f5bc7f2e53fd150d43fca07a78\",\"name\":\"Tupaq\",\"image\":{\"@type\":\"ImageObject\",\"inLanguage\":\"en-US\",\"@id\":\"https:\\\/\\\/secure.gravatar.com\\\/avatar\\\/7929e9b034aeea560319a601e4f04c59eb5f45a79eafe192adabb67e9604e7e7?s=96&d=mm&r=g\",\"url\":\"https:\\\/\\\/secure.gravatar.com\\\/avatar\\\/7929e9b034aeea560319a601e4f04c59eb5f45a79eafe192adabb67e9604e7e7?s=96&d=mm&r=g\",\"contentUrl\":\"https:\\\/\\\/secure.gravatar.com\\\/avatar\\\/7929e9b034aeea560319a601e4f04c59eb5f45a79eafe192adabb67e9604e7e7?s=96&d=mm&r=g\",\"caption\":\"Tupaq\"},\"url\":\"https:\\\/\\\/pulso27.com\\\/en\\\/author\\\/tupaq\\\/\"}]}<\/script>\n<!-- \/ Yoast SEO plugin. -->","yoast_head_json":{"title":"Oposici\u00f3n al proyecto minero T\u00eda Mar\u00eda y La Tapada: Defensa de la Agricultura en el Valle del Tambo - Pulso27","robots":{"index":"index","follow":"follow","max-snippet":"max-snippet:-1","max-image-preview":"max-image-preview:large","max-video-preview":"max-video-preview:-1"},"canonical":"https:\/\/pulso27.com\/en\/actualidad\/oposicion-al-proyecto-minero-tia-maria-y-la-tapada-defensa-de-la-agricultura-en-el-valle-del-tambo\/","og_locale":"en_US","og_type":"article","og_title":"Oposici\u00f3n al proyecto minero T\u00eda Mar\u00eda y La Tapada: Defensa de la Agricultura en el Valle del Tambo - Pulso27","og_description":"El reinicio del controvertido proyecto minero T\u00eda Mar\u00eda, esta vez, impulsado por la propia presidenta Dina Boluarte durante un discurso de fin de a\u00f1o 2024, ha desatado una fuerte resistencia en el Valle de Tambo, Arequipa. A pesar de los argumentos del Gobierno, que considera la miner\u00eda como un motor de desarrollo, los agricultores temen [&hellip;]","og_url":"https:\/\/pulso27.com\/en\/actualidad\/oposicion-al-proyecto-minero-tia-maria-y-la-tapada-defensa-de-la-agricultura-en-el-valle-del-tambo\/","og_site_name":"Pulso27","article_publisher":"https:\/\/www.facebook.com\/pulso27\/","article_published_time":"2025-01-03T22:33:12+00:00","article_modified_time":"2025-01-03T22:33:16+00:00","og_image":[{"width":1200,"height":768,"url":"https:\/\/pulso27.com\/wp-content\/uploads\/2025\/01\/TiaMar.png","type":"image\/png"}],"author":"Tupaq","twitter_card":"summary_large_image","twitter_creator":"@Pulso_27","twitter_site":"@Pulso_27","twitter_misc":{"Written by":"Tupaq","Est. reading time":"3 minutes"},"schema":{"@context":"https:\/\/schema.org","@graph":[{"@type":"Article","@id":"https:\/\/pulso27.com\/actualidad\/oposicion-al-proyecto-minero-tia-maria-y-la-tapada-defensa-de-la-agricultura-en-el-valle-del-tambo\/#article","isPartOf":{"@id":"https:\/\/pulso27.com\/actualidad\/oposicion-al-proyecto-minero-tia-maria-y-la-tapada-defensa-de-la-agricultura-en-el-valle-del-tambo\/"},"author":{"name":"Tupaq","@id":"https:\/\/pulso27.com\/en\/#\/schema\/person\/d20fd7f5bc7f2e53fd150d43fca07a78"},"headline":"Oposici\u00f3n al proyecto minero T\u00eda Mar\u00eda y La Tapada: Defensa de la Agricultura en el Valle del Tambo","datePublished":"2025-01-03T22:33:12+00:00","dateModified":"2025-01-03T22:33:16+00:00","mainEntityOfPage":{"@id":"https:\/\/pulso27.com\/actualidad\/oposicion-al-proyecto-minero-tia-maria-y-la-tapada-defensa-de-la-agricultura-en-el-valle-del-tambo\/"},"wordCount":517,"commentCount":0,"publisher":{"@id":"https:\/\/pulso27.com\/en\/#organization"},"image":{"@id":"https:\/\/pulso27.com\/actualidad\/oposicion-al-proyecto-minero-tia-maria-y-la-tapada-defensa-de-la-agricultura-en-el-valle-del-tambo\/#primaryimage"},"thumbnailUrl":"https:\/\/pulso27.com\/wp-content\/uploads\/2025\/01\/TiaMar.png","keywords":["Arequipa","Miner\u00eda","ProyectoMineroT\u00edaMar\u00eda","SouthernCopperCorporation","ValleDelTambo"],"articleSection":["Actualidad","Miner\u00eda","Regional"],"inLanguage":"en-US","potentialAction":[{"@type":"CommentAction","name":"Comment","target":["https:\/\/pulso27.com\/actualidad\/oposicion-al-proyecto-minero-tia-maria-y-la-tapada-defensa-de-la-agricultura-en-el-valle-del-tambo\/#respond"]}]},{"@type":"WebPage","@id":"https:\/\/pulso27.com\/actualidad\/oposicion-al-proyecto-minero-tia-maria-y-la-tapada-defensa-de-la-agricultura-en-el-valle-del-tambo\/","url":"https:\/\/pulso27.com\/actualidad\/oposicion-al-proyecto-minero-tia-maria-y-la-tapada-defensa-de-la-agricultura-en-el-valle-del-tambo\/","name":"Oposici\u00f3n al proyecto minero T\u00eda Mar\u00eda y La Tapada: Defensa de la Agricultura en el Valle del Tambo - Pulso27","isPartOf":{"@id":"https:\/\/pulso27.com\/en\/#website"},"primaryImageOfPage":{"@id":"https:\/\/pulso27.com\/actualidad\/oposicion-al-proyecto-minero-tia-maria-y-la-tapada-defensa-de-la-agricultura-en-el-valle-del-tambo\/#primaryimage"},"image":{"@id":"https:\/\/pulso27.com\/actualidad\/oposicion-al-proyecto-minero-tia-maria-y-la-tapada-defensa-de-la-agricultura-en-el-valle-del-tambo\/#primaryimage"},"thumbnailUrl":"https:\/\/pulso27.com\/wp-content\/uploads\/2025\/01\/TiaMar.png","datePublished":"2025-01-03T22:33:12+00:00","dateModified":"2025-01-03T22:33:16+00:00","breadcrumb":{"@id":"https:\/\/pulso27.com\/actualidad\/oposicion-al-proyecto-minero-tia-maria-y-la-tapada-defensa-de-la-agricultura-en-el-valle-del-tambo\/#breadcrumb"},"inLanguage":"en-US","potentialAction":[{"@type":"ReadAction","target":["https:\/\/pulso27.com\/actualidad\/oposicion-al-proyecto-minero-tia-maria-y-la-tapada-defensa-de-la-agricultura-en-el-valle-del-tambo\/"]}]},{"@type":"ImageObject","inLanguage":"en-US","@id":"https:\/\/pulso27.com\/actualidad\/oposicion-al-proyecto-minero-tia-maria-y-la-tapada-defensa-de-la-agricultura-en-el-valle-del-tambo\/#primaryimage","url":"https:\/\/pulso27.com\/wp-content\/uploads\/2025\/01\/TiaMar.png","contentUrl":"https:\/\/pulso27.com\/wp-content\/uploads\/2025\/01\/TiaMar.png","width":1200,"height":768},{"@type":"BreadcrumbList","@id":"https:\/\/pulso27.com\/actualidad\/oposicion-al-proyecto-minero-tia-maria-y-la-tapada-defensa-de-la-agricultura-en-el-valle-del-tambo\/#breadcrumb","itemListElement":[{"@type":"ListItem","position":1,"name":"Portada","item":"https:\/\/pulso27.com\/"},{"@type":"ListItem","position":2,"name":"Oposici\u00f3n al proyecto minero T\u00eda Mar\u00eda y La Tapada: Defensa de la Agricultura en el Valle del Tambo"}]},{"@type":"WebSite","@id":"https:\/\/pulso27.com\/en\/#website","url":"https:\/\/pulso27.com\/en\/","name":"Pulso27","description":"Web de noticias y publicidad","publisher":{"@id":"https:\/\/pulso27.com\/en\/#organization"},"alternateName":"El pulso del pueblo","potentialAction":[{"@type":"SearchAction","target":{"@type":"EntryPoint","urlTemplate":"https:\/\/pulso27.com\/en\/?s={search_term_string}"},"query-input":{"@type":"PropertyValueSpecification","valueRequired":true,"valueName":"search_term_string"}}],"inLanguage":"en-US"},{"@type":"Organization","@id":"https:\/\/pulso27.com\/en\/#organization","name":"Pulso27","url":"https:\/\/pulso27.com\/en\/","logo":{"@type":"ImageObject","inLanguage":"en-US","@id":"https:\/\/pulso27.com\/en\/#\/schema\/logo\/image\/","url":"https:\/\/pulso27.com\/wp-content\/uploads\/2026\/02\/Logotipo-de-la-organizacion-696-x-696-px-ok.png","contentUrl":"https:\/\/pulso27.com\/wp-content\/uploads\/2026\/02\/Logotipo-de-la-organizacion-696-x-696-px-ok.png","width":696,"height":696,"caption":"Pulso27"},"image":{"@id":"https:\/\/pulso27.com\/en\/#\/schema\/logo\/image\/"},"sameAs":["https:\/\/www.facebook.com\/pulso27\/","https:\/\/x.com\/Pulso_27","https:\/\/www.youtube.com\/@Pulso27","https:\/\/www.tiktok.com\/@pulso_27"]},{"@type":"Person","@id":"https:\/\/pulso27.com\/en\/#\/schema\/person\/d20fd7f5bc7f2e53fd150d43fca07a78","name":"Tupaq","image":{"@type":"ImageObject","inLanguage":"en-US","@id":"https:\/\/secure.gravatar.com\/avatar\/7929e9b034aeea560319a601e4f04c59eb5f45a79eafe192adabb67e9604e7e7?s=96&d=mm&r=g","url":"https:\/\/secure.gravatar.com\/avatar\/7929e9b034aeea560319a601e4f04c59eb5f45a79eafe192adabb67e9604e7e7?s=96&d=mm&r=g","contentUrl":"https:\/\/secure.gravatar.com\/avatar\/7929e9b034aeea560319a601e4f04c59eb5f45a79eafe192adabb67e9604e7e7?s=96&d=mm&r=g","caption":"Tupaq"},"url":"https:\/\/pulso27.com\/en\/author\/tupaq\/"}]}},"amp_enabled":true,"_links":{"self":[{"href":"https:\/\/pulso27.com\/en\/wp-json\/wp\/v2\/posts\/3398","targetHints":{"allow":["GET"]}}],"collection":[{"href":"https:\/\/pulso27.com\/en\/wp-json\/wp\/v2\/posts"}],"about":[{"href":"https:\/\/pulso27.com\/en\/wp-json\/wp\/v2\/types\/post"}],"author":[{"embeddable":true,"href":"https:\/\/pulso27.com\/en\/wp-json\/wp\/v2\/users\/7"}],"replies":[{"embeddable":true,"href":"https:\/\/pulso27.com\/en\/wp-json\/wp\/v2\/comments?post=3398"}],"version-history":[{"count":1,"href":"https:\/\/pulso27.com\/en\/wp-json\/wp\/v2\/posts\/3398\/revisions"}],"predecessor-version":[{"id":3404,"href":"https:\/\/pulso27.com\/en\/wp-json\/wp\/v2\/posts\/3398\/revisions\/3404"}],"wp:featuredmedia":[{"embeddable":true,"href":"https:\/\/pulso27.com\/en\/wp-json\/wp\/v2\/media\/3399"}],"wp:attachment":[{"href":"https:\/\/pulso27.com\/en\/wp-json\/wp\/v2\/media?parent=3398"}],"wp:term":[{"taxonomy":"category","embeddable":true,"href":"https:\/\/pulso27.com\/en\/wp-json\/wp\/v2\/categories?post=3398"},{"taxonomy":"post_tag","embeddable":true,"href":"https:\/\/pulso27.com\/en\/wp-json\/wp\/v2\/tags?post=3398"}],"curies":[{"name":"wp","href":"https:\/\/api.w.org\/{rel}","templated":true}]}}