{"id":3405,"date":"2025-01-04T03:50:40","date_gmt":"2025-01-03T22:50:40","guid":{"rendered":"https:\/\/pulso27.com\/?p=3405"},"modified":"2025-01-04T03:50:44","modified_gmt":"2025-01-03T22:50:44","slug":"continuan-enfrentamientos-por-supuesta-red-de-prostitucion-en-el-congreso-de-la-republica","status":"publish","type":"post","link":"https:\/\/pulso27.com\/en\/actualidad\/policial\/continuan-enfrentamientos-por-supuesta-red-de-prostitucion-en-el-congreso-de-la-republica\/","title":{"rendered":"Contin\u00faan enfrentamientos por supuesta red de prostituci\u00f3n en el Congreso de la Rep\u00fablica"},"content":{"rendered":"<p>La crisis pol\u00edtica en el Congreso de la Rep\u00fablica persiste debido al esc\u00e1ndalo relacionado con una presunta red de prostituci\u00f3n dentro de la instituci\u00f3n, lo que ha desatado fuertes enfrentamientos entre diversas bancadas parlamentarias. Mientras la Fiscal\u00eda y la Polic\u00eda Nacional intensifican las investigaciones, la bancada de Somos Per\u00fa ha presentado una moci\u00f3n de censura contra el presidente de la Comisi\u00f3n de Fiscalizaci\u00f3n, Juan Burgos, por su manejo unipersonal de la investigaci\u00f3n.<\/p>\n\n\n\n<p>Somos Per\u00fa ha criticado a Burgos por tomar decisiones sin consultar a los dem\u00e1s miembros de la Comisi\u00f3n y por centrarse en declaraciones medi\u00e1ticas sin pruebas sustanciales. H\u00e9ctor Valer, vocero de la bancada, manifest\u00f3 que Burgos ha desviado el foco de la investigaci\u00f3n, que deber\u00eda centrarse en la corrupci\u00f3n dentro del Estado, hacia un \u00abshow medi\u00e1tico\u00bb. La bancada ha expresado su respaldo a la moci\u00f3n de censura, exigiendo respeto a la pluralidad y a la funci\u00f3n fiscalizadora del Congreso.<\/p>\n\n\n\n<figure class=\"wp-block-image size-full is-resized\"><img loading=\"lazy\" decoding=\"async\" width=\"640\" height=\"371\" src=\"https:\/\/pulso27.com\/wp-content\/uploads\/2025\/01\/image-10.png\" alt=\"\" class=\"wp-image-3409\" style=\"width:740px;height:auto\" srcset=\"https:\/\/pulso27.com\/wp-content\/uploads\/2025\/01\/image-10.png 640w, https:\/\/pulso27.com\/wp-content\/uploads\/2025\/01\/image-10-300x174.png 300w, https:\/\/pulso27.com\/wp-content\/uploads\/2025\/01\/image-10-18x10.png 18w\" sizes=\"auto, (max-width: 640px) 100vw, 640px\" \/><figcaption class=\"wp-element-caption\"><em>Somos Per\u00fa pide la salida de Burgos, mientras Podemos lo respalda al frente de la Comisi\u00f3n de Fiscalizaci\u00f3n del Congreso<\/em><\/figcaption><\/figure>\n\n\n\n<p>Por su parte, Juan Burgos respondi\u00f3 acusando a Somos Per\u00fa de estar siendo \u00abmanipulada\u00bb por C\u00e9sar Acu\u00f1a, l\u00edder de Alianza para el Progreso (APP), se\u00f1alando que las acusaciones en su contra son parte de un plan para frenar sus investigaciones. Asegur\u00f3 que su trabajo ha incomodado a algunos sectores del Congreso involucrados en el esc\u00e1ndalo, y no descart\u00f3 ser denunciado ante la Comisi\u00f3n de \u00c9tica por presuntas irregularidades en la investigaci\u00f3n.<\/p>\n\n\n\n<p>En medio de estos enfrentamientos pol\u00edticos, la bancada de Podemos Per\u00fa ha respaldado a Burgos, destacando la importancia de esclarecer la verdad sobre los hechos ocurridos en el Congreso. A su vez, la Fiscal\u00eda y la Polic\u00eda Nacional contin\u00faan con las diligencias para aclarar la presunta red de prostituci\u00f3n. El 2 de enero, agentes de la Fiscal\u00eda y efectivos policiales realizaron un allanamiento en la Oficial\u00eda Mayor del Congreso, buscando documentos y registros relacionados con Jorge Torres Saravia, un exfuncionario del Congreso, quien estar\u00eda vinculado al caso.<\/p>\n\n\n\n<p>Este esc\u00e1ndalo cobr\u00f3 notoriedad despu\u00e9s de que Andrea Vidal, extrabajadora de Torres Saravia, fuera v\u00edctima de un atentado a balazos en diciembre, lo que deriv\u00f3 en su muerte. La presi\u00f3n sobre los funcionarios del Congreso ha crecido desde entonces, y las investigaciones siguen en marcha.<\/p>\n\n\n\n<figure class=\"wp-block-image size-full\"><img loading=\"lazy\" decoding=\"async\" width=\"768\" height=\"452\" src=\"https:\/\/pulso27.com\/wp-content\/uploads\/2025\/01\/image-11.png\" alt=\"\" class=\"wp-image-3410\" srcset=\"https:\/\/pulso27.com\/wp-content\/uploads\/2025\/01\/image-11.png 768w, https:\/\/pulso27.com\/wp-content\/uploads\/2025\/01\/image-11-300x177.png 300w, https:\/\/pulso27.com\/wp-content\/uploads\/2025\/01\/image-11-18x12.png 18w\" sizes=\"auto, (max-width: 768px) 100vw, 768px\" \/><figcaption class=\"wp-element-caption\"><em>La Fiscal\u00eda y la Polic\u00eda Nacional intensifican las investigaciones en el propio Congreso de la Rep\u00fablica<\/em><\/figcaption><\/figure>\n\n\n\n<p>El presidente del Congreso, Eduardo Salhuana, ha sido criticado por su manejo del caso. Aunque neg\u00f3 encubrimientos, evit\u00f3 responder de manera clara sobre c\u00f3mo Torres Saravia consigui\u00f3 un cargo clave en el Parlamento. Esta falta de respuestas ha incrementado las exigencias de diversas bancadas, como Acci\u00f3n Popular, que ha pedido la renuncia de varios altos funcionarios del Congreso, incluidos el oficial mayor Giovanni Forno y otros responsables del \u00e1rea de Recursos Humanos, debido a la gesti\u00f3n cuestionada.<\/p>\n\n\n\n<p>Acci\u00f3n Popular tambi\u00e9n ha solicitado una auditor\u00eda exhaustiva de los procesos de contrataci\u00f3n en el Congreso y una reestructuraci\u00f3n de varias \u00e1reas clave de la administraci\u00f3n. La situaci\u00f3n sigue siendo cr\u00edtica, con la disputa pol\u00edtica entre bancadas sum\u00e1ndose a las investigaciones judiciales.<\/p>\n\n\n\n<p>El esc\u00e1ndalo ha puesto en evidencia las fallas en el control interno del Congreso y la falta de coordinaci\u00f3n entre los altos mandos, como lo demuestra la opacidad respecto al ascenso de Torres Saravia y la pasividad de Salhuana ante las cr\u00edticas. Mientras tanto, Juan Burgos ha asegurado que continuar\u00e1 con la investigaci\u00f3n, destacando la necesidad de una reestructuraci\u00f3n total del Congreso para garantizar la transparencia.<\/p>","protected":false},"excerpt":{"rendered":"<p>La crisis pol\u00edtica en el Congreso de la Rep\u00fablica persiste debido al esc\u00e1ndalo relacionado con una presunta red de prostituci\u00f3n dentro de la instituci\u00f3n, lo que ha desatado fuertes enfrentamientos entre diversas bancadas parlamentarias. Mientras la Fiscal\u00eda y la Polic\u00eda Nacional intensifican las investigaciones, la bancada de Somos Per\u00fa ha presentado una moci\u00f3n de censura [&hellip;]<\/p>\n","protected":false},"author":10,"featured_media":3408,"comment_status":"open","ping_status":"open","sticky":false,"template":"","format":"standard","meta":{"footnotes":""},"categories":[183,174,178,180],"tags":[1956,839,1994,1993],"class_list":["post-3405","post","type-post","status-publish","format-standard","has-post-thumbnail","hentry","category-actualidad","category-nacional","category-policial","category-politica","tag-congresodelarepublica","tag-congresoperu","tag-fiscaliadelanacion","tag-reddeprostitucion"],"yoast_head":"<!-- This site is optimized with the Yoast SEO plugin v27.4 - https:\/\/yoast.com\/product\/yoast-seo-wordpress\/ -->\n<title>Contin\u00faan enfrentamientos por supuesta red de prostituci\u00f3n en el Congreso de la Rep\u00fablica - Pulso27<\/title>\n<meta name=\"robots\" content=\"index, follow, max-snippet:-1, max-image-preview:large, max-video-preview:-1\" \/>\n<link rel=\"canonical\" href=\"https:\/\/pulso27.com\/en\/nacional\/continuan-enfrentamientos-por-supuesta-red-de-prostitucion-en-el-congreso-de-la-republica\/\" \/>\n<meta property=\"og:locale\" content=\"en_US\" \/>\n<meta property=\"og:type\" content=\"article\" \/>\n<meta property=\"og:title\" content=\"Contin\u00faan enfrentamientos por supuesta red de prostituci\u00f3n en el Congreso de la Rep\u00fablica - Pulso27\" \/>\n<meta property=\"og:description\" content=\"La crisis pol\u00edtica en el Congreso de la Rep\u00fablica persiste debido al esc\u00e1ndalo relacionado con una presunta red de prostituci\u00f3n dentro de la instituci\u00f3n, lo que ha desatado fuertes enfrentamientos entre diversas bancadas parlamentarias. Mientras la Fiscal\u00eda y la Polic\u00eda Nacional intensifican las investigaciones, la bancada de Somos Per\u00fa ha presentado una moci\u00f3n de censura [&hellip;]\" \/>\n<meta property=\"og:url\" content=\"https:\/\/pulso27.com\/en\/nacional\/continuan-enfrentamientos-por-supuesta-red-de-prostitucion-en-el-congreso-de-la-republica\/\" \/>\n<meta property=\"og:site_name\" content=\"Pulso27\" \/>\n<meta property=\"article:publisher\" content=\"https:\/\/www.facebook.com\/pulso27\/\" \/>\n<meta property=\"article:published_time\" content=\"2025-01-03T22:50:40+00:00\" \/>\n<meta property=\"article:modified_time\" content=\"2025-01-03T22:50:44+00:00\" \/>\n<meta property=\"og:image\" content=\"https:\/\/pulso27.com\/wp-content\/uploads\/2025\/01\/Salhuana2.png\" \/>\n\t<meta property=\"og:image:width\" content=\"1200\" \/>\n\t<meta property=\"og:image:height\" content=\"768\" \/>\n\t<meta property=\"og:image:type\" content=\"image\/png\" \/>\n<meta name=\"author\" content=\"El Muki\" \/>\n<meta name=\"twitter:card\" content=\"summary_large_image\" \/>\n<meta name=\"twitter:creator\" content=\"@Pulso_27\" \/>\n<meta name=\"twitter:site\" content=\"@Pulso_27\" \/>\n<meta name=\"twitter:label1\" content=\"Written by\" \/>\n\t<meta name=\"twitter:data1\" content=\"El Muki\" \/>\n\t<meta name=\"twitter:label2\" content=\"Est. reading time\" \/>\n\t<meta name=\"twitter:data2\" content=\"4 minutes\" \/>\n<script type=\"application\/ld+json\" class=\"yoast-schema-graph\">{\"@context\":\"https:\\\/\\\/schema.org\",\"@graph\":[{\"@type\":\"Article\",\"@id\":\"https:\\\/\\\/pulso27.com\\\/nacional\\\/continuan-enfrentamientos-por-supuesta-red-de-prostitucion-en-el-congreso-de-la-republica\\\/#article\",\"isPartOf\":{\"@id\":\"https:\\\/\\\/pulso27.com\\\/nacional\\\/continuan-enfrentamientos-por-supuesta-red-de-prostitucion-en-el-congreso-de-la-republica\\\/\"},\"author\":{\"name\":\"El Muki\",\"@id\":\"https:\\\/\\\/pulso27.com\\\/en\\\/#\\\/schema\\\/person\\\/a0930a7f318e7d9d83bd7cffed9f34f6\"},\"headline\":\"Contin\u00faan enfrentamientos por supuesta red de prostituci\u00f3n en el Congreso de la Rep\u00fablica\",\"datePublished\":\"2025-01-03T22:50:40+00:00\",\"dateModified\":\"2025-01-03T22:50:44+00:00\",\"mainEntityOfPage\":{\"@id\":\"https:\\\/\\\/pulso27.com\\\/nacional\\\/continuan-enfrentamientos-por-supuesta-red-de-prostitucion-en-el-congreso-de-la-republica\\\/\"},\"wordCount\":653,\"commentCount\":0,\"publisher\":{\"@id\":\"https:\\\/\\\/pulso27.com\\\/en\\\/#organization\"},\"image\":{\"@id\":\"https:\\\/\\\/pulso27.com\\\/nacional\\\/continuan-enfrentamientos-por-supuesta-red-de-prostitucion-en-el-congreso-de-la-republica\\\/#primaryimage\"},\"thumbnailUrl\":\"https:\\\/\\\/pulso27.com\\\/wp-content\\\/uploads\\\/2025\\\/01\\\/Salhuana2.png\",\"keywords\":[\"CongresoDeLaRep\u00fablica\",\"CongresoPer\u00fa\",\"Fiscal\u00edaDeLaNaci\u00f3n\",\"RedDeProstituci\u00f3n\"],\"articleSection\":[\"Actualidad\",\"Nacional\",\"Policial\",\"Pol\u00edtica\"],\"inLanguage\":\"en-US\",\"potentialAction\":[{\"@type\":\"CommentAction\",\"name\":\"Comment\",\"target\":[\"https:\\\/\\\/pulso27.com\\\/nacional\\\/continuan-enfrentamientos-por-supuesta-red-de-prostitucion-en-el-congreso-de-la-republica\\\/#respond\"]}]},{\"@type\":\"WebPage\",\"@id\":\"https:\\\/\\\/pulso27.com\\\/nacional\\\/continuan-enfrentamientos-por-supuesta-red-de-prostitucion-en-el-congreso-de-la-republica\\\/\",\"url\":\"https:\\\/\\\/pulso27.com\\\/nacional\\\/continuan-enfrentamientos-por-supuesta-red-de-prostitucion-en-el-congreso-de-la-republica\\\/\",\"name\":\"Contin\u00faan enfrentamientos por supuesta red de prostituci\u00f3n en el Congreso de la Rep\u00fablica - Pulso27\",\"isPartOf\":{\"@id\":\"https:\\\/\\\/pulso27.com\\\/en\\\/#website\"},\"primaryImageOfPage\":{\"@id\":\"https:\\\/\\\/pulso27.com\\\/nacional\\\/continuan-enfrentamientos-por-supuesta-red-de-prostitucion-en-el-congreso-de-la-republica\\\/#primaryimage\"},\"image\":{\"@id\":\"https:\\\/\\\/pulso27.com\\\/nacional\\\/continuan-enfrentamientos-por-supuesta-red-de-prostitucion-en-el-congreso-de-la-republica\\\/#primaryimage\"},\"thumbnailUrl\":\"https:\\\/\\\/pulso27.com\\\/wp-content\\\/uploads\\\/2025\\\/01\\\/Salhuana2.png\",\"datePublished\":\"2025-01-03T22:50:40+00:00\",\"dateModified\":\"2025-01-03T22:50:44+00:00\",\"breadcrumb\":{\"@id\":\"https:\\\/\\\/pulso27.com\\\/nacional\\\/continuan-enfrentamientos-por-supuesta-red-de-prostitucion-en-el-congreso-de-la-republica\\\/#breadcrumb\"},\"inLanguage\":\"en-US\",\"potentialAction\":[{\"@type\":\"ReadAction\",\"target\":[\"https:\\\/\\\/pulso27.com\\\/nacional\\\/continuan-enfrentamientos-por-supuesta-red-de-prostitucion-en-el-congreso-de-la-republica\\\/\"]}]},{\"@type\":\"ImageObject\",\"inLanguage\":\"en-US\",\"@id\":\"https:\\\/\\\/pulso27.com\\\/nacional\\\/continuan-enfrentamientos-por-supuesta-red-de-prostitucion-en-el-congreso-de-la-republica\\\/#primaryimage\",\"url\":\"https:\\\/\\\/pulso27.com\\\/wp-content\\\/uploads\\\/2025\\\/01\\\/Salhuana2.png\",\"contentUrl\":\"https:\\\/\\\/pulso27.com\\\/wp-content\\\/uploads\\\/2025\\\/01\\\/Salhuana2.png\",\"width\":1200,\"height\":768},{\"@type\":\"BreadcrumbList\",\"@id\":\"https:\\\/\\\/pulso27.com\\\/nacional\\\/continuan-enfrentamientos-por-supuesta-red-de-prostitucion-en-el-congreso-de-la-republica\\\/#breadcrumb\",\"itemListElement\":[{\"@type\":\"ListItem\",\"position\":1,\"name\":\"Portada\",\"item\":\"https:\\\/\\\/pulso27.com\\\/\"},{\"@type\":\"ListItem\",\"position\":2,\"name\":\"Contin\u00faan enfrentamientos por supuesta red de prostituci\u00f3n en el Congreso de la Rep\u00fablica\"}]},{\"@type\":\"WebSite\",\"@id\":\"https:\\\/\\\/pulso27.com\\\/en\\\/#website\",\"url\":\"https:\\\/\\\/pulso27.com\\\/en\\\/\",\"name\":\"Pulso27\",\"description\":\"Web de noticias y publicidad\",\"publisher\":{\"@id\":\"https:\\\/\\\/pulso27.com\\\/en\\\/#organization\"},\"alternateName\":\"El pulso del pueblo\",\"potentialAction\":[{\"@type\":\"SearchAction\",\"target\":{\"@type\":\"EntryPoint\",\"urlTemplate\":\"https:\\\/\\\/pulso27.com\\\/en\\\/?s={search_term_string}\"},\"query-input\":{\"@type\":\"PropertyValueSpecification\",\"valueRequired\":true,\"valueName\":\"search_term_string\"}}],\"inLanguage\":\"en-US\"},{\"@type\":\"Organization\",\"@id\":\"https:\\\/\\\/pulso27.com\\\/en\\\/#organization\",\"name\":\"Pulso27\",\"url\":\"https:\\\/\\\/pulso27.com\\\/en\\\/\",\"logo\":{\"@type\":\"ImageObject\",\"inLanguage\":\"en-US\",\"@id\":\"https:\\\/\\\/pulso27.com\\\/en\\\/#\\\/schema\\\/logo\\\/image\\\/\",\"url\":\"https:\\\/\\\/pulso27.com\\\/wp-content\\\/uploads\\\/2026\\\/02\\\/Logotipo-de-la-organizacion-696-x-696-px-ok.png\",\"contentUrl\":\"https:\\\/\\\/pulso27.com\\\/wp-content\\\/uploads\\\/2026\\\/02\\\/Logotipo-de-la-organizacion-696-x-696-px-ok.png\",\"width\":696,\"height\":696,\"caption\":\"Pulso27\"},\"image\":{\"@id\":\"https:\\\/\\\/pulso27.com\\\/en\\\/#\\\/schema\\\/logo\\\/image\\\/\"},\"sameAs\":[\"https:\\\/\\\/www.facebook.com\\\/pulso27\\\/\",\"https:\\\/\\\/x.com\\\/Pulso_27\",\"https:\\\/\\\/www.youtube.com\\\/@Pulso27\",\"https:\\\/\\\/www.tiktok.com\\\/@pulso_27\"]},{\"@type\":\"Person\",\"@id\":\"https:\\\/\\\/pulso27.com\\\/en\\\/#\\\/schema\\\/person\\\/a0930a7f318e7d9d83bd7cffed9f34f6\",\"name\":\"El Muki\",\"image\":{\"@type\":\"ImageObject\",\"inLanguage\":\"en-US\",\"@id\":\"https:\\\/\\\/secure.gravatar.com\\\/avatar\\\/dc91c2607c5eebda74cbb40d13031f489096c96ead89c4c30c17db262267b2b3?s=96&d=mm&r=g\",\"url\":\"https:\\\/\\\/secure.gravatar.com\\\/avatar\\\/dc91c2607c5eebda74cbb40d13031f489096c96ead89c4c30c17db262267b2b3?s=96&d=mm&r=g\",\"contentUrl\":\"https:\\\/\\\/secure.gravatar.com\\\/avatar\\\/dc91c2607c5eebda74cbb40d13031f489096c96ead89c4c30c17db262267b2b3?s=96&d=mm&r=g\",\"caption\":\"El Muki\"},\"sameAs\":[\"http:\\\/\\\/www.pulso27.com\"],\"url\":\"https:\\\/\\\/pulso27.com\\\/en\\\/author\\\/elcuervo\\\/\"}]}<\/script>\n<!-- \/ Yoast SEO plugin. -->","yoast_head_json":{"title":"Contin\u00faan enfrentamientos por supuesta red de prostituci\u00f3n en el Congreso de la Rep\u00fablica - Pulso27","robots":{"index":"index","follow":"follow","max-snippet":"max-snippet:-1","max-image-preview":"max-image-preview:large","max-video-preview":"max-video-preview:-1"},"canonical":"https:\/\/pulso27.com\/en\/nacional\/continuan-enfrentamientos-por-supuesta-red-de-prostitucion-en-el-congreso-de-la-republica\/","og_locale":"en_US","og_type":"article","og_title":"Contin\u00faan enfrentamientos por supuesta red de prostituci\u00f3n en el Congreso de la Rep\u00fablica - Pulso27","og_description":"La crisis pol\u00edtica en el Congreso de la Rep\u00fablica persiste debido al esc\u00e1ndalo relacionado con una presunta red de prostituci\u00f3n dentro de la instituci\u00f3n, lo que ha desatado fuertes enfrentamientos entre diversas bancadas parlamentarias. Mientras la Fiscal\u00eda y la Polic\u00eda Nacional intensifican las investigaciones, la bancada de Somos Per\u00fa ha presentado una moci\u00f3n de censura [&hellip;]","og_url":"https:\/\/pulso27.com\/en\/nacional\/continuan-enfrentamientos-por-supuesta-red-de-prostitucion-en-el-congreso-de-la-republica\/","og_site_name":"Pulso27","article_publisher":"https:\/\/www.facebook.com\/pulso27\/","article_published_time":"2025-01-03T22:50:40+00:00","article_modified_time":"2025-01-03T22:50:44+00:00","og_image":[{"width":1200,"height":768,"url":"https:\/\/pulso27.com\/wp-content\/uploads\/2025\/01\/Salhuana2.png","type":"image\/png"}],"author":"El Muki","twitter_card":"summary_large_image","twitter_creator":"@Pulso_27","twitter_site":"@Pulso_27","twitter_misc":{"Written by":"El Muki","Est. reading time":"4 minutes"},"schema":{"@context":"https:\/\/schema.org","@graph":[{"@type":"Article","@id":"https:\/\/pulso27.com\/nacional\/continuan-enfrentamientos-por-supuesta-red-de-prostitucion-en-el-congreso-de-la-republica\/#article","isPartOf":{"@id":"https:\/\/pulso27.com\/nacional\/continuan-enfrentamientos-por-supuesta-red-de-prostitucion-en-el-congreso-de-la-republica\/"},"author":{"name":"El Muki","@id":"https:\/\/pulso27.com\/en\/#\/schema\/person\/a0930a7f318e7d9d83bd7cffed9f34f6"},"headline":"Contin\u00faan enfrentamientos por supuesta red de prostituci\u00f3n en el Congreso de la Rep\u00fablica","datePublished":"2025-01-03T22:50:40+00:00","dateModified":"2025-01-03T22:50:44+00:00","mainEntityOfPage":{"@id":"https:\/\/pulso27.com\/nacional\/continuan-enfrentamientos-por-supuesta-red-de-prostitucion-en-el-congreso-de-la-republica\/"},"wordCount":653,"commentCount":0,"publisher":{"@id":"https:\/\/pulso27.com\/en\/#organization"},"image":{"@id":"https:\/\/pulso27.com\/nacional\/continuan-enfrentamientos-por-supuesta-red-de-prostitucion-en-el-congreso-de-la-republica\/#primaryimage"},"thumbnailUrl":"https:\/\/pulso27.com\/wp-content\/uploads\/2025\/01\/Salhuana2.png","keywords":["CongresoDeLaRep\u00fablica","CongresoPer\u00fa","Fiscal\u00edaDeLaNaci\u00f3n","RedDeProstituci\u00f3n"],"articleSection":["Actualidad","Nacional","Policial","Pol\u00edtica"],"inLanguage":"en-US","potentialAction":[{"@type":"CommentAction","name":"Comment","target":["https:\/\/pulso27.com\/nacional\/continuan-enfrentamientos-por-supuesta-red-de-prostitucion-en-el-congreso-de-la-republica\/#respond"]}]},{"@type":"WebPage","@id":"https:\/\/pulso27.com\/nacional\/continuan-enfrentamientos-por-supuesta-red-de-prostitucion-en-el-congreso-de-la-republica\/","url":"https:\/\/pulso27.com\/nacional\/continuan-enfrentamientos-por-supuesta-red-de-prostitucion-en-el-congreso-de-la-republica\/","name":"Contin\u00faan enfrentamientos por supuesta red de prostituci\u00f3n en el Congreso de la Rep\u00fablica - Pulso27","isPartOf":{"@id":"https:\/\/pulso27.com\/en\/#website"},"primaryImageOfPage":{"@id":"https:\/\/pulso27.com\/nacional\/continuan-enfrentamientos-por-supuesta-red-de-prostitucion-en-el-congreso-de-la-republica\/#primaryimage"},"image":{"@id":"https:\/\/pulso27.com\/nacional\/continuan-enfrentamientos-por-supuesta-red-de-prostitucion-en-el-congreso-de-la-republica\/#primaryimage"},"thumbnailUrl":"https:\/\/pulso27.com\/wp-content\/uploads\/2025\/01\/Salhuana2.png","datePublished":"2025-01-03T22:50:40+00:00","dateModified":"2025-01-03T22:50:44+00:00","breadcrumb":{"@id":"https:\/\/pulso27.com\/nacional\/continuan-enfrentamientos-por-supuesta-red-de-prostitucion-en-el-congreso-de-la-republica\/#breadcrumb"},"inLanguage":"en-US","potentialAction":[{"@type":"ReadAction","target":["https:\/\/pulso27.com\/nacional\/continuan-enfrentamientos-por-supuesta-red-de-prostitucion-en-el-congreso-de-la-republica\/"]}]},{"@type":"ImageObject","inLanguage":"en-US","@id":"https:\/\/pulso27.com\/nacional\/continuan-enfrentamientos-por-supuesta-red-de-prostitucion-en-el-congreso-de-la-republica\/#primaryimage","url":"https:\/\/pulso27.com\/wp-content\/uploads\/2025\/01\/Salhuana2.png","contentUrl":"https:\/\/pulso27.com\/wp-content\/uploads\/2025\/01\/Salhuana2.png","width":1200,"height":768},{"@type":"BreadcrumbList","@id":"https:\/\/pulso27.com\/nacional\/continuan-enfrentamientos-por-supuesta-red-de-prostitucion-en-el-congreso-de-la-republica\/#breadcrumb","itemListElement":[{"@type":"ListItem","position":1,"name":"Portada","item":"https:\/\/pulso27.com\/"},{"@type":"ListItem","position":2,"name":"Contin\u00faan enfrentamientos por supuesta red de prostituci\u00f3n en el Congreso de la Rep\u00fablica"}]},{"@type":"WebSite","@id":"https:\/\/pulso27.com\/en\/#website","url":"https:\/\/pulso27.com\/en\/","name":"Pulso27","description":"Web de noticias y publicidad","publisher":{"@id":"https:\/\/pulso27.com\/en\/#organization"},"alternateName":"El pulso del pueblo","potentialAction":[{"@type":"SearchAction","target":{"@type":"EntryPoint","urlTemplate":"https:\/\/pulso27.com\/en\/?s={search_term_string}"},"query-input":{"@type":"PropertyValueSpecification","valueRequired":true,"valueName":"search_term_string"}}],"inLanguage":"en-US"},{"@type":"Organization","@id":"https:\/\/pulso27.com\/en\/#organization","name":"Pulso27","url":"https:\/\/pulso27.com\/en\/","logo":{"@type":"ImageObject","inLanguage":"en-US","@id":"https:\/\/pulso27.com\/en\/#\/schema\/logo\/image\/","url":"https:\/\/pulso27.com\/wp-content\/uploads\/2026\/02\/Logotipo-de-la-organizacion-696-x-696-px-ok.png","contentUrl":"https:\/\/pulso27.com\/wp-content\/uploads\/2026\/02\/Logotipo-de-la-organizacion-696-x-696-px-ok.png","width":696,"height":696,"caption":"Pulso27"},"image":{"@id":"https:\/\/pulso27.com\/en\/#\/schema\/logo\/image\/"},"sameAs":["https:\/\/www.facebook.com\/pulso27\/","https:\/\/x.com\/Pulso_27","https:\/\/www.youtube.com\/@Pulso27","https:\/\/www.tiktok.com\/@pulso_27"]},{"@type":"Person","@id":"https:\/\/pulso27.com\/en\/#\/schema\/person\/a0930a7f318e7d9d83bd7cffed9f34f6","name":"El Muki","image":{"@type":"ImageObject","inLanguage":"en-US","@id":"https:\/\/secure.gravatar.com\/avatar\/dc91c2607c5eebda74cbb40d13031f489096c96ead89c4c30c17db262267b2b3?s=96&d=mm&r=g","url":"https:\/\/secure.gravatar.com\/avatar\/dc91c2607c5eebda74cbb40d13031f489096c96ead89c4c30c17db262267b2b3?s=96&d=mm&r=g","contentUrl":"https:\/\/secure.gravatar.com\/avatar\/dc91c2607c5eebda74cbb40d13031f489096c96ead89c4c30c17db262267b2b3?s=96&d=mm&r=g","caption":"El Muki"},"sameAs":["http:\/\/www.pulso27.com"],"url":"https:\/\/pulso27.com\/en\/author\/elcuervo\/"}]}},"amp_enabled":true,"_links":{"self":[{"href":"https:\/\/pulso27.com\/en\/wp-json\/wp\/v2\/posts\/3405","targetHints":{"allow":["GET"]}}],"collection":[{"href":"https:\/\/pulso27.com\/en\/wp-json\/wp\/v2\/posts"}],"about":[{"href":"https:\/\/pulso27.com\/en\/wp-json\/wp\/v2\/types\/post"}],"author":[{"embeddable":true,"href":"https:\/\/pulso27.com\/en\/wp-json\/wp\/v2\/users\/10"}],"replies":[{"embeddable":true,"href":"https:\/\/pulso27.com\/en\/wp-json\/wp\/v2\/comments?post=3405"}],"version-history":[{"count":1,"href":"https:\/\/pulso27.com\/en\/wp-json\/wp\/v2\/posts\/3405\/revisions"}],"predecessor-version":[{"id":3411,"href":"https:\/\/pulso27.com\/en\/wp-json\/wp\/v2\/posts\/3405\/revisions\/3411"}],"wp:featuredmedia":[{"embeddable":true,"href":"https:\/\/pulso27.com\/en\/wp-json\/wp\/v2\/media\/3408"}],"wp:attachment":[{"href":"https:\/\/pulso27.com\/en\/wp-json\/wp\/v2\/media?parent=3405"}],"wp:term":[{"taxonomy":"category","embeddable":true,"href":"https:\/\/pulso27.com\/en\/wp-json\/wp\/v2\/categories?post=3405"},{"taxonomy":"post_tag","embeddable":true,"href":"https:\/\/pulso27.com\/en\/wp-json\/wp\/v2\/tags?post=3405"}],"curies":[{"name":"wp","href":"https:\/\/api.w.org\/{rel}","templated":true}]}}