{"id":3436,"date":"2025-01-07T02:47:08","date_gmt":"2025-01-06T21:47:08","guid":{"rendered":"https:\/\/pulso27.com\/?p=3436"},"modified":"2025-01-07T02:47:11","modified_gmt":"2025-01-06T21:47:11","slug":"petro-celebra-ingreso-de-colombia-al-consejo-de-derechos-humanos-y-promete-velar-por-la-libertad-de-pedro-castillo","status":"publish","type":"post","link":"https:\/\/pulso27.com\/en\/internacional\/petro-celebra-ingreso-de-colombia-al-consejo-de-derechos-humanos-y-promete-velar-por-la-libertad-de-pedro-castillo\/","title":{"rendered":"Petro celebra ingreso de Colombia al Consejo de Derechos Humanos y promete velar por la libertad de Pedro Castillo"},"content":{"rendered":"<p>El presidente de Colombia, Gustavo Petro, ha causado controversia internacional al pronunciarse sobre la situaci\u00f3n del expresidente peruano Pedro Castillo, quien se encuentra preso tras un fallido golpe de Estado en diciembre de 2022. Durante un discurso tras la hist\u00f3rica elecci\u00f3n de Colombia como miembro del Consejo de Derechos Humanos de las Naciones Unidas (ONU), Petro expres\u00f3 que su gobierno se comprometer\u00eda a velar por la \u201clibertad de Pedro Castillo\u201d, un mensaje que ha generado tensiones diplom\u00e1ticas con Per\u00fa.<\/p>\n\n\n\n<p>El 9 de octubre de 2024, Colombia logr\u00f3 un hito diplom\u00e1tico al ser elegido miembro del Consejo de Derechos Humanos de la ONU por primera vez en su historia. En su intervenci\u00f3n, Petro celebr\u00f3 este logro, pero tambi\u00e9n aprovech\u00f3 la ocasi\u00f3n para reiterar su apoyo a Castillo, quien lleva m\u00e1s de 18 meses en prisi\u00f3n preventiva en el penal de Barbadillo, en Lima, mientras enfrenta cargos por presunta rebeli\u00f3n tras intentar un autogolpe. \u201cColombia ingresa al Consejo de Derechos Humanos por primera vez en su historia. Velaremos por la libertad del presidente Castillo en el Per\u00fa\u201d, escribi\u00f3 Petro en su cuenta de X (antes Twitter), lo que desat\u00f3 una r\u00e1pida reacci\u00f3n en Per\u00fa.<\/p>\n\n\n\n<p>Diversos actores pol\u00edticos y diplom\u00e1ticos peruanos condenaron las palabras de Petro, acus\u00e1ndolo de inmiscuirse en los asuntos internos de su pa\u00eds. Luis Gonzales Posada, excanciller de Per\u00fa, calific\u00f3 las declaraciones como \u201cuna nueva intromisi\u00f3n\u201d y sugiri\u00f3 que el gobierno peruano deber\u00eda emitir una nota de protesta formal. \u00abSer\u00eda necesario un pronunciamiento firme del Gobierno del Per\u00fa\u00bb, afirm\u00f3 Gonzales Posada. Asimismo, el embajador peruano Eduardo Ponce pidi\u00f3 que la Canciller\u00eda peruana convoque al embajador colombiano en Lima para entregar una \u201cnota de protesta contundente\u201d.<\/p>\n\n\n\n<figure class=\"wp-block-image size-full\"><img loading=\"lazy\" decoding=\"async\" width=\"768\" height=\"768\" src=\"https:\/\/pulso27.com\/wp-content\/uploads\/2025\/01\/image-17.png\" alt=\"\" class=\"wp-image-3437\" srcset=\"https:\/\/pulso27.com\/wp-content\/uploads\/2025\/01\/image-17.png 768w, https:\/\/pulso27.com\/wp-content\/uploads\/2025\/01\/image-17-300x300.png 300w, https:\/\/pulso27.com\/wp-content\/uploads\/2025\/01\/image-17-150x150.png 150w, https:\/\/pulso27.com\/wp-content\/uploads\/2025\/01\/image-17-12x12.png 12w, https:\/\/pulso27.com\/wp-content\/uploads\/2025\/01\/image-17-80x80.png 80w\" sizes=\"auto, (max-width: 768px) 100vw, 768px\" \/><\/figure>\n\n\n\n<p>A pesar de las cr\u00edticas, Petro mantuvo su postura de apoyo a Castillo, quien podr\u00eda enfrentar hasta 34 a\u00f1os de prisi\u00f3n si es condenado por los cargos de rebeli\u00f3n y conspiraci\u00f3n. En su mensaje, el presidente colombiano tambi\u00e9n subray\u00f3 el compromiso de su gobierno con la protecci\u00f3n de los derechos humanos a nivel global, haciendo \u00e9nfasis en el conflicto palestino y su intenci\u00f3n de mediar en la crisis pol\u00edtica de Venezuela.<\/p>\n\n\n\n<p>Pedro Castillo, quien contin\u00faa enfrentando diversos procesos judiciales en Per\u00fa, agradeci\u00f3 p\u00fablicamente el respaldo de Petro. En su mensaje en X, el exmandatario peruano reiter\u00f3 su postura de que su detenci\u00f3n y juicio son parte de una persecuci\u00f3n pol\u00edtica.<\/p>\n\n\n\n<p>Este nuevo pronunciamiento de Petro llega en un contexto de creciente polarizaci\u00f3n en la regi\u00f3n. Aunque el gobierno colombiano refuerza su compromiso con la defensa de los derechos humanos, las tensiones con Per\u00fa no parecen aminorar. Las intervenciones de Petro en temas de pol\u00edtica interna de otros pa\u00edses contin\u00faan generando divisiones y complicando las relaciones diplom\u00e1ticas de Colombia con algunos de sus vecinos. Como miembro del Consejo de Derechos Humanos de la ONU, el presidente colombiano ha dejado claro que su administraci\u00f3n buscar\u00e1 adoptar una postura firme en temas de derechos humanos, lo que promete seguir alimentando el debate y la controversia internacional.<\/p>","protected":false},"excerpt":{"rendered":"<p>Gustavo Pedro y Pedro Castillo<\/p>","protected":false},"author":10,"featured_media":3438,"comment_status":"open","ping_status":"open","sticky":false,"template":"","format":"standard","meta":{"footnotes":""},"categories":[183,173,180,1852],"tags":[1997,1998,797],"class_list":["post-3436","post","type-post","status-publish","format-standard","has-post-thumbnail","hentry","category-actualidad","category-internacional","category-politica","category-tendencia","tag-colombia","tag-gustavopedro","tag-pedrocastillo"],"yoast_head":"<!-- This site is optimized with the Yoast SEO plugin v27.4 - https:\/\/yoast.com\/product\/yoast-seo-wordpress\/ -->\n<title>Petro celebra ingreso de Colombia al Consejo de Derechos Humanos y promete velar por la libertad de Pedro Castillo - Pulso27<\/title>\n<meta name=\"robots\" content=\"index, follow, max-snippet:-1, max-image-preview:large, max-video-preview:-1\" \/>\n<link rel=\"canonical\" href=\"https:\/\/pulso27.com\/en\/internacional\/petro-celebra-ingreso-de-colombia-al-consejo-de-derechos-humanos-y-promete-velar-por-la-libertad-de-pedro-castillo\/\" \/>\n<meta property=\"og:locale\" content=\"en_US\" \/>\n<meta property=\"og:type\" content=\"article\" \/>\n<meta property=\"og:title\" content=\"Petro celebra ingreso de Colombia al Consejo de Derechos Humanos y promete velar por la libertad de Pedro Castillo - Pulso27\" \/>\n<meta property=\"og:description\" content=\"Gustavo Pedro y Pedro Castillo\" \/>\n<meta property=\"og:url\" content=\"https:\/\/pulso27.com\/en\/internacional\/petro-celebra-ingreso-de-colombia-al-consejo-de-derechos-humanos-y-promete-velar-por-la-libertad-de-pedro-castillo\/\" \/>\n<meta property=\"og:site_name\" content=\"Pulso27\" \/>\n<meta property=\"article:publisher\" content=\"https:\/\/www.facebook.com\/pulso27\/\" \/>\n<meta property=\"article:published_time\" content=\"2025-01-06T21:47:08+00:00\" \/>\n<meta property=\"article:modified_time\" content=\"2025-01-06T21:47:11+00:00\" \/>\n<meta property=\"og:image\" content=\"https:\/\/pulso27.com\/wp-content\/uploads\/2025\/01\/Petro.png\" \/>\n\t<meta property=\"og:image:width\" content=\"1200\" \/>\n\t<meta property=\"og:image:height\" content=\"900\" \/>\n\t<meta property=\"og:image:type\" content=\"image\/png\" \/>\n<meta name=\"author\" content=\"El Muki\" \/>\n<meta name=\"twitter:card\" content=\"summary_large_image\" \/>\n<meta name=\"twitter:creator\" content=\"@Pulso_27\" \/>\n<meta name=\"twitter:site\" content=\"@Pulso_27\" \/>\n<meta name=\"twitter:label1\" content=\"Written by\" \/>\n\t<meta name=\"twitter:data1\" content=\"El Muki\" \/>\n\t<meta name=\"twitter:label2\" content=\"Est. reading time\" \/>\n\t<meta name=\"twitter:data2\" content=\"3 minutes\" \/>\n<script type=\"application\/ld+json\" class=\"yoast-schema-graph\">{\"@context\":\"https:\\\/\\\/schema.org\",\"@graph\":[{\"@type\":\"Article\",\"@id\":\"https:\\\/\\\/pulso27.com\\\/internacional\\\/petro-celebra-ingreso-de-colombia-al-consejo-de-derechos-humanos-y-promete-velar-por-la-libertad-de-pedro-castillo\\\/#article\",\"isPartOf\":{\"@id\":\"https:\\\/\\\/pulso27.com\\\/internacional\\\/petro-celebra-ingreso-de-colombia-al-consejo-de-derechos-humanos-y-promete-velar-por-la-libertad-de-pedro-castillo\\\/\"},\"author\":{\"name\":\"El Muki\",\"@id\":\"https:\\\/\\\/pulso27.com\\\/en\\\/#\\\/schema\\\/person\\\/a0930a7f318e7d9d83bd7cffed9f34f6\"},\"headline\":\"Petro celebra ingreso de Colombia al Consejo de Derechos Humanos y promete velar por la libertad de Pedro Castillo\",\"datePublished\":\"2025-01-06T21:47:08+00:00\",\"dateModified\":\"2025-01-06T21:47:11+00:00\",\"mainEntityOfPage\":{\"@id\":\"https:\\\/\\\/pulso27.com\\\/internacional\\\/petro-celebra-ingreso-de-colombia-al-consejo-de-derechos-humanos-y-promete-velar-por-la-libertad-de-pedro-castillo\\\/\"},\"wordCount\":546,\"commentCount\":0,\"publisher\":{\"@id\":\"https:\\\/\\\/pulso27.com\\\/en\\\/#organization\"},\"image\":{\"@id\":\"https:\\\/\\\/pulso27.com\\\/internacional\\\/petro-celebra-ingreso-de-colombia-al-consejo-de-derechos-humanos-y-promete-velar-por-la-libertad-de-pedro-castillo\\\/#primaryimage\"},\"thumbnailUrl\":\"https:\\\/\\\/pulso27.com\\\/wp-content\\\/uploads\\\/2025\\\/01\\\/Petro.png\",\"keywords\":[\"Colombia\",\"GustavoPedro\",\"PedroCastillo\"],\"articleSection\":[\"Actualidad\",\"Internacional\",\"Pol\u00edtica\",\"Tendencia\"],\"inLanguage\":\"en-US\",\"potentialAction\":[{\"@type\":\"CommentAction\",\"name\":\"Comment\",\"target\":[\"https:\\\/\\\/pulso27.com\\\/internacional\\\/petro-celebra-ingreso-de-colombia-al-consejo-de-derechos-humanos-y-promete-velar-por-la-libertad-de-pedro-castillo\\\/#respond\"]}]},{\"@type\":\"WebPage\",\"@id\":\"https:\\\/\\\/pulso27.com\\\/internacional\\\/petro-celebra-ingreso-de-colombia-al-consejo-de-derechos-humanos-y-promete-velar-por-la-libertad-de-pedro-castillo\\\/\",\"url\":\"https:\\\/\\\/pulso27.com\\\/internacional\\\/petro-celebra-ingreso-de-colombia-al-consejo-de-derechos-humanos-y-promete-velar-por-la-libertad-de-pedro-castillo\\\/\",\"name\":\"Petro celebra ingreso de Colombia al Consejo de Derechos Humanos y promete velar por la libertad de Pedro Castillo - Pulso27\",\"isPartOf\":{\"@id\":\"https:\\\/\\\/pulso27.com\\\/en\\\/#website\"},\"primaryImageOfPage\":{\"@id\":\"https:\\\/\\\/pulso27.com\\\/internacional\\\/petro-celebra-ingreso-de-colombia-al-consejo-de-derechos-humanos-y-promete-velar-por-la-libertad-de-pedro-castillo\\\/#primaryimage\"},\"image\":{\"@id\":\"https:\\\/\\\/pulso27.com\\\/internacional\\\/petro-celebra-ingreso-de-colombia-al-consejo-de-derechos-humanos-y-promete-velar-por-la-libertad-de-pedro-castillo\\\/#primaryimage\"},\"thumbnailUrl\":\"https:\\\/\\\/pulso27.com\\\/wp-content\\\/uploads\\\/2025\\\/01\\\/Petro.png\",\"datePublished\":\"2025-01-06T21:47:08+00:00\",\"dateModified\":\"2025-01-06T21:47:11+00:00\",\"breadcrumb\":{\"@id\":\"https:\\\/\\\/pulso27.com\\\/internacional\\\/petro-celebra-ingreso-de-colombia-al-consejo-de-derechos-humanos-y-promete-velar-por-la-libertad-de-pedro-castillo\\\/#breadcrumb\"},\"inLanguage\":\"en-US\",\"potentialAction\":[{\"@type\":\"ReadAction\",\"target\":[\"https:\\\/\\\/pulso27.com\\\/internacional\\\/petro-celebra-ingreso-de-colombia-al-consejo-de-derechos-humanos-y-promete-velar-por-la-libertad-de-pedro-castillo\\\/\"]}]},{\"@type\":\"ImageObject\",\"inLanguage\":\"en-US\",\"@id\":\"https:\\\/\\\/pulso27.com\\\/internacional\\\/petro-celebra-ingreso-de-colombia-al-consejo-de-derechos-humanos-y-promete-velar-por-la-libertad-de-pedro-castillo\\\/#primaryimage\",\"url\":\"https:\\\/\\\/pulso27.com\\\/wp-content\\\/uploads\\\/2025\\\/01\\\/Petro.png\",\"contentUrl\":\"https:\\\/\\\/pulso27.com\\\/wp-content\\\/uploads\\\/2025\\\/01\\\/Petro.png\",\"width\":1200,\"height\":900},{\"@type\":\"BreadcrumbList\",\"@id\":\"https:\\\/\\\/pulso27.com\\\/internacional\\\/petro-celebra-ingreso-de-colombia-al-consejo-de-derechos-humanos-y-promete-velar-por-la-libertad-de-pedro-castillo\\\/#breadcrumb\",\"itemListElement\":[{\"@type\":\"ListItem\",\"position\":1,\"name\":\"Portada\",\"item\":\"https:\\\/\\\/pulso27.com\\\/\"},{\"@type\":\"ListItem\",\"position\":2,\"name\":\"Petro celebra ingreso de Colombia al Consejo de Derechos Humanos y promete velar por la libertad de Pedro Castillo\"}]},{\"@type\":\"WebSite\",\"@id\":\"https:\\\/\\\/pulso27.com\\\/en\\\/#website\",\"url\":\"https:\\\/\\\/pulso27.com\\\/en\\\/\",\"name\":\"Pulso27\",\"description\":\"Web de noticias y publicidad\",\"publisher\":{\"@id\":\"https:\\\/\\\/pulso27.com\\\/en\\\/#organization\"},\"alternateName\":\"El pulso del pueblo\",\"potentialAction\":[{\"@type\":\"SearchAction\",\"target\":{\"@type\":\"EntryPoint\",\"urlTemplate\":\"https:\\\/\\\/pulso27.com\\\/en\\\/?s={search_term_string}\"},\"query-input\":{\"@type\":\"PropertyValueSpecification\",\"valueRequired\":true,\"valueName\":\"search_term_string\"}}],\"inLanguage\":\"en-US\"},{\"@type\":\"Organization\",\"@id\":\"https:\\\/\\\/pulso27.com\\\/en\\\/#organization\",\"name\":\"Pulso27\",\"url\":\"https:\\\/\\\/pulso27.com\\\/en\\\/\",\"logo\":{\"@type\":\"ImageObject\",\"inLanguage\":\"en-US\",\"@id\":\"https:\\\/\\\/pulso27.com\\\/en\\\/#\\\/schema\\\/logo\\\/image\\\/\",\"url\":\"https:\\\/\\\/pulso27.com\\\/wp-content\\\/uploads\\\/2026\\\/02\\\/Logotipo-de-la-organizacion-696-x-696-px-ok.png\",\"contentUrl\":\"https:\\\/\\\/pulso27.com\\\/wp-content\\\/uploads\\\/2026\\\/02\\\/Logotipo-de-la-organizacion-696-x-696-px-ok.png\",\"width\":696,\"height\":696,\"caption\":\"Pulso27\"},\"image\":{\"@id\":\"https:\\\/\\\/pulso27.com\\\/en\\\/#\\\/schema\\\/logo\\\/image\\\/\"},\"sameAs\":[\"https:\\\/\\\/www.facebook.com\\\/pulso27\\\/\",\"https:\\\/\\\/x.com\\\/Pulso_27\",\"https:\\\/\\\/www.youtube.com\\\/@Pulso27\",\"https:\\\/\\\/www.tiktok.com\\\/@pulso_27\"]},{\"@type\":\"Person\",\"@id\":\"https:\\\/\\\/pulso27.com\\\/en\\\/#\\\/schema\\\/person\\\/a0930a7f318e7d9d83bd7cffed9f34f6\",\"name\":\"El Muki\",\"image\":{\"@type\":\"ImageObject\",\"inLanguage\":\"en-US\",\"@id\":\"https:\\\/\\\/secure.gravatar.com\\\/avatar\\\/dc91c2607c5eebda74cbb40d13031f489096c96ead89c4c30c17db262267b2b3?s=96&d=mm&r=g\",\"url\":\"https:\\\/\\\/secure.gravatar.com\\\/avatar\\\/dc91c2607c5eebda74cbb40d13031f489096c96ead89c4c30c17db262267b2b3?s=96&d=mm&r=g\",\"contentUrl\":\"https:\\\/\\\/secure.gravatar.com\\\/avatar\\\/dc91c2607c5eebda74cbb40d13031f489096c96ead89c4c30c17db262267b2b3?s=96&d=mm&r=g\",\"caption\":\"El Muki\"},\"sameAs\":[\"http:\\\/\\\/www.pulso27.com\"],\"url\":\"https:\\\/\\\/pulso27.com\\\/en\\\/author\\\/elcuervo\\\/\"}]}<\/script>\n<!-- \/ Yoast SEO plugin. -->","yoast_head_json":{"title":"Petro celebra ingreso de Colombia al Consejo de Derechos Humanos y promete velar por la libertad de Pedro Castillo - Pulso27","robots":{"index":"index","follow":"follow","max-snippet":"max-snippet:-1","max-image-preview":"max-image-preview:large","max-video-preview":"max-video-preview:-1"},"canonical":"https:\/\/pulso27.com\/en\/internacional\/petro-celebra-ingreso-de-colombia-al-consejo-de-derechos-humanos-y-promete-velar-por-la-libertad-de-pedro-castillo\/","og_locale":"en_US","og_type":"article","og_title":"Petro celebra ingreso de Colombia al Consejo de Derechos Humanos y promete velar por la libertad de Pedro Castillo - Pulso27","og_description":"Gustavo Pedro y Pedro Castillo","og_url":"https:\/\/pulso27.com\/en\/internacional\/petro-celebra-ingreso-de-colombia-al-consejo-de-derechos-humanos-y-promete-velar-por-la-libertad-de-pedro-castillo\/","og_site_name":"Pulso27","article_publisher":"https:\/\/www.facebook.com\/pulso27\/","article_published_time":"2025-01-06T21:47:08+00:00","article_modified_time":"2025-01-06T21:47:11+00:00","og_image":[{"width":1200,"height":900,"url":"https:\/\/pulso27.com\/wp-content\/uploads\/2025\/01\/Petro.png","type":"image\/png"}],"author":"El Muki","twitter_card":"summary_large_image","twitter_creator":"@Pulso_27","twitter_site":"@Pulso_27","twitter_misc":{"Written by":"El Muki","Est. reading time":"3 minutes"},"schema":{"@context":"https:\/\/schema.org","@graph":[{"@type":"Article","@id":"https:\/\/pulso27.com\/internacional\/petro-celebra-ingreso-de-colombia-al-consejo-de-derechos-humanos-y-promete-velar-por-la-libertad-de-pedro-castillo\/#article","isPartOf":{"@id":"https:\/\/pulso27.com\/internacional\/petro-celebra-ingreso-de-colombia-al-consejo-de-derechos-humanos-y-promete-velar-por-la-libertad-de-pedro-castillo\/"},"author":{"name":"El Muki","@id":"https:\/\/pulso27.com\/en\/#\/schema\/person\/a0930a7f318e7d9d83bd7cffed9f34f6"},"headline":"Petro celebra ingreso de Colombia al Consejo de Derechos Humanos y promete velar por la libertad de Pedro Castillo","datePublished":"2025-01-06T21:47:08+00:00","dateModified":"2025-01-06T21:47:11+00:00","mainEntityOfPage":{"@id":"https:\/\/pulso27.com\/internacional\/petro-celebra-ingreso-de-colombia-al-consejo-de-derechos-humanos-y-promete-velar-por-la-libertad-de-pedro-castillo\/"},"wordCount":546,"commentCount":0,"publisher":{"@id":"https:\/\/pulso27.com\/en\/#organization"},"image":{"@id":"https:\/\/pulso27.com\/internacional\/petro-celebra-ingreso-de-colombia-al-consejo-de-derechos-humanos-y-promete-velar-por-la-libertad-de-pedro-castillo\/#primaryimage"},"thumbnailUrl":"https:\/\/pulso27.com\/wp-content\/uploads\/2025\/01\/Petro.png","keywords":["Colombia","GustavoPedro","PedroCastillo"],"articleSection":["Actualidad","Internacional","Pol\u00edtica","Tendencia"],"inLanguage":"en-US","potentialAction":[{"@type":"CommentAction","name":"Comment","target":["https:\/\/pulso27.com\/internacional\/petro-celebra-ingreso-de-colombia-al-consejo-de-derechos-humanos-y-promete-velar-por-la-libertad-de-pedro-castillo\/#respond"]}]},{"@type":"WebPage","@id":"https:\/\/pulso27.com\/internacional\/petro-celebra-ingreso-de-colombia-al-consejo-de-derechos-humanos-y-promete-velar-por-la-libertad-de-pedro-castillo\/","url":"https:\/\/pulso27.com\/internacional\/petro-celebra-ingreso-de-colombia-al-consejo-de-derechos-humanos-y-promete-velar-por-la-libertad-de-pedro-castillo\/","name":"Petro celebra ingreso de Colombia al Consejo de Derechos Humanos y promete velar por la libertad de Pedro Castillo - Pulso27","isPartOf":{"@id":"https:\/\/pulso27.com\/en\/#website"},"primaryImageOfPage":{"@id":"https:\/\/pulso27.com\/internacional\/petro-celebra-ingreso-de-colombia-al-consejo-de-derechos-humanos-y-promete-velar-por-la-libertad-de-pedro-castillo\/#primaryimage"},"image":{"@id":"https:\/\/pulso27.com\/internacional\/petro-celebra-ingreso-de-colombia-al-consejo-de-derechos-humanos-y-promete-velar-por-la-libertad-de-pedro-castillo\/#primaryimage"},"thumbnailUrl":"https:\/\/pulso27.com\/wp-content\/uploads\/2025\/01\/Petro.png","datePublished":"2025-01-06T21:47:08+00:00","dateModified":"2025-01-06T21:47:11+00:00","breadcrumb":{"@id":"https:\/\/pulso27.com\/internacional\/petro-celebra-ingreso-de-colombia-al-consejo-de-derechos-humanos-y-promete-velar-por-la-libertad-de-pedro-castillo\/#breadcrumb"},"inLanguage":"en-US","potentialAction":[{"@type":"ReadAction","target":["https:\/\/pulso27.com\/internacional\/petro-celebra-ingreso-de-colombia-al-consejo-de-derechos-humanos-y-promete-velar-por-la-libertad-de-pedro-castillo\/"]}]},{"@type":"ImageObject","inLanguage":"en-US","@id":"https:\/\/pulso27.com\/internacional\/petro-celebra-ingreso-de-colombia-al-consejo-de-derechos-humanos-y-promete-velar-por-la-libertad-de-pedro-castillo\/#primaryimage","url":"https:\/\/pulso27.com\/wp-content\/uploads\/2025\/01\/Petro.png","contentUrl":"https:\/\/pulso27.com\/wp-content\/uploads\/2025\/01\/Petro.png","width":1200,"height":900},{"@type":"BreadcrumbList","@id":"https:\/\/pulso27.com\/internacional\/petro-celebra-ingreso-de-colombia-al-consejo-de-derechos-humanos-y-promete-velar-por-la-libertad-de-pedro-castillo\/#breadcrumb","itemListElement":[{"@type":"ListItem","position":1,"name":"Portada","item":"https:\/\/pulso27.com\/"},{"@type":"ListItem","position":2,"name":"Petro celebra ingreso de Colombia al Consejo de Derechos Humanos y promete velar por la libertad de Pedro Castillo"}]},{"@type":"WebSite","@id":"https:\/\/pulso27.com\/en\/#website","url":"https:\/\/pulso27.com\/en\/","name":"Pulso27","description":"Web de noticias y publicidad","publisher":{"@id":"https:\/\/pulso27.com\/en\/#organization"},"alternateName":"El pulso del pueblo","potentialAction":[{"@type":"SearchAction","target":{"@type":"EntryPoint","urlTemplate":"https:\/\/pulso27.com\/en\/?s={search_term_string}"},"query-input":{"@type":"PropertyValueSpecification","valueRequired":true,"valueName":"search_term_string"}}],"inLanguage":"en-US"},{"@type":"Organization","@id":"https:\/\/pulso27.com\/en\/#organization","name":"Pulso27","url":"https:\/\/pulso27.com\/en\/","logo":{"@type":"ImageObject","inLanguage":"en-US","@id":"https:\/\/pulso27.com\/en\/#\/schema\/logo\/image\/","url":"https:\/\/pulso27.com\/wp-content\/uploads\/2026\/02\/Logotipo-de-la-organizacion-696-x-696-px-ok.png","contentUrl":"https:\/\/pulso27.com\/wp-content\/uploads\/2026\/02\/Logotipo-de-la-organizacion-696-x-696-px-ok.png","width":696,"height":696,"caption":"Pulso27"},"image":{"@id":"https:\/\/pulso27.com\/en\/#\/schema\/logo\/image\/"},"sameAs":["https:\/\/www.facebook.com\/pulso27\/","https:\/\/x.com\/Pulso_27","https:\/\/www.youtube.com\/@Pulso27","https:\/\/www.tiktok.com\/@pulso_27"]},{"@type":"Person","@id":"https:\/\/pulso27.com\/en\/#\/schema\/person\/a0930a7f318e7d9d83bd7cffed9f34f6","name":"El Muki","image":{"@type":"ImageObject","inLanguage":"en-US","@id":"https:\/\/secure.gravatar.com\/avatar\/dc91c2607c5eebda74cbb40d13031f489096c96ead89c4c30c17db262267b2b3?s=96&d=mm&r=g","url":"https:\/\/secure.gravatar.com\/avatar\/dc91c2607c5eebda74cbb40d13031f489096c96ead89c4c30c17db262267b2b3?s=96&d=mm&r=g","contentUrl":"https:\/\/secure.gravatar.com\/avatar\/dc91c2607c5eebda74cbb40d13031f489096c96ead89c4c30c17db262267b2b3?s=96&d=mm&r=g","caption":"El Muki"},"sameAs":["http:\/\/www.pulso27.com"],"url":"https:\/\/pulso27.com\/en\/author\/elcuervo\/"}]}},"amp_enabled":true,"_links":{"self":[{"href":"https:\/\/pulso27.com\/en\/wp-json\/wp\/v2\/posts\/3436","targetHints":{"allow":["GET"]}}],"collection":[{"href":"https:\/\/pulso27.com\/en\/wp-json\/wp\/v2\/posts"}],"about":[{"href":"https:\/\/pulso27.com\/en\/wp-json\/wp\/v2\/types\/post"}],"author":[{"embeddable":true,"href":"https:\/\/pulso27.com\/en\/wp-json\/wp\/v2\/users\/10"}],"replies":[{"embeddable":true,"href":"https:\/\/pulso27.com\/en\/wp-json\/wp\/v2\/comments?post=3436"}],"version-history":[{"count":1,"href":"https:\/\/pulso27.com\/en\/wp-json\/wp\/v2\/posts\/3436\/revisions"}],"predecessor-version":[{"id":3439,"href":"https:\/\/pulso27.com\/en\/wp-json\/wp\/v2\/posts\/3436\/revisions\/3439"}],"wp:featuredmedia":[{"embeddable":true,"href":"https:\/\/pulso27.com\/en\/wp-json\/wp\/v2\/media\/3438"}],"wp:attachment":[{"href":"https:\/\/pulso27.com\/en\/wp-json\/wp\/v2\/media?parent=3436"}],"wp:term":[{"taxonomy":"category","embeddable":true,"href":"https:\/\/pulso27.com\/en\/wp-json\/wp\/v2\/categories?post=3436"},{"taxonomy":"post_tag","embeddable":true,"href":"https:\/\/pulso27.com\/en\/wp-json\/wp\/v2\/tags?post=3436"}],"curies":[{"name":"wp","href":"https:\/\/api.w.org\/{rel}","templated":true}]}}