{"id":3538,"date":"2025-01-13T10:31:57","date_gmt":"2025-01-13T05:31:57","guid":{"rendered":"https:\/\/pulso27.com\/?p=3538"},"modified":"2025-01-13T10:32:01","modified_gmt":"2025-01-13T05:32:01","slug":"organizaciones-indigenas-denuncian-graves-ataques-contra-la-educacion-intercultural-bilingue-en-el-peru","status":"publish","type":"post","link":"https:\/\/pulso27.com\/en\/actualidad\/educacion\/organizaciones-indigenas-denuncian-graves-ataques-contra-la-educacion-intercultural-bilingue-en-el-peru\/","title":{"rendered":"Organizaciones ind\u00edgenas denuncian graves ataques contra la Educaci\u00f3n Intercultural Biling\u00fce en el Per\u00fa"},"content":{"rendered":"<h3 class=\"wp-block-heading\">AIDESEP denuncia sistem\u00e1tico ataque contra la educaci\u00f3n intercultural bilingue <\/h3>\n\n\n\n<p>La Asociaci\u00f3n Inter\u00e9tnica de Desarrollo de la Selva Peruana (AIDESEP), que representa a nueve organizaciones regionales, 109 federaciones y 2,439 comunidades nativas, ha denunciado lo que considera un sistem\u00e1tico ataque contra la Educaci\u00f3n Intercultural Biling\u00fce (EIB). En un reciente pronunciamiento, la organizaci\u00f3n acus\u00f3 al Ministerio de Educaci\u00f3n (Minedu) de tomar decisiones que vulneran los derechos de los pueblos ind\u00edgenas.<\/p>\n\n\n\n<p>Entre los puntos m\u00e1s cr\u00edticos, AIDESEP denunci\u00f3 la adjudicaci\u00f3n de plazas EIB a docentes monoling\u00fces, lo que consideran una medida que atenta contra los derechos de ni\u00f1os y adolescentes ind\u00edgenas. Seg\u00fan la organizaci\u00f3n, esta pr\u00e1ctica contraviene las normativas del propio Ministerio, que exigen el dominio de lenguas ind\u00edgenas para estas posiciones.<\/p>\n\n\n\n<p>Asimismo, rechazaron la Resoluci\u00f3n Viceministerial N.\u00ba 037-2024, que regula el ingreso a la carrera p\u00fablica magisterial. Seg\u00fan AIDESEP, estas normas facilitan la asignaci\u00f3n de plazas a docentes que no cumplen con los requisitos m\u00ednimos, debilitando el modelo de educaci\u00f3n intercultural.<\/p>\n\n\n<div class=\"wp-block-image\">\n<figure class=\"alignleft size-large is-resized\"><img loading=\"lazy\" decoding=\"async\" width=\"986\" height=\"1754\" src=\"https:\/\/pulso27.com\/wp-content\/uploads\/2025\/01\/image-31-edited.png\" alt=\"\" class=\"wp-image-3540\" style=\"width:374px;height:auto\" srcset=\"https:\/\/pulso27.com\/wp-content\/uploads\/2025\/01\/image-31-edited.png 986w, https:\/\/pulso27.com\/wp-content\/uploads\/2025\/01\/image-31-edited-169x300.png 169w, https:\/\/pulso27.com\/wp-content\/uploads\/2025\/01\/image-31-edited-576x1024.png 576w, https:\/\/pulso27.com\/wp-content\/uploads\/2025\/01\/image-31-edited-768x1366.png 768w, https:\/\/pulso27.com\/wp-content\/uploads\/2025\/01\/image-31-edited-863x1536.png 863w, https:\/\/pulso27.com\/wp-content\/uploads\/2025\/01\/image-31-edited-7x12.png 7w\" sizes=\"auto, (max-width: 986px) 100vw, 986px\" \/><figcaption class=\"wp-element-caption\"><em>Pronunciamiento de la AIDESEP publicado el 10 de enero del 2025<\/em><\/figcaption><\/figure><\/div>\n\n\n<p>Otro tema destacado fue la exclusi\u00f3n de la EIB en el Plan Estrat\u00e9gico Institucional (PEI) del Ministerio, aprobado bajo la RM N.\u00ba 650-2024-Minedu. Seg\u00fan AIDESEP, este documento estrat\u00e9gico no considera la Pol\u00edtica Sectorial de Educaci\u00f3n Intercultural Biling\u00fce, a pesar de estar vigente desde 2016, lo que calificaron como un atentado contra los derechos educativos de las comunidades ind\u00edgenas.<\/p>\n\n\n\n<p>En respuesta, la organizaci\u00f3n anunci\u00f3 la presentaci\u00f3n de una demanda constitucional contra el Minedu y reiter\u00f3 su llamado a la sociedad civil, organismos internacionales y organizaciones ind\u00edgenas a unirse en defensa de la EIB. Recordaron que este derecho est\u00e1 respaldado por el Convenio 169 de la OIT y la Constituci\u00f3n peruana.<\/p>\n\n\n\n<p>El pronunciamiento de AIDESEP refleja una creciente preocupaci\u00f3n por el debilitamiento de la EIB en el Per\u00fa, considerada fundamental para preservar la identidad cultural y garantizar una educaci\u00f3n inclusiva y justa para las comunidades ind\u00edgenas del pa\u00eds.<\/p>\n\n\n\n<p>La Asociaci\u00f3n Inter\u00e9tnica de Desarrollo de la Selva Peruana (AIDESEP), que representa a nueve organizaciones regionales, 109 federaciones y 2,439 comunidades nativas, ha denunciado lo que considera un sistem\u00e1tico ataque contra la Educaci\u00f3n Intercultural Biling\u00fce (EIB). En un reciente pronunciamiento, la organizaci\u00f3n acus\u00f3 al Ministerio de Educaci\u00f3n (Minedu) de tomar decisiones que vulneran los derechos de los pueblos ind\u00edgenas.<\/p>\n\n\n\n<p>Entre los puntos m\u00e1s cr\u00edticos, AIDESEP denunci\u00f3 la adjudicaci\u00f3n de plazas EIB a docentes monoling\u00fces, lo que consideran una medida que atenta contra los derechos de ni\u00f1os y adolescentes ind\u00edgenas. Seg\u00fan la organizaci\u00f3n, esta pr\u00e1ctica contraviene las normativas del propio Ministerio, que exigen el dominio de lenguas ind\u00edgenas para estas posiciones.<\/p>\n\n\n\n<p>Asimismo, rechazaron la Resoluci\u00f3n Viceministerial N.\u00ba 037-2024, que regula el ingreso a la carrera p\u00fablica magisterial. Seg\u00fan AIDESEP, estas normas facilitan la asignaci\u00f3n de plazas a docentes que no cumplen con los requisitos m\u00ednimos, debilitando el modelo de educaci\u00f3n intercultural.<\/p>\n\n\n\n<p>Otro tema destacado fue la exclusi\u00f3n de la EIB en el Plan Estrat\u00e9gico Institucional (PEI) del Ministerio, aprobado bajo la RM N.\u00ba 650-2024-Minedu. Seg\u00fan AIDESEP, este documento estrat\u00e9gico no considera la Pol\u00edtica Sectorial de Educaci\u00f3n Intercultural Biling\u00fce, a pesar de estar vigente desde 2016, lo que calificaron como un atentado contra los derechos educativos de las comunidades ind\u00edgenas.<\/p>\n\n\n\n<p>En respuesta, la organizaci\u00f3n anunci\u00f3 la presentaci\u00f3n de una demanda constitucional contra el Minedu y reiter\u00f3 su llamado a la sociedad civil, organismos internacionales y organizaciones ind\u00edgenas a unirse en defensa de la EIB. Recordaron que este derecho est\u00e1 respaldado por el Convenio 169 de la OIT y la Constituci\u00f3n peruana.<\/p>\n\n\n\n<p>El pronunciamiento de AIDESEP refleja una creciente preocupaci\u00f3n por el debilitamiento de la EIB en el Per\u00fa, considerada fundamental para preservar la identidad cultural y garantizar una educaci\u00f3n inclusiva y justa para las comunidades ind\u00edgenas del pa\u00eds.<\/p>","protected":false},"excerpt":{"rendered":"<p>AIDESEP denuncia sistem\u00e1tico ataque contra la educaci\u00f3n intercultural bilingue La Asociaci\u00f3n Inter\u00e9tnica de Desarrollo de la Selva Peruana (AIDESEP), que representa a nueve organizaciones regionales, 109 federaciones y 2,439 comunidades nativas, ha denunciado lo que considera un sistem\u00e1tico ataque contra la Educaci\u00f3n Intercultural Biling\u00fce (EIB). En un reciente pronunciamiento, la organizaci\u00f3n acus\u00f3 al Ministerio de [&hellip;]<\/p>\n","protected":false},"author":7,"featured_media":3541,"comment_status":"open","ping_status":"open","sticky":false,"template":"","format":"standard","meta":{"footnotes":""},"categories":[183,815,393,808,810],"tags":[2012,2014,582,2013],"class_list":["post-3538","post","type-post","status-publish","format-standard","has-post-thumbnail","hentry","category-actualidad","category-costumbre-y-tradiciones","category-cultura","category-educacion","category-regional","tag-aidesep","tag-bilingue","tag-educacion","tag-intercultural"],"yoast_head":"<!-- This site is optimized with the Yoast SEO plugin v27.4 - https:\/\/yoast.com\/product\/yoast-seo-wordpress\/ -->\n<title>Organizaciones ind\u00edgenas denuncian graves ataques contra la Educaci\u00f3n Intercultural Biling\u00fce en el Per\u00fa - Pulso27<\/title>\n<meta name=\"robots\" content=\"index, follow, max-snippet:-1, max-image-preview:large, max-video-preview:-1\" \/>\n<link rel=\"canonical\" href=\"https:\/\/pulso27.com\/en\/actualidad\/organizaciones-indigenas-denuncian-graves-ataques-contra-la-educacion-intercultural-bilingue-en-el-peru\/\" \/>\n<meta property=\"og:locale\" content=\"en_US\" \/>\n<meta property=\"og:type\" content=\"article\" \/>\n<meta property=\"og:title\" content=\"Organizaciones ind\u00edgenas denuncian graves ataques contra la Educaci\u00f3n Intercultural Biling\u00fce en el Per\u00fa - Pulso27\" \/>\n<meta property=\"og:description\" content=\"AIDESEP denuncia sistem\u00e1tico ataque contra la educaci\u00f3n intercultural bilingue La Asociaci\u00f3n Inter\u00e9tnica de Desarrollo de la Selva Peruana (AIDESEP), que representa a nueve organizaciones regionales, 109 federaciones y 2,439 comunidades nativas, ha denunciado lo que considera un sistem\u00e1tico ataque contra la Educaci\u00f3n Intercultural Biling\u00fce (EIB). En un reciente pronunciamiento, la organizaci\u00f3n acus\u00f3 al Ministerio de [&hellip;]\" \/>\n<meta property=\"og:url\" content=\"https:\/\/pulso27.com\/en\/actualidad\/organizaciones-indigenas-denuncian-graves-ataques-contra-la-educacion-intercultural-bilingue-en-el-peru\/\" \/>\n<meta property=\"og:site_name\" content=\"Pulso27\" \/>\n<meta property=\"article:publisher\" content=\"https:\/\/www.facebook.com\/pulso27\/\" \/>\n<meta property=\"article:published_time\" content=\"2025-01-13T05:31:57+00:00\" \/>\n<meta property=\"article:modified_time\" content=\"2025-01-13T05:32:01+00:00\" \/>\n<meta property=\"og:image\" content=\"https:\/\/pulso27.com\/wp-content\/uploads\/2025\/01\/AIDESEP.png\" \/>\n\t<meta property=\"og:image:width\" content=\"1200\" \/>\n\t<meta property=\"og:image:height\" content=\"768\" \/>\n\t<meta property=\"og:image:type\" content=\"image\/png\" \/>\n<meta name=\"author\" content=\"Tupaq\" \/>\n<meta name=\"twitter:card\" content=\"summary_large_image\" \/>\n<meta name=\"twitter:creator\" content=\"@Pulso_27\" \/>\n<meta name=\"twitter:site\" content=\"@Pulso_27\" \/>\n<meta name=\"twitter:label1\" content=\"Written by\" \/>\n\t<meta name=\"twitter:data1\" content=\"Tupaq\" \/>\n\t<meta name=\"twitter:label2\" content=\"Est. reading time\" \/>\n\t<meta name=\"twitter:data2\" content=\"4 minutes\" \/>\n<script type=\"application\/ld+json\" class=\"yoast-schema-graph\">{\"@context\":\"https:\\\/\\\/schema.org\",\"@graph\":[{\"@type\":\"Article\",\"@id\":\"https:\\\/\\\/pulso27.com\\\/actualidad\\\/organizaciones-indigenas-denuncian-graves-ataques-contra-la-educacion-intercultural-bilingue-en-el-peru\\\/#article\",\"isPartOf\":{\"@id\":\"https:\\\/\\\/pulso27.com\\\/actualidad\\\/organizaciones-indigenas-denuncian-graves-ataques-contra-la-educacion-intercultural-bilingue-en-el-peru\\\/\"},\"author\":{\"name\":\"Tupaq\",\"@id\":\"https:\\\/\\\/pulso27.com\\\/en\\\/#\\\/schema\\\/person\\\/d20fd7f5bc7f2e53fd150d43fca07a78\"},\"headline\":\"Organizaciones ind\u00edgenas denuncian graves ataques contra la Educaci\u00f3n Intercultural Biling\u00fce en el Per\u00fa\",\"datePublished\":\"2025-01-13T05:31:57+00:00\",\"dateModified\":\"2025-01-13T05:32:01+00:00\",\"mainEntityOfPage\":{\"@id\":\"https:\\\/\\\/pulso27.com\\\/actualidad\\\/organizaciones-indigenas-denuncian-graves-ataques-contra-la-educacion-intercultural-bilingue-en-el-peru\\\/\"},\"wordCount\":702,\"commentCount\":0,\"publisher\":{\"@id\":\"https:\\\/\\\/pulso27.com\\\/en\\\/#organization\"},\"image\":{\"@id\":\"https:\\\/\\\/pulso27.com\\\/actualidad\\\/organizaciones-indigenas-denuncian-graves-ataques-contra-la-educacion-intercultural-bilingue-en-el-peru\\\/#primaryimage\"},\"thumbnailUrl\":\"https:\\\/\\\/pulso27.com\\\/wp-content\\\/uploads\\\/2025\\\/01\\\/AIDESEP.png\",\"keywords\":[\"AIDESEP\",\"Bilingue\",\"Educaci\u00f3n\",\"Intercultural\"],\"articleSection\":[\"Actualidad\",\"Costumbre y tradiciones\",\"Cultura\",\"Educaci\u00f3n\",\"Regional\"],\"inLanguage\":\"en-US\",\"potentialAction\":[{\"@type\":\"CommentAction\",\"name\":\"Comment\",\"target\":[\"https:\\\/\\\/pulso27.com\\\/actualidad\\\/organizaciones-indigenas-denuncian-graves-ataques-contra-la-educacion-intercultural-bilingue-en-el-peru\\\/#respond\"]}]},{\"@type\":\"WebPage\",\"@id\":\"https:\\\/\\\/pulso27.com\\\/actualidad\\\/organizaciones-indigenas-denuncian-graves-ataques-contra-la-educacion-intercultural-bilingue-en-el-peru\\\/\",\"url\":\"https:\\\/\\\/pulso27.com\\\/actualidad\\\/organizaciones-indigenas-denuncian-graves-ataques-contra-la-educacion-intercultural-bilingue-en-el-peru\\\/\",\"name\":\"Organizaciones ind\u00edgenas denuncian graves ataques contra la Educaci\u00f3n Intercultural Biling\u00fce en el Per\u00fa - Pulso27\",\"isPartOf\":{\"@id\":\"https:\\\/\\\/pulso27.com\\\/en\\\/#website\"},\"primaryImageOfPage\":{\"@id\":\"https:\\\/\\\/pulso27.com\\\/actualidad\\\/organizaciones-indigenas-denuncian-graves-ataques-contra-la-educacion-intercultural-bilingue-en-el-peru\\\/#primaryimage\"},\"image\":{\"@id\":\"https:\\\/\\\/pulso27.com\\\/actualidad\\\/organizaciones-indigenas-denuncian-graves-ataques-contra-la-educacion-intercultural-bilingue-en-el-peru\\\/#primaryimage\"},\"thumbnailUrl\":\"https:\\\/\\\/pulso27.com\\\/wp-content\\\/uploads\\\/2025\\\/01\\\/AIDESEP.png\",\"datePublished\":\"2025-01-13T05:31:57+00:00\",\"dateModified\":\"2025-01-13T05:32:01+00:00\",\"breadcrumb\":{\"@id\":\"https:\\\/\\\/pulso27.com\\\/actualidad\\\/organizaciones-indigenas-denuncian-graves-ataques-contra-la-educacion-intercultural-bilingue-en-el-peru\\\/#breadcrumb\"},\"inLanguage\":\"en-US\",\"potentialAction\":[{\"@type\":\"ReadAction\",\"target\":[\"https:\\\/\\\/pulso27.com\\\/actualidad\\\/organizaciones-indigenas-denuncian-graves-ataques-contra-la-educacion-intercultural-bilingue-en-el-peru\\\/\"]}]},{\"@type\":\"ImageObject\",\"inLanguage\":\"en-US\",\"@id\":\"https:\\\/\\\/pulso27.com\\\/actualidad\\\/organizaciones-indigenas-denuncian-graves-ataques-contra-la-educacion-intercultural-bilingue-en-el-peru\\\/#primaryimage\",\"url\":\"https:\\\/\\\/pulso27.com\\\/wp-content\\\/uploads\\\/2025\\\/01\\\/AIDESEP.png\",\"contentUrl\":\"https:\\\/\\\/pulso27.com\\\/wp-content\\\/uploads\\\/2025\\\/01\\\/AIDESEP.png\",\"width\":1200,\"height\":768},{\"@type\":\"BreadcrumbList\",\"@id\":\"https:\\\/\\\/pulso27.com\\\/actualidad\\\/organizaciones-indigenas-denuncian-graves-ataques-contra-la-educacion-intercultural-bilingue-en-el-peru\\\/#breadcrumb\",\"itemListElement\":[{\"@type\":\"ListItem\",\"position\":1,\"name\":\"Portada\",\"item\":\"https:\\\/\\\/pulso27.com\\\/\"},{\"@type\":\"ListItem\",\"position\":2,\"name\":\"Organizaciones ind\u00edgenas denuncian graves ataques contra la Educaci\u00f3n Intercultural Biling\u00fce en el Per\u00fa\"}]},{\"@type\":\"WebSite\",\"@id\":\"https:\\\/\\\/pulso27.com\\\/en\\\/#website\",\"url\":\"https:\\\/\\\/pulso27.com\\\/en\\\/\",\"name\":\"Pulso27\",\"description\":\"Web de noticias y publicidad\",\"publisher\":{\"@id\":\"https:\\\/\\\/pulso27.com\\\/en\\\/#organization\"},\"alternateName\":\"El pulso del pueblo\",\"potentialAction\":[{\"@type\":\"SearchAction\",\"target\":{\"@type\":\"EntryPoint\",\"urlTemplate\":\"https:\\\/\\\/pulso27.com\\\/en\\\/?s={search_term_string}\"},\"query-input\":{\"@type\":\"PropertyValueSpecification\",\"valueRequired\":true,\"valueName\":\"search_term_string\"}}],\"inLanguage\":\"en-US\"},{\"@type\":\"Organization\",\"@id\":\"https:\\\/\\\/pulso27.com\\\/en\\\/#organization\",\"name\":\"Pulso27\",\"url\":\"https:\\\/\\\/pulso27.com\\\/en\\\/\",\"logo\":{\"@type\":\"ImageObject\",\"inLanguage\":\"en-US\",\"@id\":\"https:\\\/\\\/pulso27.com\\\/en\\\/#\\\/schema\\\/logo\\\/image\\\/\",\"url\":\"https:\\\/\\\/pulso27.com\\\/wp-content\\\/uploads\\\/2026\\\/02\\\/Logotipo-de-la-organizacion-696-x-696-px-ok.png\",\"contentUrl\":\"https:\\\/\\\/pulso27.com\\\/wp-content\\\/uploads\\\/2026\\\/02\\\/Logotipo-de-la-organizacion-696-x-696-px-ok.png\",\"width\":696,\"height\":696,\"caption\":\"Pulso27\"},\"image\":{\"@id\":\"https:\\\/\\\/pulso27.com\\\/en\\\/#\\\/schema\\\/logo\\\/image\\\/\"},\"sameAs\":[\"https:\\\/\\\/www.facebook.com\\\/pulso27\\\/\",\"https:\\\/\\\/x.com\\\/Pulso_27\",\"https:\\\/\\\/www.youtube.com\\\/@Pulso27\",\"https:\\\/\\\/www.tiktok.com\\\/@pulso_27\"]},{\"@type\":\"Person\",\"@id\":\"https:\\\/\\\/pulso27.com\\\/en\\\/#\\\/schema\\\/person\\\/d20fd7f5bc7f2e53fd150d43fca07a78\",\"name\":\"Tupaq\",\"image\":{\"@type\":\"ImageObject\",\"inLanguage\":\"en-US\",\"@id\":\"https:\\\/\\\/secure.gravatar.com\\\/avatar\\\/7929e9b034aeea560319a601e4f04c59eb5f45a79eafe192adabb67e9604e7e7?s=96&d=mm&r=g\",\"url\":\"https:\\\/\\\/secure.gravatar.com\\\/avatar\\\/7929e9b034aeea560319a601e4f04c59eb5f45a79eafe192adabb67e9604e7e7?s=96&d=mm&r=g\",\"contentUrl\":\"https:\\\/\\\/secure.gravatar.com\\\/avatar\\\/7929e9b034aeea560319a601e4f04c59eb5f45a79eafe192adabb67e9604e7e7?s=96&d=mm&r=g\",\"caption\":\"Tupaq\"},\"url\":\"https:\\\/\\\/pulso27.com\\\/en\\\/author\\\/tupaq\\\/\"}]}<\/script>\n<!-- \/ Yoast SEO plugin. -->","yoast_head_json":{"title":"Organizaciones ind\u00edgenas denuncian graves ataques contra la Educaci\u00f3n Intercultural Biling\u00fce en el Per\u00fa - Pulso27","robots":{"index":"index","follow":"follow","max-snippet":"max-snippet:-1","max-image-preview":"max-image-preview:large","max-video-preview":"max-video-preview:-1"},"canonical":"https:\/\/pulso27.com\/en\/actualidad\/organizaciones-indigenas-denuncian-graves-ataques-contra-la-educacion-intercultural-bilingue-en-el-peru\/","og_locale":"en_US","og_type":"article","og_title":"Organizaciones ind\u00edgenas denuncian graves ataques contra la Educaci\u00f3n Intercultural Biling\u00fce en el Per\u00fa - Pulso27","og_description":"AIDESEP denuncia sistem\u00e1tico ataque contra la educaci\u00f3n intercultural bilingue La Asociaci\u00f3n Inter\u00e9tnica de Desarrollo de la Selva Peruana (AIDESEP), que representa a nueve organizaciones regionales, 109 federaciones y 2,439 comunidades nativas, ha denunciado lo que considera un sistem\u00e1tico ataque contra la Educaci\u00f3n Intercultural Biling\u00fce (EIB). En un reciente pronunciamiento, la organizaci\u00f3n acus\u00f3 al Ministerio de [&hellip;]","og_url":"https:\/\/pulso27.com\/en\/actualidad\/organizaciones-indigenas-denuncian-graves-ataques-contra-la-educacion-intercultural-bilingue-en-el-peru\/","og_site_name":"Pulso27","article_publisher":"https:\/\/www.facebook.com\/pulso27\/","article_published_time":"2025-01-13T05:31:57+00:00","article_modified_time":"2025-01-13T05:32:01+00:00","og_image":[{"width":1200,"height":768,"url":"https:\/\/pulso27.com\/wp-content\/uploads\/2025\/01\/AIDESEP.png","type":"image\/png"}],"author":"Tupaq","twitter_card":"summary_large_image","twitter_creator":"@Pulso_27","twitter_site":"@Pulso_27","twitter_misc":{"Written by":"Tupaq","Est. reading time":"4 minutes"},"schema":{"@context":"https:\/\/schema.org","@graph":[{"@type":"Article","@id":"https:\/\/pulso27.com\/actualidad\/organizaciones-indigenas-denuncian-graves-ataques-contra-la-educacion-intercultural-bilingue-en-el-peru\/#article","isPartOf":{"@id":"https:\/\/pulso27.com\/actualidad\/organizaciones-indigenas-denuncian-graves-ataques-contra-la-educacion-intercultural-bilingue-en-el-peru\/"},"author":{"name":"Tupaq","@id":"https:\/\/pulso27.com\/en\/#\/schema\/person\/d20fd7f5bc7f2e53fd150d43fca07a78"},"headline":"Organizaciones ind\u00edgenas denuncian graves ataques contra la Educaci\u00f3n Intercultural Biling\u00fce en el Per\u00fa","datePublished":"2025-01-13T05:31:57+00:00","dateModified":"2025-01-13T05:32:01+00:00","mainEntityOfPage":{"@id":"https:\/\/pulso27.com\/actualidad\/organizaciones-indigenas-denuncian-graves-ataques-contra-la-educacion-intercultural-bilingue-en-el-peru\/"},"wordCount":702,"commentCount":0,"publisher":{"@id":"https:\/\/pulso27.com\/en\/#organization"},"image":{"@id":"https:\/\/pulso27.com\/actualidad\/organizaciones-indigenas-denuncian-graves-ataques-contra-la-educacion-intercultural-bilingue-en-el-peru\/#primaryimage"},"thumbnailUrl":"https:\/\/pulso27.com\/wp-content\/uploads\/2025\/01\/AIDESEP.png","keywords":["AIDESEP","Bilingue","Educaci\u00f3n","Intercultural"],"articleSection":["Actualidad","Costumbre y tradiciones","Cultura","Educaci\u00f3n","Regional"],"inLanguage":"en-US","potentialAction":[{"@type":"CommentAction","name":"Comment","target":["https:\/\/pulso27.com\/actualidad\/organizaciones-indigenas-denuncian-graves-ataques-contra-la-educacion-intercultural-bilingue-en-el-peru\/#respond"]}]},{"@type":"WebPage","@id":"https:\/\/pulso27.com\/actualidad\/organizaciones-indigenas-denuncian-graves-ataques-contra-la-educacion-intercultural-bilingue-en-el-peru\/","url":"https:\/\/pulso27.com\/actualidad\/organizaciones-indigenas-denuncian-graves-ataques-contra-la-educacion-intercultural-bilingue-en-el-peru\/","name":"Organizaciones ind\u00edgenas denuncian graves ataques contra la Educaci\u00f3n Intercultural Biling\u00fce en el Per\u00fa - Pulso27","isPartOf":{"@id":"https:\/\/pulso27.com\/en\/#website"},"primaryImageOfPage":{"@id":"https:\/\/pulso27.com\/actualidad\/organizaciones-indigenas-denuncian-graves-ataques-contra-la-educacion-intercultural-bilingue-en-el-peru\/#primaryimage"},"image":{"@id":"https:\/\/pulso27.com\/actualidad\/organizaciones-indigenas-denuncian-graves-ataques-contra-la-educacion-intercultural-bilingue-en-el-peru\/#primaryimage"},"thumbnailUrl":"https:\/\/pulso27.com\/wp-content\/uploads\/2025\/01\/AIDESEP.png","datePublished":"2025-01-13T05:31:57+00:00","dateModified":"2025-01-13T05:32:01+00:00","breadcrumb":{"@id":"https:\/\/pulso27.com\/actualidad\/organizaciones-indigenas-denuncian-graves-ataques-contra-la-educacion-intercultural-bilingue-en-el-peru\/#breadcrumb"},"inLanguage":"en-US","potentialAction":[{"@type":"ReadAction","target":["https:\/\/pulso27.com\/actualidad\/organizaciones-indigenas-denuncian-graves-ataques-contra-la-educacion-intercultural-bilingue-en-el-peru\/"]}]},{"@type":"ImageObject","inLanguage":"en-US","@id":"https:\/\/pulso27.com\/actualidad\/organizaciones-indigenas-denuncian-graves-ataques-contra-la-educacion-intercultural-bilingue-en-el-peru\/#primaryimage","url":"https:\/\/pulso27.com\/wp-content\/uploads\/2025\/01\/AIDESEP.png","contentUrl":"https:\/\/pulso27.com\/wp-content\/uploads\/2025\/01\/AIDESEP.png","width":1200,"height":768},{"@type":"BreadcrumbList","@id":"https:\/\/pulso27.com\/actualidad\/organizaciones-indigenas-denuncian-graves-ataques-contra-la-educacion-intercultural-bilingue-en-el-peru\/#breadcrumb","itemListElement":[{"@type":"ListItem","position":1,"name":"Portada","item":"https:\/\/pulso27.com\/"},{"@type":"ListItem","position":2,"name":"Organizaciones ind\u00edgenas denuncian graves ataques contra la Educaci\u00f3n Intercultural Biling\u00fce en el Per\u00fa"}]},{"@type":"WebSite","@id":"https:\/\/pulso27.com\/en\/#website","url":"https:\/\/pulso27.com\/en\/","name":"Pulso27","description":"Web de noticias y publicidad","publisher":{"@id":"https:\/\/pulso27.com\/en\/#organization"},"alternateName":"El pulso del pueblo","potentialAction":[{"@type":"SearchAction","target":{"@type":"EntryPoint","urlTemplate":"https:\/\/pulso27.com\/en\/?s={search_term_string}"},"query-input":{"@type":"PropertyValueSpecification","valueRequired":true,"valueName":"search_term_string"}}],"inLanguage":"en-US"},{"@type":"Organization","@id":"https:\/\/pulso27.com\/en\/#organization","name":"Pulso27","url":"https:\/\/pulso27.com\/en\/","logo":{"@type":"ImageObject","inLanguage":"en-US","@id":"https:\/\/pulso27.com\/en\/#\/schema\/logo\/image\/","url":"https:\/\/pulso27.com\/wp-content\/uploads\/2026\/02\/Logotipo-de-la-organizacion-696-x-696-px-ok.png","contentUrl":"https:\/\/pulso27.com\/wp-content\/uploads\/2026\/02\/Logotipo-de-la-organizacion-696-x-696-px-ok.png","width":696,"height":696,"caption":"Pulso27"},"image":{"@id":"https:\/\/pulso27.com\/en\/#\/schema\/logo\/image\/"},"sameAs":["https:\/\/www.facebook.com\/pulso27\/","https:\/\/x.com\/Pulso_27","https:\/\/www.youtube.com\/@Pulso27","https:\/\/www.tiktok.com\/@pulso_27"]},{"@type":"Person","@id":"https:\/\/pulso27.com\/en\/#\/schema\/person\/d20fd7f5bc7f2e53fd150d43fca07a78","name":"Tupaq","image":{"@type":"ImageObject","inLanguage":"en-US","@id":"https:\/\/secure.gravatar.com\/avatar\/7929e9b034aeea560319a601e4f04c59eb5f45a79eafe192adabb67e9604e7e7?s=96&d=mm&r=g","url":"https:\/\/secure.gravatar.com\/avatar\/7929e9b034aeea560319a601e4f04c59eb5f45a79eafe192adabb67e9604e7e7?s=96&d=mm&r=g","contentUrl":"https:\/\/secure.gravatar.com\/avatar\/7929e9b034aeea560319a601e4f04c59eb5f45a79eafe192adabb67e9604e7e7?s=96&d=mm&r=g","caption":"Tupaq"},"url":"https:\/\/pulso27.com\/en\/author\/tupaq\/"}]}},"amp_enabled":true,"_links":{"self":[{"href":"https:\/\/pulso27.com\/en\/wp-json\/wp\/v2\/posts\/3538","targetHints":{"allow":["GET"]}}],"collection":[{"href":"https:\/\/pulso27.com\/en\/wp-json\/wp\/v2\/posts"}],"about":[{"href":"https:\/\/pulso27.com\/en\/wp-json\/wp\/v2\/types\/post"}],"author":[{"embeddable":true,"href":"https:\/\/pulso27.com\/en\/wp-json\/wp\/v2\/users\/7"}],"replies":[{"embeddable":true,"href":"https:\/\/pulso27.com\/en\/wp-json\/wp\/v2\/comments?post=3538"}],"version-history":[{"count":1,"href":"https:\/\/pulso27.com\/en\/wp-json\/wp\/v2\/posts\/3538\/revisions"}],"predecessor-version":[{"id":3542,"href":"https:\/\/pulso27.com\/en\/wp-json\/wp\/v2\/posts\/3538\/revisions\/3542"}],"wp:featuredmedia":[{"embeddable":true,"href":"https:\/\/pulso27.com\/en\/wp-json\/wp\/v2\/media\/3541"}],"wp:attachment":[{"href":"https:\/\/pulso27.com\/en\/wp-json\/wp\/v2\/media?parent=3538"}],"wp:term":[{"taxonomy":"category","embeddable":true,"href":"https:\/\/pulso27.com\/en\/wp-json\/wp\/v2\/categories?post=3538"},{"taxonomy":"post_tag","embeddable":true,"href":"https:\/\/pulso27.com\/en\/wp-json\/wp\/v2\/tags?post=3538"}],"curies":[{"name":"wp","href":"https:\/\/api.w.org\/{rel}","templated":true}]}}