{"id":3576,"date":"2025-01-15T03:47:53","date_gmt":"2025-01-14T22:47:53","guid":{"rendered":"https:\/\/pulso27.com\/?p=3576"},"modified":"2025-01-15T03:52:19","modified_gmt":"2025-01-14T22:52:19","slug":"pachacutec-clama-justicia-vecinos-exigen-cumplimiento-de-la-ley-de-distritalizacion-a-presidencia-del-consejo-de-ministros","status":"publish","type":"post","link":"https:\/\/pulso27.com\/en\/actualidad\/pachacutec-clama-justicia-vecinos-exigen-cumplimiento-de-la-ley-de-distritalizacion-a-presidencia-del-consejo-de-ministros\/","title":{"rendered":"Pachac\u00fatec clama justicia: Vecinos exigen cumplimiento de la Ley de Distritalizaci\u00f3n a la Presidencia del Consejo de Ministros"},"content":{"rendered":"<p>Los dirigentes de la Comisi\u00f3n Macro Distrito Pachac\u00fatec, ubicado en Callao &#8211; Lima, han intensificado sus gestiones ante la Presidencia del Consejo de Ministros (PCM) para concretar la creaci\u00f3n del distrito de Pachac\u00fatec, un proceso que ya suma ocho a\u00f1os de espera pese a contar con respaldo legal mediante la Ley N\u00b0 31176.<\/p>\n\n\n\n<p>Con el apoyo decidido de la congresista Margot Palacios, los representantes vecinales presentaron una solicitud formal para obtener un informe detallado sobre el estado del Expediente N\u00b0 2024-0074844, actualmente en la Secretar\u00eda de Demarcaci\u00f3n Territorial de la PCM. Asimismo, han demandado una reuni\u00f3n t\u00e9cnica urgente con el Viceministro de Gobernanza, con el objetivo de acelerar la revisi\u00f3n y aprobaci\u00f3n del proyecto de distritalizaci\u00f3n.<\/p>\n\n\n\n<figure class=\"wp-block-image size-large\"><img loading=\"lazy\" decoding=\"async\" width=\"1024\" height=\"532\" src=\"https:\/\/pulso27.com\/wp-content\/uploads\/2025\/01\/image-38-1024x532.png\" alt=\"\" class=\"wp-image-3583\" srcset=\"https:\/\/pulso27.com\/wp-content\/uploads\/2025\/01\/image-38-1024x532.png 1024w, https:\/\/pulso27.com\/wp-content\/uploads\/2025\/01\/image-38-300x156.png 300w, https:\/\/pulso27.com\/wp-content\/uploads\/2025\/01\/image-38-768x399.png 768w, https:\/\/pulso27.com\/wp-content\/uploads\/2025\/01\/image-38-18x9.png 18w, https:\/\/pulso27.com\/wp-content\/uploads\/2025\/01\/image-38.png 1300w\" sizes=\"auto, (max-width: 1024px) 100vw, 1024px\" \/><figcaption class=\"wp-element-caption\"><em>Pachacutec, actualmente forma parte del distrito de Ventanilla, provincia de Callao (Lima)<\/em><\/figcaption><\/figure>\n\n\n\n<p>\u00abLa burocracia no puede ser un freno para el progreso de Pachac\u00fatec. Exigimos que se cumpla lo establecido en la Ley N\u00b0 31176 y que se reconozca el esfuerzo de nuestra comunidad, que ha cumplido con todos los requisitos exigidos\u00bb, manifestaron los dirigentes, quienes representan a la Comisi\u00f3n Macro Distrito Pachac\u00fatec, organizaci\u00f3n formalizada bajo la Partida Registral N\u00b0 70582856.<\/p>\n\n\n\n<p>El apoyo de Palacios es clave en la articulaci\u00f3n de estas gestiones. La parlamentaria, reconocida por su defensa de las comunidades campesinas y pueblos originarios, ha solicitado a las autoridades del Ejecutivo priorizar este caso, se\u00f1alando que la creaci\u00f3n del distrito de Pachac\u00fatec no solo es un acto de justicia administrativa, sino tambi\u00e9n una herramienta para mejorar la calidad de vida de sus habitantes.<\/p>\n\n\n\n<p>La poblaci\u00f3n de esta importante zona, que ha experimentado un significativo crecimiento en los \u00faltimos a\u00f1os, demanda que el nuevo distrito permita optimizar la gesti\u00f3n de recursos p\u00fablicos y brindar soluciones concretas a sus necesidades. Sin embargo, la persistente demora en los tr\u00e1mites ha generado una creciente preocupaci\u00f3n.<\/p>\n\n\n\n<figure class=\"wp-block-image size-full is-resized\"><img loading=\"lazy\" decoding=\"async\" width=\"720\" height=\"405\" src=\"https:\/\/pulso27.com\/wp-content\/uploads\/2025\/01\/image-37-edited.png\" alt=\"\" class=\"wp-image-3585\" style=\"width:740px;height:auto\" srcset=\"https:\/\/pulso27.com\/wp-content\/uploads\/2025\/01\/image-37-edited.png 720w, https:\/\/pulso27.com\/wp-content\/uploads\/2025\/01\/image-37-edited-300x169.png 300w, https:\/\/pulso27.com\/wp-content\/uploads\/2025\/01\/image-37-edited-18x10.png 18w\" sizes=\"auto, (max-width: 720px) 100vw, 720px\" \/><figcaption class=\"wp-element-caption\"><em>Dirigentes luego de reuni\u00f3n de trabajo realizado en la Presidencia del Consejo de Ministros<\/em><\/figcaption><\/figure>\n\n\n\n<p>En caso de no recibir una respuesta satisfactoria esta semana, los dirigentes no descartan convocar a movilizaciones pac\u00edficas para hacer valer sus derechos. Han llamado a los vecinos a mantenerse atentos y unidos en esta lucha por el desarrollo y reconocimiento administrativo de Pachac\u00fatec.<\/p>\n\n\n\n<p>El proyecto de distritalizaci\u00f3n no solo representa un avance estructural para la zona, sino tambi\u00e9n un s\u00edmbolo de dignidad y esfuerzo colectivo por alcanzar mejores oportunidades para sus m\u00e1s de 150 mil habitantes.<\/p>","protected":false},"excerpt":{"rendered":"<p>Los dirigentes de la Comisi\u00f3n Macro Distrito Pachac\u00fatec, ubicado en Callao &#8211; Lima, han intensificado sus gestiones ante la Presidencia del Consejo de Ministros (PCM) para concretar la creaci\u00f3n del distrito de Pachac\u00fatec, un proceso que ya suma ocho a\u00f1os de espera pese a contar con respaldo legal mediante la Ley N\u00b0 31176. Con el [&hellip;]<\/p>\n","protected":false},"author":10,"featured_media":3578,"comment_status":"open","ping_status":"open","sticky":false,"template":"","format":"standard","meta":{"footnotes":""},"categories":[183,180,810],"tags":[2025,2027,2026],"class_list":["post-3576","post","type-post","status-publish","format-standard","has-post-thumbnail","hentry","category-actualidad","category-politica","category-regional","tag-callao","tag-distritalizacion","tag-pachacutec"],"yoast_head":"<!-- This site is optimized with the Yoast SEO plugin v27.4 - https:\/\/yoast.com\/product\/yoast-seo-wordpress\/ -->\n<title>Pachac\u00fatec clama justicia: Vecinos exigen cumplimiento de la Ley de Distritalizaci\u00f3n a la Presidencia del Consejo de Ministros - Pulso27<\/title>\n<meta name=\"robots\" content=\"index, follow, max-snippet:-1, max-image-preview:large, max-video-preview:-1\" \/>\n<link rel=\"canonical\" href=\"https:\/\/pulso27.com\/en\/actualidad\/politica\/pachacutec-clama-justicia-vecinos-exigen-cumplimiento-de-la-ley-de-distritalizacion-a-presidencia-del-consejo-de-ministros\/\" \/>\n<meta property=\"og:locale\" content=\"en_US\" \/>\n<meta property=\"og:type\" content=\"article\" \/>\n<meta property=\"og:title\" content=\"Pachac\u00fatec clama justicia: Vecinos exigen cumplimiento de la Ley de Distritalizaci\u00f3n a la Presidencia del Consejo de Ministros - Pulso27\" \/>\n<meta property=\"og:description\" content=\"Los dirigentes de la Comisi\u00f3n Macro Distrito Pachac\u00fatec, ubicado en Callao &#8211; Lima, han intensificado sus gestiones ante la Presidencia del Consejo de Ministros (PCM) para concretar la creaci\u00f3n del distrito de Pachac\u00fatec, un proceso que ya suma ocho a\u00f1os de espera pese a contar con respaldo legal mediante la Ley N\u00b0 31176. Con el [&hellip;]\" \/>\n<meta property=\"og:url\" content=\"https:\/\/pulso27.com\/en\/actualidad\/politica\/pachacutec-clama-justicia-vecinos-exigen-cumplimiento-de-la-ley-de-distritalizacion-a-presidencia-del-consejo-de-ministros\/\" \/>\n<meta property=\"og:site_name\" content=\"Pulso27\" \/>\n<meta property=\"article:publisher\" content=\"https:\/\/www.facebook.com\/pulso27\/\" \/>\n<meta property=\"article:published_time\" content=\"2025-01-14T22:47:53+00:00\" \/>\n<meta property=\"article:modified_time\" content=\"2025-01-14T22:52:19+00:00\" \/>\n<meta property=\"og:image\" content=\"https:\/\/pulso27.com\/wp-content\/uploads\/2025\/01\/Pachacutec.png\" \/>\n\t<meta property=\"og:image:width\" content=\"1200\" \/>\n\t<meta property=\"og:image:height\" content=\"768\" \/>\n\t<meta property=\"og:image:type\" content=\"image\/png\" \/>\n<meta name=\"author\" content=\"El Muki\" \/>\n<meta name=\"twitter:card\" content=\"summary_large_image\" \/>\n<meta name=\"twitter:creator\" content=\"@Pulso_27\" \/>\n<meta name=\"twitter:site\" content=\"@Pulso_27\" \/>\n<meta name=\"twitter:label1\" content=\"Written by\" \/>\n\t<meta name=\"twitter:data1\" content=\"El Muki\" \/>\n\t<meta name=\"twitter:label2\" content=\"Est. reading time\" \/>\n\t<meta name=\"twitter:data2\" content=\"3 minutes\" \/>\n<script type=\"application\/ld+json\" class=\"yoast-schema-graph\">{\"@context\":\"https:\\\/\\\/schema.org\",\"@graph\":[{\"@type\":\"Article\",\"@id\":\"https:\\\/\\\/pulso27.com\\\/actualidad\\\/politica\\\/pachacutec-clama-justicia-vecinos-exigen-cumplimiento-de-la-ley-de-distritalizacion-a-presidencia-del-consejo-de-ministros\\\/#article\",\"isPartOf\":{\"@id\":\"https:\\\/\\\/pulso27.com\\\/actualidad\\\/politica\\\/pachacutec-clama-justicia-vecinos-exigen-cumplimiento-de-la-ley-de-distritalizacion-a-presidencia-del-consejo-de-ministros\\\/\"},\"author\":{\"name\":\"El Muki\",\"@id\":\"https:\\\/\\\/pulso27.com\\\/en\\\/#\\\/schema\\\/person\\\/a0930a7f318e7d9d83bd7cffed9f34f6\"},\"headline\":\"Pachac\u00fatec clama justicia: Vecinos exigen cumplimiento de la Ley de Distritalizaci\u00f3n a la Presidencia del Consejo de Ministros\",\"datePublished\":\"2025-01-14T22:47:53+00:00\",\"dateModified\":\"2025-01-14T22:52:19+00:00\",\"mainEntityOfPage\":{\"@id\":\"https:\\\/\\\/pulso27.com\\\/actualidad\\\/politica\\\/pachacutec-clama-justicia-vecinos-exigen-cumplimiento-de-la-ley-de-distritalizacion-a-presidencia-del-consejo-de-ministros\\\/\"},\"wordCount\":440,\"commentCount\":0,\"publisher\":{\"@id\":\"https:\\\/\\\/pulso27.com\\\/en\\\/#organization\"},\"image\":{\"@id\":\"https:\\\/\\\/pulso27.com\\\/actualidad\\\/politica\\\/pachacutec-clama-justicia-vecinos-exigen-cumplimiento-de-la-ley-de-distritalizacion-a-presidencia-del-consejo-de-ministros\\\/#primaryimage\"},\"thumbnailUrl\":\"https:\\\/\\\/pulso27.com\\\/wp-content\\\/uploads\\\/2025\\\/01\\\/Pachacutec.png\",\"keywords\":[\"Callao\",\"Distritalizaci\u00f3n\",\"Pachacutec\"],\"articleSection\":[\"Actualidad\",\"Pol\u00edtica\",\"Regional\"],\"inLanguage\":\"en-US\",\"potentialAction\":[{\"@type\":\"CommentAction\",\"name\":\"Comment\",\"target\":[\"https:\\\/\\\/pulso27.com\\\/actualidad\\\/politica\\\/pachacutec-clama-justicia-vecinos-exigen-cumplimiento-de-la-ley-de-distritalizacion-a-presidencia-del-consejo-de-ministros\\\/#respond\"]}]},{\"@type\":\"WebPage\",\"@id\":\"https:\\\/\\\/pulso27.com\\\/actualidad\\\/politica\\\/pachacutec-clama-justicia-vecinos-exigen-cumplimiento-de-la-ley-de-distritalizacion-a-presidencia-del-consejo-de-ministros\\\/\",\"url\":\"https:\\\/\\\/pulso27.com\\\/actualidad\\\/politica\\\/pachacutec-clama-justicia-vecinos-exigen-cumplimiento-de-la-ley-de-distritalizacion-a-presidencia-del-consejo-de-ministros\\\/\",\"name\":\"Pachac\u00fatec clama justicia: Vecinos exigen cumplimiento de la Ley de Distritalizaci\u00f3n a la Presidencia del Consejo de Ministros - Pulso27\",\"isPartOf\":{\"@id\":\"https:\\\/\\\/pulso27.com\\\/en\\\/#website\"},\"primaryImageOfPage\":{\"@id\":\"https:\\\/\\\/pulso27.com\\\/actualidad\\\/politica\\\/pachacutec-clama-justicia-vecinos-exigen-cumplimiento-de-la-ley-de-distritalizacion-a-presidencia-del-consejo-de-ministros\\\/#primaryimage\"},\"image\":{\"@id\":\"https:\\\/\\\/pulso27.com\\\/actualidad\\\/politica\\\/pachacutec-clama-justicia-vecinos-exigen-cumplimiento-de-la-ley-de-distritalizacion-a-presidencia-del-consejo-de-ministros\\\/#primaryimage\"},\"thumbnailUrl\":\"https:\\\/\\\/pulso27.com\\\/wp-content\\\/uploads\\\/2025\\\/01\\\/Pachacutec.png\",\"datePublished\":\"2025-01-14T22:47:53+00:00\",\"dateModified\":\"2025-01-14T22:52:19+00:00\",\"breadcrumb\":{\"@id\":\"https:\\\/\\\/pulso27.com\\\/actualidad\\\/politica\\\/pachacutec-clama-justicia-vecinos-exigen-cumplimiento-de-la-ley-de-distritalizacion-a-presidencia-del-consejo-de-ministros\\\/#breadcrumb\"},\"inLanguage\":\"en-US\",\"potentialAction\":[{\"@type\":\"ReadAction\",\"target\":[\"https:\\\/\\\/pulso27.com\\\/actualidad\\\/politica\\\/pachacutec-clama-justicia-vecinos-exigen-cumplimiento-de-la-ley-de-distritalizacion-a-presidencia-del-consejo-de-ministros\\\/\"]}]},{\"@type\":\"ImageObject\",\"inLanguage\":\"en-US\",\"@id\":\"https:\\\/\\\/pulso27.com\\\/actualidad\\\/politica\\\/pachacutec-clama-justicia-vecinos-exigen-cumplimiento-de-la-ley-de-distritalizacion-a-presidencia-del-consejo-de-ministros\\\/#primaryimage\",\"url\":\"https:\\\/\\\/pulso27.com\\\/wp-content\\\/uploads\\\/2025\\\/01\\\/Pachacutec.png\",\"contentUrl\":\"https:\\\/\\\/pulso27.com\\\/wp-content\\\/uploads\\\/2025\\\/01\\\/Pachacutec.png\",\"width\":1200,\"height\":768},{\"@type\":\"BreadcrumbList\",\"@id\":\"https:\\\/\\\/pulso27.com\\\/actualidad\\\/politica\\\/pachacutec-clama-justicia-vecinos-exigen-cumplimiento-de-la-ley-de-distritalizacion-a-presidencia-del-consejo-de-ministros\\\/#breadcrumb\",\"itemListElement\":[{\"@type\":\"ListItem\",\"position\":1,\"name\":\"Portada\",\"item\":\"https:\\\/\\\/pulso27.com\\\/\"},{\"@type\":\"ListItem\",\"position\":2,\"name\":\"Pachac\u00fatec clama justicia: Vecinos exigen cumplimiento de la Ley de Distritalizaci\u00f3n a la Presidencia del Consejo de Ministros\"}]},{\"@type\":\"WebSite\",\"@id\":\"https:\\\/\\\/pulso27.com\\\/en\\\/#website\",\"url\":\"https:\\\/\\\/pulso27.com\\\/en\\\/\",\"name\":\"Pulso27\",\"description\":\"Web de noticias y publicidad\",\"publisher\":{\"@id\":\"https:\\\/\\\/pulso27.com\\\/en\\\/#organization\"},\"alternateName\":\"El pulso del pueblo\",\"potentialAction\":[{\"@type\":\"SearchAction\",\"target\":{\"@type\":\"EntryPoint\",\"urlTemplate\":\"https:\\\/\\\/pulso27.com\\\/en\\\/?s={search_term_string}\"},\"query-input\":{\"@type\":\"PropertyValueSpecification\",\"valueRequired\":true,\"valueName\":\"search_term_string\"}}],\"inLanguage\":\"en-US\"},{\"@type\":\"Organization\",\"@id\":\"https:\\\/\\\/pulso27.com\\\/en\\\/#organization\",\"name\":\"Pulso27\",\"url\":\"https:\\\/\\\/pulso27.com\\\/en\\\/\",\"logo\":{\"@type\":\"ImageObject\",\"inLanguage\":\"en-US\",\"@id\":\"https:\\\/\\\/pulso27.com\\\/en\\\/#\\\/schema\\\/logo\\\/image\\\/\",\"url\":\"https:\\\/\\\/pulso27.com\\\/wp-content\\\/uploads\\\/2026\\\/02\\\/Logotipo-de-la-organizacion-696-x-696-px-ok.png\",\"contentUrl\":\"https:\\\/\\\/pulso27.com\\\/wp-content\\\/uploads\\\/2026\\\/02\\\/Logotipo-de-la-organizacion-696-x-696-px-ok.png\",\"width\":696,\"height\":696,\"caption\":\"Pulso27\"},\"image\":{\"@id\":\"https:\\\/\\\/pulso27.com\\\/en\\\/#\\\/schema\\\/logo\\\/image\\\/\"},\"sameAs\":[\"https:\\\/\\\/www.facebook.com\\\/pulso27\\\/\",\"https:\\\/\\\/x.com\\\/Pulso_27\",\"https:\\\/\\\/www.youtube.com\\\/@Pulso27\",\"https:\\\/\\\/www.tiktok.com\\\/@pulso_27\"]},{\"@type\":\"Person\",\"@id\":\"https:\\\/\\\/pulso27.com\\\/en\\\/#\\\/schema\\\/person\\\/a0930a7f318e7d9d83bd7cffed9f34f6\",\"name\":\"El Muki\",\"image\":{\"@type\":\"ImageObject\",\"inLanguage\":\"en-US\",\"@id\":\"https:\\\/\\\/secure.gravatar.com\\\/avatar\\\/dc91c2607c5eebda74cbb40d13031f489096c96ead89c4c30c17db262267b2b3?s=96&d=mm&r=g\",\"url\":\"https:\\\/\\\/secure.gravatar.com\\\/avatar\\\/dc91c2607c5eebda74cbb40d13031f489096c96ead89c4c30c17db262267b2b3?s=96&d=mm&r=g\",\"contentUrl\":\"https:\\\/\\\/secure.gravatar.com\\\/avatar\\\/dc91c2607c5eebda74cbb40d13031f489096c96ead89c4c30c17db262267b2b3?s=96&d=mm&r=g\",\"caption\":\"El Muki\"},\"sameAs\":[\"http:\\\/\\\/www.pulso27.com\"],\"url\":\"https:\\\/\\\/pulso27.com\\\/en\\\/author\\\/elcuervo\\\/\"}]}<\/script>\n<!-- \/ Yoast SEO plugin. -->","yoast_head_json":{"title":"Pachac\u00fatec clama justicia: Vecinos exigen cumplimiento de la Ley de Distritalizaci\u00f3n a la Presidencia del Consejo de Ministros - Pulso27","robots":{"index":"index","follow":"follow","max-snippet":"max-snippet:-1","max-image-preview":"max-image-preview:large","max-video-preview":"max-video-preview:-1"},"canonical":"https:\/\/pulso27.com\/en\/actualidad\/politica\/pachacutec-clama-justicia-vecinos-exigen-cumplimiento-de-la-ley-de-distritalizacion-a-presidencia-del-consejo-de-ministros\/","og_locale":"en_US","og_type":"article","og_title":"Pachac\u00fatec clama justicia: Vecinos exigen cumplimiento de la Ley de Distritalizaci\u00f3n a la Presidencia del Consejo de Ministros - Pulso27","og_description":"Los dirigentes de la Comisi\u00f3n Macro Distrito Pachac\u00fatec, ubicado en Callao &#8211; Lima, han intensificado sus gestiones ante la Presidencia del Consejo de Ministros (PCM) para concretar la creaci\u00f3n del distrito de Pachac\u00fatec, un proceso que ya suma ocho a\u00f1os de espera pese a contar con respaldo legal mediante la Ley N\u00b0 31176. Con el [&hellip;]","og_url":"https:\/\/pulso27.com\/en\/actualidad\/politica\/pachacutec-clama-justicia-vecinos-exigen-cumplimiento-de-la-ley-de-distritalizacion-a-presidencia-del-consejo-de-ministros\/","og_site_name":"Pulso27","article_publisher":"https:\/\/www.facebook.com\/pulso27\/","article_published_time":"2025-01-14T22:47:53+00:00","article_modified_time":"2025-01-14T22:52:19+00:00","og_image":[{"width":1200,"height":768,"url":"https:\/\/pulso27.com\/wp-content\/uploads\/2025\/01\/Pachacutec.png","type":"image\/png"}],"author":"El Muki","twitter_card":"summary_large_image","twitter_creator":"@Pulso_27","twitter_site":"@Pulso_27","twitter_misc":{"Written by":"El Muki","Est. reading time":"3 minutes"},"schema":{"@context":"https:\/\/schema.org","@graph":[{"@type":"Article","@id":"https:\/\/pulso27.com\/actualidad\/politica\/pachacutec-clama-justicia-vecinos-exigen-cumplimiento-de-la-ley-de-distritalizacion-a-presidencia-del-consejo-de-ministros\/#article","isPartOf":{"@id":"https:\/\/pulso27.com\/actualidad\/politica\/pachacutec-clama-justicia-vecinos-exigen-cumplimiento-de-la-ley-de-distritalizacion-a-presidencia-del-consejo-de-ministros\/"},"author":{"name":"El Muki","@id":"https:\/\/pulso27.com\/en\/#\/schema\/person\/a0930a7f318e7d9d83bd7cffed9f34f6"},"headline":"Pachac\u00fatec clama justicia: Vecinos exigen cumplimiento de la Ley de Distritalizaci\u00f3n a la Presidencia del Consejo de Ministros","datePublished":"2025-01-14T22:47:53+00:00","dateModified":"2025-01-14T22:52:19+00:00","mainEntityOfPage":{"@id":"https:\/\/pulso27.com\/actualidad\/politica\/pachacutec-clama-justicia-vecinos-exigen-cumplimiento-de-la-ley-de-distritalizacion-a-presidencia-del-consejo-de-ministros\/"},"wordCount":440,"commentCount":0,"publisher":{"@id":"https:\/\/pulso27.com\/en\/#organization"},"image":{"@id":"https:\/\/pulso27.com\/actualidad\/politica\/pachacutec-clama-justicia-vecinos-exigen-cumplimiento-de-la-ley-de-distritalizacion-a-presidencia-del-consejo-de-ministros\/#primaryimage"},"thumbnailUrl":"https:\/\/pulso27.com\/wp-content\/uploads\/2025\/01\/Pachacutec.png","keywords":["Callao","Distritalizaci\u00f3n","Pachacutec"],"articleSection":["Actualidad","Pol\u00edtica","Regional"],"inLanguage":"en-US","potentialAction":[{"@type":"CommentAction","name":"Comment","target":["https:\/\/pulso27.com\/actualidad\/politica\/pachacutec-clama-justicia-vecinos-exigen-cumplimiento-de-la-ley-de-distritalizacion-a-presidencia-del-consejo-de-ministros\/#respond"]}]},{"@type":"WebPage","@id":"https:\/\/pulso27.com\/actualidad\/politica\/pachacutec-clama-justicia-vecinos-exigen-cumplimiento-de-la-ley-de-distritalizacion-a-presidencia-del-consejo-de-ministros\/","url":"https:\/\/pulso27.com\/actualidad\/politica\/pachacutec-clama-justicia-vecinos-exigen-cumplimiento-de-la-ley-de-distritalizacion-a-presidencia-del-consejo-de-ministros\/","name":"Pachac\u00fatec clama justicia: Vecinos exigen cumplimiento de la Ley de Distritalizaci\u00f3n a la Presidencia del Consejo de Ministros - Pulso27","isPartOf":{"@id":"https:\/\/pulso27.com\/en\/#website"},"primaryImageOfPage":{"@id":"https:\/\/pulso27.com\/actualidad\/politica\/pachacutec-clama-justicia-vecinos-exigen-cumplimiento-de-la-ley-de-distritalizacion-a-presidencia-del-consejo-de-ministros\/#primaryimage"},"image":{"@id":"https:\/\/pulso27.com\/actualidad\/politica\/pachacutec-clama-justicia-vecinos-exigen-cumplimiento-de-la-ley-de-distritalizacion-a-presidencia-del-consejo-de-ministros\/#primaryimage"},"thumbnailUrl":"https:\/\/pulso27.com\/wp-content\/uploads\/2025\/01\/Pachacutec.png","datePublished":"2025-01-14T22:47:53+00:00","dateModified":"2025-01-14T22:52:19+00:00","breadcrumb":{"@id":"https:\/\/pulso27.com\/actualidad\/politica\/pachacutec-clama-justicia-vecinos-exigen-cumplimiento-de-la-ley-de-distritalizacion-a-presidencia-del-consejo-de-ministros\/#breadcrumb"},"inLanguage":"en-US","potentialAction":[{"@type":"ReadAction","target":["https:\/\/pulso27.com\/actualidad\/politica\/pachacutec-clama-justicia-vecinos-exigen-cumplimiento-de-la-ley-de-distritalizacion-a-presidencia-del-consejo-de-ministros\/"]}]},{"@type":"ImageObject","inLanguage":"en-US","@id":"https:\/\/pulso27.com\/actualidad\/politica\/pachacutec-clama-justicia-vecinos-exigen-cumplimiento-de-la-ley-de-distritalizacion-a-presidencia-del-consejo-de-ministros\/#primaryimage","url":"https:\/\/pulso27.com\/wp-content\/uploads\/2025\/01\/Pachacutec.png","contentUrl":"https:\/\/pulso27.com\/wp-content\/uploads\/2025\/01\/Pachacutec.png","width":1200,"height":768},{"@type":"BreadcrumbList","@id":"https:\/\/pulso27.com\/actualidad\/politica\/pachacutec-clama-justicia-vecinos-exigen-cumplimiento-de-la-ley-de-distritalizacion-a-presidencia-del-consejo-de-ministros\/#breadcrumb","itemListElement":[{"@type":"ListItem","position":1,"name":"Portada","item":"https:\/\/pulso27.com\/"},{"@type":"ListItem","position":2,"name":"Pachac\u00fatec clama justicia: Vecinos exigen cumplimiento de la Ley de Distritalizaci\u00f3n a la Presidencia del Consejo de Ministros"}]},{"@type":"WebSite","@id":"https:\/\/pulso27.com\/en\/#website","url":"https:\/\/pulso27.com\/en\/","name":"Pulso27","description":"Web de noticias y publicidad","publisher":{"@id":"https:\/\/pulso27.com\/en\/#organization"},"alternateName":"El pulso del pueblo","potentialAction":[{"@type":"SearchAction","target":{"@type":"EntryPoint","urlTemplate":"https:\/\/pulso27.com\/en\/?s={search_term_string}"},"query-input":{"@type":"PropertyValueSpecification","valueRequired":true,"valueName":"search_term_string"}}],"inLanguage":"en-US"},{"@type":"Organization","@id":"https:\/\/pulso27.com\/en\/#organization","name":"Pulso27","url":"https:\/\/pulso27.com\/en\/","logo":{"@type":"ImageObject","inLanguage":"en-US","@id":"https:\/\/pulso27.com\/en\/#\/schema\/logo\/image\/","url":"https:\/\/pulso27.com\/wp-content\/uploads\/2026\/02\/Logotipo-de-la-organizacion-696-x-696-px-ok.png","contentUrl":"https:\/\/pulso27.com\/wp-content\/uploads\/2026\/02\/Logotipo-de-la-organizacion-696-x-696-px-ok.png","width":696,"height":696,"caption":"Pulso27"},"image":{"@id":"https:\/\/pulso27.com\/en\/#\/schema\/logo\/image\/"},"sameAs":["https:\/\/www.facebook.com\/pulso27\/","https:\/\/x.com\/Pulso_27","https:\/\/www.youtube.com\/@Pulso27","https:\/\/www.tiktok.com\/@pulso_27"]},{"@type":"Person","@id":"https:\/\/pulso27.com\/en\/#\/schema\/person\/a0930a7f318e7d9d83bd7cffed9f34f6","name":"El Muki","image":{"@type":"ImageObject","inLanguage":"en-US","@id":"https:\/\/secure.gravatar.com\/avatar\/dc91c2607c5eebda74cbb40d13031f489096c96ead89c4c30c17db262267b2b3?s=96&d=mm&r=g","url":"https:\/\/secure.gravatar.com\/avatar\/dc91c2607c5eebda74cbb40d13031f489096c96ead89c4c30c17db262267b2b3?s=96&d=mm&r=g","contentUrl":"https:\/\/secure.gravatar.com\/avatar\/dc91c2607c5eebda74cbb40d13031f489096c96ead89c4c30c17db262267b2b3?s=96&d=mm&r=g","caption":"El Muki"},"sameAs":["http:\/\/www.pulso27.com"],"url":"https:\/\/pulso27.com\/en\/author\/elcuervo\/"}]}},"amp_enabled":true,"_links":{"self":[{"href":"https:\/\/pulso27.com\/en\/wp-json\/wp\/v2\/posts\/3576","targetHints":{"allow":["GET"]}}],"collection":[{"href":"https:\/\/pulso27.com\/en\/wp-json\/wp\/v2\/posts"}],"about":[{"href":"https:\/\/pulso27.com\/en\/wp-json\/wp\/v2\/types\/post"}],"author":[{"embeddable":true,"href":"https:\/\/pulso27.com\/en\/wp-json\/wp\/v2\/users\/10"}],"replies":[{"embeddable":true,"href":"https:\/\/pulso27.com\/en\/wp-json\/wp\/v2\/comments?post=3576"}],"version-history":[{"count":2,"href":"https:\/\/pulso27.com\/en\/wp-json\/wp\/v2\/posts\/3576\/revisions"}],"predecessor-version":[{"id":3586,"href":"https:\/\/pulso27.com\/en\/wp-json\/wp\/v2\/posts\/3576\/revisions\/3586"}],"wp:featuredmedia":[{"embeddable":true,"href":"https:\/\/pulso27.com\/en\/wp-json\/wp\/v2\/media\/3578"}],"wp:attachment":[{"href":"https:\/\/pulso27.com\/en\/wp-json\/wp\/v2\/media?parent=3576"}],"wp:term":[{"taxonomy":"category","embeddable":true,"href":"https:\/\/pulso27.com\/en\/wp-json\/wp\/v2\/categories?post=3576"},{"taxonomy":"post_tag","embeddable":true,"href":"https:\/\/pulso27.com\/en\/wp-json\/wp\/v2\/tags?post=3576"}],"curies":[{"name":"wp","href":"https:\/\/api.w.org\/{rel}","templated":true}]}}