{"id":3608,"date":"2025-01-16T10:55:12","date_gmt":"2025-01-16T05:55:12","guid":{"rendered":"https:\/\/pulso27.com\/?p=3608"},"modified":"2025-01-16T10:55:16","modified_gmt":"2025-01-16T05:55:16","slug":"lo-quieres-sacar-del-juego-el-plan-para-inhabilitar-a-pedro-castillo-genera-polemica","status":"publish","type":"post","link":"https:\/\/pulso27.com\/en\/actualidad\/politica\/lo-quieres-sacar-del-juego-el-plan-para-inhabilitar-a-pedro-castillo-genera-polemica\/","title":{"rendered":"\u00bfLo quieres sacar del juego? El plan para inhabilitar a Pedro Castillo genera pol\u00e9mica"},"content":{"rendered":"<p>El Congreso peruano vuelve a ser escenario de controversia tras la reciente denuncia constitucional presentada por Alejandro Mu\u00f1ante, congresista de Renovaci\u00f3n Popular, contra el expresidente Pedro Castillo. La iniciativa, que busca inhabilitarlo por 10 a\u00f1os para ejercer cargos p\u00fablicos, ha encendido un debate sobre los l\u00edmites entre la justicia y la instrumentalizaci\u00f3n pol\u00edtica.<\/p>\n\n\n\n<p>Mu\u00f1ante, quien argumenta que las medidas de prisi\u00f3n preventiva no garantizan la exclusi\u00f3n de Castillo de la vida pol\u00edtica, present\u00f3 la denuncia en el contexto del fallido golpe de Estado del 7 de diciembre de 2022. La medida tambi\u00e9n incluye a exministros como Betssy Ch\u00e1vez, Willy Huerta y Roberto S\u00e1nchez, todos se\u00f1alados por infracciones a diversos art\u00edculos de la Constituci\u00f3n.<\/p>\n\n\n\n<p>Aunque la inhabilitaci\u00f3n es presentada como un mecanismo para salvaguardar la democracia, cr\u00edticos apuntan a una estrategia pol\u00edtica. Seg\u00fan analistas, la denuncia refleja el temor de sectores conservadores ante el posible resurgimiento de Castillo en la arena electoral, especialmente con su reciente alianza con el partido <em>Todo con el Pueblo<\/em>.<\/p>\n\n\n\n<figure class=\"wp-block-image size-large\"><img loading=\"lazy\" decoding=\"async\" width=\"1024\" height=\"576\" src=\"https:\/\/pulso27.com\/wp-content\/uploads\/2025\/01\/image-44-1024x576.png\" alt=\"\" class=\"wp-image-3611\" srcset=\"https:\/\/pulso27.com\/wp-content\/uploads\/2025\/01\/image-44-1024x576.png 1024w, https:\/\/pulso27.com\/wp-content\/uploads\/2025\/01\/image-44-300x169.png 300w, https:\/\/pulso27.com\/wp-content\/uploads\/2025\/01\/image-44-768x432.png 768w, https:\/\/pulso27.com\/wp-content\/uploads\/2025\/01\/image-44-18x10.png 18w, https:\/\/pulso27.com\/wp-content\/uploads\/2025\/01\/image-44.png 1200w\" sizes=\"auto, (max-width: 1024px) 100vw, 1024px\" \/><figcaption class=\"wp-element-caption\"> <em>Lectura de Pedro Castillo en el contexto fallido de golpe de Estado el 7 de diciembre de 2022<\/em><\/figcaption><\/figure>\n\n\n\n<p>La narrativa de Mu\u00f1ante se apoya en la decisi\u00f3n del Tribunal Constitucional que calific\u00f3 los hechos de diciembre de 2022 como un intento de golpe de Estado. Sin embargo, defensores de Castillo argumentan que su actuaci\u00f3n fue una respuesta a la crisis institucional generada por el Congreso, no un acto de rebeli\u00f3n.<\/p>\n\n\n\n<p>El debate no es solo jur\u00eddico, sino profundamente pol\u00edtico. Si bien el Congreso tiene el poder de inhabilitar a funcionarios, el uso reiterado de estas denuncias contra adversarios ideol\u00f3gicos puede erosionar la confianza en las instituciones.<\/p>\n\n\n\n<p>En un pa\u00eds polarizado, la persecuci\u00f3n de l\u00edderes populares bajo pretexto de \u00abdefensa de la democracia\u00bb podr\u00eda consolidar la percepci\u00f3n de un sistema pol\u00edtico que favorece a las \u00e9lites. La Subcomisi\u00f3n de Acusaciones Constitucionales tiene ahora la responsabilidad de manejar el caso con rigurosidad, para evitar que la justicia sea vista como un arma pol\u00edtica.<\/p>\n\n\n\n<p>La pregunta central persiste: \u00bfse trata de un acto necesario para proteger el orden democr\u00e1tico o de una maniobra para eliminar a un rival inc\u00f3modo? El desenlace tendr\u00e1 implicaciones profundas para el futuro pol\u00edtico del pa\u00eds.<\/p>","protected":false},"excerpt":{"rendered":"<p>El Congreso peruano vuelve a ser escenario de controversia tras la reciente denuncia constitucional presentada por Alejandro Mu\u00f1ante, congresista de Renovaci\u00f3n Popular, contra el expresidente Pedro Castillo. La iniciativa, que busca inhabilitarlo por 10 a\u00f1os para ejercer cargos p\u00fablicos, ha encendido un debate sobre los l\u00edmites entre la justicia y la instrumentalizaci\u00f3n pol\u00edtica. Mu\u00f1ante, quien [&hellip;]<\/p>\n","protected":false},"author":13,"featured_media":3610,"comment_status":"open","ping_status":"open","sticky":false,"template":"","format":"standard","meta":{"footnotes":""},"categories":[183,394,174,1843,180],"tags":[2035,1860,619,797],"class_list":["post-3608","post","type-post","status-publish","format-standard","has-post-thumbnail","hentry","category-actualidad","category-destape","category-nacional","category-opinion","category-politica","tag-alejandromunante","tag-denuncia","tag-inhabilitacion","tag-pedrocastillo"],"yoast_head":"<!-- This site is optimized with the Yoast SEO plugin v27.4 - https:\/\/yoast.com\/product\/yoast-seo-wordpress\/ -->\n<title>\u00bfLo quieres sacar del juego? El plan para inhabilitar a Pedro Castillo genera pol\u00e9mica - Pulso27<\/title>\n<meta name=\"robots\" content=\"index, follow, max-snippet:-1, max-image-preview:large, max-video-preview:-1\" \/>\n<link rel=\"canonical\" href=\"https:\/\/pulso27.com\/en\/nacional\/lo-quieres-sacar-del-juego-el-plan-para-inhabilitar-a-pedro-castillo-genera-polemica\/\" \/>\n<meta property=\"og:locale\" content=\"en_US\" \/>\n<meta property=\"og:type\" content=\"article\" \/>\n<meta property=\"og:title\" content=\"\u00bfLo quieres sacar del juego? El plan para inhabilitar a Pedro Castillo genera pol\u00e9mica - Pulso27\" \/>\n<meta property=\"og:description\" content=\"El Congreso peruano vuelve a ser escenario de controversia tras la reciente denuncia constitucional presentada por Alejandro Mu\u00f1ante, congresista de Renovaci\u00f3n Popular, contra el expresidente Pedro Castillo. La iniciativa, que busca inhabilitarlo por 10 a\u00f1os para ejercer cargos p\u00fablicos, ha encendido un debate sobre los l\u00edmites entre la justicia y la instrumentalizaci\u00f3n pol\u00edtica. Mu\u00f1ante, quien [&hellip;]\" \/>\n<meta property=\"og:url\" content=\"https:\/\/pulso27.com\/en\/nacional\/lo-quieres-sacar-del-juego-el-plan-para-inhabilitar-a-pedro-castillo-genera-polemica\/\" \/>\n<meta property=\"og:site_name\" content=\"Pulso27\" \/>\n<meta property=\"article:publisher\" content=\"https:\/\/www.facebook.com\/pulso27\/\" \/>\n<meta property=\"article:published_time\" content=\"2025-01-16T05:55:12+00:00\" \/>\n<meta property=\"article:modified_time\" content=\"2025-01-16T05:55:16+00:00\" \/>\n<meta property=\"og:image\" content=\"https:\/\/pulso27.com\/wp-content\/uploads\/2025\/01\/PedroCastil.png\" \/>\n\t<meta property=\"og:image:width\" content=\"1200\" \/>\n\t<meta property=\"og:image:height\" content=\"800\" \/>\n\t<meta property=\"og:image:type\" content=\"image\/png\" \/>\n<meta name=\"author\" content=\"Redactor\" \/>\n<meta name=\"twitter:card\" content=\"summary_large_image\" \/>\n<meta name=\"twitter:creator\" content=\"@Pulso_27\" \/>\n<meta name=\"twitter:site\" content=\"@Pulso_27\" \/>\n<meta name=\"twitter:label1\" content=\"Written by\" \/>\n\t<meta name=\"twitter:data1\" content=\"Redactor\" \/>\n\t<meta name=\"twitter:label2\" content=\"Est. reading time\" \/>\n\t<meta name=\"twitter:data2\" content=\"3 minutes\" \/>\n<script type=\"application\/ld+json\" class=\"yoast-schema-graph\">{\"@context\":\"https:\\\/\\\/schema.org\",\"@graph\":[{\"@type\":\"Article\",\"@id\":\"https:\\\/\\\/pulso27.com\\\/nacional\\\/lo-quieres-sacar-del-juego-el-plan-para-inhabilitar-a-pedro-castillo-genera-polemica\\\/#article\",\"isPartOf\":{\"@id\":\"https:\\\/\\\/pulso27.com\\\/nacional\\\/lo-quieres-sacar-del-juego-el-plan-para-inhabilitar-a-pedro-castillo-genera-polemica\\\/\"},\"author\":{\"name\":\"Redactor\",\"@id\":\"https:\\\/\\\/pulso27.com\\\/en\\\/#\\\/schema\\\/person\\\/bf5ee161e6c87f6c7d57f5e689ef8526\"},\"headline\":\"\u00bfLo quieres sacar del juego? El plan para inhabilitar a Pedro Castillo genera pol\u00e9mica\",\"datePublished\":\"2025-01-16T05:55:12+00:00\",\"dateModified\":\"2025-01-16T05:55:16+00:00\",\"mainEntityOfPage\":{\"@id\":\"https:\\\/\\\/pulso27.com\\\/nacional\\\/lo-quieres-sacar-del-juego-el-plan-para-inhabilitar-a-pedro-castillo-genera-polemica\\\/\"},\"wordCount\":409,\"commentCount\":0,\"publisher\":{\"@id\":\"https:\\\/\\\/pulso27.com\\\/en\\\/#organization\"},\"image\":{\"@id\":\"https:\\\/\\\/pulso27.com\\\/nacional\\\/lo-quieres-sacar-del-juego-el-plan-para-inhabilitar-a-pedro-castillo-genera-polemica\\\/#primaryimage\"},\"thumbnailUrl\":\"https:\\\/\\\/pulso27.com\\\/wp-content\\\/uploads\\\/2025\\\/01\\\/PedroCastil.png\",\"keywords\":[\"AlejandroMu\u00f1ante\",\"Denuncia\",\"Inhabilitaci\u00f3n\",\"PedroCastillo\"],\"articleSection\":[\"Actualidad\",\"Destape\",\"Nacional\",\"Opini\u00f3n\",\"Pol\u00edtica\"],\"inLanguage\":\"en-US\",\"potentialAction\":[{\"@type\":\"CommentAction\",\"name\":\"Comment\",\"target\":[\"https:\\\/\\\/pulso27.com\\\/nacional\\\/lo-quieres-sacar-del-juego-el-plan-para-inhabilitar-a-pedro-castillo-genera-polemica\\\/#respond\"]}]},{\"@type\":\"WebPage\",\"@id\":\"https:\\\/\\\/pulso27.com\\\/nacional\\\/lo-quieres-sacar-del-juego-el-plan-para-inhabilitar-a-pedro-castillo-genera-polemica\\\/\",\"url\":\"https:\\\/\\\/pulso27.com\\\/nacional\\\/lo-quieres-sacar-del-juego-el-plan-para-inhabilitar-a-pedro-castillo-genera-polemica\\\/\",\"name\":\"\u00bfLo quieres sacar del juego? El plan para inhabilitar a Pedro Castillo genera pol\u00e9mica - Pulso27\",\"isPartOf\":{\"@id\":\"https:\\\/\\\/pulso27.com\\\/en\\\/#website\"},\"primaryImageOfPage\":{\"@id\":\"https:\\\/\\\/pulso27.com\\\/nacional\\\/lo-quieres-sacar-del-juego-el-plan-para-inhabilitar-a-pedro-castillo-genera-polemica\\\/#primaryimage\"},\"image\":{\"@id\":\"https:\\\/\\\/pulso27.com\\\/nacional\\\/lo-quieres-sacar-del-juego-el-plan-para-inhabilitar-a-pedro-castillo-genera-polemica\\\/#primaryimage\"},\"thumbnailUrl\":\"https:\\\/\\\/pulso27.com\\\/wp-content\\\/uploads\\\/2025\\\/01\\\/PedroCastil.png\",\"datePublished\":\"2025-01-16T05:55:12+00:00\",\"dateModified\":\"2025-01-16T05:55:16+00:00\",\"breadcrumb\":{\"@id\":\"https:\\\/\\\/pulso27.com\\\/nacional\\\/lo-quieres-sacar-del-juego-el-plan-para-inhabilitar-a-pedro-castillo-genera-polemica\\\/#breadcrumb\"},\"inLanguage\":\"en-US\",\"potentialAction\":[{\"@type\":\"ReadAction\",\"target\":[\"https:\\\/\\\/pulso27.com\\\/nacional\\\/lo-quieres-sacar-del-juego-el-plan-para-inhabilitar-a-pedro-castillo-genera-polemica\\\/\"]}]},{\"@type\":\"ImageObject\",\"inLanguage\":\"en-US\",\"@id\":\"https:\\\/\\\/pulso27.com\\\/nacional\\\/lo-quieres-sacar-del-juego-el-plan-para-inhabilitar-a-pedro-castillo-genera-polemica\\\/#primaryimage\",\"url\":\"https:\\\/\\\/pulso27.com\\\/wp-content\\\/uploads\\\/2025\\\/01\\\/PedroCastil.png\",\"contentUrl\":\"https:\\\/\\\/pulso27.com\\\/wp-content\\\/uploads\\\/2025\\\/01\\\/PedroCastil.png\",\"width\":1200,\"height\":800},{\"@type\":\"BreadcrumbList\",\"@id\":\"https:\\\/\\\/pulso27.com\\\/nacional\\\/lo-quieres-sacar-del-juego-el-plan-para-inhabilitar-a-pedro-castillo-genera-polemica\\\/#breadcrumb\",\"itemListElement\":[{\"@type\":\"ListItem\",\"position\":1,\"name\":\"Portada\",\"item\":\"https:\\\/\\\/pulso27.com\\\/\"},{\"@type\":\"ListItem\",\"position\":2,\"name\":\"\u00bfLo quieres sacar del juego? El plan para inhabilitar a Pedro Castillo genera pol\u00e9mica\"}]},{\"@type\":\"WebSite\",\"@id\":\"https:\\\/\\\/pulso27.com\\\/en\\\/#website\",\"url\":\"https:\\\/\\\/pulso27.com\\\/en\\\/\",\"name\":\"Pulso27\",\"description\":\"Web de noticias y publicidad\",\"publisher\":{\"@id\":\"https:\\\/\\\/pulso27.com\\\/en\\\/#organization\"},\"alternateName\":\"El pulso del pueblo\",\"potentialAction\":[{\"@type\":\"SearchAction\",\"target\":{\"@type\":\"EntryPoint\",\"urlTemplate\":\"https:\\\/\\\/pulso27.com\\\/en\\\/?s={search_term_string}\"},\"query-input\":{\"@type\":\"PropertyValueSpecification\",\"valueRequired\":true,\"valueName\":\"search_term_string\"}}],\"inLanguage\":\"en-US\"},{\"@type\":\"Organization\",\"@id\":\"https:\\\/\\\/pulso27.com\\\/en\\\/#organization\",\"name\":\"Pulso27\",\"url\":\"https:\\\/\\\/pulso27.com\\\/en\\\/\",\"logo\":{\"@type\":\"ImageObject\",\"inLanguage\":\"en-US\",\"@id\":\"https:\\\/\\\/pulso27.com\\\/en\\\/#\\\/schema\\\/logo\\\/image\\\/\",\"url\":\"https:\\\/\\\/pulso27.com\\\/wp-content\\\/uploads\\\/2026\\\/02\\\/Logotipo-de-la-organizacion-696-x-696-px-ok.png\",\"contentUrl\":\"https:\\\/\\\/pulso27.com\\\/wp-content\\\/uploads\\\/2026\\\/02\\\/Logotipo-de-la-organizacion-696-x-696-px-ok.png\",\"width\":696,\"height\":696,\"caption\":\"Pulso27\"},\"image\":{\"@id\":\"https:\\\/\\\/pulso27.com\\\/en\\\/#\\\/schema\\\/logo\\\/image\\\/\"},\"sameAs\":[\"https:\\\/\\\/www.facebook.com\\\/pulso27\\\/\",\"https:\\\/\\\/x.com\\\/Pulso_27\",\"https:\\\/\\\/www.youtube.com\\\/@Pulso27\",\"https:\\\/\\\/www.tiktok.com\\\/@pulso_27\"]},{\"@type\":\"Person\",\"@id\":\"https:\\\/\\\/pulso27.com\\\/en\\\/#\\\/schema\\\/person\\\/bf5ee161e6c87f6c7d57f5e689ef8526\",\"name\":\"Redactor\",\"image\":{\"@type\":\"ImageObject\",\"inLanguage\":\"en-US\",\"@id\":\"https:\\\/\\\/pulso27.com\\\/wp-content\\\/uploads\\\/2025\\\/03\\\/a-150x150.png\",\"url\":\"https:\\\/\\\/pulso27.com\\\/wp-content\\\/uploads\\\/2025\\\/03\\\/a-150x150.png\",\"contentUrl\":\"https:\\\/\\\/pulso27.com\\\/wp-content\\\/uploads\\\/2025\\\/03\\\/a-150x150.png\",\"caption\":\"Redactor\"},\"sameAs\":[\"http:\\\/\\\/www.pulso27.com\"],\"url\":\"https:\\\/\\\/pulso27.com\\\/en\\\/author\\\/redactor\\\/\"}]}<\/script>\n<!-- \/ Yoast SEO plugin. -->","yoast_head_json":{"title":"\u00bfLo quieres sacar del juego? El plan para inhabilitar a Pedro Castillo genera pol\u00e9mica - Pulso27","robots":{"index":"index","follow":"follow","max-snippet":"max-snippet:-1","max-image-preview":"max-image-preview:large","max-video-preview":"max-video-preview:-1"},"canonical":"https:\/\/pulso27.com\/en\/nacional\/lo-quieres-sacar-del-juego-el-plan-para-inhabilitar-a-pedro-castillo-genera-polemica\/","og_locale":"en_US","og_type":"article","og_title":"\u00bfLo quieres sacar del juego? El plan para inhabilitar a Pedro Castillo genera pol\u00e9mica - Pulso27","og_description":"El Congreso peruano vuelve a ser escenario de controversia tras la reciente denuncia constitucional presentada por Alejandro Mu\u00f1ante, congresista de Renovaci\u00f3n Popular, contra el expresidente Pedro Castillo. La iniciativa, que busca inhabilitarlo por 10 a\u00f1os para ejercer cargos p\u00fablicos, ha encendido un debate sobre los l\u00edmites entre la justicia y la instrumentalizaci\u00f3n pol\u00edtica. Mu\u00f1ante, quien [&hellip;]","og_url":"https:\/\/pulso27.com\/en\/nacional\/lo-quieres-sacar-del-juego-el-plan-para-inhabilitar-a-pedro-castillo-genera-polemica\/","og_site_name":"Pulso27","article_publisher":"https:\/\/www.facebook.com\/pulso27\/","article_published_time":"2025-01-16T05:55:12+00:00","article_modified_time":"2025-01-16T05:55:16+00:00","og_image":[{"width":1200,"height":800,"url":"https:\/\/pulso27.com\/wp-content\/uploads\/2025\/01\/PedroCastil.png","type":"image\/png"}],"author":"Redactor","twitter_card":"summary_large_image","twitter_creator":"@Pulso_27","twitter_site":"@Pulso_27","twitter_misc":{"Written by":"Redactor","Est. reading time":"3 minutes"},"schema":{"@context":"https:\/\/schema.org","@graph":[{"@type":"Article","@id":"https:\/\/pulso27.com\/nacional\/lo-quieres-sacar-del-juego-el-plan-para-inhabilitar-a-pedro-castillo-genera-polemica\/#article","isPartOf":{"@id":"https:\/\/pulso27.com\/nacional\/lo-quieres-sacar-del-juego-el-plan-para-inhabilitar-a-pedro-castillo-genera-polemica\/"},"author":{"name":"Redactor","@id":"https:\/\/pulso27.com\/en\/#\/schema\/person\/bf5ee161e6c87f6c7d57f5e689ef8526"},"headline":"\u00bfLo quieres sacar del juego? El plan para inhabilitar a Pedro Castillo genera pol\u00e9mica","datePublished":"2025-01-16T05:55:12+00:00","dateModified":"2025-01-16T05:55:16+00:00","mainEntityOfPage":{"@id":"https:\/\/pulso27.com\/nacional\/lo-quieres-sacar-del-juego-el-plan-para-inhabilitar-a-pedro-castillo-genera-polemica\/"},"wordCount":409,"commentCount":0,"publisher":{"@id":"https:\/\/pulso27.com\/en\/#organization"},"image":{"@id":"https:\/\/pulso27.com\/nacional\/lo-quieres-sacar-del-juego-el-plan-para-inhabilitar-a-pedro-castillo-genera-polemica\/#primaryimage"},"thumbnailUrl":"https:\/\/pulso27.com\/wp-content\/uploads\/2025\/01\/PedroCastil.png","keywords":["AlejandroMu\u00f1ante","Denuncia","Inhabilitaci\u00f3n","PedroCastillo"],"articleSection":["Actualidad","Destape","Nacional","Opini\u00f3n","Pol\u00edtica"],"inLanguage":"en-US","potentialAction":[{"@type":"CommentAction","name":"Comment","target":["https:\/\/pulso27.com\/nacional\/lo-quieres-sacar-del-juego-el-plan-para-inhabilitar-a-pedro-castillo-genera-polemica\/#respond"]}]},{"@type":"WebPage","@id":"https:\/\/pulso27.com\/nacional\/lo-quieres-sacar-del-juego-el-plan-para-inhabilitar-a-pedro-castillo-genera-polemica\/","url":"https:\/\/pulso27.com\/nacional\/lo-quieres-sacar-del-juego-el-plan-para-inhabilitar-a-pedro-castillo-genera-polemica\/","name":"\u00bfLo quieres sacar del juego? El plan para inhabilitar a Pedro Castillo genera pol\u00e9mica - Pulso27","isPartOf":{"@id":"https:\/\/pulso27.com\/en\/#website"},"primaryImageOfPage":{"@id":"https:\/\/pulso27.com\/nacional\/lo-quieres-sacar-del-juego-el-plan-para-inhabilitar-a-pedro-castillo-genera-polemica\/#primaryimage"},"image":{"@id":"https:\/\/pulso27.com\/nacional\/lo-quieres-sacar-del-juego-el-plan-para-inhabilitar-a-pedro-castillo-genera-polemica\/#primaryimage"},"thumbnailUrl":"https:\/\/pulso27.com\/wp-content\/uploads\/2025\/01\/PedroCastil.png","datePublished":"2025-01-16T05:55:12+00:00","dateModified":"2025-01-16T05:55:16+00:00","breadcrumb":{"@id":"https:\/\/pulso27.com\/nacional\/lo-quieres-sacar-del-juego-el-plan-para-inhabilitar-a-pedro-castillo-genera-polemica\/#breadcrumb"},"inLanguage":"en-US","potentialAction":[{"@type":"ReadAction","target":["https:\/\/pulso27.com\/nacional\/lo-quieres-sacar-del-juego-el-plan-para-inhabilitar-a-pedro-castillo-genera-polemica\/"]}]},{"@type":"ImageObject","inLanguage":"en-US","@id":"https:\/\/pulso27.com\/nacional\/lo-quieres-sacar-del-juego-el-plan-para-inhabilitar-a-pedro-castillo-genera-polemica\/#primaryimage","url":"https:\/\/pulso27.com\/wp-content\/uploads\/2025\/01\/PedroCastil.png","contentUrl":"https:\/\/pulso27.com\/wp-content\/uploads\/2025\/01\/PedroCastil.png","width":1200,"height":800},{"@type":"BreadcrumbList","@id":"https:\/\/pulso27.com\/nacional\/lo-quieres-sacar-del-juego-el-plan-para-inhabilitar-a-pedro-castillo-genera-polemica\/#breadcrumb","itemListElement":[{"@type":"ListItem","position":1,"name":"Portada","item":"https:\/\/pulso27.com\/"},{"@type":"ListItem","position":2,"name":"\u00bfLo quieres sacar del juego? El plan para inhabilitar a Pedro Castillo genera pol\u00e9mica"}]},{"@type":"WebSite","@id":"https:\/\/pulso27.com\/en\/#website","url":"https:\/\/pulso27.com\/en\/","name":"Pulso27","description":"Web de noticias y publicidad","publisher":{"@id":"https:\/\/pulso27.com\/en\/#organization"},"alternateName":"El pulso del pueblo","potentialAction":[{"@type":"SearchAction","target":{"@type":"EntryPoint","urlTemplate":"https:\/\/pulso27.com\/en\/?s={search_term_string}"},"query-input":{"@type":"PropertyValueSpecification","valueRequired":true,"valueName":"search_term_string"}}],"inLanguage":"en-US"},{"@type":"Organization","@id":"https:\/\/pulso27.com\/en\/#organization","name":"Pulso27","url":"https:\/\/pulso27.com\/en\/","logo":{"@type":"ImageObject","inLanguage":"en-US","@id":"https:\/\/pulso27.com\/en\/#\/schema\/logo\/image\/","url":"https:\/\/pulso27.com\/wp-content\/uploads\/2026\/02\/Logotipo-de-la-organizacion-696-x-696-px-ok.png","contentUrl":"https:\/\/pulso27.com\/wp-content\/uploads\/2026\/02\/Logotipo-de-la-organizacion-696-x-696-px-ok.png","width":696,"height":696,"caption":"Pulso27"},"image":{"@id":"https:\/\/pulso27.com\/en\/#\/schema\/logo\/image\/"},"sameAs":["https:\/\/www.facebook.com\/pulso27\/","https:\/\/x.com\/Pulso_27","https:\/\/www.youtube.com\/@Pulso27","https:\/\/www.tiktok.com\/@pulso_27"]},{"@type":"Person","@id":"https:\/\/pulso27.com\/en\/#\/schema\/person\/bf5ee161e6c87f6c7d57f5e689ef8526","name":"Redactor","image":{"@type":"ImageObject","inLanguage":"en-US","@id":"https:\/\/pulso27.com\/wp-content\/uploads\/2025\/03\/a-150x150.png","url":"https:\/\/pulso27.com\/wp-content\/uploads\/2025\/03\/a-150x150.png","contentUrl":"https:\/\/pulso27.com\/wp-content\/uploads\/2025\/03\/a-150x150.png","caption":"Redactor"},"sameAs":["http:\/\/www.pulso27.com"],"url":"https:\/\/pulso27.com\/en\/author\/redactor\/"}]}},"amp_enabled":true,"_links":{"self":[{"href":"https:\/\/pulso27.com\/en\/wp-json\/wp\/v2\/posts\/3608","targetHints":{"allow":["GET"]}}],"collection":[{"href":"https:\/\/pulso27.com\/en\/wp-json\/wp\/v2\/posts"}],"about":[{"href":"https:\/\/pulso27.com\/en\/wp-json\/wp\/v2\/types\/post"}],"author":[{"embeddable":true,"href":"https:\/\/pulso27.com\/en\/wp-json\/wp\/v2\/users\/13"}],"replies":[{"embeddable":true,"href":"https:\/\/pulso27.com\/en\/wp-json\/wp\/v2\/comments?post=3608"}],"version-history":[{"count":1,"href":"https:\/\/pulso27.com\/en\/wp-json\/wp\/v2\/posts\/3608\/revisions"}],"predecessor-version":[{"id":3612,"href":"https:\/\/pulso27.com\/en\/wp-json\/wp\/v2\/posts\/3608\/revisions\/3612"}],"wp:featuredmedia":[{"embeddable":true,"href":"https:\/\/pulso27.com\/en\/wp-json\/wp\/v2\/media\/3610"}],"wp:attachment":[{"href":"https:\/\/pulso27.com\/en\/wp-json\/wp\/v2\/media?parent=3608"}],"wp:term":[{"taxonomy":"category","embeddable":true,"href":"https:\/\/pulso27.com\/en\/wp-json\/wp\/v2\/categories?post=3608"},{"taxonomy":"post_tag","embeddable":true,"href":"https:\/\/pulso27.com\/en\/wp-json\/wp\/v2\/tags?post=3608"}],"curies":[{"name":"wp","href":"https:\/\/api.w.org\/{rel}","templated":true}]}}