{"id":3626,"date":"2025-01-17T08:38:17","date_gmt":"2025-01-17T03:38:17","guid":{"rendered":"https:\/\/pulso27.com\/?p=3626"},"modified":"2025-01-17T08:38:20","modified_gmt":"2025-01-17T03:38:20","slug":"alto-al-fuego-en-gaza-esperanza-para-una-region-devastada-por-el-conflicto","status":"publish","type":"post","link":"https:\/\/pulso27.com\/en\/actualidad\/alto-al-fuego-en-gaza-esperanza-para-una-region-devastada-por-el-conflicto\/","title":{"rendered":"Alto al fuego en Gaza: esperanza para una regi\u00f3n devastada por el conflicto"},"content":{"rendered":"<p>El reciente acuerdo de alto al fuego entre Israel y Ham\u00e1s trae un respiro a la poblaci\u00f3n de Gaza, tras m\u00e1s de un a\u00f1o de enfrentamientos intensos que han dejado a miles de personas en condiciones cr\u00edticas. El pacto, mediado por Qatar y Egipto, y respaldado por Estados Unidos, representa no solo una pausa en las hostilidades, sino tambi\u00e9n una oportunidad para la reconstrucci\u00f3n de un enclave marcado por la tragedia.<\/p>\n\n\n\n<p>Desde el inicio del conflicto en octubre de 2023, Gaza ha enfrentado bombardeos constantes que han devastado su infraestructura y exacerbado una crisis humanitaria sin precedentes. M\u00e1s de 2.5 millones de personas, en su mayor\u00eda mujeres y ni\u00f1os, viven en condiciones de hacinamiento extremo, sin acceso adecuado a agua potable, alimentos o atenci\u00f3n m\u00e9dica b\u00e1sica. La Unicef ha destacado que el alto al fuego es esencial para salvar a miles de ni\u00f1os que enfrentan desnutrici\u00f3n y enfermedades prevenibles como el sarampi\u00f3n y el c\u00f3lera.<\/p>\n\n\n\n<figure class=\"wp-block-image size-large\"><img loading=\"lazy\" decoding=\"async\" width=\"1024\" height=\"576\" src=\"https:\/\/pulso27.com\/wp-content\/uploads\/2025\/01\/image-48-1024x576.png\" alt=\"\" class=\"wp-image-3630\" srcset=\"https:\/\/pulso27.com\/wp-content\/uploads\/2025\/01\/image-48-1024x576.png 1024w, https:\/\/pulso27.com\/wp-content\/uploads\/2025\/01\/image-48-300x169.png 300w, https:\/\/pulso27.com\/wp-content\/uploads\/2025\/01\/image-48-768x432.png 768w, https:\/\/pulso27.com\/wp-content\/uploads\/2025\/01\/image-48-1536x864.png 1536w, https:\/\/pulso27.com\/wp-content\/uploads\/2025\/01\/image-48-18x10.png 18w, https:\/\/pulso27.com\/wp-content\/uploads\/2025\/01\/image-48.png 1600w\" sizes=\"auto, (max-width: 1024px) 100vw, 1024px\" \/><figcaption class=\"wp-element-caption\"><em>El acuerdo de alto al fuego entre Israel y Hamas<\/em><\/figcaption><\/figure>\n\n\n\n<p>La liberaci\u00f3n de rehenes, incluidos menores, tambi\u00e9n genera expectativas de alivio emocional para las familias afectadas tanto en Gaza como en Israel. Tres mujeres israel\u00edes ser\u00e1n liberadas durante el primer d\u00eda de tregua, marcando el inicio de un intercambio de prisioneros que busca reconstruir un m\u00ednimo de confianza entre las partes.<\/p>\n\n\n\n<p>Sin embargo, las heridas abiertas por este conflicto no se cerrar\u00e1n f\u00e1cilmente. Durante las horas previas a la entrada en vigor del acuerdo, nuevos bombardeos cobraron la vida de al menos 20 personas en Gaza, recordando la fragilidad del pacto. Adem\u00e1s, la reconstrucci\u00f3n del territorio, estimada en varios a\u00f1os, depende de compromisos internacionales que a\u00fan deben materializarse. El jefe del gobierno espa\u00f1ol, el socialista Pedro S\u00e1nchez, celebr\u00f3 el mi\u00e9rcoles el acuerdo de cese el fuego entre Israel y Ham\u00e1s en Gaza y afirm\u00f3 que era \u00abcrucial para lograr la estabilidad regional\u00bb.<\/p>\n\n\n\n<figure class=\"wp-block-image size-large\"><img loading=\"lazy\" decoding=\"async\" width=\"1024\" height=\"474\" src=\"https:\/\/pulso27.com\/wp-content\/uploads\/2025\/01\/image-46-1024x474.png\" alt=\"\" class=\"wp-image-3627\" srcset=\"https:\/\/pulso27.com\/wp-content\/uploads\/2025\/01\/image-46-1024x474.png 1024w, https:\/\/pulso27.com\/wp-content\/uploads\/2025\/01\/image-46-300x139.png 300w, https:\/\/pulso27.com\/wp-content\/uploads\/2025\/01\/image-46-768x355.png 768w, https:\/\/pulso27.com\/wp-content\/uploads\/2025\/01\/image-46-18x8.png 18w, https:\/\/pulso27.com\/wp-content\/uploads\/2025\/01\/image-46.png 1200w\" sizes=\"auto, (max-width: 1024px) 100vw, 1024px\" \/><\/figure>\n\n\n\n<p>Para la poblaci\u00f3n de Gaza, el alto al fuego representa una luz tenue en medio de la oscuridad. Aunque es un paso hacia la estabilidad, la regi\u00f3n sigue enfrentando retos inmensos. La comunidad internacional observa con cautela, esperando que esta tregua no sea solo un cese temporal, sino el comienzo de un camino hacia la paz duradera y el respeto mutuo.<\/p>","protected":false},"excerpt":{"rendered":"<p>El reciente acuerdo de alto al fuego entre Israel y Ham\u00e1s trae un respiro a la poblaci\u00f3n de Gaza, tras m\u00e1s de un a\u00f1o de enfrentamientos intensos que han dejado a miles de personas en condiciones cr\u00edticas. El pacto, mediado por Qatar y Egipto, y respaldado por Estados Unidos, representa no solo una pausa en [&hellip;]<\/p>\n","protected":false},"author":10,"featured_media":3628,"comment_status":"open","ping_status":"open","sticky":false,"template":"","format":"standard","meta":{"footnotes":""},"categories":[183,173,180],"tags":[],"class_list":["post-3626","post","type-post","status-publish","format-standard","has-post-thumbnail","hentry","category-actualidad","category-internacional","category-politica"],"yoast_head":"<!-- This site is optimized with the Yoast SEO plugin v27.4 - https:\/\/yoast.com\/product\/yoast-seo-wordpress\/ -->\n<title>Alto al fuego en Gaza: esperanza para una regi\u00f3n devastada por el conflicto - Pulso27<\/title>\n<meta name=\"robots\" content=\"index, follow, max-snippet:-1, max-image-preview:large, max-video-preview:-1\" \/>\n<link rel=\"canonical\" href=\"https:\/\/pulso27.com\/en\/actualidad\/alto-al-fuego-en-gaza-esperanza-para-una-region-devastada-por-el-conflicto\/\" \/>\n<meta property=\"og:locale\" content=\"en_US\" \/>\n<meta property=\"og:type\" content=\"article\" \/>\n<meta property=\"og:title\" content=\"Alto al fuego en Gaza: esperanza para una regi\u00f3n devastada por el conflicto - Pulso27\" \/>\n<meta property=\"og:description\" content=\"El reciente acuerdo de alto al fuego entre Israel y Ham\u00e1s trae un respiro a la poblaci\u00f3n de Gaza, tras m\u00e1s de un a\u00f1o de enfrentamientos intensos que han dejado a miles de personas en condiciones cr\u00edticas. El pacto, mediado por Qatar y Egipto, y respaldado por Estados Unidos, representa no solo una pausa en [&hellip;]\" \/>\n<meta property=\"og:url\" content=\"https:\/\/pulso27.com\/en\/actualidad\/alto-al-fuego-en-gaza-esperanza-para-una-region-devastada-por-el-conflicto\/\" \/>\n<meta property=\"og:site_name\" content=\"Pulso27\" \/>\n<meta property=\"article:publisher\" content=\"https:\/\/www.facebook.com\/pulso27\/\" \/>\n<meta property=\"article:published_time\" content=\"2025-01-17T03:38:17+00:00\" \/>\n<meta property=\"article:modified_time\" content=\"2025-01-17T03:38:20+00:00\" \/>\n<meta property=\"og:image\" content=\"https:\/\/pulso27.com\/wp-content\/uploads\/2025\/01\/Gaza.png\" \/>\n\t<meta property=\"og:image:width\" content=\"1200\" \/>\n\t<meta property=\"og:image:height\" content=\"800\" \/>\n\t<meta property=\"og:image:type\" content=\"image\/png\" \/>\n<meta name=\"author\" content=\"El Muki\" \/>\n<meta name=\"twitter:card\" content=\"summary_large_image\" \/>\n<meta name=\"twitter:creator\" content=\"@Pulso_27\" \/>\n<meta name=\"twitter:site\" content=\"@Pulso_27\" \/>\n<meta name=\"twitter:label1\" content=\"Written by\" \/>\n\t<meta name=\"twitter:data1\" content=\"El Muki\" \/>\n\t<meta name=\"twitter:label2\" content=\"Est. reading time\" \/>\n\t<meta name=\"twitter:data2\" content=\"3 minutes\" \/>\n<script type=\"application\/ld+json\" class=\"yoast-schema-graph\">{\"@context\":\"https:\\\/\\\/schema.org\",\"@graph\":[{\"@type\":\"Article\",\"@id\":\"https:\\\/\\\/pulso27.com\\\/actualidad\\\/alto-al-fuego-en-gaza-esperanza-para-una-region-devastada-por-el-conflicto\\\/#article\",\"isPartOf\":{\"@id\":\"https:\\\/\\\/pulso27.com\\\/actualidad\\\/alto-al-fuego-en-gaza-esperanza-para-una-region-devastada-por-el-conflicto\\\/\"},\"author\":{\"name\":\"El Muki\",\"@id\":\"https:\\\/\\\/pulso27.com\\\/en\\\/#\\\/schema\\\/person\\\/a0930a7f318e7d9d83bd7cffed9f34f6\"},\"headline\":\"Alto al fuego en Gaza: esperanza para una regi\u00f3n devastada por el conflicto\",\"datePublished\":\"2025-01-17T03:38:17+00:00\",\"dateModified\":\"2025-01-17T03:38:20+00:00\",\"mainEntityOfPage\":{\"@id\":\"https:\\\/\\\/pulso27.com\\\/actualidad\\\/alto-al-fuego-en-gaza-esperanza-para-una-region-devastada-por-el-conflicto\\\/\"},\"wordCount\":414,\"commentCount\":0,\"publisher\":{\"@id\":\"https:\\\/\\\/pulso27.com\\\/en\\\/#organization\"},\"image\":{\"@id\":\"https:\\\/\\\/pulso27.com\\\/actualidad\\\/alto-al-fuego-en-gaza-esperanza-para-una-region-devastada-por-el-conflicto\\\/#primaryimage\"},\"thumbnailUrl\":\"https:\\\/\\\/pulso27.com\\\/wp-content\\\/uploads\\\/2025\\\/01\\\/Gaza.png\",\"articleSection\":[\"Actualidad\",\"Internacional\",\"Pol\u00edtica\"],\"inLanguage\":\"en-US\",\"potentialAction\":[{\"@type\":\"CommentAction\",\"name\":\"Comment\",\"target\":[\"https:\\\/\\\/pulso27.com\\\/actualidad\\\/alto-al-fuego-en-gaza-esperanza-para-una-region-devastada-por-el-conflicto\\\/#respond\"]}]},{\"@type\":\"WebPage\",\"@id\":\"https:\\\/\\\/pulso27.com\\\/actualidad\\\/alto-al-fuego-en-gaza-esperanza-para-una-region-devastada-por-el-conflicto\\\/\",\"url\":\"https:\\\/\\\/pulso27.com\\\/actualidad\\\/alto-al-fuego-en-gaza-esperanza-para-una-region-devastada-por-el-conflicto\\\/\",\"name\":\"Alto al fuego en Gaza: esperanza para una regi\u00f3n devastada por el conflicto - Pulso27\",\"isPartOf\":{\"@id\":\"https:\\\/\\\/pulso27.com\\\/en\\\/#website\"},\"primaryImageOfPage\":{\"@id\":\"https:\\\/\\\/pulso27.com\\\/actualidad\\\/alto-al-fuego-en-gaza-esperanza-para-una-region-devastada-por-el-conflicto\\\/#primaryimage\"},\"image\":{\"@id\":\"https:\\\/\\\/pulso27.com\\\/actualidad\\\/alto-al-fuego-en-gaza-esperanza-para-una-region-devastada-por-el-conflicto\\\/#primaryimage\"},\"thumbnailUrl\":\"https:\\\/\\\/pulso27.com\\\/wp-content\\\/uploads\\\/2025\\\/01\\\/Gaza.png\",\"datePublished\":\"2025-01-17T03:38:17+00:00\",\"dateModified\":\"2025-01-17T03:38:20+00:00\",\"breadcrumb\":{\"@id\":\"https:\\\/\\\/pulso27.com\\\/actualidad\\\/alto-al-fuego-en-gaza-esperanza-para-una-region-devastada-por-el-conflicto\\\/#breadcrumb\"},\"inLanguage\":\"en-US\",\"potentialAction\":[{\"@type\":\"ReadAction\",\"target\":[\"https:\\\/\\\/pulso27.com\\\/actualidad\\\/alto-al-fuego-en-gaza-esperanza-para-una-region-devastada-por-el-conflicto\\\/\"]}]},{\"@type\":\"ImageObject\",\"inLanguage\":\"en-US\",\"@id\":\"https:\\\/\\\/pulso27.com\\\/actualidad\\\/alto-al-fuego-en-gaza-esperanza-para-una-region-devastada-por-el-conflicto\\\/#primaryimage\",\"url\":\"https:\\\/\\\/pulso27.com\\\/wp-content\\\/uploads\\\/2025\\\/01\\\/Gaza.png\",\"contentUrl\":\"https:\\\/\\\/pulso27.com\\\/wp-content\\\/uploads\\\/2025\\\/01\\\/Gaza.png\",\"width\":1200,\"height\":800},{\"@type\":\"BreadcrumbList\",\"@id\":\"https:\\\/\\\/pulso27.com\\\/actualidad\\\/alto-al-fuego-en-gaza-esperanza-para-una-region-devastada-por-el-conflicto\\\/#breadcrumb\",\"itemListElement\":[{\"@type\":\"ListItem\",\"position\":1,\"name\":\"Portada\",\"item\":\"https:\\\/\\\/pulso27.com\\\/\"},{\"@type\":\"ListItem\",\"position\":2,\"name\":\"Alto al fuego en Gaza: esperanza para una regi\u00f3n devastada por el conflicto\"}]},{\"@type\":\"WebSite\",\"@id\":\"https:\\\/\\\/pulso27.com\\\/en\\\/#website\",\"url\":\"https:\\\/\\\/pulso27.com\\\/en\\\/\",\"name\":\"Pulso27\",\"description\":\"Web de noticias y publicidad\",\"publisher\":{\"@id\":\"https:\\\/\\\/pulso27.com\\\/en\\\/#organization\"},\"alternateName\":\"El pulso del pueblo\",\"potentialAction\":[{\"@type\":\"SearchAction\",\"target\":{\"@type\":\"EntryPoint\",\"urlTemplate\":\"https:\\\/\\\/pulso27.com\\\/en\\\/?s={search_term_string}\"},\"query-input\":{\"@type\":\"PropertyValueSpecification\",\"valueRequired\":true,\"valueName\":\"search_term_string\"}}],\"inLanguage\":\"en-US\"},{\"@type\":\"Organization\",\"@id\":\"https:\\\/\\\/pulso27.com\\\/en\\\/#organization\",\"name\":\"Pulso27\",\"url\":\"https:\\\/\\\/pulso27.com\\\/en\\\/\",\"logo\":{\"@type\":\"ImageObject\",\"inLanguage\":\"en-US\",\"@id\":\"https:\\\/\\\/pulso27.com\\\/en\\\/#\\\/schema\\\/logo\\\/image\\\/\",\"url\":\"https:\\\/\\\/pulso27.com\\\/wp-content\\\/uploads\\\/2026\\\/02\\\/Logotipo-de-la-organizacion-696-x-696-px-ok.png\",\"contentUrl\":\"https:\\\/\\\/pulso27.com\\\/wp-content\\\/uploads\\\/2026\\\/02\\\/Logotipo-de-la-organizacion-696-x-696-px-ok.png\",\"width\":696,\"height\":696,\"caption\":\"Pulso27\"},\"image\":{\"@id\":\"https:\\\/\\\/pulso27.com\\\/en\\\/#\\\/schema\\\/logo\\\/image\\\/\"},\"sameAs\":[\"https:\\\/\\\/www.facebook.com\\\/pulso27\\\/\",\"https:\\\/\\\/x.com\\\/Pulso_27\",\"https:\\\/\\\/www.youtube.com\\\/@Pulso27\",\"https:\\\/\\\/www.tiktok.com\\\/@pulso_27\"]},{\"@type\":\"Person\",\"@id\":\"https:\\\/\\\/pulso27.com\\\/en\\\/#\\\/schema\\\/person\\\/a0930a7f318e7d9d83bd7cffed9f34f6\",\"name\":\"El Muki\",\"image\":{\"@type\":\"ImageObject\",\"inLanguage\":\"en-US\",\"@id\":\"https:\\\/\\\/secure.gravatar.com\\\/avatar\\\/dc91c2607c5eebda74cbb40d13031f489096c96ead89c4c30c17db262267b2b3?s=96&d=mm&r=g\",\"url\":\"https:\\\/\\\/secure.gravatar.com\\\/avatar\\\/dc91c2607c5eebda74cbb40d13031f489096c96ead89c4c30c17db262267b2b3?s=96&d=mm&r=g\",\"contentUrl\":\"https:\\\/\\\/secure.gravatar.com\\\/avatar\\\/dc91c2607c5eebda74cbb40d13031f489096c96ead89c4c30c17db262267b2b3?s=96&d=mm&r=g\",\"caption\":\"El Muki\"},\"sameAs\":[\"http:\\\/\\\/www.pulso27.com\"],\"url\":\"https:\\\/\\\/pulso27.com\\\/en\\\/author\\\/elcuervo\\\/\"}]}<\/script>\n<!-- \/ Yoast SEO plugin. -->","yoast_head_json":{"title":"Alto al fuego en Gaza: esperanza para una regi\u00f3n devastada por el conflicto - Pulso27","robots":{"index":"index","follow":"follow","max-snippet":"max-snippet:-1","max-image-preview":"max-image-preview:large","max-video-preview":"max-video-preview:-1"},"canonical":"https:\/\/pulso27.com\/en\/actualidad\/alto-al-fuego-en-gaza-esperanza-para-una-region-devastada-por-el-conflicto\/","og_locale":"en_US","og_type":"article","og_title":"Alto al fuego en Gaza: esperanza para una regi\u00f3n devastada por el conflicto - Pulso27","og_description":"El reciente acuerdo de alto al fuego entre Israel y Ham\u00e1s trae un respiro a la poblaci\u00f3n de Gaza, tras m\u00e1s de un a\u00f1o de enfrentamientos intensos que han dejado a miles de personas en condiciones cr\u00edticas. El pacto, mediado por Qatar y Egipto, y respaldado por Estados Unidos, representa no solo una pausa en [&hellip;]","og_url":"https:\/\/pulso27.com\/en\/actualidad\/alto-al-fuego-en-gaza-esperanza-para-una-region-devastada-por-el-conflicto\/","og_site_name":"Pulso27","article_publisher":"https:\/\/www.facebook.com\/pulso27\/","article_published_time":"2025-01-17T03:38:17+00:00","article_modified_time":"2025-01-17T03:38:20+00:00","og_image":[{"width":1200,"height":800,"url":"https:\/\/pulso27.com\/wp-content\/uploads\/2025\/01\/Gaza.png","type":"image\/png"}],"author":"El Muki","twitter_card":"summary_large_image","twitter_creator":"@Pulso_27","twitter_site":"@Pulso_27","twitter_misc":{"Written by":"El Muki","Est. reading time":"3 minutes"},"schema":{"@context":"https:\/\/schema.org","@graph":[{"@type":"Article","@id":"https:\/\/pulso27.com\/actualidad\/alto-al-fuego-en-gaza-esperanza-para-una-region-devastada-por-el-conflicto\/#article","isPartOf":{"@id":"https:\/\/pulso27.com\/actualidad\/alto-al-fuego-en-gaza-esperanza-para-una-region-devastada-por-el-conflicto\/"},"author":{"name":"El Muki","@id":"https:\/\/pulso27.com\/en\/#\/schema\/person\/a0930a7f318e7d9d83bd7cffed9f34f6"},"headline":"Alto al fuego en Gaza: esperanza para una regi\u00f3n devastada por el conflicto","datePublished":"2025-01-17T03:38:17+00:00","dateModified":"2025-01-17T03:38:20+00:00","mainEntityOfPage":{"@id":"https:\/\/pulso27.com\/actualidad\/alto-al-fuego-en-gaza-esperanza-para-una-region-devastada-por-el-conflicto\/"},"wordCount":414,"commentCount":0,"publisher":{"@id":"https:\/\/pulso27.com\/en\/#organization"},"image":{"@id":"https:\/\/pulso27.com\/actualidad\/alto-al-fuego-en-gaza-esperanza-para-una-region-devastada-por-el-conflicto\/#primaryimage"},"thumbnailUrl":"https:\/\/pulso27.com\/wp-content\/uploads\/2025\/01\/Gaza.png","articleSection":["Actualidad","Internacional","Pol\u00edtica"],"inLanguage":"en-US","potentialAction":[{"@type":"CommentAction","name":"Comment","target":["https:\/\/pulso27.com\/actualidad\/alto-al-fuego-en-gaza-esperanza-para-una-region-devastada-por-el-conflicto\/#respond"]}]},{"@type":"WebPage","@id":"https:\/\/pulso27.com\/actualidad\/alto-al-fuego-en-gaza-esperanza-para-una-region-devastada-por-el-conflicto\/","url":"https:\/\/pulso27.com\/actualidad\/alto-al-fuego-en-gaza-esperanza-para-una-region-devastada-por-el-conflicto\/","name":"Alto al fuego en Gaza: esperanza para una regi\u00f3n devastada por el conflicto - Pulso27","isPartOf":{"@id":"https:\/\/pulso27.com\/en\/#website"},"primaryImageOfPage":{"@id":"https:\/\/pulso27.com\/actualidad\/alto-al-fuego-en-gaza-esperanza-para-una-region-devastada-por-el-conflicto\/#primaryimage"},"image":{"@id":"https:\/\/pulso27.com\/actualidad\/alto-al-fuego-en-gaza-esperanza-para-una-region-devastada-por-el-conflicto\/#primaryimage"},"thumbnailUrl":"https:\/\/pulso27.com\/wp-content\/uploads\/2025\/01\/Gaza.png","datePublished":"2025-01-17T03:38:17+00:00","dateModified":"2025-01-17T03:38:20+00:00","breadcrumb":{"@id":"https:\/\/pulso27.com\/actualidad\/alto-al-fuego-en-gaza-esperanza-para-una-region-devastada-por-el-conflicto\/#breadcrumb"},"inLanguage":"en-US","potentialAction":[{"@type":"ReadAction","target":["https:\/\/pulso27.com\/actualidad\/alto-al-fuego-en-gaza-esperanza-para-una-region-devastada-por-el-conflicto\/"]}]},{"@type":"ImageObject","inLanguage":"en-US","@id":"https:\/\/pulso27.com\/actualidad\/alto-al-fuego-en-gaza-esperanza-para-una-region-devastada-por-el-conflicto\/#primaryimage","url":"https:\/\/pulso27.com\/wp-content\/uploads\/2025\/01\/Gaza.png","contentUrl":"https:\/\/pulso27.com\/wp-content\/uploads\/2025\/01\/Gaza.png","width":1200,"height":800},{"@type":"BreadcrumbList","@id":"https:\/\/pulso27.com\/actualidad\/alto-al-fuego-en-gaza-esperanza-para-una-region-devastada-por-el-conflicto\/#breadcrumb","itemListElement":[{"@type":"ListItem","position":1,"name":"Portada","item":"https:\/\/pulso27.com\/"},{"@type":"ListItem","position":2,"name":"Alto al fuego en Gaza: esperanza para una regi\u00f3n devastada por el conflicto"}]},{"@type":"WebSite","@id":"https:\/\/pulso27.com\/en\/#website","url":"https:\/\/pulso27.com\/en\/","name":"Pulso27","description":"Web de noticias y publicidad","publisher":{"@id":"https:\/\/pulso27.com\/en\/#organization"},"alternateName":"El pulso del pueblo","potentialAction":[{"@type":"SearchAction","target":{"@type":"EntryPoint","urlTemplate":"https:\/\/pulso27.com\/en\/?s={search_term_string}"},"query-input":{"@type":"PropertyValueSpecification","valueRequired":true,"valueName":"search_term_string"}}],"inLanguage":"en-US"},{"@type":"Organization","@id":"https:\/\/pulso27.com\/en\/#organization","name":"Pulso27","url":"https:\/\/pulso27.com\/en\/","logo":{"@type":"ImageObject","inLanguage":"en-US","@id":"https:\/\/pulso27.com\/en\/#\/schema\/logo\/image\/","url":"https:\/\/pulso27.com\/wp-content\/uploads\/2026\/02\/Logotipo-de-la-organizacion-696-x-696-px-ok.png","contentUrl":"https:\/\/pulso27.com\/wp-content\/uploads\/2026\/02\/Logotipo-de-la-organizacion-696-x-696-px-ok.png","width":696,"height":696,"caption":"Pulso27"},"image":{"@id":"https:\/\/pulso27.com\/en\/#\/schema\/logo\/image\/"},"sameAs":["https:\/\/www.facebook.com\/pulso27\/","https:\/\/x.com\/Pulso_27","https:\/\/www.youtube.com\/@Pulso27","https:\/\/www.tiktok.com\/@pulso_27"]},{"@type":"Person","@id":"https:\/\/pulso27.com\/en\/#\/schema\/person\/a0930a7f318e7d9d83bd7cffed9f34f6","name":"El Muki","image":{"@type":"ImageObject","inLanguage":"en-US","@id":"https:\/\/secure.gravatar.com\/avatar\/dc91c2607c5eebda74cbb40d13031f489096c96ead89c4c30c17db262267b2b3?s=96&d=mm&r=g","url":"https:\/\/secure.gravatar.com\/avatar\/dc91c2607c5eebda74cbb40d13031f489096c96ead89c4c30c17db262267b2b3?s=96&d=mm&r=g","contentUrl":"https:\/\/secure.gravatar.com\/avatar\/dc91c2607c5eebda74cbb40d13031f489096c96ead89c4c30c17db262267b2b3?s=96&d=mm&r=g","caption":"El Muki"},"sameAs":["http:\/\/www.pulso27.com"],"url":"https:\/\/pulso27.com\/en\/author\/elcuervo\/"}]}},"amp_enabled":true,"_links":{"self":[{"href":"https:\/\/pulso27.com\/en\/wp-json\/wp\/v2\/posts\/3626","targetHints":{"allow":["GET"]}}],"collection":[{"href":"https:\/\/pulso27.com\/en\/wp-json\/wp\/v2\/posts"}],"about":[{"href":"https:\/\/pulso27.com\/en\/wp-json\/wp\/v2\/types\/post"}],"author":[{"embeddable":true,"href":"https:\/\/pulso27.com\/en\/wp-json\/wp\/v2\/users\/10"}],"replies":[{"embeddable":true,"href":"https:\/\/pulso27.com\/en\/wp-json\/wp\/v2\/comments?post=3626"}],"version-history":[{"count":1,"href":"https:\/\/pulso27.com\/en\/wp-json\/wp\/v2\/posts\/3626\/revisions"}],"predecessor-version":[{"id":3631,"href":"https:\/\/pulso27.com\/en\/wp-json\/wp\/v2\/posts\/3626\/revisions\/3631"}],"wp:featuredmedia":[{"embeddable":true,"href":"https:\/\/pulso27.com\/en\/wp-json\/wp\/v2\/media\/3628"}],"wp:attachment":[{"href":"https:\/\/pulso27.com\/en\/wp-json\/wp\/v2\/media?parent=3626"}],"wp:term":[{"taxonomy":"category","embeddable":true,"href":"https:\/\/pulso27.com\/en\/wp-json\/wp\/v2\/categories?post=3626"},{"taxonomy":"post_tag","embeddable":true,"href":"https:\/\/pulso27.com\/en\/wp-json\/wp\/v2\/tags?post=3626"}],"curies":[{"name":"wp","href":"https:\/\/api.w.org\/{rel}","templated":true}]}}