{"id":3643,"date":"2025-01-18T03:07:54","date_gmt":"2025-01-17T22:07:54","guid":{"rendered":"https:\/\/pulso27.com\/?p=3643"},"modified":"2025-01-18T03:07:57","modified_gmt":"2025-01-17T22:07:57","slug":"fiscalia-confirma-plagio-en-libro-de-dina-boluarte-y-ordena-su-retiro-de-la-biblioteca-nacional-del-peru","status":"publish","type":"post","link":"https:\/\/pulso27.com\/en\/actualidad\/educacion\/fiscalia-confirma-plagio-en-libro-de-dina-boluarte-y-ordena-su-retiro-de-la-biblioteca-nacional-del-peru\/","title":{"rendered":"Fiscal\u00eda confirma plagio en libro de Dina Boluarte y ordena su retiro de la Biblioteca Nacional del Per\u00fa"},"content":{"rendered":"<p>El Ministerio P\u00fablico confirm\u00f3 que el libro \u201cReconocimiento de los Derechos Humanos y el Derecho Internacional Humanitario\u201d, atribuido como coautora a la presidenta Dina Boluarte, contiene contenido plagiado. La Fiscal\u00eda orden\u00f3 el retiro de los ejemplares de la Biblioteca Nacional del Per\u00fa (BNP) y la anulaci\u00f3n de su registro legal.<\/p>\n\n\n\n<p>La investigaci\u00f3n fiscal, que incluy\u00f3 peritajes t\u00e9cnicos realizados junto a la Universidad Nacional Mayor de San Marcos, revel\u00f3 que el texto contiene p\u00e1rrafos enteros copiados de otros documentos acad\u00e9micos. Seg\u00fan un reportaje de Latina, el software Turnitin identific\u00f3 un 55 % de similitud con trabajos previos, incluyendo tesis, monograf\u00edas y art\u00edculos acad\u00e9micos de autores de M\u00e9xico, Argentina y Costa Rica. Adem\u00e1s, la obra carece de bibliograf\u00eda, citas o referencias que respalden el origen de sus contenidos.<\/p>\n\n\n<div class=\"wp-block-image\">\n<figure class=\"alignleft size-full is-resized\"><img loading=\"lazy\" decoding=\"async\" width=\"299\" height=\"168\" src=\"https:\/\/pulso27.com\/wp-content\/uploads\/2025\/01\/image-50.png\" alt=\"\" class=\"wp-image-3644\" style=\"width:450px;height:auto\" srcset=\"https:\/\/pulso27.com\/wp-content\/uploads\/2025\/01\/image-50.png 299w, https:\/\/pulso27.com\/wp-content\/uploads\/2025\/01\/image-50-18x10.png 18w\" sizes=\"auto, (max-width: 299px) 100vw, 299px\" \/><figcaption class=\"wp-element-caption\"><em>Presidenta de Per\u00fa es investigada por presunto plagio en libro sobre derechos humanos<\/em><\/figcaption><\/figure><\/div>\n\n\n<p>El fiscal Miguel Puic\u00f3n Yaip\u00e9n entrevist\u00f3 a los abogados Luis Garvancho, Carmen Rivera y Mar\u00eda Ch\u00e1vez, quienes figuran como coautores del libro. Los implicados declararon que la idea de publicar la obra surgi\u00f3 en colaboraci\u00f3n con Efra\u00edn Anaya C\u00e1rdenas, exdirector de la Oficina de Derechos Humanos del Colegio de Abogados de Lima, pero aseguraron no haber participado en la redacci\u00f3n ni revisado el texto final.<\/p>\n\n\n\n<p>Anaya, destituido del Consejo Nacional de la Magistratura en 2010, registr\u00f3 el libro a nombre de Boluarte y otros autores, aunque los coautores aseguran desconocer el contenido. Por su parte, la presidenta incluy\u00f3 esta publicaci\u00f3n en su curr\u00edculum oficial.<\/p>\n\n\n\n<p>La Fiscal\u00eda confirm\u00f3 la existencia de plagio, pero no se puede continuar con las acciones legales, ya que el delito prescribi\u00f3 tras transcurrir m\u00e1s de 12 a\u00f1os desde su comisi\u00f3n en 2004. No obstante, el Ministerio P\u00fablico determin\u00f3 el retiro de los ejemplares de la BNP y la anulaci\u00f3n de su registro, se\u00f1alando que se trata de una publicaci\u00f3n il\u00edcita.<\/p>\n\n\n\n<p>\u201cSe advierte la reproducci\u00f3n exacta de p\u00e1rrafos de textos originales\u201d, concluy\u00f3 el informe fiscal. Este esc\u00e1ndalo marca un nuevo cuestionamiento \u00e9tico en la trayectoria p\u00fablica de la presidenta.<\/p>","protected":false},"excerpt":{"rendered":"<p>El Ministerio P\u00fablico confirm\u00f3 que el libro \u201cReconocimiento de los Derechos Humanos y el Derecho Internacional Humanitario\u201d, atribuido como coautora a la presidenta Dina Boluarte, contiene contenido plagiado. La Fiscal\u00eda orden\u00f3 el retiro de los ejemplares de la Biblioteca Nacional del Per\u00fa (BNP) y la anulaci\u00f3n de su registro legal. La investigaci\u00f3n fiscal, que incluy\u00f3 [&hellip;]<\/p>\n","protected":false},"author":7,"featured_media":3645,"comment_status":"open","ping_status":"open","sticky":false,"template":"","format":"standard","meta":{"footnotes":""},"categories":[183,808,174,180],"tags":[1849,625,2040],"class_list":["post-3643","post","type-post","status-publish","format-standard","has-post-thumbnail","hentry","category-actualidad","category-educacion","category-nacional","category-politica","tag-dinaboluarte","tag-fiscalia","tag-plagio"],"yoast_head":"<!-- This site is optimized with the Yoast SEO plugin v27.4 - https:\/\/yoast.com\/product\/yoast-seo-wordpress\/ -->\n<title>Fiscal\u00eda confirma plagio en libro de Dina Boluarte y ordena su retiro de la Biblioteca Nacional del Per\u00fa - Pulso27<\/title>\n<meta name=\"robots\" content=\"index, follow, max-snippet:-1, max-image-preview:large, max-video-preview:-1\" \/>\n<link rel=\"canonical\" href=\"https:\/\/pulso27.com\/en\/nacional\/fiscalia-confirma-plagio-en-libro-de-dina-boluarte-y-ordena-su-retiro-de-la-biblioteca-nacional-del-peru\/\" \/>\n<meta property=\"og:locale\" content=\"en_US\" \/>\n<meta property=\"og:type\" content=\"article\" \/>\n<meta property=\"og:title\" content=\"Fiscal\u00eda confirma plagio en libro de Dina Boluarte y ordena su retiro de la Biblioteca Nacional del Per\u00fa - Pulso27\" \/>\n<meta property=\"og:description\" content=\"El Ministerio P\u00fablico confirm\u00f3 que el libro \u201cReconocimiento de los Derechos Humanos y el Derecho Internacional Humanitario\u201d, atribuido como coautora a la presidenta Dina Boluarte, contiene contenido plagiado. La Fiscal\u00eda orden\u00f3 el retiro de los ejemplares de la Biblioteca Nacional del Per\u00fa (BNP) y la anulaci\u00f3n de su registro legal. La investigaci\u00f3n fiscal, que incluy\u00f3 [&hellip;]\" \/>\n<meta property=\"og:url\" content=\"https:\/\/pulso27.com\/en\/nacional\/fiscalia-confirma-plagio-en-libro-de-dina-boluarte-y-ordena-su-retiro-de-la-biblioteca-nacional-del-peru\/\" \/>\n<meta property=\"og:site_name\" content=\"Pulso27\" \/>\n<meta property=\"article:publisher\" content=\"https:\/\/www.facebook.com\/pulso27\/\" \/>\n<meta property=\"article:published_time\" content=\"2025-01-17T22:07:54+00:00\" \/>\n<meta property=\"article:modified_time\" content=\"2025-01-17T22:07:57+00:00\" \/>\n<meta property=\"og:image\" content=\"https:\/\/pulso27.com\/wp-content\/uploads\/2025\/01\/Plagio.png\" \/>\n\t<meta property=\"og:image:width\" content=\"1200\" \/>\n\t<meta property=\"og:image:height\" content=\"900\" \/>\n\t<meta property=\"og:image:type\" content=\"image\/png\" \/>\n<meta name=\"author\" content=\"Tupaq\" \/>\n<meta name=\"twitter:card\" content=\"summary_large_image\" \/>\n<meta name=\"twitter:creator\" content=\"@Pulso_27\" \/>\n<meta name=\"twitter:site\" content=\"@Pulso_27\" \/>\n<meta name=\"twitter:label1\" content=\"Written by\" \/>\n\t<meta name=\"twitter:data1\" content=\"Tupaq\" \/>\n\t<meta name=\"twitter:label2\" content=\"Est. reading time\" \/>\n\t<meta name=\"twitter:data2\" content=\"2 minutes\" \/>\n<script type=\"application\/ld+json\" class=\"yoast-schema-graph\">{\"@context\":\"https:\\\/\\\/schema.org\",\"@graph\":[{\"@type\":\"Article\",\"@id\":\"https:\\\/\\\/pulso27.com\\\/nacional\\\/fiscalia-confirma-plagio-en-libro-de-dina-boluarte-y-ordena-su-retiro-de-la-biblioteca-nacional-del-peru\\\/#article\",\"isPartOf\":{\"@id\":\"https:\\\/\\\/pulso27.com\\\/nacional\\\/fiscalia-confirma-plagio-en-libro-de-dina-boluarte-y-ordena-su-retiro-de-la-biblioteca-nacional-del-peru\\\/\"},\"author\":{\"name\":\"Tupaq\",\"@id\":\"https:\\\/\\\/pulso27.com\\\/en\\\/#\\\/schema\\\/person\\\/d20fd7f5bc7f2e53fd150d43fca07a78\"},\"headline\":\"Fiscal\u00eda confirma plagio en libro de Dina Boluarte y ordena su retiro de la Biblioteca Nacional del Per\u00fa\",\"datePublished\":\"2025-01-17T22:07:54+00:00\",\"dateModified\":\"2025-01-17T22:07:57+00:00\",\"mainEntityOfPage\":{\"@id\":\"https:\\\/\\\/pulso27.com\\\/nacional\\\/fiscalia-confirma-plagio-en-libro-de-dina-boluarte-y-ordena-su-retiro-de-la-biblioteca-nacional-del-peru\\\/\"},\"wordCount\":382,\"commentCount\":0,\"publisher\":{\"@id\":\"https:\\\/\\\/pulso27.com\\\/en\\\/#organization\"},\"image\":{\"@id\":\"https:\\\/\\\/pulso27.com\\\/nacional\\\/fiscalia-confirma-plagio-en-libro-de-dina-boluarte-y-ordena-su-retiro-de-la-biblioteca-nacional-del-peru\\\/#primaryimage\"},\"thumbnailUrl\":\"https:\\\/\\\/pulso27.com\\\/wp-content\\\/uploads\\\/2025\\\/01\\\/Plagio.png\",\"keywords\":[\"DinaBoluarte\",\"Fiscal\u00eda\",\"Plagio\"],\"articleSection\":[\"Actualidad\",\"Educaci\u00f3n\",\"Nacional\",\"Pol\u00edtica\"],\"inLanguage\":\"en-US\",\"potentialAction\":[{\"@type\":\"CommentAction\",\"name\":\"Comment\",\"target\":[\"https:\\\/\\\/pulso27.com\\\/nacional\\\/fiscalia-confirma-plagio-en-libro-de-dina-boluarte-y-ordena-su-retiro-de-la-biblioteca-nacional-del-peru\\\/#respond\"]}]},{\"@type\":\"WebPage\",\"@id\":\"https:\\\/\\\/pulso27.com\\\/nacional\\\/fiscalia-confirma-plagio-en-libro-de-dina-boluarte-y-ordena-su-retiro-de-la-biblioteca-nacional-del-peru\\\/\",\"url\":\"https:\\\/\\\/pulso27.com\\\/nacional\\\/fiscalia-confirma-plagio-en-libro-de-dina-boluarte-y-ordena-su-retiro-de-la-biblioteca-nacional-del-peru\\\/\",\"name\":\"Fiscal\u00eda confirma plagio en libro de Dina Boluarte y ordena su retiro de la Biblioteca Nacional del Per\u00fa - Pulso27\",\"isPartOf\":{\"@id\":\"https:\\\/\\\/pulso27.com\\\/en\\\/#website\"},\"primaryImageOfPage\":{\"@id\":\"https:\\\/\\\/pulso27.com\\\/nacional\\\/fiscalia-confirma-plagio-en-libro-de-dina-boluarte-y-ordena-su-retiro-de-la-biblioteca-nacional-del-peru\\\/#primaryimage\"},\"image\":{\"@id\":\"https:\\\/\\\/pulso27.com\\\/nacional\\\/fiscalia-confirma-plagio-en-libro-de-dina-boluarte-y-ordena-su-retiro-de-la-biblioteca-nacional-del-peru\\\/#primaryimage\"},\"thumbnailUrl\":\"https:\\\/\\\/pulso27.com\\\/wp-content\\\/uploads\\\/2025\\\/01\\\/Plagio.png\",\"datePublished\":\"2025-01-17T22:07:54+00:00\",\"dateModified\":\"2025-01-17T22:07:57+00:00\",\"breadcrumb\":{\"@id\":\"https:\\\/\\\/pulso27.com\\\/nacional\\\/fiscalia-confirma-plagio-en-libro-de-dina-boluarte-y-ordena-su-retiro-de-la-biblioteca-nacional-del-peru\\\/#breadcrumb\"},\"inLanguage\":\"en-US\",\"potentialAction\":[{\"@type\":\"ReadAction\",\"target\":[\"https:\\\/\\\/pulso27.com\\\/nacional\\\/fiscalia-confirma-plagio-en-libro-de-dina-boluarte-y-ordena-su-retiro-de-la-biblioteca-nacional-del-peru\\\/\"]}]},{\"@type\":\"ImageObject\",\"inLanguage\":\"en-US\",\"@id\":\"https:\\\/\\\/pulso27.com\\\/nacional\\\/fiscalia-confirma-plagio-en-libro-de-dina-boluarte-y-ordena-su-retiro-de-la-biblioteca-nacional-del-peru\\\/#primaryimage\",\"url\":\"https:\\\/\\\/pulso27.com\\\/wp-content\\\/uploads\\\/2025\\\/01\\\/Plagio.png\",\"contentUrl\":\"https:\\\/\\\/pulso27.com\\\/wp-content\\\/uploads\\\/2025\\\/01\\\/Plagio.png\",\"width\":1200,\"height\":900},{\"@type\":\"BreadcrumbList\",\"@id\":\"https:\\\/\\\/pulso27.com\\\/nacional\\\/fiscalia-confirma-plagio-en-libro-de-dina-boluarte-y-ordena-su-retiro-de-la-biblioteca-nacional-del-peru\\\/#breadcrumb\",\"itemListElement\":[{\"@type\":\"ListItem\",\"position\":1,\"name\":\"Portada\",\"item\":\"https:\\\/\\\/pulso27.com\\\/\"},{\"@type\":\"ListItem\",\"position\":2,\"name\":\"Fiscal\u00eda confirma plagio en libro de Dina Boluarte y ordena su retiro de la Biblioteca Nacional del Per\u00fa\"}]},{\"@type\":\"WebSite\",\"@id\":\"https:\\\/\\\/pulso27.com\\\/en\\\/#website\",\"url\":\"https:\\\/\\\/pulso27.com\\\/en\\\/\",\"name\":\"Pulso27\",\"description\":\"Web de noticias y publicidad\",\"publisher\":{\"@id\":\"https:\\\/\\\/pulso27.com\\\/en\\\/#organization\"},\"alternateName\":\"El pulso del pueblo\",\"potentialAction\":[{\"@type\":\"SearchAction\",\"target\":{\"@type\":\"EntryPoint\",\"urlTemplate\":\"https:\\\/\\\/pulso27.com\\\/en\\\/?s={search_term_string}\"},\"query-input\":{\"@type\":\"PropertyValueSpecification\",\"valueRequired\":true,\"valueName\":\"search_term_string\"}}],\"inLanguage\":\"en-US\"},{\"@type\":\"Organization\",\"@id\":\"https:\\\/\\\/pulso27.com\\\/en\\\/#organization\",\"name\":\"Pulso27\",\"url\":\"https:\\\/\\\/pulso27.com\\\/en\\\/\",\"logo\":{\"@type\":\"ImageObject\",\"inLanguage\":\"en-US\",\"@id\":\"https:\\\/\\\/pulso27.com\\\/en\\\/#\\\/schema\\\/logo\\\/image\\\/\",\"url\":\"https:\\\/\\\/pulso27.com\\\/wp-content\\\/uploads\\\/2026\\\/02\\\/Logotipo-de-la-organizacion-696-x-696-px-ok.png\",\"contentUrl\":\"https:\\\/\\\/pulso27.com\\\/wp-content\\\/uploads\\\/2026\\\/02\\\/Logotipo-de-la-organizacion-696-x-696-px-ok.png\",\"width\":696,\"height\":696,\"caption\":\"Pulso27\"},\"image\":{\"@id\":\"https:\\\/\\\/pulso27.com\\\/en\\\/#\\\/schema\\\/logo\\\/image\\\/\"},\"sameAs\":[\"https:\\\/\\\/www.facebook.com\\\/pulso27\\\/\",\"https:\\\/\\\/x.com\\\/Pulso_27\",\"https:\\\/\\\/www.youtube.com\\\/@Pulso27\",\"https:\\\/\\\/www.tiktok.com\\\/@pulso_27\"]},{\"@type\":\"Person\",\"@id\":\"https:\\\/\\\/pulso27.com\\\/en\\\/#\\\/schema\\\/person\\\/d20fd7f5bc7f2e53fd150d43fca07a78\",\"name\":\"Tupaq\",\"image\":{\"@type\":\"ImageObject\",\"inLanguage\":\"en-US\",\"@id\":\"https:\\\/\\\/secure.gravatar.com\\\/avatar\\\/7929e9b034aeea560319a601e4f04c59eb5f45a79eafe192adabb67e9604e7e7?s=96&d=mm&r=g\",\"url\":\"https:\\\/\\\/secure.gravatar.com\\\/avatar\\\/7929e9b034aeea560319a601e4f04c59eb5f45a79eafe192adabb67e9604e7e7?s=96&d=mm&r=g\",\"contentUrl\":\"https:\\\/\\\/secure.gravatar.com\\\/avatar\\\/7929e9b034aeea560319a601e4f04c59eb5f45a79eafe192adabb67e9604e7e7?s=96&d=mm&r=g\",\"caption\":\"Tupaq\"},\"url\":\"https:\\\/\\\/pulso27.com\\\/en\\\/author\\\/tupaq\\\/\"}]}<\/script>\n<!-- \/ Yoast SEO plugin. -->","yoast_head_json":{"title":"Fiscal\u00eda confirma plagio en libro de Dina Boluarte y ordena su retiro de la Biblioteca Nacional del Per\u00fa - Pulso27","robots":{"index":"index","follow":"follow","max-snippet":"max-snippet:-1","max-image-preview":"max-image-preview:large","max-video-preview":"max-video-preview:-1"},"canonical":"https:\/\/pulso27.com\/en\/nacional\/fiscalia-confirma-plagio-en-libro-de-dina-boluarte-y-ordena-su-retiro-de-la-biblioteca-nacional-del-peru\/","og_locale":"en_US","og_type":"article","og_title":"Fiscal\u00eda confirma plagio en libro de Dina Boluarte y ordena su retiro de la Biblioteca Nacional del Per\u00fa - Pulso27","og_description":"El Ministerio P\u00fablico confirm\u00f3 que el libro \u201cReconocimiento de los Derechos Humanos y el Derecho Internacional Humanitario\u201d, atribuido como coautora a la presidenta Dina Boluarte, contiene contenido plagiado. La Fiscal\u00eda orden\u00f3 el retiro de los ejemplares de la Biblioteca Nacional del Per\u00fa (BNP) y la anulaci\u00f3n de su registro legal. La investigaci\u00f3n fiscal, que incluy\u00f3 [&hellip;]","og_url":"https:\/\/pulso27.com\/en\/nacional\/fiscalia-confirma-plagio-en-libro-de-dina-boluarte-y-ordena-su-retiro-de-la-biblioteca-nacional-del-peru\/","og_site_name":"Pulso27","article_publisher":"https:\/\/www.facebook.com\/pulso27\/","article_published_time":"2025-01-17T22:07:54+00:00","article_modified_time":"2025-01-17T22:07:57+00:00","og_image":[{"width":1200,"height":900,"url":"https:\/\/pulso27.com\/wp-content\/uploads\/2025\/01\/Plagio.png","type":"image\/png"}],"author":"Tupaq","twitter_card":"summary_large_image","twitter_creator":"@Pulso_27","twitter_site":"@Pulso_27","twitter_misc":{"Written by":"Tupaq","Est. reading time":"2 minutes"},"schema":{"@context":"https:\/\/schema.org","@graph":[{"@type":"Article","@id":"https:\/\/pulso27.com\/nacional\/fiscalia-confirma-plagio-en-libro-de-dina-boluarte-y-ordena-su-retiro-de-la-biblioteca-nacional-del-peru\/#article","isPartOf":{"@id":"https:\/\/pulso27.com\/nacional\/fiscalia-confirma-plagio-en-libro-de-dina-boluarte-y-ordena-su-retiro-de-la-biblioteca-nacional-del-peru\/"},"author":{"name":"Tupaq","@id":"https:\/\/pulso27.com\/en\/#\/schema\/person\/d20fd7f5bc7f2e53fd150d43fca07a78"},"headline":"Fiscal\u00eda confirma plagio en libro de Dina Boluarte y ordena su retiro de la Biblioteca Nacional del Per\u00fa","datePublished":"2025-01-17T22:07:54+00:00","dateModified":"2025-01-17T22:07:57+00:00","mainEntityOfPage":{"@id":"https:\/\/pulso27.com\/nacional\/fiscalia-confirma-plagio-en-libro-de-dina-boluarte-y-ordena-su-retiro-de-la-biblioteca-nacional-del-peru\/"},"wordCount":382,"commentCount":0,"publisher":{"@id":"https:\/\/pulso27.com\/en\/#organization"},"image":{"@id":"https:\/\/pulso27.com\/nacional\/fiscalia-confirma-plagio-en-libro-de-dina-boluarte-y-ordena-su-retiro-de-la-biblioteca-nacional-del-peru\/#primaryimage"},"thumbnailUrl":"https:\/\/pulso27.com\/wp-content\/uploads\/2025\/01\/Plagio.png","keywords":["DinaBoluarte","Fiscal\u00eda","Plagio"],"articleSection":["Actualidad","Educaci\u00f3n","Nacional","Pol\u00edtica"],"inLanguage":"en-US","potentialAction":[{"@type":"CommentAction","name":"Comment","target":["https:\/\/pulso27.com\/nacional\/fiscalia-confirma-plagio-en-libro-de-dina-boluarte-y-ordena-su-retiro-de-la-biblioteca-nacional-del-peru\/#respond"]}]},{"@type":"WebPage","@id":"https:\/\/pulso27.com\/nacional\/fiscalia-confirma-plagio-en-libro-de-dina-boluarte-y-ordena-su-retiro-de-la-biblioteca-nacional-del-peru\/","url":"https:\/\/pulso27.com\/nacional\/fiscalia-confirma-plagio-en-libro-de-dina-boluarte-y-ordena-su-retiro-de-la-biblioteca-nacional-del-peru\/","name":"Fiscal\u00eda confirma plagio en libro de Dina Boluarte y ordena su retiro de la Biblioteca Nacional del Per\u00fa - Pulso27","isPartOf":{"@id":"https:\/\/pulso27.com\/en\/#website"},"primaryImageOfPage":{"@id":"https:\/\/pulso27.com\/nacional\/fiscalia-confirma-plagio-en-libro-de-dina-boluarte-y-ordena-su-retiro-de-la-biblioteca-nacional-del-peru\/#primaryimage"},"image":{"@id":"https:\/\/pulso27.com\/nacional\/fiscalia-confirma-plagio-en-libro-de-dina-boluarte-y-ordena-su-retiro-de-la-biblioteca-nacional-del-peru\/#primaryimage"},"thumbnailUrl":"https:\/\/pulso27.com\/wp-content\/uploads\/2025\/01\/Plagio.png","datePublished":"2025-01-17T22:07:54+00:00","dateModified":"2025-01-17T22:07:57+00:00","breadcrumb":{"@id":"https:\/\/pulso27.com\/nacional\/fiscalia-confirma-plagio-en-libro-de-dina-boluarte-y-ordena-su-retiro-de-la-biblioteca-nacional-del-peru\/#breadcrumb"},"inLanguage":"en-US","potentialAction":[{"@type":"ReadAction","target":["https:\/\/pulso27.com\/nacional\/fiscalia-confirma-plagio-en-libro-de-dina-boluarte-y-ordena-su-retiro-de-la-biblioteca-nacional-del-peru\/"]}]},{"@type":"ImageObject","inLanguage":"en-US","@id":"https:\/\/pulso27.com\/nacional\/fiscalia-confirma-plagio-en-libro-de-dina-boluarte-y-ordena-su-retiro-de-la-biblioteca-nacional-del-peru\/#primaryimage","url":"https:\/\/pulso27.com\/wp-content\/uploads\/2025\/01\/Plagio.png","contentUrl":"https:\/\/pulso27.com\/wp-content\/uploads\/2025\/01\/Plagio.png","width":1200,"height":900},{"@type":"BreadcrumbList","@id":"https:\/\/pulso27.com\/nacional\/fiscalia-confirma-plagio-en-libro-de-dina-boluarte-y-ordena-su-retiro-de-la-biblioteca-nacional-del-peru\/#breadcrumb","itemListElement":[{"@type":"ListItem","position":1,"name":"Portada","item":"https:\/\/pulso27.com\/"},{"@type":"ListItem","position":2,"name":"Fiscal\u00eda confirma plagio en libro de Dina Boluarte y ordena su retiro de la Biblioteca Nacional del Per\u00fa"}]},{"@type":"WebSite","@id":"https:\/\/pulso27.com\/en\/#website","url":"https:\/\/pulso27.com\/en\/","name":"Pulso27","description":"Web de noticias y publicidad","publisher":{"@id":"https:\/\/pulso27.com\/en\/#organization"},"alternateName":"El pulso del pueblo","potentialAction":[{"@type":"SearchAction","target":{"@type":"EntryPoint","urlTemplate":"https:\/\/pulso27.com\/en\/?s={search_term_string}"},"query-input":{"@type":"PropertyValueSpecification","valueRequired":true,"valueName":"search_term_string"}}],"inLanguage":"en-US"},{"@type":"Organization","@id":"https:\/\/pulso27.com\/en\/#organization","name":"Pulso27","url":"https:\/\/pulso27.com\/en\/","logo":{"@type":"ImageObject","inLanguage":"en-US","@id":"https:\/\/pulso27.com\/en\/#\/schema\/logo\/image\/","url":"https:\/\/pulso27.com\/wp-content\/uploads\/2026\/02\/Logotipo-de-la-organizacion-696-x-696-px-ok.png","contentUrl":"https:\/\/pulso27.com\/wp-content\/uploads\/2026\/02\/Logotipo-de-la-organizacion-696-x-696-px-ok.png","width":696,"height":696,"caption":"Pulso27"},"image":{"@id":"https:\/\/pulso27.com\/en\/#\/schema\/logo\/image\/"},"sameAs":["https:\/\/www.facebook.com\/pulso27\/","https:\/\/x.com\/Pulso_27","https:\/\/www.youtube.com\/@Pulso27","https:\/\/www.tiktok.com\/@pulso_27"]},{"@type":"Person","@id":"https:\/\/pulso27.com\/en\/#\/schema\/person\/d20fd7f5bc7f2e53fd150d43fca07a78","name":"Tupaq","image":{"@type":"ImageObject","inLanguage":"en-US","@id":"https:\/\/secure.gravatar.com\/avatar\/7929e9b034aeea560319a601e4f04c59eb5f45a79eafe192adabb67e9604e7e7?s=96&d=mm&r=g","url":"https:\/\/secure.gravatar.com\/avatar\/7929e9b034aeea560319a601e4f04c59eb5f45a79eafe192adabb67e9604e7e7?s=96&d=mm&r=g","contentUrl":"https:\/\/secure.gravatar.com\/avatar\/7929e9b034aeea560319a601e4f04c59eb5f45a79eafe192adabb67e9604e7e7?s=96&d=mm&r=g","caption":"Tupaq"},"url":"https:\/\/pulso27.com\/en\/author\/tupaq\/"}]}},"amp_enabled":true,"_links":{"self":[{"href":"https:\/\/pulso27.com\/en\/wp-json\/wp\/v2\/posts\/3643","targetHints":{"allow":["GET"]}}],"collection":[{"href":"https:\/\/pulso27.com\/en\/wp-json\/wp\/v2\/posts"}],"about":[{"href":"https:\/\/pulso27.com\/en\/wp-json\/wp\/v2\/types\/post"}],"author":[{"embeddable":true,"href":"https:\/\/pulso27.com\/en\/wp-json\/wp\/v2\/users\/7"}],"replies":[{"embeddable":true,"href":"https:\/\/pulso27.com\/en\/wp-json\/wp\/v2\/comments?post=3643"}],"version-history":[{"count":1,"href":"https:\/\/pulso27.com\/en\/wp-json\/wp\/v2\/posts\/3643\/revisions"}],"predecessor-version":[{"id":3646,"href":"https:\/\/pulso27.com\/en\/wp-json\/wp\/v2\/posts\/3643\/revisions\/3646"}],"wp:featuredmedia":[{"embeddable":true,"href":"https:\/\/pulso27.com\/en\/wp-json\/wp\/v2\/media\/3645"}],"wp:attachment":[{"href":"https:\/\/pulso27.com\/en\/wp-json\/wp\/v2\/media?parent=3643"}],"wp:term":[{"taxonomy":"category","embeddable":true,"href":"https:\/\/pulso27.com\/en\/wp-json\/wp\/v2\/categories?post=3643"},{"taxonomy":"post_tag","embeddable":true,"href":"https:\/\/pulso27.com\/en\/wp-json\/wp\/v2\/tags?post=3643"}],"curies":[{"name":"wp","href":"https:\/\/api.w.org\/{rel}","templated":true}]}}