{"id":3650,"date":"2025-01-18T03:49:00","date_gmt":"2025-01-17T22:49:00","guid":{"rendered":"https:\/\/pulso27.com\/?p=3650"},"modified":"2025-01-18T03:49:05","modified_gmt":"2025-01-17T22:49:05","slug":"congreso-intenta-desviar-caso-andrea-vidal-y-niega-relacion-con-red-de-prostitucion","status":"publish","type":"post","link":"https:\/\/pulso27.com\/en\/actualidad\/congreso-intenta-desviar-caso-andrea-vidal-y-niega-relacion-con-red-de-prostitucion\/","title":{"rendered":"Congreso intenta desviar caso Andrea Vidal y niega relaci\u00f3n con red de prostituci\u00f3n"},"content":{"rendered":"<p>El asesinato de Andrea Vidal, exabogada del Congreso de la Rep\u00fablica, sigue generando controversia, esta vez debido a la hip\u00f3tesis promovida por congresistas ligados a la mesa directiva. Seg\u00fan esta versi\u00f3n, el ataque no estaba dirigido a Vidal, sino al taxista que la transportaba, Jos\u00e9 Daniel Vargas Brice\u00f1o, quien recibi\u00f3 16 impactos de bala. Esta narrativa busca desvincular el crimen de las investigaciones sobre una presunta red de prostituci\u00f3n dentro del Parlamento.<\/p>\n\n\n\n<p>El Congreso difundi\u00f3 un supuesto an\u00e1lisis bal\u00edstico elaborado por la Polic\u00eda Nacional del Per\u00fa (PNP), en el que se respalda la idea de que los sicarios ten\u00edan como objetivo al conductor del veh\u00edculo. Sin embargo, fuentes de la Fiscal\u00eda han desestimado este informe, se\u00f1alando que carece de validez legal, ya que no cuenta con los sellos, firmas ni los logotipos oficiales del Instituto de Medicina Legal y Ciencias Forenses.<\/p>\n\n\n\n<p>El comunicado emitido por el Parlamento subraya que Andrea Vidal fue \u201cuna v\u00edctima m\u00e1s del sicariato\u201d y desvincula el hecho de las denuncias por explotaci\u00f3n sexual dentro del Congreso. Esta postura es respaldada principalmente por congresistas que han negado la existencia de la red de prostituci\u00f3n, como el fujimorista Fernando Rospigliosi, quien afirm\u00f3 que no hay pruebas concretas sobre el caso y critic\u00f3 el trabajo de la Comisi\u00f3n de Fiscalizaci\u00f3n.<\/p>\n\n\n\n<figure class=\"wp-block-image size-large\"><img loading=\"lazy\" decoding=\"async\" width=\"1024\" height=\"743\" src=\"https:\/\/pulso27.com\/wp-content\/uploads\/2025\/01\/de8c988e-f2aa-48f1-8dab-5dc43c2bbcac-Photoroom-1024x743.png\" alt=\"\" class=\"wp-image-3656\" srcset=\"https:\/\/pulso27.com\/wp-content\/uploads\/2025\/01\/de8c988e-f2aa-48f1-8dab-5dc43c2bbcac-Photoroom-1024x743.png 1024w, https:\/\/pulso27.com\/wp-content\/uploads\/2025\/01\/de8c988e-f2aa-48f1-8dab-5dc43c2bbcac-Photoroom-300x218.png 300w, https:\/\/pulso27.com\/wp-content\/uploads\/2025\/01\/de8c988e-f2aa-48f1-8dab-5dc43c2bbcac-Photoroom-768x557.png 768w, https:\/\/pulso27.com\/wp-content\/uploads\/2025\/01\/de8c988e-f2aa-48f1-8dab-5dc43c2bbcac-Photoroom-18x12.png 18w, https:\/\/pulso27.com\/wp-content\/uploads\/2025\/01\/de8c988e-f2aa-48f1-8dab-5dc43c2bbcac-Photoroom.png 1090w\" sizes=\"auto, (max-width: 1024px) 100vw, 1024px\" \/><figcaption class=\"wp-element-caption\"><em>Diagn\u00f3stico m\u00e9dico que sospechosamente el Congreso de la Rep\u00fablica viene difundiendo<\/em><\/figcaption><\/figure>\n\n\n\n<p>De acuerdo con la necropsia oficial, Andrea Vidal recibi\u00f3 siete impactos de bala que perforaron zonas vitales como el t\u00f3rax, la cadera y la cabeza, lo que finalmente le provoc\u00f3 la muerte. El ataque ocurri\u00f3 el 9 de diciembre de 2023, mientras se dirig\u00eda a la casa de sus padres en La Victoria. A pesar de la gravedad del crimen, hasta la fecha no se ha identificado ni detenido a los responsables materiales del ataque.<\/p>\n\n\n\n<p>Por su parte, la Fiscal\u00eda mantiene abiertas las investigaciones sobre una red de proxenetismo que operar\u00eda desde la Oficina Legal y Constitucional del Congreso, donde trabajaba Vidal. Se ha citado a declarar a sus excompa\u00f1eras Isabel Cajo y Alexandra Gil, as\u00ed como al expresidente del Parlamento, Alejandro Soto, como parte de las diligencias.<\/p>\n\n\n\n<p>La intenci\u00f3n de modificar las causas del asesinato de Andrea Vidal ha generado cr\u00edticas en la opini\u00f3n p\u00fablica, que percibe estas acciones como un intento de encubrir a los responsables detr\u00e1s de la red de prostituci\u00f3n denunciada. Este caso pone en entredicho la transparencia y la \u00e9tica en el manejo de las investigaciones en el Congreso.<\/p>","protected":false},"excerpt":{"rendered":"<p>El asesinato de Andrea Vidal, exabogada del Congreso de la Rep\u00fablica, sigue generando controversia, esta vez debido a la hip\u00f3tesis promovida por congresistas ligados a la mesa directiva. Seg\u00fan esta versi\u00f3n, el ataque no estaba dirigido a Vidal, sino al taxista que la transportaba, Jos\u00e9 Daniel Vargas Brice\u00f1o, quien recibi\u00f3 16 impactos de bala. Esta [&hellip;]<\/p>\n","protected":false},"author":7,"featured_media":3655,"comment_status":"open","ping_status":"open","sticky":false,"template":"","format":"standard","meta":{"footnotes":""},"categories":[183,180,202],"tags":[839,1993],"class_list":["post-3650","post","type-post","status-publish","format-standard","has-post-thumbnail","hentry","category-actualidad","category-politica","category-sociedad","tag-congresoperu","tag-reddeprostitucion"],"yoast_head":"<!-- This site is optimized with the Yoast SEO plugin v27.4 - https:\/\/yoast.com\/product\/yoast-seo-wordpress\/ -->\n<title>Congreso intenta desviar caso Andrea Vidal y niega relaci\u00f3n con red de prostituci\u00f3n - Pulso27<\/title>\n<meta name=\"robots\" content=\"index, follow, max-snippet:-1, max-image-preview:large, max-video-preview:-1\" \/>\n<link rel=\"canonical\" href=\"https:\/\/pulso27.com\/en\/actualidad\/congreso-intenta-desviar-caso-andrea-vidal-y-niega-relacion-con-red-de-prostitucion\/\" \/>\n<meta property=\"og:locale\" content=\"en_US\" \/>\n<meta property=\"og:type\" content=\"article\" \/>\n<meta property=\"og:title\" content=\"Congreso intenta desviar caso Andrea Vidal y niega relaci\u00f3n con red de prostituci\u00f3n - Pulso27\" \/>\n<meta property=\"og:description\" content=\"El asesinato de Andrea Vidal, exabogada del Congreso de la Rep\u00fablica, sigue generando controversia, esta vez debido a la hip\u00f3tesis promovida por congresistas ligados a la mesa directiva. Seg\u00fan esta versi\u00f3n, el ataque no estaba dirigido a Vidal, sino al taxista que la transportaba, Jos\u00e9 Daniel Vargas Brice\u00f1o, quien recibi\u00f3 16 impactos de bala. Esta [&hellip;]\" \/>\n<meta property=\"og:url\" content=\"https:\/\/pulso27.com\/en\/actualidad\/congreso-intenta-desviar-caso-andrea-vidal-y-niega-relacion-con-red-de-prostitucion\/\" \/>\n<meta property=\"og:site_name\" content=\"Pulso27\" \/>\n<meta property=\"article:publisher\" content=\"https:\/\/www.facebook.com\/pulso27\/\" \/>\n<meta property=\"article:published_time\" content=\"2025-01-17T22:49:00+00:00\" \/>\n<meta property=\"article:modified_time\" content=\"2025-01-17T22:49:05+00:00\" \/>\n<meta property=\"og:image\" content=\"https:\/\/pulso27.com\/wp-content\/uploads\/2025\/01\/RedPross.png\" \/>\n\t<meta property=\"og:image:width\" content=\"1200\" \/>\n\t<meta property=\"og:image:height\" content=\"900\" \/>\n\t<meta property=\"og:image:type\" content=\"image\/png\" \/>\n<meta name=\"author\" content=\"Tupaq\" \/>\n<meta name=\"twitter:card\" content=\"summary_large_image\" \/>\n<meta name=\"twitter:creator\" content=\"@Pulso_27\" \/>\n<meta name=\"twitter:site\" content=\"@Pulso_27\" \/>\n<meta name=\"twitter:label1\" content=\"Written by\" \/>\n\t<meta name=\"twitter:data1\" content=\"Tupaq\" \/>\n\t<meta name=\"twitter:label2\" content=\"Est. reading time\" \/>\n\t<meta name=\"twitter:data2\" content=\"3 minutes\" \/>\n<script type=\"application\/ld+json\" class=\"yoast-schema-graph\">{\"@context\":\"https:\\\/\\\/schema.org\",\"@graph\":[{\"@type\":\"Article\",\"@id\":\"https:\\\/\\\/pulso27.com\\\/actualidad\\\/congreso-intenta-desviar-caso-andrea-vidal-y-niega-relacion-con-red-de-prostitucion\\\/#article\",\"isPartOf\":{\"@id\":\"https:\\\/\\\/pulso27.com\\\/actualidad\\\/congreso-intenta-desviar-caso-andrea-vidal-y-niega-relacion-con-red-de-prostitucion\\\/\"},\"author\":{\"name\":\"Tupaq\",\"@id\":\"https:\\\/\\\/pulso27.com\\\/en\\\/#\\\/schema\\\/person\\\/d20fd7f5bc7f2e53fd150d43fca07a78\"},\"headline\":\"Congreso intenta desviar caso Andrea Vidal y niega relaci\u00f3n con red de prostituci\u00f3n\",\"datePublished\":\"2025-01-17T22:49:00+00:00\",\"dateModified\":\"2025-01-17T22:49:05+00:00\",\"mainEntityOfPage\":{\"@id\":\"https:\\\/\\\/pulso27.com\\\/actualidad\\\/congreso-intenta-desviar-caso-andrea-vidal-y-niega-relacion-con-red-de-prostitucion\\\/\"},\"wordCount\":451,\"commentCount\":0,\"publisher\":{\"@id\":\"https:\\\/\\\/pulso27.com\\\/en\\\/#organization\"},\"image\":{\"@id\":\"https:\\\/\\\/pulso27.com\\\/actualidad\\\/congreso-intenta-desviar-caso-andrea-vidal-y-niega-relacion-con-red-de-prostitucion\\\/#primaryimage\"},\"thumbnailUrl\":\"https:\\\/\\\/pulso27.com\\\/wp-content\\\/uploads\\\/2025\\\/01\\\/RedPross.png\",\"keywords\":[\"CongresoPer\u00fa\",\"RedDeProstituci\u00f3n\"],\"articleSection\":[\"Actualidad\",\"Pol\u00edtica\",\"Sociedad\"],\"inLanguage\":\"en-US\",\"potentialAction\":[{\"@type\":\"CommentAction\",\"name\":\"Comment\",\"target\":[\"https:\\\/\\\/pulso27.com\\\/actualidad\\\/congreso-intenta-desviar-caso-andrea-vidal-y-niega-relacion-con-red-de-prostitucion\\\/#respond\"]}]},{\"@type\":\"WebPage\",\"@id\":\"https:\\\/\\\/pulso27.com\\\/actualidad\\\/congreso-intenta-desviar-caso-andrea-vidal-y-niega-relacion-con-red-de-prostitucion\\\/\",\"url\":\"https:\\\/\\\/pulso27.com\\\/actualidad\\\/congreso-intenta-desviar-caso-andrea-vidal-y-niega-relacion-con-red-de-prostitucion\\\/\",\"name\":\"Congreso intenta desviar caso Andrea Vidal y niega relaci\u00f3n con red de prostituci\u00f3n - Pulso27\",\"isPartOf\":{\"@id\":\"https:\\\/\\\/pulso27.com\\\/en\\\/#website\"},\"primaryImageOfPage\":{\"@id\":\"https:\\\/\\\/pulso27.com\\\/actualidad\\\/congreso-intenta-desviar-caso-andrea-vidal-y-niega-relacion-con-red-de-prostitucion\\\/#primaryimage\"},\"image\":{\"@id\":\"https:\\\/\\\/pulso27.com\\\/actualidad\\\/congreso-intenta-desviar-caso-andrea-vidal-y-niega-relacion-con-red-de-prostitucion\\\/#primaryimage\"},\"thumbnailUrl\":\"https:\\\/\\\/pulso27.com\\\/wp-content\\\/uploads\\\/2025\\\/01\\\/RedPross.png\",\"datePublished\":\"2025-01-17T22:49:00+00:00\",\"dateModified\":\"2025-01-17T22:49:05+00:00\",\"breadcrumb\":{\"@id\":\"https:\\\/\\\/pulso27.com\\\/actualidad\\\/congreso-intenta-desviar-caso-andrea-vidal-y-niega-relacion-con-red-de-prostitucion\\\/#breadcrumb\"},\"inLanguage\":\"en-US\",\"potentialAction\":[{\"@type\":\"ReadAction\",\"target\":[\"https:\\\/\\\/pulso27.com\\\/actualidad\\\/congreso-intenta-desviar-caso-andrea-vidal-y-niega-relacion-con-red-de-prostitucion\\\/\"]}]},{\"@type\":\"ImageObject\",\"inLanguage\":\"en-US\",\"@id\":\"https:\\\/\\\/pulso27.com\\\/actualidad\\\/congreso-intenta-desviar-caso-andrea-vidal-y-niega-relacion-con-red-de-prostitucion\\\/#primaryimage\",\"url\":\"https:\\\/\\\/pulso27.com\\\/wp-content\\\/uploads\\\/2025\\\/01\\\/RedPross.png\",\"contentUrl\":\"https:\\\/\\\/pulso27.com\\\/wp-content\\\/uploads\\\/2025\\\/01\\\/RedPross.png\",\"width\":1200,\"height\":900},{\"@type\":\"BreadcrumbList\",\"@id\":\"https:\\\/\\\/pulso27.com\\\/actualidad\\\/congreso-intenta-desviar-caso-andrea-vidal-y-niega-relacion-con-red-de-prostitucion\\\/#breadcrumb\",\"itemListElement\":[{\"@type\":\"ListItem\",\"position\":1,\"name\":\"Portada\",\"item\":\"https:\\\/\\\/pulso27.com\\\/\"},{\"@type\":\"ListItem\",\"position\":2,\"name\":\"Congreso intenta desviar caso Andrea Vidal y niega relaci\u00f3n con red de prostituci\u00f3n\"}]},{\"@type\":\"WebSite\",\"@id\":\"https:\\\/\\\/pulso27.com\\\/en\\\/#website\",\"url\":\"https:\\\/\\\/pulso27.com\\\/en\\\/\",\"name\":\"Pulso27\",\"description\":\"Web de noticias y publicidad\",\"publisher\":{\"@id\":\"https:\\\/\\\/pulso27.com\\\/en\\\/#organization\"},\"alternateName\":\"El pulso del pueblo\",\"potentialAction\":[{\"@type\":\"SearchAction\",\"target\":{\"@type\":\"EntryPoint\",\"urlTemplate\":\"https:\\\/\\\/pulso27.com\\\/en\\\/?s={search_term_string}\"},\"query-input\":{\"@type\":\"PropertyValueSpecification\",\"valueRequired\":true,\"valueName\":\"search_term_string\"}}],\"inLanguage\":\"en-US\"},{\"@type\":\"Organization\",\"@id\":\"https:\\\/\\\/pulso27.com\\\/en\\\/#organization\",\"name\":\"Pulso27\",\"url\":\"https:\\\/\\\/pulso27.com\\\/en\\\/\",\"logo\":{\"@type\":\"ImageObject\",\"inLanguage\":\"en-US\",\"@id\":\"https:\\\/\\\/pulso27.com\\\/en\\\/#\\\/schema\\\/logo\\\/image\\\/\",\"url\":\"https:\\\/\\\/pulso27.com\\\/wp-content\\\/uploads\\\/2026\\\/02\\\/Logotipo-de-la-organizacion-696-x-696-px-ok.png\",\"contentUrl\":\"https:\\\/\\\/pulso27.com\\\/wp-content\\\/uploads\\\/2026\\\/02\\\/Logotipo-de-la-organizacion-696-x-696-px-ok.png\",\"width\":696,\"height\":696,\"caption\":\"Pulso27\"},\"image\":{\"@id\":\"https:\\\/\\\/pulso27.com\\\/en\\\/#\\\/schema\\\/logo\\\/image\\\/\"},\"sameAs\":[\"https:\\\/\\\/www.facebook.com\\\/pulso27\\\/\",\"https:\\\/\\\/x.com\\\/Pulso_27\",\"https:\\\/\\\/www.youtube.com\\\/@Pulso27\",\"https:\\\/\\\/www.tiktok.com\\\/@pulso_27\"]},{\"@type\":\"Person\",\"@id\":\"https:\\\/\\\/pulso27.com\\\/en\\\/#\\\/schema\\\/person\\\/d20fd7f5bc7f2e53fd150d43fca07a78\",\"name\":\"Tupaq\",\"image\":{\"@type\":\"ImageObject\",\"inLanguage\":\"en-US\",\"@id\":\"https:\\\/\\\/secure.gravatar.com\\\/avatar\\\/7929e9b034aeea560319a601e4f04c59eb5f45a79eafe192adabb67e9604e7e7?s=96&d=mm&r=g\",\"url\":\"https:\\\/\\\/secure.gravatar.com\\\/avatar\\\/7929e9b034aeea560319a601e4f04c59eb5f45a79eafe192adabb67e9604e7e7?s=96&d=mm&r=g\",\"contentUrl\":\"https:\\\/\\\/secure.gravatar.com\\\/avatar\\\/7929e9b034aeea560319a601e4f04c59eb5f45a79eafe192adabb67e9604e7e7?s=96&d=mm&r=g\",\"caption\":\"Tupaq\"},\"url\":\"https:\\\/\\\/pulso27.com\\\/en\\\/author\\\/tupaq\\\/\"}]}<\/script>\n<!-- \/ Yoast SEO plugin. -->","yoast_head_json":{"title":"Congreso intenta desviar caso Andrea Vidal y niega relaci\u00f3n con red de prostituci\u00f3n - Pulso27","robots":{"index":"index","follow":"follow","max-snippet":"max-snippet:-1","max-image-preview":"max-image-preview:large","max-video-preview":"max-video-preview:-1"},"canonical":"https:\/\/pulso27.com\/en\/actualidad\/congreso-intenta-desviar-caso-andrea-vidal-y-niega-relacion-con-red-de-prostitucion\/","og_locale":"en_US","og_type":"article","og_title":"Congreso intenta desviar caso Andrea Vidal y niega relaci\u00f3n con red de prostituci\u00f3n - Pulso27","og_description":"El asesinato de Andrea Vidal, exabogada del Congreso de la Rep\u00fablica, sigue generando controversia, esta vez debido a la hip\u00f3tesis promovida por congresistas ligados a la mesa directiva. Seg\u00fan esta versi\u00f3n, el ataque no estaba dirigido a Vidal, sino al taxista que la transportaba, Jos\u00e9 Daniel Vargas Brice\u00f1o, quien recibi\u00f3 16 impactos de bala. Esta [&hellip;]","og_url":"https:\/\/pulso27.com\/en\/actualidad\/congreso-intenta-desviar-caso-andrea-vidal-y-niega-relacion-con-red-de-prostitucion\/","og_site_name":"Pulso27","article_publisher":"https:\/\/www.facebook.com\/pulso27\/","article_published_time":"2025-01-17T22:49:00+00:00","article_modified_time":"2025-01-17T22:49:05+00:00","og_image":[{"width":1200,"height":900,"url":"https:\/\/pulso27.com\/wp-content\/uploads\/2025\/01\/RedPross.png","type":"image\/png"}],"author":"Tupaq","twitter_card":"summary_large_image","twitter_creator":"@Pulso_27","twitter_site":"@Pulso_27","twitter_misc":{"Written by":"Tupaq","Est. reading time":"3 minutes"},"schema":{"@context":"https:\/\/schema.org","@graph":[{"@type":"Article","@id":"https:\/\/pulso27.com\/actualidad\/congreso-intenta-desviar-caso-andrea-vidal-y-niega-relacion-con-red-de-prostitucion\/#article","isPartOf":{"@id":"https:\/\/pulso27.com\/actualidad\/congreso-intenta-desviar-caso-andrea-vidal-y-niega-relacion-con-red-de-prostitucion\/"},"author":{"name":"Tupaq","@id":"https:\/\/pulso27.com\/en\/#\/schema\/person\/d20fd7f5bc7f2e53fd150d43fca07a78"},"headline":"Congreso intenta desviar caso Andrea Vidal y niega relaci\u00f3n con red de prostituci\u00f3n","datePublished":"2025-01-17T22:49:00+00:00","dateModified":"2025-01-17T22:49:05+00:00","mainEntityOfPage":{"@id":"https:\/\/pulso27.com\/actualidad\/congreso-intenta-desviar-caso-andrea-vidal-y-niega-relacion-con-red-de-prostitucion\/"},"wordCount":451,"commentCount":0,"publisher":{"@id":"https:\/\/pulso27.com\/en\/#organization"},"image":{"@id":"https:\/\/pulso27.com\/actualidad\/congreso-intenta-desviar-caso-andrea-vidal-y-niega-relacion-con-red-de-prostitucion\/#primaryimage"},"thumbnailUrl":"https:\/\/pulso27.com\/wp-content\/uploads\/2025\/01\/RedPross.png","keywords":["CongresoPer\u00fa","RedDeProstituci\u00f3n"],"articleSection":["Actualidad","Pol\u00edtica","Sociedad"],"inLanguage":"en-US","potentialAction":[{"@type":"CommentAction","name":"Comment","target":["https:\/\/pulso27.com\/actualidad\/congreso-intenta-desviar-caso-andrea-vidal-y-niega-relacion-con-red-de-prostitucion\/#respond"]}]},{"@type":"WebPage","@id":"https:\/\/pulso27.com\/actualidad\/congreso-intenta-desviar-caso-andrea-vidal-y-niega-relacion-con-red-de-prostitucion\/","url":"https:\/\/pulso27.com\/actualidad\/congreso-intenta-desviar-caso-andrea-vidal-y-niega-relacion-con-red-de-prostitucion\/","name":"Congreso intenta desviar caso Andrea Vidal y niega relaci\u00f3n con red de prostituci\u00f3n - Pulso27","isPartOf":{"@id":"https:\/\/pulso27.com\/en\/#website"},"primaryImageOfPage":{"@id":"https:\/\/pulso27.com\/actualidad\/congreso-intenta-desviar-caso-andrea-vidal-y-niega-relacion-con-red-de-prostitucion\/#primaryimage"},"image":{"@id":"https:\/\/pulso27.com\/actualidad\/congreso-intenta-desviar-caso-andrea-vidal-y-niega-relacion-con-red-de-prostitucion\/#primaryimage"},"thumbnailUrl":"https:\/\/pulso27.com\/wp-content\/uploads\/2025\/01\/RedPross.png","datePublished":"2025-01-17T22:49:00+00:00","dateModified":"2025-01-17T22:49:05+00:00","breadcrumb":{"@id":"https:\/\/pulso27.com\/actualidad\/congreso-intenta-desviar-caso-andrea-vidal-y-niega-relacion-con-red-de-prostitucion\/#breadcrumb"},"inLanguage":"en-US","potentialAction":[{"@type":"ReadAction","target":["https:\/\/pulso27.com\/actualidad\/congreso-intenta-desviar-caso-andrea-vidal-y-niega-relacion-con-red-de-prostitucion\/"]}]},{"@type":"ImageObject","inLanguage":"en-US","@id":"https:\/\/pulso27.com\/actualidad\/congreso-intenta-desviar-caso-andrea-vidal-y-niega-relacion-con-red-de-prostitucion\/#primaryimage","url":"https:\/\/pulso27.com\/wp-content\/uploads\/2025\/01\/RedPross.png","contentUrl":"https:\/\/pulso27.com\/wp-content\/uploads\/2025\/01\/RedPross.png","width":1200,"height":900},{"@type":"BreadcrumbList","@id":"https:\/\/pulso27.com\/actualidad\/congreso-intenta-desviar-caso-andrea-vidal-y-niega-relacion-con-red-de-prostitucion\/#breadcrumb","itemListElement":[{"@type":"ListItem","position":1,"name":"Portada","item":"https:\/\/pulso27.com\/"},{"@type":"ListItem","position":2,"name":"Congreso intenta desviar caso Andrea Vidal y niega relaci\u00f3n con red de prostituci\u00f3n"}]},{"@type":"WebSite","@id":"https:\/\/pulso27.com\/en\/#website","url":"https:\/\/pulso27.com\/en\/","name":"Pulso27","description":"Web de noticias y publicidad","publisher":{"@id":"https:\/\/pulso27.com\/en\/#organization"},"alternateName":"El pulso del pueblo","potentialAction":[{"@type":"SearchAction","target":{"@type":"EntryPoint","urlTemplate":"https:\/\/pulso27.com\/en\/?s={search_term_string}"},"query-input":{"@type":"PropertyValueSpecification","valueRequired":true,"valueName":"search_term_string"}}],"inLanguage":"en-US"},{"@type":"Organization","@id":"https:\/\/pulso27.com\/en\/#organization","name":"Pulso27","url":"https:\/\/pulso27.com\/en\/","logo":{"@type":"ImageObject","inLanguage":"en-US","@id":"https:\/\/pulso27.com\/en\/#\/schema\/logo\/image\/","url":"https:\/\/pulso27.com\/wp-content\/uploads\/2026\/02\/Logotipo-de-la-organizacion-696-x-696-px-ok.png","contentUrl":"https:\/\/pulso27.com\/wp-content\/uploads\/2026\/02\/Logotipo-de-la-organizacion-696-x-696-px-ok.png","width":696,"height":696,"caption":"Pulso27"},"image":{"@id":"https:\/\/pulso27.com\/en\/#\/schema\/logo\/image\/"},"sameAs":["https:\/\/www.facebook.com\/pulso27\/","https:\/\/x.com\/Pulso_27","https:\/\/www.youtube.com\/@Pulso27","https:\/\/www.tiktok.com\/@pulso_27"]},{"@type":"Person","@id":"https:\/\/pulso27.com\/en\/#\/schema\/person\/d20fd7f5bc7f2e53fd150d43fca07a78","name":"Tupaq","image":{"@type":"ImageObject","inLanguage":"en-US","@id":"https:\/\/secure.gravatar.com\/avatar\/7929e9b034aeea560319a601e4f04c59eb5f45a79eafe192adabb67e9604e7e7?s=96&d=mm&r=g","url":"https:\/\/secure.gravatar.com\/avatar\/7929e9b034aeea560319a601e4f04c59eb5f45a79eafe192adabb67e9604e7e7?s=96&d=mm&r=g","contentUrl":"https:\/\/secure.gravatar.com\/avatar\/7929e9b034aeea560319a601e4f04c59eb5f45a79eafe192adabb67e9604e7e7?s=96&d=mm&r=g","caption":"Tupaq"},"url":"https:\/\/pulso27.com\/en\/author\/tupaq\/"}]}},"amp_enabled":true,"_links":{"self":[{"href":"https:\/\/pulso27.com\/en\/wp-json\/wp\/v2\/posts\/3650","targetHints":{"allow":["GET"]}}],"collection":[{"href":"https:\/\/pulso27.com\/en\/wp-json\/wp\/v2\/posts"}],"about":[{"href":"https:\/\/pulso27.com\/en\/wp-json\/wp\/v2\/types\/post"}],"author":[{"embeddable":true,"href":"https:\/\/pulso27.com\/en\/wp-json\/wp\/v2\/users\/7"}],"replies":[{"embeddable":true,"href":"https:\/\/pulso27.com\/en\/wp-json\/wp\/v2\/comments?post=3650"}],"version-history":[{"count":1,"href":"https:\/\/pulso27.com\/en\/wp-json\/wp\/v2\/posts\/3650\/revisions"}],"predecessor-version":[{"id":3657,"href":"https:\/\/pulso27.com\/en\/wp-json\/wp\/v2\/posts\/3650\/revisions\/3657"}],"wp:featuredmedia":[{"embeddable":true,"href":"https:\/\/pulso27.com\/en\/wp-json\/wp\/v2\/media\/3655"}],"wp:attachment":[{"href":"https:\/\/pulso27.com\/en\/wp-json\/wp\/v2\/media?parent=3650"}],"wp:term":[{"taxonomy":"category","embeddable":true,"href":"https:\/\/pulso27.com\/en\/wp-json\/wp\/v2\/categories?post=3650"},{"taxonomy":"post_tag","embeddable":true,"href":"https:\/\/pulso27.com\/en\/wp-json\/wp\/v2\/tags?post=3650"}],"curies":[{"name":"wp","href":"https:\/\/api.w.org\/{rel}","templated":true}]}}