{"id":3668,"date":"2025-01-18T09:37:36","date_gmt":"2025-01-18T04:37:36","guid":{"rendered":"https:\/\/pulso27.com\/?p=3668"},"modified":"2025-01-18T09:38:10","modified_gmt":"2025-01-18T04:38:10","slug":"lima-celebra-490-anos-de-fundacion-festivos-contrastes-entre-tradicion-desafios-urbanos-y-la-polemica-visita-de-diaz-ayuso","status":"publish","type":"post","link":"https:\/\/pulso27.com\/en\/actualidad\/lima-celebra-490-anos-de-fundacion-festivos-contrastes-entre-tradicion-desafios-urbanos-y-la-polemica-visita-de-diaz-ayuso\/","title":{"rendered":"Lima celebra 490 a\u00f1os de fundaci\u00f3n: festivos contrastes entre tradici\u00f3n, desaf\u00edos urbanos y la pol\u00e9mica visita de D\u00edaz Ayuso"},"content":{"rendered":"<p>Lima conmemora este 18 de enero su 490\u00b0 aniversario de fundaci\u00f3n con una agenda cultural y festiva que resalta su rica historia. Sin embargo, los festejos tambi\u00e9n han dejado al descubierto los desaf\u00edos que enfrenta la ciudad en su d\u00eda a d\u00eda, desde problemas de infraestructura hasta la necesidad de mejorar servicios b\u00e1sicos y garantizar la seguridad ciudadana.<\/p>\n\n\n\n<p>Entre los puntos m\u00e1s cr\u00edticos, resalta la <strong>gesti\u00f3n del espacio p\u00fablico<\/strong>, evidenciada durante los eventos masivos organizados en el Centro Hist\u00f3rico. La Plaza de Armas, epicentro de la celebraci\u00f3n, qued\u00f3 saturada por la afluencia de asistentes, complicando accesos para emergencias y mostrando la falta de planificaci\u00f3n en infraestructura temporal, como ba\u00f1os p\u00fablicos y sistemas de limpieza.<\/p>\n\n\n\n<figure class=\"wp-block-image size-large\"><img loading=\"lazy\" decoding=\"async\" width=\"918\" height=\"1024\" src=\"https:\/\/pulso27.com\/wp-content\/uploads\/2025\/01\/image-52-918x1024.png\" alt=\"\" class=\"wp-image-3670\" srcset=\"https:\/\/pulso27.com\/wp-content\/uploads\/2025\/01\/image-52-918x1024.png 918w, https:\/\/pulso27.com\/wp-content\/uploads\/2025\/01\/image-52-269x300.png 269w, https:\/\/pulso27.com\/wp-content\/uploads\/2025\/01\/image-52-768x857.png 768w, https:\/\/pulso27.com\/wp-content\/uploads\/2025\/01\/image-52-11x12.png 11w, https:\/\/pulso27.com\/wp-content\/uploads\/2025\/01\/image-52.png 1200w\" sizes=\"auto, (max-width: 918px) 100vw, 918px\" \/><\/figure>\n\n\n\n<p>El <strong>transporte urbano<\/strong>, otra problem\u00e1tica recurrente, qued\u00f3 en evidencia con el caos vehicular generado en torno a las festividades. La falta de un sistema integrado y sostenible agrava el tr\u00e1fico habitual de la ciudad, limitando la movilidad tanto en d\u00edas festivos como en la rutina diaria de los lime\u00f1os.<\/p>\n\n\n\n<p>La <strong>seguridad<\/strong> es otro gran pendiente. Aunque la Polic\u00eda Nacional despleg\u00f3 efectivos en las principales calles del Centro Hist\u00f3rico, la cobertura fue insuficiente para garantizar una experiencia tranquila y organizada en eventos masivos.<\/p>\n\n\n\n<p>Adem\u00e1s, el aniversario estuvo marcado por la pol\u00e9mica visita de Isabel D\u00edaz Ayuso, presidenta de la Comunidad de Madrid. Invitada por el alcalde Rafael L\u00f3pez Aliaga, su presencia y condecoraci\u00f3n con la Orden al M\u00e9rito generaron cr\u00edticas en redes sociales, en un contexto donde sectores de la ciudadan\u00eda cuestionan la pertinencia de homenajes que rememoran v\u00ednculos coloniales.<\/p>\n\n\n\n<figure class=\"wp-block-image size-large\"><img loading=\"lazy\" decoding=\"async\" width=\"1024\" height=\"576\" src=\"https:\/\/pulso27.com\/wp-content\/uploads\/2025\/01\/image-53-1024x576.png\" alt=\"\" class=\"wp-image-3671\" srcset=\"https:\/\/pulso27.com\/wp-content\/uploads\/2025\/01\/image-53-1024x576.png 1024w, https:\/\/pulso27.com\/wp-content\/uploads\/2025\/01\/image-53-300x169.png 300w, https:\/\/pulso27.com\/wp-content\/uploads\/2025\/01\/image-53-768x432.png 768w, https:\/\/pulso27.com\/wp-content\/uploads\/2025\/01\/image-53-18x10.png 18w, https:\/\/pulso27.com\/wp-content\/uploads\/2025\/01\/image-53.png 1200w\" sizes=\"auto, (max-width: 1024px) 100vw, 1024px\" \/><\/figure>\n\n\n\n<p>A pesar de estas tensiones, Lima vive una fiesta marcada por su identidad cultural. Entre las actividades destacadas se encuentran presentaciones de artistas locales como Daniela Darcourt y Armon\u00eda 10, as\u00ed como eventos tradicionales como la misa y tedeum en la Catedral de Lima y la develaci\u00f3n de esculturas de personajes hist\u00f3ricos, como Taulichusco, \u00faltimo curaca lime\u00f1o.<\/p>\n\n\n\n<p>La celebraci\u00f3n de los 490 a\u00f1os de la \u00abCiudad de los Reyes\u00bb sirve como recordatorio no solo de su legado hist\u00f3rico, sino tambi\u00e9n de la urgente necesidad de soluciones integrales para sus persistentes problemas urbanos.<\/p>","protected":false},"excerpt":{"rendered":"<p>Lima conmemora este 18 de enero su 490\u00b0 aniversario de fundaci\u00f3n con una agenda cultural y festiva que resalta su rica historia. Sin embargo, los festejos tambi\u00e9n han dejado al descubierto los desaf\u00edos que enfrenta la ciudad en su d\u00eda a d\u00eda, desde problemas de infraestructura hasta la necesidad de mejorar servicios b\u00e1sicos y garantizar [&hellip;]<\/p>\n","protected":false},"author":10,"featured_media":3672,"comment_status":"open","ping_status":"open","sticky":false,"template":"","format":"standard","meta":{"footnotes":""},"categories":[183,174,180],"tags":[],"class_list":["post-3668","post","type-post","status-publish","format-standard","has-post-thumbnail","hentry","category-actualidad","category-nacional","category-politica"],"yoast_head":"<!-- This site is optimized with the Yoast SEO plugin v27.4 - https:\/\/yoast.com\/product\/yoast-seo-wordpress\/ -->\n<title>Lima celebra 490 a\u00f1os de fundaci\u00f3n: festivos contrastes entre tradici\u00f3n, desaf\u00edos urbanos y la pol\u00e9mica visita de D\u00edaz Ayuso - Pulso27<\/title>\n<meta name=\"robots\" content=\"index, follow, max-snippet:-1, max-image-preview:large, max-video-preview:-1\" \/>\n<link rel=\"canonical\" href=\"https:\/\/pulso27.com\/en\/nacional\/lima-celebra-490-anos-de-fundacion-festivos-contrastes-entre-tradicion-desafios-urbanos-y-la-polemica-visita-de-diaz-ayuso\/\" \/>\n<meta property=\"og:locale\" content=\"en_US\" \/>\n<meta property=\"og:type\" content=\"article\" \/>\n<meta property=\"og:title\" content=\"Lima celebra 490 a\u00f1os de fundaci\u00f3n: festivos contrastes entre tradici\u00f3n, desaf\u00edos urbanos y la pol\u00e9mica visita de D\u00edaz Ayuso - Pulso27\" \/>\n<meta property=\"og:description\" content=\"Lima conmemora este 18 de enero su 490\u00b0 aniversario de fundaci\u00f3n con una agenda cultural y festiva que resalta su rica historia. Sin embargo, los festejos tambi\u00e9n han dejado al descubierto los desaf\u00edos que enfrenta la ciudad en su d\u00eda a d\u00eda, desde problemas de infraestructura hasta la necesidad de mejorar servicios b\u00e1sicos y garantizar [&hellip;]\" \/>\n<meta property=\"og:url\" content=\"https:\/\/pulso27.com\/en\/nacional\/lima-celebra-490-anos-de-fundacion-festivos-contrastes-entre-tradicion-desafios-urbanos-y-la-polemica-visita-de-diaz-ayuso\/\" \/>\n<meta property=\"og:site_name\" content=\"Pulso27\" \/>\n<meta property=\"article:publisher\" content=\"https:\/\/www.facebook.com\/pulso27\/\" \/>\n<meta property=\"article:published_time\" content=\"2025-01-18T04:37:36+00:00\" \/>\n<meta property=\"article:modified_time\" content=\"2025-01-18T04:38:10+00:00\" \/>\n<meta property=\"og:image\" content=\"https:\/\/pulso27.com\/wp-content\/uploads\/2025\/01\/Limaa-1024x768.png\" \/>\n\t<meta property=\"og:image:width\" content=\"1024\" \/>\n\t<meta property=\"og:image:height\" content=\"768\" \/>\n\t<meta property=\"og:image:type\" content=\"image\/png\" \/>\n<meta name=\"author\" content=\"El Muki\" \/>\n<meta name=\"twitter:card\" content=\"summary_large_image\" \/>\n<meta name=\"twitter:creator\" content=\"@Pulso_27\" \/>\n<meta name=\"twitter:site\" content=\"@Pulso_27\" \/>\n<meta name=\"twitter:label1\" content=\"Written by\" \/>\n\t<meta name=\"twitter:data1\" content=\"El Muki\" \/>\n\t<meta name=\"twitter:label2\" content=\"Est. reading time\" \/>\n\t<meta name=\"twitter:data2\" content=\"3 minutes\" \/>\n<script type=\"application\/ld+json\" class=\"yoast-schema-graph\">{\"@context\":\"https:\\\/\\\/schema.org\",\"@graph\":[{\"@type\":\"Article\",\"@id\":\"https:\\\/\\\/pulso27.com\\\/nacional\\\/lima-celebra-490-anos-de-fundacion-festivos-contrastes-entre-tradicion-desafios-urbanos-y-la-polemica-visita-de-diaz-ayuso\\\/#article\",\"isPartOf\":{\"@id\":\"https:\\\/\\\/pulso27.com\\\/nacional\\\/lima-celebra-490-anos-de-fundacion-festivos-contrastes-entre-tradicion-desafios-urbanos-y-la-polemica-visita-de-diaz-ayuso\\\/\"},\"author\":{\"name\":\"El Muki\",\"@id\":\"https:\\\/\\\/pulso27.com\\\/en\\\/#\\\/schema\\\/person\\\/a0930a7f318e7d9d83bd7cffed9f34f6\"},\"headline\":\"Lima celebra 490 a\u00f1os de fundaci\u00f3n: festivos contrastes entre tradici\u00f3n, desaf\u00edos urbanos y la pol\u00e9mica visita de D\u00edaz Ayuso\",\"datePublished\":\"2025-01-18T04:37:36+00:00\",\"dateModified\":\"2025-01-18T04:38:10+00:00\",\"mainEntityOfPage\":{\"@id\":\"https:\\\/\\\/pulso27.com\\\/nacional\\\/lima-celebra-490-anos-de-fundacion-festivos-contrastes-entre-tradicion-desafios-urbanos-y-la-polemica-visita-de-diaz-ayuso\\\/\"},\"wordCount\":403,\"commentCount\":0,\"publisher\":{\"@id\":\"https:\\\/\\\/pulso27.com\\\/en\\\/#organization\"},\"image\":{\"@id\":\"https:\\\/\\\/pulso27.com\\\/nacional\\\/lima-celebra-490-anos-de-fundacion-festivos-contrastes-entre-tradicion-desafios-urbanos-y-la-polemica-visita-de-diaz-ayuso\\\/#primaryimage\"},\"thumbnailUrl\":\"https:\\\/\\\/pulso27.com\\\/wp-content\\\/uploads\\\/2025\\\/01\\\/Limaa.png\",\"articleSection\":[\"Actualidad\",\"Nacional\",\"Pol\u00edtica\"],\"inLanguage\":\"en-US\",\"potentialAction\":[{\"@type\":\"CommentAction\",\"name\":\"Comment\",\"target\":[\"https:\\\/\\\/pulso27.com\\\/nacional\\\/lima-celebra-490-anos-de-fundacion-festivos-contrastes-entre-tradicion-desafios-urbanos-y-la-polemica-visita-de-diaz-ayuso\\\/#respond\"]}]},{\"@type\":\"WebPage\",\"@id\":\"https:\\\/\\\/pulso27.com\\\/nacional\\\/lima-celebra-490-anos-de-fundacion-festivos-contrastes-entre-tradicion-desafios-urbanos-y-la-polemica-visita-de-diaz-ayuso\\\/\",\"url\":\"https:\\\/\\\/pulso27.com\\\/nacional\\\/lima-celebra-490-anos-de-fundacion-festivos-contrastes-entre-tradicion-desafios-urbanos-y-la-polemica-visita-de-diaz-ayuso\\\/\",\"name\":\"Lima celebra 490 a\u00f1os de fundaci\u00f3n: festivos contrastes entre tradici\u00f3n, desaf\u00edos urbanos y la pol\u00e9mica visita de D\u00edaz Ayuso - Pulso27\",\"isPartOf\":{\"@id\":\"https:\\\/\\\/pulso27.com\\\/en\\\/#website\"},\"primaryImageOfPage\":{\"@id\":\"https:\\\/\\\/pulso27.com\\\/nacional\\\/lima-celebra-490-anos-de-fundacion-festivos-contrastes-entre-tradicion-desafios-urbanos-y-la-polemica-visita-de-diaz-ayuso\\\/#primaryimage\"},\"image\":{\"@id\":\"https:\\\/\\\/pulso27.com\\\/nacional\\\/lima-celebra-490-anos-de-fundacion-festivos-contrastes-entre-tradicion-desafios-urbanos-y-la-polemica-visita-de-diaz-ayuso\\\/#primaryimage\"},\"thumbnailUrl\":\"https:\\\/\\\/pulso27.com\\\/wp-content\\\/uploads\\\/2025\\\/01\\\/Limaa.png\",\"datePublished\":\"2025-01-18T04:37:36+00:00\",\"dateModified\":\"2025-01-18T04:38:10+00:00\",\"breadcrumb\":{\"@id\":\"https:\\\/\\\/pulso27.com\\\/nacional\\\/lima-celebra-490-anos-de-fundacion-festivos-contrastes-entre-tradicion-desafios-urbanos-y-la-polemica-visita-de-diaz-ayuso\\\/#breadcrumb\"},\"inLanguage\":\"en-US\",\"potentialAction\":[{\"@type\":\"ReadAction\",\"target\":[\"https:\\\/\\\/pulso27.com\\\/nacional\\\/lima-celebra-490-anos-de-fundacion-festivos-contrastes-entre-tradicion-desafios-urbanos-y-la-polemica-visita-de-diaz-ayuso\\\/\"]}]},{\"@type\":\"ImageObject\",\"inLanguage\":\"en-US\",\"@id\":\"https:\\\/\\\/pulso27.com\\\/nacional\\\/lima-celebra-490-anos-de-fundacion-festivos-contrastes-entre-tradicion-desafios-urbanos-y-la-polemica-visita-de-diaz-ayuso\\\/#primaryimage\",\"url\":\"https:\\\/\\\/pulso27.com\\\/wp-content\\\/uploads\\\/2025\\\/01\\\/Limaa.png\",\"contentUrl\":\"https:\\\/\\\/pulso27.com\\\/wp-content\\\/uploads\\\/2025\\\/01\\\/Limaa.png\",\"width\":1200,\"height\":900},{\"@type\":\"BreadcrumbList\",\"@id\":\"https:\\\/\\\/pulso27.com\\\/nacional\\\/lima-celebra-490-anos-de-fundacion-festivos-contrastes-entre-tradicion-desafios-urbanos-y-la-polemica-visita-de-diaz-ayuso\\\/#breadcrumb\",\"itemListElement\":[{\"@type\":\"ListItem\",\"position\":1,\"name\":\"Portada\",\"item\":\"https:\\\/\\\/pulso27.com\\\/\"},{\"@type\":\"ListItem\",\"position\":2,\"name\":\"Lima celebra 490 a\u00f1os de fundaci\u00f3n: festivos contrastes entre tradici\u00f3n, desaf\u00edos urbanos y la pol\u00e9mica visita de D\u00edaz Ayuso\"}]},{\"@type\":\"WebSite\",\"@id\":\"https:\\\/\\\/pulso27.com\\\/en\\\/#website\",\"url\":\"https:\\\/\\\/pulso27.com\\\/en\\\/\",\"name\":\"Pulso27\",\"description\":\"Web de noticias y publicidad\",\"publisher\":{\"@id\":\"https:\\\/\\\/pulso27.com\\\/en\\\/#organization\"},\"alternateName\":\"El pulso del pueblo\",\"potentialAction\":[{\"@type\":\"SearchAction\",\"target\":{\"@type\":\"EntryPoint\",\"urlTemplate\":\"https:\\\/\\\/pulso27.com\\\/en\\\/?s={search_term_string}\"},\"query-input\":{\"@type\":\"PropertyValueSpecification\",\"valueRequired\":true,\"valueName\":\"search_term_string\"}}],\"inLanguage\":\"en-US\"},{\"@type\":\"Organization\",\"@id\":\"https:\\\/\\\/pulso27.com\\\/en\\\/#organization\",\"name\":\"Pulso27\",\"url\":\"https:\\\/\\\/pulso27.com\\\/en\\\/\",\"logo\":{\"@type\":\"ImageObject\",\"inLanguage\":\"en-US\",\"@id\":\"https:\\\/\\\/pulso27.com\\\/en\\\/#\\\/schema\\\/logo\\\/image\\\/\",\"url\":\"https:\\\/\\\/pulso27.com\\\/wp-content\\\/uploads\\\/2026\\\/02\\\/Logotipo-de-la-organizacion-696-x-696-px-ok.png\",\"contentUrl\":\"https:\\\/\\\/pulso27.com\\\/wp-content\\\/uploads\\\/2026\\\/02\\\/Logotipo-de-la-organizacion-696-x-696-px-ok.png\",\"width\":696,\"height\":696,\"caption\":\"Pulso27\"},\"image\":{\"@id\":\"https:\\\/\\\/pulso27.com\\\/en\\\/#\\\/schema\\\/logo\\\/image\\\/\"},\"sameAs\":[\"https:\\\/\\\/www.facebook.com\\\/pulso27\\\/\",\"https:\\\/\\\/x.com\\\/Pulso_27\",\"https:\\\/\\\/www.youtube.com\\\/@Pulso27\",\"https:\\\/\\\/www.tiktok.com\\\/@pulso_27\"]},{\"@type\":\"Person\",\"@id\":\"https:\\\/\\\/pulso27.com\\\/en\\\/#\\\/schema\\\/person\\\/a0930a7f318e7d9d83bd7cffed9f34f6\",\"name\":\"El Muki\",\"image\":{\"@type\":\"ImageObject\",\"inLanguage\":\"en-US\",\"@id\":\"https:\\\/\\\/secure.gravatar.com\\\/avatar\\\/dc91c2607c5eebda74cbb40d13031f489096c96ead89c4c30c17db262267b2b3?s=96&d=mm&r=g\",\"url\":\"https:\\\/\\\/secure.gravatar.com\\\/avatar\\\/dc91c2607c5eebda74cbb40d13031f489096c96ead89c4c30c17db262267b2b3?s=96&d=mm&r=g\",\"contentUrl\":\"https:\\\/\\\/secure.gravatar.com\\\/avatar\\\/dc91c2607c5eebda74cbb40d13031f489096c96ead89c4c30c17db262267b2b3?s=96&d=mm&r=g\",\"caption\":\"El Muki\"},\"sameAs\":[\"http:\\\/\\\/www.pulso27.com\"],\"url\":\"https:\\\/\\\/pulso27.com\\\/en\\\/author\\\/elcuervo\\\/\"}]}<\/script>\n<!-- \/ Yoast SEO plugin. -->","yoast_head_json":{"title":"Lima celebra 490 a\u00f1os de fundaci\u00f3n: festivos contrastes entre tradici\u00f3n, desaf\u00edos urbanos y la pol\u00e9mica visita de D\u00edaz Ayuso - Pulso27","robots":{"index":"index","follow":"follow","max-snippet":"max-snippet:-1","max-image-preview":"max-image-preview:large","max-video-preview":"max-video-preview:-1"},"canonical":"https:\/\/pulso27.com\/en\/nacional\/lima-celebra-490-anos-de-fundacion-festivos-contrastes-entre-tradicion-desafios-urbanos-y-la-polemica-visita-de-diaz-ayuso\/","og_locale":"en_US","og_type":"article","og_title":"Lima celebra 490 a\u00f1os de fundaci\u00f3n: festivos contrastes entre tradici\u00f3n, desaf\u00edos urbanos y la pol\u00e9mica visita de D\u00edaz Ayuso - Pulso27","og_description":"Lima conmemora este 18 de enero su 490\u00b0 aniversario de fundaci\u00f3n con una agenda cultural y festiva que resalta su rica historia. Sin embargo, los festejos tambi\u00e9n han dejado al descubierto los desaf\u00edos que enfrenta la ciudad en su d\u00eda a d\u00eda, desde problemas de infraestructura hasta la necesidad de mejorar servicios b\u00e1sicos y garantizar [&hellip;]","og_url":"https:\/\/pulso27.com\/en\/nacional\/lima-celebra-490-anos-de-fundacion-festivos-contrastes-entre-tradicion-desafios-urbanos-y-la-polemica-visita-de-diaz-ayuso\/","og_site_name":"Pulso27","article_publisher":"https:\/\/www.facebook.com\/pulso27\/","article_published_time":"2025-01-18T04:37:36+00:00","article_modified_time":"2025-01-18T04:38:10+00:00","og_image":[{"width":1024,"height":768,"url":"https:\/\/pulso27.com\/wp-content\/uploads\/2025\/01\/Limaa-1024x768.png","type":"image\/png"}],"author":"El Muki","twitter_card":"summary_large_image","twitter_creator":"@Pulso_27","twitter_site":"@Pulso_27","twitter_misc":{"Written by":"El Muki","Est. reading time":"3 minutes"},"schema":{"@context":"https:\/\/schema.org","@graph":[{"@type":"Article","@id":"https:\/\/pulso27.com\/nacional\/lima-celebra-490-anos-de-fundacion-festivos-contrastes-entre-tradicion-desafios-urbanos-y-la-polemica-visita-de-diaz-ayuso\/#article","isPartOf":{"@id":"https:\/\/pulso27.com\/nacional\/lima-celebra-490-anos-de-fundacion-festivos-contrastes-entre-tradicion-desafios-urbanos-y-la-polemica-visita-de-diaz-ayuso\/"},"author":{"name":"El Muki","@id":"https:\/\/pulso27.com\/en\/#\/schema\/person\/a0930a7f318e7d9d83bd7cffed9f34f6"},"headline":"Lima celebra 490 a\u00f1os de fundaci\u00f3n: festivos contrastes entre tradici\u00f3n, desaf\u00edos urbanos y la pol\u00e9mica visita de D\u00edaz Ayuso","datePublished":"2025-01-18T04:37:36+00:00","dateModified":"2025-01-18T04:38:10+00:00","mainEntityOfPage":{"@id":"https:\/\/pulso27.com\/nacional\/lima-celebra-490-anos-de-fundacion-festivos-contrastes-entre-tradicion-desafios-urbanos-y-la-polemica-visita-de-diaz-ayuso\/"},"wordCount":403,"commentCount":0,"publisher":{"@id":"https:\/\/pulso27.com\/en\/#organization"},"image":{"@id":"https:\/\/pulso27.com\/nacional\/lima-celebra-490-anos-de-fundacion-festivos-contrastes-entre-tradicion-desafios-urbanos-y-la-polemica-visita-de-diaz-ayuso\/#primaryimage"},"thumbnailUrl":"https:\/\/pulso27.com\/wp-content\/uploads\/2025\/01\/Limaa.png","articleSection":["Actualidad","Nacional","Pol\u00edtica"],"inLanguage":"en-US","potentialAction":[{"@type":"CommentAction","name":"Comment","target":["https:\/\/pulso27.com\/nacional\/lima-celebra-490-anos-de-fundacion-festivos-contrastes-entre-tradicion-desafios-urbanos-y-la-polemica-visita-de-diaz-ayuso\/#respond"]}]},{"@type":"WebPage","@id":"https:\/\/pulso27.com\/nacional\/lima-celebra-490-anos-de-fundacion-festivos-contrastes-entre-tradicion-desafios-urbanos-y-la-polemica-visita-de-diaz-ayuso\/","url":"https:\/\/pulso27.com\/nacional\/lima-celebra-490-anos-de-fundacion-festivos-contrastes-entre-tradicion-desafios-urbanos-y-la-polemica-visita-de-diaz-ayuso\/","name":"Lima celebra 490 a\u00f1os de fundaci\u00f3n: festivos contrastes entre tradici\u00f3n, desaf\u00edos urbanos y la pol\u00e9mica visita de D\u00edaz Ayuso - Pulso27","isPartOf":{"@id":"https:\/\/pulso27.com\/en\/#website"},"primaryImageOfPage":{"@id":"https:\/\/pulso27.com\/nacional\/lima-celebra-490-anos-de-fundacion-festivos-contrastes-entre-tradicion-desafios-urbanos-y-la-polemica-visita-de-diaz-ayuso\/#primaryimage"},"image":{"@id":"https:\/\/pulso27.com\/nacional\/lima-celebra-490-anos-de-fundacion-festivos-contrastes-entre-tradicion-desafios-urbanos-y-la-polemica-visita-de-diaz-ayuso\/#primaryimage"},"thumbnailUrl":"https:\/\/pulso27.com\/wp-content\/uploads\/2025\/01\/Limaa.png","datePublished":"2025-01-18T04:37:36+00:00","dateModified":"2025-01-18T04:38:10+00:00","breadcrumb":{"@id":"https:\/\/pulso27.com\/nacional\/lima-celebra-490-anos-de-fundacion-festivos-contrastes-entre-tradicion-desafios-urbanos-y-la-polemica-visita-de-diaz-ayuso\/#breadcrumb"},"inLanguage":"en-US","potentialAction":[{"@type":"ReadAction","target":["https:\/\/pulso27.com\/nacional\/lima-celebra-490-anos-de-fundacion-festivos-contrastes-entre-tradicion-desafios-urbanos-y-la-polemica-visita-de-diaz-ayuso\/"]}]},{"@type":"ImageObject","inLanguage":"en-US","@id":"https:\/\/pulso27.com\/nacional\/lima-celebra-490-anos-de-fundacion-festivos-contrastes-entre-tradicion-desafios-urbanos-y-la-polemica-visita-de-diaz-ayuso\/#primaryimage","url":"https:\/\/pulso27.com\/wp-content\/uploads\/2025\/01\/Limaa.png","contentUrl":"https:\/\/pulso27.com\/wp-content\/uploads\/2025\/01\/Limaa.png","width":1200,"height":900},{"@type":"BreadcrumbList","@id":"https:\/\/pulso27.com\/nacional\/lima-celebra-490-anos-de-fundacion-festivos-contrastes-entre-tradicion-desafios-urbanos-y-la-polemica-visita-de-diaz-ayuso\/#breadcrumb","itemListElement":[{"@type":"ListItem","position":1,"name":"Portada","item":"https:\/\/pulso27.com\/"},{"@type":"ListItem","position":2,"name":"Lima celebra 490 a\u00f1os de fundaci\u00f3n: festivos contrastes entre tradici\u00f3n, desaf\u00edos urbanos y la pol\u00e9mica visita de D\u00edaz Ayuso"}]},{"@type":"WebSite","@id":"https:\/\/pulso27.com\/en\/#website","url":"https:\/\/pulso27.com\/en\/","name":"Pulso27","description":"Web de noticias y publicidad","publisher":{"@id":"https:\/\/pulso27.com\/en\/#organization"},"alternateName":"El pulso del pueblo","potentialAction":[{"@type":"SearchAction","target":{"@type":"EntryPoint","urlTemplate":"https:\/\/pulso27.com\/en\/?s={search_term_string}"},"query-input":{"@type":"PropertyValueSpecification","valueRequired":true,"valueName":"search_term_string"}}],"inLanguage":"en-US"},{"@type":"Organization","@id":"https:\/\/pulso27.com\/en\/#organization","name":"Pulso27","url":"https:\/\/pulso27.com\/en\/","logo":{"@type":"ImageObject","inLanguage":"en-US","@id":"https:\/\/pulso27.com\/en\/#\/schema\/logo\/image\/","url":"https:\/\/pulso27.com\/wp-content\/uploads\/2026\/02\/Logotipo-de-la-organizacion-696-x-696-px-ok.png","contentUrl":"https:\/\/pulso27.com\/wp-content\/uploads\/2026\/02\/Logotipo-de-la-organizacion-696-x-696-px-ok.png","width":696,"height":696,"caption":"Pulso27"},"image":{"@id":"https:\/\/pulso27.com\/en\/#\/schema\/logo\/image\/"},"sameAs":["https:\/\/www.facebook.com\/pulso27\/","https:\/\/x.com\/Pulso_27","https:\/\/www.youtube.com\/@Pulso27","https:\/\/www.tiktok.com\/@pulso_27"]},{"@type":"Person","@id":"https:\/\/pulso27.com\/en\/#\/schema\/person\/a0930a7f318e7d9d83bd7cffed9f34f6","name":"El Muki","image":{"@type":"ImageObject","inLanguage":"en-US","@id":"https:\/\/secure.gravatar.com\/avatar\/dc91c2607c5eebda74cbb40d13031f489096c96ead89c4c30c17db262267b2b3?s=96&d=mm&r=g","url":"https:\/\/secure.gravatar.com\/avatar\/dc91c2607c5eebda74cbb40d13031f489096c96ead89c4c30c17db262267b2b3?s=96&d=mm&r=g","contentUrl":"https:\/\/secure.gravatar.com\/avatar\/dc91c2607c5eebda74cbb40d13031f489096c96ead89c4c30c17db262267b2b3?s=96&d=mm&r=g","caption":"El Muki"},"sameAs":["http:\/\/www.pulso27.com"],"url":"https:\/\/pulso27.com\/en\/author\/elcuervo\/"}]}},"amp_enabled":true,"_links":{"self":[{"href":"https:\/\/pulso27.com\/en\/wp-json\/wp\/v2\/posts\/3668","targetHints":{"allow":["GET"]}}],"collection":[{"href":"https:\/\/pulso27.com\/en\/wp-json\/wp\/v2\/posts"}],"about":[{"href":"https:\/\/pulso27.com\/en\/wp-json\/wp\/v2\/types\/post"}],"author":[{"embeddable":true,"href":"https:\/\/pulso27.com\/en\/wp-json\/wp\/v2\/users\/10"}],"replies":[{"embeddable":true,"href":"https:\/\/pulso27.com\/en\/wp-json\/wp\/v2\/comments?post=3668"}],"version-history":[{"count":1,"href":"https:\/\/pulso27.com\/en\/wp-json\/wp\/v2\/posts\/3668\/revisions"}],"predecessor-version":[{"id":3673,"href":"https:\/\/pulso27.com\/en\/wp-json\/wp\/v2\/posts\/3668\/revisions\/3673"}],"wp:featuredmedia":[{"embeddable":true,"href":"https:\/\/pulso27.com\/en\/wp-json\/wp\/v2\/media\/3672"}],"wp:attachment":[{"href":"https:\/\/pulso27.com\/en\/wp-json\/wp\/v2\/media?parent=3668"}],"wp:term":[{"taxonomy":"category","embeddable":true,"href":"https:\/\/pulso27.com\/en\/wp-json\/wp\/v2\/categories?post=3668"},{"taxonomy":"post_tag","embeddable":true,"href":"https:\/\/pulso27.com\/en\/wp-json\/wp\/v2\/tags?post=3668"}],"curies":[{"name":"wp","href":"https:\/\/api.w.org\/{rel}","templated":true}]}}