{"id":3714,"date":"2025-01-20T07:19:45","date_gmt":"2025-01-20T02:19:45","guid":{"rendered":"https:\/\/pulso27.com\/?p=3714"},"modified":"2025-01-20T07:19:49","modified_gmt":"2025-01-20T02:19:49","slug":"pobladores-de-cotabambas-estan-descontentos-con-el-convenio-marco-aprobado-por-el-gobernador-regional-de-apurimac","status":"publish","type":"post","link":"https:\/\/pulso27.com\/en\/actualidad\/ambiente\/pobladores-de-cotabambas-estan-descontentos-con-el-convenio-marco-aprobado-por-el-gobernador-regional-de-apurimac\/","title":{"rendered":"Pobladores de Cotabambas est\u00e1n descontentos con el convenio marco aprobado por el gobernador regional de Apur\u00edmac"},"content":{"rendered":"<p>En la emblem\u00e1tica plaza de Tambobamba se realiz\u00f3 una trascendental reuni\u00f3n convocada por el Frente de Defensa Provincial de Cotabambas, liderado por Alex Farf\u00e1n Paniura. Con la participaci\u00f3n de dirigentes de los seis distritos, el alcalde provincial Dante Contreras Gayoso y otras autoridades locales, se abordaron temas cr\u00edticos para la provincia. Sin embargo, la ausencia de los alcaldes distritales de Challhuahuacho, Haquira y Mara, as\u00ed como del gobernador regional Percy Godoy Medina, marc\u00f3 el encuentro con un profundo descontento.<\/p>\n\n\n\n<p>El convenio firmado en 2024 ha generado desconfianza en la poblaci\u00f3n, que percibe que los beneficios acordados no responden a las necesidades de la provincia. Los dirigentes exigieron renegociar los t\u00e9rminos para garantizar un impacto positivo y sostenible en las comunidades.<br>El limitado presupuesto asignado a Cotabambas fue motivo de fuertes cr\u00edticas.<\/p>\n\n\n\n<p>La poblaci\u00f3n demanda una redistribuci\u00f3n justa que permita atender prioridades en infraestructura, salud y educaci\u00f3n, sectores clave donde la provincia muestra carencias significativas.<\/p>\n\n\n\n<figure class=\"wp-block-image size-large\"><img loading=\"lazy\" decoding=\"async\" width=\"1024\" height=\"759\" src=\"https:\/\/pulso27.com\/wp-content\/uploads\/2025\/01\/image-61-1024x759.png\" alt=\"\" class=\"wp-image-3716\" srcset=\"https:\/\/pulso27.com\/wp-content\/uploads\/2025\/01\/image-61-1024x759.png 1024w, https:\/\/pulso27.com\/wp-content\/uploads\/2025\/01\/image-61-300x222.png 300w, https:\/\/pulso27.com\/wp-content\/uploads\/2025\/01\/image-61-768x569.png 768w, https:\/\/pulso27.com\/wp-content\/uploads\/2025\/01\/image-61-16x12.png 16w, https:\/\/pulso27.com\/wp-content\/uploads\/2025\/01\/image-61.png 1080w\" sizes=\"auto, (max-width: 1024px) 100vw, 1024px\" \/><figcaption class=\"wp-element-caption\"><em>El mi\u00e9rcoles 15 de enero de 2025, en la hist\u00f3rica plaza de Tambobamba, se desarroll\u00f3 una reuni\u00f3n t\u00e9cnica de alto nivel convocada por el Frente de Defensa Provincial, liderado por Alex Farf\u00e1n Paniura.\u00a0Fotograf\u00eda: Tv Abancay Apur\u00edmac<\/em><\/figcaption><\/figure>\n\n\n\n<p>Los participantes enfatizaron la necesidad de mayor transparencia en los procesos de consulta previa sobre el MEIA presentado por Minera Las Bambas, destacando su impacto ambiental y social en las comunidades locales.<\/p>\n\n\n\n<p>Cotabambas, que representa una de las mayores contribuciones econ\u00f3micas a Apur\u00edmac gracias a Las Bambas, se siente ignorada por Percy Godoy. Su reiterada ausencia en reuniones t\u00e9cnicas fue calificada como un acto de desinter\u00e9s. \u201cEl gobernador parece haber dado la espalda a Cotabambas\u201d, se\u00f1alaron los dirigentes, quienes le dieron un ultim\u00e1tum para que asista a la reuni\u00f3n t\u00e9cnica programada para el 4 de febrero en Tambobamba.<\/p>\n\n\n\n<p>De no participar, la poblaci\u00f3n declarar\u00e1 al gobernador como persona no grata, una decisi\u00f3n respaldada por el malestar generalizado.<\/p>\n\n\n\n<p>El 1 de febrero se realizar\u00e1 una reuni\u00f3n descentralizada en Mara para continuar el debate con las autoridades ausentes. Los asistentes reiteraron que la paciencia de Cotabambas se agota y demandaron unidad y compromiso para superar los retos de la provincia.<\/p>","protected":false},"excerpt":{"rendered":"<p>En la emblem\u00e1tica plaza de Tambobamba se realiz\u00f3 una trascendental reuni\u00f3n convocada por el Frente de Defensa Provincial de Cotabambas, liderado por Alex Farf\u00e1n Paniura. Con la participaci\u00f3n de dirigentes de los seis distritos, el alcalde provincial Dante Contreras Gayoso y otras autoridades locales, se abordaron temas cr\u00edticos para la provincia. Sin embargo, la ausencia [&hellip;]<\/p>\n","protected":false},"author":10,"featured_media":3715,"comment_status":"open","ping_status":"open","sticky":false,"template":"","format":"standard","meta":{"footnotes":""},"categories":[183,1847,1846,810],"tags":[606,2054,770,2053,2052],"class_list":["post-3714","post","type-post","status-publish","format-standard","has-post-thumbnail","hentry","category-actualidad","category-ambiente","category-mineria","category-regional","tag-apurimac","tag-challhuahuacho","tag-cotabambas","tag-lasbambas","tag-mmg"],"yoast_head":"<!-- This site is optimized with the Yoast SEO plugin v27.4 - https:\/\/yoast.com\/product\/yoast-seo-wordpress\/ -->\n<title>Pobladores de Cotabambas est\u00e1n descontentos con el convenio marco aprobado por el gobernador regional de Apur\u00edmac - Pulso27<\/title>\n<meta name=\"robots\" content=\"index, follow, max-snippet:-1, max-image-preview:large, max-video-preview:-1\" \/>\n<link rel=\"canonical\" href=\"https:\/\/pulso27.com\/en\/actualidad\/pobladores-de-cotabambas-estan-descontentos-con-el-convenio-marco-aprobado-por-el-gobernador-regional-de-apurimac\/\" \/>\n<meta property=\"og:locale\" content=\"en_US\" \/>\n<meta property=\"og:type\" content=\"article\" \/>\n<meta property=\"og:title\" content=\"Pobladores de Cotabambas est\u00e1n descontentos con el convenio marco aprobado por el gobernador regional de Apur\u00edmac - Pulso27\" \/>\n<meta property=\"og:description\" content=\"En la emblem\u00e1tica plaza de Tambobamba se realiz\u00f3 una trascendental reuni\u00f3n convocada por el Frente de Defensa Provincial de Cotabambas, liderado por Alex Farf\u00e1n Paniura. Con la participaci\u00f3n de dirigentes de los seis distritos, el alcalde provincial Dante Contreras Gayoso y otras autoridades locales, se abordaron temas cr\u00edticos para la provincia. Sin embargo, la ausencia [&hellip;]\" \/>\n<meta property=\"og:url\" content=\"https:\/\/pulso27.com\/en\/actualidad\/pobladores-de-cotabambas-estan-descontentos-con-el-convenio-marco-aprobado-por-el-gobernador-regional-de-apurimac\/\" \/>\n<meta property=\"og:site_name\" content=\"Pulso27\" \/>\n<meta property=\"article:publisher\" content=\"https:\/\/www.facebook.com\/pulso27\/\" \/>\n<meta property=\"article:published_time\" content=\"2025-01-20T02:19:45+00:00\" \/>\n<meta property=\"article:modified_time\" content=\"2025-01-20T02:19:49+00:00\" \/>\n<meta property=\"og:image\" content=\"https:\/\/pulso27.com\/wp-content\/uploads\/2025\/01\/Cotabambass.png\" \/>\n\t<meta property=\"og:image:width\" content=\"1200\" \/>\n\t<meta property=\"og:image:height\" content=\"900\" \/>\n\t<meta property=\"og:image:type\" content=\"image\/png\" \/>\n<meta name=\"author\" content=\"El Muki\" \/>\n<meta name=\"twitter:card\" content=\"summary_large_image\" \/>\n<meta name=\"twitter:creator\" content=\"@Pulso_27\" \/>\n<meta name=\"twitter:site\" content=\"@Pulso_27\" \/>\n<meta name=\"twitter:label1\" content=\"Written by\" \/>\n\t<meta name=\"twitter:data1\" content=\"El Muki\" \/>\n\t<meta name=\"twitter:label2\" content=\"Est. reading time\" \/>\n\t<meta name=\"twitter:data2\" content=\"3 minutes\" \/>\n<script type=\"application\/ld+json\" class=\"yoast-schema-graph\">{\"@context\":\"https:\\\/\\\/schema.org\",\"@graph\":[{\"@type\":\"Article\",\"@id\":\"https:\\\/\\\/pulso27.com\\\/actualidad\\\/pobladores-de-cotabambas-estan-descontentos-con-el-convenio-marco-aprobado-por-el-gobernador-regional-de-apurimac\\\/#article\",\"isPartOf\":{\"@id\":\"https:\\\/\\\/pulso27.com\\\/actualidad\\\/pobladores-de-cotabambas-estan-descontentos-con-el-convenio-marco-aprobado-por-el-gobernador-regional-de-apurimac\\\/\"},\"author\":{\"name\":\"El Muki\",\"@id\":\"https:\\\/\\\/pulso27.com\\\/en\\\/#\\\/schema\\\/person\\\/a0930a7f318e7d9d83bd7cffed9f34f6\"},\"headline\":\"Pobladores de Cotabambas est\u00e1n descontentos con el convenio marco aprobado por el gobernador regional de Apur\u00edmac\",\"datePublished\":\"2025-01-20T02:19:45+00:00\",\"dateModified\":\"2025-01-20T02:19:49+00:00\",\"mainEntityOfPage\":{\"@id\":\"https:\\\/\\\/pulso27.com\\\/actualidad\\\/pobladores-de-cotabambas-estan-descontentos-con-el-convenio-marco-aprobado-por-el-gobernador-regional-de-apurimac\\\/\"},\"wordCount\":391,\"commentCount\":0,\"publisher\":{\"@id\":\"https:\\\/\\\/pulso27.com\\\/en\\\/#organization\"},\"image\":{\"@id\":\"https:\\\/\\\/pulso27.com\\\/actualidad\\\/pobladores-de-cotabambas-estan-descontentos-con-el-convenio-marco-aprobado-por-el-gobernador-regional-de-apurimac\\\/#primaryimage\"},\"thumbnailUrl\":\"https:\\\/\\\/pulso27.com\\\/wp-content\\\/uploads\\\/2025\\\/01\\\/Cotabambass.png\",\"keywords\":[\"Apur\u00edmac\",\"Challhuahuacho\",\"Cotabambas\",\"LasBambas\",\"MMG\"],\"articleSection\":[\"Actualidad\",\"Ambiente\",\"Miner\u00eda\",\"Regional\"],\"inLanguage\":\"en-US\",\"potentialAction\":[{\"@type\":\"CommentAction\",\"name\":\"Comment\",\"target\":[\"https:\\\/\\\/pulso27.com\\\/actualidad\\\/pobladores-de-cotabambas-estan-descontentos-con-el-convenio-marco-aprobado-por-el-gobernador-regional-de-apurimac\\\/#respond\"]}]},{\"@type\":\"WebPage\",\"@id\":\"https:\\\/\\\/pulso27.com\\\/actualidad\\\/pobladores-de-cotabambas-estan-descontentos-con-el-convenio-marco-aprobado-por-el-gobernador-regional-de-apurimac\\\/\",\"url\":\"https:\\\/\\\/pulso27.com\\\/actualidad\\\/pobladores-de-cotabambas-estan-descontentos-con-el-convenio-marco-aprobado-por-el-gobernador-regional-de-apurimac\\\/\",\"name\":\"Pobladores de Cotabambas est\u00e1n descontentos con el convenio marco aprobado por el gobernador regional de Apur\u00edmac - Pulso27\",\"isPartOf\":{\"@id\":\"https:\\\/\\\/pulso27.com\\\/en\\\/#website\"},\"primaryImageOfPage\":{\"@id\":\"https:\\\/\\\/pulso27.com\\\/actualidad\\\/pobladores-de-cotabambas-estan-descontentos-con-el-convenio-marco-aprobado-por-el-gobernador-regional-de-apurimac\\\/#primaryimage\"},\"image\":{\"@id\":\"https:\\\/\\\/pulso27.com\\\/actualidad\\\/pobladores-de-cotabambas-estan-descontentos-con-el-convenio-marco-aprobado-por-el-gobernador-regional-de-apurimac\\\/#primaryimage\"},\"thumbnailUrl\":\"https:\\\/\\\/pulso27.com\\\/wp-content\\\/uploads\\\/2025\\\/01\\\/Cotabambass.png\",\"datePublished\":\"2025-01-20T02:19:45+00:00\",\"dateModified\":\"2025-01-20T02:19:49+00:00\",\"breadcrumb\":{\"@id\":\"https:\\\/\\\/pulso27.com\\\/actualidad\\\/pobladores-de-cotabambas-estan-descontentos-con-el-convenio-marco-aprobado-por-el-gobernador-regional-de-apurimac\\\/#breadcrumb\"},\"inLanguage\":\"en-US\",\"potentialAction\":[{\"@type\":\"ReadAction\",\"target\":[\"https:\\\/\\\/pulso27.com\\\/actualidad\\\/pobladores-de-cotabambas-estan-descontentos-con-el-convenio-marco-aprobado-por-el-gobernador-regional-de-apurimac\\\/\"]}]},{\"@type\":\"ImageObject\",\"inLanguage\":\"en-US\",\"@id\":\"https:\\\/\\\/pulso27.com\\\/actualidad\\\/pobladores-de-cotabambas-estan-descontentos-con-el-convenio-marco-aprobado-por-el-gobernador-regional-de-apurimac\\\/#primaryimage\",\"url\":\"https:\\\/\\\/pulso27.com\\\/wp-content\\\/uploads\\\/2025\\\/01\\\/Cotabambass.png\",\"contentUrl\":\"https:\\\/\\\/pulso27.com\\\/wp-content\\\/uploads\\\/2025\\\/01\\\/Cotabambass.png\",\"width\":1200,\"height\":900},{\"@type\":\"BreadcrumbList\",\"@id\":\"https:\\\/\\\/pulso27.com\\\/actualidad\\\/pobladores-de-cotabambas-estan-descontentos-con-el-convenio-marco-aprobado-por-el-gobernador-regional-de-apurimac\\\/#breadcrumb\",\"itemListElement\":[{\"@type\":\"ListItem\",\"position\":1,\"name\":\"Portada\",\"item\":\"https:\\\/\\\/pulso27.com\\\/\"},{\"@type\":\"ListItem\",\"position\":2,\"name\":\"Pobladores de Cotabambas est\u00e1n descontentos con el convenio marco aprobado por el gobernador regional de Apur\u00edmac\"}]},{\"@type\":\"WebSite\",\"@id\":\"https:\\\/\\\/pulso27.com\\\/en\\\/#website\",\"url\":\"https:\\\/\\\/pulso27.com\\\/en\\\/\",\"name\":\"Pulso27\",\"description\":\"Web de noticias y publicidad\",\"publisher\":{\"@id\":\"https:\\\/\\\/pulso27.com\\\/en\\\/#organization\"},\"alternateName\":\"El pulso del pueblo\",\"potentialAction\":[{\"@type\":\"SearchAction\",\"target\":{\"@type\":\"EntryPoint\",\"urlTemplate\":\"https:\\\/\\\/pulso27.com\\\/en\\\/?s={search_term_string}\"},\"query-input\":{\"@type\":\"PropertyValueSpecification\",\"valueRequired\":true,\"valueName\":\"search_term_string\"}}],\"inLanguage\":\"en-US\"},{\"@type\":\"Organization\",\"@id\":\"https:\\\/\\\/pulso27.com\\\/en\\\/#organization\",\"name\":\"Pulso27\",\"url\":\"https:\\\/\\\/pulso27.com\\\/en\\\/\",\"logo\":{\"@type\":\"ImageObject\",\"inLanguage\":\"en-US\",\"@id\":\"https:\\\/\\\/pulso27.com\\\/en\\\/#\\\/schema\\\/logo\\\/image\\\/\",\"url\":\"https:\\\/\\\/pulso27.com\\\/wp-content\\\/uploads\\\/2026\\\/02\\\/Logotipo-de-la-organizacion-696-x-696-px-ok.png\",\"contentUrl\":\"https:\\\/\\\/pulso27.com\\\/wp-content\\\/uploads\\\/2026\\\/02\\\/Logotipo-de-la-organizacion-696-x-696-px-ok.png\",\"width\":696,\"height\":696,\"caption\":\"Pulso27\"},\"image\":{\"@id\":\"https:\\\/\\\/pulso27.com\\\/en\\\/#\\\/schema\\\/logo\\\/image\\\/\"},\"sameAs\":[\"https:\\\/\\\/www.facebook.com\\\/pulso27\\\/\",\"https:\\\/\\\/x.com\\\/Pulso_27\",\"https:\\\/\\\/www.youtube.com\\\/@Pulso27\",\"https:\\\/\\\/www.tiktok.com\\\/@pulso_27\"]},{\"@type\":\"Person\",\"@id\":\"https:\\\/\\\/pulso27.com\\\/en\\\/#\\\/schema\\\/person\\\/a0930a7f318e7d9d83bd7cffed9f34f6\",\"name\":\"El Muki\",\"image\":{\"@type\":\"ImageObject\",\"inLanguage\":\"en-US\",\"@id\":\"https:\\\/\\\/secure.gravatar.com\\\/avatar\\\/dc91c2607c5eebda74cbb40d13031f489096c96ead89c4c30c17db262267b2b3?s=96&d=mm&r=g\",\"url\":\"https:\\\/\\\/secure.gravatar.com\\\/avatar\\\/dc91c2607c5eebda74cbb40d13031f489096c96ead89c4c30c17db262267b2b3?s=96&d=mm&r=g\",\"contentUrl\":\"https:\\\/\\\/secure.gravatar.com\\\/avatar\\\/dc91c2607c5eebda74cbb40d13031f489096c96ead89c4c30c17db262267b2b3?s=96&d=mm&r=g\",\"caption\":\"El Muki\"},\"sameAs\":[\"http:\\\/\\\/www.pulso27.com\"],\"url\":\"https:\\\/\\\/pulso27.com\\\/en\\\/author\\\/elcuervo\\\/\"}]}<\/script>\n<!-- \/ Yoast SEO plugin. -->","yoast_head_json":{"title":"Pobladores de Cotabambas est\u00e1n descontentos con el convenio marco aprobado por el gobernador regional de Apur\u00edmac - Pulso27","robots":{"index":"index","follow":"follow","max-snippet":"max-snippet:-1","max-image-preview":"max-image-preview:large","max-video-preview":"max-video-preview:-1"},"canonical":"https:\/\/pulso27.com\/en\/actualidad\/pobladores-de-cotabambas-estan-descontentos-con-el-convenio-marco-aprobado-por-el-gobernador-regional-de-apurimac\/","og_locale":"en_US","og_type":"article","og_title":"Pobladores de Cotabambas est\u00e1n descontentos con el convenio marco aprobado por el gobernador regional de Apur\u00edmac - Pulso27","og_description":"En la emblem\u00e1tica plaza de Tambobamba se realiz\u00f3 una trascendental reuni\u00f3n convocada por el Frente de Defensa Provincial de Cotabambas, liderado por Alex Farf\u00e1n Paniura. Con la participaci\u00f3n de dirigentes de los seis distritos, el alcalde provincial Dante Contreras Gayoso y otras autoridades locales, se abordaron temas cr\u00edticos para la provincia. Sin embargo, la ausencia [&hellip;]","og_url":"https:\/\/pulso27.com\/en\/actualidad\/pobladores-de-cotabambas-estan-descontentos-con-el-convenio-marco-aprobado-por-el-gobernador-regional-de-apurimac\/","og_site_name":"Pulso27","article_publisher":"https:\/\/www.facebook.com\/pulso27\/","article_published_time":"2025-01-20T02:19:45+00:00","article_modified_time":"2025-01-20T02:19:49+00:00","og_image":[{"width":1200,"height":900,"url":"https:\/\/pulso27.com\/wp-content\/uploads\/2025\/01\/Cotabambass.png","type":"image\/png"}],"author":"El Muki","twitter_card":"summary_large_image","twitter_creator":"@Pulso_27","twitter_site":"@Pulso_27","twitter_misc":{"Written by":"El Muki","Est. reading time":"3 minutes"},"schema":{"@context":"https:\/\/schema.org","@graph":[{"@type":"Article","@id":"https:\/\/pulso27.com\/actualidad\/pobladores-de-cotabambas-estan-descontentos-con-el-convenio-marco-aprobado-por-el-gobernador-regional-de-apurimac\/#article","isPartOf":{"@id":"https:\/\/pulso27.com\/actualidad\/pobladores-de-cotabambas-estan-descontentos-con-el-convenio-marco-aprobado-por-el-gobernador-regional-de-apurimac\/"},"author":{"name":"El Muki","@id":"https:\/\/pulso27.com\/en\/#\/schema\/person\/a0930a7f318e7d9d83bd7cffed9f34f6"},"headline":"Pobladores de Cotabambas est\u00e1n descontentos con el convenio marco aprobado por el gobernador regional de Apur\u00edmac","datePublished":"2025-01-20T02:19:45+00:00","dateModified":"2025-01-20T02:19:49+00:00","mainEntityOfPage":{"@id":"https:\/\/pulso27.com\/actualidad\/pobladores-de-cotabambas-estan-descontentos-con-el-convenio-marco-aprobado-por-el-gobernador-regional-de-apurimac\/"},"wordCount":391,"commentCount":0,"publisher":{"@id":"https:\/\/pulso27.com\/en\/#organization"},"image":{"@id":"https:\/\/pulso27.com\/actualidad\/pobladores-de-cotabambas-estan-descontentos-con-el-convenio-marco-aprobado-por-el-gobernador-regional-de-apurimac\/#primaryimage"},"thumbnailUrl":"https:\/\/pulso27.com\/wp-content\/uploads\/2025\/01\/Cotabambass.png","keywords":["Apur\u00edmac","Challhuahuacho","Cotabambas","LasBambas","MMG"],"articleSection":["Actualidad","Ambiente","Miner\u00eda","Regional"],"inLanguage":"en-US","potentialAction":[{"@type":"CommentAction","name":"Comment","target":["https:\/\/pulso27.com\/actualidad\/pobladores-de-cotabambas-estan-descontentos-con-el-convenio-marco-aprobado-por-el-gobernador-regional-de-apurimac\/#respond"]}]},{"@type":"WebPage","@id":"https:\/\/pulso27.com\/actualidad\/pobladores-de-cotabambas-estan-descontentos-con-el-convenio-marco-aprobado-por-el-gobernador-regional-de-apurimac\/","url":"https:\/\/pulso27.com\/actualidad\/pobladores-de-cotabambas-estan-descontentos-con-el-convenio-marco-aprobado-por-el-gobernador-regional-de-apurimac\/","name":"Pobladores de Cotabambas est\u00e1n descontentos con el convenio marco aprobado por el gobernador regional de Apur\u00edmac - Pulso27","isPartOf":{"@id":"https:\/\/pulso27.com\/en\/#website"},"primaryImageOfPage":{"@id":"https:\/\/pulso27.com\/actualidad\/pobladores-de-cotabambas-estan-descontentos-con-el-convenio-marco-aprobado-por-el-gobernador-regional-de-apurimac\/#primaryimage"},"image":{"@id":"https:\/\/pulso27.com\/actualidad\/pobladores-de-cotabambas-estan-descontentos-con-el-convenio-marco-aprobado-por-el-gobernador-regional-de-apurimac\/#primaryimage"},"thumbnailUrl":"https:\/\/pulso27.com\/wp-content\/uploads\/2025\/01\/Cotabambass.png","datePublished":"2025-01-20T02:19:45+00:00","dateModified":"2025-01-20T02:19:49+00:00","breadcrumb":{"@id":"https:\/\/pulso27.com\/actualidad\/pobladores-de-cotabambas-estan-descontentos-con-el-convenio-marco-aprobado-por-el-gobernador-regional-de-apurimac\/#breadcrumb"},"inLanguage":"en-US","potentialAction":[{"@type":"ReadAction","target":["https:\/\/pulso27.com\/actualidad\/pobladores-de-cotabambas-estan-descontentos-con-el-convenio-marco-aprobado-por-el-gobernador-regional-de-apurimac\/"]}]},{"@type":"ImageObject","inLanguage":"en-US","@id":"https:\/\/pulso27.com\/actualidad\/pobladores-de-cotabambas-estan-descontentos-con-el-convenio-marco-aprobado-por-el-gobernador-regional-de-apurimac\/#primaryimage","url":"https:\/\/pulso27.com\/wp-content\/uploads\/2025\/01\/Cotabambass.png","contentUrl":"https:\/\/pulso27.com\/wp-content\/uploads\/2025\/01\/Cotabambass.png","width":1200,"height":900},{"@type":"BreadcrumbList","@id":"https:\/\/pulso27.com\/actualidad\/pobladores-de-cotabambas-estan-descontentos-con-el-convenio-marco-aprobado-por-el-gobernador-regional-de-apurimac\/#breadcrumb","itemListElement":[{"@type":"ListItem","position":1,"name":"Portada","item":"https:\/\/pulso27.com\/"},{"@type":"ListItem","position":2,"name":"Pobladores de Cotabambas est\u00e1n descontentos con el convenio marco aprobado por el gobernador regional de Apur\u00edmac"}]},{"@type":"WebSite","@id":"https:\/\/pulso27.com\/en\/#website","url":"https:\/\/pulso27.com\/en\/","name":"Pulso27","description":"Web de noticias y publicidad","publisher":{"@id":"https:\/\/pulso27.com\/en\/#organization"},"alternateName":"El pulso del pueblo","potentialAction":[{"@type":"SearchAction","target":{"@type":"EntryPoint","urlTemplate":"https:\/\/pulso27.com\/en\/?s={search_term_string}"},"query-input":{"@type":"PropertyValueSpecification","valueRequired":true,"valueName":"search_term_string"}}],"inLanguage":"en-US"},{"@type":"Organization","@id":"https:\/\/pulso27.com\/en\/#organization","name":"Pulso27","url":"https:\/\/pulso27.com\/en\/","logo":{"@type":"ImageObject","inLanguage":"en-US","@id":"https:\/\/pulso27.com\/en\/#\/schema\/logo\/image\/","url":"https:\/\/pulso27.com\/wp-content\/uploads\/2026\/02\/Logotipo-de-la-organizacion-696-x-696-px-ok.png","contentUrl":"https:\/\/pulso27.com\/wp-content\/uploads\/2026\/02\/Logotipo-de-la-organizacion-696-x-696-px-ok.png","width":696,"height":696,"caption":"Pulso27"},"image":{"@id":"https:\/\/pulso27.com\/en\/#\/schema\/logo\/image\/"},"sameAs":["https:\/\/www.facebook.com\/pulso27\/","https:\/\/x.com\/Pulso_27","https:\/\/www.youtube.com\/@Pulso27","https:\/\/www.tiktok.com\/@pulso_27"]},{"@type":"Person","@id":"https:\/\/pulso27.com\/en\/#\/schema\/person\/a0930a7f318e7d9d83bd7cffed9f34f6","name":"El Muki","image":{"@type":"ImageObject","inLanguage":"en-US","@id":"https:\/\/secure.gravatar.com\/avatar\/dc91c2607c5eebda74cbb40d13031f489096c96ead89c4c30c17db262267b2b3?s=96&d=mm&r=g","url":"https:\/\/secure.gravatar.com\/avatar\/dc91c2607c5eebda74cbb40d13031f489096c96ead89c4c30c17db262267b2b3?s=96&d=mm&r=g","contentUrl":"https:\/\/secure.gravatar.com\/avatar\/dc91c2607c5eebda74cbb40d13031f489096c96ead89c4c30c17db262267b2b3?s=96&d=mm&r=g","caption":"El Muki"},"sameAs":["http:\/\/www.pulso27.com"],"url":"https:\/\/pulso27.com\/en\/author\/elcuervo\/"}]}},"amp_enabled":true,"_links":{"self":[{"href":"https:\/\/pulso27.com\/en\/wp-json\/wp\/v2\/posts\/3714","targetHints":{"allow":["GET"]}}],"collection":[{"href":"https:\/\/pulso27.com\/en\/wp-json\/wp\/v2\/posts"}],"about":[{"href":"https:\/\/pulso27.com\/en\/wp-json\/wp\/v2\/types\/post"}],"author":[{"embeddable":true,"href":"https:\/\/pulso27.com\/en\/wp-json\/wp\/v2\/users\/10"}],"replies":[{"embeddable":true,"href":"https:\/\/pulso27.com\/en\/wp-json\/wp\/v2\/comments?post=3714"}],"version-history":[{"count":1,"href":"https:\/\/pulso27.com\/en\/wp-json\/wp\/v2\/posts\/3714\/revisions"}],"predecessor-version":[{"id":3717,"href":"https:\/\/pulso27.com\/en\/wp-json\/wp\/v2\/posts\/3714\/revisions\/3717"}],"wp:featuredmedia":[{"embeddable":true,"href":"https:\/\/pulso27.com\/en\/wp-json\/wp\/v2\/media\/3715"}],"wp:attachment":[{"href":"https:\/\/pulso27.com\/en\/wp-json\/wp\/v2\/media?parent=3714"}],"wp:term":[{"taxonomy":"category","embeddable":true,"href":"https:\/\/pulso27.com\/en\/wp-json\/wp\/v2\/categories?post=3714"},{"taxonomy":"post_tag","embeddable":true,"href":"https:\/\/pulso27.com\/en\/wp-json\/wp\/v2\/tags?post=3714"}],"curies":[{"name":"wp","href":"https:\/\/api.w.org\/{rel}","templated":true}]}}