{"id":3734,"date":"2025-01-22T09:44:27","date_gmt":"2025-01-22T04:44:27","guid":{"rendered":"https:\/\/pulso27.com\/?p=3734"},"modified":"2025-01-22T09:44:30","modified_gmt":"2025-01-22T04:44:30","slug":"martin-vizcarra-inhabilitado-para-postular-a-la-presidencia-en-2026-por-cierre-del-congreso-de-la-republica","status":"publish","type":"post","link":"https:\/\/pulso27.com\/en\/actualidad\/politica\/martin-vizcarra-inhabilitado-para-postular-a-la-presidencia-en-2026-por-cierre-del-congreso-de-la-republica\/","title":{"rendered":"Mart\u00edn Vizcarra inhabilitado para postular a la presidencia en 2026 por cierre del Congreso de la Rep\u00fablica"},"content":{"rendered":"<p>El expresidente Mart\u00edn Vizcarra no podr\u00e1 postularse a la presidencia en las elecciones del 2026, luego de que la Subcomisi\u00f3n de Acusaciones Constitucionales del Congreso aprobara un informe que recomienda su inhabilitaci\u00f3n por 10 a\u00f1os debido al cierre del Congreso en 2019, considerado una infracci\u00f3n constitucional.<\/p>\n\n\n\n<p>La medida, que ha generado una serie de reacciones, tambi\u00e9n afecta a sus exministros, Salvador Del Solar y Vicente Zeballos, quienes, seg\u00fan el informe aprobado, deber\u00edan ser inhabilitados por 5 a\u00f1os. La denuncia contra Vizcarra, Del Solar y Zeballos se centra en el art\u00edculo 134 de la Constituci\u00f3n, que establece las normas sobre la disoluci\u00f3n del Congreso y el ejercicio de la confianza.<\/p>\n\n\n\n<figure class=\"wp-block-image size-large\"><img loading=\"lazy\" decoding=\"async\" width=\"1024\" height=\"594\" src=\"https:\/\/pulso27.com\/wp-content\/uploads\/2025\/01\/image-64-1024x594.png\" alt=\"\" class=\"wp-image-3736\" srcset=\"https:\/\/pulso27.com\/wp-content\/uploads\/2025\/01\/image-64-1024x594.png 1024w, https:\/\/pulso27.com\/wp-content\/uploads\/2025\/01\/image-64-300x174.png 300w, https:\/\/pulso27.com\/wp-content\/uploads\/2025\/01\/image-64-768x445.png 768w, https:\/\/pulso27.com\/wp-content\/uploads\/2025\/01\/image-64-18x10.png 18w, https:\/\/pulso27.com\/wp-content\/uploads\/2025\/01\/image-64.png 1200w\" sizes=\"auto, (max-width: 1024px) 100vw, 1024px\" \/><figcaption class=\"wp-element-caption\"><em>Informe final recomienda inhabilitar al expresidente Mart\u00edn Vizcarra por 10 a\u00f1os y a sus exministros Salvador del Solar y Vicente Zeballos por 5 a\u00f1os<\/em><\/figcaption><\/figure>\n\n\n\n<p>La votaci\u00f3n en la Subcomisi\u00f3n result\u00f3 en 16 votos a favor y 2 en contra, con la presentaci\u00f3n de pruebas y argumentos sustentados por el congresista de Fuerza Popular, H\u00e9ctor Ventura, quien elabor\u00f3 el informe. A continuaci\u00f3n, este documento ser\u00e1 debatido y votado por el pleno del Congreso, donde se determinar\u00e1 la decisi\u00f3n final.<\/p>\n\n\n\n<p>En defensa de Vizcarra, su abogado, Alejandro Salas, acus\u00f3 al Congreso de tomar represalias pol\u00edticas en un contexto electoral, asegurando que \u201cel Congreso escoge a sus adversarios pol\u00edticos a su medida\u201d con miras a las elecciones del 2026, calificando el proceso como una \u201cdictadura congresal\u201d.<\/p>\n\n\n\n<p>El cierre del Congreso, realizado por Vizcarra el 30 de septiembre de 2019, fue justificado por el exmandatario como una respuesta a la \u201cdenegaci\u00f3n f\u00e1ctica\u201d de la cuesti\u00f3n de confianza que su gobierno present\u00f3 en ese momento. La medida llev\u00f3 a la convocatoria de nuevas elecciones parlamentarias. Adem\u00e1s, los congresistas acusaron a Vizcarra de designar irregularmente a Daniel Soria en el cargo de procurador.<\/p>","protected":false},"excerpt":{"rendered":"<p>El expresidente Mart\u00edn Vizcarra no podr\u00e1 postularse a la presidencia en las elecciones del 2026, luego de que la Subcomisi\u00f3n de Acusaciones Constitucionales del Congreso aprobara un informe que recomienda su inhabilitaci\u00f3n por 10 a\u00f1os debido al cierre del Congreso en 2019, considerado una infracci\u00f3n constitucional. La medida, que ha generado una serie de reacciones, [&hellip;]<\/p>\n","protected":false},"author":8,"featured_media":3735,"comment_status":"open","ping_status":"open","sticky":false,"template":"","format":"standard","meta":{"footnotes":""},"categories":[183,174,180],"tags":[2058,839,619,2057],"class_list":["post-3734","post","type-post","status-publish","format-standard","has-post-thumbnail","hentry","category-actualidad","category-nacional","category-politica","tag-cierredelcogreso","tag-congresoperu","tag-inhabilitacion","tag-martinvizcarra"],"yoast_head":"<!-- This site is optimized with the Yoast SEO plugin v27.4 - https:\/\/yoast.com\/product\/yoast-seo-wordpress\/ -->\n<title>Mart\u00edn Vizcarra inhabilitado para postular a la presidencia en 2026 por cierre del Congreso de la Rep\u00fablica - Pulso27<\/title>\n<meta name=\"robots\" content=\"index, follow, max-snippet:-1, max-image-preview:large, max-video-preview:-1\" \/>\n<link rel=\"canonical\" href=\"https:\/\/pulso27.com\/en\/nacional\/martin-vizcarra-inhabilitado-para-postular-a-la-presidencia-en-2026-por-cierre-del-congreso-de-la-republica\/\" \/>\n<meta property=\"og:locale\" content=\"en_US\" \/>\n<meta property=\"og:type\" content=\"article\" \/>\n<meta property=\"og:title\" content=\"Mart\u00edn Vizcarra inhabilitado para postular a la presidencia en 2026 por cierre del Congreso de la Rep\u00fablica - Pulso27\" \/>\n<meta property=\"og:description\" content=\"El expresidente Mart\u00edn Vizcarra no podr\u00e1 postularse a la presidencia en las elecciones del 2026, luego de que la Subcomisi\u00f3n de Acusaciones Constitucionales del Congreso aprobara un informe que recomienda su inhabilitaci\u00f3n por 10 a\u00f1os debido al cierre del Congreso en 2019, considerado una infracci\u00f3n constitucional. La medida, que ha generado una serie de reacciones, [&hellip;]\" \/>\n<meta property=\"og:url\" content=\"https:\/\/pulso27.com\/en\/nacional\/martin-vizcarra-inhabilitado-para-postular-a-la-presidencia-en-2026-por-cierre-del-congreso-de-la-republica\/\" \/>\n<meta property=\"og:site_name\" content=\"Pulso27\" \/>\n<meta property=\"article:publisher\" content=\"https:\/\/www.facebook.com\/pulso27\/\" \/>\n<meta property=\"article:published_time\" content=\"2025-01-22T04:44:27+00:00\" \/>\n<meta property=\"article:modified_time\" content=\"2025-01-22T04:44:30+00:00\" \/>\n<meta property=\"og:image\" content=\"https:\/\/pulso27.com\/wp-content\/uploads\/2025\/01\/Vizcarra-1024x768.png\" \/>\n\t<meta property=\"og:image:width\" content=\"1024\" \/>\n\t<meta property=\"og:image:height\" content=\"768\" \/>\n\t<meta property=\"og:image:type\" content=\"image\/png\" \/>\n<meta name=\"author\" content=\"Maga\" \/>\n<meta name=\"twitter:card\" content=\"summary_large_image\" \/>\n<meta name=\"twitter:creator\" content=\"@Pulso_27\" \/>\n<meta name=\"twitter:site\" content=\"@Pulso_27\" \/>\n<meta name=\"twitter:label1\" content=\"Written by\" \/>\n\t<meta name=\"twitter:data1\" content=\"Maga\" \/>\n\t<meta name=\"twitter:label2\" content=\"Est. reading time\" \/>\n\t<meta name=\"twitter:data2\" content=\"2 minutes\" \/>\n<script type=\"application\/ld+json\" class=\"yoast-schema-graph\">{\"@context\":\"https:\\\/\\\/schema.org\",\"@graph\":[{\"@type\":\"Article\",\"@id\":\"https:\\\/\\\/pulso27.com\\\/nacional\\\/martin-vizcarra-inhabilitado-para-postular-a-la-presidencia-en-2026-por-cierre-del-congreso-de-la-republica\\\/#article\",\"isPartOf\":{\"@id\":\"https:\\\/\\\/pulso27.com\\\/nacional\\\/martin-vizcarra-inhabilitado-para-postular-a-la-presidencia-en-2026-por-cierre-del-congreso-de-la-republica\\\/\"},\"author\":{\"name\":\"Maga\",\"@id\":\"https:\\\/\\\/pulso27.com\\\/en\\\/#\\\/schema\\\/person\\\/92f5059eb04cb644a32d22c9bc998684\"},\"headline\":\"Mart\u00edn Vizcarra inhabilitado para postular a la presidencia en 2026 por cierre del Congreso de la Rep\u00fablica\",\"datePublished\":\"2025-01-22T04:44:27+00:00\",\"dateModified\":\"2025-01-22T04:44:30+00:00\",\"mainEntityOfPage\":{\"@id\":\"https:\\\/\\\/pulso27.com\\\/nacional\\\/martin-vizcarra-inhabilitado-para-postular-a-la-presidencia-en-2026-por-cierre-del-congreso-de-la-republica\\\/\"},\"wordCount\":329,\"commentCount\":0,\"publisher\":{\"@id\":\"https:\\\/\\\/pulso27.com\\\/en\\\/#organization\"},\"image\":{\"@id\":\"https:\\\/\\\/pulso27.com\\\/nacional\\\/martin-vizcarra-inhabilitado-para-postular-a-la-presidencia-en-2026-por-cierre-del-congreso-de-la-republica\\\/#primaryimage\"},\"thumbnailUrl\":\"https:\\\/\\\/pulso27.com\\\/wp-content\\\/uploads\\\/2025\\\/01\\\/Vizcarra.png\",\"keywords\":[\"CierreDelCogreso\",\"CongresoPer\u00fa\",\"Inhabilitaci\u00f3n\",\"Mart\u00ednVizcarra\"],\"articleSection\":[\"Actualidad\",\"Nacional\",\"Pol\u00edtica\"],\"inLanguage\":\"en-US\",\"potentialAction\":[{\"@type\":\"CommentAction\",\"name\":\"Comment\",\"target\":[\"https:\\\/\\\/pulso27.com\\\/nacional\\\/martin-vizcarra-inhabilitado-para-postular-a-la-presidencia-en-2026-por-cierre-del-congreso-de-la-republica\\\/#respond\"]}]},{\"@type\":\"WebPage\",\"@id\":\"https:\\\/\\\/pulso27.com\\\/nacional\\\/martin-vizcarra-inhabilitado-para-postular-a-la-presidencia-en-2026-por-cierre-del-congreso-de-la-republica\\\/\",\"url\":\"https:\\\/\\\/pulso27.com\\\/nacional\\\/martin-vizcarra-inhabilitado-para-postular-a-la-presidencia-en-2026-por-cierre-del-congreso-de-la-republica\\\/\",\"name\":\"Mart\u00edn Vizcarra inhabilitado para postular a la presidencia en 2026 por cierre del Congreso de la Rep\u00fablica - Pulso27\",\"isPartOf\":{\"@id\":\"https:\\\/\\\/pulso27.com\\\/en\\\/#website\"},\"primaryImageOfPage\":{\"@id\":\"https:\\\/\\\/pulso27.com\\\/nacional\\\/martin-vizcarra-inhabilitado-para-postular-a-la-presidencia-en-2026-por-cierre-del-congreso-de-la-republica\\\/#primaryimage\"},\"image\":{\"@id\":\"https:\\\/\\\/pulso27.com\\\/nacional\\\/martin-vizcarra-inhabilitado-para-postular-a-la-presidencia-en-2026-por-cierre-del-congreso-de-la-republica\\\/#primaryimage\"},\"thumbnailUrl\":\"https:\\\/\\\/pulso27.com\\\/wp-content\\\/uploads\\\/2025\\\/01\\\/Vizcarra.png\",\"datePublished\":\"2025-01-22T04:44:27+00:00\",\"dateModified\":\"2025-01-22T04:44:30+00:00\",\"breadcrumb\":{\"@id\":\"https:\\\/\\\/pulso27.com\\\/nacional\\\/martin-vizcarra-inhabilitado-para-postular-a-la-presidencia-en-2026-por-cierre-del-congreso-de-la-republica\\\/#breadcrumb\"},\"inLanguage\":\"en-US\",\"potentialAction\":[{\"@type\":\"ReadAction\",\"target\":[\"https:\\\/\\\/pulso27.com\\\/nacional\\\/martin-vizcarra-inhabilitado-para-postular-a-la-presidencia-en-2026-por-cierre-del-congreso-de-la-republica\\\/\"]}]},{\"@type\":\"ImageObject\",\"inLanguage\":\"en-US\",\"@id\":\"https:\\\/\\\/pulso27.com\\\/nacional\\\/martin-vizcarra-inhabilitado-para-postular-a-la-presidencia-en-2026-por-cierre-del-congreso-de-la-republica\\\/#primaryimage\",\"url\":\"https:\\\/\\\/pulso27.com\\\/wp-content\\\/uploads\\\/2025\\\/01\\\/Vizcarra.png\",\"contentUrl\":\"https:\\\/\\\/pulso27.com\\\/wp-content\\\/uploads\\\/2025\\\/01\\\/Vizcarra.png\",\"width\":1200,\"height\":900},{\"@type\":\"BreadcrumbList\",\"@id\":\"https:\\\/\\\/pulso27.com\\\/nacional\\\/martin-vizcarra-inhabilitado-para-postular-a-la-presidencia-en-2026-por-cierre-del-congreso-de-la-republica\\\/#breadcrumb\",\"itemListElement\":[{\"@type\":\"ListItem\",\"position\":1,\"name\":\"Portada\",\"item\":\"https:\\\/\\\/pulso27.com\\\/\"},{\"@type\":\"ListItem\",\"position\":2,\"name\":\"Mart\u00edn Vizcarra inhabilitado para postular a la presidencia en 2026 por cierre del Congreso de la Rep\u00fablica\"}]},{\"@type\":\"WebSite\",\"@id\":\"https:\\\/\\\/pulso27.com\\\/en\\\/#website\",\"url\":\"https:\\\/\\\/pulso27.com\\\/en\\\/\",\"name\":\"Pulso27\",\"description\":\"Web de noticias y publicidad\",\"publisher\":{\"@id\":\"https:\\\/\\\/pulso27.com\\\/en\\\/#organization\"},\"alternateName\":\"El pulso del pueblo\",\"potentialAction\":[{\"@type\":\"SearchAction\",\"target\":{\"@type\":\"EntryPoint\",\"urlTemplate\":\"https:\\\/\\\/pulso27.com\\\/en\\\/?s={search_term_string}\"},\"query-input\":{\"@type\":\"PropertyValueSpecification\",\"valueRequired\":true,\"valueName\":\"search_term_string\"}}],\"inLanguage\":\"en-US\"},{\"@type\":\"Organization\",\"@id\":\"https:\\\/\\\/pulso27.com\\\/en\\\/#organization\",\"name\":\"Pulso27\",\"url\":\"https:\\\/\\\/pulso27.com\\\/en\\\/\",\"logo\":{\"@type\":\"ImageObject\",\"inLanguage\":\"en-US\",\"@id\":\"https:\\\/\\\/pulso27.com\\\/en\\\/#\\\/schema\\\/logo\\\/image\\\/\",\"url\":\"https:\\\/\\\/pulso27.com\\\/wp-content\\\/uploads\\\/2026\\\/02\\\/Logotipo-de-la-organizacion-696-x-696-px-ok.png\",\"contentUrl\":\"https:\\\/\\\/pulso27.com\\\/wp-content\\\/uploads\\\/2026\\\/02\\\/Logotipo-de-la-organizacion-696-x-696-px-ok.png\",\"width\":696,\"height\":696,\"caption\":\"Pulso27\"},\"image\":{\"@id\":\"https:\\\/\\\/pulso27.com\\\/en\\\/#\\\/schema\\\/logo\\\/image\\\/\"},\"sameAs\":[\"https:\\\/\\\/www.facebook.com\\\/pulso27\\\/\",\"https:\\\/\\\/x.com\\\/Pulso_27\",\"https:\\\/\\\/www.youtube.com\\\/@Pulso27\",\"https:\\\/\\\/www.tiktok.com\\\/@pulso_27\"]},{\"@type\":\"Person\",\"@id\":\"https:\\\/\\\/pulso27.com\\\/en\\\/#\\\/schema\\\/person\\\/92f5059eb04cb644a32d22c9bc998684\",\"name\":\"Maga\",\"image\":{\"@type\":\"ImageObject\",\"inLanguage\":\"en-US\",\"@id\":\"https:\\\/\\\/secure.gravatar.com\\\/avatar\\\/c4d5224d4227e7c057cd5793ba910425cc902f3aef97cda3eccc7acba8be2edc?s=96&d=mm&r=g\",\"url\":\"https:\\\/\\\/secure.gravatar.com\\\/avatar\\\/c4d5224d4227e7c057cd5793ba910425cc902f3aef97cda3eccc7acba8be2edc?s=96&d=mm&r=g\",\"contentUrl\":\"https:\\\/\\\/secure.gravatar.com\\\/avatar\\\/c4d5224d4227e7c057cd5793ba910425cc902f3aef97cda3eccc7acba8be2edc?s=96&d=mm&r=g\",\"caption\":\"Maga\"},\"sameAs\":[\"http:\\\/\\\/www.pulso27.com\"],\"url\":\"https:\\\/\\\/pulso27.com\\\/en\\\/author\\\/maga\\\/\"}]}<\/script>\n<!-- \/ Yoast SEO plugin. -->","yoast_head_json":{"title":"Mart\u00edn Vizcarra inhabilitado para postular a la presidencia en 2026 por cierre del Congreso de la Rep\u00fablica - Pulso27","robots":{"index":"index","follow":"follow","max-snippet":"max-snippet:-1","max-image-preview":"max-image-preview:large","max-video-preview":"max-video-preview:-1"},"canonical":"https:\/\/pulso27.com\/en\/nacional\/martin-vizcarra-inhabilitado-para-postular-a-la-presidencia-en-2026-por-cierre-del-congreso-de-la-republica\/","og_locale":"en_US","og_type":"article","og_title":"Mart\u00edn Vizcarra inhabilitado para postular a la presidencia en 2026 por cierre del Congreso de la Rep\u00fablica - Pulso27","og_description":"El expresidente Mart\u00edn Vizcarra no podr\u00e1 postularse a la presidencia en las elecciones del 2026, luego de que la Subcomisi\u00f3n de Acusaciones Constitucionales del Congreso aprobara un informe que recomienda su inhabilitaci\u00f3n por 10 a\u00f1os debido al cierre del Congreso en 2019, considerado una infracci\u00f3n constitucional. La medida, que ha generado una serie de reacciones, [&hellip;]","og_url":"https:\/\/pulso27.com\/en\/nacional\/martin-vizcarra-inhabilitado-para-postular-a-la-presidencia-en-2026-por-cierre-del-congreso-de-la-republica\/","og_site_name":"Pulso27","article_publisher":"https:\/\/www.facebook.com\/pulso27\/","article_published_time":"2025-01-22T04:44:27+00:00","article_modified_time":"2025-01-22T04:44:30+00:00","og_image":[{"width":1024,"height":768,"url":"https:\/\/pulso27.com\/wp-content\/uploads\/2025\/01\/Vizcarra-1024x768.png","type":"image\/png"}],"author":"Maga","twitter_card":"summary_large_image","twitter_creator":"@Pulso_27","twitter_site":"@Pulso_27","twitter_misc":{"Written by":"Maga","Est. reading time":"2 minutes"},"schema":{"@context":"https:\/\/schema.org","@graph":[{"@type":"Article","@id":"https:\/\/pulso27.com\/nacional\/martin-vizcarra-inhabilitado-para-postular-a-la-presidencia-en-2026-por-cierre-del-congreso-de-la-republica\/#article","isPartOf":{"@id":"https:\/\/pulso27.com\/nacional\/martin-vizcarra-inhabilitado-para-postular-a-la-presidencia-en-2026-por-cierre-del-congreso-de-la-republica\/"},"author":{"name":"Maga","@id":"https:\/\/pulso27.com\/en\/#\/schema\/person\/92f5059eb04cb644a32d22c9bc998684"},"headline":"Mart\u00edn Vizcarra inhabilitado para postular a la presidencia en 2026 por cierre del Congreso de la Rep\u00fablica","datePublished":"2025-01-22T04:44:27+00:00","dateModified":"2025-01-22T04:44:30+00:00","mainEntityOfPage":{"@id":"https:\/\/pulso27.com\/nacional\/martin-vizcarra-inhabilitado-para-postular-a-la-presidencia-en-2026-por-cierre-del-congreso-de-la-republica\/"},"wordCount":329,"commentCount":0,"publisher":{"@id":"https:\/\/pulso27.com\/en\/#organization"},"image":{"@id":"https:\/\/pulso27.com\/nacional\/martin-vizcarra-inhabilitado-para-postular-a-la-presidencia-en-2026-por-cierre-del-congreso-de-la-republica\/#primaryimage"},"thumbnailUrl":"https:\/\/pulso27.com\/wp-content\/uploads\/2025\/01\/Vizcarra.png","keywords":["CierreDelCogreso","CongresoPer\u00fa","Inhabilitaci\u00f3n","Mart\u00ednVizcarra"],"articleSection":["Actualidad","Nacional","Pol\u00edtica"],"inLanguage":"en-US","potentialAction":[{"@type":"CommentAction","name":"Comment","target":["https:\/\/pulso27.com\/nacional\/martin-vizcarra-inhabilitado-para-postular-a-la-presidencia-en-2026-por-cierre-del-congreso-de-la-republica\/#respond"]}]},{"@type":"WebPage","@id":"https:\/\/pulso27.com\/nacional\/martin-vizcarra-inhabilitado-para-postular-a-la-presidencia-en-2026-por-cierre-del-congreso-de-la-republica\/","url":"https:\/\/pulso27.com\/nacional\/martin-vizcarra-inhabilitado-para-postular-a-la-presidencia-en-2026-por-cierre-del-congreso-de-la-republica\/","name":"Mart\u00edn Vizcarra inhabilitado para postular a la presidencia en 2026 por cierre del Congreso de la Rep\u00fablica - Pulso27","isPartOf":{"@id":"https:\/\/pulso27.com\/en\/#website"},"primaryImageOfPage":{"@id":"https:\/\/pulso27.com\/nacional\/martin-vizcarra-inhabilitado-para-postular-a-la-presidencia-en-2026-por-cierre-del-congreso-de-la-republica\/#primaryimage"},"image":{"@id":"https:\/\/pulso27.com\/nacional\/martin-vizcarra-inhabilitado-para-postular-a-la-presidencia-en-2026-por-cierre-del-congreso-de-la-republica\/#primaryimage"},"thumbnailUrl":"https:\/\/pulso27.com\/wp-content\/uploads\/2025\/01\/Vizcarra.png","datePublished":"2025-01-22T04:44:27+00:00","dateModified":"2025-01-22T04:44:30+00:00","breadcrumb":{"@id":"https:\/\/pulso27.com\/nacional\/martin-vizcarra-inhabilitado-para-postular-a-la-presidencia-en-2026-por-cierre-del-congreso-de-la-republica\/#breadcrumb"},"inLanguage":"en-US","potentialAction":[{"@type":"ReadAction","target":["https:\/\/pulso27.com\/nacional\/martin-vizcarra-inhabilitado-para-postular-a-la-presidencia-en-2026-por-cierre-del-congreso-de-la-republica\/"]}]},{"@type":"ImageObject","inLanguage":"en-US","@id":"https:\/\/pulso27.com\/nacional\/martin-vizcarra-inhabilitado-para-postular-a-la-presidencia-en-2026-por-cierre-del-congreso-de-la-republica\/#primaryimage","url":"https:\/\/pulso27.com\/wp-content\/uploads\/2025\/01\/Vizcarra.png","contentUrl":"https:\/\/pulso27.com\/wp-content\/uploads\/2025\/01\/Vizcarra.png","width":1200,"height":900},{"@type":"BreadcrumbList","@id":"https:\/\/pulso27.com\/nacional\/martin-vizcarra-inhabilitado-para-postular-a-la-presidencia-en-2026-por-cierre-del-congreso-de-la-republica\/#breadcrumb","itemListElement":[{"@type":"ListItem","position":1,"name":"Portada","item":"https:\/\/pulso27.com\/"},{"@type":"ListItem","position":2,"name":"Mart\u00edn Vizcarra inhabilitado para postular a la presidencia en 2026 por cierre del Congreso de la Rep\u00fablica"}]},{"@type":"WebSite","@id":"https:\/\/pulso27.com\/en\/#website","url":"https:\/\/pulso27.com\/en\/","name":"Pulso27","description":"Web de noticias y publicidad","publisher":{"@id":"https:\/\/pulso27.com\/en\/#organization"},"alternateName":"El pulso del pueblo","potentialAction":[{"@type":"SearchAction","target":{"@type":"EntryPoint","urlTemplate":"https:\/\/pulso27.com\/en\/?s={search_term_string}"},"query-input":{"@type":"PropertyValueSpecification","valueRequired":true,"valueName":"search_term_string"}}],"inLanguage":"en-US"},{"@type":"Organization","@id":"https:\/\/pulso27.com\/en\/#organization","name":"Pulso27","url":"https:\/\/pulso27.com\/en\/","logo":{"@type":"ImageObject","inLanguage":"en-US","@id":"https:\/\/pulso27.com\/en\/#\/schema\/logo\/image\/","url":"https:\/\/pulso27.com\/wp-content\/uploads\/2026\/02\/Logotipo-de-la-organizacion-696-x-696-px-ok.png","contentUrl":"https:\/\/pulso27.com\/wp-content\/uploads\/2026\/02\/Logotipo-de-la-organizacion-696-x-696-px-ok.png","width":696,"height":696,"caption":"Pulso27"},"image":{"@id":"https:\/\/pulso27.com\/en\/#\/schema\/logo\/image\/"},"sameAs":["https:\/\/www.facebook.com\/pulso27\/","https:\/\/x.com\/Pulso_27","https:\/\/www.youtube.com\/@Pulso27","https:\/\/www.tiktok.com\/@pulso_27"]},{"@type":"Person","@id":"https:\/\/pulso27.com\/en\/#\/schema\/person\/92f5059eb04cb644a32d22c9bc998684","name":"Maga","image":{"@type":"ImageObject","inLanguage":"en-US","@id":"https:\/\/secure.gravatar.com\/avatar\/c4d5224d4227e7c057cd5793ba910425cc902f3aef97cda3eccc7acba8be2edc?s=96&d=mm&r=g","url":"https:\/\/secure.gravatar.com\/avatar\/c4d5224d4227e7c057cd5793ba910425cc902f3aef97cda3eccc7acba8be2edc?s=96&d=mm&r=g","contentUrl":"https:\/\/secure.gravatar.com\/avatar\/c4d5224d4227e7c057cd5793ba910425cc902f3aef97cda3eccc7acba8be2edc?s=96&d=mm&r=g","caption":"Maga"},"sameAs":["http:\/\/www.pulso27.com"],"url":"https:\/\/pulso27.com\/en\/author\/maga\/"}]}},"amp_enabled":true,"_links":{"self":[{"href":"https:\/\/pulso27.com\/en\/wp-json\/wp\/v2\/posts\/3734","targetHints":{"allow":["GET"]}}],"collection":[{"href":"https:\/\/pulso27.com\/en\/wp-json\/wp\/v2\/posts"}],"about":[{"href":"https:\/\/pulso27.com\/en\/wp-json\/wp\/v2\/types\/post"}],"author":[{"embeddable":true,"href":"https:\/\/pulso27.com\/en\/wp-json\/wp\/v2\/users\/8"}],"replies":[{"embeddable":true,"href":"https:\/\/pulso27.com\/en\/wp-json\/wp\/v2\/comments?post=3734"}],"version-history":[{"count":1,"href":"https:\/\/pulso27.com\/en\/wp-json\/wp\/v2\/posts\/3734\/revisions"}],"predecessor-version":[{"id":3737,"href":"https:\/\/pulso27.com\/en\/wp-json\/wp\/v2\/posts\/3734\/revisions\/3737"}],"wp:featuredmedia":[{"embeddable":true,"href":"https:\/\/pulso27.com\/en\/wp-json\/wp\/v2\/media\/3735"}],"wp:attachment":[{"href":"https:\/\/pulso27.com\/en\/wp-json\/wp\/v2\/media?parent=3734"}],"wp:term":[{"taxonomy":"category","embeddable":true,"href":"https:\/\/pulso27.com\/en\/wp-json\/wp\/v2\/categories?post=3734"},{"taxonomy":"post_tag","embeddable":true,"href":"https:\/\/pulso27.com\/en\/wp-json\/wp\/v2\/tags?post=3734"}],"curies":[{"name":"wp","href":"https:\/\/api.w.org\/{rel}","templated":true}]}}