{"id":3768,"date":"2025-01-27T02:31:34","date_gmt":"2025-01-26T21:31:34","guid":{"rendered":"https:\/\/pulso27.com\/?p=3768"},"modified":"2025-01-27T07:08:58","modified_gmt":"2025-01-27T02:08:58","slug":"lopez-aliaga-condecora-a-cipriani-pese-a-denuncias-de-pederastia-y-sanciones-del-vaticano","status":"publish","type":"post","link":"https:\/\/pulso27.com\/en\/actualidad\/sociedad\/lopez-aliaga-condecora-a-cipriani-pese-a-denuncias-de-pederastia-y-sanciones-del-vaticano\/","title":{"rendered":"Cardenal fujimorista y pederasta fue condecorado por el ultraderechista Rafael L\u00f3pez Aliaga de Renovaci\u00f3n Popular"},"content":{"rendered":"<p>En medio de la pol\u00e9mica, el alcalde de Lima, Rafael L\u00f3pez Aliaga, otorg\u00f3 la medalla de la Orden al M\u00e9rito en grado Gran Cruz al cardenal Juan Luis Cipriani, quien enfrenta graves acusaciones de pederastia y sanciones vigentes por parte del Vaticano. La condecoraci\u00f3n fue realizada a pesar de que la Santa Sede confirm\u00f3 recientemente que Cipriani fue castigado en 2019 tras ser denunciado por abuso sexual a un menor en los a\u00f1os 80.<\/p>\n\n\n\n<p>Seg\u00fan un informe del peri\u00f3dico <em>El Pa\u00eds<\/em>, el Vaticano impuso restricciones al ex arzobispo de Lima, incluidas la prohibici\u00f3n de usar s\u00edmbolos cardenalicios, realizar declaraciones p\u00fablicas y residir en Per\u00fa. El caso sali\u00f3 a la luz luego de que una v\u00edctima denunciara tocamientos y abusos en un centro del Opus Dei en Lima, donde Cipriani ocupaba altos cargos. Aunque el religioso niega las acusaciones y afirma que no pudo defenderse, el Vaticano ratific\u00f3 que las sanciones siguen vigentes y desminti\u00f3 sus declaraciones.<\/p>\n\n\n\n<figure class=\"wp-block-image size-full is-resized\"><img loading=\"lazy\" decoding=\"async\" width=\"672\" height=\"448\" src=\"https:\/\/pulso27.com\/wp-content\/uploads\/2025\/01\/image-75.png\" alt=\"\" class=\"wp-image-3779\" style=\"width:740px;height:auto\" srcset=\"https:\/\/pulso27.com\/wp-content\/uploads\/2025\/01\/image-75.png 672w, https:\/\/pulso27.com\/wp-content\/uploads\/2025\/01\/image-75-300x200.png 300w, https:\/\/pulso27.com\/wp-content\/uploads\/2025\/01\/image-75-18x12.png 18w\" sizes=\"auto, (max-width: 672px) 100vw, 672px\" \/><figcaption class=\"wp-element-caption\"><em>Cipriani tambi\u00e9n call\u00f3 sobre la violaci\u00f3n de derechos humanos en Ayacucho<\/em><\/figcaption><\/figure>\n\n\n\n<p>La decisi\u00f3n de L\u00f3pez Aliaga de premiar al exarzobispo ha generado indignaci\u00f3n. Durante el evento, Cipriani agradeci\u00f3 el reconocimiento y llam\u00f3 a \u201cno odiar\u201d, mientras que el alcalde reafirm\u00f3 su respaldo a trav\u00e9s de redes sociales, calificando las denuncias como \u201cdifamaci\u00f3n\u201d y destacando su amistad con el exprelado.<\/p>\n\n\n\n<p>El v\u00ednculo entre L\u00f3pez Aliaga y Cipriani no es nuevo. Adem\u00e1s de compartir afinidades pol\u00edticas y religiosas, Javier Cipriani Thorne, hermano del cardenal, es afiliado al partido Renovaci\u00f3n Popular y ocupa un alto cargo en una empresa municipal de Lima. Este apoyo refuerza la percepci\u00f3n de cercan\u00eda entre el l\u00edder ultraderechista y la figura clerical m\u00e1s pol\u00e9mica del pa\u00eds.<\/p>\n\n\n\n<p>Cipriani, conocido por su alineamiento con el fujimorismo y el Opus Dei, ha sido un personaje controvertido en la historia peruana. Su gesti\u00f3n en Ayacucho durante el conflicto armado interno lo vincul\u00f3 con la justificaci\u00f3n de violaciones de derechos humanos, y su rol como mediador en la crisis de la embajada de Jap\u00f3n en 1997 gener\u00f3 cr\u00edticas por su aparente respaldo a las decisiones del r\u00e9gimen de Alberto Fujimori.<\/p>\n\n\n\n<figure class=\"wp-block-image size-large\"><img loading=\"lazy\" decoding=\"async\" width=\"1024\" height=\"682\" src=\"https:\/\/pulso27.com\/wp-content\/uploads\/2025\/01\/image-74-1024x682.png\" alt=\"\" class=\"wp-image-3778\" srcset=\"https:\/\/pulso27.com\/wp-content\/uploads\/2025\/01\/image-74-1024x682.png 1024w, https:\/\/pulso27.com\/wp-content\/uploads\/2025\/01\/image-74-300x200.png 300w, https:\/\/pulso27.com\/wp-content\/uploads\/2025\/01\/image-74-768x512.png 768w, https:\/\/pulso27.com\/wp-content\/uploads\/2025\/01\/image-74-1536x1023.png 1536w, https:\/\/pulso27.com\/wp-content\/uploads\/2025\/01\/image-74-18x12.png 18w, https:\/\/pulso27.com\/wp-content\/uploads\/2025\/01\/image-74.png 1800w\" sizes=\"auto, (max-width: 1024px) 100vw, 1024px\" \/><figcaption class=\"wp-element-caption\"><em>Jos\u00e9 Luis Cipriani jug\u00f3 un rol no tan claro en la liberaci\u00f3n de rehenes de la Embajada de Jap\u00f3n tomada por el MRTA<\/em>.<em> Fotograf\u00eda El Peruano<\/em><\/figcaption><\/figure>\n\n\n\n<p>Organismos de derechos humanos y sectores cr\u00edticos han cuestionado tanto a Cipriani como a L\u00f3pez Aliaga, se\u00f1alando que este tipo de actos normalizan la impunidad. Mientras tanto, la Conferencia Episcopal Peruana permanece en silencio frente a un caso que compromete la credibilidad de la Iglesia en el pa\u00eds.<\/p>","protected":false},"excerpt":{"rendered":"<p>En medio de la pol\u00e9mica, el alcalde de Lima, Rafael L\u00f3pez Aliaga, otorg\u00f3 la medalla de la Orden al M\u00e9rito en grado Gran Cruz al cardenal Juan Luis Cipriani, quien enfrenta graves acusaciones de pederastia y sanciones vigentes por parte del Vaticano. La condecoraci\u00f3n fue realizada a pesar de que la Santa Sede confirm\u00f3 recientemente [&hellip;]<\/p>\n","protected":false},"author":7,"featured_media":3776,"comment_status":"open","ping_status":"open","sticky":false,"template":"","format":"standard","meta":{"footnotes":""},"categories":[183,394,1843,180,202],"tags":[203,2062,2065,2063,2064],"class_list":["post-3768","post","type-post","status-publish","format-standard","has-post-thumbnail","hentry","category-actualidad","category-destape","category-opinion","category-politica","category-sociedad","tag-ayacucho","tag-cipriani","tag-jorgelopezaliaga","tag-pederasta","tag-porky"],"yoast_head":"<!-- This site is optimized with the Yoast SEO plugin v27.4 - https:\/\/yoast.com\/product\/yoast-seo-wordpress\/ -->\n<title>Cardenal fujimorista y pederasta fue condecorado por el ultraderechista Rafael L\u00f3pez Aliaga de Renovaci\u00f3n Popular - Pulso27<\/title>\n<meta name=\"robots\" content=\"index, follow, max-snippet:-1, max-image-preview:large, max-video-preview:-1\" \/>\n<link rel=\"canonical\" href=\"https:\/\/pulso27.com\/en\/actualidad\/sociedad\/lopez-aliaga-condecora-a-cipriani-pese-a-denuncias-de-pederastia-y-sanciones-del-vaticano\/\" \/>\n<meta property=\"og:locale\" content=\"en_US\" \/>\n<meta property=\"og:type\" content=\"article\" \/>\n<meta property=\"og:title\" content=\"Cardenal fujimorista y pederasta fue condecorado por el ultraderechista Rafael L\u00f3pez Aliaga de Renovaci\u00f3n Popular - Pulso27\" \/>\n<meta property=\"og:description\" content=\"En medio de la pol\u00e9mica, el alcalde de Lima, Rafael L\u00f3pez Aliaga, otorg\u00f3 la medalla de la Orden al M\u00e9rito en grado Gran Cruz al cardenal Juan Luis Cipriani, quien enfrenta graves acusaciones de pederastia y sanciones vigentes por parte del Vaticano. La condecoraci\u00f3n fue realizada a pesar de que la Santa Sede confirm\u00f3 recientemente [&hellip;]\" \/>\n<meta property=\"og:url\" content=\"https:\/\/pulso27.com\/en\/actualidad\/sociedad\/lopez-aliaga-condecora-a-cipriani-pese-a-denuncias-de-pederastia-y-sanciones-del-vaticano\/\" \/>\n<meta property=\"og:site_name\" content=\"Pulso27\" \/>\n<meta property=\"article:publisher\" content=\"https:\/\/www.facebook.com\/pulso27\/\" \/>\n<meta property=\"article:published_time\" content=\"2025-01-26T21:31:34+00:00\" \/>\n<meta property=\"article:modified_time\" content=\"2025-01-27T02:08:58+00:00\" \/>\n<meta property=\"og:image\" content=\"https:\/\/pulso27.com\/wp-content\/uploads\/2025\/01\/Ciprianii-1.png\" \/>\n\t<meta property=\"og:image:width\" content=\"1200\" \/>\n\t<meta property=\"og:image:height\" content=\"768\" \/>\n\t<meta property=\"og:image:type\" content=\"image\/png\" \/>\n<meta name=\"author\" content=\"Tupaq\" \/>\n<meta name=\"twitter:card\" content=\"summary_large_image\" \/>\n<meta name=\"twitter:creator\" content=\"@Pulso_27\" \/>\n<meta name=\"twitter:site\" content=\"@Pulso_27\" \/>\n<meta name=\"twitter:label1\" content=\"Written by\" \/>\n\t<meta name=\"twitter:data1\" content=\"Tupaq\" \/>\n\t<meta name=\"twitter:label2\" content=\"Est. reading time\" \/>\n\t<meta name=\"twitter:data2\" content=\"3 minutes\" \/>\n<script type=\"application\/ld+json\" class=\"yoast-schema-graph\">{\"@context\":\"https:\\\/\\\/schema.org\",\"@graph\":[{\"@type\":\"Article\",\"@id\":\"https:\\\/\\\/pulso27.com\\\/actualidad\\\/sociedad\\\/lopez-aliaga-condecora-a-cipriani-pese-a-denuncias-de-pederastia-y-sanciones-del-vaticano\\\/#article\",\"isPartOf\":{\"@id\":\"https:\\\/\\\/pulso27.com\\\/actualidad\\\/sociedad\\\/lopez-aliaga-condecora-a-cipriani-pese-a-denuncias-de-pederastia-y-sanciones-del-vaticano\\\/\"},\"author\":{\"name\":\"Tupaq\",\"@id\":\"https:\\\/\\\/pulso27.com\\\/en\\\/#\\\/schema\\\/person\\\/d20fd7f5bc7f2e53fd150d43fca07a78\"},\"headline\":\"Cardenal fujimorista y pederasta fue condecorado por el ultraderechista Rafael L\u00f3pez Aliaga de Renovaci\u00f3n Popular\",\"datePublished\":\"2025-01-26T21:31:34+00:00\",\"dateModified\":\"2025-01-27T02:08:58+00:00\",\"mainEntityOfPage\":{\"@id\":\"https:\\\/\\\/pulso27.com\\\/actualidad\\\/sociedad\\\/lopez-aliaga-condecora-a-cipriani-pese-a-denuncias-de-pederastia-y-sanciones-del-vaticano\\\/\"},\"wordCount\":473,\"commentCount\":0,\"publisher\":{\"@id\":\"https:\\\/\\\/pulso27.com\\\/en\\\/#organization\"},\"image\":{\"@id\":\"https:\\\/\\\/pulso27.com\\\/actualidad\\\/sociedad\\\/lopez-aliaga-condecora-a-cipriani-pese-a-denuncias-de-pederastia-y-sanciones-del-vaticano\\\/#primaryimage\"},\"thumbnailUrl\":\"https:\\\/\\\/pulso27.com\\\/wp-content\\\/uploads\\\/2025\\\/01\\\/Ciprianii-1.png\",\"keywords\":[\"Ayacucho\",\"Cipriani\",\"JorgeLopezAliaga\",\"Pederasta\",\"Porky\"],\"articleSection\":[\"Actualidad\",\"Destape\",\"Opini\u00f3n\",\"Pol\u00edtica\",\"Sociedad\"],\"inLanguage\":\"en-US\",\"potentialAction\":[{\"@type\":\"CommentAction\",\"name\":\"Comment\",\"target\":[\"https:\\\/\\\/pulso27.com\\\/actualidad\\\/sociedad\\\/lopez-aliaga-condecora-a-cipriani-pese-a-denuncias-de-pederastia-y-sanciones-del-vaticano\\\/#respond\"]}]},{\"@type\":\"WebPage\",\"@id\":\"https:\\\/\\\/pulso27.com\\\/actualidad\\\/sociedad\\\/lopez-aliaga-condecora-a-cipriani-pese-a-denuncias-de-pederastia-y-sanciones-del-vaticano\\\/\",\"url\":\"https:\\\/\\\/pulso27.com\\\/actualidad\\\/sociedad\\\/lopez-aliaga-condecora-a-cipriani-pese-a-denuncias-de-pederastia-y-sanciones-del-vaticano\\\/\",\"name\":\"Cardenal fujimorista y pederasta fue condecorado por el ultraderechista Rafael L\u00f3pez Aliaga de Renovaci\u00f3n Popular - Pulso27\",\"isPartOf\":{\"@id\":\"https:\\\/\\\/pulso27.com\\\/en\\\/#website\"},\"primaryImageOfPage\":{\"@id\":\"https:\\\/\\\/pulso27.com\\\/actualidad\\\/sociedad\\\/lopez-aliaga-condecora-a-cipriani-pese-a-denuncias-de-pederastia-y-sanciones-del-vaticano\\\/#primaryimage\"},\"image\":{\"@id\":\"https:\\\/\\\/pulso27.com\\\/actualidad\\\/sociedad\\\/lopez-aliaga-condecora-a-cipriani-pese-a-denuncias-de-pederastia-y-sanciones-del-vaticano\\\/#primaryimage\"},\"thumbnailUrl\":\"https:\\\/\\\/pulso27.com\\\/wp-content\\\/uploads\\\/2025\\\/01\\\/Ciprianii-1.png\",\"datePublished\":\"2025-01-26T21:31:34+00:00\",\"dateModified\":\"2025-01-27T02:08:58+00:00\",\"breadcrumb\":{\"@id\":\"https:\\\/\\\/pulso27.com\\\/actualidad\\\/sociedad\\\/lopez-aliaga-condecora-a-cipriani-pese-a-denuncias-de-pederastia-y-sanciones-del-vaticano\\\/#breadcrumb\"},\"inLanguage\":\"en-US\",\"potentialAction\":[{\"@type\":\"ReadAction\",\"target\":[\"https:\\\/\\\/pulso27.com\\\/actualidad\\\/sociedad\\\/lopez-aliaga-condecora-a-cipriani-pese-a-denuncias-de-pederastia-y-sanciones-del-vaticano\\\/\"]}]},{\"@type\":\"ImageObject\",\"inLanguage\":\"en-US\",\"@id\":\"https:\\\/\\\/pulso27.com\\\/actualidad\\\/sociedad\\\/lopez-aliaga-condecora-a-cipriani-pese-a-denuncias-de-pederastia-y-sanciones-del-vaticano\\\/#primaryimage\",\"url\":\"https:\\\/\\\/pulso27.com\\\/wp-content\\\/uploads\\\/2025\\\/01\\\/Ciprianii-1.png\",\"contentUrl\":\"https:\\\/\\\/pulso27.com\\\/wp-content\\\/uploads\\\/2025\\\/01\\\/Ciprianii-1.png\",\"width\":1200,\"height\":768},{\"@type\":\"BreadcrumbList\",\"@id\":\"https:\\\/\\\/pulso27.com\\\/actualidad\\\/sociedad\\\/lopez-aliaga-condecora-a-cipriani-pese-a-denuncias-de-pederastia-y-sanciones-del-vaticano\\\/#breadcrumb\",\"itemListElement\":[{\"@type\":\"ListItem\",\"position\":1,\"name\":\"Portada\",\"item\":\"https:\\\/\\\/pulso27.com\\\/\"},{\"@type\":\"ListItem\",\"position\":2,\"name\":\"Cardenal fujimorista y pederasta fue condecorado por el ultraderechista Rafael L\u00f3pez Aliaga de Renovaci\u00f3n Popular\"}]},{\"@type\":\"WebSite\",\"@id\":\"https:\\\/\\\/pulso27.com\\\/en\\\/#website\",\"url\":\"https:\\\/\\\/pulso27.com\\\/en\\\/\",\"name\":\"Pulso27\",\"description\":\"Web de noticias y publicidad\",\"publisher\":{\"@id\":\"https:\\\/\\\/pulso27.com\\\/en\\\/#organization\"},\"alternateName\":\"El pulso del pueblo\",\"potentialAction\":[{\"@type\":\"SearchAction\",\"target\":{\"@type\":\"EntryPoint\",\"urlTemplate\":\"https:\\\/\\\/pulso27.com\\\/en\\\/?s={search_term_string}\"},\"query-input\":{\"@type\":\"PropertyValueSpecification\",\"valueRequired\":true,\"valueName\":\"search_term_string\"}}],\"inLanguage\":\"en-US\"},{\"@type\":\"Organization\",\"@id\":\"https:\\\/\\\/pulso27.com\\\/en\\\/#organization\",\"name\":\"Pulso27\",\"url\":\"https:\\\/\\\/pulso27.com\\\/en\\\/\",\"logo\":{\"@type\":\"ImageObject\",\"inLanguage\":\"en-US\",\"@id\":\"https:\\\/\\\/pulso27.com\\\/en\\\/#\\\/schema\\\/logo\\\/image\\\/\",\"url\":\"https:\\\/\\\/pulso27.com\\\/wp-content\\\/uploads\\\/2026\\\/02\\\/Logotipo-de-la-organizacion-696-x-696-px-ok.png\",\"contentUrl\":\"https:\\\/\\\/pulso27.com\\\/wp-content\\\/uploads\\\/2026\\\/02\\\/Logotipo-de-la-organizacion-696-x-696-px-ok.png\",\"width\":696,\"height\":696,\"caption\":\"Pulso27\"},\"image\":{\"@id\":\"https:\\\/\\\/pulso27.com\\\/en\\\/#\\\/schema\\\/logo\\\/image\\\/\"},\"sameAs\":[\"https:\\\/\\\/www.facebook.com\\\/pulso27\\\/\",\"https:\\\/\\\/x.com\\\/Pulso_27\",\"https:\\\/\\\/www.youtube.com\\\/@Pulso27\",\"https:\\\/\\\/www.tiktok.com\\\/@pulso_27\"]},{\"@type\":\"Person\",\"@id\":\"https:\\\/\\\/pulso27.com\\\/en\\\/#\\\/schema\\\/person\\\/d20fd7f5bc7f2e53fd150d43fca07a78\",\"name\":\"Tupaq\",\"image\":{\"@type\":\"ImageObject\",\"inLanguage\":\"en-US\",\"@id\":\"https:\\\/\\\/secure.gravatar.com\\\/avatar\\\/7929e9b034aeea560319a601e4f04c59eb5f45a79eafe192adabb67e9604e7e7?s=96&d=mm&r=g\",\"url\":\"https:\\\/\\\/secure.gravatar.com\\\/avatar\\\/7929e9b034aeea560319a601e4f04c59eb5f45a79eafe192adabb67e9604e7e7?s=96&d=mm&r=g\",\"contentUrl\":\"https:\\\/\\\/secure.gravatar.com\\\/avatar\\\/7929e9b034aeea560319a601e4f04c59eb5f45a79eafe192adabb67e9604e7e7?s=96&d=mm&r=g\",\"caption\":\"Tupaq\"},\"url\":\"https:\\\/\\\/pulso27.com\\\/en\\\/author\\\/tupaq\\\/\"}]}<\/script>\n<!-- \/ Yoast SEO plugin. -->","yoast_head_json":{"title":"Cardenal fujimorista y pederasta fue condecorado por el ultraderechista Rafael L\u00f3pez Aliaga de Renovaci\u00f3n Popular - Pulso27","robots":{"index":"index","follow":"follow","max-snippet":"max-snippet:-1","max-image-preview":"max-image-preview:large","max-video-preview":"max-video-preview:-1"},"canonical":"https:\/\/pulso27.com\/en\/actualidad\/sociedad\/lopez-aliaga-condecora-a-cipriani-pese-a-denuncias-de-pederastia-y-sanciones-del-vaticano\/","og_locale":"en_US","og_type":"article","og_title":"Cardenal fujimorista y pederasta fue condecorado por el ultraderechista Rafael L\u00f3pez Aliaga de Renovaci\u00f3n Popular - Pulso27","og_description":"En medio de la pol\u00e9mica, el alcalde de Lima, Rafael L\u00f3pez Aliaga, otorg\u00f3 la medalla de la Orden al M\u00e9rito en grado Gran Cruz al cardenal Juan Luis Cipriani, quien enfrenta graves acusaciones de pederastia y sanciones vigentes por parte del Vaticano. La condecoraci\u00f3n fue realizada a pesar de que la Santa Sede confirm\u00f3 recientemente [&hellip;]","og_url":"https:\/\/pulso27.com\/en\/actualidad\/sociedad\/lopez-aliaga-condecora-a-cipriani-pese-a-denuncias-de-pederastia-y-sanciones-del-vaticano\/","og_site_name":"Pulso27","article_publisher":"https:\/\/www.facebook.com\/pulso27\/","article_published_time":"2025-01-26T21:31:34+00:00","article_modified_time":"2025-01-27T02:08:58+00:00","og_image":[{"width":1200,"height":768,"url":"https:\/\/pulso27.com\/wp-content\/uploads\/2025\/01\/Ciprianii-1.png","type":"image\/png"}],"author":"Tupaq","twitter_card":"summary_large_image","twitter_creator":"@Pulso_27","twitter_site":"@Pulso_27","twitter_misc":{"Written by":"Tupaq","Est. reading time":"3 minutes"},"schema":{"@context":"https:\/\/schema.org","@graph":[{"@type":"Article","@id":"https:\/\/pulso27.com\/actualidad\/sociedad\/lopez-aliaga-condecora-a-cipriani-pese-a-denuncias-de-pederastia-y-sanciones-del-vaticano\/#article","isPartOf":{"@id":"https:\/\/pulso27.com\/actualidad\/sociedad\/lopez-aliaga-condecora-a-cipriani-pese-a-denuncias-de-pederastia-y-sanciones-del-vaticano\/"},"author":{"name":"Tupaq","@id":"https:\/\/pulso27.com\/en\/#\/schema\/person\/d20fd7f5bc7f2e53fd150d43fca07a78"},"headline":"Cardenal fujimorista y pederasta fue condecorado por el ultraderechista Rafael L\u00f3pez Aliaga de Renovaci\u00f3n Popular","datePublished":"2025-01-26T21:31:34+00:00","dateModified":"2025-01-27T02:08:58+00:00","mainEntityOfPage":{"@id":"https:\/\/pulso27.com\/actualidad\/sociedad\/lopez-aliaga-condecora-a-cipriani-pese-a-denuncias-de-pederastia-y-sanciones-del-vaticano\/"},"wordCount":473,"commentCount":0,"publisher":{"@id":"https:\/\/pulso27.com\/en\/#organization"},"image":{"@id":"https:\/\/pulso27.com\/actualidad\/sociedad\/lopez-aliaga-condecora-a-cipriani-pese-a-denuncias-de-pederastia-y-sanciones-del-vaticano\/#primaryimage"},"thumbnailUrl":"https:\/\/pulso27.com\/wp-content\/uploads\/2025\/01\/Ciprianii-1.png","keywords":["Ayacucho","Cipriani","JorgeLopezAliaga","Pederasta","Porky"],"articleSection":["Actualidad","Destape","Opini\u00f3n","Pol\u00edtica","Sociedad"],"inLanguage":"en-US","potentialAction":[{"@type":"CommentAction","name":"Comment","target":["https:\/\/pulso27.com\/actualidad\/sociedad\/lopez-aliaga-condecora-a-cipriani-pese-a-denuncias-de-pederastia-y-sanciones-del-vaticano\/#respond"]}]},{"@type":"WebPage","@id":"https:\/\/pulso27.com\/actualidad\/sociedad\/lopez-aliaga-condecora-a-cipriani-pese-a-denuncias-de-pederastia-y-sanciones-del-vaticano\/","url":"https:\/\/pulso27.com\/actualidad\/sociedad\/lopez-aliaga-condecora-a-cipriani-pese-a-denuncias-de-pederastia-y-sanciones-del-vaticano\/","name":"Cardenal fujimorista y pederasta fue condecorado por el ultraderechista Rafael L\u00f3pez Aliaga de Renovaci\u00f3n Popular - Pulso27","isPartOf":{"@id":"https:\/\/pulso27.com\/en\/#website"},"primaryImageOfPage":{"@id":"https:\/\/pulso27.com\/actualidad\/sociedad\/lopez-aliaga-condecora-a-cipriani-pese-a-denuncias-de-pederastia-y-sanciones-del-vaticano\/#primaryimage"},"image":{"@id":"https:\/\/pulso27.com\/actualidad\/sociedad\/lopez-aliaga-condecora-a-cipriani-pese-a-denuncias-de-pederastia-y-sanciones-del-vaticano\/#primaryimage"},"thumbnailUrl":"https:\/\/pulso27.com\/wp-content\/uploads\/2025\/01\/Ciprianii-1.png","datePublished":"2025-01-26T21:31:34+00:00","dateModified":"2025-01-27T02:08:58+00:00","breadcrumb":{"@id":"https:\/\/pulso27.com\/actualidad\/sociedad\/lopez-aliaga-condecora-a-cipriani-pese-a-denuncias-de-pederastia-y-sanciones-del-vaticano\/#breadcrumb"},"inLanguage":"en-US","potentialAction":[{"@type":"ReadAction","target":["https:\/\/pulso27.com\/actualidad\/sociedad\/lopez-aliaga-condecora-a-cipriani-pese-a-denuncias-de-pederastia-y-sanciones-del-vaticano\/"]}]},{"@type":"ImageObject","inLanguage":"en-US","@id":"https:\/\/pulso27.com\/actualidad\/sociedad\/lopez-aliaga-condecora-a-cipriani-pese-a-denuncias-de-pederastia-y-sanciones-del-vaticano\/#primaryimage","url":"https:\/\/pulso27.com\/wp-content\/uploads\/2025\/01\/Ciprianii-1.png","contentUrl":"https:\/\/pulso27.com\/wp-content\/uploads\/2025\/01\/Ciprianii-1.png","width":1200,"height":768},{"@type":"BreadcrumbList","@id":"https:\/\/pulso27.com\/actualidad\/sociedad\/lopez-aliaga-condecora-a-cipriani-pese-a-denuncias-de-pederastia-y-sanciones-del-vaticano\/#breadcrumb","itemListElement":[{"@type":"ListItem","position":1,"name":"Portada","item":"https:\/\/pulso27.com\/"},{"@type":"ListItem","position":2,"name":"Cardenal fujimorista y pederasta fue condecorado por el ultraderechista Rafael L\u00f3pez Aliaga de Renovaci\u00f3n Popular"}]},{"@type":"WebSite","@id":"https:\/\/pulso27.com\/en\/#website","url":"https:\/\/pulso27.com\/en\/","name":"Pulso27","description":"Web de noticias y publicidad","publisher":{"@id":"https:\/\/pulso27.com\/en\/#organization"},"alternateName":"El pulso del pueblo","potentialAction":[{"@type":"SearchAction","target":{"@type":"EntryPoint","urlTemplate":"https:\/\/pulso27.com\/en\/?s={search_term_string}"},"query-input":{"@type":"PropertyValueSpecification","valueRequired":true,"valueName":"search_term_string"}}],"inLanguage":"en-US"},{"@type":"Organization","@id":"https:\/\/pulso27.com\/en\/#organization","name":"Pulso27","url":"https:\/\/pulso27.com\/en\/","logo":{"@type":"ImageObject","inLanguage":"en-US","@id":"https:\/\/pulso27.com\/en\/#\/schema\/logo\/image\/","url":"https:\/\/pulso27.com\/wp-content\/uploads\/2026\/02\/Logotipo-de-la-organizacion-696-x-696-px-ok.png","contentUrl":"https:\/\/pulso27.com\/wp-content\/uploads\/2026\/02\/Logotipo-de-la-organizacion-696-x-696-px-ok.png","width":696,"height":696,"caption":"Pulso27"},"image":{"@id":"https:\/\/pulso27.com\/en\/#\/schema\/logo\/image\/"},"sameAs":["https:\/\/www.facebook.com\/pulso27\/","https:\/\/x.com\/Pulso_27","https:\/\/www.youtube.com\/@Pulso27","https:\/\/www.tiktok.com\/@pulso_27"]},{"@type":"Person","@id":"https:\/\/pulso27.com\/en\/#\/schema\/person\/d20fd7f5bc7f2e53fd150d43fca07a78","name":"Tupaq","image":{"@type":"ImageObject","inLanguage":"en-US","@id":"https:\/\/secure.gravatar.com\/avatar\/7929e9b034aeea560319a601e4f04c59eb5f45a79eafe192adabb67e9604e7e7?s=96&d=mm&r=g","url":"https:\/\/secure.gravatar.com\/avatar\/7929e9b034aeea560319a601e4f04c59eb5f45a79eafe192adabb67e9604e7e7?s=96&d=mm&r=g","contentUrl":"https:\/\/secure.gravatar.com\/avatar\/7929e9b034aeea560319a601e4f04c59eb5f45a79eafe192adabb67e9604e7e7?s=96&d=mm&r=g","caption":"Tupaq"},"url":"https:\/\/pulso27.com\/en\/author\/tupaq\/"}]}},"amp_enabled":true,"_links":{"self":[{"href":"https:\/\/pulso27.com\/en\/wp-json\/wp\/v2\/posts\/3768","targetHints":{"allow":["GET"]}}],"collection":[{"href":"https:\/\/pulso27.com\/en\/wp-json\/wp\/v2\/posts"}],"about":[{"href":"https:\/\/pulso27.com\/en\/wp-json\/wp\/v2\/types\/post"}],"author":[{"embeddable":true,"href":"https:\/\/pulso27.com\/en\/wp-json\/wp\/v2\/users\/7"}],"replies":[{"embeddable":true,"href":"https:\/\/pulso27.com\/en\/wp-json\/wp\/v2\/comments?post=3768"}],"version-history":[{"count":2,"href":"https:\/\/pulso27.com\/en\/wp-json\/wp\/v2\/posts\/3768\/revisions"}],"predecessor-version":[{"id":3780,"href":"https:\/\/pulso27.com\/en\/wp-json\/wp\/v2\/posts\/3768\/revisions\/3780"}],"wp:featuredmedia":[{"embeddable":true,"href":"https:\/\/pulso27.com\/en\/wp-json\/wp\/v2\/media\/3776"}],"wp:attachment":[{"href":"https:\/\/pulso27.com\/en\/wp-json\/wp\/v2\/media?parent=3768"}],"wp:term":[{"taxonomy":"category","embeddable":true,"href":"https:\/\/pulso27.com\/en\/wp-json\/wp\/v2\/categories?post=3768"},{"taxonomy":"post_tag","embeddable":true,"href":"https:\/\/pulso27.com\/en\/wp-json\/wp\/v2\/tags?post=3768"}],"curies":[{"name":"wp","href":"https:\/\/api.w.org\/{rel}","templated":true}]}}