{"id":3790,"date":"2025-01-28T09:51:49","date_gmt":"2025-01-28T04:51:49","guid":{"rendered":"https:\/\/pulso27.com\/?p=3790"},"modified":"2025-01-28T09:53:45","modified_gmt":"2025-01-28T04:53:45","slug":"encuesta-de-ipsos-genera-polemica-al-colocar-a-keiko-fujimori-como-favorita-a-la-presidencia","status":"publish","type":"post","link":"https:\/\/pulso27.com\/en\/nacional\/encuesta-de-ipsos-genera-polemica-al-colocar-a-keiko-fujimori-como-favorita-a-la-presidencia\/","title":{"rendered":"Encuesta de Ipsos genera pol\u00e9mica al colocar a la ultraderechista Keiko Fujimori como favorita a la presidencia de Per\u00fa"},"content":{"rendered":"<p> La reciente encuesta de Ipsos Per\u00fa, publicada por el diario Per\u00fa 21, sit\u00faa a Keiko Fujimori al frente de las preferencias electorales con un 12 % de intenci\u00f3n de voto. Este resultado ha encendido el debate p\u00fablico, avivando cuestionamientos sobre la objetividad de la encuestadora y su impacto en el clima pol\u00edtico del pa\u00eds.<\/p>\n\n\n\n<p>Detr\u00e1s de Fujimori, seg\u00fan el sondeo, se encuentran Rafael L\u00f3pez Aliaga y Carlos \u00c1lvarez, ambos con un 4%. Sin embargo, un dato que llama la atenci\u00f3n es la alta cifra de votos blancos, viciados o personas que no precisan su intenci\u00f3n de voto, que alcanzan el 44 %, reflejando un descontento generalizado y la fragmentaci\u00f3n del panorama electoral.<\/p>\n\n\n\n<figure class=\"wp-block-image size-full is-resized\"><img loading=\"lazy\" decoding=\"async\" width=\"680\" height=\"400\" src=\"https:\/\/pulso27.com\/wp-content\/uploads\/2025\/01\/image-78.png\" alt=\"\" class=\"wp-image-3791\" style=\"width:740px;height:auto\" srcset=\"https:\/\/pulso27.com\/wp-content\/uploads\/2025\/01\/image-78.png 680w, https:\/\/pulso27.com\/wp-content\/uploads\/2025\/01\/image-78-300x176.png 300w, https:\/\/pulso27.com\/wp-content\/uploads\/2025\/01\/image-78-18x12.png 18w\" sizes=\"auto, (max-width: 680px) 100vw, 680px\" \/><figcaption class=\"wp-element-caption\"><em>El 55% de ciudadanos desaprueba la gesti\u00f3n de\u00a0<a href=\"http:\/\/panamericana.pe\/tags\/rafael+l%C3%B3pez+aliaga\" target=\"_blank\" rel=\"noreferrer noopener\">Rafael L\u00f3pez Aliaga<\/a>\u00a0como alcalde de\u00a0<a href=\"http:\/\/panamericana.pe\/tags\/lima\" target=\"_blank\" rel=\"noreferrer noopener\">Lima<\/a><\/em><\/figcaption><\/figure>\n\n\n\n<p>La encuesta ha sido objeto de fuertes cr\u00edticas desde diversos sectores de la sociedad. En regiones hist\u00f3ricamente contrarias al fujimorismo, como la sierra y la selva, las reacciones han sido contundentes. \u201cNo queremos m\u00e1s de lo mismo. Este resultado no representa lo que pensamos la mayor\u00eda de los peruanos\u201d, coment\u00f3 un dirigente regional.<\/p>\n\n\n\n<p>En redes sociales, las acusaciones de manipulaci\u00f3n no se han hecho esperar. Usuarios se\u00f1alan que el hecho de que Ipsos sea dirigida por Alfredo Torres y que Per\u00fa 21, medio que publica estos resultados, est\u00e9 bajo la direcci\u00f3n de su esposa, Cecilia Valenzuela, genera un conflicto de intereses evidente. \u201c\u00bfC\u00f3mo podemos confiar en esta encuesta cuando todo queda en familia?\u201d, se lee en una de las publicaciones m\u00e1s compartidas.<\/p>\n\n\n\n<figure class=\"wp-block-image size-large\"><img loading=\"lazy\" decoding=\"async\" width=\"919\" height=\"1024\" src=\"https:\/\/pulso27.com\/wp-content\/uploads\/2025\/01\/image-80-919x1024.png\" alt=\"\" class=\"wp-image-3793\" srcset=\"https:\/\/pulso27.com\/wp-content\/uploads\/2025\/01\/image-80-919x1024.png 919w, https:\/\/pulso27.com\/wp-content\/uploads\/2025\/01\/image-80-269x300.png 269w, https:\/\/pulso27.com\/wp-content\/uploads\/2025\/01\/image-80-768x856.png 768w, https:\/\/pulso27.com\/wp-content\/uploads\/2025\/01\/image-80-11x12.png 11w, https:\/\/pulso27.com\/wp-content\/uploads\/2025\/01\/image-80.png 1090w\" sizes=\"auto, (max-width: 919px) 100vw, 919px\" \/><\/figure>\n\n\n\n<p>Ipsos no es ajena a las cr\u00edticas. En elecciones pasadas, sus sondeos han sido acusados de favorecer indirectamente a figuras pol\u00edticas de derecha, incluido el fujimorismo. Aunque Torres ha defendido p\u00fablicamente la metodolog\u00eda de la empresa, el debate sobre posibles sesgos ideol\u00f3gicos persiste.<\/p>\n\n\n\n<p>Mientras Keiko Fujimori lidera con un porcentaje relativamente bajo, la fragmentaci\u00f3n de los votantes refleja una desconexi\u00f3n entre la ciudadan\u00eda y los partidos tradicionales. La cifra del 44 % de votos inciertos subraya que la carrera presidencial a\u00fan est\u00e1 abierta y que cualquier resultado es posible en el agitado clima pol\u00edtico peruano.<\/p>\n\n\n\n<p>La confianza en las encuestas y sus implicancias pol\u00edticas ser\u00e1n temas clave en los meses que vienen.<\/p>","protected":false},"excerpt":{"rendered":"<p>La reciente encuesta de Ipsos Per\u00fa, publicada por el diario Per\u00fa 21, sit\u00faa a Keiko Fujimori al frente de las preferencias electorales con un 12 % de intenci\u00f3n de voto. Este resultado ha encendido el debate p\u00fablico, avivando cuestionamientos sobre la objetividad de la encuestadora y su impacto en el clima pol\u00edtico del pa\u00eds. Detr\u00e1s [&hellip;]<\/p>\n","protected":false},"author":7,"featured_media":3794,"comment_status":"open","ping_status":"open","sticky":false,"template":"","format":"standard","meta":{"footnotes":""},"categories":[183,174,180],"tags":[2071,2070,2069,305],"class_list":["post-3790","post","type-post","status-publish","format-standard","has-post-thumbnail","hentry","category-actualidad","category-nacional","category-politica","tag-encuesta","tag-ipsos","tag-keikofuimori","tag-politica-2"],"yoast_head":"<!-- This site is optimized with the Yoast SEO plugin v27.4 - https:\/\/yoast.com\/product\/yoast-seo-wordpress\/ -->\n<title>Encuesta de Ipsos genera pol\u00e9mica al colocar a la ultraderechista Keiko Fujimori como favorita a la presidencia de Per\u00fa - Pulso27<\/title>\n<meta name=\"robots\" content=\"index, follow, max-snippet:-1, max-image-preview:large, max-video-preview:-1\" \/>\n<link rel=\"canonical\" href=\"https:\/\/pulso27.com\/en\/nacional\/encuesta-de-ipsos-genera-polemica-al-colocar-a-keiko-fujimori-como-favorita-a-la-presidencia\/\" \/>\n<meta property=\"og:locale\" content=\"en_US\" \/>\n<meta property=\"og:type\" content=\"article\" \/>\n<meta property=\"og:title\" content=\"Encuesta de Ipsos genera pol\u00e9mica al colocar a la ultraderechista Keiko Fujimori como favorita a la presidencia de Per\u00fa - Pulso27\" \/>\n<meta property=\"og:description\" content=\"La reciente encuesta de Ipsos Per\u00fa, publicada por el diario Per\u00fa 21, sit\u00faa a Keiko Fujimori al frente de las preferencias electorales con un 12 % de intenci\u00f3n de voto. Este resultado ha encendido el debate p\u00fablico, avivando cuestionamientos sobre la objetividad de la encuestadora y su impacto en el clima pol\u00edtico del pa\u00eds. Detr\u00e1s [&hellip;]\" \/>\n<meta property=\"og:url\" content=\"https:\/\/pulso27.com\/en\/nacional\/encuesta-de-ipsos-genera-polemica-al-colocar-a-keiko-fujimori-como-favorita-a-la-presidencia\/\" \/>\n<meta property=\"og:site_name\" content=\"Pulso27\" \/>\n<meta property=\"article:publisher\" content=\"https:\/\/www.facebook.com\/pulso27\/\" \/>\n<meta property=\"article:published_time\" content=\"2025-01-28T04:51:49+00:00\" \/>\n<meta property=\"article:modified_time\" content=\"2025-01-28T04:53:45+00:00\" \/>\n<meta property=\"og:image\" content=\"https:\/\/pulso27.com\/wp-content\/uploads\/2025\/01\/KeikoIpsos.png\" \/>\n\t<meta property=\"og:image:width\" content=\"1200\" \/>\n\t<meta property=\"og:image:height\" content=\"768\" \/>\n\t<meta property=\"og:image:type\" content=\"image\/png\" \/>\n<meta name=\"author\" content=\"Tupaq\" \/>\n<meta name=\"twitter:card\" content=\"summary_large_image\" \/>\n<meta name=\"twitter:creator\" content=\"@Pulso_27\" \/>\n<meta name=\"twitter:site\" content=\"@Pulso_27\" \/>\n<meta name=\"twitter:label1\" content=\"Written by\" \/>\n\t<meta name=\"twitter:data1\" content=\"Tupaq\" \/>\n\t<meta name=\"twitter:label2\" content=\"Est. reading time\" \/>\n\t<meta name=\"twitter:data2\" content=\"3 minutes\" \/>\n<script type=\"application\/ld+json\" class=\"yoast-schema-graph\">{\"@context\":\"https:\\\/\\\/schema.org\",\"@graph\":[{\"@type\":\"Article\",\"@id\":\"https:\\\/\\\/pulso27.com\\\/nacional\\\/encuesta-de-ipsos-genera-polemica-al-colocar-a-keiko-fujimori-como-favorita-a-la-presidencia\\\/#article\",\"isPartOf\":{\"@id\":\"https:\\\/\\\/pulso27.com\\\/nacional\\\/encuesta-de-ipsos-genera-polemica-al-colocar-a-keiko-fujimori-como-favorita-a-la-presidencia\\\/\"},\"author\":{\"name\":\"Tupaq\",\"@id\":\"https:\\\/\\\/pulso27.com\\\/en\\\/#\\\/schema\\\/person\\\/d20fd7f5bc7f2e53fd150d43fca07a78\"},\"headline\":\"Encuesta de Ipsos genera pol\u00e9mica al colocar a la ultraderechista Keiko Fujimori como favorita a la presidencia de Per\u00fa\",\"datePublished\":\"2025-01-28T04:51:49+00:00\",\"dateModified\":\"2025-01-28T04:53:45+00:00\",\"mainEntityOfPage\":{\"@id\":\"https:\\\/\\\/pulso27.com\\\/nacional\\\/encuesta-de-ipsos-genera-polemica-al-colocar-a-keiko-fujimori-como-favorita-a-la-presidencia\\\/\"},\"wordCount\":405,\"commentCount\":0,\"publisher\":{\"@id\":\"https:\\\/\\\/pulso27.com\\\/en\\\/#organization\"},\"image\":{\"@id\":\"https:\\\/\\\/pulso27.com\\\/nacional\\\/encuesta-de-ipsos-genera-polemica-al-colocar-a-keiko-fujimori-como-favorita-a-la-presidencia\\\/#primaryimage\"},\"thumbnailUrl\":\"https:\\\/\\\/pulso27.com\\\/wp-content\\\/uploads\\\/2025\\\/01\\\/KeikoIpsos.png\",\"keywords\":[\"Encuesta\",\"IPSOS\",\"KeikoFuimori\",\"Pol\u00edtica\"],\"articleSection\":[\"Actualidad\",\"Nacional\",\"Pol\u00edtica\"],\"inLanguage\":\"en-US\",\"potentialAction\":[{\"@type\":\"CommentAction\",\"name\":\"Comment\",\"target\":[\"https:\\\/\\\/pulso27.com\\\/nacional\\\/encuesta-de-ipsos-genera-polemica-al-colocar-a-keiko-fujimori-como-favorita-a-la-presidencia\\\/#respond\"]}]},{\"@type\":\"WebPage\",\"@id\":\"https:\\\/\\\/pulso27.com\\\/nacional\\\/encuesta-de-ipsos-genera-polemica-al-colocar-a-keiko-fujimori-como-favorita-a-la-presidencia\\\/\",\"url\":\"https:\\\/\\\/pulso27.com\\\/nacional\\\/encuesta-de-ipsos-genera-polemica-al-colocar-a-keiko-fujimori-como-favorita-a-la-presidencia\\\/\",\"name\":\"Encuesta de Ipsos genera pol\u00e9mica al colocar a la ultraderechista Keiko Fujimori como favorita a la presidencia de Per\u00fa - Pulso27\",\"isPartOf\":{\"@id\":\"https:\\\/\\\/pulso27.com\\\/en\\\/#website\"},\"primaryImageOfPage\":{\"@id\":\"https:\\\/\\\/pulso27.com\\\/nacional\\\/encuesta-de-ipsos-genera-polemica-al-colocar-a-keiko-fujimori-como-favorita-a-la-presidencia\\\/#primaryimage\"},\"image\":{\"@id\":\"https:\\\/\\\/pulso27.com\\\/nacional\\\/encuesta-de-ipsos-genera-polemica-al-colocar-a-keiko-fujimori-como-favorita-a-la-presidencia\\\/#primaryimage\"},\"thumbnailUrl\":\"https:\\\/\\\/pulso27.com\\\/wp-content\\\/uploads\\\/2025\\\/01\\\/KeikoIpsos.png\",\"datePublished\":\"2025-01-28T04:51:49+00:00\",\"dateModified\":\"2025-01-28T04:53:45+00:00\",\"breadcrumb\":{\"@id\":\"https:\\\/\\\/pulso27.com\\\/nacional\\\/encuesta-de-ipsos-genera-polemica-al-colocar-a-keiko-fujimori-como-favorita-a-la-presidencia\\\/#breadcrumb\"},\"inLanguage\":\"en-US\",\"potentialAction\":[{\"@type\":\"ReadAction\",\"target\":[\"https:\\\/\\\/pulso27.com\\\/nacional\\\/encuesta-de-ipsos-genera-polemica-al-colocar-a-keiko-fujimori-como-favorita-a-la-presidencia\\\/\"]}]},{\"@type\":\"ImageObject\",\"inLanguage\":\"en-US\",\"@id\":\"https:\\\/\\\/pulso27.com\\\/nacional\\\/encuesta-de-ipsos-genera-polemica-al-colocar-a-keiko-fujimori-como-favorita-a-la-presidencia\\\/#primaryimage\",\"url\":\"https:\\\/\\\/pulso27.com\\\/wp-content\\\/uploads\\\/2025\\\/01\\\/KeikoIpsos.png\",\"contentUrl\":\"https:\\\/\\\/pulso27.com\\\/wp-content\\\/uploads\\\/2025\\\/01\\\/KeikoIpsos.png\",\"width\":1200,\"height\":768},{\"@type\":\"BreadcrumbList\",\"@id\":\"https:\\\/\\\/pulso27.com\\\/nacional\\\/encuesta-de-ipsos-genera-polemica-al-colocar-a-keiko-fujimori-como-favorita-a-la-presidencia\\\/#breadcrumb\",\"itemListElement\":[{\"@type\":\"ListItem\",\"position\":1,\"name\":\"Portada\",\"item\":\"https:\\\/\\\/pulso27.com\\\/\"},{\"@type\":\"ListItem\",\"position\":2,\"name\":\"Encuesta de Ipsos genera pol\u00e9mica al colocar a la ultraderechista Keiko Fujimori como favorita a la presidencia de Per\u00fa\"}]},{\"@type\":\"WebSite\",\"@id\":\"https:\\\/\\\/pulso27.com\\\/en\\\/#website\",\"url\":\"https:\\\/\\\/pulso27.com\\\/en\\\/\",\"name\":\"Pulso27\",\"description\":\"Web de noticias y publicidad\",\"publisher\":{\"@id\":\"https:\\\/\\\/pulso27.com\\\/en\\\/#organization\"},\"alternateName\":\"El pulso del pueblo\",\"potentialAction\":[{\"@type\":\"SearchAction\",\"target\":{\"@type\":\"EntryPoint\",\"urlTemplate\":\"https:\\\/\\\/pulso27.com\\\/en\\\/?s={search_term_string}\"},\"query-input\":{\"@type\":\"PropertyValueSpecification\",\"valueRequired\":true,\"valueName\":\"search_term_string\"}}],\"inLanguage\":\"en-US\"},{\"@type\":\"Organization\",\"@id\":\"https:\\\/\\\/pulso27.com\\\/en\\\/#organization\",\"name\":\"Pulso27\",\"url\":\"https:\\\/\\\/pulso27.com\\\/en\\\/\",\"logo\":{\"@type\":\"ImageObject\",\"inLanguage\":\"en-US\",\"@id\":\"https:\\\/\\\/pulso27.com\\\/en\\\/#\\\/schema\\\/logo\\\/image\\\/\",\"url\":\"https:\\\/\\\/pulso27.com\\\/wp-content\\\/uploads\\\/2026\\\/02\\\/Logotipo-de-la-organizacion-696-x-696-px-ok.png\",\"contentUrl\":\"https:\\\/\\\/pulso27.com\\\/wp-content\\\/uploads\\\/2026\\\/02\\\/Logotipo-de-la-organizacion-696-x-696-px-ok.png\",\"width\":696,\"height\":696,\"caption\":\"Pulso27\"},\"image\":{\"@id\":\"https:\\\/\\\/pulso27.com\\\/en\\\/#\\\/schema\\\/logo\\\/image\\\/\"},\"sameAs\":[\"https:\\\/\\\/www.facebook.com\\\/pulso27\\\/\",\"https:\\\/\\\/x.com\\\/Pulso_27\",\"https:\\\/\\\/www.youtube.com\\\/@Pulso27\",\"https:\\\/\\\/www.tiktok.com\\\/@pulso_27\"]},{\"@type\":\"Person\",\"@id\":\"https:\\\/\\\/pulso27.com\\\/en\\\/#\\\/schema\\\/person\\\/d20fd7f5bc7f2e53fd150d43fca07a78\",\"name\":\"Tupaq\",\"image\":{\"@type\":\"ImageObject\",\"inLanguage\":\"en-US\",\"@id\":\"https:\\\/\\\/secure.gravatar.com\\\/avatar\\\/7929e9b034aeea560319a601e4f04c59eb5f45a79eafe192adabb67e9604e7e7?s=96&d=mm&r=g\",\"url\":\"https:\\\/\\\/secure.gravatar.com\\\/avatar\\\/7929e9b034aeea560319a601e4f04c59eb5f45a79eafe192adabb67e9604e7e7?s=96&d=mm&r=g\",\"contentUrl\":\"https:\\\/\\\/secure.gravatar.com\\\/avatar\\\/7929e9b034aeea560319a601e4f04c59eb5f45a79eafe192adabb67e9604e7e7?s=96&d=mm&r=g\",\"caption\":\"Tupaq\"},\"url\":\"https:\\\/\\\/pulso27.com\\\/en\\\/author\\\/tupaq\\\/\"}]}<\/script>\n<!-- \/ Yoast SEO plugin. -->","yoast_head_json":{"title":"Encuesta de Ipsos genera pol\u00e9mica al colocar a la ultraderechista Keiko Fujimori como favorita a la presidencia de Per\u00fa - Pulso27","robots":{"index":"index","follow":"follow","max-snippet":"max-snippet:-1","max-image-preview":"max-image-preview:large","max-video-preview":"max-video-preview:-1"},"canonical":"https:\/\/pulso27.com\/en\/nacional\/encuesta-de-ipsos-genera-polemica-al-colocar-a-keiko-fujimori-como-favorita-a-la-presidencia\/","og_locale":"en_US","og_type":"article","og_title":"Encuesta de Ipsos genera pol\u00e9mica al colocar a la ultraderechista Keiko Fujimori como favorita a la presidencia de Per\u00fa - Pulso27","og_description":"La reciente encuesta de Ipsos Per\u00fa, publicada por el diario Per\u00fa 21, sit\u00faa a Keiko Fujimori al frente de las preferencias electorales con un 12 % de intenci\u00f3n de voto. Este resultado ha encendido el debate p\u00fablico, avivando cuestionamientos sobre la objetividad de la encuestadora y su impacto en el clima pol\u00edtico del pa\u00eds. Detr\u00e1s [&hellip;]","og_url":"https:\/\/pulso27.com\/en\/nacional\/encuesta-de-ipsos-genera-polemica-al-colocar-a-keiko-fujimori-como-favorita-a-la-presidencia\/","og_site_name":"Pulso27","article_publisher":"https:\/\/www.facebook.com\/pulso27\/","article_published_time":"2025-01-28T04:51:49+00:00","article_modified_time":"2025-01-28T04:53:45+00:00","og_image":[{"width":1200,"height":768,"url":"https:\/\/pulso27.com\/wp-content\/uploads\/2025\/01\/KeikoIpsos.png","type":"image\/png"}],"author":"Tupaq","twitter_card":"summary_large_image","twitter_creator":"@Pulso_27","twitter_site":"@Pulso_27","twitter_misc":{"Written by":"Tupaq","Est. reading time":"3 minutes"},"schema":{"@context":"https:\/\/schema.org","@graph":[{"@type":"Article","@id":"https:\/\/pulso27.com\/nacional\/encuesta-de-ipsos-genera-polemica-al-colocar-a-keiko-fujimori-como-favorita-a-la-presidencia\/#article","isPartOf":{"@id":"https:\/\/pulso27.com\/nacional\/encuesta-de-ipsos-genera-polemica-al-colocar-a-keiko-fujimori-como-favorita-a-la-presidencia\/"},"author":{"name":"Tupaq","@id":"https:\/\/pulso27.com\/en\/#\/schema\/person\/d20fd7f5bc7f2e53fd150d43fca07a78"},"headline":"Encuesta de Ipsos genera pol\u00e9mica al colocar a la ultraderechista Keiko Fujimori como favorita a la presidencia de Per\u00fa","datePublished":"2025-01-28T04:51:49+00:00","dateModified":"2025-01-28T04:53:45+00:00","mainEntityOfPage":{"@id":"https:\/\/pulso27.com\/nacional\/encuesta-de-ipsos-genera-polemica-al-colocar-a-keiko-fujimori-como-favorita-a-la-presidencia\/"},"wordCount":405,"commentCount":0,"publisher":{"@id":"https:\/\/pulso27.com\/en\/#organization"},"image":{"@id":"https:\/\/pulso27.com\/nacional\/encuesta-de-ipsos-genera-polemica-al-colocar-a-keiko-fujimori-como-favorita-a-la-presidencia\/#primaryimage"},"thumbnailUrl":"https:\/\/pulso27.com\/wp-content\/uploads\/2025\/01\/KeikoIpsos.png","keywords":["Encuesta","IPSOS","KeikoFuimori","Pol\u00edtica"],"articleSection":["Actualidad","Nacional","Pol\u00edtica"],"inLanguage":"en-US","potentialAction":[{"@type":"CommentAction","name":"Comment","target":["https:\/\/pulso27.com\/nacional\/encuesta-de-ipsos-genera-polemica-al-colocar-a-keiko-fujimori-como-favorita-a-la-presidencia\/#respond"]}]},{"@type":"WebPage","@id":"https:\/\/pulso27.com\/nacional\/encuesta-de-ipsos-genera-polemica-al-colocar-a-keiko-fujimori-como-favorita-a-la-presidencia\/","url":"https:\/\/pulso27.com\/nacional\/encuesta-de-ipsos-genera-polemica-al-colocar-a-keiko-fujimori-como-favorita-a-la-presidencia\/","name":"Encuesta de Ipsos genera pol\u00e9mica al colocar a la ultraderechista Keiko Fujimori como favorita a la presidencia de Per\u00fa - Pulso27","isPartOf":{"@id":"https:\/\/pulso27.com\/en\/#website"},"primaryImageOfPage":{"@id":"https:\/\/pulso27.com\/nacional\/encuesta-de-ipsos-genera-polemica-al-colocar-a-keiko-fujimori-como-favorita-a-la-presidencia\/#primaryimage"},"image":{"@id":"https:\/\/pulso27.com\/nacional\/encuesta-de-ipsos-genera-polemica-al-colocar-a-keiko-fujimori-como-favorita-a-la-presidencia\/#primaryimage"},"thumbnailUrl":"https:\/\/pulso27.com\/wp-content\/uploads\/2025\/01\/KeikoIpsos.png","datePublished":"2025-01-28T04:51:49+00:00","dateModified":"2025-01-28T04:53:45+00:00","breadcrumb":{"@id":"https:\/\/pulso27.com\/nacional\/encuesta-de-ipsos-genera-polemica-al-colocar-a-keiko-fujimori-como-favorita-a-la-presidencia\/#breadcrumb"},"inLanguage":"en-US","potentialAction":[{"@type":"ReadAction","target":["https:\/\/pulso27.com\/nacional\/encuesta-de-ipsos-genera-polemica-al-colocar-a-keiko-fujimori-como-favorita-a-la-presidencia\/"]}]},{"@type":"ImageObject","inLanguage":"en-US","@id":"https:\/\/pulso27.com\/nacional\/encuesta-de-ipsos-genera-polemica-al-colocar-a-keiko-fujimori-como-favorita-a-la-presidencia\/#primaryimage","url":"https:\/\/pulso27.com\/wp-content\/uploads\/2025\/01\/KeikoIpsos.png","contentUrl":"https:\/\/pulso27.com\/wp-content\/uploads\/2025\/01\/KeikoIpsos.png","width":1200,"height":768},{"@type":"BreadcrumbList","@id":"https:\/\/pulso27.com\/nacional\/encuesta-de-ipsos-genera-polemica-al-colocar-a-keiko-fujimori-como-favorita-a-la-presidencia\/#breadcrumb","itemListElement":[{"@type":"ListItem","position":1,"name":"Portada","item":"https:\/\/pulso27.com\/"},{"@type":"ListItem","position":2,"name":"Encuesta de Ipsos genera pol\u00e9mica al colocar a la ultraderechista Keiko Fujimori como favorita a la presidencia de Per\u00fa"}]},{"@type":"WebSite","@id":"https:\/\/pulso27.com\/en\/#website","url":"https:\/\/pulso27.com\/en\/","name":"Pulso27","description":"Web de noticias y publicidad","publisher":{"@id":"https:\/\/pulso27.com\/en\/#organization"},"alternateName":"El pulso del pueblo","potentialAction":[{"@type":"SearchAction","target":{"@type":"EntryPoint","urlTemplate":"https:\/\/pulso27.com\/en\/?s={search_term_string}"},"query-input":{"@type":"PropertyValueSpecification","valueRequired":true,"valueName":"search_term_string"}}],"inLanguage":"en-US"},{"@type":"Organization","@id":"https:\/\/pulso27.com\/en\/#organization","name":"Pulso27","url":"https:\/\/pulso27.com\/en\/","logo":{"@type":"ImageObject","inLanguage":"en-US","@id":"https:\/\/pulso27.com\/en\/#\/schema\/logo\/image\/","url":"https:\/\/pulso27.com\/wp-content\/uploads\/2026\/02\/Logotipo-de-la-organizacion-696-x-696-px-ok.png","contentUrl":"https:\/\/pulso27.com\/wp-content\/uploads\/2026\/02\/Logotipo-de-la-organizacion-696-x-696-px-ok.png","width":696,"height":696,"caption":"Pulso27"},"image":{"@id":"https:\/\/pulso27.com\/en\/#\/schema\/logo\/image\/"},"sameAs":["https:\/\/www.facebook.com\/pulso27\/","https:\/\/x.com\/Pulso_27","https:\/\/www.youtube.com\/@Pulso27","https:\/\/www.tiktok.com\/@pulso_27"]},{"@type":"Person","@id":"https:\/\/pulso27.com\/en\/#\/schema\/person\/d20fd7f5bc7f2e53fd150d43fca07a78","name":"Tupaq","image":{"@type":"ImageObject","inLanguage":"en-US","@id":"https:\/\/secure.gravatar.com\/avatar\/7929e9b034aeea560319a601e4f04c59eb5f45a79eafe192adabb67e9604e7e7?s=96&d=mm&r=g","url":"https:\/\/secure.gravatar.com\/avatar\/7929e9b034aeea560319a601e4f04c59eb5f45a79eafe192adabb67e9604e7e7?s=96&d=mm&r=g","contentUrl":"https:\/\/secure.gravatar.com\/avatar\/7929e9b034aeea560319a601e4f04c59eb5f45a79eafe192adabb67e9604e7e7?s=96&d=mm&r=g","caption":"Tupaq"},"url":"https:\/\/pulso27.com\/en\/author\/tupaq\/"}]}},"amp_enabled":true,"_links":{"self":[{"href":"https:\/\/pulso27.com\/en\/wp-json\/wp\/v2\/posts\/3790","targetHints":{"allow":["GET"]}}],"collection":[{"href":"https:\/\/pulso27.com\/en\/wp-json\/wp\/v2\/posts"}],"about":[{"href":"https:\/\/pulso27.com\/en\/wp-json\/wp\/v2\/types\/post"}],"author":[{"embeddable":true,"href":"https:\/\/pulso27.com\/en\/wp-json\/wp\/v2\/users\/7"}],"replies":[{"embeddable":true,"href":"https:\/\/pulso27.com\/en\/wp-json\/wp\/v2\/comments?post=3790"}],"version-history":[{"count":2,"href":"https:\/\/pulso27.com\/en\/wp-json\/wp\/v2\/posts\/3790\/revisions"}],"predecessor-version":[{"id":3799,"href":"https:\/\/pulso27.com\/en\/wp-json\/wp\/v2\/posts\/3790\/revisions\/3799"}],"wp:featuredmedia":[{"embeddable":true,"href":"https:\/\/pulso27.com\/en\/wp-json\/wp\/v2\/media\/3794"}],"wp:attachment":[{"href":"https:\/\/pulso27.com\/en\/wp-json\/wp\/v2\/media?parent=3790"}],"wp:term":[{"taxonomy":"category","embeddable":true,"href":"https:\/\/pulso27.com\/en\/wp-json\/wp\/v2\/categories?post=3790"},{"taxonomy":"post_tag","embeddable":true,"href":"https:\/\/pulso27.com\/en\/wp-json\/wp\/v2\/tags?post=3790"}],"curies":[{"name":"wp","href":"https:\/\/api.w.org\/{rel}","templated":true}]}}