{"id":3899,"date":"2025-02-05T09:20:16","date_gmt":"2025-02-05T04:20:16","guid":{"rendered":"https:\/\/pulso27.com\/?p=3899"},"modified":"2025-02-05T09:20:20","modified_gmt":"2025-02-05T04:20:20","slug":"abancay-se-moviliza-contra-la-demolicion-del-hospital-regional-y-presencia-de-dina-boluarte","status":"publish","type":"post","link":"https:\/\/pulso27.com\/en\/actualidad\/policial\/abancay-se-moviliza-contra-la-demolicion-del-hospital-regional-y-presencia-de-dina-boluarte\/","title":{"rendered":"Abancay se moviliza contra la demolici\u00f3n del Hospital Regional y presencia de Dina Boluarte"},"content":{"rendered":"<p>La ciudad de Abancay, capital de la regi\u00f3n Apur\u00edmac, amaneci\u00f3 en medio de tensiones y protestas masivas en rechazo a la presencia de la presidenta Dina Boluarte, quien lleg\u00f3 a la ciudad para la colocaci\u00f3n de la primera piedra de un nuevo centro penitenciario. Sin embargo, la atenci\u00f3n de los pobladores se centr\u00f3 en la falta de avances en la construcci\u00f3n del Hospital Regional Guillermo D\u00edaz de la Vega, una obra que lleva a\u00f1os en el limbo y que ha generado indignaci\u00f3n en la poblaci\u00f3n.<\/p>\n\n\n\n<figure class=\"wp-block-image size-large\"><img loading=\"lazy\" decoding=\"async\" width=\"1024\" height=\"582\" src=\"https:\/\/pulso27.com\/wp-content\/uploads\/2025\/02\/image-8-1024x582.png\" alt=\"\" class=\"wp-image-3903\" srcset=\"https:\/\/pulso27.com\/wp-content\/uploads\/2025\/02\/image-8-1024x582.png 1024w, https:\/\/pulso27.com\/wp-content\/uploads\/2025\/02\/image-8-300x171.png 300w, https:\/\/pulso27.com\/wp-content\/uploads\/2025\/02\/image-8-768x437.png 768w, https:\/\/pulso27.com\/wp-content\/uploads\/2025\/02\/image-8-1536x874.png 1536w, https:\/\/pulso27.com\/wp-content\/uploads\/2025\/02\/image-8-18x10.png 18w, https:\/\/pulso27.com\/wp-content\/uploads\/2025\/02\/image-8.png 1600w\" sizes=\"auto, (max-width: 1024px) 100vw, 1024px\" \/><figcaption class=\"wp-element-caption\"><em>La presidenta Dina Boluarte, lleg\u00f3 a la ciudad de Abancay para la colocaci\u00f3n de la primera piedra de un nuevo centro penitenciario<\/em>. Foto www.gob.pe <\/figcaption><\/figure>\n\n\n\n<p>Centenares de abanquinos salieron a las calles para expresar su descontento con un paro de 24 horas y una marcha que paraliz\u00f3 la ciudad por horas. Los manifestantes exigieron respuestas concretas sobre el futuro del hospital regional, cuya demolici\u00f3n ha sido planteada por el gobierno regional sin que se haya garantizado la construcci\u00f3n de un nuevo nosocomio que asegure la continuidad de los servicios de salud.<\/p>\n\n\n\n<p>El Hospital Regional Guillermo D\u00edaz de la Vega, que atiende a miles de pacientes de Apur\u00edmac y regiones aleda\u00f1as, se encuentra en un estado cr\u00edtico de deterioro. Los pobladores exigen que la construcci\u00f3n del nuevo hospital de nivel III-I se realice en un terreno distinto al actual, evitando la demolici\u00f3n del existente hasta que haya una infraestructura alternativa operativa.<\/p>\n\n\n\n<p>\u201cNo estamos en contra del progreso, pero no podemos permitir que se deje a miles de personas sin atenci\u00f3n m\u00e9dica. Exigimos transparencia y un plan claro\u201d, declar\u00f3 un dirigente local durante la protesta. La falta de garant\u00edas para la continuidad de los servicios de salud ha generado desconfianza en la poblaci\u00f3n, que acusa al gobierno regional y nacional de no priorizar sus necesidades.<\/p>\n\n\n\n<figure class=\"wp-block-image size-full is-resized\"><img loading=\"lazy\" decoding=\"async\" width=\"720\" height=\"540\" src=\"https:\/\/pulso27.com\/wp-content\/uploads\/2025\/02\/image-7.png\" alt=\"\" class=\"wp-image-3902\" style=\"width:740px;height:auto\" srcset=\"https:\/\/pulso27.com\/wp-content\/uploads\/2025\/02\/image-7.png 720w, https:\/\/pulso27.com\/wp-content\/uploads\/2025\/02\/image-7-300x225.png 300w, https:\/\/pulso27.com\/wp-content\/uploads\/2025\/02\/image-7-16x12.png 16w\" sizes=\"auto, (max-width: 720px) 100vw, 720px\" \/><figcaption class=\"wp-element-caption\"><em>Los manifestaci\u00f3n se oponen a la demolici\u00f3n del Hospital Regional Guillermo D\u00edaz de la Vega<\/em><\/figcaption><\/figure>\n\n\n\n<p>Mientras las calles de Abancay se llenaban de manifestantes, la presidenta Dina Boluarte particip\u00f3 en el acto de colocaci\u00f3n de la primera piedra del nuevo centro penitenciario en el sector de Illanya, una obra que demandar\u00e1 una inversi\u00f3n de 116 millones de soles y que estar\u00e1 lista entre noviembre y diciembre de 2026.<\/p>\n\n\n\n<p>El nuevo penal, que albergar\u00e1 a 785 internos (702 hombres y 83 mujeres), busca aliviar el hacinamiento en la actual c\u00e1rcel de Abancay, que tiene una capacidad para 80 personas, pero alberga a m\u00e1s de 400. Durante su discurso, Boluarte destac\u00f3 el compromiso de su gobierno con el desarrollo de Apur\u00edmac, una regi\u00f3n que, seg\u00fan dijo, ha sido hist\u00f3ricamente olvidada.<\/p>\n\n\n\n<p>Sin embargo, la mandataria fue interrumpida por una mujer que, a viva voz, le record\u00f3 que la construcci\u00f3n del penal fue impulsada por la sociedad civil. \u201c\u00a1Esta obra es gracias a la sociedad civil!\u201d, exclam\u00f3 la mujer, en un momento inc\u00f3modo para la presidenta, quien la invit\u00f3 a subir al estrado para agradecer a la poblaci\u00f3n.<\/p>\n\n\n\n<figure class=\"wp-block-image size-full is-resized\"><img loading=\"lazy\" decoding=\"async\" width=\"720\" height=\"480\" src=\"https:\/\/pulso27.com\/wp-content\/uploads\/2025\/02\/image-9.png\" alt=\"\" class=\"wp-image-3904\" style=\"width:740px;height:auto\" srcset=\"https:\/\/pulso27.com\/wp-content\/uploads\/2025\/02\/image-9.png 720w, https:\/\/pulso27.com\/wp-content\/uploads\/2025\/02\/image-9-300x200.png 300w, https:\/\/pulso27.com\/wp-content\/uploads\/2025\/02\/image-9-18x12.png 18w\" sizes=\"auto, (max-width: 720px) 100vw, 720px\" \/><figcaption class=\"wp-element-caption\"><em>El nuevo penal albergar\u00eda a 785 internos que busca aliviar el hacinamiento en la actual c\u00e1rcel de Abancay<\/em><\/figcaption><\/figure>\n\n\n\n<p>La visita de Boluarte se dio en un contexto de alta tensi\u00f3n. Ante las protestas anunciadas, la ciudad fue militarizada, lo que gener\u00f3 cr\u00edticas por parte de los manifestantes, quienes consideraron la medida como un intento de intimidaci\u00f3n.<\/p>\n\n\n\n<p>Adem\u00e1s, un helic\u00f3ptero del Ej\u00e9rcito Peruano caus\u00f3 da\u00f1os en el techo de una vivienda durante un vuelo rasante para aterrizar en el campo deportivo del Colegio Miguel Grau, lo que aument\u00f3 el malestar entre los pobladores.<\/p>\n\n\n\n<p>Las protestas en Abancay reflejan un profundo descontento con la gesti\u00f3n gubernamental, no solo por la demora en la construcci\u00f3n del hospital regional, sino tambi\u00e9n por la falta de di\u00e1logo y transparencia en la toma de decisiones que afectan a la poblaci\u00f3n. Mientras el gobierno celebra la construcci\u00f3n de un nuevo penal, los abanquinos exigen que se prioricen obras que impacten directamente en su calidad de vida, como el tan esperado hospital.<\/p>","protected":false},"excerpt":{"rendered":"<p>La ciudad de Abancay, capital de la regi\u00f3n Apur\u00edmac, amaneci\u00f3 en medio de tensiones y protestas masivas en rechazo a la presencia de la presidenta Dina Boluarte, quien lleg\u00f3 a la ciudad para la colocaci\u00f3n de la primera piedra de un nuevo centro penitenciario. Sin embargo, la atenci\u00f3n de los pobladores se centr\u00f3 en la [&hellip;]<\/p>\n","protected":false},"author":7,"featured_media":3900,"comment_status":"open","ping_status":"open","sticky":false,"template":"","format":"standard","meta":{"footnotes":""},"categories":[183,174,178],"tags":[2086,1849,2085,720],"class_list":["post-3899","post","type-post","status-publish","format-standard","has-post-thumbnail","hentry","category-actualidad","category-nacional","category-policial","tag-abancay","tag-dinaboluarte","tag-inpe","tag-mininter"],"yoast_head":"<!-- This site is optimized with the Yoast SEO plugin v27.4 - https:\/\/yoast.com\/product\/yoast-seo-wordpress\/ -->\n<title>Abancay se moviliza contra la demolici\u00f3n del Hospital Regional y presencia de Dina Boluarte - Pulso27<\/title>\n<meta name=\"robots\" content=\"index, follow, max-snippet:-1, max-image-preview:large, max-video-preview:-1\" \/>\n<link rel=\"canonical\" href=\"https:\/\/pulso27.com\/en\/nacional\/abancay-se-moviliza-contra-la-demolicion-del-hospital-regional-y-presencia-de-dina-boluarte\/\" \/>\n<meta property=\"og:locale\" content=\"en_US\" \/>\n<meta property=\"og:type\" content=\"article\" \/>\n<meta property=\"og:title\" content=\"Abancay se moviliza contra la demolici\u00f3n del Hospital Regional y presencia de Dina Boluarte - Pulso27\" \/>\n<meta property=\"og:description\" content=\"La ciudad de Abancay, capital de la regi\u00f3n Apur\u00edmac, amaneci\u00f3 en medio de tensiones y protestas masivas en rechazo a la presencia de la presidenta Dina Boluarte, quien lleg\u00f3 a la ciudad para la colocaci\u00f3n de la primera piedra de un nuevo centro penitenciario. Sin embargo, la atenci\u00f3n de los pobladores se centr\u00f3 en la [&hellip;]\" \/>\n<meta property=\"og:url\" content=\"https:\/\/pulso27.com\/en\/nacional\/abancay-se-moviliza-contra-la-demolicion-del-hospital-regional-y-presencia-de-dina-boluarte\/\" \/>\n<meta property=\"og:site_name\" content=\"Pulso27\" \/>\n<meta property=\"article:publisher\" content=\"https:\/\/www.facebook.com\/pulso27\/\" \/>\n<meta property=\"article:published_time\" content=\"2025-02-05T04:20:16+00:00\" \/>\n<meta property=\"article:modified_time\" content=\"2025-02-05T04:20:20+00:00\" \/>\n<meta property=\"og:image\" content=\"https:\/\/pulso27.com\/wp-content\/uploads\/2025\/02\/DinaAb.png\" \/>\n\t<meta property=\"og:image:width\" content=\"1200\" \/>\n\t<meta property=\"og:image:height\" content=\"768\" \/>\n\t<meta property=\"og:image:type\" content=\"image\/png\" \/>\n<meta name=\"author\" content=\"Tupaq\" \/>\n<meta name=\"twitter:card\" content=\"summary_large_image\" \/>\n<meta name=\"twitter:creator\" content=\"@Pulso_27\" \/>\n<meta name=\"twitter:site\" content=\"@Pulso_27\" \/>\n<meta name=\"twitter:label1\" content=\"Written by\" \/>\n\t<meta name=\"twitter:data1\" content=\"Tupaq\" \/>\n\t<meta name=\"twitter:label2\" content=\"Est. reading time\" \/>\n\t<meta name=\"twitter:data2\" content=\"4 minutes\" \/>\n<script type=\"application\/ld+json\" class=\"yoast-schema-graph\">{\"@context\":\"https:\\\/\\\/schema.org\",\"@graph\":[{\"@type\":\"Article\",\"@id\":\"https:\\\/\\\/pulso27.com\\\/nacional\\\/abancay-se-moviliza-contra-la-demolicion-del-hospital-regional-y-presencia-de-dina-boluarte\\\/#article\",\"isPartOf\":{\"@id\":\"https:\\\/\\\/pulso27.com\\\/nacional\\\/abancay-se-moviliza-contra-la-demolicion-del-hospital-regional-y-presencia-de-dina-boluarte\\\/\"},\"author\":{\"name\":\"Tupaq\",\"@id\":\"https:\\\/\\\/pulso27.com\\\/en\\\/#\\\/schema\\\/person\\\/d20fd7f5bc7f2e53fd150d43fca07a78\"},\"headline\":\"Abancay se moviliza contra la demolici\u00f3n del Hospital Regional y presencia de Dina Boluarte\",\"datePublished\":\"2025-02-05T04:20:16+00:00\",\"dateModified\":\"2025-02-05T04:20:20+00:00\",\"mainEntityOfPage\":{\"@id\":\"https:\\\/\\\/pulso27.com\\\/nacional\\\/abancay-se-moviliza-contra-la-demolicion-del-hospital-regional-y-presencia-de-dina-boluarte\\\/\"},\"wordCount\":704,\"commentCount\":0,\"publisher\":{\"@id\":\"https:\\\/\\\/pulso27.com\\\/en\\\/#organization\"},\"image\":{\"@id\":\"https:\\\/\\\/pulso27.com\\\/nacional\\\/abancay-se-moviliza-contra-la-demolicion-del-hospital-regional-y-presencia-de-dina-boluarte\\\/#primaryimage\"},\"thumbnailUrl\":\"https:\\\/\\\/pulso27.com\\\/wp-content\\\/uploads\\\/2025\\\/02\\\/DinaAb.png\",\"keywords\":[\"Abancay\",\"DinaBoluarte\",\"INPE\",\"MININTER\"],\"articleSection\":[\"Actualidad\",\"Nacional\",\"Policial\"],\"inLanguage\":\"en-US\",\"potentialAction\":[{\"@type\":\"CommentAction\",\"name\":\"Comment\",\"target\":[\"https:\\\/\\\/pulso27.com\\\/nacional\\\/abancay-se-moviliza-contra-la-demolicion-del-hospital-regional-y-presencia-de-dina-boluarte\\\/#respond\"]}]},{\"@type\":\"WebPage\",\"@id\":\"https:\\\/\\\/pulso27.com\\\/nacional\\\/abancay-se-moviliza-contra-la-demolicion-del-hospital-regional-y-presencia-de-dina-boluarte\\\/\",\"url\":\"https:\\\/\\\/pulso27.com\\\/nacional\\\/abancay-se-moviliza-contra-la-demolicion-del-hospital-regional-y-presencia-de-dina-boluarte\\\/\",\"name\":\"Abancay se moviliza contra la demolici\u00f3n del Hospital Regional y presencia de Dina Boluarte - Pulso27\",\"isPartOf\":{\"@id\":\"https:\\\/\\\/pulso27.com\\\/en\\\/#website\"},\"primaryImageOfPage\":{\"@id\":\"https:\\\/\\\/pulso27.com\\\/nacional\\\/abancay-se-moviliza-contra-la-demolicion-del-hospital-regional-y-presencia-de-dina-boluarte\\\/#primaryimage\"},\"image\":{\"@id\":\"https:\\\/\\\/pulso27.com\\\/nacional\\\/abancay-se-moviliza-contra-la-demolicion-del-hospital-regional-y-presencia-de-dina-boluarte\\\/#primaryimage\"},\"thumbnailUrl\":\"https:\\\/\\\/pulso27.com\\\/wp-content\\\/uploads\\\/2025\\\/02\\\/DinaAb.png\",\"datePublished\":\"2025-02-05T04:20:16+00:00\",\"dateModified\":\"2025-02-05T04:20:20+00:00\",\"breadcrumb\":{\"@id\":\"https:\\\/\\\/pulso27.com\\\/nacional\\\/abancay-se-moviliza-contra-la-demolicion-del-hospital-regional-y-presencia-de-dina-boluarte\\\/#breadcrumb\"},\"inLanguage\":\"en-US\",\"potentialAction\":[{\"@type\":\"ReadAction\",\"target\":[\"https:\\\/\\\/pulso27.com\\\/nacional\\\/abancay-se-moviliza-contra-la-demolicion-del-hospital-regional-y-presencia-de-dina-boluarte\\\/\"]}]},{\"@type\":\"ImageObject\",\"inLanguage\":\"en-US\",\"@id\":\"https:\\\/\\\/pulso27.com\\\/nacional\\\/abancay-se-moviliza-contra-la-demolicion-del-hospital-regional-y-presencia-de-dina-boluarte\\\/#primaryimage\",\"url\":\"https:\\\/\\\/pulso27.com\\\/wp-content\\\/uploads\\\/2025\\\/02\\\/DinaAb.png\",\"contentUrl\":\"https:\\\/\\\/pulso27.com\\\/wp-content\\\/uploads\\\/2025\\\/02\\\/DinaAb.png\",\"width\":1200,\"height\":768},{\"@type\":\"BreadcrumbList\",\"@id\":\"https:\\\/\\\/pulso27.com\\\/nacional\\\/abancay-se-moviliza-contra-la-demolicion-del-hospital-regional-y-presencia-de-dina-boluarte\\\/#breadcrumb\",\"itemListElement\":[{\"@type\":\"ListItem\",\"position\":1,\"name\":\"Portada\",\"item\":\"https:\\\/\\\/pulso27.com\\\/\"},{\"@type\":\"ListItem\",\"position\":2,\"name\":\"Abancay se moviliza contra la demolici\u00f3n del Hospital Regional y presencia de Dina Boluarte\"}]},{\"@type\":\"WebSite\",\"@id\":\"https:\\\/\\\/pulso27.com\\\/en\\\/#website\",\"url\":\"https:\\\/\\\/pulso27.com\\\/en\\\/\",\"name\":\"Pulso27\",\"description\":\"Web de noticias y publicidad\",\"publisher\":{\"@id\":\"https:\\\/\\\/pulso27.com\\\/en\\\/#organization\"},\"alternateName\":\"El pulso del pueblo\",\"potentialAction\":[{\"@type\":\"SearchAction\",\"target\":{\"@type\":\"EntryPoint\",\"urlTemplate\":\"https:\\\/\\\/pulso27.com\\\/en\\\/?s={search_term_string}\"},\"query-input\":{\"@type\":\"PropertyValueSpecification\",\"valueRequired\":true,\"valueName\":\"search_term_string\"}}],\"inLanguage\":\"en-US\"},{\"@type\":\"Organization\",\"@id\":\"https:\\\/\\\/pulso27.com\\\/en\\\/#organization\",\"name\":\"Pulso27\",\"url\":\"https:\\\/\\\/pulso27.com\\\/en\\\/\",\"logo\":{\"@type\":\"ImageObject\",\"inLanguage\":\"en-US\",\"@id\":\"https:\\\/\\\/pulso27.com\\\/en\\\/#\\\/schema\\\/logo\\\/image\\\/\",\"url\":\"https:\\\/\\\/pulso27.com\\\/wp-content\\\/uploads\\\/2026\\\/02\\\/Logotipo-de-la-organizacion-696-x-696-px-ok.png\",\"contentUrl\":\"https:\\\/\\\/pulso27.com\\\/wp-content\\\/uploads\\\/2026\\\/02\\\/Logotipo-de-la-organizacion-696-x-696-px-ok.png\",\"width\":696,\"height\":696,\"caption\":\"Pulso27\"},\"image\":{\"@id\":\"https:\\\/\\\/pulso27.com\\\/en\\\/#\\\/schema\\\/logo\\\/image\\\/\"},\"sameAs\":[\"https:\\\/\\\/www.facebook.com\\\/pulso27\\\/\",\"https:\\\/\\\/x.com\\\/Pulso_27\",\"https:\\\/\\\/www.youtube.com\\\/@Pulso27\",\"https:\\\/\\\/www.tiktok.com\\\/@pulso_27\"]},{\"@type\":\"Person\",\"@id\":\"https:\\\/\\\/pulso27.com\\\/en\\\/#\\\/schema\\\/person\\\/d20fd7f5bc7f2e53fd150d43fca07a78\",\"name\":\"Tupaq\",\"image\":{\"@type\":\"ImageObject\",\"inLanguage\":\"en-US\",\"@id\":\"https:\\\/\\\/secure.gravatar.com\\\/avatar\\\/7929e9b034aeea560319a601e4f04c59eb5f45a79eafe192adabb67e9604e7e7?s=96&d=mm&r=g\",\"url\":\"https:\\\/\\\/secure.gravatar.com\\\/avatar\\\/7929e9b034aeea560319a601e4f04c59eb5f45a79eafe192adabb67e9604e7e7?s=96&d=mm&r=g\",\"contentUrl\":\"https:\\\/\\\/secure.gravatar.com\\\/avatar\\\/7929e9b034aeea560319a601e4f04c59eb5f45a79eafe192adabb67e9604e7e7?s=96&d=mm&r=g\",\"caption\":\"Tupaq\"},\"url\":\"https:\\\/\\\/pulso27.com\\\/en\\\/author\\\/tupaq\\\/\"}]}<\/script>\n<!-- \/ Yoast SEO plugin. -->","yoast_head_json":{"title":"Abancay se moviliza contra la demolici\u00f3n del Hospital Regional y presencia de Dina Boluarte - Pulso27","robots":{"index":"index","follow":"follow","max-snippet":"max-snippet:-1","max-image-preview":"max-image-preview:large","max-video-preview":"max-video-preview:-1"},"canonical":"https:\/\/pulso27.com\/en\/nacional\/abancay-se-moviliza-contra-la-demolicion-del-hospital-regional-y-presencia-de-dina-boluarte\/","og_locale":"en_US","og_type":"article","og_title":"Abancay se moviliza contra la demolici\u00f3n del Hospital Regional y presencia de Dina Boluarte - Pulso27","og_description":"La ciudad de Abancay, capital de la regi\u00f3n Apur\u00edmac, amaneci\u00f3 en medio de tensiones y protestas masivas en rechazo a la presencia de la presidenta Dina Boluarte, quien lleg\u00f3 a la ciudad para la colocaci\u00f3n de la primera piedra de un nuevo centro penitenciario. Sin embargo, la atenci\u00f3n de los pobladores se centr\u00f3 en la [&hellip;]","og_url":"https:\/\/pulso27.com\/en\/nacional\/abancay-se-moviliza-contra-la-demolicion-del-hospital-regional-y-presencia-de-dina-boluarte\/","og_site_name":"Pulso27","article_publisher":"https:\/\/www.facebook.com\/pulso27\/","article_published_time":"2025-02-05T04:20:16+00:00","article_modified_time":"2025-02-05T04:20:20+00:00","og_image":[{"width":1200,"height":768,"url":"https:\/\/pulso27.com\/wp-content\/uploads\/2025\/02\/DinaAb.png","type":"image\/png"}],"author":"Tupaq","twitter_card":"summary_large_image","twitter_creator":"@Pulso_27","twitter_site":"@Pulso_27","twitter_misc":{"Written by":"Tupaq","Est. reading time":"4 minutes"},"schema":{"@context":"https:\/\/schema.org","@graph":[{"@type":"Article","@id":"https:\/\/pulso27.com\/nacional\/abancay-se-moviliza-contra-la-demolicion-del-hospital-regional-y-presencia-de-dina-boluarte\/#article","isPartOf":{"@id":"https:\/\/pulso27.com\/nacional\/abancay-se-moviliza-contra-la-demolicion-del-hospital-regional-y-presencia-de-dina-boluarte\/"},"author":{"name":"Tupaq","@id":"https:\/\/pulso27.com\/en\/#\/schema\/person\/d20fd7f5bc7f2e53fd150d43fca07a78"},"headline":"Abancay se moviliza contra la demolici\u00f3n del Hospital Regional y presencia de Dina Boluarte","datePublished":"2025-02-05T04:20:16+00:00","dateModified":"2025-02-05T04:20:20+00:00","mainEntityOfPage":{"@id":"https:\/\/pulso27.com\/nacional\/abancay-se-moviliza-contra-la-demolicion-del-hospital-regional-y-presencia-de-dina-boluarte\/"},"wordCount":704,"commentCount":0,"publisher":{"@id":"https:\/\/pulso27.com\/en\/#organization"},"image":{"@id":"https:\/\/pulso27.com\/nacional\/abancay-se-moviliza-contra-la-demolicion-del-hospital-regional-y-presencia-de-dina-boluarte\/#primaryimage"},"thumbnailUrl":"https:\/\/pulso27.com\/wp-content\/uploads\/2025\/02\/DinaAb.png","keywords":["Abancay","DinaBoluarte","INPE","MININTER"],"articleSection":["Actualidad","Nacional","Policial"],"inLanguage":"en-US","potentialAction":[{"@type":"CommentAction","name":"Comment","target":["https:\/\/pulso27.com\/nacional\/abancay-se-moviliza-contra-la-demolicion-del-hospital-regional-y-presencia-de-dina-boluarte\/#respond"]}]},{"@type":"WebPage","@id":"https:\/\/pulso27.com\/nacional\/abancay-se-moviliza-contra-la-demolicion-del-hospital-regional-y-presencia-de-dina-boluarte\/","url":"https:\/\/pulso27.com\/nacional\/abancay-se-moviliza-contra-la-demolicion-del-hospital-regional-y-presencia-de-dina-boluarte\/","name":"Abancay se moviliza contra la demolici\u00f3n del Hospital Regional y presencia de Dina Boluarte - Pulso27","isPartOf":{"@id":"https:\/\/pulso27.com\/en\/#website"},"primaryImageOfPage":{"@id":"https:\/\/pulso27.com\/nacional\/abancay-se-moviliza-contra-la-demolicion-del-hospital-regional-y-presencia-de-dina-boluarte\/#primaryimage"},"image":{"@id":"https:\/\/pulso27.com\/nacional\/abancay-se-moviliza-contra-la-demolicion-del-hospital-regional-y-presencia-de-dina-boluarte\/#primaryimage"},"thumbnailUrl":"https:\/\/pulso27.com\/wp-content\/uploads\/2025\/02\/DinaAb.png","datePublished":"2025-02-05T04:20:16+00:00","dateModified":"2025-02-05T04:20:20+00:00","breadcrumb":{"@id":"https:\/\/pulso27.com\/nacional\/abancay-se-moviliza-contra-la-demolicion-del-hospital-regional-y-presencia-de-dina-boluarte\/#breadcrumb"},"inLanguage":"en-US","potentialAction":[{"@type":"ReadAction","target":["https:\/\/pulso27.com\/nacional\/abancay-se-moviliza-contra-la-demolicion-del-hospital-regional-y-presencia-de-dina-boluarte\/"]}]},{"@type":"ImageObject","inLanguage":"en-US","@id":"https:\/\/pulso27.com\/nacional\/abancay-se-moviliza-contra-la-demolicion-del-hospital-regional-y-presencia-de-dina-boluarte\/#primaryimage","url":"https:\/\/pulso27.com\/wp-content\/uploads\/2025\/02\/DinaAb.png","contentUrl":"https:\/\/pulso27.com\/wp-content\/uploads\/2025\/02\/DinaAb.png","width":1200,"height":768},{"@type":"BreadcrumbList","@id":"https:\/\/pulso27.com\/nacional\/abancay-se-moviliza-contra-la-demolicion-del-hospital-regional-y-presencia-de-dina-boluarte\/#breadcrumb","itemListElement":[{"@type":"ListItem","position":1,"name":"Portada","item":"https:\/\/pulso27.com\/"},{"@type":"ListItem","position":2,"name":"Abancay se moviliza contra la demolici\u00f3n del Hospital Regional y presencia de Dina Boluarte"}]},{"@type":"WebSite","@id":"https:\/\/pulso27.com\/en\/#website","url":"https:\/\/pulso27.com\/en\/","name":"Pulso27","description":"Web de noticias y publicidad","publisher":{"@id":"https:\/\/pulso27.com\/en\/#organization"},"alternateName":"El pulso del pueblo","potentialAction":[{"@type":"SearchAction","target":{"@type":"EntryPoint","urlTemplate":"https:\/\/pulso27.com\/en\/?s={search_term_string}"},"query-input":{"@type":"PropertyValueSpecification","valueRequired":true,"valueName":"search_term_string"}}],"inLanguage":"en-US"},{"@type":"Organization","@id":"https:\/\/pulso27.com\/en\/#organization","name":"Pulso27","url":"https:\/\/pulso27.com\/en\/","logo":{"@type":"ImageObject","inLanguage":"en-US","@id":"https:\/\/pulso27.com\/en\/#\/schema\/logo\/image\/","url":"https:\/\/pulso27.com\/wp-content\/uploads\/2026\/02\/Logotipo-de-la-organizacion-696-x-696-px-ok.png","contentUrl":"https:\/\/pulso27.com\/wp-content\/uploads\/2026\/02\/Logotipo-de-la-organizacion-696-x-696-px-ok.png","width":696,"height":696,"caption":"Pulso27"},"image":{"@id":"https:\/\/pulso27.com\/en\/#\/schema\/logo\/image\/"},"sameAs":["https:\/\/www.facebook.com\/pulso27\/","https:\/\/x.com\/Pulso_27","https:\/\/www.youtube.com\/@Pulso27","https:\/\/www.tiktok.com\/@pulso_27"]},{"@type":"Person","@id":"https:\/\/pulso27.com\/en\/#\/schema\/person\/d20fd7f5bc7f2e53fd150d43fca07a78","name":"Tupaq","image":{"@type":"ImageObject","inLanguage":"en-US","@id":"https:\/\/secure.gravatar.com\/avatar\/7929e9b034aeea560319a601e4f04c59eb5f45a79eafe192adabb67e9604e7e7?s=96&d=mm&r=g","url":"https:\/\/secure.gravatar.com\/avatar\/7929e9b034aeea560319a601e4f04c59eb5f45a79eafe192adabb67e9604e7e7?s=96&d=mm&r=g","contentUrl":"https:\/\/secure.gravatar.com\/avatar\/7929e9b034aeea560319a601e4f04c59eb5f45a79eafe192adabb67e9604e7e7?s=96&d=mm&r=g","caption":"Tupaq"},"url":"https:\/\/pulso27.com\/en\/author\/tupaq\/"}]}},"amp_enabled":true,"_links":{"self":[{"href":"https:\/\/pulso27.com\/en\/wp-json\/wp\/v2\/posts\/3899","targetHints":{"allow":["GET"]}}],"collection":[{"href":"https:\/\/pulso27.com\/en\/wp-json\/wp\/v2\/posts"}],"about":[{"href":"https:\/\/pulso27.com\/en\/wp-json\/wp\/v2\/types\/post"}],"author":[{"embeddable":true,"href":"https:\/\/pulso27.com\/en\/wp-json\/wp\/v2\/users\/7"}],"replies":[{"embeddable":true,"href":"https:\/\/pulso27.com\/en\/wp-json\/wp\/v2\/comments?post=3899"}],"version-history":[{"count":1,"href":"https:\/\/pulso27.com\/en\/wp-json\/wp\/v2\/posts\/3899\/revisions"}],"predecessor-version":[{"id":3905,"href":"https:\/\/pulso27.com\/en\/wp-json\/wp\/v2\/posts\/3899\/revisions\/3905"}],"wp:featuredmedia":[{"embeddable":true,"href":"https:\/\/pulso27.com\/en\/wp-json\/wp\/v2\/media\/3900"}],"wp:attachment":[{"href":"https:\/\/pulso27.com\/en\/wp-json\/wp\/v2\/media?parent=3899"}],"wp:term":[{"taxonomy":"category","embeddable":true,"href":"https:\/\/pulso27.com\/en\/wp-json\/wp\/v2\/categories?post=3899"},{"taxonomy":"post_tag","embeddable":true,"href":"https:\/\/pulso27.com\/en\/wp-json\/wp\/v2\/tags?post=3899"}],"curies":[{"name":"wp","href":"https:\/\/api.w.org\/{rel}","templated":true}]}}