{"id":3918,"date":"2025-02-05T10:38:12","date_gmt":"2025-02-05T05:38:12","guid":{"rendered":"https:\/\/pulso27.com\/?p=3918"},"modified":"2025-02-05T10:39:02","modified_gmt":"2025-02-05T05:39:02","slug":"proyecto-majes-siguas-ii-seis-meses-despues-de-su-transferencia-avances-estancados-y-crece-la-incertidumbre","status":"publish","type":"post","link":"https:\/\/pulso27.com\/en\/actualidad\/agricultura\/proyecto-majes-siguas-ii-seis-meses-despues-de-su-transferencia-avances-estancados-y-crece-la-incertidumbre\/","title":{"rendered":"Proyecto Majes Siguas II: Seis meses despu\u00e9s de su transferencia, avances estancados y crece la incertidumbre"},"content":{"rendered":"<p>Seis meses despu\u00e9s de que el Proyecto Especial Majes Siguas (PEMS) fuera transferido al Ministerio de Desarrollo Agrario y Riego (Midagri), el informe presentado por la cartera revela que los avances son escasos y las tareas pendientes siguen acumul\u00e1ndose. El proyecto, considerado clave para el desarrollo agr\u00edcola y econ\u00f3mico de la regi\u00f3n Arequipa, enfrenta retrasos en su ejecuci\u00f3n, lo que ha generado preocupaci\u00f3n entre las autoridades regionales y la poblaci\u00f3n afectada.<\/p>\n\n\n\n<p>El informe enviado por el Midagri al Gobierno Regional de Arequipa (GRA) detalla que, de las 12 obligaciones asumidas durante la transferencia del proyecto, solo cuatro han sido cumplidas, tres est\u00e1n en desarrollo, tres en evaluaci\u00f3n y dos permanecen inconclusas. Este panorama ha llevado al Consejo Regional de Arequipa (CRA) a citar al ministro de Agricultura, \u00c1ngel Manero Campos, para que explique los plazos y acciones concretas para completar las tareas pendientes.<\/p>\n\n\n\n<figure class=\"wp-block-image size-large\"><img loading=\"lazy\" decoding=\"async\" width=\"1024\" height=\"683\" src=\"https:\/\/pulso27.com\/wp-content\/uploads\/2025\/02\/image-15-1024x683.png\" alt=\"\" class=\"wp-image-3923\" srcset=\"https:\/\/pulso27.com\/wp-content\/uploads\/2025\/02\/image-15-1024x683.png 1024w, https:\/\/pulso27.com\/wp-content\/uploads\/2025\/02\/image-15-300x200.png 300w, https:\/\/pulso27.com\/wp-content\/uploads\/2025\/02\/image-15-768x512.png 768w, https:\/\/pulso27.com\/wp-content\/uploads\/2025\/02\/image-15-1536x1024.png 1536w, https:\/\/pulso27.com\/wp-content\/uploads\/2025\/02\/image-15-18x12.png 18w, https:\/\/pulso27.com\/wp-content\/uploads\/2025\/02\/image-15.png 2048w\" sizes=\"auto, (max-width: 1024px) 100vw, 1024px\" \/><figcaption class=\"wp-element-caption\"><em>La gobernadora regional de Arequipa (e), Ana Mar\u00eda Guti\u00e9rrez Valdivia, junto al presidente del Consejo Regional de Arequipa (CRA), Os\u00edas Ortiz Ib\u00e1\u00f1ez, y el presidente de la Comisi\u00f3n de Agricultura del CRA<\/em><\/figcaption><\/figure>\n\n\n\n<p>Uno de los compromisos incumplidos es la firma del contrato para la elaboraci\u00f3n del perfil t\u00e9cnico de la primera etapa del proyecto, inicialmente prevista para marzo de 2024. Sin embargo, el Midagri ha anunciado que esta decisi\u00f3n se postergar\u00e1 hasta el 30 de abril, retrasando a\u00fan m\u00e1s el inicio de las obras. Adem\u00e1s, la modificaci\u00f3n del Estudio de Impacto Ambiental (EIA), esencial para la viabilidad del proyecto, sigue sin avanzar bajo la gesti\u00f3n del Proyecto Especial Integral de Majes Siguas (PEIMS), antes Autodema.<\/p>\n\n\n\n<p>Otro tema pendiente es el resarcimiento a los agricultores de Quilca, Lluta, Siguas y Querque, quienes exigen compensaciones desde hace m\u00e1s de 30 a\u00f1os por los da\u00f1os causados en sus tierras debido a deslizamientos, arenamiento e inundaciones provocados por la primera etapa del proyecto. A pesar de las reuniones entre autoridades regionales y los afectados, a\u00fan no se ha logrado una soluci\u00f3n concreta.<\/p>\n\n\n\n<figure class=\"wp-block-image size-full is-resized\"><img loading=\"lazy\" decoding=\"async\" width=\"400\" height=\"300\" src=\"https:\/\/pulso27.com\/wp-content\/uploads\/2025\/02\/image-14-edited.png\" alt=\"\" class=\"wp-image-3922\" style=\"width:740px;height:auto\" srcset=\"https:\/\/pulso27.com\/wp-content\/uploads\/2025\/02\/image-14-edited.png 400w, https:\/\/pulso27.com\/wp-content\/uploads\/2025\/02\/image-14-edited-300x225.png 300w, https:\/\/pulso27.com\/wp-content\/uploads\/2025\/02\/image-14-edited-16x12.png 16w\" sizes=\"auto, (max-width: 400px) 100vw, 400px\" \/><figcaption class=\"wp-element-caption\"><em>El 26 de julio de 2024, el GRA oficializ\u00f3 la transferencia de la titularidad del Proyecto Especial Majes Siguas (PEMS) mediante un convenio suscrito con el ministro de Agricultura y Riego, \u00c1ngel Manero Campos<\/em><\/figcaption><\/figure>\n\n\n\n<p>En cuanto a los procesos arbitrales, el Midagri demor\u00f3 en designar a su representante ante el tribunal arbitral del Centro Internacional de Arreglo de Diferencias Relativas a Inversiones (CIADI), lo que ha retrasado la evaluaci\u00f3n de las demandas contra la concesionaria Angostura-Siguas S.A. Este retraso aumenta el riesgo de un arbitraje internacional, que podr\u00eda complicar a\u00fan m\u00e1s la ejecuci\u00f3n del proyecto.<\/p>\n\n\n\n<p>En medio de estos retrasos, la Corte Superior de Justicia de Arequipa otorg\u00f3 una medida cautelar que impide la comercializaci\u00f3n o transferencia de los terrenos del Fundo R\u00fastico Huac\u00e1n, ubicados dentro del proyecto Majes Siguas. Esta decisi\u00f3n beneficia al GRA, que enfrenta una disputa legal con la familia V\u00e1squez D\u00edaz por la propiedad de 170 mil hect\u00e1reas. Mientras la familia afirma ser due\u00f1a de todo el terreno, el PEIMS Autodema sostiene que solo comprende 38 hect\u00e1reas.<\/p>\n\n\n\n<figure class=\"wp-block-image size-large\"><img loading=\"lazy\" decoding=\"async\" width=\"1024\" height=\"582\" src=\"https:\/\/pulso27.com\/wp-content\/uploads\/2025\/02\/image-12-1024x582.png\" alt=\"\" class=\"wp-image-3919\" srcset=\"https:\/\/pulso27.com\/wp-content\/uploads\/2025\/02\/image-12-1024x582.png 1024w, https:\/\/pulso27.com\/wp-content\/uploads\/2025\/02\/image-12-300x171.png 300w, https:\/\/pulso27.com\/wp-content\/uploads\/2025\/02\/image-12-768x436.png 768w, https:\/\/pulso27.com\/wp-content\/uploads\/2025\/02\/image-12-18x10.png 18w, https:\/\/pulso27.com\/wp-content\/uploads\/2025\/02\/image-12.png 1200w\" sizes=\"auto, (max-width: 1024px) 100vw, 1024px\" \/><figcaption class=\"wp-element-caption\"><em>Los pa\u00edses interesados tienen plazo hasta fines de febrero para presentar sus propuestas. Foto: GEC.<\/em><\/figcaption><\/figure>\n\n\n\n<p>El ministro Manero se comprometi\u00f3 a generar espacios de di\u00e1logo con la poblaci\u00f3n de Caylloma para lograr su aprobaci\u00f3n al proyecto. Sin embargo, desde julio de 2023 no se han realizado nuevas reuniones con las comunidades ni con las autoridades locales, lo que ha llevado a los representantes de Caylloma a considerar que este espacio ha quedado en el abandono.<\/p>\n\n\n\n<p>El proyecto Majes Siguas, que promete irrigar miles de hect\u00e1reas y dinamizar la econom\u00eda regional, enfrenta un futuro incierto debido a la falta de avances concretos y la acumulaci\u00f3n de tareas pendientes. Las autoridades regionales exigen respuestas claras y acciones inmediatas para evitar que el proyecto siga estanc\u00e1ndose, mientras la poblaci\u00f3n afectada espera soluciones que parecen cada vez m\u00e1s lejanas.<\/p>","protected":false},"excerpt":{"rendered":"<p>Seis meses despu\u00e9s de que el Proyecto Especial Majes Siguas (PEMS) fuera transferido al Ministerio de Desarrollo Agrario y Riego (Midagri), el informe presentado por la cartera revela que los avances son escasos y las tareas pendientes siguen acumul\u00e1ndose. El proyecto, considerado clave para el desarrollo agr\u00edcola y econ\u00f3mico de la regi\u00f3n Arequipa, enfrenta retrasos [&hellip;]<\/p>\n","protected":false},"author":10,"featured_media":3925,"comment_status":"open","ping_status":"open","sticky":false,"template":"","format":"standard","meta":{"footnotes":""},"categories":[183,818,177,810,1852],"tags":[616,2088,2018],"class_list":["post-3918","post","type-post","status-publish","format-standard","has-post-thumbnail","hentry","category-actualidad","category-agricultura","category-economia","category-regional","category-tendencia","tag-arequipa","tag-caylloma","tag-majessiguasii"],"yoast_head":"<!-- This site is optimized with the Yoast SEO plugin v27.4 - https:\/\/yoast.com\/product\/yoast-seo-wordpress\/ -->\n<title>Proyecto Majes Siguas II: Seis meses despu\u00e9s de su transferencia, avances estancados y crece la incertidumbre - Pulso27<\/title>\n<meta name=\"robots\" content=\"index, follow, max-snippet:-1, max-image-preview:large, max-video-preview:-1\" \/>\n<link rel=\"canonical\" href=\"https:\/\/pulso27.com\/en\/actualidad\/economia\/proyecto-majes-siguas-ii-seis-meses-despues-de-su-transferencia-avances-estancados-y-crece-la-incertidumbre\/\" \/>\n<meta property=\"og:locale\" content=\"en_US\" \/>\n<meta property=\"og:type\" content=\"article\" \/>\n<meta property=\"og:title\" content=\"Proyecto Majes Siguas II: Seis meses despu\u00e9s de su transferencia, avances estancados y crece la incertidumbre - Pulso27\" \/>\n<meta property=\"og:description\" content=\"Seis meses despu\u00e9s de que el Proyecto Especial Majes Siguas (PEMS) fuera transferido al Ministerio de Desarrollo Agrario y Riego (Midagri), el informe presentado por la cartera revela que los avances son escasos y las tareas pendientes siguen acumul\u00e1ndose. El proyecto, considerado clave para el desarrollo agr\u00edcola y econ\u00f3mico de la regi\u00f3n Arequipa, enfrenta retrasos [&hellip;]\" \/>\n<meta property=\"og:url\" content=\"https:\/\/pulso27.com\/en\/actualidad\/economia\/proyecto-majes-siguas-ii-seis-meses-despues-de-su-transferencia-avances-estancados-y-crece-la-incertidumbre\/\" \/>\n<meta property=\"og:site_name\" content=\"Pulso27\" \/>\n<meta property=\"article:publisher\" content=\"https:\/\/www.facebook.com\/pulso27\/\" \/>\n<meta property=\"article:published_time\" content=\"2025-02-05T05:38:12+00:00\" \/>\n<meta property=\"article:modified_time\" content=\"2025-02-05T05:39:02+00:00\" \/>\n<meta property=\"og:image\" content=\"https:\/\/pulso27.com\/wp-content\/uploads\/2025\/02\/Majesess-1.png\" \/>\n\t<meta property=\"og:image:width\" content=\"1200\" \/>\n\t<meta property=\"og:image:height\" content=\"768\" \/>\n\t<meta property=\"og:image:type\" content=\"image\/png\" \/>\n<meta name=\"author\" content=\"El Muki\" \/>\n<meta name=\"twitter:card\" content=\"summary_large_image\" \/>\n<meta name=\"twitter:creator\" content=\"@Pulso_27\" \/>\n<meta name=\"twitter:site\" content=\"@Pulso_27\" \/>\n<meta name=\"twitter:label1\" content=\"Written by\" \/>\n\t<meta name=\"twitter:data1\" content=\"El Muki\" \/>\n\t<meta name=\"twitter:label2\" content=\"Est. reading time\" \/>\n\t<meta name=\"twitter:data2\" content=\"4 minutes\" \/>\n<script type=\"application\/ld+json\" class=\"yoast-schema-graph\">{\"@context\":\"https:\\\/\\\/schema.org\",\"@graph\":[{\"@type\":\"Article\",\"@id\":\"https:\\\/\\\/pulso27.com\\\/actualidad\\\/economia\\\/proyecto-majes-siguas-ii-seis-meses-despues-de-su-transferencia-avances-estancados-y-crece-la-incertidumbre\\\/#article\",\"isPartOf\":{\"@id\":\"https:\\\/\\\/pulso27.com\\\/actualidad\\\/economia\\\/proyecto-majes-siguas-ii-seis-meses-despues-de-su-transferencia-avances-estancados-y-crece-la-incertidumbre\\\/\"},\"author\":{\"name\":\"El Muki\",\"@id\":\"https:\\\/\\\/pulso27.com\\\/en\\\/#\\\/schema\\\/person\\\/a0930a7f318e7d9d83bd7cffed9f34f6\"},\"headline\":\"Proyecto Majes Siguas II: Seis meses despu\u00e9s de su transferencia, avances estancados y crece la incertidumbre\",\"datePublished\":\"2025-02-05T05:38:12+00:00\",\"dateModified\":\"2025-02-05T05:39:02+00:00\",\"mainEntityOfPage\":{\"@id\":\"https:\\\/\\\/pulso27.com\\\/actualidad\\\/economia\\\/proyecto-majes-siguas-ii-seis-meses-despues-de-su-transferencia-avances-estancados-y-crece-la-incertidumbre\\\/\"},\"wordCount\":688,\"commentCount\":0,\"publisher\":{\"@id\":\"https:\\\/\\\/pulso27.com\\\/en\\\/#organization\"},\"image\":{\"@id\":\"https:\\\/\\\/pulso27.com\\\/actualidad\\\/economia\\\/proyecto-majes-siguas-ii-seis-meses-despues-de-su-transferencia-avances-estancados-y-crece-la-incertidumbre\\\/#primaryimage\"},\"thumbnailUrl\":\"https:\\\/\\\/pulso27.com\\\/wp-content\\\/uploads\\\/2025\\\/02\\\/Majesess-1.png\",\"keywords\":[\"Arequipa\",\"Caylloma\",\"MajesSiguasII\"],\"articleSection\":[\"Actualidad\",\"Agricultura\",\"Econom\u00eda\",\"Regional\",\"Tendencia\"],\"inLanguage\":\"en-US\",\"potentialAction\":[{\"@type\":\"CommentAction\",\"name\":\"Comment\",\"target\":[\"https:\\\/\\\/pulso27.com\\\/actualidad\\\/economia\\\/proyecto-majes-siguas-ii-seis-meses-despues-de-su-transferencia-avances-estancados-y-crece-la-incertidumbre\\\/#respond\"]}]},{\"@type\":\"WebPage\",\"@id\":\"https:\\\/\\\/pulso27.com\\\/actualidad\\\/economia\\\/proyecto-majes-siguas-ii-seis-meses-despues-de-su-transferencia-avances-estancados-y-crece-la-incertidumbre\\\/\",\"url\":\"https:\\\/\\\/pulso27.com\\\/actualidad\\\/economia\\\/proyecto-majes-siguas-ii-seis-meses-despues-de-su-transferencia-avances-estancados-y-crece-la-incertidumbre\\\/\",\"name\":\"Proyecto Majes Siguas II: Seis meses despu\u00e9s de su transferencia, avances estancados y crece la incertidumbre - Pulso27\",\"isPartOf\":{\"@id\":\"https:\\\/\\\/pulso27.com\\\/en\\\/#website\"},\"primaryImageOfPage\":{\"@id\":\"https:\\\/\\\/pulso27.com\\\/actualidad\\\/economia\\\/proyecto-majes-siguas-ii-seis-meses-despues-de-su-transferencia-avances-estancados-y-crece-la-incertidumbre\\\/#primaryimage\"},\"image\":{\"@id\":\"https:\\\/\\\/pulso27.com\\\/actualidad\\\/economia\\\/proyecto-majes-siguas-ii-seis-meses-despues-de-su-transferencia-avances-estancados-y-crece-la-incertidumbre\\\/#primaryimage\"},\"thumbnailUrl\":\"https:\\\/\\\/pulso27.com\\\/wp-content\\\/uploads\\\/2025\\\/02\\\/Majesess-1.png\",\"datePublished\":\"2025-02-05T05:38:12+00:00\",\"dateModified\":\"2025-02-05T05:39:02+00:00\",\"breadcrumb\":{\"@id\":\"https:\\\/\\\/pulso27.com\\\/actualidad\\\/economia\\\/proyecto-majes-siguas-ii-seis-meses-despues-de-su-transferencia-avances-estancados-y-crece-la-incertidumbre\\\/#breadcrumb\"},\"inLanguage\":\"en-US\",\"potentialAction\":[{\"@type\":\"ReadAction\",\"target\":[\"https:\\\/\\\/pulso27.com\\\/actualidad\\\/economia\\\/proyecto-majes-siguas-ii-seis-meses-despues-de-su-transferencia-avances-estancados-y-crece-la-incertidumbre\\\/\"]}]},{\"@type\":\"ImageObject\",\"inLanguage\":\"en-US\",\"@id\":\"https:\\\/\\\/pulso27.com\\\/actualidad\\\/economia\\\/proyecto-majes-siguas-ii-seis-meses-despues-de-su-transferencia-avances-estancados-y-crece-la-incertidumbre\\\/#primaryimage\",\"url\":\"https:\\\/\\\/pulso27.com\\\/wp-content\\\/uploads\\\/2025\\\/02\\\/Majesess-1.png\",\"contentUrl\":\"https:\\\/\\\/pulso27.com\\\/wp-content\\\/uploads\\\/2025\\\/02\\\/Majesess-1.png\",\"width\":1200,\"height\":768},{\"@type\":\"BreadcrumbList\",\"@id\":\"https:\\\/\\\/pulso27.com\\\/actualidad\\\/economia\\\/proyecto-majes-siguas-ii-seis-meses-despues-de-su-transferencia-avances-estancados-y-crece-la-incertidumbre\\\/#breadcrumb\",\"itemListElement\":[{\"@type\":\"ListItem\",\"position\":1,\"name\":\"Portada\",\"item\":\"https:\\\/\\\/pulso27.com\\\/\"},{\"@type\":\"ListItem\",\"position\":2,\"name\":\"Proyecto Majes Siguas II: Seis meses despu\u00e9s de su transferencia, avances estancados y crece la incertidumbre\"}]},{\"@type\":\"WebSite\",\"@id\":\"https:\\\/\\\/pulso27.com\\\/en\\\/#website\",\"url\":\"https:\\\/\\\/pulso27.com\\\/en\\\/\",\"name\":\"Pulso27\",\"description\":\"Web de noticias y publicidad\",\"publisher\":{\"@id\":\"https:\\\/\\\/pulso27.com\\\/en\\\/#organization\"},\"alternateName\":\"El pulso del pueblo\",\"potentialAction\":[{\"@type\":\"SearchAction\",\"target\":{\"@type\":\"EntryPoint\",\"urlTemplate\":\"https:\\\/\\\/pulso27.com\\\/en\\\/?s={search_term_string}\"},\"query-input\":{\"@type\":\"PropertyValueSpecification\",\"valueRequired\":true,\"valueName\":\"search_term_string\"}}],\"inLanguage\":\"en-US\"},{\"@type\":\"Organization\",\"@id\":\"https:\\\/\\\/pulso27.com\\\/en\\\/#organization\",\"name\":\"Pulso27\",\"url\":\"https:\\\/\\\/pulso27.com\\\/en\\\/\",\"logo\":{\"@type\":\"ImageObject\",\"inLanguage\":\"en-US\",\"@id\":\"https:\\\/\\\/pulso27.com\\\/en\\\/#\\\/schema\\\/logo\\\/image\\\/\",\"url\":\"https:\\\/\\\/pulso27.com\\\/wp-content\\\/uploads\\\/2026\\\/02\\\/Logotipo-de-la-organizacion-696-x-696-px-ok.png\",\"contentUrl\":\"https:\\\/\\\/pulso27.com\\\/wp-content\\\/uploads\\\/2026\\\/02\\\/Logotipo-de-la-organizacion-696-x-696-px-ok.png\",\"width\":696,\"height\":696,\"caption\":\"Pulso27\"},\"image\":{\"@id\":\"https:\\\/\\\/pulso27.com\\\/en\\\/#\\\/schema\\\/logo\\\/image\\\/\"},\"sameAs\":[\"https:\\\/\\\/www.facebook.com\\\/pulso27\\\/\",\"https:\\\/\\\/x.com\\\/Pulso_27\",\"https:\\\/\\\/www.youtube.com\\\/@Pulso27\",\"https:\\\/\\\/www.tiktok.com\\\/@pulso_27\"]},{\"@type\":\"Person\",\"@id\":\"https:\\\/\\\/pulso27.com\\\/en\\\/#\\\/schema\\\/person\\\/a0930a7f318e7d9d83bd7cffed9f34f6\",\"name\":\"El Muki\",\"image\":{\"@type\":\"ImageObject\",\"inLanguage\":\"en-US\",\"@id\":\"https:\\\/\\\/secure.gravatar.com\\\/avatar\\\/dc91c2607c5eebda74cbb40d13031f489096c96ead89c4c30c17db262267b2b3?s=96&d=mm&r=g\",\"url\":\"https:\\\/\\\/secure.gravatar.com\\\/avatar\\\/dc91c2607c5eebda74cbb40d13031f489096c96ead89c4c30c17db262267b2b3?s=96&d=mm&r=g\",\"contentUrl\":\"https:\\\/\\\/secure.gravatar.com\\\/avatar\\\/dc91c2607c5eebda74cbb40d13031f489096c96ead89c4c30c17db262267b2b3?s=96&d=mm&r=g\",\"caption\":\"El Muki\"},\"sameAs\":[\"http:\\\/\\\/www.pulso27.com\"],\"url\":\"https:\\\/\\\/pulso27.com\\\/en\\\/author\\\/elcuervo\\\/\"}]}<\/script>\n<!-- \/ Yoast SEO plugin. -->","yoast_head_json":{"title":"Proyecto Majes Siguas II: Seis meses despu\u00e9s de su transferencia, avances estancados y crece la incertidumbre - Pulso27","robots":{"index":"index","follow":"follow","max-snippet":"max-snippet:-1","max-image-preview":"max-image-preview:large","max-video-preview":"max-video-preview:-1"},"canonical":"https:\/\/pulso27.com\/en\/actualidad\/economia\/proyecto-majes-siguas-ii-seis-meses-despues-de-su-transferencia-avances-estancados-y-crece-la-incertidumbre\/","og_locale":"en_US","og_type":"article","og_title":"Proyecto Majes Siguas II: Seis meses despu\u00e9s de su transferencia, avances estancados y crece la incertidumbre - Pulso27","og_description":"Seis meses despu\u00e9s de que el Proyecto Especial Majes Siguas (PEMS) fuera transferido al Ministerio de Desarrollo Agrario y Riego (Midagri), el informe presentado por la cartera revela que los avances son escasos y las tareas pendientes siguen acumul\u00e1ndose. El proyecto, considerado clave para el desarrollo agr\u00edcola y econ\u00f3mico de la regi\u00f3n Arequipa, enfrenta retrasos [&hellip;]","og_url":"https:\/\/pulso27.com\/en\/actualidad\/economia\/proyecto-majes-siguas-ii-seis-meses-despues-de-su-transferencia-avances-estancados-y-crece-la-incertidumbre\/","og_site_name":"Pulso27","article_publisher":"https:\/\/www.facebook.com\/pulso27\/","article_published_time":"2025-02-05T05:38:12+00:00","article_modified_time":"2025-02-05T05:39:02+00:00","og_image":[{"width":1200,"height":768,"url":"https:\/\/pulso27.com\/wp-content\/uploads\/2025\/02\/Majesess-1.png","type":"image\/png"}],"author":"El Muki","twitter_card":"summary_large_image","twitter_creator":"@Pulso_27","twitter_site":"@Pulso_27","twitter_misc":{"Written by":"El Muki","Est. reading time":"4 minutes"},"schema":{"@context":"https:\/\/schema.org","@graph":[{"@type":"Article","@id":"https:\/\/pulso27.com\/actualidad\/economia\/proyecto-majes-siguas-ii-seis-meses-despues-de-su-transferencia-avances-estancados-y-crece-la-incertidumbre\/#article","isPartOf":{"@id":"https:\/\/pulso27.com\/actualidad\/economia\/proyecto-majes-siguas-ii-seis-meses-despues-de-su-transferencia-avances-estancados-y-crece-la-incertidumbre\/"},"author":{"name":"El Muki","@id":"https:\/\/pulso27.com\/en\/#\/schema\/person\/a0930a7f318e7d9d83bd7cffed9f34f6"},"headline":"Proyecto Majes Siguas II: Seis meses despu\u00e9s de su transferencia, avances estancados y crece la incertidumbre","datePublished":"2025-02-05T05:38:12+00:00","dateModified":"2025-02-05T05:39:02+00:00","mainEntityOfPage":{"@id":"https:\/\/pulso27.com\/actualidad\/economia\/proyecto-majes-siguas-ii-seis-meses-despues-de-su-transferencia-avances-estancados-y-crece-la-incertidumbre\/"},"wordCount":688,"commentCount":0,"publisher":{"@id":"https:\/\/pulso27.com\/en\/#organization"},"image":{"@id":"https:\/\/pulso27.com\/actualidad\/economia\/proyecto-majes-siguas-ii-seis-meses-despues-de-su-transferencia-avances-estancados-y-crece-la-incertidumbre\/#primaryimage"},"thumbnailUrl":"https:\/\/pulso27.com\/wp-content\/uploads\/2025\/02\/Majesess-1.png","keywords":["Arequipa","Caylloma","MajesSiguasII"],"articleSection":["Actualidad","Agricultura","Econom\u00eda","Regional","Tendencia"],"inLanguage":"en-US","potentialAction":[{"@type":"CommentAction","name":"Comment","target":["https:\/\/pulso27.com\/actualidad\/economia\/proyecto-majes-siguas-ii-seis-meses-despues-de-su-transferencia-avances-estancados-y-crece-la-incertidumbre\/#respond"]}]},{"@type":"WebPage","@id":"https:\/\/pulso27.com\/actualidad\/economia\/proyecto-majes-siguas-ii-seis-meses-despues-de-su-transferencia-avances-estancados-y-crece-la-incertidumbre\/","url":"https:\/\/pulso27.com\/actualidad\/economia\/proyecto-majes-siguas-ii-seis-meses-despues-de-su-transferencia-avances-estancados-y-crece-la-incertidumbre\/","name":"Proyecto Majes Siguas II: Seis meses despu\u00e9s de su transferencia, avances estancados y crece la incertidumbre - Pulso27","isPartOf":{"@id":"https:\/\/pulso27.com\/en\/#website"},"primaryImageOfPage":{"@id":"https:\/\/pulso27.com\/actualidad\/economia\/proyecto-majes-siguas-ii-seis-meses-despues-de-su-transferencia-avances-estancados-y-crece-la-incertidumbre\/#primaryimage"},"image":{"@id":"https:\/\/pulso27.com\/actualidad\/economia\/proyecto-majes-siguas-ii-seis-meses-despues-de-su-transferencia-avances-estancados-y-crece-la-incertidumbre\/#primaryimage"},"thumbnailUrl":"https:\/\/pulso27.com\/wp-content\/uploads\/2025\/02\/Majesess-1.png","datePublished":"2025-02-05T05:38:12+00:00","dateModified":"2025-02-05T05:39:02+00:00","breadcrumb":{"@id":"https:\/\/pulso27.com\/actualidad\/economia\/proyecto-majes-siguas-ii-seis-meses-despues-de-su-transferencia-avances-estancados-y-crece-la-incertidumbre\/#breadcrumb"},"inLanguage":"en-US","potentialAction":[{"@type":"ReadAction","target":["https:\/\/pulso27.com\/actualidad\/economia\/proyecto-majes-siguas-ii-seis-meses-despues-de-su-transferencia-avances-estancados-y-crece-la-incertidumbre\/"]}]},{"@type":"ImageObject","inLanguage":"en-US","@id":"https:\/\/pulso27.com\/actualidad\/economia\/proyecto-majes-siguas-ii-seis-meses-despues-de-su-transferencia-avances-estancados-y-crece-la-incertidumbre\/#primaryimage","url":"https:\/\/pulso27.com\/wp-content\/uploads\/2025\/02\/Majesess-1.png","contentUrl":"https:\/\/pulso27.com\/wp-content\/uploads\/2025\/02\/Majesess-1.png","width":1200,"height":768},{"@type":"BreadcrumbList","@id":"https:\/\/pulso27.com\/actualidad\/economia\/proyecto-majes-siguas-ii-seis-meses-despues-de-su-transferencia-avances-estancados-y-crece-la-incertidumbre\/#breadcrumb","itemListElement":[{"@type":"ListItem","position":1,"name":"Portada","item":"https:\/\/pulso27.com\/"},{"@type":"ListItem","position":2,"name":"Proyecto Majes Siguas II: Seis meses despu\u00e9s de su transferencia, avances estancados y crece la incertidumbre"}]},{"@type":"WebSite","@id":"https:\/\/pulso27.com\/en\/#website","url":"https:\/\/pulso27.com\/en\/","name":"Pulso27","description":"Web de noticias y publicidad","publisher":{"@id":"https:\/\/pulso27.com\/en\/#organization"},"alternateName":"El pulso del pueblo","potentialAction":[{"@type":"SearchAction","target":{"@type":"EntryPoint","urlTemplate":"https:\/\/pulso27.com\/en\/?s={search_term_string}"},"query-input":{"@type":"PropertyValueSpecification","valueRequired":true,"valueName":"search_term_string"}}],"inLanguage":"en-US"},{"@type":"Organization","@id":"https:\/\/pulso27.com\/en\/#organization","name":"Pulso27","url":"https:\/\/pulso27.com\/en\/","logo":{"@type":"ImageObject","inLanguage":"en-US","@id":"https:\/\/pulso27.com\/en\/#\/schema\/logo\/image\/","url":"https:\/\/pulso27.com\/wp-content\/uploads\/2026\/02\/Logotipo-de-la-organizacion-696-x-696-px-ok.png","contentUrl":"https:\/\/pulso27.com\/wp-content\/uploads\/2026\/02\/Logotipo-de-la-organizacion-696-x-696-px-ok.png","width":696,"height":696,"caption":"Pulso27"},"image":{"@id":"https:\/\/pulso27.com\/en\/#\/schema\/logo\/image\/"},"sameAs":["https:\/\/www.facebook.com\/pulso27\/","https:\/\/x.com\/Pulso_27","https:\/\/www.youtube.com\/@Pulso27","https:\/\/www.tiktok.com\/@pulso_27"]},{"@type":"Person","@id":"https:\/\/pulso27.com\/en\/#\/schema\/person\/a0930a7f318e7d9d83bd7cffed9f34f6","name":"El Muki","image":{"@type":"ImageObject","inLanguage":"en-US","@id":"https:\/\/secure.gravatar.com\/avatar\/dc91c2607c5eebda74cbb40d13031f489096c96ead89c4c30c17db262267b2b3?s=96&d=mm&r=g","url":"https:\/\/secure.gravatar.com\/avatar\/dc91c2607c5eebda74cbb40d13031f489096c96ead89c4c30c17db262267b2b3?s=96&d=mm&r=g","contentUrl":"https:\/\/secure.gravatar.com\/avatar\/dc91c2607c5eebda74cbb40d13031f489096c96ead89c4c30c17db262267b2b3?s=96&d=mm&r=g","caption":"El Muki"},"sameAs":["http:\/\/www.pulso27.com"],"url":"https:\/\/pulso27.com\/en\/author\/elcuervo\/"}]}},"amp_enabled":true,"_links":{"self":[{"href":"https:\/\/pulso27.com\/en\/wp-json\/wp\/v2\/posts\/3918","targetHints":{"allow":["GET"]}}],"collection":[{"href":"https:\/\/pulso27.com\/en\/wp-json\/wp\/v2\/posts"}],"about":[{"href":"https:\/\/pulso27.com\/en\/wp-json\/wp\/v2\/types\/post"}],"author":[{"embeddable":true,"href":"https:\/\/pulso27.com\/en\/wp-json\/wp\/v2\/users\/10"}],"replies":[{"embeddable":true,"href":"https:\/\/pulso27.com\/en\/wp-json\/wp\/v2\/comments?post=3918"}],"version-history":[{"count":1,"href":"https:\/\/pulso27.com\/en\/wp-json\/wp\/v2\/posts\/3918\/revisions"}],"predecessor-version":[{"id":3926,"href":"https:\/\/pulso27.com\/en\/wp-json\/wp\/v2\/posts\/3918\/revisions\/3926"}],"wp:featuredmedia":[{"embeddable":true,"href":"https:\/\/pulso27.com\/en\/wp-json\/wp\/v2\/media\/3925"}],"wp:attachment":[{"href":"https:\/\/pulso27.com\/en\/wp-json\/wp\/v2\/media?parent=3918"}],"wp:term":[{"taxonomy":"category","embeddable":true,"href":"https:\/\/pulso27.com\/en\/wp-json\/wp\/v2\/categories?post=3918"},{"taxonomy":"post_tag","embeddable":true,"href":"https:\/\/pulso27.com\/en\/wp-json\/wp\/v2\/tags?post=3918"}],"curies":[{"name":"wp","href":"https:\/\/api.w.org\/{rel}","templated":true}]}}