{"id":393,"date":"2017-07-25T14:09:15","date_gmt":"2017-07-25T18:09:15","guid":{"rendered":"http:\/\/www.mvpthemes.com\/zoxnews\/?p=393"},"modified":"2024-11-02T08:46:18","modified_gmt":"2024-11-02T03:46:18","slug":"mobile-google-ceo-promises-11-daydream-compatible-phones","status":"publish","type":"post","link":"https:\/\/pulso27.com\/en\/actualidad\/politica\/mobile-google-ceo-promises-11-daydream-compatible-phones\/","title":{"rendered":"El 38% de la poblaci\u00f3n del sur se auto percibe de izquierda"},"content":{"rendered":"<p>Aproximadamente un 19% de los peruanos considera, al pensar en su punto de vista pol\u00edtico, que se encuentra en la izquierda, seg\u00fan la encuesta hecha para el Diario La Rep\u00fablica por el Instituto de Estudios Peruano \u2013 IEP a la poblaci\u00f3n del 7 al 12 de octubre del 2023. Haciendo una comparaci\u00f3n, en octubre del 2021, quienes se auto percib\u00edan en esta posici\u00f3n eran solamente un 13% de la poblaci\u00f3n, seg\u00fan el mismo IEP.<\/p>\n\n\n\n<p>Significa que, los peruanos perciben una la polarizaci\u00f3n pol\u00edtica, que nos contrapone en posiciones antag\u00f3nicas, no se ha reducido desde el 2021 poselectoral, cuando apenas hab\u00edamos pasado muy enfrentados los comicios, sino que incluso aument\u00f3, seg\u00fan muestra una reciente encuesta del estudio.<\/p>\n\n\n\n<p>Asimismo, un 21% de los ciudadanos se auto percibe pol\u00edticamente en la derecha. Hace dos a\u00f1os, en la misma \u00e9poca, quienes se identificaban como derechistas eran un 15% de los connacionales, de acuerdo con la encuesta de ese entonces. Es decir, lejos de reducirse los polos de cada extremo del espectro pol\u00edtico, como suele ocurrir luego de una justa electoral, crecieron en este tiempo.<\/p>\n\n\n\n<p><\/p>\n\n\n\n<blockquote class=\"wp-block-quote is-layout-flow wp-block-quote-is-layout-flow\">\n<p>Por otro lado, el centro pol\u00edtico se ha reducido de 41% en octubre del 2021 a 34% en este a\u00f1o 2023. <\/p>\n<\/blockquote>\n\n\n\n<p><\/p>\n\n\n\n<p>Por otro lado, el centro pol\u00edtico se ha reducido de 41% en octubre del 2021 a 34% en este a\u00f1o 2023. La reducci\u00f3n del centro puede explicarse por los acontecimientos de crisis pol\u00edtica que instan a la ciudadan\u00eda a tomar posici\u00f3n, donde el centro no est\u00e1 siendo identificado con personajes que propongan acciones ni han dado respuestas claras en momentos dif\u00edciles.<\/p>\n\n\n\n<p>Se mantiene la din\u00e1mica hist\u00f3rica sur \u2013 izquierda y norte &#8211; derecha. Aunque, cada vez m\u00e1s el centro pierde puntos en varias macrozonas. La poblaci\u00f3n del sur del Per\u00fa se auto percibe de izquierda en un 38%, increment\u00e1ndose en un 10% respecto al a\u00f1o 2021. Esto podr\u00eda implicar, a largo plazo, una mayor definici\u00f3n pol\u00edtica entre izquierda y derecha. Lo cierto es que, por ahora, no hay l\u00edderes legitimados en el espectro pol\u00edtico que canalicen participaci\u00f3n para formar una coalici\u00f3n de gobierno aceptable.<\/p>\n\n\n\n<p>No es casualidad que sea as\u00ed, cuando la convulsi\u00f3n pol\u00edtica ha ido en aumento y determinados grupos de poder tiran para su lado. Sea en medios tradicionales o en digitales, la desinformaci\u00f3n a la que muchas personas son sometidas, a menudo sin darse cuenta, solo alimenta una polarizaci\u00f3n que, en principio, no tendr\u00eda que ser necesaria, pero que d\u00eda a d\u00eda trata de indicarte sobre qu\u00e9 hacer, c\u00f3mo pensar y c\u00f3mo ver al otro.<\/p>","protected":false},"excerpt":{"rendered":"<p>Asimismo, un 21% de los ciudadanos se auto percibe pol\u00edticamente en la derecha<\/p>","protected":false},"author":13,"featured_media":569,"comment_status":"open","ping_status":"open","sticky":false,"template":"","format":"standard","meta":{"footnotes":""},"categories":[183,180],"tags":[184],"class_list":["post-393","post","type-post","status-publish","format-standard","has-post-thumbnail","hentry","category-actualidad","category-politica","tag-politica"],"yoast_head":"<!-- This site is optimized with the Yoast SEO plugin v27.4 - https:\/\/yoast.com\/product\/yoast-seo-wordpress\/ -->\n<title>El 38% de la poblaci\u00f3n del sur se auto percibe de izquierda - Pulso27<\/title>\n<meta name=\"robots\" content=\"index, follow, max-snippet:-1, max-image-preview:large, max-video-preview:-1\" \/>\n<link rel=\"canonical\" href=\"https:\/\/pulso27.com\/en\/politica\/mobile-google-ceo-promises-11-daydream-compatible-phones\/\" \/>\n<meta property=\"og:locale\" content=\"en_US\" \/>\n<meta property=\"og:type\" content=\"article\" \/>\n<meta property=\"og:title\" content=\"El 38% de la poblaci\u00f3n del sur se auto percibe de izquierda - Pulso27\" \/>\n<meta property=\"og:description\" content=\"Asimismo, un 21% de los ciudadanos se auto percibe pol\u00edticamente en la derecha\" \/>\n<meta property=\"og:url\" content=\"https:\/\/pulso27.com\/en\/politica\/mobile-google-ceo-promises-11-daydream-compatible-phones\/\" \/>\n<meta property=\"og:site_name\" content=\"Pulso27\" \/>\n<meta property=\"article:publisher\" content=\"https:\/\/www.facebook.com\/pulso27\/\" \/>\n<meta property=\"article:published_time\" content=\"2017-07-25T18:09:15+00:00\" \/>\n<meta property=\"article:modified_time\" content=\"2024-11-02T03:46:18+00:00\" \/>\n<meta property=\"og:image\" content=\"https:\/\/pulso27.com\/wp-content\/uploads\/2017\/07\/izq-der-1.png\" \/>\n\t<meta property=\"og:image:width\" content=\"854\" \/>\n\t<meta property=\"og:image:height\" content=\"578\" \/>\n\t<meta property=\"og:image:type\" content=\"image\/png\" \/>\n<meta name=\"author\" content=\"Redactor\" \/>\n<meta name=\"twitter:card\" content=\"summary_large_image\" \/>\n<meta name=\"twitter:creator\" content=\"@Pulso_27\" \/>\n<meta name=\"twitter:site\" content=\"@Pulso_27\" \/>\n<meta name=\"twitter:label1\" content=\"Written by\" \/>\n\t<meta name=\"twitter:data1\" content=\"Redactor\" \/>\n\t<meta name=\"twitter:label2\" content=\"Est. reading time\" \/>\n\t<meta name=\"twitter:data2\" content=\"2 minutes\" \/>\n<script type=\"application\/ld+json\" class=\"yoast-schema-graph\">{\"@context\":\"https:\\\/\\\/schema.org\",\"@graph\":[{\"@type\":\"Article\",\"@id\":\"https:\\\/\\\/pulso27.com\\\/politica\\\/mobile-google-ceo-promises-11-daydream-compatible-phones\\\/#article\",\"isPartOf\":{\"@id\":\"https:\\\/\\\/pulso27.com\\\/politica\\\/mobile-google-ceo-promises-11-daydream-compatible-phones\\\/\"},\"author\":{\"name\":\"Redactor\",\"@id\":\"https:\\\/\\\/pulso27.com\\\/en\\\/#\\\/schema\\\/person\\\/bf5ee161e6c87f6c7d57f5e689ef8526\"},\"headline\":\"El 38% de la poblaci\u00f3n del sur se auto percibe de izquierda\",\"datePublished\":\"2017-07-25T18:09:15+00:00\",\"dateModified\":\"2024-11-02T03:46:18+00:00\",\"mainEntityOfPage\":{\"@id\":\"https:\\\/\\\/pulso27.com\\\/politica\\\/mobile-google-ceo-promises-11-daydream-compatible-phones\\\/\"},\"wordCount\":457,\"commentCount\":0,\"publisher\":{\"@id\":\"https:\\\/\\\/pulso27.com\\\/en\\\/#organization\"},\"image\":{\"@id\":\"https:\\\/\\\/pulso27.com\\\/politica\\\/mobile-google-ceo-promises-11-daydream-compatible-phones\\\/#primaryimage\"},\"thumbnailUrl\":\"https:\\\/\\\/pulso27.com\\\/wp-content\\\/uploads\\\/2017\\\/07\\\/izq-der-1.png\",\"keywords\":[\"Politica\"],\"articleSection\":[\"Actualidad\",\"Pol\u00edtica\"],\"inLanguage\":\"en-US\",\"potentialAction\":[{\"@type\":\"CommentAction\",\"name\":\"Comment\",\"target\":[\"https:\\\/\\\/pulso27.com\\\/politica\\\/mobile-google-ceo-promises-11-daydream-compatible-phones\\\/#respond\"]}]},{\"@type\":\"WebPage\",\"@id\":\"https:\\\/\\\/pulso27.com\\\/politica\\\/mobile-google-ceo-promises-11-daydream-compatible-phones\\\/\",\"url\":\"https:\\\/\\\/pulso27.com\\\/politica\\\/mobile-google-ceo-promises-11-daydream-compatible-phones\\\/\",\"name\":\"El 38% de la poblaci\u00f3n del sur se auto percibe de izquierda - Pulso27\",\"isPartOf\":{\"@id\":\"https:\\\/\\\/pulso27.com\\\/en\\\/#website\"},\"primaryImageOfPage\":{\"@id\":\"https:\\\/\\\/pulso27.com\\\/politica\\\/mobile-google-ceo-promises-11-daydream-compatible-phones\\\/#primaryimage\"},\"image\":{\"@id\":\"https:\\\/\\\/pulso27.com\\\/politica\\\/mobile-google-ceo-promises-11-daydream-compatible-phones\\\/#primaryimage\"},\"thumbnailUrl\":\"https:\\\/\\\/pulso27.com\\\/wp-content\\\/uploads\\\/2017\\\/07\\\/izq-der-1.png\",\"datePublished\":\"2017-07-25T18:09:15+00:00\",\"dateModified\":\"2024-11-02T03:46:18+00:00\",\"breadcrumb\":{\"@id\":\"https:\\\/\\\/pulso27.com\\\/politica\\\/mobile-google-ceo-promises-11-daydream-compatible-phones\\\/#breadcrumb\"},\"inLanguage\":\"en-US\",\"potentialAction\":[{\"@type\":\"ReadAction\",\"target\":[\"https:\\\/\\\/pulso27.com\\\/politica\\\/mobile-google-ceo-promises-11-daydream-compatible-phones\\\/\"]}]},{\"@type\":\"ImageObject\",\"inLanguage\":\"en-US\",\"@id\":\"https:\\\/\\\/pulso27.com\\\/politica\\\/mobile-google-ceo-promises-11-daydream-compatible-phones\\\/#primaryimage\",\"url\":\"https:\\\/\\\/pulso27.com\\\/wp-content\\\/uploads\\\/2017\\\/07\\\/izq-der-1.png\",\"contentUrl\":\"https:\\\/\\\/pulso27.com\\\/wp-content\\\/uploads\\\/2017\\\/07\\\/izq-der-1.png\",\"width\":854,\"height\":578},{\"@type\":\"BreadcrumbList\",\"@id\":\"https:\\\/\\\/pulso27.com\\\/politica\\\/mobile-google-ceo-promises-11-daydream-compatible-phones\\\/#breadcrumb\",\"itemListElement\":[{\"@type\":\"ListItem\",\"position\":1,\"name\":\"Portada\",\"item\":\"https:\\\/\\\/pulso27.com\\\/\"},{\"@type\":\"ListItem\",\"position\":2,\"name\":\"El 38% de la poblaci\u00f3n del sur se auto percibe de izquierda\"}]},{\"@type\":\"WebSite\",\"@id\":\"https:\\\/\\\/pulso27.com\\\/en\\\/#website\",\"url\":\"https:\\\/\\\/pulso27.com\\\/en\\\/\",\"name\":\"Pulso27\",\"description\":\"Web de noticias y publicidad\",\"publisher\":{\"@id\":\"https:\\\/\\\/pulso27.com\\\/en\\\/#organization\"},\"alternateName\":\"El pulso del pueblo\",\"potentialAction\":[{\"@type\":\"SearchAction\",\"target\":{\"@type\":\"EntryPoint\",\"urlTemplate\":\"https:\\\/\\\/pulso27.com\\\/en\\\/?s={search_term_string}\"},\"query-input\":{\"@type\":\"PropertyValueSpecification\",\"valueRequired\":true,\"valueName\":\"search_term_string\"}}],\"inLanguage\":\"en-US\"},{\"@type\":\"Organization\",\"@id\":\"https:\\\/\\\/pulso27.com\\\/en\\\/#organization\",\"name\":\"Pulso27\",\"url\":\"https:\\\/\\\/pulso27.com\\\/en\\\/\",\"logo\":{\"@type\":\"ImageObject\",\"inLanguage\":\"en-US\",\"@id\":\"https:\\\/\\\/pulso27.com\\\/en\\\/#\\\/schema\\\/logo\\\/image\\\/\",\"url\":\"https:\\\/\\\/pulso27.com\\\/wp-content\\\/uploads\\\/2026\\\/02\\\/Logotipo-de-la-organizacion-696-x-696-px-ok.png\",\"contentUrl\":\"https:\\\/\\\/pulso27.com\\\/wp-content\\\/uploads\\\/2026\\\/02\\\/Logotipo-de-la-organizacion-696-x-696-px-ok.png\",\"width\":696,\"height\":696,\"caption\":\"Pulso27\"},\"image\":{\"@id\":\"https:\\\/\\\/pulso27.com\\\/en\\\/#\\\/schema\\\/logo\\\/image\\\/\"},\"sameAs\":[\"https:\\\/\\\/www.facebook.com\\\/pulso27\\\/\",\"https:\\\/\\\/x.com\\\/Pulso_27\",\"https:\\\/\\\/www.youtube.com\\\/@Pulso27\",\"https:\\\/\\\/www.tiktok.com\\\/@pulso_27\"]},{\"@type\":\"Person\",\"@id\":\"https:\\\/\\\/pulso27.com\\\/en\\\/#\\\/schema\\\/person\\\/bf5ee161e6c87f6c7d57f5e689ef8526\",\"name\":\"Redactor\",\"image\":{\"@type\":\"ImageObject\",\"inLanguage\":\"en-US\",\"@id\":\"https:\\\/\\\/pulso27.com\\\/wp-content\\\/uploads\\\/2025\\\/03\\\/a-150x150.png\",\"url\":\"https:\\\/\\\/pulso27.com\\\/wp-content\\\/uploads\\\/2025\\\/03\\\/a-150x150.png\",\"contentUrl\":\"https:\\\/\\\/pulso27.com\\\/wp-content\\\/uploads\\\/2025\\\/03\\\/a-150x150.png\",\"caption\":\"Redactor\"},\"sameAs\":[\"http:\\\/\\\/www.pulso27.com\"],\"url\":\"https:\\\/\\\/pulso27.com\\\/en\\\/author\\\/redactor\\\/\"}]}<\/script>\n<!-- \/ Yoast SEO plugin. -->","yoast_head_json":{"title":"El 38% de la poblaci\u00f3n del sur se auto percibe de izquierda - Pulso27","robots":{"index":"index","follow":"follow","max-snippet":"max-snippet:-1","max-image-preview":"max-image-preview:large","max-video-preview":"max-video-preview:-1"},"canonical":"https:\/\/pulso27.com\/en\/politica\/mobile-google-ceo-promises-11-daydream-compatible-phones\/","og_locale":"en_US","og_type":"article","og_title":"El 38% de la poblaci\u00f3n del sur se auto percibe de izquierda - Pulso27","og_description":"Asimismo, un 21% de los ciudadanos se auto percibe pol\u00edticamente en la derecha","og_url":"https:\/\/pulso27.com\/en\/politica\/mobile-google-ceo-promises-11-daydream-compatible-phones\/","og_site_name":"Pulso27","article_publisher":"https:\/\/www.facebook.com\/pulso27\/","article_published_time":"2017-07-25T18:09:15+00:00","article_modified_time":"2024-11-02T03:46:18+00:00","og_image":[{"width":854,"height":578,"url":"https:\/\/pulso27.com\/wp-content\/uploads\/2017\/07\/izq-der-1.png","type":"image\/png"}],"author":"Redactor","twitter_card":"summary_large_image","twitter_creator":"@Pulso_27","twitter_site":"@Pulso_27","twitter_misc":{"Written by":"Redactor","Est. reading time":"2 minutes"},"schema":{"@context":"https:\/\/schema.org","@graph":[{"@type":"Article","@id":"https:\/\/pulso27.com\/politica\/mobile-google-ceo-promises-11-daydream-compatible-phones\/#article","isPartOf":{"@id":"https:\/\/pulso27.com\/politica\/mobile-google-ceo-promises-11-daydream-compatible-phones\/"},"author":{"name":"Redactor","@id":"https:\/\/pulso27.com\/en\/#\/schema\/person\/bf5ee161e6c87f6c7d57f5e689ef8526"},"headline":"El 38% de la poblaci\u00f3n del sur se auto percibe de izquierda","datePublished":"2017-07-25T18:09:15+00:00","dateModified":"2024-11-02T03:46:18+00:00","mainEntityOfPage":{"@id":"https:\/\/pulso27.com\/politica\/mobile-google-ceo-promises-11-daydream-compatible-phones\/"},"wordCount":457,"commentCount":0,"publisher":{"@id":"https:\/\/pulso27.com\/en\/#organization"},"image":{"@id":"https:\/\/pulso27.com\/politica\/mobile-google-ceo-promises-11-daydream-compatible-phones\/#primaryimage"},"thumbnailUrl":"https:\/\/pulso27.com\/wp-content\/uploads\/2017\/07\/izq-der-1.png","keywords":["Politica"],"articleSection":["Actualidad","Pol\u00edtica"],"inLanguage":"en-US","potentialAction":[{"@type":"CommentAction","name":"Comment","target":["https:\/\/pulso27.com\/politica\/mobile-google-ceo-promises-11-daydream-compatible-phones\/#respond"]}]},{"@type":"WebPage","@id":"https:\/\/pulso27.com\/politica\/mobile-google-ceo-promises-11-daydream-compatible-phones\/","url":"https:\/\/pulso27.com\/politica\/mobile-google-ceo-promises-11-daydream-compatible-phones\/","name":"El 38% de la poblaci\u00f3n del sur se auto percibe de izquierda - Pulso27","isPartOf":{"@id":"https:\/\/pulso27.com\/en\/#website"},"primaryImageOfPage":{"@id":"https:\/\/pulso27.com\/politica\/mobile-google-ceo-promises-11-daydream-compatible-phones\/#primaryimage"},"image":{"@id":"https:\/\/pulso27.com\/politica\/mobile-google-ceo-promises-11-daydream-compatible-phones\/#primaryimage"},"thumbnailUrl":"https:\/\/pulso27.com\/wp-content\/uploads\/2017\/07\/izq-der-1.png","datePublished":"2017-07-25T18:09:15+00:00","dateModified":"2024-11-02T03:46:18+00:00","breadcrumb":{"@id":"https:\/\/pulso27.com\/politica\/mobile-google-ceo-promises-11-daydream-compatible-phones\/#breadcrumb"},"inLanguage":"en-US","potentialAction":[{"@type":"ReadAction","target":["https:\/\/pulso27.com\/politica\/mobile-google-ceo-promises-11-daydream-compatible-phones\/"]}]},{"@type":"ImageObject","inLanguage":"en-US","@id":"https:\/\/pulso27.com\/politica\/mobile-google-ceo-promises-11-daydream-compatible-phones\/#primaryimage","url":"https:\/\/pulso27.com\/wp-content\/uploads\/2017\/07\/izq-der-1.png","contentUrl":"https:\/\/pulso27.com\/wp-content\/uploads\/2017\/07\/izq-der-1.png","width":854,"height":578},{"@type":"BreadcrumbList","@id":"https:\/\/pulso27.com\/politica\/mobile-google-ceo-promises-11-daydream-compatible-phones\/#breadcrumb","itemListElement":[{"@type":"ListItem","position":1,"name":"Portada","item":"https:\/\/pulso27.com\/"},{"@type":"ListItem","position":2,"name":"El 38% de la poblaci\u00f3n del sur se auto percibe de izquierda"}]},{"@type":"WebSite","@id":"https:\/\/pulso27.com\/en\/#website","url":"https:\/\/pulso27.com\/en\/","name":"Pulso27","description":"Web de noticias y publicidad","publisher":{"@id":"https:\/\/pulso27.com\/en\/#organization"},"alternateName":"El pulso del pueblo","potentialAction":[{"@type":"SearchAction","target":{"@type":"EntryPoint","urlTemplate":"https:\/\/pulso27.com\/en\/?s={search_term_string}"},"query-input":{"@type":"PropertyValueSpecification","valueRequired":true,"valueName":"search_term_string"}}],"inLanguage":"en-US"},{"@type":"Organization","@id":"https:\/\/pulso27.com\/en\/#organization","name":"Pulso27","url":"https:\/\/pulso27.com\/en\/","logo":{"@type":"ImageObject","inLanguage":"en-US","@id":"https:\/\/pulso27.com\/en\/#\/schema\/logo\/image\/","url":"https:\/\/pulso27.com\/wp-content\/uploads\/2026\/02\/Logotipo-de-la-organizacion-696-x-696-px-ok.png","contentUrl":"https:\/\/pulso27.com\/wp-content\/uploads\/2026\/02\/Logotipo-de-la-organizacion-696-x-696-px-ok.png","width":696,"height":696,"caption":"Pulso27"},"image":{"@id":"https:\/\/pulso27.com\/en\/#\/schema\/logo\/image\/"},"sameAs":["https:\/\/www.facebook.com\/pulso27\/","https:\/\/x.com\/Pulso_27","https:\/\/www.youtube.com\/@Pulso27","https:\/\/www.tiktok.com\/@pulso_27"]},{"@type":"Person","@id":"https:\/\/pulso27.com\/en\/#\/schema\/person\/bf5ee161e6c87f6c7d57f5e689ef8526","name":"Redactor","image":{"@type":"ImageObject","inLanguage":"en-US","@id":"https:\/\/pulso27.com\/wp-content\/uploads\/2025\/03\/a-150x150.png","url":"https:\/\/pulso27.com\/wp-content\/uploads\/2025\/03\/a-150x150.png","contentUrl":"https:\/\/pulso27.com\/wp-content\/uploads\/2025\/03\/a-150x150.png","caption":"Redactor"},"sameAs":["http:\/\/www.pulso27.com"],"url":"https:\/\/pulso27.com\/en\/author\/redactor\/"}]}},"amp_enabled":true,"_links":{"self":[{"href":"https:\/\/pulso27.com\/en\/wp-json\/wp\/v2\/posts\/393","targetHints":{"allow":["GET"]}}],"collection":[{"href":"https:\/\/pulso27.com\/en\/wp-json\/wp\/v2\/posts"}],"about":[{"href":"https:\/\/pulso27.com\/en\/wp-json\/wp\/v2\/types\/post"}],"author":[{"embeddable":true,"href":"https:\/\/pulso27.com\/en\/wp-json\/wp\/v2\/users\/13"}],"replies":[{"embeddable":true,"href":"https:\/\/pulso27.com\/en\/wp-json\/wp\/v2\/comments?post=393"}],"version-history":[{"count":2,"href":"https:\/\/pulso27.com\/en\/wp-json\/wp\/v2\/posts\/393\/revisions"}],"predecessor-version":[{"id":567,"href":"https:\/\/pulso27.com\/en\/wp-json\/wp\/v2\/posts\/393\/revisions\/567"}],"wp:featuredmedia":[{"embeddable":true,"href":"https:\/\/pulso27.com\/en\/wp-json\/wp\/v2\/media\/569"}],"wp:attachment":[{"href":"https:\/\/pulso27.com\/en\/wp-json\/wp\/v2\/media?parent=393"}],"wp:term":[{"taxonomy":"category","embeddable":true,"href":"https:\/\/pulso27.com\/en\/wp-json\/wp\/v2\/categories?post=393"},{"taxonomy":"post_tag","embeddable":true,"href":"https:\/\/pulso27.com\/en\/wp-json\/wp\/v2\/tags?post=393"}],"curies":[{"name":"wp","href":"https:\/\/api.w.org\/{rel}","templated":true}]}}