{"id":4035,"date":"2025-02-11T08:29:26","date_gmt":"2025-02-11T03:29:26","guid":{"rendered":"https:\/\/pulso27.com\/?p=4035"},"modified":"2025-02-11T08:29:31","modified_gmt":"2025-02-11T03:29:31","slug":"agricultores-del-valle-de-tambo-ratifican-huelga-indefinida-contra-proyectos-mineros-tia-maria-y-la-tapada-de-southern-copper-corporation","status":"publish","type":"post","link":"https:\/\/pulso27.com\/en\/actualidad\/agricultura\/agricultores-del-valle-de-tambo-ratifican-huelga-indefinida-contra-proyectos-mineros-tia-maria-y-la-tapada-de-southern-copper-corporation\/","title":{"rendered":"Agricultores del Valle de Tambo ratifican huelga indefinida contra proyectos mineros T\u00eda Mar\u00eda y La Tapada de Southern Copper Corporation"},"content":{"rendered":"<p>Representantes del Valle de Tambo del departamento de Arequipa y dirigentes de la Macro Regi\u00f3n Sur ratificaron el inicio de una huelga general indefinida desde el 17 de febrero contra el proyecto minero T\u00eda Mar\u00eda y La Tapada, operado por Southern Copper.<\/p>\n\n\n\n<p>En la asamblea, realizada en Cocachacra, participaron delegaciones de Cusco, Puno, Arequipa y Moquegua, quienes acordaron movilizaciones simult\u00e1neas el 17 de febrero en respaldo a la protesta.<\/p>\n\n\n<div class=\"wp-block-image\">\n<figure class=\"alignleft size-full is-resized\"><img loading=\"lazy\" decoding=\"async\" width=\"720\" height=\"967\" src=\"https:\/\/pulso27.com\/wp-content\/uploads\/2025\/02\/image-31.png\" alt=\"\" class=\"wp-image-4037\" style=\"width:233px;height:auto\" srcset=\"https:\/\/pulso27.com\/wp-content\/uploads\/2025\/02\/image-31.png 720w, https:\/\/pulso27.com\/wp-content\/uploads\/2025\/02\/image-31-223x300.png 223w, https:\/\/pulso27.com\/wp-content\/uploads\/2025\/02\/image-31-9x12.png 9w\" sizes=\"auto, (max-width: 720px) 100vw, 720px\" \/><\/figure><\/div>\n\n\n<p>Adem\u00e1s, se convoc\u00f3 a un paro de 24 horas el 27 de febrero en toda la Macro Regi\u00f3n Sur para exigir la cancelaci\u00f3n definitiva del proyecto minero y otras demandas como:<\/p>\n\n\n\n<ul class=\"wp-block-list\">\n<li>La conclusi\u00f3n del Gasoducto Sur Peruano.<\/li>\n\n\n\n<li>La derogatoria de la Ley N\u00b0 32242, que descentraliza concesiones mineras sin consulta previa.<\/li>\n\n\n\n<li>La renuncia de la presidenta Dina Boluarte y el cierre del Congreso.<\/li>\n<\/ul>\n\n\n\n<p>Los dirigentes anunciaron la creaci\u00f3n del Frente Macro Regi\u00f3n Sur para articular su lucha contra el proyecto minero y promover una nueva Constituci\u00f3n.<\/p>\n\n\n\n<p>Finalmente, los agricultores se\u00f1alaron que en los pr\u00f3ximos d\u00edas reforzar\u00e1n su organizaci\u00f3n y abastecimiento para afrontar la huelga. Con consignas como \u00a1Fuera Southern del Per\u00fa! y \u00a1El pueblo unido jam\u00e1s ser\u00e1 vencido!, ratificaron su determinaci\u00f3n de defender el Valle de Tambo.<\/p>","protected":false},"excerpt":{"rendered":"<p>Representantes del Valle de Tambo del departamento de Arequipa y dirigentes de la Macro Regi\u00f3n Sur ratificaron el inicio de una huelga general indefinida desde el 17 de febrero contra el proyecto minero T\u00eda Mar\u00eda y La Tapada, operado por Southern Copper. En la asamblea, realizada en Cocachacra, participaron delegaciones de Cusco, Puno, Arequipa y [&hellip;]<\/p>\n","protected":false},"author":7,"featured_media":4038,"comment_status":"open","ping_status":"open","sticky":false,"template":"","format":"standard","meta":{"footnotes":""},"categories":[183,818,1847,810,1852],"tags":[616,1992,837,835],"class_list":["post-4035","post","type-post","status-publish","format-standard","has-post-thumbnail","hentry","category-actualidad","category-agricultura","category-ambiente","category-regional","category-tendencia","tag-arequipa","tag-proyectominerotiamaria","tag-southerncoppercorporation","tag-valledeltambo"],"yoast_head":"<!-- This site is optimized with the Yoast SEO plugin v27.4 - https:\/\/yoast.com\/product\/yoast-seo-wordpress\/ -->\n<title>Agricultores del Valle de Tambo ratifican huelga indefinida contra proyectos mineros T\u00eda Mar\u00eda y La Tapada de Southern Copper Corporation - Pulso27<\/title>\n<meta name=\"robots\" content=\"index, follow, max-snippet:-1, max-image-preview:large, max-video-preview:-1\" \/>\n<link rel=\"canonical\" href=\"https:\/\/pulso27.com\/en\/actualidad\/agricultores-del-valle-de-tambo-ratifican-huelga-indefinida-contra-proyectos-mineros-tia-maria-y-la-tapada-de-southern-copper-corporation\/\" \/>\n<meta property=\"og:locale\" content=\"en_US\" \/>\n<meta property=\"og:type\" content=\"article\" \/>\n<meta property=\"og:title\" content=\"Agricultores del Valle de Tambo ratifican huelga indefinida contra proyectos mineros T\u00eda Mar\u00eda y La Tapada de Southern Copper Corporation - Pulso27\" \/>\n<meta property=\"og:description\" content=\"Representantes del Valle de Tambo del departamento de Arequipa y dirigentes de la Macro Regi\u00f3n Sur ratificaron el inicio de una huelga general indefinida desde el 17 de febrero contra el proyecto minero T\u00eda Mar\u00eda y La Tapada, operado por Southern Copper. En la asamblea, realizada en Cocachacra, participaron delegaciones de Cusco, Puno, Arequipa y [&hellip;]\" \/>\n<meta property=\"og:url\" content=\"https:\/\/pulso27.com\/en\/actualidad\/agricultores-del-valle-de-tambo-ratifican-huelga-indefinida-contra-proyectos-mineros-tia-maria-y-la-tapada-de-southern-copper-corporation\/\" \/>\n<meta property=\"og:site_name\" content=\"Pulso27\" \/>\n<meta property=\"article:publisher\" content=\"https:\/\/www.facebook.com\/pulso27\/\" \/>\n<meta property=\"article:published_time\" content=\"2025-02-11T03:29:26+00:00\" \/>\n<meta property=\"article:modified_time\" content=\"2025-02-11T03:29:31+00:00\" \/>\n<meta property=\"og:image\" content=\"https:\/\/pulso27.com\/wp-content\/uploads\/2025\/02\/Tia-Marria.png\" \/>\n\t<meta property=\"og:image:width\" content=\"1200\" \/>\n\t<meta property=\"og:image:height\" content=\"800\" \/>\n\t<meta property=\"og:image:type\" content=\"image\/png\" \/>\n<meta name=\"author\" content=\"Tupaq\" \/>\n<meta name=\"twitter:card\" content=\"summary_large_image\" \/>\n<meta name=\"twitter:creator\" content=\"@Pulso_27\" \/>\n<meta name=\"twitter:site\" content=\"@Pulso_27\" \/>\n<meta name=\"twitter:label1\" content=\"Written by\" \/>\n\t<meta name=\"twitter:data1\" content=\"Tupaq\" \/>\n\t<meta name=\"twitter:label2\" content=\"Est. reading time\" \/>\n\t<meta name=\"twitter:data2\" content=\"2 minutes\" \/>\n<script type=\"application\/ld+json\" class=\"yoast-schema-graph\">{\"@context\":\"https:\\\/\\\/schema.org\",\"@graph\":[{\"@type\":\"Article\",\"@id\":\"https:\\\/\\\/pulso27.com\\\/actualidad\\\/agricultores-del-valle-de-tambo-ratifican-huelga-indefinida-contra-proyectos-mineros-tia-maria-y-la-tapada-de-southern-copper-corporation\\\/#article\",\"isPartOf\":{\"@id\":\"https:\\\/\\\/pulso27.com\\\/actualidad\\\/agricultores-del-valle-de-tambo-ratifican-huelga-indefinida-contra-proyectos-mineros-tia-maria-y-la-tapada-de-southern-copper-corporation\\\/\"},\"author\":{\"name\":\"Tupaq\",\"@id\":\"https:\\\/\\\/pulso27.com\\\/en\\\/#\\\/schema\\\/person\\\/d20fd7f5bc7f2e53fd150d43fca07a78\"},\"headline\":\"Agricultores del Valle de Tambo ratifican huelga indefinida contra proyectos mineros T\u00eda Mar\u00eda y La Tapada de Southern Copper Corporation\",\"datePublished\":\"2025-02-11T03:29:26+00:00\",\"dateModified\":\"2025-02-11T03:29:31+00:00\",\"mainEntityOfPage\":{\"@id\":\"https:\\\/\\\/pulso27.com\\\/actualidad\\\/agricultores-del-valle-de-tambo-ratifican-huelga-indefinida-contra-proyectos-mineros-tia-maria-y-la-tapada-de-southern-copper-corporation\\\/\"},\"wordCount\":231,\"commentCount\":0,\"publisher\":{\"@id\":\"https:\\\/\\\/pulso27.com\\\/en\\\/#organization\"},\"image\":{\"@id\":\"https:\\\/\\\/pulso27.com\\\/actualidad\\\/agricultores-del-valle-de-tambo-ratifican-huelga-indefinida-contra-proyectos-mineros-tia-maria-y-la-tapada-de-southern-copper-corporation\\\/#primaryimage\"},\"thumbnailUrl\":\"https:\\\/\\\/pulso27.com\\\/wp-content\\\/uploads\\\/2025\\\/02\\\/Tia-Marria.png\",\"keywords\":[\"Arequipa\",\"ProyectoMineroT\u00edaMar\u00eda\",\"SouthernCopperCorporation\",\"ValleDelTambo\"],\"articleSection\":[\"Actualidad\",\"Agricultura\",\"Ambiente\",\"Regional\",\"Tendencia\"],\"inLanguage\":\"en-US\",\"potentialAction\":[{\"@type\":\"CommentAction\",\"name\":\"Comment\",\"target\":[\"https:\\\/\\\/pulso27.com\\\/actualidad\\\/agricultores-del-valle-de-tambo-ratifican-huelga-indefinida-contra-proyectos-mineros-tia-maria-y-la-tapada-de-southern-copper-corporation\\\/#respond\"]}]},{\"@type\":\"WebPage\",\"@id\":\"https:\\\/\\\/pulso27.com\\\/actualidad\\\/agricultores-del-valle-de-tambo-ratifican-huelga-indefinida-contra-proyectos-mineros-tia-maria-y-la-tapada-de-southern-copper-corporation\\\/\",\"url\":\"https:\\\/\\\/pulso27.com\\\/actualidad\\\/agricultores-del-valle-de-tambo-ratifican-huelga-indefinida-contra-proyectos-mineros-tia-maria-y-la-tapada-de-southern-copper-corporation\\\/\",\"name\":\"Agricultores del Valle de Tambo ratifican huelga indefinida contra proyectos mineros T\u00eda Mar\u00eda y La Tapada de Southern Copper Corporation - Pulso27\",\"isPartOf\":{\"@id\":\"https:\\\/\\\/pulso27.com\\\/en\\\/#website\"},\"primaryImageOfPage\":{\"@id\":\"https:\\\/\\\/pulso27.com\\\/actualidad\\\/agricultores-del-valle-de-tambo-ratifican-huelga-indefinida-contra-proyectos-mineros-tia-maria-y-la-tapada-de-southern-copper-corporation\\\/#primaryimage\"},\"image\":{\"@id\":\"https:\\\/\\\/pulso27.com\\\/actualidad\\\/agricultores-del-valle-de-tambo-ratifican-huelga-indefinida-contra-proyectos-mineros-tia-maria-y-la-tapada-de-southern-copper-corporation\\\/#primaryimage\"},\"thumbnailUrl\":\"https:\\\/\\\/pulso27.com\\\/wp-content\\\/uploads\\\/2025\\\/02\\\/Tia-Marria.png\",\"datePublished\":\"2025-02-11T03:29:26+00:00\",\"dateModified\":\"2025-02-11T03:29:31+00:00\",\"breadcrumb\":{\"@id\":\"https:\\\/\\\/pulso27.com\\\/actualidad\\\/agricultores-del-valle-de-tambo-ratifican-huelga-indefinida-contra-proyectos-mineros-tia-maria-y-la-tapada-de-southern-copper-corporation\\\/#breadcrumb\"},\"inLanguage\":\"en-US\",\"potentialAction\":[{\"@type\":\"ReadAction\",\"target\":[\"https:\\\/\\\/pulso27.com\\\/actualidad\\\/agricultores-del-valle-de-tambo-ratifican-huelga-indefinida-contra-proyectos-mineros-tia-maria-y-la-tapada-de-southern-copper-corporation\\\/\"]}]},{\"@type\":\"ImageObject\",\"inLanguage\":\"en-US\",\"@id\":\"https:\\\/\\\/pulso27.com\\\/actualidad\\\/agricultores-del-valle-de-tambo-ratifican-huelga-indefinida-contra-proyectos-mineros-tia-maria-y-la-tapada-de-southern-copper-corporation\\\/#primaryimage\",\"url\":\"https:\\\/\\\/pulso27.com\\\/wp-content\\\/uploads\\\/2025\\\/02\\\/Tia-Marria.png\",\"contentUrl\":\"https:\\\/\\\/pulso27.com\\\/wp-content\\\/uploads\\\/2025\\\/02\\\/Tia-Marria.png\",\"width\":1200,\"height\":800},{\"@type\":\"BreadcrumbList\",\"@id\":\"https:\\\/\\\/pulso27.com\\\/actualidad\\\/agricultores-del-valle-de-tambo-ratifican-huelga-indefinida-contra-proyectos-mineros-tia-maria-y-la-tapada-de-southern-copper-corporation\\\/#breadcrumb\",\"itemListElement\":[{\"@type\":\"ListItem\",\"position\":1,\"name\":\"Portada\",\"item\":\"https:\\\/\\\/pulso27.com\\\/\"},{\"@type\":\"ListItem\",\"position\":2,\"name\":\"Agricultores del Valle de Tambo ratifican huelga indefinida contra proyectos mineros T\u00eda Mar\u00eda y La Tapada de Southern Copper Corporation\"}]},{\"@type\":\"WebSite\",\"@id\":\"https:\\\/\\\/pulso27.com\\\/en\\\/#website\",\"url\":\"https:\\\/\\\/pulso27.com\\\/en\\\/\",\"name\":\"Pulso27\",\"description\":\"Web de noticias y publicidad\",\"publisher\":{\"@id\":\"https:\\\/\\\/pulso27.com\\\/en\\\/#organization\"},\"alternateName\":\"El pulso del pueblo\",\"potentialAction\":[{\"@type\":\"SearchAction\",\"target\":{\"@type\":\"EntryPoint\",\"urlTemplate\":\"https:\\\/\\\/pulso27.com\\\/en\\\/?s={search_term_string}\"},\"query-input\":{\"@type\":\"PropertyValueSpecification\",\"valueRequired\":true,\"valueName\":\"search_term_string\"}}],\"inLanguage\":\"en-US\"},{\"@type\":\"Organization\",\"@id\":\"https:\\\/\\\/pulso27.com\\\/en\\\/#organization\",\"name\":\"Pulso27\",\"url\":\"https:\\\/\\\/pulso27.com\\\/en\\\/\",\"logo\":{\"@type\":\"ImageObject\",\"inLanguage\":\"en-US\",\"@id\":\"https:\\\/\\\/pulso27.com\\\/en\\\/#\\\/schema\\\/logo\\\/image\\\/\",\"url\":\"https:\\\/\\\/pulso27.com\\\/wp-content\\\/uploads\\\/2026\\\/02\\\/Logotipo-de-la-organizacion-696-x-696-px-ok.png\",\"contentUrl\":\"https:\\\/\\\/pulso27.com\\\/wp-content\\\/uploads\\\/2026\\\/02\\\/Logotipo-de-la-organizacion-696-x-696-px-ok.png\",\"width\":696,\"height\":696,\"caption\":\"Pulso27\"},\"image\":{\"@id\":\"https:\\\/\\\/pulso27.com\\\/en\\\/#\\\/schema\\\/logo\\\/image\\\/\"},\"sameAs\":[\"https:\\\/\\\/www.facebook.com\\\/pulso27\\\/\",\"https:\\\/\\\/x.com\\\/Pulso_27\",\"https:\\\/\\\/www.youtube.com\\\/@Pulso27\",\"https:\\\/\\\/www.tiktok.com\\\/@pulso_27\"]},{\"@type\":\"Person\",\"@id\":\"https:\\\/\\\/pulso27.com\\\/en\\\/#\\\/schema\\\/person\\\/d20fd7f5bc7f2e53fd150d43fca07a78\",\"name\":\"Tupaq\",\"image\":{\"@type\":\"ImageObject\",\"inLanguage\":\"en-US\",\"@id\":\"https:\\\/\\\/secure.gravatar.com\\\/avatar\\\/7929e9b034aeea560319a601e4f04c59eb5f45a79eafe192adabb67e9604e7e7?s=96&d=mm&r=g\",\"url\":\"https:\\\/\\\/secure.gravatar.com\\\/avatar\\\/7929e9b034aeea560319a601e4f04c59eb5f45a79eafe192adabb67e9604e7e7?s=96&d=mm&r=g\",\"contentUrl\":\"https:\\\/\\\/secure.gravatar.com\\\/avatar\\\/7929e9b034aeea560319a601e4f04c59eb5f45a79eafe192adabb67e9604e7e7?s=96&d=mm&r=g\",\"caption\":\"Tupaq\"},\"url\":\"https:\\\/\\\/pulso27.com\\\/en\\\/author\\\/tupaq\\\/\"}]}<\/script>\n<!-- \/ Yoast SEO plugin. -->","yoast_head_json":{"title":"Agricultores del Valle de Tambo ratifican huelga indefinida contra proyectos mineros T\u00eda Mar\u00eda y La Tapada de Southern Copper Corporation - Pulso27","robots":{"index":"index","follow":"follow","max-snippet":"max-snippet:-1","max-image-preview":"max-image-preview:large","max-video-preview":"max-video-preview:-1"},"canonical":"https:\/\/pulso27.com\/en\/actualidad\/agricultores-del-valle-de-tambo-ratifican-huelga-indefinida-contra-proyectos-mineros-tia-maria-y-la-tapada-de-southern-copper-corporation\/","og_locale":"en_US","og_type":"article","og_title":"Agricultores del Valle de Tambo ratifican huelga indefinida contra proyectos mineros T\u00eda Mar\u00eda y La Tapada de Southern Copper Corporation - Pulso27","og_description":"Representantes del Valle de Tambo del departamento de Arequipa y dirigentes de la Macro Regi\u00f3n Sur ratificaron el inicio de una huelga general indefinida desde el 17 de febrero contra el proyecto minero T\u00eda Mar\u00eda y La Tapada, operado por Southern Copper. En la asamblea, realizada en Cocachacra, participaron delegaciones de Cusco, Puno, Arequipa y [&hellip;]","og_url":"https:\/\/pulso27.com\/en\/actualidad\/agricultores-del-valle-de-tambo-ratifican-huelga-indefinida-contra-proyectos-mineros-tia-maria-y-la-tapada-de-southern-copper-corporation\/","og_site_name":"Pulso27","article_publisher":"https:\/\/www.facebook.com\/pulso27\/","article_published_time":"2025-02-11T03:29:26+00:00","article_modified_time":"2025-02-11T03:29:31+00:00","og_image":[{"width":1200,"height":800,"url":"https:\/\/pulso27.com\/wp-content\/uploads\/2025\/02\/Tia-Marria.png","type":"image\/png"}],"author":"Tupaq","twitter_card":"summary_large_image","twitter_creator":"@Pulso_27","twitter_site":"@Pulso_27","twitter_misc":{"Written by":"Tupaq","Est. reading time":"2 minutes"},"schema":{"@context":"https:\/\/schema.org","@graph":[{"@type":"Article","@id":"https:\/\/pulso27.com\/actualidad\/agricultores-del-valle-de-tambo-ratifican-huelga-indefinida-contra-proyectos-mineros-tia-maria-y-la-tapada-de-southern-copper-corporation\/#article","isPartOf":{"@id":"https:\/\/pulso27.com\/actualidad\/agricultores-del-valle-de-tambo-ratifican-huelga-indefinida-contra-proyectos-mineros-tia-maria-y-la-tapada-de-southern-copper-corporation\/"},"author":{"name":"Tupaq","@id":"https:\/\/pulso27.com\/en\/#\/schema\/person\/d20fd7f5bc7f2e53fd150d43fca07a78"},"headline":"Agricultores del Valle de Tambo ratifican huelga indefinida contra proyectos mineros T\u00eda Mar\u00eda y La Tapada de Southern Copper Corporation","datePublished":"2025-02-11T03:29:26+00:00","dateModified":"2025-02-11T03:29:31+00:00","mainEntityOfPage":{"@id":"https:\/\/pulso27.com\/actualidad\/agricultores-del-valle-de-tambo-ratifican-huelga-indefinida-contra-proyectos-mineros-tia-maria-y-la-tapada-de-southern-copper-corporation\/"},"wordCount":231,"commentCount":0,"publisher":{"@id":"https:\/\/pulso27.com\/en\/#organization"},"image":{"@id":"https:\/\/pulso27.com\/actualidad\/agricultores-del-valle-de-tambo-ratifican-huelga-indefinida-contra-proyectos-mineros-tia-maria-y-la-tapada-de-southern-copper-corporation\/#primaryimage"},"thumbnailUrl":"https:\/\/pulso27.com\/wp-content\/uploads\/2025\/02\/Tia-Marria.png","keywords":["Arequipa","ProyectoMineroT\u00edaMar\u00eda","SouthernCopperCorporation","ValleDelTambo"],"articleSection":["Actualidad","Agricultura","Ambiente","Regional","Tendencia"],"inLanguage":"en-US","potentialAction":[{"@type":"CommentAction","name":"Comment","target":["https:\/\/pulso27.com\/actualidad\/agricultores-del-valle-de-tambo-ratifican-huelga-indefinida-contra-proyectos-mineros-tia-maria-y-la-tapada-de-southern-copper-corporation\/#respond"]}]},{"@type":"WebPage","@id":"https:\/\/pulso27.com\/actualidad\/agricultores-del-valle-de-tambo-ratifican-huelga-indefinida-contra-proyectos-mineros-tia-maria-y-la-tapada-de-southern-copper-corporation\/","url":"https:\/\/pulso27.com\/actualidad\/agricultores-del-valle-de-tambo-ratifican-huelga-indefinida-contra-proyectos-mineros-tia-maria-y-la-tapada-de-southern-copper-corporation\/","name":"Agricultores del Valle de Tambo ratifican huelga indefinida contra proyectos mineros T\u00eda Mar\u00eda y La Tapada de Southern Copper Corporation - Pulso27","isPartOf":{"@id":"https:\/\/pulso27.com\/en\/#website"},"primaryImageOfPage":{"@id":"https:\/\/pulso27.com\/actualidad\/agricultores-del-valle-de-tambo-ratifican-huelga-indefinida-contra-proyectos-mineros-tia-maria-y-la-tapada-de-southern-copper-corporation\/#primaryimage"},"image":{"@id":"https:\/\/pulso27.com\/actualidad\/agricultores-del-valle-de-tambo-ratifican-huelga-indefinida-contra-proyectos-mineros-tia-maria-y-la-tapada-de-southern-copper-corporation\/#primaryimage"},"thumbnailUrl":"https:\/\/pulso27.com\/wp-content\/uploads\/2025\/02\/Tia-Marria.png","datePublished":"2025-02-11T03:29:26+00:00","dateModified":"2025-02-11T03:29:31+00:00","breadcrumb":{"@id":"https:\/\/pulso27.com\/actualidad\/agricultores-del-valle-de-tambo-ratifican-huelga-indefinida-contra-proyectos-mineros-tia-maria-y-la-tapada-de-southern-copper-corporation\/#breadcrumb"},"inLanguage":"en-US","potentialAction":[{"@type":"ReadAction","target":["https:\/\/pulso27.com\/actualidad\/agricultores-del-valle-de-tambo-ratifican-huelga-indefinida-contra-proyectos-mineros-tia-maria-y-la-tapada-de-southern-copper-corporation\/"]}]},{"@type":"ImageObject","inLanguage":"en-US","@id":"https:\/\/pulso27.com\/actualidad\/agricultores-del-valle-de-tambo-ratifican-huelga-indefinida-contra-proyectos-mineros-tia-maria-y-la-tapada-de-southern-copper-corporation\/#primaryimage","url":"https:\/\/pulso27.com\/wp-content\/uploads\/2025\/02\/Tia-Marria.png","contentUrl":"https:\/\/pulso27.com\/wp-content\/uploads\/2025\/02\/Tia-Marria.png","width":1200,"height":800},{"@type":"BreadcrumbList","@id":"https:\/\/pulso27.com\/actualidad\/agricultores-del-valle-de-tambo-ratifican-huelga-indefinida-contra-proyectos-mineros-tia-maria-y-la-tapada-de-southern-copper-corporation\/#breadcrumb","itemListElement":[{"@type":"ListItem","position":1,"name":"Portada","item":"https:\/\/pulso27.com\/"},{"@type":"ListItem","position":2,"name":"Agricultores del Valle de Tambo ratifican huelga indefinida contra proyectos mineros T\u00eda Mar\u00eda y La Tapada de Southern Copper Corporation"}]},{"@type":"WebSite","@id":"https:\/\/pulso27.com\/en\/#website","url":"https:\/\/pulso27.com\/en\/","name":"Pulso27","description":"Web de noticias y publicidad","publisher":{"@id":"https:\/\/pulso27.com\/en\/#organization"},"alternateName":"El pulso del pueblo","potentialAction":[{"@type":"SearchAction","target":{"@type":"EntryPoint","urlTemplate":"https:\/\/pulso27.com\/en\/?s={search_term_string}"},"query-input":{"@type":"PropertyValueSpecification","valueRequired":true,"valueName":"search_term_string"}}],"inLanguage":"en-US"},{"@type":"Organization","@id":"https:\/\/pulso27.com\/en\/#organization","name":"Pulso27","url":"https:\/\/pulso27.com\/en\/","logo":{"@type":"ImageObject","inLanguage":"en-US","@id":"https:\/\/pulso27.com\/en\/#\/schema\/logo\/image\/","url":"https:\/\/pulso27.com\/wp-content\/uploads\/2026\/02\/Logotipo-de-la-organizacion-696-x-696-px-ok.png","contentUrl":"https:\/\/pulso27.com\/wp-content\/uploads\/2026\/02\/Logotipo-de-la-organizacion-696-x-696-px-ok.png","width":696,"height":696,"caption":"Pulso27"},"image":{"@id":"https:\/\/pulso27.com\/en\/#\/schema\/logo\/image\/"},"sameAs":["https:\/\/www.facebook.com\/pulso27\/","https:\/\/x.com\/Pulso_27","https:\/\/www.youtube.com\/@Pulso27","https:\/\/www.tiktok.com\/@pulso_27"]},{"@type":"Person","@id":"https:\/\/pulso27.com\/en\/#\/schema\/person\/d20fd7f5bc7f2e53fd150d43fca07a78","name":"Tupaq","image":{"@type":"ImageObject","inLanguage":"en-US","@id":"https:\/\/secure.gravatar.com\/avatar\/7929e9b034aeea560319a601e4f04c59eb5f45a79eafe192adabb67e9604e7e7?s=96&d=mm&r=g","url":"https:\/\/secure.gravatar.com\/avatar\/7929e9b034aeea560319a601e4f04c59eb5f45a79eafe192adabb67e9604e7e7?s=96&d=mm&r=g","contentUrl":"https:\/\/secure.gravatar.com\/avatar\/7929e9b034aeea560319a601e4f04c59eb5f45a79eafe192adabb67e9604e7e7?s=96&d=mm&r=g","caption":"Tupaq"},"url":"https:\/\/pulso27.com\/en\/author\/tupaq\/"}]}},"amp_enabled":true,"_links":{"self":[{"href":"https:\/\/pulso27.com\/en\/wp-json\/wp\/v2\/posts\/4035","targetHints":{"allow":["GET"]}}],"collection":[{"href":"https:\/\/pulso27.com\/en\/wp-json\/wp\/v2\/posts"}],"about":[{"href":"https:\/\/pulso27.com\/en\/wp-json\/wp\/v2\/types\/post"}],"author":[{"embeddable":true,"href":"https:\/\/pulso27.com\/en\/wp-json\/wp\/v2\/users\/7"}],"replies":[{"embeddable":true,"href":"https:\/\/pulso27.com\/en\/wp-json\/wp\/v2\/comments?post=4035"}],"version-history":[{"count":1,"href":"https:\/\/pulso27.com\/en\/wp-json\/wp\/v2\/posts\/4035\/revisions"}],"predecessor-version":[{"id":4039,"href":"https:\/\/pulso27.com\/en\/wp-json\/wp\/v2\/posts\/4035\/revisions\/4039"}],"wp:featuredmedia":[{"embeddable":true,"href":"https:\/\/pulso27.com\/en\/wp-json\/wp\/v2\/media\/4038"}],"wp:attachment":[{"href":"https:\/\/pulso27.com\/en\/wp-json\/wp\/v2\/media?parent=4035"}],"wp:term":[{"taxonomy":"category","embeddable":true,"href":"https:\/\/pulso27.com\/en\/wp-json\/wp\/v2\/categories?post=4035"},{"taxonomy":"post_tag","embeddable":true,"href":"https:\/\/pulso27.com\/en\/wp-json\/wp\/v2\/tags?post=4035"}],"curies":[{"name":"wp","href":"https:\/\/api.w.org\/{rel}","templated":true}]}}