{"id":4158,"date":"2025-02-19T03:00:39","date_gmt":"2025-02-18T22:00:39","guid":{"rendered":"https:\/\/pulso27.com\/?p=4158"},"modified":"2025-02-19T03:00:43","modified_gmt":"2025-02-18T22:00:43","slug":"decision-judicial-historica-a-favor-de-la-comunidad-campesina-tupac-amaru-ii-de-canaris","status":"publish","type":"post","link":"https:\/\/pulso27.com\/en\/cultura\/decision-judicial-historica-a-favor-de-la-comunidad-campesina-tupac-amaru-ii-de-canaris\/","title":{"rendered":"Decisi\u00f3n judicial hist\u00f3rica a favor de la comunidad campesina T\u00fapac Amaru II de Ca\u00f1aris"},"content":{"rendered":"<p>La Sala Mixta Vacacional de Lambayeque ha emitido un fallo trascendental al declarar nula la sentencia del Segundo Juzgado Constitucional de Chiclayo, que hab\u00eda declarado improcedente la demanda de acci\u00f3n de amparo presentada por la Comunidad Campesina T\u00fapac Amaru II de Ca\u00f1aris.<\/p>\n\n\n\n<p>Con dos votos a favor y uno en contra, los magistrados superiores reconocieron la validez del reclamo de la comunidad sobre la restituci\u00f3n de 32 mil hect\u00e1reas de su territorio ancestral, las cuales les fueron arrebatadas mediante la Resoluci\u00f3n Ejecutiva Regional N\u00b0 254-2017-GR.LAMB\/PR.<\/p>\n\n\n\n<p>Cabe recordar que la Comunidad Campesina T\u00fapac Amaru II fue legalmente constituida el 22 de junio de 1987, mediante la Resoluci\u00f3n Directoral N\u00b0 363-87-AG\/DRIII-Lambayeque, con sede en el Centro Poblado de Chi\u00f1ama, en Ferre\u00f1afe. Sus tierras fueron debidamente inscritas en los Registros P\u00fablicos con la Partida N\u00b0 02291669.<\/p>\n\n\n\n<p>En esta decisi\u00f3n, los magistrados Marco Antonio P\u00e9rez Ram\u00edrez y V\u00edctor Bonifaz L\u00f3pez votaron a favor de la restituci\u00f3n de los derechos territoriales, mientras que la jueza Cecilia Tutaya Gonz\u00e1les se pronunci\u00f3 en contra. Como consecuencia de este fallo, el Segundo Juzgado Constitucional deber\u00e1 emitir una nueva sentencia.<\/p>\n\n\n\n<figure class=\"wp-block-image size-full is-resized\"><img loading=\"lazy\" decoding=\"async\" width=\"720\" height=\"479\" src=\"https:\/\/pulso27.com\/wp-content\/uploads\/2025\/02\/image-57.png\" alt=\"\" class=\"wp-image-4160\" style=\"width:740px;height:auto\" srcset=\"https:\/\/pulso27.com\/wp-content\/uploads\/2025\/02\/image-57.png 720w, https:\/\/pulso27.com\/wp-content\/uploads\/2025\/02\/image-57-300x200.png 300w, https:\/\/pulso27.com\/wp-content\/uploads\/2025\/02\/image-57-18x12.png 18w\" sizes=\"auto, (max-width: 720px) 100vw, 720px\" \/><figcaption class=\"wp-element-caption\"><em>La comunidad, liderada por su presidente Juan de la Cruz C\u00e9spedes, se mantuvo firme hasta la decisi\u00f3n final de los jueces<\/em><\/figcaption><\/figure>\n\n\n\n<p>Esta resoluci\u00f3n representa un avance significativo en la lucha de la comunidad por recuperar sus tierras ancestrales y establece un precedente importante en la defensa de los derechos territoriales de las comunidades campesinas en el Per\u00fa. La decisi\u00f3n judicial no solo reconoce la legitimidad de los reclamos de la Comunidad T\u00fapac Amaru II, sino que tambi\u00e9n cuestiona la controvertida resoluci\u00f3n del 2017 que buscaba despojarlos de su territorio.<\/p>\n\n\n\n<p>La comunidad, liderada por su presidente Juan de la Cruz C\u00e9spedes, ha mantenido una lucha constante por la defensa de sus derechos colectivos y su identidad cultural. Este fallo demuestra que la unidad y la perseverancia pueden conducir a la justicia, reafirmando el valor de la resistencia en la protecci\u00f3n de los derechos ancestrales.<\/p>","protected":false},"excerpt":{"rendered":"<p>La Sala Mixta Vacacional de Lambayeque ha emitido un fallo trascendental al declarar nula la sentencia del Segundo Juzgado Constitucional de Chiclayo, que hab\u00eda declarado improcedente la demanda de acci\u00f3n de amparo presentada por la Comunidad Campesina T\u00fapac Amaru II de Ca\u00f1aris. Con dos votos a favor y uno en contra, los magistrados superiores reconocieron [&hellip;]<\/p>\n","protected":false},"author":7,"featured_media":4159,"comment_status":"open","ping_status":"open","sticky":false,"template":"","format":"standard","meta":{"footnotes":""},"categories":[183,393,810,202],"tags":[2117,2116,2118,702],"class_list":["post-4158","post","type-post","status-publish","format-standard","has-post-thumbnail","hentry","category-actualidad","category-cultura","category-regional","category-sociedad","tag-canaris","tag-chiclayo","tag-comunidadcampesina","tag-justicia"],"yoast_head":"<!-- This site is optimized with the Yoast SEO plugin v27.4 - https:\/\/yoast.com\/product\/yoast-seo-wordpress\/ -->\n<title>Decisi\u00f3n judicial hist\u00f3rica a favor de la comunidad campesina T\u00fapac Amaru II de Ca\u00f1aris - Pulso27<\/title>\n<meta name=\"robots\" content=\"index, follow, max-snippet:-1, max-image-preview:large, max-video-preview:-1\" \/>\n<link rel=\"canonical\" href=\"https:\/\/pulso27.com\/en\/actualidad\/decision-judicial-historica-a-favor-de-la-comunidad-campesina-tupac-amaru-ii-de-canaris\/\" \/>\n<meta property=\"og:locale\" content=\"en_US\" \/>\n<meta property=\"og:type\" content=\"article\" \/>\n<meta property=\"og:title\" content=\"Decisi\u00f3n judicial hist\u00f3rica a favor de la comunidad campesina T\u00fapac Amaru II de Ca\u00f1aris - Pulso27\" \/>\n<meta property=\"og:description\" content=\"La Sala Mixta Vacacional de Lambayeque ha emitido un fallo trascendental al declarar nula la sentencia del Segundo Juzgado Constitucional de Chiclayo, que hab\u00eda declarado improcedente la demanda de acci\u00f3n de amparo presentada por la Comunidad Campesina T\u00fapac Amaru II de Ca\u00f1aris. Con dos votos a favor y uno en contra, los magistrados superiores reconocieron [&hellip;]\" \/>\n<meta property=\"og:url\" content=\"https:\/\/pulso27.com\/en\/actualidad\/decision-judicial-historica-a-favor-de-la-comunidad-campesina-tupac-amaru-ii-de-canaris\/\" \/>\n<meta property=\"og:site_name\" content=\"Pulso27\" \/>\n<meta property=\"article:publisher\" content=\"https:\/\/www.facebook.com\/pulso27\/\" \/>\n<meta property=\"article:published_time\" content=\"2025-02-18T22:00:39+00:00\" \/>\n<meta property=\"article:modified_time\" content=\"2025-02-18T22:00:43+00:00\" \/>\n<meta property=\"og:image\" content=\"https:\/\/pulso27.com\/wp-content\/uploads\/2025\/02\/ComunidadC.png\" \/>\n\t<meta property=\"og:image:width\" content=\"1201\" \/>\n\t<meta property=\"og:image:height\" content=\"800\" \/>\n\t<meta property=\"og:image:type\" content=\"image\/png\" \/>\n<meta name=\"author\" content=\"Tupaq\" \/>\n<meta name=\"twitter:card\" content=\"summary_large_image\" \/>\n<meta name=\"twitter:creator\" content=\"@Pulso_27\" \/>\n<meta name=\"twitter:site\" content=\"@Pulso_27\" \/>\n<meta name=\"twitter:label1\" content=\"Written by\" \/>\n\t<meta name=\"twitter:data1\" content=\"Tupaq\" \/>\n\t<meta name=\"twitter:label2\" content=\"Est. reading time\" \/>\n\t<meta name=\"twitter:data2\" content=\"2 minutes\" \/>\n<script type=\"application\/ld+json\" class=\"yoast-schema-graph\">{\"@context\":\"https:\\\/\\\/schema.org\",\"@graph\":[{\"@type\":\"Article\",\"@id\":\"https:\\\/\\\/pulso27.com\\\/actualidad\\\/decision-judicial-historica-a-favor-de-la-comunidad-campesina-tupac-amaru-ii-de-canaris\\\/#article\",\"isPartOf\":{\"@id\":\"https:\\\/\\\/pulso27.com\\\/actualidad\\\/decision-judicial-historica-a-favor-de-la-comunidad-campesina-tupac-amaru-ii-de-canaris\\\/\"},\"author\":{\"name\":\"Tupaq\",\"@id\":\"https:\\\/\\\/pulso27.com\\\/en\\\/#\\\/schema\\\/person\\\/d20fd7f5bc7f2e53fd150d43fca07a78\"},\"headline\":\"Decisi\u00f3n judicial hist\u00f3rica a favor de la comunidad campesina T\u00fapac Amaru II de Ca\u00f1aris\",\"datePublished\":\"2025-02-18T22:00:39+00:00\",\"dateModified\":\"2025-02-18T22:00:43+00:00\",\"mainEntityOfPage\":{\"@id\":\"https:\\\/\\\/pulso27.com\\\/actualidad\\\/decision-judicial-historica-a-favor-de-la-comunidad-campesina-tupac-amaru-ii-de-canaris\\\/\"},\"wordCount\":370,\"commentCount\":0,\"publisher\":{\"@id\":\"https:\\\/\\\/pulso27.com\\\/en\\\/#organization\"},\"image\":{\"@id\":\"https:\\\/\\\/pulso27.com\\\/actualidad\\\/decision-judicial-historica-a-favor-de-la-comunidad-campesina-tupac-amaru-ii-de-canaris\\\/#primaryimage\"},\"thumbnailUrl\":\"https:\\\/\\\/pulso27.com\\\/wp-content\\\/uploads\\\/2025\\\/02\\\/ComunidadC.png\",\"keywords\":[\"Ca\u00f1aris\",\"Chiclayo\",\"ComunidadCampesina\",\"Justicia\"],\"articleSection\":[\"Actualidad\",\"Cultura\",\"Regional\",\"Sociedad\"],\"inLanguage\":\"en-US\",\"potentialAction\":[{\"@type\":\"CommentAction\",\"name\":\"Comment\",\"target\":[\"https:\\\/\\\/pulso27.com\\\/actualidad\\\/decision-judicial-historica-a-favor-de-la-comunidad-campesina-tupac-amaru-ii-de-canaris\\\/#respond\"]}]},{\"@type\":\"WebPage\",\"@id\":\"https:\\\/\\\/pulso27.com\\\/actualidad\\\/decision-judicial-historica-a-favor-de-la-comunidad-campesina-tupac-amaru-ii-de-canaris\\\/\",\"url\":\"https:\\\/\\\/pulso27.com\\\/actualidad\\\/decision-judicial-historica-a-favor-de-la-comunidad-campesina-tupac-amaru-ii-de-canaris\\\/\",\"name\":\"Decisi\u00f3n judicial hist\u00f3rica a favor de la comunidad campesina T\u00fapac Amaru II de Ca\u00f1aris - Pulso27\",\"isPartOf\":{\"@id\":\"https:\\\/\\\/pulso27.com\\\/en\\\/#website\"},\"primaryImageOfPage\":{\"@id\":\"https:\\\/\\\/pulso27.com\\\/actualidad\\\/decision-judicial-historica-a-favor-de-la-comunidad-campesina-tupac-amaru-ii-de-canaris\\\/#primaryimage\"},\"image\":{\"@id\":\"https:\\\/\\\/pulso27.com\\\/actualidad\\\/decision-judicial-historica-a-favor-de-la-comunidad-campesina-tupac-amaru-ii-de-canaris\\\/#primaryimage\"},\"thumbnailUrl\":\"https:\\\/\\\/pulso27.com\\\/wp-content\\\/uploads\\\/2025\\\/02\\\/ComunidadC.png\",\"datePublished\":\"2025-02-18T22:00:39+00:00\",\"dateModified\":\"2025-02-18T22:00:43+00:00\",\"breadcrumb\":{\"@id\":\"https:\\\/\\\/pulso27.com\\\/actualidad\\\/decision-judicial-historica-a-favor-de-la-comunidad-campesina-tupac-amaru-ii-de-canaris\\\/#breadcrumb\"},\"inLanguage\":\"en-US\",\"potentialAction\":[{\"@type\":\"ReadAction\",\"target\":[\"https:\\\/\\\/pulso27.com\\\/actualidad\\\/decision-judicial-historica-a-favor-de-la-comunidad-campesina-tupac-amaru-ii-de-canaris\\\/\"]}]},{\"@type\":\"ImageObject\",\"inLanguage\":\"en-US\",\"@id\":\"https:\\\/\\\/pulso27.com\\\/actualidad\\\/decision-judicial-historica-a-favor-de-la-comunidad-campesina-tupac-amaru-ii-de-canaris\\\/#primaryimage\",\"url\":\"https:\\\/\\\/pulso27.com\\\/wp-content\\\/uploads\\\/2025\\\/02\\\/ComunidadC.png\",\"contentUrl\":\"https:\\\/\\\/pulso27.com\\\/wp-content\\\/uploads\\\/2025\\\/02\\\/ComunidadC.png\",\"width\":1201,\"height\":800},{\"@type\":\"BreadcrumbList\",\"@id\":\"https:\\\/\\\/pulso27.com\\\/actualidad\\\/decision-judicial-historica-a-favor-de-la-comunidad-campesina-tupac-amaru-ii-de-canaris\\\/#breadcrumb\",\"itemListElement\":[{\"@type\":\"ListItem\",\"position\":1,\"name\":\"Portada\",\"item\":\"https:\\\/\\\/pulso27.com\\\/\"},{\"@type\":\"ListItem\",\"position\":2,\"name\":\"Decisi\u00f3n judicial hist\u00f3rica a favor de la comunidad campesina T\u00fapac Amaru II de Ca\u00f1aris\"}]},{\"@type\":\"WebSite\",\"@id\":\"https:\\\/\\\/pulso27.com\\\/en\\\/#website\",\"url\":\"https:\\\/\\\/pulso27.com\\\/en\\\/\",\"name\":\"Pulso27\",\"description\":\"Web de noticias y publicidad\",\"publisher\":{\"@id\":\"https:\\\/\\\/pulso27.com\\\/en\\\/#organization\"},\"alternateName\":\"El pulso del pueblo\",\"potentialAction\":[{\"@type\":\"SearchAction\",\"target\":{\"@type\":\"EntryPoint\",\"urlTemplate\":\"https:\\\/\\\/pulso27.com\\\/en\\\/?s={search_term_string}\"},\"query-input\":{\"@type\":\"PropertyValueSpecification\",\"valueRequired\":true,\"valueName\":\"search_term_string\"}}],\"inLanguage\":\"en-US\"},{\"@type\":\"Organization\",\"@id\":\"https:\\\/\\\/pulso27.com\\\/en\\\/#organization\",\"name\":\"Pulso27\",\"url\":\"https:\\\/\\\/pulso27.com\\\/en\\\/\",\"logo\":{\"@type\":\"ImageObject\",\"inLanguage\":\"en-US\",\"@id\":\"https:\\\/\\\/pulso27.com\\\/en\\\/#\\\/schema\\\/logo\\\/image\\\/\",\"url\":\"https:\\\/\\\/pulso27.com\\\/wp-content\\\/uploads\\\/2026\\\/02\\\/Logotipo-de-la-organizacion-696-x-696-px-ok.png\",\"contentUrl\":\"https:\\\/\\\/pulso27.com\\\/wp-content\\\/uploads\\\/2026\\\/02\\\/Logotipo-de-la-organizacion-696-x-696-px-ok.png\",\"width\":696,\"height\":696,\"caption\":\"Pulso27\"},\"image\":{\"@id\":\"https:\\\/\\\/pulso27.com\\\/en\\\/#\\\/schema\\\/logo\\\/image\\\/\"},\"sameAs\":[\"https:\\\/\\\/www.facebook.com\\\/pulso27\\\/\",\"https:\\\/\\\/x.com\\\/Pulso_27\",\"https:\\\/\\\/www.youtube.com\\\/@Pulso27\",\"https:\\\/\\\/www.tiktok.com\\\/@pulso_27\"]},{\"@type\":\"Person\",\"@id\":\"https:\\\/\\\/pulso27.com\\\/en\\\/#\\\/schema\\\/person\\\/d20fd7f5bc7f2e53fd150d43fca07a78\",\"name\":\"Tupaq\",\"image\":{\"@type\":\"ImageObject\",\"inLanguage\":\"en-US\",\"@id\":\"https:\\\/\\\/secure.gravatar.com\\\/avatar\\\/7929e9b034aeea560319a601e4f04c59eb5f45a79eafe192adabb67e9604e7e7?s=96&d=mm&r=g\",\"url\":\"https:\\\/\\\/secure.gravatar.com\\\/avatar\\\/7929e9b034aeea560319a601e4f04c59eb5f45a79eafe192adabb67e9604e7e7?s=96&d=mm&r=g\",\"contentUrl\":\"https:\\\/\\\/secure.gravatar.com\\\/avatar\\\/7929e9b034aeea560319a601e4f04c59eb5f45a79eafe192adabb67e9604e7e7?s=96&d=mm&r=g\",\"caption\":\"Tupaq\"},\"url\":\"https:\\\/\\\/pulso27.com\\\/en\\\/author\\\/tupaq\\\/\"}]}<\/script>\n<!-- \/ Yoast SEO plugin. -->","yoast_head_json":{"title":"Decisi\u00f3n judicial hist\u00f3rica a favor de la comunidad campesina T\u00fapac Amaru II de Ca\u00f1aris - Pulso27","robots":{"index":"index","follow":"follow","max-snippet":"max-snippet:-1","max-image-preview":"max-image-preview:large","max-video-preview":"max-video-preview:-1"},"canonical":"https:\/\/pulso27.com\/en\/actualidad\/decision-judicial-historica-a-favor-de-la-comunidad-campesina-tupac-amaru-ii-de-canaris\/","og_locale":"en_US","og_type":"article","og_title":"Decisi\u00f3n judicial hist\u00f3rica a favor de la comunidad campesina T\u00fapac Amaru II de Ca\u00f1aris - Pulso27","og_description":"La Sala Mixta Vacacional de Lambayeque ha emitido un fallo trascendental al declarar nula la sentencia del Segundo Juzgado Constitucional de Chiclayo, que hab\u00eda declarado improcedente la demanda de acci\u00f3n de amparo presentada por la Comunidad Campesina T\u00fapac Amaru II de Ca\u00f1aris. Con dos votos a favor y uno en contra, los magistrados superiores reconocieron [&hellip;]","og_url":"https:\/\/pulso27.com\/en\/actualidad\/decision-judicial-historica-a-favor-de-la-comunidad-campesina-tupac-amaru-ii-de-canaris\/","og_site_name":"Pulso27","article_publisher":"https:\/\/www.facebook.com\/pulso27\/","article_published_time":"2025-02-18T22:00:39+00:00","article_modified_time":"2025-02-18T22:00:43+00:00","og_image":[{"width":1201,"height":800,"url":"https:\/\/pulso27.com\/wp-content\/uploads\/2025\/02\/ComunidadC.png","type":"image\/png"}],"author":"Tupaq","twitter_card":"summary_large_image","twitter_creator":"@Pulso_27","twitter_site":"@Pulso_27","twitter_misc":{"Written by":"Tupaq","Est. reading time":"2 minutes"},"schema":{"@context":"https:\/\/schema.org","@graph":[{"@type":"Article","@id":"https:\/\/pulso27.com\/actualidad\/decision-judicial-historica-a-favor-de-la-comunidad-campesina-tupac-amaru-ii-de-canaris\/#article","isPartOf":{"@id":"https:\/\/pulso27.com\/actualidad\/decision-judicial-historica-a-favor-de-la-comunidad-campesina-tupac-amaru-ii-de-canaris\/"},"author":{"name":"Tupaq","@id":"https:\/\/pulso27.com\/en\/#\/schema\/person\/d20fd7f5bc7f2e53fd150d43fca07a78"},"headline":"Decisi\u00f3n judicial hist\u00f3rica a favor de la comunidad campesina T\u00fapac Amaru II de Ca\u00f1aris","datePublished":"2025-02-18T22:00:39+00:00","dateModified":"2025-02-18T22:00:43+00:00","mainEntityOfPage":{"@id":"https:\/\/pulso27.com\/actualidad\/decision-judicial-historica-a-favor-de-la-comunidad-campesina-tupac-amaru-ii-de-canaris\/"},"wordCount":370,"commentCount":0,"publisher":{"@id":"https:\/\/pulso27.com\/en\/#organization"},"image":{"@id":"https:\/\/pulso27.com\/actualidad\/decision-judicial-historica-a-favor-de-la-comunidad-campesina-tupac-amaru-ii-de-canaris\/#primaryimage"},"thumbnailUrl":"https:\/\/pulso27.com\/wp-content\/uploads\/2025\/02\/ComunidadC.png","keywords":["Ca\u00f1aris","Chiclayo","ComunidadCampesina","Justicia"],"articleSection":["Actualidad","Cultura","Regional","Sociedad"],"inLanguage":"en-US","potentialAction":[{"@type":"CommentAction","name":"Comment","target":["https:\/\/pulso27.com\/actualidad\/decision-judicial-historica-a-favor-de-la-comunidad-campesina-tupac-amaru-ii-de-canaris\/#respond"]}]},{"@type":"WebPage","@id":"https:\/\/pulso27.com\/actualidad\/decision-judicial-historica-a-favor-de-la-comunidad-campesina-tupac-amaru-ii-de-canaris\/","url":"https:\/\/pulso27.com\/actualidad\/decision-judicial-historica-a-favor-de-la-comunidad-campesina-tupac-amaru-ii-de-canaris\/","name":"Decisi\u00f3n judicial hist\u00f3rica a favor de la comunidad campesina T\u00fapac Amaru II de Ca\u00f1aris - Pulso27","isPartOf":{"@id":"https:\/\/pulso27.com\/en\/#website"},"primaryImageOfPage":{"@id":"https:\/\/pulso27.com\/actualidad\/decision-judicial-historica-a-favor-de-la-comunidad-campesina-tupac-amaru-ii-de-canaris\/#primaryimage"},"image":{"@id":"https:\/\/pulso27.com\/actualidad\/decision-judicial-historica-a-favor-de-la-comunidad-campesina-tupac-amaru-ii-de-canaris\/#primaryimage"},"thumbnailUrl":"https:\/\/pulso27.com\/wp-content\/uploads\/2025\/02\/ComunidadC.png","datePublished":"2025-02-18T22:00:39+00:00","dateModified":"2025-02-18T22:00:43+00:00","breadcrumb":{"@id":"https:\/\/pulso27.com\/actualidad\/decision-judicial-historica-a-favor-de-la-comunidad-campesina-tupac-amaru-ii-de-canaris\/#breadcrumb"},"inLanguage":"en-US","potentialAction":[{"@type":"ReadAction","target":["https:\/\/pulso27.com\/actualidad\/decision-judicial-historica-a-favor-de-la-comunidad-campesina-tupac-amaru-ii-de-canaris\/"]}]},{"@type":"ImageObject","inLanguage":"en-US","@id":"https:\/\/pulso27.com\/actualidad\/decision-judicial-historica-a-favor-de-la-comunidad-campesina-tupac-amaru-ii-de-canaris\/#primaryimage","url":"https:\/\/pulso27.com\/wp-content\/uploads\/2025\/02\/ComunidadC.png","contentUrl":"https:\/\/pulso27.com\/wp-content\/uploads\/2025\/02\/ComunidadC.png","width":1201,"height":800},{"@type":"BreadcrumbList","@id":"https:\/\/pulso27.com\/actualidad\/decision-judicial-historica-a-favor-de-la-comunidad-campesina-tupac-amaru-ii-de-canaris\/#breadcrumb","itemListElement":[{"@type":"ListItem","position":1,"name":"Portada","item":"https:\/\/pulso27.com\/"},{"@type":"ListItem","position":2,"name":"Decisi\u00f3n judicial hist\u00f3rica a favor de la comunidad campesina T\u00fapac Amaru II de Ca\u00f1aris"}]},{"@type":"WebSite","@id":"https:\/\/pulso27.com\/en\/#website","url":"https:\/\/pulso27.com\/en\/","name":"Pulso27","description":"Web de noticias y publicidad","publisher":{"@id":"https:\/\/pulso27.com\/en\/#organization"},"alternateName":"El pulso del pueblo","potentialAction":[{"@type":"SearchAction","target":{"@type":"EntryPoint","urlTemplate":"https:\/\/pulso27.com\/en\/?s={search_term_string}"},"query-input":{"@type":"PropertyValueSpecification","valueRequired":true,"valueName":"search_term_string"}}],"inLanguage":"en-US"},{"@type":"Organization","@id":"https:\/\/pulso27.com\/en\/#organization","name":"Pulso27","url":"https:\/\/pulso27.com\/en\/","logo":{"@type":"ImageObject","inLanguage":"en-US","@id":"https:\/\/pulso27.com\/en\/#\/schema\/logo\/image\/","url":"https:\/\/pulso27.com\/wp-content\/uploads\/2026\/02\/Logotipo-de-la-organizacion-696-x-696-px-ok.png","contentUrl":"https:\/\/pulso27.com\/wp-content\/uploads\/2026\/02\/Logotipo-de-la-organizacion-696-x-696-px-ok.png","width":696,"height":696,"caption":"Pulso27"},"image":{"@id":"https:\/\/pulso27.com\/en\/#\/schema\/logo\/image\/"},"sameAs":["https:\/\/www.facebook.com\/pulso27\/","https:\/\/x.com\/Pulso_27","https:\/\/www.youtube.com\/@Pulso27","https:\/\/www.tiktok.com\/@pulso_27"]},{"@type":"Person","@id":"https:\/\/pulso27.com\/en\/#\/schema\/person\/d20fd7f5bc7f2e53fd150d43fca07a78","name":"Tupaq","image":{"@type":"ImageObject","inLanguage":"en-US","@id":"https:\/\/secure.gravatar.com\/avatar\/7929e9b034aeea560319a601e4f04c59eb5f45a79eafe192adabb67e9604e7e7?s=96&d=mm&r=g","url":"https:\/\/secure.gravatar.com\/avatar\/7929e9b034aeea560319a601e4f04c59eb5f45a79eafe192adabb67e9604e7e7?s=96&d=mm&r=g","contentUrl":"https:\/\/secure.gravatar.com\/avatar\/7929e9b034aeea560319a601e4f04c59eb5f45a79eafe192adabb67e9604e7e7?s=96&d=mm&r=g","caption":"Tupaq"},"url":"https:\/\/pulso27.com\/en\/author\/tupaq\/"}]}},"amp_enabled":true,"_links":{"self":[{"href":"https:\/\/pulso27.com\/en\/wp-json\/wp\/v2\/posts\/4158","targetHints":{"allow":["GET"]}}],"collection":[{"href":"https:\/\/pulso27.com\/en\/wp-json\/wp\/v2\/posts"}],"about":[{"href":"https:\/\/pulso27.com\/en\/wp-json\/wp\/v2\/types\/post"}],"author":[{"embeddable":true,"href":"https:\/\/pulso27.com\/en\/wp-json\/wp\/v2\/users\/7"}],"replies":[{"embeddable":true,"href":"https:\/\/pulso27.com\/en\/wp-json\/wp\/v2\/comments?post=4158"}],"version-history":[{"count":1,"href":"https:\/\/pulso27.com\/en\/wp-json\/wp\/v2\/posts\/4158\/revisions"}],"predecessor-version":[{"id":4161,"href":"https:\/\/pulso27.com\/en\/wp-json\/wp\/v2\/posts\/4158\/revisions\/4161"}],"wp:featuredmedia":[{"embeddable":true,"href":"https:\/\/pulso27.com\/en\/wp-json\/wp\/v2\/media\/4159"}],"wp:attachment":[{"href":"https:\/\/pulso27.com\/en\/wp-json\/wp\/v2\/media?parent=4158"}],"wp:term":[{"taxonomy":"category","embeddable":true,"href":"https:\/\/pulso27.com\/en\/wp-json\/wp\/v2\/categories?post=4158"},{"taxonomy":"post_tag","embeddable":true,"href":"https:\/\/pulso27.com\/en\/wp-json\/wp\/v2\/tags?post=4158"}],"curies":[{"name":"wp","href":"https:\/\/api.w.org\/{rel}","templated":true}]}}