{"id":4216,"date":"2025-02-23T11:10:24","date_gmt":"2025-02-23T06:10:24","guid":{"rendered":"https:\/\/pulso27.com\/?p=4216"},"modified":"2025-02-23T11:10:28","modified_gmt":"2025-02-23T06:10:28","slug":"fuerza-popular-y-aliados-del-congreso-limitaron-la-clausura-de-centros-comerciales-en-riesgo-poniendo-en-peligro-a-los-peruanos","status":"publish","type":"post","link":"https:\/\/pulso27.com\/en\/actualidad\/economia\/fuerza-popular-y-aliados-del-congreso-limitaron-la-clausura-de-centros-comerciales-en-riesgo-poniendo-en-peligro-a-los-peruanos\/","title":{"rendered":"Fuerza Popular y aliados del Congreso limitaron la clausura de centros comerciales en riesgo poniendo en peligro a los peruanos"},"content":{"rendered":"<p>En octubre de 2023, el Congreso peruano aprob\u00f3 la Ley N\u00b0 31914, una normativa que meses despu\u00e9s revelar\u00eda su impacto negativo en la seguridad p\u00fablica. Impulsada por Fuerza Popular y respaldada por una coalici\u00f3n multipartidaria que incluy\u00f3 a Per\u00fa Libre, Renovaci\u00f3n Popular, Alianza para el Progreso y Avanza Pa\u00eds, esta ley restringi\u00f3 severamente la capacidad de los gobiernos locales para clausurar centros comerciales, incluso ante riesgos evidentes.<\/p>\n\n\n\n<p>La tragedia del Real Plaza Trujillo, ocurrida el 21 de febrero de 2025, dej\u00f3 al descubierto las consecuencias de priorizar intereses comerciales sobre la seguridad ciudadana. Ocho personas fallecieron y m\u00e1s de 70 resultaron heridas tras el colapso de una estructura en el centro comercial. Este desastre pudo haberse evitado si no fuera por la legislaci\u00f3n que at\u00f3 las manos de las autoridades locales. En diciembre de 2023, el exalcalde de Trujillo, Arturo Fern\u00e1ndez, hab\u00eda intentado clausurar el establecimiento tras detectar riesgos estructurales, pero la nueva ley lo impidi\u00f3.<\/p>\n\n\n\n<figure class=\"wp-block-image size-full is-resized\"><img loading=\"lazy\" decoding=\"async\" width=\"640\" height=\"371\" src=\"https:\/\/pulso27.com\/wp-content\/uploads\/2025\/02\/image-68.png\" alt=\"\" class=\"wp-image-4220\" style=\"width:740px;height:auto\" srcset=\"https:\/\/pulso27.com\/wp-content\/uploads\/2025\/02\/image-68.png 640w, https:\/\/pulso27.com\/wp-content\/uploads\/2025\/02\/image-68-300x174.png 300w, https:\/\/pulso27.com\/wp-content\/uploads\/2025\/02\/image-68-18x10.png 18w\" sizes=\"auto, (max-width: 640px) 100vw, 640px\" \/><figcaption class=\"wp-element-caption\"><em>El 28 de octubre de 2023, el Gobierno de Dina Boluarte promulg\u00f3 la Ley N\u00b0 31914, que limita el cierre de establecimientos comerciales en riesgo<\/em><\/figcaption><\/figure>\n\n\n\n<p>La Ley N\u00b0 31914, promovida inicialmente por Fuerza Popular, estableci\u00f3 que las municipalidades deb\u00edan levantar cualquier clausura en un plazo m\u00e1ximo de 48 horas si el centro comercial presentaba documentaci\u00f3n, independientemente de la gravedad de las deficiencias detectadas. Esta disposici\u00f3n pr\u00e1cticamente anul\u00f3 la capacidad de supervisi\u00f3n de los gobiernos locales, dejando en evidencia un marco legal que privilegi\u00f3 los intereses econ\u00f3micos sobre la vida de las personas.<\/p>\n\n\n\n<p>El congresista Alejandro Cavero, uno de los principales defensores de la ley, argument\u00f3 en su momento que esta buscaba proteger la inversi\u00f3n privada de los \u00abalcaldes populistas\u00bb. Sin embargo, tras la tragedia, intent\u00f3 distanciarse de las consecuencias de la normativa que \u00e9l mismo promovi\u00f3, alegando que su objetivo era proteger a los empresarios de clausuras arbitrarias. No obstante, la realidad demostr\u00f3 que la ley limit\u00f3 la capacidad de las autoridades para actuar ante riesgos inminentes.<\/p>\n\n\n\n<p>La aprobaci\u00f3n de la ley fue el resultado de un intenso lobby liderado por Fuerza Popular. El 10 de mayo de 2023, la bancada fujimorista present\u00f3 el proyecto N\u00b0 4952, que modificaba la Ley 28976 para regular las clausuras de establecimientos. Tras un debate en el Pleno del Congreso, presidido entonces por Alejandro Soto de Alianza para el Progreso, la iniciativa fue aprobada con 85 votos a favor y solo 19 en contra. Finalmente, el 28 de octubre de 2023, el Gobierno de Dina Boluarte promulg\u00f3 la Ley N\u00b0 31914.<\/p>\n\n\n<div class=\"wp-block-image\">\n<figure class=\"alignleft size-full is-resized\"><img loading=\"lazy\" decoding=\"async\" width=\"209\" height=\"371\" src=\"https:\/\/pulso27.com\/wp-content\/uploads\/2025\/02\/image-67-edited.png\" alt=\"\" class=\"wp-image-4219\" style=\"width:548px;height:auto\" srcset=\"https:\/\/pulso27.com\/wp-content\/uploads\/2025\/02\/image-67-edited.png 209w, https:\/\/pulso27.com\/wp-content\/uploads\/2025\/02\/image-67-edited-169x300.png 169w, https:\/\/pulso27.com\/wp-content\/uploads\/2025\/02\/image-67-edited-7x12.png 7w\" sizes=\"auto, (max-width: 209px) 100vw, 209px\" \/><figcaption class=\"wp-element-caption\">El congresista Alejandro Cavero, uno de los principales defensores de la ley, argument\u00f3 en su momento que esta buscaba proteger la inversi\u00f3n privada de los \u00abalcaldes populistas\u00bb.<\/figcaption><\/figure><\/div>\n\n\n<p>Aunque la normativa establec\u00eda que los centros comerciales pod\u00edan ser clausurados en caso de riesgo inminente para la vida, la salud o la seguridad, tambi\u00e9n permit\u00eda que estos reabrieran en 48 horas si presentaban documentaci\u00f3n que \u00absubsanara\u00bb las observaciones. Este mecanismo, en la pr\u00e1ctica, dej\u00f3 sin efecto la capacidad de las municipalidades para garantizar la seguridad p\u00fablica.<\/p>\n\n\n\n<p>La tragedia del Real Plaza Trujillo no solo expuso las fallas estructurales del centro comercial, sino tambi\u00e9n las consecuencias de una legislaci\u00f3n que prioriz\u00f3 intereses econ\u00f3micos sobre la protecci\u00f3n de vidas humanas. La sangre de las v\u00edctimas mancha no solo el concreto colapsado, sino tambi\u00e9n las p\u00e1ginas de una ley que debi\u00f3 proteger a los ciudadanos.<\/p>","protected":false},"excerpt":{"rendered":"<p>En octubre de 2023, el Congreso peruano aprob\u00f3 la Ley N\u00b0 31914, una normativa que meses despu\u00e9s revelar\u00eda su impacto negativo en la seguridad p\u00fablica. Impulsada por Fuerza Popular y respaldada por una coalici\u00f3n multipartidaria que incluy\u00f3 a Per\u00fa Libre, Renovaci\u00f3n Popular, Alianza para el Progreso y Avanza Pa\u00eds, esta ley restringi\u00f3 severamente la capacidad [&hellip;]<\/p>\n","protected":false},"author":7,"featured_media":4217,"comment_status":"open","ping_status":"open","sticky":false,"template":"","format":"standard","meta":{"footnotes":""},"categories":[1844,177,174],"tags":[839,2125,189],"class_list":["post-4216","post","type-post","status-publish","format-standard","has-post-thumbnail","hentry","category-articulos","category-economia","category-nacional","tag-congresoperu","tag-realplaza","tag-trujillo"],"yoast_head":"<!-- This site is optimized with the Yoast SEO plugin v27.4 - https:\/\/yoast.com\/product\/yoast-seo-wordpress\/ -->\n<title>Fuerza Popular y aliados del Congreso limitaron la clausura de centros comerciales en riesgo poniendo en peligro a los peruanos - Pulso27<\/title>\n<meta name=\"robots\" content=\"index, follow, max-snippet:-1, max-image-preview:large, max-video-preview:-1\" \/>\n<link rel=\"canonical\" href=\"https:\/\/pulso27.com\/en\/nacional\/fuerza-popular-y-aliados-del-congreso-limitaron-la-clausura-de-centros-comerciales-en-riesgo-poniendo-en-peligro-a-los-peruanos\/\" \/>\n<meta property=\"og:locale\" content=\"en_US\" \/>\n<meta property=\"og:type\" content=\"article\" \/>\n<meta property=\"og:title\" content=\"Fuerza Popular y aliados del Congreso limitaron la clausura de centros comerciales en riesgo poniendo en peligro a los peruanos - Pulso27\" \/>\n<meta property=\"og:description\" content=\"En octubre de 2023, el Congreso peruano aprob\u00f3 la Ley N\u00b0 31914, una normativa que meses despu\u00e9s revelar\u00eda su impacto negativo en la seguridad p\u00fablica. Impulsada por Fuerza Popular y respaldada por una coalici\u00f3n multipartidaria que incluy\u00f3 a Per\u00fa Libre, Renovaci\u00f3n Popular, Alianza para el Progreso y Avanza Pa\u00eds, esta ley restringi\u00f3 severamente la capacidad [&hellip;]\" \/>\n<meta property=\"og:url\" content=\"https:\/\/pulso27.com\/en\/nacional\/fuerza-popular-y-aliados-del-congreso-limitaron-la-clausura-de-centros-comerciales-en-riesgo-poniendo-en-peligro-a-los-peruanos\/\" \/>\n<meta property=\"og:site_name\" content=\"Pulso27\" \/>\n<meta property=\"article:publisher\" content=\"https:\/\/www.facebook.com\/pulso27\/\" \/>\n<meta property=\"article:published_time\" content=\"2025-02-23T06:10:24+00:00\" \/>\n<meta property=\"article:modified_time\" content=\"2025-02-23T06:10:28+00:00\" \/>\n<meta property=\"og:image\" content=\"https:\/\/pulso27.com\/wp-content\/uploads\/2025\/02\/Congreso.png\" \/>\n\t<meta property=\"og:image:width\" content=\"1200\" \/>\n\t<meta property=\"og:image:height\" content=\"900\" \/>\n\t<meta property=\"og:image:type\" content=\"image\/png\" \/>\n<meta name=\"author\" content=\"Tupaq\" \/>\n<meta name=\"twitter:card\" content=\"summary_large_image\" \/>\n<meta name=\"twitter:creator\" content=\"@Pulso_27\" \/>\n<meta name=\"twitter:site\" content=\"@Pulso_27\" \/>\n<meta name=\"twitter:label1\" content=\"Written by\" \/>\n\t<meta name=\"twitter:data1\" content=\"Tupaq\" \/>\n\t<meta name=\"twitter:label2\" content=\"Est. reading time\" \/>\n\t<meta name=\"twitter:data2\" content=\"4 minutes\" \/>\n<script type=\"application\/ld+json\" class=\"yoast-schema-graph\">{\"@context\":\"https:\\\/\\\/schema.org\",\"@graph\":[{\"@type\":\"NewsArticle\",\"@id\":\"https:\\\/\\\/pulso27.com\\\/nacional\\\/fuerza-popular-y-aliados-del-congreso-limitaron-la-clausura-de-centros-comerciales-en-riesgo-poniendo-en-peligro-a-los-peruanos\\\/#article\",\"isPartOf\":{\"@id\":\"https:\\\/\\\/pulso27.com\\\/nacional\\\/fuerza-popular-y-aliados-del-congreso-limitaron-la-clausura-de-centros-comerciales-en-riesgo-poniendo-en-peligro-a-los-peruanos\\\/\"},\"author\":{\"name\":\"Tupaq\",\"@id\":\"https:\\\/\\\/pulso27.com\\\/en\\\/#\\\/schema\\\/person\\\/d20fd7f5bc7f2e53fd150d43fca07a78\"},\"headline\":\"Fuerza Popular y aliados del Congreso limitaron la clausura de centros comerciales en riesgo poniendo en peligro a los peruanos\",\"datePublished\":\"2025-02-23T06:10:24+00:00\",\"dateModified\":\"2025-02-23T06:10:28+00:00\",\"mainEntityOfPage\":{\"@id\":\"https:\\\/\\\/pulso27.com\\\/nacional\\\/fuerza-popular-y-aliados-del-congreso-limitaron-la-clausura-de-centros-comerciales-en-riesgo-poniendo-en-peligro-a-los-peruanos\\\/\"},\"wordCount\":586,\"commentCount\":0,\"publisher\":{\"@id\":\"https:\\\/\\\/pulso27.com\\\/en\\\/#organization\"},\"image\":{\"@id\":\"https:\\\/\\\/pulso27.com\\\/nacional\\\/fuerza-popular-y-aliados-del-congreso-limitaron-la-clausura-de-centros-comerciales-en-riesgo-poniendo-en-peligro-a-los-peruanos\\\/#primaryimage\"},\"thumbnailUrl\":\"https:\\\/\\\/pulso27.com\\\/wp-content\\\/uploads\\\/2025\\\/02\\\/Congreso.png\",\"keywords\":[\"CongresoPer\u00fa\",\"RealPlaza\",\"Trujillo\"],\"articleSection\":[\"Art\u00edculos\",\"Econom\u00eda\",\"Nacional\"],\"inLanguage\":\"en-US\",\"potentialAction\":[{\"@type\":\"CommentAction\",\"name\":\"Comment\",\"target\":[\"https:\\\/\\\/pulso27.com\\\/nacional\\\/fuerza-popular-y-aliados-del-congreso-limitaron-la-clausura-de-centros-comerciales-en-riesgo-poniendo-en-peligro-a-los-peruanos\\\/#respond\"]}]},{\"@type\":\"WebPage\",\"@id\":\"https:\\\/\\\/pulso27.com\\\/nacional\\\/fuerza-popular-y-aliados-del-congreso-limitaron-la-clausura-de-centros-comerciales-en-riesgo-poniendo-en-peligro-a-los-peruanos\\\/\",\"url\":\"https:\\\/\\\/pulso27.com\\\/nacional\\\/fuerza-popular-y-aliados-del-congreso-limitaron-la-clausura-de-centros-comerciales-en-riesgo-poniendo-en-peligro-a-los-peruanos\\\/\",\"name\":\"Fuerza Popular y aliados del Congreso limitaron la clausura de centros comerciales en riesgo poniendo en peligro a los peruanos - Pulso27\",\"isPartOf\":{\"@id\":\"https:\\\/\\\/pulso27.com\\\/en\\\/#website\"},\"primaryImageOfPage\":{\"@id\":\"https:\\\/\\\/pulso27.com\\\/nacional\\\/fuerza-popular-y-aliados-del-congreso-limitaron-la-clausura-de-centros-comerciales-en-riesgo-poniendo-en-peligro-a-los-peruanos\\\/#primaryimage\"},\"image\":{\"@id\":\"https:\\\/\\\/pulso27.com\\\/nacional\\\/fuerza-popular-y-aliados-del-congreso-limitaron-la-clausura-de-centros-comerciales-en-riesgo-poniendo-en-peligro-a-los-peruanos\\\/#primaryimage\"},\"thumbnailUrl\":\"https:\\\/\\\/pulso27.com\\\/wp-content\\\/uploads\\\/2025\\\/02\\\/Congreso.png\",\"datePublished\":\"2025-02-23T06:10:24+00:00\",\"dateModified\":\"2025-02-23T06:10:28+00:00\",\"breadcrumb\":{\"@id\":\"https:\\\/\\\/pulso27.com\\\/nacional\\\/fuerza-popular-y-aliados-del-congreso-limitaron-la-clausura-de-centros-comerciales-en-riesgo-poniendo-en-peligro-a-los-peruanos\\\/#breadcrumb\"},\"inLanguage\":\"en-US\",\"potentialAction\":[{\"@type\":\"ReadAction\",\"target\":[\"https:\\\/\\\/pulso27.com\\\/nacional\\\/fuerza-popular-y-aliados-del-congreso-limitaron-la-clausura-de-centros-comerciales-en-riesgo-poniendo-en-peligro-a-los-peruanos\\\/\"]}]},{\"@type\":\"ImageObject\",\"inLanguage\":\"en-US\",\"@id\":\"https:\\\/\\\/pulso27.com\\\/nacional\\\/fuerza-popular-y-aliados-del-congreso-limitaron-la-clausura-de-centros-comerciales-en-riesgo-poniendo-en-peligro-a-los-peruanos\\\/#primaryimage\",\"url\":\"https:\\\/\\\/pulso27.com\\\/wp-content\\\/uploads\\\/2025\\\/02\\\/Congreso.png\",\"contentUrl\":\"https:\\\/\\\/pulso27.com\\\/wp-content\\\/uploads\\\/2025\\\/02\\\/Congreso.png\",\"width\":1200,\"height\":900},{\"@type\":\"BreadcrumbList\",\"@id\":\"https:\\\/\\\/pulso27.com\\\/nacional\\\/fuerza-popular-y-aliados-del-congreso-limitaron-la-clausura-de-centros-comerciales-en-riesgo-poniendo-en-peligro-a-los-peruanos\\\/#breadcrumb\",\"itemListElement\":[{\"@type\":\"ListItem\",\"position\":1,\"name\":\"Portada\",\"item\":\"https:\\\/\\\/pulso27.com\\\/\"},{\"@type\":\"ListItem\",\"position\":2,\"name\":\"Fuerza Popular y aliados del Congreso limitaron la clausura de centros comerciales en riesgo poniendo en peligro a los peruanos\"}]},{\"@type\":\"WebSite\",\"@id\":\"https:\\\/\\\/pulso27.com\\\/en\\\/#website\",\"url\":\"https:\\\/\\\/pulso27.com\\\/en\\\/\",\"name\":\"Pulso27\",\"description\":\"Web de noticias y publicidad\",\"publisher\":{\"@id\":\"https:\\\/\\\/pulso27.com\\\/en\\\/#organization\"},\"alternateName\":\"El pulso del pueblo\",\"potentialAction\":[{\"@type\":\"SearchAction\",\"target\":{\"@type\":\"EntryPoint\",\"urlTemplate\":\"https:\\\/\\\/pulso27.com\\\/en\\\/?s={search_term_string}\"},\"query-input\":{\"@type\":\"PropertyValueSpecification\",\"valueRequired\":true,\"valueName\":\"search_term_string\"}}],\"inLanguage\":\"en-US\"},{\"@type\":\"Organization\",\"@id\":\"https:\\\/\\\/pulso27.com\\\/en\\\/#organization\",\"name\":\"Pulso27\",\"url\":\"https:\\\/\\\/pulso27.com\\\/en\\\/\",\"logo\":{\"@type\":\"ImageObject\",\"inLanguage\":\"en-US\",\"@id\":\"https:\\\/\\\/pulso27.com\\\/en\\\/#\\\/schema\\\/logo\\\/image\\\/\",\"url\":\"https:\\\/\\\/pulso27.com\\\/wp-content\\\/uploads\\\/2026\\\/02\\\/Logotipo-de-la-organizacion-696-x-696-px-ok.png\",\"contentUrl\":\"https:\\\/\\\/pulso27.com\\\/wp-content\\\/uploads\\\/2026\\\/02\\\/Logotipo-de-la-organizacion-696-x-696-px-ok.png\",\"width\":696,\"height\":696,\"caption\":\"Pulso27\"},\"image\":{\"@id\":\"https:\\\/\\\/pulso27.com\\\/en\\\/#\\\/schema\\\/logo\\\/image\\\/\"},\"sameAs\":[\"https:\\\/\\\/www.facebook.com\\\/pulso27\\\/\",\"https:\\\/\\\/x.com\\\/Pulso_27\",\"https:\\\/\\\/www.youtube.com\\\/@Pulso27\",\"https:\\\/\\\/www.tiktok.com\\\/@pulso_27\"]},{\"@type\":\"Person\",\"@id\":\"https:\\\/\\\/pulso27.com\\\/en\\\/#\\\/schema\\\/person\\\/d20fd7f5bc7f2e53fd150d43fca07a78\",\"name\":\"Tupaq\",\"image\":{\"@type\":\"ImageObject\",\"inLanguage\":\"en-US\",\"@id\":\"https:\\\/\\\/secure.gravatar.com\\\/avatar\\\/7929e9b034aeea560319a601e4f04c59eb5f45a79eafe192adabb67e9604e7e7?s=96&d=mm&r=g\",\"url\":\"https:\\\/\\\/secure.gravatar.com\\\/avatar\\\/7929e9b034aeea560319a601e4f04c59eb5f45a79eafe192adabb67e9604e7e7?s=96&d=mm&r=g\",\"contentUrl\":\"https:\\\/\\\/secure.gravatar.com\\\/avatar\\\/7929e9b034aeea560319a601e4f04c59eb5f45a79eafe192adabb67e9604e7e7?s=96&d=mm&r=g\",\"caption\":\"Tupaq\"},\"url\":\"https:\\\/\\\/pulso27.com\\\/en\\\/author\\\/tupaq\\\/\"}]}<\/script>\n<!-- \/ Yoast SEO plugin. -->","yoast_head_json":{"title":"Fuerza Popular y aliados del Congreso limitaron la clausura de centros comerciales en riesgo poniendo en peligro a los peruanos - Pulso27","robots":{"index":"index","follow":"follow","max-snippet":"max-snippet:-1","max-image-preview":"max-image-preview:large","max-video-preview":"max-video-preview:-1"},"canonical":"https:\/\/pulso27.com\/en\/nacional\/fuerza-popular-y-aliados-del-congreso-limitaron-la-clausura-de-centros-comerciales-en-riesgo-poniendo-en-peligro-a-los-peruanos\/","og_locale":"en_US","og_type":"article","og_title":"Fuerza Popular y aliados del Congreso limitaron la clausura de centros comerciales en riesgo poniendo en peligro a los peruanos - Pulso27","og_description":"En octubre de 2023, el Congreso peruano aprob\u00f3 la Ley N\u00b0 31914, una normativa que meses despu\u00e9s revelar\u00eda su impacto negativo en la seguridad p\u00fablica. Impulsada por Fuerza Popular y respaldada por una coalici\u00f3n multipartidaria que incluy\u00f3 a Per\u00fa Libre, Renovaci\u00f3n Popular, Alianza para el Progreso y Avanza Pa\u00eds, esta ley restringi\u00f3 severamente la capacidad [&hellip;]","og_url":"https:\/\/pulso27.com\/en\/nacional\/fuerza-popular-y-aliados-del-congreso-limitaron-la-clausura-de-centros-comerciales-en-riesgo-poniendo-en-peligro-a-los-peruanos\/","og_site_name":"Pulso27","article_publisher":"https:\/\/www.facebook.com\/pulso27\/","article_published_time":"2025-02-23T06:10:24+00:00","article_modified_time":"2025-02-23T06:10:28+00:00","og_image":[{"width":1200,"height":900,"url":"https:\/\/pulso27.com\/wp-content\/uploads\/2025\/02\/Congreso.png","type":"image\/png"}],"author":"Tupaq","twitter_card":"summary_large_image","twitter_creator":"@Pulso_27","twitter_site":"@Pulso_27","twitter_misc":{"Written by":"Tupaq","Est. reading time":"4 minutes"},"schema":{"@context":"https:\/\/schema.org","@graph":[{"@type":"NewsArticle","@id":"https:\/\/pulso27.com\/nacional\/fuerza-popular-y-aliados-del-congreso-limitaron-la-clausura-de-centros-comerciales-en-riesgo-poniendo-en-peligro-a-los-peruanos\/#article","isPartOf":{"@id":"https:\/\/pulso27.com\/nacional\/fuerza-popular-y-aliados-del-congreso-limitaron-la-clausura-de-centros-comerciales-en-riesgo-poniendo-en-peligro-a-los-peruanos\/"},"author":{"name":"Tupaq","@id":"https:\/\/pulso27.com\/en\/#\/schema\/person\/d20fd7f5bc7f2e53fd150d43fca07a78"},"headline":"Fuerza Popular y aliados del Congreso limitaron la clausura de centros comerciales en riesgo poniendo en peligro a los peruanos","datePublished":"2025-02-23T06:10:24+00:00","dateModified":"2025-02-23T06:10:28+00:00","mainEntityOfPage":{"@id":"https:\/\/pulso27.com\/nacional\/fuerza-popular-y-aliados-del-congreso-limitaron-la-clausura-de-centros-comerciales-en-riesgo-poniendo-en-peligro-a-los-peruanos\/"},"wordCount":586,"commentCount":0,"publisher":{"@id":"https:\/\/pulso27.com\/en\/#organization"},"image":{"@id":"https:\/\/pulso27.com\/nacional\/fuerza-popular-y-aliados-del-congreso-limitaron-la-clausura-de-centros-comerciales-en-riesgo-poniendo-en-peligro-a-los-peruanos\/#primaryimage"},"thumbnailUrl":"https:\/\/pulso27.com\/wp-content\/uploads\/2025\/02\/Congreso.png","keywords":["CongresoPer\u00fa","RealPlaza","Trujillo"],"articleSection":["Art\u00edculos","Econom\u00eda","Nacional"],"inLanguage":"en-US","potentialAction":[{"@type":"CommentAction","name":"Comment","target":["https:\/\/pulso27.com\/nacional\/fuerza-popular-y-aliados-del-congreso-limitaron-la-clausura-de-centros-comerciales-en-riesgo-poniendo-en-peligro-a-los-peruanos\/#respond"]}]},{"@type":"WebPage","@id":"https:\/\/pulso27.com\/nacional\/fuerza-popular-y-aliados-del-congreso-limitaron-la-clausura-de-centros-comerciales-en-riesgo-poniendo-en-peligro-a-los-peruanos\/","url":"https:\/\/pulso27.com\/nacional\/fuerza-popular-y-aliados-del-congreso-limitaron-la-clausura-de-centros-comerciales-en-riesgo-poniendo-en-peligro-a-los-peruanos\/","name":"Fuerza Popular y aliados del Congreso limitaron la clausura de centros comerciales en riesgo poniendo en peligro a los peruanos - Pulso27","isPartOf":{"@id":"https:\/\/pulso27.com\/en\/#website"},"primaryImageOfPage":{"@id":"https:\/\/pulso27.com\/nacional\/fuerza-popular-y-aliados-del-congreso-limitaron-la-clausura-de-centros-comerciales-en-riesgo-poniendo-en-peligro-a-los-peruanos\/#primaryimage"},"image":{"@id":"https:\/\/pulso27.com\/nacional\/fuerza-popular-y-aliados-del-congreso-limitaron-la-clausura-de-centros-comerciales-en-riesgo-poniendo-en-peligro-a-los-peruanos\/#primaryimage"},"thumbnailUrl":"https:\/\/pulso27.com\/wp-content\/uploads\/2025\/02\/Congreso.png","datePublished":"2025-02-23T06:10:24+00:00","dateModified":"2025-02-23T06:10:28+00:00","breadcrumb":{"@id":"https:\/\/pulso27.com\/nacional\/fuerza-popular-y-aliados-del-congreso-limitaron-la-clausura-de-centros-comerciales-en-riesgo-poniendo-en-peligro-a-los-peruanos\/#breadcrumb"},"inLanguage":"en-US","potentialAction":[{"@type":"ReadAction","target":["https:\/\/pulso27.com\/nacional\/fuerza-popular-y-aliados-del-congreso-limitaron-la-clausura-de-centros-comerciales-en-riesgo-poniendo-en-peligro-a-los-peruanos\/"]}]},{"@type":"ImageObject","inLanguage":"en-US","@id":"https:\/\/pulso27.com\/nacional\/fuerza-popular-y-aliados-del-congreso-limitaron-la-clausura-de-centros-comerciales-en-riesgo-poniendo-en-peligro-a-los-peruanos\/#primaryimage","url":"https:\/\/pulso27.com\/wp-content\/uploads\/2025\/02\/Congreso.png","contentUrl":"https:\/\/pulso27.com\/wp-content\/uploads\/2025\/02\/Congreso.png","width":1200,"height":900},{"@type":"BreadcrumbList","@id":"https:\/\/pulso27.com\/nacional\/fuerza-popular-y-aliados-del-congreso-limitaron-la-clausura-de-centros-comerciales-en-riesgo-poniendo-en-peligro-a-los-peruanos\/#breadcrumb","itemListElement":[{"@type":"ListItem","position":1,"name":"Portada","item":"https:\/\/pulso27.com\/"},{"@type":"ListItem","position":2,"name":"Fuerza Popular y aliados del Congreso limitaron la clausura de centros comerciales en riesgo poniendo en peligro a los peruanos"}]},{"@type":"WebSite","@id":"https:\/\/pulso27.com\/en\/#website","url":"https:\/\/pulso27.com\/en\/","name":"Pulso27","description":"Web de noticias y publicidad","publisher":{"@id":"https:\/\/pulso27.com\/en\/#organization"},"alternateName":"El pulso del pueblo","potentialAction":[{"@type":"SearchAction","target":{"@type":"EntryPoint","urlTemplate":"https:\/\/pulso27.com\/en\/?s={search_term_string}"},"query-input":{"@type":"PropertyValueSpecification","valueRequired":true,"valueName":"search_term_string"}}],"inLanguage":"en-US"},{"@type":"Organization","@id":"https:\/\/pulso27.com\/en\/#organization","name":"Pulso27","url":"https:\/\/pulso27.com\/en\/","logo":{"@type":"ImageObject","inLanguage":"en-US","@id":"https:\/\/pulso27.com\/en\/#\/schema\/logo\/image\/","url":"https:\/\/pulso27.com\/wp-content\/uploads\/2026\/02\/Logotipo-de-la-organizacion-696-x-696-px-ok.png","contentUrl":"https:\/\/pulso27.com\/wp-content\/uploads\/2026\/02\/Logotipo-de-la-organizacion-696-x-696-px-ok.png","width":696,"height":696,"caption":"Pulso27"},"image":{"@id":"https:\/\/pulso27.com\/en\/#\/schema\/logo\/image\/"},"sameAs":["https:\/\/www.facebook.com\/pulso27\/","https:\/\/x.com\/Pulso_27","https:\/\/www.youtube.com\/@Pulso27","https:\/\/www.tiktok.com\/@pulso_27"]},{"@type":"Person","@id":"https:\/\/pulso27.com\/en\/#\/schema\/person\/d20fd7f5bc7f2e53fd150d43fca07a78","name":"Tupaq","image":{"@type":"ImageObject","inLanguage":"en-US","@id":"https:\/\/secure.gravatar.com\/avatar\/7929e9b034aeea560319a601e4f04c59eb5f45a79eafe192adabb67e9604e7e7?s=96&d=mm&r=g","url":"https:\/\/secure.gravatar.com\/avatar\/7929e9b034aeea560319a601e4f04c59eb5f45a79eafe192adabb67e9604e7e7?s=96&d=mm&r=g","contentUrl":"https:\/\/secure.gravatar.com\/avatar\/7929e9b034aeea560319a601e4f04c59eb5f45a79eafe192adabb67e9604e7e7?s=96&d=mm&r=g","caption":"Tupaq"},"url":"https:\/\/pulso27.com\/en\/author\/tupaq\/"}]}},"amp_enabled":true,"_links":{"self":[{"href":"https:\/\/pulso27.com\/en\/wp-json\/wp\/v2\/posts\/4216","targetHints":{"allow":["GET"]}}],"collection":[{"href":"https:\/\/pulso27.com\/en\/wp-json\/wp\/v2\/posts"}],"about":[{"href":"https:\/\/pulso27.com\/en\/wp-json\/wp\/v2\/types\/post"}],"author":[{"embeddable":true,"href":"https:\/\/pulso27.com\/en\/wp-json\/wp\/v2\/users\/7"}],"replies":[{"embeddable":true,"href":"https:\/\/pulso27.com\/en\/wp-json\/wp\/v2\/comments?post=4216"}],"version-history":[{"count":1,"href":"https:\/\/pulso27.com\/en\/wp-json\/wp\/v2\/posts\/4216\/revisions"}],"predecessor-version":[{"id":4221,"href":"https:\/\/pulso27.com\/en\/wp-json\/wp\/v2\/posts\/4216\/revisions\/4221"}],"wp:featuredmedia":[{"embeddable":true,"href":"https:\/\/pulso27.com\/en\/wp-json\/wp\/v2\/media\/4217"}],"wp:attachment":[{"href":"https:\/\/pulso27.com\/en\/wp-json\/wp\/v2\/media?parent=4216"}],"wp:term":[{"taxonomy":"category","embeddable":true,"href":"https:\/\/pulso27.com\/en\/wp-json\/wp\/v2\/categories?post=4216"},{"taxonomy":"post_tag","embeddable":true,"href":"https:\/\/pulso27.com\/en\/wp-json\/wp\/v2\/tags?post=4216"}],"curies":[{"name":"wp","href":"https:\/\/api.w.org\/{rel}","templated":true}]}}